{"id":47590,"date":"2013-03-13T22:12:43","date_gmt":"2013-03-13T21:12:43","guid":{"rendered":"http:\/\/www.bellunopress.it\/?p=47590"},"modified":"2013-03-13T22:12:43","modified_gmt":"2013-03-13T21:12:43","slug":"la-banda-prosegue-la-sua-attivita","status":"publish","type":"post","link":"https:\/\/www.bellunopress.it\/fr\/2013\/03\/13\/la-banda-prosegue-la-sua-attivita\/","title":{"rendered":"La banda prosegue la sua attivit\u00e0"},"content":{"rendered":"<p><a href=\"http:\/\/www.bellunopress.it\/wp-content\/uploads\/2009\/06\/banda-citta-di-bl-150x60.jpg\"><img loading=\"lazy\" decoding=\"async\" class=\"alignleft size-full wp-image-5477\" alt=\"banda-citta-di-bl-150x60\" src=\"http:\/\/www.bellunopress.it\/wp-content\/uploads\/2009\/06\/banda-citta-di-bl-150x60.jpg\" width=\"150\" height=\"61\" \/><\/a>La banda non ha ancora messo la parola fine alla propria attivit\u00e0, a causa di problemi economici, come paventato nei mesi scorsi.<\/p>\n<p>Infatti, grazie all&#8217;interessamento dell&#8217;A.I.C.S. (Associazione Italiana Cultura e Sport), l&#8217;Associazione Bellunese Amici della Banda vede ora concretizzarsi la possibilit\u00e0 di proseguire nella gestione del complesso bandistico cittadino e nell&#8217;attivit\u00e0 della sua scuola di musica. Le note difficolt\u00e0 economiche del momento hanno impedito, come \u00e8 noto, il rinnovo della convenzione con il Comune di Belluno. Il programma di concerti che l&#8217; A.I.C.S. ha commissionato alla Banda permetter\u00e0 di proseguire l&#8217;attivit\u00e0 per alcuni mesi proprio in attesa del rinnovo della predetta convenzione, gi\u00e0 scaduta nel 2012.<\/p>\n<figure id=\"attachment_42090\" aria-describedby=\"caption-attachment-42090\" style=\"width: 179px\" class=\"wp-caption alignleft\"><a href=\"http:\/\/www.bellunopress.it\/wp-content\/uploads\/2012\/09\/claudia-alpago-novello.png\"><img loading=\"lazy\" decoding=\"async\" class=\"size-full wp-image-42090\" alt=\"Claudia Alpago Novello\" src=\"http:\/\/www.bellunopress.it\/wp-content\/uploads\/2012\/09\/claudia-alpago-novello.png\" width=\"179\" height=\"235\" \/><\/a><figcaption id=\"caption-attachment-42090\" class=\"wp-caption-text\">Claudia Alpago Novello<\/figcaption><\/figure>\n<p>L&#8217;Assessore alla Cultura, Claudia Alpago Novello ha gi\u00e0 assicurato il suo interessamento ed impegno per una positiva soluzione del problema. Provvidenziale, ed \u00e8 notizia di questi giorni che il contributo annuale alla banda \u00e8 stato confermato nel bilancio 2013 in via di definizione. In questa fase delicata, a dare ossigeno ci sar\u00e0 anche il contributo del consorzio BIM Piave di Belluno, di cui si attende a breve l&#8217;erogazione.<\/p>\n<p>Il Presidente Alessandro Taffarel si dice soddisfatto per la possibilit\u00e0 di proseguire l&#8217;attivit\u00e0: &#8220;Il cammino per poter garantire alla Banda di Belluno un futuro degno della sua importante storia \u00e8 ancora incerto, ma tuttavia vi sono buone prospettive per un&#8217;ampia collaborazione tra tutti coloro che amano e sostengono la Cultura e questo mi rende sicuramente pi\u00f9 ottimista&#8221;.<\/p>\n<p>Come ottimista \u00e8 anche l&#8217;assessore alla cultura del Comune di Belluno, Claudia Alpago Novello, che dichiara: \u201cAldil\u00e0 delle polemiche trascorse, \u00e8 bene sottolineare che il Comune di Belluno non ha mai inteso far mancare il proprio supporto alla banda, tuttavia era doveroso prendere atto delle difficolt\u00e0 economiche in cui versano le casse pubbliche. Ora, fatte le dovute verifiche, possiamo dire con ragionevole consapevolezza che la cifra gi\u00e0 stanziata per il 2012, sar\u00e0 riconfermata anche per il 2013 e sono lieta che in questa fase di attesa del bilancio e della conseguente nuova convenzione, l&#8217;AICS si sia fatta avanti per sostenere questa istituzione cittadina. Un ulteriore aiuto verr\u00e0 dato anche dal contributo del BIM, per il quale ricordo che il nostro sindaco si \u00e8 molto speso\u201d.<\/p>\n<p>L&#8217;appuntamento con la banda \u00e8 per domenica 17 marzo, in piazza Duomo alle ore 10:45, per il tradizionale concerto in occasione dell&#8217;antica festa della Madonna Addolorata.<\/p>\n<p>&nbsp;<\/p>","protected":false},"excerpt":{"rendered":"<p>La banda non ha ancora messo la parola fine alla propria attivit\u00e0, a causa di problemi economici, come paventato nei mesi scorsi. Infatti, grazie all&#8217;interessamento dell&#8217;A.I.C.S. (Associazione Italiana Cultura e Sport), l&#8217;Associazione Bellunese Amici della Banda vede ora concretizzarsi la possibilit\u00e0 di proseguire nella gestione del complesso bandistico cittadino e nell&#8217;attivit\u00e0 della sua scuola di [&hellip;]<\/p>\n","protected":false},"author":2,"featured_media":0,"comment_status":"closed","ping_status":"open","sticky":false,"template":"","format":"standard","meta":{"footnotes":""},"categories":[3,5,26],"tags":[],"class_list":["post-47590","post","type-post","status-publish","format-standard","category-arte-cultura-spettacoli-scienza-archivi","category-cronaca","category-prima-pagina"],"yoast_head":"<!-- This site is optimized with the Yoast SEO plugin v28.4 - https:\/\/yoast.com\/product\/yoast-seo-wordpress\/ -->\n<title>La banda prosegue la sua attivit\u00e0 - Bellunopress - Dolomiti<\/title>\n<meta name=\"robots\" content=\"index, follow, max-snippet:-1, max-image-preview:large, max-video-preview:-1\" \/>\n<link rel=\"canonical\" href=\"https:\/\/www.bellunopress.it\/fr\/2013\/03\/13\/la-banda-prosegue-la-sua-attivita\/\" \/>\n<meta property=\"og:locale\" content=\"fr_FR\" \/>\n<meta property=\"og:type\" content=\"article\" \/>\n<meta property=\"og:title\" content=\"La banda prosegue la sua attivit\u00e0 - Bellunopress - Dolomiti\" \/>\n<meta property=\"og:description\" content=\"La banda non ha ancora messo la parola fine alla propria attivit\u00e0, a causa di problemi economici, come paventato nei mesi scorsi. Infatti, grazie all&#8217;interessamento dell&#8217;A.I.C.S. (Associazione Italiana Cultura e Sport), l&#8217;Associazione Bellunese Amici della Banda vede ora concretizzarsi la possibilit\u00e0 di proseguire nella gestione del complesso bandistico cittadino e nell&#8217;attivit\u00e0 della sua scuola di [&hellip;]\" \/>\n<meta property=\"og:url\" content=\"https:\/\/www.bellunopress.it\/fr\/2013\/03\/13\/la-banda-prosegue-la-sua-attivita\/\" \/>\n<meta property=\"og:site_name\" content=\"Bellunopress - Dolomiti\" \/>\n<meta property=\"article:publisher\" content=\"https:\/\/www.facebook.com\/profile.php?id=100008943462799\" \/>\n<meta property=\"article:published_time\" content=\"2013-03-13T21:12:43+00:00\" \/>\n<meta property=\"og:image\" content=\"http:\/\/www.bellunopress.it\/wp-content\/uploads\/2009\/06\/banda-citta-di-bl-150x60.jpg\" \/>\n<meta name=\"author\" content=\"redazione\" \/>\n<meta name=\"twitter:card\" content=\"summary_large_image\" \/>\n<meta name=\"twitter:creator\" content=\"@bellunopress\" \/>\n<meta name=\"twitter:site\" content=\"@bellunopress\" \/>\n<meta name=\"twitter:label1\" content=\"Written by\" \/>\n\t<meta name=\"twitter:data1\" content=\"redazione\" \/>\n\t<meta name=\"twitter:label2\" content=\"Est. reading time\" \/>\n\t<meta name=\"twitter:data2\" content=\"2 minutes\" \/>\n<script type=\"application\/ld+json\" class=\"yoast-schema-graph\">{\"@context\":\"https:\\\/\\\/schema.org\",\"@graph\":[{\"@type\":\"Article\",\"@id\":\"https:\\\/\\\/www.bellunopress.it\\\/2013\\\/03\\\/13\\\/la-banda-prosegue-la-sua-attivita\\\/#article\",\"isPartOf\":{\"@id\":\"https:\\\/\\\/www.bellunopress.it\\\/2013\\\/03\\\/13\\\/la-banda-prosegue-la-sua-attivita\\\/\"},\"author\":{\"name\":\"redazione\",\"@id\":\"https:\\\/\\\/www.bellunopress.it\\\/#\\\/schema\\\/person\\\/79bb06722b37ece1c03d3e94beb30d73\"},\"headline\":\"La banda prosegue la sua attivit\u00e0\",\"datePublished\":\"2013-03-13T21:12:43+00:00\",\"mainEntityOfPage\":{\"@id\":\"https:\\\/\\\/www.bellunopress.it\\\/2013\\\/03\\\/13\\\/la-banda-prosegue-la-sua-attivita\\\/\"},\"wordCount\":404,\"publisher\":{\"@id\":\"https:\\\/\\\/www.bellunopress.it\\\/#organization\"},\"image\":{\"@id\":\"https:\\\/\\\/www.bellunopress.it\\\/2013\\\/03\\\/13\\\/la-banda-prosegue-la-sua-attivita\\\/#primaryimage\"},\"thumbnailUrl\":\"http:\\\/\\\/www.bellunopress.it\\\/wp-content\\\/uploads\\\/2009\\\/06\\\/banda-citta-di-bl-150x60.jpg\",\"articleSection\":[\"Arte, Cultura, Spettacoli, Scienza\",\"Cronaca\\\/Politica\",\"Prima Pagina\"],\"inLanguage\":\"fr-FR\"},{\"@type\":\"WebPage\",\"@id\":\"https:\\\/\\\/www.bellunopress.it\\\/2013\\\/03\\\/13\\\/la-banda-prosegue-la-sua-attivita\\\/\",\"url\":\"https:\\\/\\\/www.bellunopress.it\\\/2013\\\/03\\\/13\\\/la-banda-prosegue-la-sua-attivita\\\/\",\"name\":\"La banda prosegue la sua attivit\u00e0 - Bellunopress - Dolomiti\",\"isPartOf\":{\"@id\":\"https:\\\/\\\/www.bellunopress.it\\\/#website\"},\"primaryImageOfPage\":{\"@id\":\"https:\\\/\\\/www.bellunopress.it\\\/2013\\\/03\\\/13\\\/la-banda-prosegue-la-sua-attivita\\\/#primaryimage\"},\"image\":{\"@id\":\"https:\\\/\\\/www.bellunopress.it\\\/2013\\\/03\\\/13\\\/la-banda-prosegue-la-sua-attivita\\\/#primaryimage\"},\"thumbnailUrl\":\"http:\\\/\\\/www.bellunopress.it\\\/wp-content\\\/uploads\\\/2009\\\/06\\\/banda-citta-di-bl-150x60.jpg\",\"datePublished\":\"2013-03-13T21:12:43+00:00\",\"breadcrumb\":{\"@id\":\"https:\\\/\\\/www.bellunopress.it\\\/2013\\\/03\\\/13\\\/la-banda-prosegue-la-sua-attivita\\\/#breadcrumb\"},\"inLanguage\":\"fr-FR\",\"potentialAction\":[{\"@type\":\"ReadAction\",\"target\":[\"https:\\\/\\\/www.bellunopress.it\\\/2013\\\/03\\\/13\\\/la-banda-prosegue-la-sua-attivita\\\/\"]}]},{\"@type\":\"ImageObject\",\"inLanguage\":\"fr-FR\",\"@id\":\"https:\\\/\\\/www.bellunopress.it\\\/2013\\\/03\\\/13\\\/la-banda-prosegue-la-sua-attivita\\\/#primaryimage\",\"url\":\"http:\\\/\\\/www.bellunopress.it\\\/wp-content\\\/uploads\\\/2009\\\/06\\\/banda-citta-di-bl-150x60.jpg\",\"contentUrl\":\"http:\\\/\\\/www.bellunopress.it\\\/wp-content\\\/uploads\\\/2009\\\/06\\\/banda-citta-di-bl-150x60.jpg\"},{\"@type\":\"BreadcrumbList\",\"@id\":\"https:\\\/\\\/www.bellunopress.it\\\/2013\\\/03\\\/13\\\/la-banda-prosegue-la-sua-attivita\\\/#breadcrumb\",\"itemListElement\":[{\"@type\":\"ListItem\",\"position\":1,\"name\":\"Home\",\"item\":\"https:\\\/\\\/www.bellunopress.it\\\/\"},{\"@type\":\"ListItem\",\"position\":2,\"name\":\"La banda prosegue la sua attivit\u00e0\"}]},{\"@type\":\"WebSite\",\"@id\":\"https:\\\/\\\/www.bellunopress.it\\\/#website\",\"url\":\"https:\\\/\\\/www.bellunopress.it\\\/\",\"name\":\"Bellunopress - Dolomiti\",\"description\":\"e-mail: redazione@bellunopress.it\",\"publisher\":{\"@id\":\"https:\\\/\\\/www.bellunopress.it\\\/#organization\"},\"potentialAction\":[{\"@type\":\"SearchAction\",\"target\":{\"@type\":\"EntryPoint\",\"urlTemplate\":\"https:\\\/\\\/www.bellunopress.it\\\/?s={search_term_string}\"},\"query-input\":{\"@type\":\"PropertyValueSpecification\",\"valueRequired\":true,\"valueName\":\"search_term_string\"}}],\"inLanguage\":\"fr-FR\"},{\"@type\":\"Organization\",\"@id\":\"https:\\\/\\\/www.bellunopress.it\\\/#organization\",\"name\":\"Bellunopress\",\"url\":\"https:\\\/\\\/www.bellunopress.it\\\/\",\"logo\":{\"@type\":\"ImageObject\",\"inLanguage\":\"fr-FR\",\"@id\":\"https:\\\/\\\/www.bellunopress.it\\\/#\\\/schema\\\/logo\\\/image\\\/\",\"url\":\"https:\\\/\\\/www.bellunopress.it\\\/wp-content\\\/uploads\\\/2011\\\/05\\\/cropped-logo-bellunopress-.jpg\",\"contentUrl\":\"https:\\\/\\\/www.bellunopress.it\\\/wp-content\\\/uploads\\\/2011\\\/05\\\/cropped-logo-bellunopress-.jpg\",\"width\":512,\"height\":512,\"caption\":\"Bellunopress\"},\"image\":{\"@id\":\"https:\\\/\\\/www.bellunopress.it\\\/#\\\/schema\\\/logo\\\/image\\\/\"},\"sameAs\":[\"https:\\\/\\\/www.facebook.com\\\/profile.php?id=100008943462799\",\"https:\\\/\\\/x.com\\\/bellunopress\",\"https:\\\/\\\/www.linkedin.com\\\/hp\\\/?dnr=JBzUWaJfMUw8vbXJJ2tVW5-I3jZKvC4wsoxE&amp;amp;amp;amp;amp;amp;trk=nav_responsive_tab_home\",\"https:\\\/\\\/www.youtube.com\\\/channel\\\/UCxL0wu1uN0_3_7hGG0306cw\"]},{\"@type\":\"Person\",\"@id\":\"https:\\\/\\\/www.bellunopress.it\\\/#\\\/schema\\\/person\\\/79bb06722b37ece1c03d3e94beb30d73\",\"name\":\"redazione\",\"image\":{\"@type\":\"ImageObject\",\"inLanguage\":\"fr-FR\",\"@id\":\"https:\\\/\\\/secure.gravatar.com\\\/avatar\\\/37d968a2e67a6fd04c169c4bdef102d0bc5d31b2546345219e348575eb80e9a0?s=96&d=mm&r=g\",\"url\":\"https:\\\/\\\/secure.gravatar.com\\\/avatar\\\/37d968a2e67a6fd04c169c4bdef102d0bc5d31b2546345219e348575eb80e9a0?s=96&d=mm&r=g\",\"contentUrl\":\"https:\\\/\\\/secure.gravatar.com\\\/avatar\\\/37d968a2e67a6fd04c169c4bdef102d0bc5d31b2546345219e348575eb80e9a0?s=96&d=mm&r=g\",\"caption\":\"redazione\"},\"sameAs\":[\"http:\\\/\\\/www.bellunopress.it\",\"https:\\\/\\\/x.com\\\/bellunopress\"],\"url\":\"https:\\\/\\\/www.bellunopress.it\\\/fr\\\/author\\\/redazione\\\/\"}]}<\/script>\n<!-- \/ Yoast SEO plugin. -->","yoast_head_json":{"title":"La banda prosegue la sua attivit\u00e0 - Bellunopress - Dolomiti","robots":{"index":"index","follow":"follow","max-snippet":"max-snippet:-1","max-image-preview":"max-image-preview:large","max-video-preview":"max-video-preview:-1"},"canonical":"https:\/\/www.bellunopress.it\/fr\/2013\/03\/13\/la-banda-prosegue-la-sua-attivita\/","og_locale":"fr_FR","og_type":"article","og_title":"La banda prosegue la sua attivit\u00e0 - Bellunopress - Dolomiti","og_description":"La banda non ha ancora messo la parola fine alla propria attivit\u00e0, a causa di problemi economici, come paventato nei mesi scorsi. Infatti, grazie all&#8217;interessamento dell&#8217;A.I.C.S. (Associazione Italiana Cultura e Sport), l&#8217;Associazione Bellunese Amici della Banda vede ora concretizzarsi la possibilit\u00e0 di proseguire nella gestione del complesso bandistico cittadino e nell&#8217;attivit\u00e0 della sua scuola di [&hellip;]","og_url":"https:\/\/www.bellunopress.it\/fr\/2013\/03\/13\/la-banda-prosegue-la-sua-attivita\/","og_site_name":"Bellunopress - Dolomiti","article_publisher":"https:\/\/www.facebook.com\/profile.php?id=100008943462799","article_published_time":"2013-03-13T21:12:43+00:00","og_image":[{"url":"http:\/\/www.bellunopress.it\/wp-content\/uploads\/2009\/06\/banda-citta-di-bl-150x60.jpg","type":"","width":"","height":""}],"author":"redazione","twitter_card":"summary_large_image","twitter_creator":"@bellunopress","twitter_site":"@bellunopress","twitter_misc":{"Written by":"redazione","Est. reading time":"2 minutes"},"schema":{"@context":"https:\/\/schema.org","@graph":[{"@type":"Article","@id":"https:\/\/www.bellunopress.it\/2013\/03\/13\/la-banda-prosegue-la-sua-attivita\/#article","isPartOf":{"@id":"https:\/\/www.bellunopress.it\/2013\/03\/13\/la-banda-prosegue-la-sua-attivita\/"},"author":{"name":"redazione","@id":"https:\/\/www.bellunopress.it\/#\/schema\/person\/79bb06722b37ece1c03d3e94beb30d73"},"headline":"La banda prosegue la sua attivit\u00e0","datePublished":"2013-03-13T21:12:43+00:00","mainEntityOfPage":{"@id":"https:\/\/www.bellunopress.it\/2013\/03\/13\/la-banda-prosegue-la-sua-attivita\/"},"wordCount":404,"publisher":{"@id":"https:\/\/www.bellunopress.it\/#organization"},"image":{"@id":"https:\/\/www.bellunopress.it\/2013\/03\/13\/la-banda-prosegue-la-sua-attivita\/#primaryimage"},"thumbnailUrl":"http:\/\/www.bellunopress.it\/wp-content\/uploads\/2009\/06\/banda-citta-di-bl-150x60.jpg","articleSection":["Arte, Cultura, Spettacoli, Scienza","Cronaca\/Politica","Prima Pagina"],"inLanguage":"fr-FR"},{"@type":"WebPage","@id":"https:\/\/www.bellunopress.it\/2013\/03\/13\/la-banda-prosegue-la-sua-attivita\/","url":"https:\/\/www.bellunopress.it\/2013\/03\/13\/la-banda-prosegue-la-sua-attivita\/","name":"La banda prosegue la sua attivit\u00e0 - Bellunopress - Dolomiti","isPartOf":{"@id":"https:\/\/www.bellunopress.it\/#website"},"primaryImageOfPage":{"@id":"https:\/\/www.bellunopress.it\/2013\/03\/13\/la-banda-prosegue-la-sua-attivita\/#primaryimage"},"image":{"@id":"https:\/\/www.bellunopress.it\/2013\/03\/13\/la-banda-prosegue-la-sua-attivita\/#primaryimage"},"thumbnailUrl":"http:\/\/www.bellunopress.it\/wp-content\/uploads\/2009\/06\/banda-citta-di-bl-150x60.jpg","datePublished":"2013-03-13T21:12:43+00:00","breadcrumb":{"@id":"https:\/\/www.bellunopress.it\/2013\/03\/13\/la-banda-prosegue-la-sua-attivita\/#breadcrumb"},"inLanguage":"fr-FR","potentialAction":[{"@type":"ReadAction","target":["https:\/\/www.bellunopress.it\/2013\/03\/13\/la-banda-prosegue-la-sua-attivita\/"]}]},{"@type":"ImageObject","inLanguage":"fr-FR","@id":"https:\/\/www.bellunopress.it\/2013\/03\/13\/la-banda-prosegue-la-sua-attivita\/#primaryimage","url":"http:\/\/www.bellunopress.it\/wp-content\/uploads\/2009\/06\/banda-citta-di-bl-150x60.jpg","contentUrl":"http:\/\/www.bellunopress.it\/wp-content\/uploads\/2009\/06\/banda-citta-di-bl-150x60.jpg"},{"@type":"BreadcrumbList","@id":"https:\/\/www.bellunopress.it\/2013\/03\/13\/la-banda-prosegue-la-sua-attivita\/#breadcrumb","itemListElement":[{"@type":"ListItem","position":1,"name":"Home","item":"https:\/\/www.bellunopress.it\/"},{"@type":"ListItem","position":2,"name":"La banda prosegue la sua attivit\u00e0"}]},{"@type":"WebSite","@id":"https:\/\/www.bellunopress.it\/#website","url":"https:\/\/www.bellunopress.it\/","name":"Bellunopress - Dolomiti","description":"e-mail: redazione@bellunopress.it","publisher":{"@id":"https:\/\/www.bellunopress.it\/#organization"},"potentialAction":[{"@type":"SearchAction","target":{"@type":"EntryPoint","urlTemplate":"https:\/\/www.bellunopress.it\/?s={search_term_string}"},"query-input":{"@type":"PropertyValueSpecification","valueRequired":true,"valueName":"search_term_string"}}],"inLanguage":"fr-FR"},{"@type":"Organization","@id":"https:\/\/www.bellunopress.it\/#organization","name":"Bellunopress","url":"https:\/\/www.bellunopress.it\/","logo":{"@type":"ImageObject","inLanguage":"fr-FR","@id":"https:\/\/www.bellunopress.it\/#\/schema\/logo\/image\/","url":"https:\/\/www.bellunopress.it\/wp-content\/uploads\/2011\/05\/cropped-logo-bellunopress-.jpg","contentUrl":"https:\/\/www.bellunopress.it\/wp-content\/uploads\/2011\/05\/cropped-logo-bellunopress-.jpg","width":512,"height":512,"caption":"Bellunopress"},"image":{"@id":"https:\/\/www.bellunopress.it\/#\/schema\/logo\/image\/"},"sameAs":["https:\/\/www.facebook.com\/profile.php?id=100008943462799","https:\/\/x.com\/bellunopress","https:\/\/www.linkedin.com\/hp\/?dnr=JBzUWaJfMUw8vbXJJ2tVW5-I3jZKvC4wsoxE&amp;amp;amp;amp;amp;amp;trk=nav_responsive_tab_home","https:\/\/www.youtube.com\/channel\/UCxL0wu1uN0_3_7hGG0306cw"]},{"@type":"Person","@id":"https:\/\/www.bellunopress.it\/#\/schema\/person\/79bb06722b37ece1c03d3e94beb30d73","name":"r\u00e9daction","image":{"@type":"ImageObject","inLanguage":"fr-FR","@id":"https:\/\/secure.gravatar.com\/avatar\/37d968a2e67a6fd04c169c4bdef102d0bc5d31b2546345219e348575eb80e9a0?s=96&d=mm&r=g","url":"https:\/\/secure.gravatar.com\/avatar\/37d968a2e67a6fd04c169c4bdef102d0bc5d31b2546345219e348575eb80e9a0?s=96&d=mm&r=g","contentUrl":"https:\/\/secure.gravatar.com\/avatar\/37d968a2e67a6fd04c169c4bdef102d0bc5d31b2546345219e348575eb80e9a0?s=96&d=mm&r=g","caption":"redazione"},"sameAs":["http:\/\/www.bellunopress.it","https:\/\/x.com\/bellunopress"],"url":"https:\/\/www.bellunopress.it\/fr\/author\/redazione\/"}]}},"_links":{"self":[{"href":"https:\/\/www.bellunopress.it\/fr\/wp-json\/wp\/v2\/posts\/47590","targetHints":{"allow":["GET"]}}],"collection":[{"href":"https:\/\/www.bellunopress.it\/fr\/wp-json\/wp\/v2\/posts"}],"about":[{"href":"https:\/\/www.bellunopress.it\/fr\/wp-json\/wp\/v2\/types\/post"}],"author":[{"embeddable":true,"href":"https:\/\/www.bellunopress.it\/fr\/wp-json\/wp\/v2\/users\/2"}],"replies":[{"embeddable":true,"href":"https:\/\/www.bellunopress.it\/fr\/wp-json\/wp\/v2\/comments?post=47590"}],"version-history":[{"count":1,"href":"https:\/\/www.bellunopress.it\/fr\/wp-json\/wp\/v2\/posts\/47590\/revisions"}],"predecessor-version":[{"id":47591,"href":"https:\/\/www.bellunopress.it\/fr\/wp-json\/wp\/v2\/posts\/47590\/revisions\/47591"}],"wp:attachment":[{"href":"https:\/\/www.bellunopress.it\/fr\/wp-json\/wp\/v2\/media?parent=47590"}],"wp:term":[{"taxonomy":"category","embeddable":true,"href":"https:\/\/www.bellunopress.it\/fr\/wp-json\/wp\/v2\/categories?post=47590"},{"taxonomy":"post_tag","embeddable":true,"href":"https:\/\/www.bellunopress.it\/fr\/wp-json\/wp\/v2\/tags?post=47590"}],"curies":[{"name":"wp","href":"https:\/\/api.w.org\/{rel}","templated":true}]}}