{"id":47588,"date":"2013-03-13T22:05:08","date_gmt":"2013-03-13T21:05:08","guid":{"rendered":"http:\/\/www.bellunopress.it\/?p=47588"},"modified":"2013-03-13T22:05:08","modified_gmt":"2013-03-13T21:05:08","slug":"qualche-passo-verso-la-felicita-con-la-proiezione-di-ausmerzen-di-marco-paolini-sabato-16-marzo-alle-17-30-con-il-fratello-del-noto-attore-mario-paolini","status":"publish","type":"post","link":"https:\/\/www.bellunopress.it\/fr\/2013\/03\/13\/qualche-passo-verso-la-felicita-con-la-proiezione-di-ausmerzen-di-marco-paolini-sabato-16-marzo-alle-17-30-con-il-fratello-del-noto-attore-mario-paolini\/","title":{"rendered":"\u201cQualche passo verso la felicit\u00e0\u201d, con la proiezione di \u201cAusmerzen\u201d, di Marco Paolini. Sabato 16 marzo, alle 17.30, con il fratello del noto attore, Mario Paolini"},"content":{"rendered":"<p>Sabato 16 marzo alle ore 17.30 presso la Sala Eliseo Dal Pont \u201cBianchi\u201d di Belluno, si svolger\u00e0 la seconda puntata dell&#8217;iniziativa \u201cQualche passo verso la felicit\u00e0\u201d organizzata da AITSaM (Associazione italiana per la tutela della salute mentale) e Biblioteca civica di Belluno, con il patrocinio di ULSS n. 1 e Comune di Belluno, Assessorati alla Cultura e ai Servizi Sociali.<\/p>\n<p>Sar\u00e0 proiettato il dvd \u201cAusmerzen\u201d tratto dall\u2019omonimo spettacolo teatrale di Marco Paolini, dedicato al programma di sterminio nazista dei pazienti psichiatrici denominato \u201cAktion T4\u201d degli anni \u201930-\u201940 del Novecento, che l\u2019immane atrocit\u00e0 della Shoa ha un po\u2019 messo in ombra.<\/p>\n<p>A presentarlo ci sar\u00e0 Mario Paolini, fratello del noto attore.<\/p>\n<p>Mario Paolini \u00e8 nato nel 1958 e da 25 anni si occupa di persone con disabilit\u00e0 intellettive. \u00c8 musicoterapeuta, pedagogista, formatore e docente di Didattica per la formazione degli insegnanti di sostegno; per molti anni, inoltre, \u00e8 stato responsabile di un centro diurno. Attualmente \u00e8 coordinatore del Centro Studi di Musicoterapia e Linguaggi non Verbali, Centro Inter-ateneo di C\u00e0 Foscari (Venezia) e si occupa di ricerche nel settore della relazione interpersonale mediante le comunicazioni non verbali.<\/p>\n<p>L\u2019iniziativa \u00e8 rivolta alla partecipazione libera di tutti i cittadini: l\u2019intendimento \u00e8 quello di far conoscere a tutti, non solo sotto il profilo della patologia, ma anche sotto quello sociale e culturale, l\u2019importanza della tutela della salute mentale, un problema che tocca indistintamente tutti e non solo chi ne \u00e8 affetto o i familiari dei pazienti.<\/p>\n<p>L\u2019iniziativa fa anche parte della partecipazione della Biblioteca Civica di Belluno alla Giornata della Memoria.<\/p>\n<p>Per ogni ulteriore informazione contattare: telefono cellulare 3287313612 o telefono fisso 0437 948093 o scrivere a biblioteca@comune.belluno.it<\/p>\n<p>&nbsp;<\/p>","protected":false},"excerpt":{"rendered":"<p>Sabato 16 marzo alle ore 17.30 presso la Sala Eliseo Dal Pont \u201cBianchi\u201d di Belluno, si svolger\u00e0 la seconda puntata dell&#8217;iniziativa \u201cQualche passo verso la felicit\u00e0\u201d organizzata da AITSaM (Associazione italiana per la tutela della salute mentale) e Biblioteca civica di Belluno, con il patrocinio di ULSS n. 1 e Comune di Belluno, Assessorati alla [&hellip;]<\/p>\n","protected":false},"author":2,"featured_media":0,"comment_status":"closed","ping_status":"open","sticky":false,"template":"","format":"standard","meta":{"footnotes":""},"categories":[27,3,25],"tags":[],"class_list":["post-47588","post","type-post","status-publish","format-standard","category-appuntamenti","category-arte-cultura-spettacoli-scienza-archivi","category-pausa-caffe"],"yoast_head":"<!-- This site is optimized with the Yoast SEO plugin v28.4 - https:\/\/yoast.com\/product\/yoast-seo-wordpress\/ -->\n<title>\u201cQualche passo verso la felicit\u00e0\u201d, con la proiezione di \u201cAusmerzen\u201d, di Marco Paolini. Sabato 16 marzo, alle 17.30, con il fratello del noto attore, Mario Paolini - Bellunopress - Dolomiti<\/title>\n<meta name=\"robots\" content=\"index, follow, max-snippet:-1, max-image-preview:large, max-video-preview:-1\" \/>\n<link rel=\"canonical\" href=\"https:\/\/www.bellunopress.it\/fr\/2013\/03\/13\/qualche-passo-verso-la-felicita-con-la-proiezione-di-ausmerzen-di-marco-paolini-sabato-16-marzo-alle-17-30-con-il-fratello-del-noto-attore-mario-paolini\/\" \/>\n<meta property=\"og:locale\" content=\"fr_FR\" \/>\n<meta property=\"og:type\" content=\"article\" \/>\n<meta property=\"og:title\" content=\"\u201cQualche passo verso la felicit\u00e0\u201d, con la proiezione di \u201cAusmerzen\u201d, di Marco Paolini. Sabato 16 marzo, alle 17.30, con il fratello del noto attore, Mario Paolini - Bellunopress - Dolomiti\" \/>\n<meta property=\"og:description\" content=\"Sabato 16 marzo alle ore 17.30 presso la Sala Eliseo Dal Pont \u201cBianchi\u201d di Belluno, si svolger\u00e0 la seconda puntata dell&#8217;iniziativa \u201cQualche passo verso la felicit\u00e0\u201d organizzata da AITSaM (Associazione italiana per la tutela della salute mentale) e Biblioteca civica di Belluno, con il patrocinio di ULSS n. 1 e Comune di Belluno, Assessorati alla [&hellip;]\" \/>\n<meta property=\"og:url\" content=\"https:\/\/www.bellunopress.it\/fr\/2013\/03\/13\/qualche-passo-verso-la-felicita-con-la-proiezione-di-ausmerzen-di-marco-paolini-sabato-16-marzo-alle-17-30-con-il-fratello-del-noto-attore-mario-paolini\/\" \/>\n<meta property=\"og:site_name\" content=\"Bellunopress - Dolomiti\" \/>\n<meta property=\"article:publisher\" content=\"https:\/\/www.facebook.com\/profile.php?id=100008943462799\" \/>\n<meta property=\"article:published_time\" content=\"2013-03-13T21:05:08+00:00\" \/>\n<meta property=\"og:image\" content=\"http:\/\/www.bellunopress.it\/wp-content\/uploads\/2012\/07\/logo-bellunopress-250x250-2012.jpg\" \/>\n<meta name=\"author\" content=\"redazione\" \/>\n<meta name=\"twitter:card\" content=\"summary_large_image\" \/>\n<meta name=\"twitter:creator\" content=\"@bellunopress\" \/>\n<meta name=\"twitter:site\" content=\"@bellunopress\" \/>\n<meta name=\"twitter:label1\" content=\"Written by\" \/>\n\t<meta name=\"twitter:data1\" content=\"redazione\" \/>\n\t<meta name=\"twitter:label2\" content=\"Est. reading time\" \/>\n\t<meta name=\"twitter:data2\" content=\"1 minute\" \/>\n<script type=\"application\/ld+json\" class=\"yoast-schema-graph\">{\"@context\":\"https:\\\/\\\/schema.org\",\"@graph\":[{\"@type\":\"Article\",\"@id\":\"https:\\\/\\\/www.bellunopress.it\\\/2013\\\/03\\\/13\\\/qualche-passo-verso-la-felicita-con-la-proiezione-di-ausmerzen-di-marco-paolini-sabato-16-marzo-alle-17-30-con-il-fratello-del-noto-attore-mario-paolini\\\/#article\",\"isPartOf\":{\"@id\":\"https:\\\/\\\/www.bellunopress.it\\\/2013\\\/03\\\/13\\\/qualche-passo-verso-la-felicita-con-la-proiezione-di-ausmerzen-di-marco-paolini-sabato-16-marzo-alle-17-30-con-il-fratello-del-noto-attore-mario-paolini\\\/\"},\"author\":{\"name\":\"redazione\",\"@id\":\"https:\\\/\\\/www.bellunopress.it\\\/#\\\/schema\\\/person\\\/79bb06722b37ece1c03d3e94beb30d73\"},\"headline\":\"\u201cQualche passo verso la felicit\u00e0\u201d, con la proiezione di \u201cAusmerzen\u201d, di Marco Paolini. Sabato 16 marzo, alle 17.30, con il fratello del noto attore, Mario Paolini\",\"datePublished\":\"2013-03-13T21:05:08+00:00\",\"mainEntityOfPage\":{\"@id\":\"https:\\\/\\\/www.bellunopress.it\\\/2013\\\/03\\\/13\\\/qualche-passo-verso-la-felicita-con-la-proiezione-di-ausmerzen-di-marco-paolini-sabato-16-marzo-alle-17-30-con-il-fratello-del-noto-attore-mario-paolini\\\/\"},\"wordCount\":294,\"publisher\":{\"@id\":\"https:\\\/\\\/www.bellunopress.it\\\/#organization\"},\"articleSection\":[\"Appuntamenti, Eventi\",\"Arte, Cultura, Spettacoli, Scienza\",\"Pausa Caff\u00e8\"],\"inLanguage\":\"fr-FR\"},{\"@type\":\"WebPage\",\"@id\":\"https:\\\/\\\/www.bellunopress.it\\\/2013\\\/03\\\/13\\\/qualche-passo-verso-la-felicita-con-la-proiezione-di-ausmerzen-di-marco-paolini-sabato-16-marzo-alle-17-30-con-il-fratello-del-noto-attore-mario-paolini\\\/\",\"url\":\"https:\\\/\\\/www.bellunopress.it\\\/2013\\\/03\\\/13\\\/qualche-passo-verso-la-felicita-con-la-proiezione-di-ausmerzen-di-marco-paolini-sabato-16-marzo-alle-17-30-con-il-fratello-del-noto-attore-mario-paolini\\\/\",\"name\":\"\u201cQualche passo verso la felicit\u00e0\u201d, con la proiezione di \u201cAusmerzen\u201d, di Marco Paolini. Sabato 16 marzo, alle 17.30, con il fratello del noto attore, Mario Paolini - Bellunopress - Dolomiti\",\"isPartOf\":{\"@id\":\"https:\\\/\\\/www.bellunopress.it\\\/#website\"},\"datePublished\":\"2013-03-13T21:05:08+00:00\",\"breadcrumb\":{\"@id\":\"https:\\\/\\\/www.bellunopress.it\\\/2013\\\/03\\\/13\\\/qualche-passo-verso-la-felicita-con-la-proiezione-di-ausmerzen-di-marco-paolini-sabato-16-marzo-alle-17-30-con-il-fratello-del-noto-attore-mario-paolini\\\/#breadcrumb\"},\"inLanguage\":\"fr-FR\",\"potentialAction\":[{\"@type\":\"ReadAction\",\"target\":[\"https:\\\/\\\/www.bellunopress.it\\\/2013\\\/03\\\/13\\\/qualche-passo-verso-la-felicita-con-la-proiezione-di-ausmerzen-di-marco-paolini-sabato-16-marzo-alle-17-30-con-il-fratello-del-noto-attore-mario-paolini\\\/\"]}]},{\"@type\":\"BreadcrumbList\",\"@id\":\"https:\\\/\\\/www.bellunopress.it\\\/2013\\\/03\\\/13\\\/qualche-passo-verso-la-felicita-con-la-proiezione-di-ausmerzen-di-marco-paolini-sabato-16-marzo-alle-17-30-con-il-fratello-del-noto-attore-mario-paolini\\\/#breadcrumb\",\"itemListElement\":[{\"@type\":\"ListItem\",\"position\":1,\"name\":\"Home\",\"item\":\"https:\\\/\\\/www.bellunopress.it\\\/\"},{\"@type\":\"ListItem\",\"position\":2,\"name\":\"\u201cQualche passo verso la felicit\u00e0\u201d, con la proiezione di \u201cAusmerzen\u201d, di Marco Paolini. Sabato 16 marzo, alle 17.30, con il fratello del noto attore, Mario Paolini\"}]},{\"@type\":\"WebSite\",\"@id\":\"https:\\\/\\\/www.bellunopress.it\\\/#website\",\"url\":\"https:\\\/\\\/www.bellunopress.it\\\/\",\"name\":\"Bellunopress - Dolomiti\",\"description\":\"e-mail: redazione@bellunopress.it\",\"publisher\":{\"@id\":\"https:\\\/\\\/www.bellunopress.it\\\/#organization\"},\"potentialAction\":[{\"@type\":\"SearchAction\",\"target\":{\"@type\":\"EntryPoint\",\"urlTemplate\":\"https:\\\/\\\/www.bellunopress.it\\\/?s={search_term_string}\"},\"query-input\":{\"@type\":\"PropertyValueSpecification\",\"valueRequired\":true,\"valueName\":\"search_term_string\"}}],\"inLanguage\":\"fr-FR\"},{\"@type\":\"Organization\",\"@id\":\"https:\\\/\\\/www.bellunopress.it\\\/#organization\",\"name\":\"Bellunopress\",\"url\":\"https:\\\/\\\/www.bellunopress.it\\\/\",\"logo\":{\"@type\":\"ImageObject\",\"inLanguage\":\"fr-FR\",\"@id\":\"https:\\\/\\\/www.bellunopress.it\\\/#\\\/schema\\\/logo\\\/image\\\/\",\"url\":\"https:\\\/\\\/www.bellunopress.it\\\/wp-content\\\/uploads\\\/2011\\\/05\\\/cropped-logo-bellunopress-.jpg\",\"contentUrl\":\"https:\\\/\\\/www.bellunopress.it\\\/wp-content\\\/uploads\\\/2011\\\/05\\\/cropped-logo-bellunopress-.jpg\",\"width\":512,\"height\":512,\"caption\":\"Bellunopress\"},\"image\":{\"@id\":\"https:\\\/\\\/www.bellunopress.it\\\/#\\\/schema\\\/logo\\\/image\\\/\"},\"sameAs\":[\"https:\\\/\\\/www.facebook.com\\\/profile.php?id=100008943462799\",\"https:\\\/\\\/x.com\\\/bellunopress\",\"https:\\\/\\\/www.linkedin.com\\\/hp\\\/?dnr=JBzUWaJfMUw8vbXJJ2tVW5-I3jZKvC4wsoxE&amp;amp;amp;amp;amp;amp;trk=nav_responsive_tab_home\",\"https:\\\/\\\/www.youtube.com\\\/channel\\\/UCxL0wu1uN0_3_7hGG0306cw\"]},{\"@type\":\"Person\",\"@id\":\"https:\\\/\\\/www.bellunopress.it\\\/#\\\/schema\\\/person\\\/79bb06722b37ece1c03d3e94beb30d73\",\"name\":\"redazione\",\"image\":{\"@type\":\"ImageObject\",\"inLanguage\":\"fr-FR\",\"@id\":\"https:\\\/\\\/secure.gravatar.com\\\/avatar\\\/37d968a2e67a6fd04c169c4bdef102d0bc5d31b2546345219e348575eb80e9a0?s=96&d=mm&r=g\",\"url\":\"https:\\\/\\\/secure.gravatar.com\\\/avatar\\\/37d968a2e67a6fd04c169c4bdef102d0bc5d31b2546345219e348575eb80e9a0?s=96&d=mm&r=g\",\"contentUrl\":\"https:\\\/\\\/secure.gravatar.com\\\/avatar\\\/37d968a2e67a6fd04c169c4bdef102d0bc5d31b2546345219e348575eb80e9a0?s=96&d=mm&r=g\",\"caption\":\"redazione\"},\"sameAs\":[\"http:\\\/\\\/www.bellunopress.it\",\"https:\\\/\\\/x.com\\\/bellunopress\"],\"url\":\"https:\\\/\\\/www.bellunopress.it\\\/fr\\\/author\\\/redazione\\\/\"}]}<\/script>\n<!-- \/ Yoast SEO plugin. -->","yoast_head_json":{"title":"\u201cQualche passo verso la felicit\u00e0\u201d, con la proiezione di \u201cAusmerzen\u201d, di Marco Paolini. Sabato 16 marzo, alle 17.30, con il fratello del noto attore, Mario Paolini - Bellunopress - Dolomiti","robots":{"index":"index","follow":"follow","max-snippet":"max-snippet:-1","max-image-preview":"max-image-preview:large","max-video-preview":"max-video-preview:-1"},"canonical":"https:\/\/www.bellunopress.it\/fr\/2013\/03\/13\/qualche-passo-verso-la-felicita-con-la-proiezione-di-ausmerzen-di-marco-paolini-sabato-16-marzo-alle-17-30-con-il-fratello-del-noto-attore-mario-paolini\/","og_locale":"fr_FR","og_type":"article","og_title":"\u201cQualche passo verso la felicit\u00e0\u201d, con la proiezione di \u201cAusmerzen\u201d, di Marco Paolini. Sabato 16 marzo, alle 17.30, con il fratello del noto attore, Mario Paolini - Bellunopress - Dolomiti","og_description":"Sabato 16 marzo alle ore 17.30 presso la Sala Eliseo Dal Pont \u201cBianchi\u201d di Belluno, si svolger\u00e0 la seconda puntata dell&#8217;iniziativa \u201cQualche passo verso la felicit\u00e0\u201d organizzata da AITSaM (Associazione italiana per la tutela della salute mentale) e Biblioteca civica di Belluno, con il patrocinio di ULSS n. 1 e Comune di Belluno, Assessorati alla [&hellip;]","og_url":"https:\/\/www.bellunopress.it\/fr\/2013\/03\/13\/qualche-passo-verso-la-felicita-con-la-proiezione-di-ausmerzen-di-marco-paolini-sabato-16-marzo-alle-17-30-con-il-fratello-del-noto-attore-mario-paolini\/","og_site_name":"Bellunopress - Dolomiti","article_publisher":"https:\/\/www.facebook.com\/profile.php?id=100008943462799","article_published_time":"2013-03-13T21:05:08+00:00","og_image":[{"url":"http:\/\/www.bellunopress.it\/wp-content\/uploads\/2012\/07\/logo-bellunopress-250x250-2012.jpg","type":"","width":"","height":""}],"author":"redazione","twitter_card":"summary_large_image","twitter_creator":"@bellunopress","twitter_site":"@bellunopress","twitter_misc":{"Written by":"redazione","Est. reading time":"1 minute"},"schema":{"@context":"https:\/\/schema.org","@graph":[{"@type":"Article","@id":"https:\/\/www.bellunopress.it\/2013\/03\/13\/qualche-passo-verso-la-felicita-con-la-proiezione-di-ausmerzen-di-marco-paolini-sabato-16-marzo-alle-17-30-con-il-fratello-del-noto-attore-mario-paolini\/#article","isPartOf":{"@id":"https:\/\/www.bellunopress.it\/2013\/03\/13\/qualche-passo-verso-la-felicita-con-la-proiezione-di-ausmerzen-di-marco-paolini-sabato-16-marzo-alle-17-30-con-il-fratello-del-noto-attore-mario-paolini\/"},"author":{"name":"redazione","@id":"https:\/\/www.bellunopress.it\/#\/schema\/person\/79bb06722b37ece1c03d3e94beb30d73"},"headline":"\u201cQualche passo verso la felicit\u00e0\u201d, con la proiezione di \u201cAusmerzen\u201d, di Marco Paolini. Sabato 16 marzo, alle 17.30, con il fratello del noto attore, Mario Paolini","datePublished":"2013-03-13T21:05:08+00:00","mainEntityOfPage":{"@id":"https:\/\/www.bellunopress.it\/2013\/03\/13\/qualche-passo-verso-la-felicita-con-la-proiezione-di-ausmerzen-di-marco-paolini-sabato-16-marzo-alle-17-30-con-il-fratello-del-noto-attore-mario-paolini\/"},"wordCount":294,"publisher":{"@id":"https:\/\/www.bellunopress.it\/#organization"},"articleSection":["Appuntamenti, Eventi","Arte, Cultura, Spettacoli, Scienza","Pausa Caff\u00e8"],"inLanguage":"fr-FR"},{"@type":"WebPage","@id":"https:\/\/www.bellunopress.it\/2013\/03\/13\/qualche-passo-verso-la-felicita-con-la-proiezione-di-ausmerzen-di-marco-paolini-sabato-16-marzo-alle-17-30-con-il-fratello-del-noto-attore-mario-paolini\/","url":"https:\/\/www.bellunopress.it\/2013\/03\/13\/qualche-passo-verso-la-felicita-con-la-proiezione-di-ausmerzen-di-marco-paolini-sabato-16-marzo-alle-17-30-con-il-fratello-del-noto-attore-mario-paolini\/","name":"\u201cQualche passo verso la felicit\u00e0\u201d, con la proiezione di \u201cAusmerzen\u201d, di Marco Paolini. Sabato 16 marzo, alle 17.30, con il fratello del noto attore, Mario Paolini - Bellunopress - Dolomiti","isPartOf":{"@id":"https:\/\/www.bellunopress.it\/#website"},"datePublished":"2013-03-13T21:05:08+00:00","breadcrumb":{"@id":"https:\/\/www.bellunopress.it\/2013\/03\/13\/qualche-passo-verso-la-felicita-con-la-proiezione-di-ausmerzen-di-marco-paolini-sabato-16-marzo-alle-17-30-con-il-fratello-del-noto-attore-mario-paolini\/#breadcrumb"},"inLanguage":"fr-FR","potentialAction":[{"@type":"ReadAction","target":["https:\/\/www.bellunopress.it\/2013\/03\/13\/qualche-passo-verso-la-felicita-con-la-proiezione-di-ausmerzen-di-marco-paolini-sabato-16-marzo-alle-17-30-con-il-fratello-del-noto-attore-mario-paolini\/"]}]},{"@type":"BreadcrumbList","@id":"https:\/\/www.bellunopress.it\/2013\/03\/13\/qualche-passo-verso-la-felicita-con-la-proiezione-di-ausmerzen-di-marco-paolini-sabato-16-marzo-alle-17-30-con-il-fratello-del-noto-attore-mario-paolini\/#breadcrumb","itemListElement":[{"@type":"ListItem","position":1,"name":"Home","item":"https:\/\/www.bellunopress.it\/"},{"@type":"ListItem","position":2,"name":"\u201cQualche passo verso la felicit\u00e0\u201d, con la proiezione di \u201cAusmerzen\u201d, di Marco Paolini. Sabato 16 marzo, alle 17.30, con il fratello del noto attore, Mario Paolini"}]},{"@type":"WebSite","@id":"https:\/\/www.bellunopress.it\/#website","url":"https:\/\/www.bellunopress.it\/","name":"Bellunopress - Dolomiti","description":"e-mail: redazione@bellunopress.it","publisher":{"@id":"https:\/\/www.bellunopress.it\/#organization"},"potentialAction":[{"@type":"SearchAction","target":{"@type":"EntryPoint","urlTemplate":"https:\/\/www.bellunopress.it\/?s={search_term_string}"},"query-input":{"@type":"PropertyValueSpecification","valueRequired":true,"valueName":"search_term_string"}}],"inLanguage":"fr-FR"},{"@type":"Organization","@id":"https:\/\/www.bellunopress.it\/#organization","name":"Bellunopress","url":"https:\/\/www.bellunopress.it\/","logo":{"@type":"ImageObject","inLanguage":"fr-FR","@id":"https:\/\/www.bellunopress.it\/#\/schema\/logo\/image\/","url":"https:\/\/www.bellunopress.it\/wp-content\/uploads\/2011\/05\/cropped-logo-bellunopress-.jpg","contentUrl":"https:\/\/www.bellunopress.it\/wp-content\/uploads\/2011\/05\/cropped-logo-bellunopress-.jpg","width":512,"height":512,"caption":"Bellunopress"},"image":{"@id":"https:\/\/www.bellunopress.it\/#\/schema\/logo\/image\/"},"sameAs":["https:\/\/www.facebook.com\/profile.php?id=100008943462799","https:\/\/x.com\/bellunopress","https:\/\/www.linkedin.com\/hp\/?dnr=JBzUWaJfMUw8vbXJJ2tVW5-I3jZKvC4wsoxE&amp;amp;amp;amp;amp;amp;trk=nav_responsive_tab_home","https:\/\/www.youtube.com\/channel\/UCxL0wu1uN0_3_7hGG0306cw"]},{"@type":"Person","@id":"https:\/\/www.bellunopress.it\/#\/schema\/person\/79bb06722b37ece1c03d3e94beb30d73","name":"r\u00e9daction","image":{"@type":"ImageObject","inLanguage":"fr-FR","@id":"https:\/\/secure.gravatar.com\/avatar\/37d968a2e67a6fd04c169c4bdef102d0bc5d31b2546345219e348575eb80e9a0?s=96&d=mm&r=g","url":"https:\/\/secure.gravatar.com\/avatar\/37d968a2e67a6fd04c169c4bdef102d0bc5d31b2546345219e348575eb80e9a0?s=96&d=mm&r=g","contentUrl":"https:\/\/secure.gravatar.com\/avatar\/37d968a2e67a6fd04c169c4bdef102d0bc5d31b2546345219e348575eb80e9a0?s=96&d=mm&r=g","caption":"redazione"},"sameAs":["http:\/\/www.bellunopress.it","https:\/\/x.com\/bellunopress"],"url":"https:\/\/www.bellunopress.it\/fr\/author\/redazione\/"}]}},"_links":{"self":[{"href":"https:\/\/www.bellunopress.it\/fr\/wp-json\/wp\/v2\/posts\/47588","targetHints":{"allow":["GET"]}}],"collection":[{"href":"https:\/\/www.bellunopress.it\/fr\/wp-json\/wp\/v2\/posts"}],"about":[{"href":"https:\/\/www.bellunopress.it\/fr\/wp-json\/wp\/v2\/types\/post"}],"author":[{"embeddable":true,"href":"https:\/\/www.bellunopress.it\/fr\/wp-json\/wp\/v2\/users\/2"}],"replies":[{"embeddable":true,"href":"https:\/\/www.bellunopress.it\/fr\/wp-json\/wp\/v2\/comments?post=47588"}],"version-history":[{"count":1,"href":"https:\/\/www.bellunopress.it\/fr\/wp-json\/wp\/v2\/posts\/47588\/revisions"}],"predecessor-version":[{"id":47589,"href":"https:\/\/www.bellunopress.it\/fr\/wp-json\/wp\/v2\/posts\/47588\/revisions\/47589"}],"wp:attachment":[{"href":"https:\/\/www.bellunopress.it\/fr\/wp-json\/wp\/v2\/media?parent=47588"}],"wp:term":[{"taxonomy":"category","embeddable":true,"href":"https:\/\/www.bellunopress.it\/fr\/wp-json\/wp\/v2\/categories?post=47588"},{"taxonomy":"post_tag","embeddable":true,"href":"https:\/\/www.bellunopress.it\/fr\/wp-json\/wp\/v2\/tags?post=47588"}],"curies":[{"name":"wp","href":"https:\/\/api.w.org\/{rel}","templated":true}]}}