{"id":47582,"date":"2013-03-13T21:44:26","date_gmt":"2013-03-13T20:44:26","guid":{"rendered":"http:\/\/www.bellunopress.it\/?p=47582"},"modified":"2013-03-13T21:44:26","modified_gmt":"2013-03-13T20:44:26","slug":"sagra-dei-fisciot-antica-festa-della-madonna-addolorata-domenica-17-marzo-nel-centro-storico-di-belluno","status":"publish","type":"post","link":"https:\/\/www.bellunopress.it\/fr\/2013\/03\/13\/sagra-dei-fisciot-antica-festa-della-madonna-addolorata-domenica-17-marzo-nel-centro-storico-di-belluno\/","title":{"rendered":"&#8220;Sagra dei fisciot&#8221;, Antica Festa della Madonna Addolorata: domenica 17 marzo, nel centro storico di Belluno"},"content":{"rendered":"<p><a href=\"http:\/\/www.bellunopress.it\/wp-content\/uploads\/2010\/03\/sagra-fisciot.jpg\"><img loading=\"lazy\" decoding=\"async\" class=\"alignleft size-full wp-image-13728\" alt=\"sagra-fisciot\" src=\"http:\/\/www.bellunopress.it\/wp-content\/uploads\/2010\/03\/sagra-fisciot.jpg\" width=\"270\" height=\"180\" \/><\/a>Tutto \u00e8 pronto in citt\u00e0 per accogliere l&#8217;antica festa della Madonna Addolorata, celebrazione sacra e momento di svago e di incontro per tutti, con la quale Belluno suole salutare l&#8217;arrivo della primavera.<\/p>\n<p>La Festa si celebra due domeniche prima di Pasqua e quest&#8217;anno si svolger\u00e0 domenica 17 marzo. La celebrazione ha origini antiche: dal 1716 la statua della Madonna dei Sette dolori, voluta dalla cittadinanza bellunese per festeggiare la fine di una pestilenza, viene portata in processione attraverso il centro storico.<\/p>\n<p>La Festa viene anche chiamata \u201cSagra dei Fisciot\u201d \u2013 fischietti di richiamo \u2013 perch\u00e9 una volta questi erano tra gli articoli pi\u00f9 venduti dagli artigiani locali che li fabbricavano a mano in molte fogge.<\/p>\n<p><a href=\"http:\/\/www.bellunopress.it\/wp-content\/uploads\/2012\/03\/sagra-dei-fisciot.jpg\"><img loading=\"lazy\" decoding=\"async\" class=\"alignleft size-full wp-image-36255\" alt=\"sagra dei fisciot\" src=\"http:\/\/www.bellunopress.it\/wp-content\/uploads\/2012\/03\/sagra-dei-fisciot.jpg\" width=\"280\" height=\"187\" \/><\/a>Al momento religioso si affianca quello ludico: distribuiti su tutta l&#8217;area del centro, saranno presenti pi\u00f9 di 200 operatori con banchi di dolciumi, giocattoli, articoli in vetro, ceramica, legno e tessuto, bigiotteria, soprammobili, quadri, dischi e musicassette, manufatti in vimini, rame, occhiali, essenze ed erbe aromatiche, miele, pelletteria, ombrelli, foulard, palloncini, cibi e bevande.<\/p>\n<p>Piazza Duomo ospiter\u00e0 il mercato dei fiori &#8220;Fiori in Citt\u00e0: la Citt\u00e0 sboccia&#8221;. Sempre in Piazza Duomo e nella vicina Piazza delle Erbe, torner\u00e0 il mercatino dell&#8217;antiquariato &#8220;Cose di vecchie case&#8221; che con i qualificati operatori presenti si conferma come uno degli appuntamenti pi\u00f9 attesi e frequentati, prima del suo ritorno estivo. Via Cavour ospiter\u00e0 un banco di frutta di stagione.<\/p>\n<p>Dalle 10.45 in piazza Duomo, angolo palazzo Ex Tribunale, si esibir\u00e0 il complesso bandistico \u201cCitt\u00e0 di Belluno\u201d.<\/p>\n<p>Alle ore 16.00 si svolger\u00e0 la processione.<\/p>\n<p>&nbsp;<\/p>\n<p>Modifiche alla circolazione veicolare<\/p>\n<p>Durate tutta la giornata si render\u00e0 necessario apportare delle modifiche alla circolazione veicolare:<\/p>\n<p>\u2022 divieto di circolazione dalle ore 5.00 alle ore 21.00, e comunque fino al termine della manifestazione, per tutti i veicoli &#8211; con eventuali deroghe, da valutarsi da parte degli operatori di vigilanza in servizio all\u2019interno dell&#8217;area della manifestazione, limitatamente ai casi consentiti secondo le esigenze del momento, a quelli di Forze di Polizia, Polizia Locale, Soccorso, nonch\u00e8 autorizzati, bus, taxi e quelli al servizio delle persone invalide munite di apposito contrassegno &#8211; all&#8217;interno del centro storico circoscritto dalle seguenti intersezioni: a est, Via Segato\/Piazzale C. Battisti, con direzione Via Caffi-est dalla laterale del monumento \u201cCaduti per Servizio\u201d; a nord-est, Via Simon da Cusighe\/Via Gabelli; a nord, Piazzale delle Foibe\/Via Dante; a ovest, Piazzale Marconi\/Via Caffi\/ Via Cavour; a sud, Via San Lucano\/piazza Duomo\/Via S. Andrea;<\/p>\n<p>\u2022 divieto di circolazione in Via Zuppani eccetto per i residenti di Via Zuppani, Via Carrera e Piazzetta Santo Stefano, con entrata e uscita da Piazza Piloni e con obbligo di dare la precedenza prima di immettersi nella suddetta piazza;<\/p>\n<p>\u2022 in Via Sottocastello la circolazione degli autorizzati dovr\u00e0 avvenire esclusivamente da e per Via Lambioi (con ingresso lato Viale dei Dendrofori);<\/p>\n<p>\u2022 divieto di sosta con rimozione forzata di tutti i veicoli dalle ore 5.00 fino alle ore 21.00, e comunque fino al termine della manifestazione, in Via Dante, Piazzale C. Battisti, Via Cavour, Via Caffi \u2013 lato est, nel tratto compreso tra l&#8217;intersezione con Via Loreto e la traversa del monumento \u201cCaduti per Servizio\u201d (portone d&#8217;accesso ex ospedale), Via Loreto, Via Matteotti, Piazza dei Martiri, Piazza Vittorio Emanuele, Via Roma, Piazza S. Stefano, Via Simon da Cusighe, Piazza Castello, Piazza Duomo, Piazza del Mercato, per il posizionamento dei posteggi degli operatori della Fiera e del Mercatino, per le attivit\u00e0 collaterali, nonch\u00e8 per motivi di sicurezza della circolazione veicolare e pedonale.<\/p>\n<p>&nbsp;<\/p>\n<p>Servizio gratuito navette<\/p>\n<p>Per facilitare la mobilit\u00e0, il Comune ha istituito il consueto servizio gratuito di navette con capolinea in piazzale della Stazione (piazza Vittime delle Foibe) e piazzale Marconi.<\/p>\n<p>Queste le direttrici principali:<\/p>\n<p>LINEA NORD-EST verso Cavarzano (ogni 10\u2019)<\/p>\n<p>LINEA SUD-OVEST verso via Col da Ren (ogni 10\u2019)<\/p>\n<p>LINEA 1 CASTION-CAMPO SPORTIVO-P.LE MARCONI (ogni 20\u2019)<\/p>\n<p>LINEA 2 BOLZANO B.SE-P.ZZA VITTIME DELLE FOIBE (ogni 20\u2019)<\/p>\n<p>LINEA 3 COL DI PIANA-MUSSOI-P.ZZA VITTIME DELLE FOIBE (ogni 20\u2019)<\/p>\n<p>Sul sito del Comune www.comune.belluno.it \u00e8 possibile consultare la mappa dettagliata del percorso delle navette.<\/p>\n<p>&nbsp;<\/p>\n<p>Per informazioni:<\/p>\n<p>Sportello del Cittadino<\/p>\n<p>Tel. 0437\/913222 &#8211; info@comune.belluno.it<\/p>\n<p>&nbsp;<\/p>","protected":false},"excerpt":{"rendered":"<p>Tutto \u00e8 pronto in citt\u00e0 per accogliere l&#8217;antica festa della Madonna Addolorata, celebrazione sacra e momento di svago e di incontro per tutti, con la quale Belluno suole salutare l&#8217;arrivo della primavera. La Festa si celebra due domeniche prima di Pasqua e quest&#8217;anno si svolger\u00e0 domenica 17 marzo. La celebrazione ha origini antiche: dal 1716 [&hellip;]<\/p>\n","protected":false},"author":2,"featured_media":0,"comment_status":"closed","ping_status":"open","sticky":false,"template":"","format":"standard","meta":{"footnotes":""},"categories":[27,3,26],"tags":[],"class_list":["post-47582","post","type-post","status-publish","format-standard","category-appuntamenti","category-arte-cultura-spettacoli-scienza-archivi","category-prima-pagina"],"yoast_head":"<!-- This site is optimized with the Yoast SEO plugin v28.4 - https:\/\/yoast.com\/product\/yoast-seo-wordpress\/ -->\n<title>&quot;Sagra dei fisciot&quot;, Antica Festa della Madonna Addolorata: domenica 17 marzo, nel centro storico di Belluno - Bellunopress - Dolomiti<\/title>\n<meta name=\"robots\" content=\"index, follow, max-snippet:-1, max-image-preview:large, max-video-preview:-1\" \/>\n<link rel=\"canonical\" href=\"https:\/\/www.bellunopress.it\/fr\/2013\/03\/13\/sagra-dei-fisciot-antica-festa-della-madonna-addolorata-domenica-17-marzo-nel-centro-storico-di-belluno\/\" \/>\n<meta property=\"og:locale\" content=\"fr_FR\" \/>\n<meta property=\"og:type\" content=\"article\" \/>\n<meta property=\"og:title\" content=\"&quot;Sagra dei fisciot&quot;, Antica Festa della Madonna Addolorata: domenica 17 marzo, nel centro storico di Belluno - Bellunopress - Dolomiti\" \/>\n<meta property=\"og:description\" content=\"Tutto \u00e8 pronto in citt\u00e0 per accogliere l&#8217;antica festa della Madonna Addolorata, celebrazione sacra e momento di svago e di incontro per tutti, con la quale Belluno suole salutare l&#8217;arrivo della primavera. La Festa si celebra due domeniche prima di Pasqua e quest&#8217;anno si svolger\u00e0 domenica 17 marzo. La celebrazione ha origini antiche: dal 1716 [&hellip;]\" \/>\n<meta property=\"og:url\" content=\"https:\/\/www.bellunopress.it\/fr\/2013\/03\/13\/sagra-dei-fisciot-antica-festa-della-madonna-addolorata-domenica-17-marzo-nel-centro-storico-di-belluno\/\" \/>\n<meta property=\"og:site_name\" content=\"Bellunopress - Dolomiti\" \/>\n<meta property=\"article:publisher\" content=\"https:\/\/www.facebook.com\/profile.php?id=100008943462799\" \/>\n<meta property=\"article:published_time\" content=\"2013-03-13T20:44:26+00:00\" \/>\n<meta property=\"og:image\" content=\"http:\/\/www.bellunopress.it\/wp-content\/uploads\/2010\/03\/sagra-fisciot.jpg\" \/>\n<meta name=\"author\" content=\"redazione\" \/>\n<meta name=\"twitter:card\" content=\"summary_large_image\" \/>\n<meta name=\"twitter:creator\" content=\"@bellunopress\" \/>\n<meta name=\"twitter:site\" content=\"@bellunopress\" \/>\n<meta name=\"twitter:label1\" content=\"Written by\" \/>\n\t<meta name=\"twitter:data1\" content=\"redazione\" \/>\n\t<meta name=\"twitter:label2\" content=\"Est. reading time\" \/>\n\t<meta name=\"twitter:data2\" content=\"3 minutes\" \/>\n<script type=\"application\/ld+json\" class=\"yoast-schema-graph\">{\"@context\":\"https:\\\/\\\/schema.org\",\"@graph\":[{\"@type\":\"Article\",\"@id\":\"https:\\\/\\\/www.bellunopress.it\\\/2013\\\/03\\\/13\\\/sagra-dei-fisciot-antica-festa-della-madonna-addolorata-domenica-17-marzo-nel-centro-storico-di-belluno\\\/#article\",\"isPartOf\":{\"@id\":\"https:\\\/\\\/www.bellunopress.it\\\/2013\\\/03\\\/13\\\/sagra-dei-fisciot-antica-festa-della-madonna-addolorata-domenica-17-marzo-nel-centro-storico-di-belluno\\\/\"},\"author\":{\"name\":\"redazione\",\"@id\":\"https:\\\/\\\/www.bellunopress.it\\\/#\\\/schema\\\/person\\\/79bb06722b37ece1c03d3e94beb30d73\"},\"headline\":\"&#8220;Sagra dei fisciot&#8221;, Antica Festa della Madonna Addolorata: domenica 17 marzo, nel centro storico di Belluno\",\"datePublished\":\"2013-03-13T20:44:26+00:00\",\"mainEntityOfPage\":{\"@id\":\"https:\\\/\\\/www.bellunopress.it\\\/2013\\\/03\\\/13\\\/sagra-dei-fisciot-antica-festa-della-madonna-addolorata-domenica-17-marzo-nel-centro-storico-di-belluno\\\/\"},\"wordCount\":686,\"publisher\":{\"@id\":\"https:\\\/\\\/www.bellunopress.it\\\/#organization\"},\"image\":{\"@id\":\"https:\\\/\\\/www.bellunopress.it\\\/2013\\\/03\\\/13\\\/sagra-dei-fisciot-antica-festa-della-madonna-addolorata-domenica-17-marzo-nel-centro-storico-di-belluno\\\/#primaryimage\"},\"thumbnailUrl\":\"http:\\\/\\\/www.bellunopress.it\\\/wp-content\\\/uploads\\\/2010\\\/03\\\/sagra-fisciot.jpg\",\"articleSection\":[\"Appuntamenti, Eventi\",\"Arte, Cultura, Spettacoli, Scienza\",\"Prima Pagina\"],\"inLanguage\":\"fr-FR\"},{\"@type\":\"WebPage\",\"@id\":\"https:\\\/\\\/www.bellunopress.it\\\/2013\\\/03\\\/13\\\/sagra-dei-fisciot-antica-festa-della-madonna-addolorata-domenica-17-marzo-nel-centro-storico-di-belluno\\\/\",\"url\":\"https:\\\/\\\/www.bellunopress.it\\\/2013\\\/03\\\/13\\\/sagra-dei-fisciot-antica-festa-della-madonna-addolorata-domenica-17-marzo-nel-centro-storico-di-belluno\\\/\",\"name\":\"\\\"Sagra dei fisciot\\\", Antica Festa della Madonna Addolorata: domenica 17 marzo, nel centro storico di Belluno - Bellunopress - Dolomiti\",\"isPartOf\":{\"@id\":\"https:\\\/\\\/www.bellunopress.it\\\/#website\"},\"primaryImageOfPage\":{\"@id\":\"https:\\\/\\\/www.bellunopress.it\\\/2013\\\/03\\\/13\\\/sagra-dei-fisciot-antica-festa-della-madonna-addolorata-domenica-17-marzo-nel-centro-storico-di-belluno\\\/#primaryimage\"},\"image\":{\"@id\":\"https:\\\/\\\/www.bellunopress.it\\\/2013\\\/03\\\/13\\\/sagra-dei-fisciot-antica-festa-della-madonna-addolorata-domenica-17-marzo-nel-centro-storico-di-belluno\\\/#primaryimage\"},\"thumbnailUrl\":\"http:\\\/\\\/www.bellunopress.it\\\/wp-content\\\/uploads\\\/2010\\\/03\\\/sagra-fisciot.jpg\",\"datePublished\":\"2013-03-13T20:44:26+00:00\",\"breadcrumb\":{\"@id\":\"https:\\\/\\\/www.bellunopress.it\\\/2013\\\/03\\\/13\\\/sagra-dei-fisciot-antica-festa-della-madonna-addolorata-domenica-17-marzo-nel-centro-storico-di-belluno\\\/#breadcrumb\"},\"inLanguage\":\"fr-FR\",\"potentialAction\":[{\"@type\":\"ReadAction\",\"target\":[\"https:\\\/\\\/www.bellunopress.it\\\/2013\\\/03\\\/13\\\/sagra-dei-fisciot-antica-festa-della-madonna-addolorata-domenica-17-marzo-nel-centro-storico-di-belluno\\\/\"]}]},{\"@type\":\"ImageObject\",\"inLanguage\":\"fr-FR\",\"@id\":\"https:\\\/\\\/www.bellunopress.it\\\/2013\\\/03\\\/13\\\/sagra-dei-fisciot-antica-festa-della-madonna-addolorata-domenica-17-marzo-nel-centro-storico-di-belluno\\\/#primaryimage\",\"url\":\"http:\\\/\\\/www.bellunopress.it\\\/wp-content\\\/uploads\\\/2010\\\/03\\\/sagra-fisciot.jpg\",\"contentUrl\":\"http:\\\/\\\/www.bellunopress.it\\\/wp-content\\\/uploads\\\/2010\\\/03\\\/sagra-fisciot.jpg\"},{\"@type\":\"BreadcrumbList\",\"@id\":\"https:\\\/\\\/www.bellunopress.it\\\/2013\\\/03\\\/13\\\/sagra-dei-fisciot-antica-festa-della-madonna-addolorata-domenica-17-marzo-nel-centro-storico-di-belluno\\\/#breadcrumb\",\"itemListElement\":[{\"@type\":\"ListItem\",\"position\":1,\"name\":\"Home\",\"item\":\"https:\\\/\\\/www.bellunopress.it\\\/\"},{\"@type\":\"ListItem\",\"position\":2,\"name\":\"&#8220;Sagra dei fisciot&#8221;, Antica Festa della Madonna Addolorata: domenica 17 marzo, nel centro storico di Belluno\"}]},{\"@type\":\"WebSite\",\"@id\":\"https:\\\/\\\/www.bellunopress.it\\\/#website\",\"url\":\"https:\\\/\\\/www.bellunopress.it\\\/\",\"name\":\"Bellunopress - Dolomiti\",\"description\":\"e-mail: redazione@bellunopress.it\",\"publisher\":{\"@id\":\"https:\\\/\\\/www.bellunopress.it\\\/#organization\"},\"potentialAction\":[{\"@type\":\"SearchAction\",\"target\":{\"@type\":\"EntryPoint\",\"urlTemplate\":\"https:\\\/\\\/www.bellunopress.it\\\/?s={search_term_string}\"},\"query-input\":{\"@type\":\"PropertyValueSpecification\",\"valueRequired\":true,\"valueName\":\"search_term_string\"}}],\"inLanguage\":\"fr-FR\"},{\"@type\":\"Organization\",\"@id\":\"https:\\\/\\\/www.bellunopress.it\\\/#organization\",\"name\":\"Bellunopress\",\"url\":\"https:\\\/\\\/www.bellunopress.it\\\/\",\"logo\":{\"@type\":\"ImageObject\",\"inLanguage\":\"fr-FR\",\"@id\":\"https:\\\/\\\/www.bellunopress.it\\\/#\\\/schema\\\/logo\\\/image\\\/\",\"url\":\"https:\\\/\\\/www.bellunopress.it\\\/wp-content\\\/uploads\\\/2011\\\/05\\\/cropped-logo-bellunopress-.jpg\",\"contentUrl\":\"https:\\\/\\\/www.bellunopress.it\\\/wp-content\\\/uploads\\\/2011\\\/05\\\/cropped-logo-bellunopress-.jpg\",\"width\":512,\"height\":512,\"caption\":\"Bellunopress\"},\"image\":{\"@id\":\"https:\\\/\\\/www.bellunopress.it\\\/#\\\/schema\\\/logo\\\/image\\\/\"},\"sameAs\":[\"https:\\\/\\\/www.facebook.com\\\/profile.php?id=100008943462799\",\"https:\\\/\\\/x.com\\\/bellunopress\",\"https:\\\/\\\/www.linkedin.com\\\/hp\\\/?dnr=JBzUWaJfMUw8vbXJJ2tVW5-I3jZKvC4wsoxE&amp;amp;amp;amp;amp;amp;trk=nav_responsive_tab_home\",\"https:\\\/\\\/www.youtube.com\\\/channel\\\/UCxL0wu1uN0_3_7hGG0306cw\"]},{\"@type\":\"Person\",\"@id\":\"https:\\\/\\\/www.bellunopress.it\\\/#\\\/schema\\\/person\\\/79bb06722b37ece1c03d3e94beb30d73\",\"name\":\"redazione\",\"image\":{\"@type\":\"ImageObject\",\"inLanguage\":\"fr-FR\",\"@id\":\"https:\\\/\\\/secure.gravatar.com\\\/avatar\\\/37d968a2e67a6fd04c169c4bdef102d0bc5d31b2546345219e348575eb80e9a0?s=96&d=mm&r=g\",\"url\":\"https:\\\/\\\/secure.gravatar.com\\\/avatar\\\/37d968a2e67a6fd04c169c4bdef102d0bc5d31b2546345219e348575eb80e9a0?s=96&d=mm&r=g\",\"contentUrl\":\"https:\\\/\\\/secure.gravatar.com\\\/avatar\\\/37d968a2e67a6fd04c169c4bdef102d0bc5d31b2546345219e348575eb80e9a0?s=96&d=mm&r=g\",\"caption\":\"redazione\"},\"sameAs\":[\"http:\\\/\\\/www.bellunopress.it\",\"https:\\\/\\\/x.com\\\/bellunopress\"],\"url\":\"https:\\\/\\\/www.bellunopress.it\\\/fr\\\/author\\\/redazione\\\/\"}]}<\/script>\n<!-- \/ Yoast SEO plugin. -->","yoast_head_json":{"title":"\"Sagra dei fisciot\", Antica Festa della Madonna Addolorata: domenica 17 marzo, nel centro storico di Belluno - Bellunopress - Dolomiti","robots":{"index":"index","follow":"follow","max-snippet":"max-snippet:-1","max-image-preview":"max-image-preview:large","max-video-preview":"max-video-preview:-1"},"canonical":"https:\/\/www.bellunopress.it\/fr\/2013\/03\/13\/sagra-dei-fisciot-antica-festa-della-madonna-addolorata-domenica-17-marzo-nel-centro-storico-di-belluno\/","og_locale":"fr_FR","og_type":"article","og_title":"\"Sagra dei fisciot\", Antica Festa della Madonna Addolorata: domenica 17 marzo, nel centro storico di Belluno - Bellunopress - Dolomiti","og_description":"Tutto \u00e8 pronto in citt\u00e0 per accogliere l&#8217;antica festa della Madonna Addolorata, celebrazione sacra e momento di svago e di incontro per tutti, con la quale Belluno suole salutare l&#8217;arrivo della primavera. La Festa si celebra due domeniche prima di Pasqua e quest&#8217;anno si svolger\u00e0 domenica 17 marzo. La celebrazione ha origini antiche: dal 1716 [&hellip;]","og_url":"https:\/\/www.bellunopress.it\/fr\/2013\/03\/13\/sagra-dei-fisciot-antica-festa-della-madonna-addolorata-domenica-17-marzo-nel-centro-storico-di-belluno\/","og_site_name":"Bellunopress - Dolomiti","article_publisher":"https:\/\/www.facebook.com\/profile.php?id=100008943462799","article_published_time":"2013-03-13T20:44:26+00:00","og_image":[{"url":"http:\/\/www.bellunopress.it\/wp-content\/uploads\/2010\/03\/sagra-fisciot.jpg","type":"","width":"","height":""}],"author":"redazione","twitter_card":"summary_large_image","twitter_creator":"@bellunopress","twitter_site":"@bellunopress","twitter_misc":{"Written by":"redazione","Est. reading time":"3 minutes"},"schema":{"@context":"https:\/\/schema.org","@graph":[{"@type":"Article","@id":"https:\/\/www.bellunopress.it\/2013\/03\/13\/sagra-dei-fisciot-antica-festa-della-madonna-addolorata-domenica-17-marzo-nel-centro-storico-di-belluno\/#article","isPartOf":{"@id":"https:\/\/www.bellunopress.it\/2013\/03\/13\/sagra-dei-fisciot-antica-festa-della-madonna-addolorata-domenica-17-marzo-nel-centro-storico-di-belluno\/"},"author":{"name":"redazione","@id":"https:\/\/www.bellunopress.it\/#\/schema\/person\/79bb06722b37ece1c03d3e94beb30d73"},"headline":"&#8220;Sagra dei fisciot&#8221;, Antica Festa della Madonna Addolorata: domenica 17 marzo, nel centro storico di Belluno","datePublished":"2013-03-13T20:44:26+00:00","mainEntityOfPage":{"@id":"https:\/\/www.bellunopress.it\/2013\/03\/13\/sagra-dei-fisciot-antica-festa-della-madonna-addolorata-domenica-17-marzo-nel-centro-storico-di-belluno\/"},"wordCount":686,"publisher":{"@id":"https:\/\/www.bellunopress.it\/#organization"},"image":{"@id":"https:\/\/www.bellunopress.it\/2013\/03\/13\/sagra-dei-fisciot-antica-festa-della-madonna-addolorata-domenica-17-marzo-nel-centro-storico-di-belluno\/#primaryimage"},"thumbnailUrl":"http:\/\/www.bellunopress.it\/wp-content\/uploads\/2010\/03\/sagra-fisciot.jpg","articleSection":["Appuntamenti, Eventi","Arte, Cultura, Spettacoli, Scienza","Prima Pagina"],"inLanguage":"fr-FR"},{"@type":"WebPage","@id":"https:\/\/www.bellunopress.it\/2013\/03\/13\/sagra-dei-fisciot-antica-festa-della-madonna-addolorata-domenica-17-marzo-nel-centro-storico-di-belluno\/","url":"https:\/\/www.bellunopress.it\/2013\/03\/13\/sagra-dei-fisciot-antica-festa-della-madonna-addolorata-domenica-17-marzo-nel-centro-storico-di-belluno\/","name":"\"Sagra dei fisciot\", Antica Festa della Madonna Addolorata: domenica 17 marzo, nel centro storico di Belluno - Bellunopress - Dolomiti","isPartOf":{"@id":"https:\/\/www.bellunopress.it\/#website"},"primaryImageOfPage":{"@id":"https:\/\/www.bellunopress.it\/2013\/03\/13\/sagra-dei-fisciot-antica-festa-della-madonna-addolorata-domenica-17-marzo-nel-centro-storico-di-belluno\/#primaryimage"},"image":{"@id":"https:\/\/www.bellunopress.it\/2013\/03\/13\/sagra-dei-fisciot-antica-festa-della-madonna-addolorata-domenica-17-marzo-nel-centro-storico-di-belluno\/#primaryimage"},"thumbnailUrl":"http:\/\/www.bellunopress.it\/wp-content\/uploads\/2010\/03\/sagra-fisciot.jpg","datePublished":"2013-03-13T20:44:26+00:00","breadcrumb":{"@id":"https:\/\/www.bellunopress.it\/2013\/03\/13\/sagra-dei-fisciot-antica-festa-della-madonna-addolorata-domenica-17-marzo-nel-centro-storico-di-belluno\/#breadcrumb"},"inLanguage":"fr-FR","potentialAction":[{"@type":"ReadAction","target":["https:\/\/www.bellunopress.it\/2013\/03\/13\/sagra-dei-fisciot-antica-festa-della-madonna-addolorata-domenica-17-marzo-nel-centro-storico-di-belluno\/"]}]},{"@type":"ImageObject","inLanguage":"fr-FR","@id":"https:\/\/www.bellunopress.it\/2013\/03\/13\/sagra-dei-fisciot-antica-festa-della-madonna-addolorata-domenica-17-marzo-nel-centro-storico-di-belluno\/#primaryimage","url":"http:\/\/www.bellunopress.it\/wp-content\/uploads\/2010\/03\/sagra-fisciot.jpg","contentUrl":"http:\/\/www.bellunopress.it\/wp-content\/uploads\/2010\/03\/sagra-fisciot.jpg"},{"@type":"BreadcrumbList","@id":"https:\/\/www.bellunopress.it\/2013\/03\/13\/sagra-dei-fisciot-antica-festa-della-madonna-addolorata-domenica-17-marzo-nel-centro-storico-di-belluno\/#breadcrumb","itemListElement":[{"@type":"ListItem","position":1,"name":"Home","item":"https:\/\/www.bellunopress.it\/"},{"@type":"ListItem","position":2,"name":"&#8220;Sagra dei fisciot&#8221;, Antica Festa della Madonna Addolorata: domenica 17 marzo, nel centro storico di Belluno"}]},{"@type":"WebSite","@id":"https:\/\/www.bellunopress.it\/#website","url":"https:\/\/www.bellunopress.it\/","name":"Bellunopress - Dolomiti","description":"e-mail: redazione@bellunopress.it","publisher":{"@id":"https:\/\/www.bellunopress.it\/#organization"},"potentialAction":[{"@type":"SearchAction","target":{"@type":"EntryPoint","urlTemplate":"https:\/\/www.bellunopress.it\/?s={search_term_string}"},"query-input":{"@type":"PropertyValueSpecification","valueRequired":true,"valueName":"search_term_string"}}],"inLanguage":"fr-FR"},{"@type":"Organization","@id":"https:\/\/www.bellunopress.it\/#organization","name":"Bellunopress","url":"https:\/\/www.bellunopress.it\/","logo":{"@type":"ImageObject","inLanguage":"fr-FR","@id":"https:\/\/www.bellunopress.it\/#\/schema\/logo\/image\/","url":"https:\/\/www.bellunopress.it\/wp-content\/uploads\/2011\/05\/cropped-logo-bellunopress-.jpg","contentUrl":"https:\/\/www.bellunopress.it\/wp-content\/uploads\/2011\/05\/cropped-logo-bellunopress-.jpg","width":512,"height":512,"caption":"Bellunopress"},"image":{"@id":"https:\/\/www.bellunopress.it\/#\/schema\/logo\/image\/"},"sameAs":["https:\/\/www.facebook.com\/profile.php?id=100008943462799","https:\/\/x.com\/bellunopress","https:\/\/www.linkedin.com\/hp\/?dnr=JBzUWaJfMUw8vbXJJ2tVW5-I3jZKvC4wsoxE&amp;amp;amp;amp;amp;amp;trk=nav_responsive_tab_home","https:\/\/www.youtube.com\/channel\/UCxL0wu1uN0_3_7hGG0306cw"]},{"@type":"Person","@id":"https:\/\/www.bellunopress.it\/#\/schema\/person\/79bb06722b37ece1c03d3e94beb30d73","name":"r\u00e9daction","image":{"@type":"ImageObject","inLanguage":"fr-FR","@id":"https:\/\/secure.gravatar.com\/avatar\/37d968a2e67a6fd04c169c4bdef102d0bc5d31b2546345219e348575eb80e9a0?s=96&d=mm&r=g","url":"https:\/\/secure.gravatar.com\/avatar\/37d968a2e67a6fd04c169c4bdef102d0bc5d31b2546345219e348575eb80e9a0?s=96&d=mm&r=g","contentUrl":"https:\/\/secure.gravatar.com\/avatar\/37d968a2e67a6fd04c169c4bdef102d0bc5d31b2546345219e348575eb80e9a0?s=96&d=mm&r=g","caption":"redazione"},"sameAs":["http:\/\/www.bellunopress.it","https:\/\/x.com\/bellunopress"],"url":"https:\/\/www.bellunopress.it\/fr\/author\/redazione\/"}]}},"_links":{"self":[{"href":"https:\/\/www.bellunopress.it\/fr\/wp-json\/wp\/v2\/posts\/47582","targetHints":{"allow":["GET"]}}],"collection":[{"href":"https:\/\/www.bellunopress.it\/fr\/wp-json\/wp\/v2\/posts"}],"about":[{"href":"https:\/\/www.bellunopress.it\/fr\/wp-json\/wp\/v2\/types\/post"}],"author":[{"embeddable":true,"href":"https:\/\/www.bellunopress.it\/fr\/wp-json\/wp\/v2\/users\/2"}],"replies":[{"embeddable":true,"href":"https:\/\/www.bellunopress.it\/fr\/wp-json\/wp\/v2\/comments?post=47582"}],"version-history":[{"count":1,"href":"https:\/\/www.bellunopress.it\/fr\/wp-json\/wp\/v2\/posts\/47582\/revisions"}],"predecessor-version":[{"id":47583,"href":"https:\/\/www.bellunopress.it\/fr\/wp-json\/wp\/v2\/posts\/47582\/revisions\/47583"}],"wp:attachment":[{"href":"https:\/\/www.bellunopress.it\/fr\/wp-json\/wp\/v2\/media?parent=47582"}],"wp:term":[{"taxonomy":"category","embeddable":true,"href":"https:\/\/www.bellunopress.it\/fr\/wp-json\/wp\/v2\/categories?post=47582"},{"taxonomy":"post_tag","embeddable":true,"href":"https:\/\/www.bellunopress.it\/fr\/wp-json\/wp\/v2\/tags?post=47582"}],"curies":[{"name":"wp","href":"https:\/\/api.w.org\/{rel}","templated":true}]}}