{"id":47580,"date":"2013-03-13T19:57:01","date_gmt":"2013-03-13T18:57:01","guid":{"rendered":"http:\/\/www.bellunopress.it\/?p=47580"},"modified":"2013-03-13T19:57:01","modified_gmt":"2013-03-13T18:57:01","slug":"bond-chiede-liquidita-a-favore-dellle-imprese-bellunesi","status":"publish","type":"post","link":"https:\/\/www.bellunopress.it\/fr\/2013\/03\/13\/bond-chiede-liquidita-a-favore-dellle-imprese-bellunesi\/","title":{"rendered":"Bond chiede liquidit\u00e0 a favore dellle imprese bellunesi"},"content":{"rendered":"<p>&nbsp;<\/p>\n<figure id=\"attachment_42521\" aria-describedby=\"caption-attachment-42521\" style=\"width: 123px\" class=\"wp-caption alignleft\"><a href=\"http:\/\/www.bellunopress.it\/wp-content\/uploads\/2012\/09\/bond.jpg\"><img loading=\"lazy\" decoding=\"async\" class=\"size-full wp-image-42521\" alt=\"Dario Bond\" src=\"http:\/\/www.bellunopress.it\/wp-content\/uploads\/2012\/09\/bond.jpg\" width=\"123\" height=\"150\" \/><\/a><figcaption id=\"caption-attachment-42521\" class=\"wp-caption-text\">Dario Bond<\/figcaption><\/figure>\n<p>\u201cHo chiesto all\u2019assessore alle politiche produttive Isi Coppola di trovare nuove risorse per la legge regionale 18 del 1994, quella sugli interventi a favore delle imprese che operano sul territorio bellunese. Penso sia necessario e urgente che il Consiglio regionale \u2013 nell\u2019approvare la Legge Finanziaria e il Bilancio per il 2013 \u2013 si faccia carico della situazione economica in provincia di Belluno, territorio che presenta delle criticit\u00e0 maggiori che altrove. Ci sono delle imprese che chiedono un segnale e la possibilit\u00e0 di ritornare a investire e quindi a sperare\u201d.<\/p>\n<p>A dirlo \u00e8 il capogruppo del Pdl Dario Bond che in mattinata ha avanzato formalmente la richiesta all\u2019assessore regionale competente.<\/p>\n<p>\u201cIl tessuto economico-produttivo bellunese \u00e8 in forte difficolt\u00e0 e lo vediamo tutti i giorni\u201d, afferma Bond. \u201cDa un lato c\u2019\u00e8 la crisi generale, dall\u2019altro i problemi strutturali della nostra economia, senza contare la forte concorrenza delle realt\u00e0 autonome di confine\u201d.<\/p>\n<p>\u201cUn\u2019iniezione di liquidit\u00e0 \u00e8 quella che ci vuole per allargare le possibilit\u00e0 di finanziamento in attesa che i fondi erogati dalla 18 \u201cgirino\u201d a dovere, accontentando quanti pi\u00f9 imprenditori possibile. So che le richieste in attesa di accoglimento, presso gli uffici dell\u2019Ente Provincia, sono ancora tante ed \u00e8 nostro dovere dare una risposta\u201d.<\/p>","protected":false},"excerpt":{"rendered":"<p>&nbsp; \u201cHo chiesto all\u2019assessore alle politiche produttive Isi Coppola di trovare nuove risorse per la legge regionale 18 del 1994, quella sugli interventi a favore delle imprese che operano sul territorio bellunese. Penso sia necessario e urgente che il Consiglio regionale \u2013 nell\u2019approvare la Legge Finanziaria e il Bilancio per il 2013 \u2013 si faccia [&hellip;]<\/p>\n","protected":false},"author":2,"featured_media":0,"comment_status":"closed","ping_status":"open","sticky":false,"template":"","format":"standard","meta":{"footnotes":""},"categories":[5,26],"tags":[],"class_list":["post-47580","post","type-post","status-publish","format-standard","category-cronaca","category-prima-pagina"],"yoast_head":"<!-- This site is optimized with the Yoast SEO plugin v28.4 - https:\/\/yoast.com\/product\/yoast-seo-wordpress\/ -->\n<title>Bond chiede liquidit\u00e0 a favore dellle imprese bellunesi - Bellunopress - Dolomiti<\/title>\n<meta name=\"robots\" content=\"index, follow, max-snippet:-1, max-image-preview:large, max-video-preview:-1\" \/>\n<link rel=\"canonical\" href=\"https:\/\/www.bellunopress.it\/fr\/2013\/03\/13\/bond-chiede-liquidita-a-favore-dellle-imprese-bellunesi\/\" \/>\n<meta property=\"og:locale\" content=\"fr_FR\" \/>\n<meta property=\"og:type\" content=\"article\" \/>\n<meta property=\"og:title\" content=\"Bond chiede liquidit\u00e0 a favore dellle imprese bellunesi - Bellunopress - Dolomiti\" \/>\n<meta property=\"og:description\" content=\"&nbsp; \u201cHo chiesto all\u2019assessore alle politiche produttive Isi Coppola di trovare nuove risorse per la legge regionale 18 del 1994, quella sugli interventi a favore delle imprese che operano sul territorio bellunese. Penso sia necessario e urgente che il Consiglio regionale \u2013 nell\u2019approvare la Legge Finanziaria e il Bilancio per il 2013 \u2013 si faccia [&hellip;]\" \/>\n<meta property=\"og:url\" content=\"https:\/\/www.bellunopress.it\/fr\/2013\/03\/13\/bond-chiede-liquidita-a-favore-dellle-imprese-bellunesi\/\" \/>\n<meta property=\"og:site_name\" content=\"Bellunopress - Dolomiti\" \/>\n<meta property=\"article:publisher\" content=\"https:\/\/www.facebook.com\/profile.php?id=100008943462799\" \/>\n<meta property=\"article:published_time\" content=\"2013-03-13T18:57:01+00:00\" \/>\n<meta property=\"og:image\" content=\"http:\/\/www.bellunopress.it\/wp-content\/uploads\/2012\/09\/bond.jpg\" \/>\n<meta name=\"author\" content=\"redazione\" \/>\n<meta name=\"twitter:card\" content=\"summary_large_image\" \/>\n<meta name=\"twitter:creator\" content=\"@bellunopress\" \/>\n<meta name=\"twitter:site\" content=\"@bellunopress\" \/>\n<meta name=\"twitter:label1\" content=\"\u00c9crit par\" \/>\n\t<meta name=\"twitter:data1\" content=\"redazione\" \/>\n\t<meta name=\"twitter:label2\" content=\"Dur\u00e9e de lecture estim\u00e9e\" \/>\n\t<meta name=\"twitter:data2\" content=\"1 minute\" \/>\n<script type=\"application\/ld+json\" class=\"yoast-schema-graph\">{\"@context\":\"https:\\\/\\\/schema.org\",\"@graph\":[{\"@type\":\"Article\",\"@id\":\"https:\\\/\\\/www.bellunopress.it\\\/2013\\\/03\\\/13\\\/bond-chiede-liquidita-a-favore-dellle-imprese-bellunesi\\\/#article\",\"isPartOf\":{\"@id\":\"https:\\\/\\\/www.bellunopress.it\\\/2013\\\/03\\\/13\\\/bond-chiede-liquidita-a-favore-dellle-imprese-bellunesi\\\/\"},\"author\":{\"name\":\"redazione\",\"@id\":\"https:\\\/\\\/www.bellunopress.it\\\/#\\\/schema\\\/person\\\/79bb06722b37ece1c03d3e94beb30d73\"},\"headline\":\"Bond chiede liquidit\u00e0 a favore dellle imprese bellunesi\",\"datePublished\":\"2013-03-13T18:57:01+00:00\",\"mainEntityOfPage\":{\"@id\":\"https:\\\/\\\/www.bellunopress.it\\\/2013\\\/03\\\/13\\\/bond-chiede-liquidita-a-favore-dellle-imprese-bellunesi\\\/\"},\"wordCount\":216,\"publisher\":{\"@id\":\"https:\\\/\\\/www.bellunopress.it\\\/#organization\"},\"image\":{\"@id\":\"https:\\\/\\\/www.bellunopress.it\\\/2013\\\/03\\\/13\\\/bond-chiede-liquidita-a-favore-dellle-imprese-bellunesi\\\/#primaryimage\"},\"thumbnailUrl\":\"http:\\\/\\\/www.bellunopress.it\\\/wp-content\\\/uploads\\\/2012\\\/09\\\/bond.jpg\",\"articleSection\":[\"Cronaca\\\/Politica\",\"Prima Pagina\"],\"inLanguage\":\"fr-FR\"},{\"@type\":\"WebPage\",\"@id\":\"https:\\\/\\\/www.bellunopress.it\\\/2013\\\/03\\\/13\\\/bond-chiede-liquidita-a-favore-dellle-imprese-bellunesi\\\/\",\"url\":\"https:\\\/\\\/www.bellunopress.it\\\/2013\\\/03\\\/13\\\/bond-chiede-liquidita-a-favore-dellle-imprese-bellunesi\\\/\",\"name\":\"Bond chiede liquidit\u00e0 a favore dellle imprese bellunesi - Bellunopress - Dolomiti\",\"isPartOf\":{\"@id\":\"https:\\\/\\\/www.bellunopress.it\\\/#website\"},\"primaryImageOfPage\":{\"@id\":\"https:\\\/\\\/www.bellunopress.it\\\/2013\\\/03\\\/13\\\/bond-chiede-liquidita-a-favore-dellle-imprese-bellunesi\\\/#primaryimage\"},\"image\":{\"@id\":\"https:\\\/\\\/www.bellunopress.it\\\/2013\\\/03\\\/13\\\/bond-chiede-liquidita-a-favore-dellle-imprese-bellunesi\\\/#primaryimage\"},\"thumbnailUrl\":\"http:\\\/\\\/www.bellunopress.it\\\/wp-content\\\/uploads\\\/2012\\\/09\\\/bond.jpg\",\"datePublished\":\"2013-03-13T18:57:01+00:00\",\"breadcrumb\":{\"@id\":\"https:\\\/\\\/www.bellunopress.it\\\/2013\\\/03\\\/13\\\/bond-chiede-liquidita-a-favore-dellle-imprese-bellunesi\\\/#breadcrumb\"},\"inLanguage\":\"fr-FR\",\"potentialAction\":[{\"@type\":\"ReadAction\",\"target\":[\"https:\\\/\\\/www.bellunopress.it\\\/2013\\\/03\\\/13\\\/bond-chiede-liquidita-a-favore-dellle-imprese-bellunesi\\\/\"]}]},{\"@type\":\"ImageObject\",\"inLanguage\":\"fr-FR\",\"@id\":\"https:\\\/\\\/www.bellunopress.it\\\/2013\\\/03\\\/13\\\/bond-chiede-liquidita-a-favore-dellle-imprese-bellunesi\\\/#primaryimage\",\"url\":\"http:\\\/\\\/www.bellunopress.it\\\/wp-content\\\/uploads\\\/2012\\\/09\\\/bond.jpg\",\"contentUrl\":\"http:\\\/\\\/www.bellunopress.it\\\/wp-content\\\/uploads\\\/2012\\\/09\\\/bond.jpg\"},{\"@type\":\"BreadcrumbList\",\"@id\":\"https:\\\/\\\/www.bellunopress.it\\\/2013\\\/03\\\/13\\\/bond-chiede-liquidita-a-favore-dellle-imprese-bellunesi\\\/#breadcrumb\",\"itemListElement\":[{\"@type\":\"ListItem\",\"position\":1,\"name\":\"Home\",\"item\":\"https:\\\/\\\/www.bellunopress.it\\\/\"},{\"@type\":\"ListItem\",\"position\":2,\"name\":\"Bond chiede liquidit\u00e0 a favore dellle imprese bellunesi\"}]},{\"@type\":\"WebSite\",\"@id\":\"https:\\\/\\\/www.bellunopress.it\\\/#website\",\"url\":\"https:\\\/\\\/www.bellunopress.it\\\/\",\"name\":\"Bellunopress - Dolomiti\",\"description\":\"e-mail: redazione@bellunopress.it\",\"publisher\":{\"@id\":\"https:\\\/\\\/www.bellunopress.it\\\/#organization\"},\"potentialAction\":[{\"@type\":\"SearchAction\",\"target\":{\"@type\":\"EntryPoint\",\"urlTemplate\":\"https:\\\/\\\/www.bellunopress.it\\\/?s={search_term_string}\"},\"query-input\":{\"@type\":\"PropertyValueSpecification\",\"valueRequired\":true,\"valueName\":\"search_term_string\"}}],\"inLanguage\":\"fr-FR\"},{\"@type\":\"Organization\",\"@id\":\"https:\\\/\\\/www.bellunopress.it\\\/#organization\",\"name\":\"Bellunopress\",\"url\":\"https:\\\/\\\/www.bellunopress.it\\\/\",\"logo\":{\"@type\":\"ImageObject\",\"inLanguage\":\"fr-FR\",\"@id\":\"https:\\\/\\\/www.bellunopress.it\\\/#\\\/schema\\\/logo\\\/image\\\/\",\"url\":\"https:\\\/\\\/www.bellunopress.it\\\/wp-content\\\/uploads\\\/2011\\\/05\\\/cropped-logo-bellunopress-.jpg\",\"contentUrl\":\"https:\\\/\\\/www.bellunopress.it\\\/wp-content\\\/uploads\\\/2011\\\/05\\\/cropped-logo-bellunopress-.jpg\",\"width\":512,\"height\":512,\"caption\":\"Bellunopress\"},\"image\":{\"@id\":\"https:\\\/\\\/www.bellunopress.it\\\/#\\\/schema\\\/logo\\\/image\\\/\"},\"sameAs\":[\"https:\\\/\\\/www.facebook.com\\\/profile.php?id=100008943462799\",\"https:\\\/\\\/x.com\\\/bellunopress\",\"https:\\\/\\\/www.linkedin.com\\\/hp\\\/?dnr=JBzUWaJfMUw8vbXJJ2tVW5-I3jZKvC4wsoxE&amp;amp;amp;amp;amp;amp;trk=nav_responsive_tab_home\",\"https:\\\/\\\/www.youtube.com\\\/channel\\\/UCxL0wu1uN0_3_7hGG0306cw\"]},{\"@type\":\"Person\",\"@id\":\"https:\\\/\\\/www.bellunopress.it\\\/#\\\/schema\\\/person\\\/79bb06722b37ece1c03d3e94beb30d73\",\"name\":\"redazione\",\"image\":{\"@type\":\"ImageObject\",\"inLanguage\":\"fr-FR\",\"@id\":\"https:\\\/\\\/secure.gravatar.com\\\/avatar\\\/37d968a2e67a6fd04c169c4bdef102d0bc5d31b2546345219e348575eb80e9a0?s=96&d=mm&r=g\",\"url\":\"https:\\\/\\\/secure.gravatar.com\\\/avatar\\\/37d968a2e67a6fd04c169c4bdef102d0bc5d31b2546345219e348575eb80e9a0?s=96&d=mm&r=g\",\"contentUrl\":\"https:\\\/\\\/secure.gravatar.com\\\/avatar\\\/37d968a2e67a6fd04c169c4bdef102d0bc5d31b2546345219e348575eb80e9a0?s=96&d=mm&r=g\",\"caption\":\"redazione\"},\"sameAs\":[\"http:\\\/\\\/www.bellunopress.it\",\"https:\\\/\\\/x.com\\\/bellunopress\"],\"url\":\"https:\\\/\\\/www.bellunopress.it\\\/fr\\\/author\\\/redazione\\\/\"}]}<\/script>\n<!-- \/ Yoast SEO plugin. -->","yoast_head_json":{"title":"Bond chiede liquidit\u00e0 a favore dellle imprese bellunesi - Bellunopress - Dolomiti","robots":{"index":"index","follow":"follow","max-snippet":"max-snippet:-1","max-image-preview":"max-image-preview:large","max-video-preview":"max-video-preview:-1"},"canonical":"https:\/\/www.bellunopress.it\/fr\/2013\/03\/13\/bond-chiede-liquidita-a-favore-dellle-imprese-bellunesi\/","og_locale":"fr_FR","og_type":"article","og_title":"Bond chiede liquidit\u00e0 a favore dellle imprese bellunesi - Bellunopress - Dolomiti","og_description":"&nbsp; \u201cHo chiesto all\u2019assessore alle politiche produttive Isi Coppola di trovare nuove risorse per la legge regionale 18 del 1994, quella sugli interventi a favore delle imprese che operano sul territorio bellunese. Penso sia necessario e urgente che il Consiglio regionale \u2013 nell\u2019approvare la Legge Finanziaria e il Bilancio per il 2013 \u2013 si faccia [&hellip;]","og_url":"https:\/\/www.bellunopress.it\/fr\/2013\/03\/13\/bond-chiede-liquidita-a-favore-dellle-imprese-bellunesi\/","og_site_name":"Bellunopress - Dolomiti","article_publisher":"https:\/\/www.facebook.com\/profile.php?id=100008943462799","article_published_time":"2013-03-13T18:57:01+00:00","og_image":[{"url":"http:\/\/www.bellunopress.it\/wp-content\/uploads\/2012\/09\/bond.jpg","type":"","width":"","height":""}],"author":"redazione","twitter_card":"summary_large_image","twitter_creator":"@bellunopress","twitter_site":"@bellunopress","twitter_misc":{"\u00c9crit par":"redazione","Dur\u00e9e de lecture estim\u00e9e":"1 minute"},"schema":{"@context":"https:\/\/schema.org","@graph":[{"@type":"Article","@id":"https:\/\/www.bellunopress.it\/2013\/03\/13\/bond-chiede-liquidita-a-favore-dellle-imprese-bellunesi\/#article","isPartOf":{"@id":"https:\/\/www.bellunopress.it\/2013\/03\/13\/bond-chiede-liquidita-a-favore-dellle-imprese-bellunesi\/"},"author":{"name":"redazione","@id":"https:\/\/www.bellunopress.it\/#\/schema\/person\/79bb06722b37ece1c03d3e94beb30d73"},"headline":"Bond chiede liquidit\u00e0 a favore dellle imprese bellunesi","datePublished":"2013-03-13T18:57:01+00:00","mainEntityOfPage":{"@id":"https:\/\/www.bellunopress.it\/2013\/03\/13\/bond-chiede-liquidita-a-favore-dellle-imprese-bellunesi\/"},"wordCount":216,"publisher":{"@id":"https:\/\/www.bellunopress.it\/#organization"},"image":{"@id":"https:\/\/www.bellunopress.it\/2013\/03\/13\/bond-chiede-liquidita-a-favore-dellle-imprese-bellunesi\/#primaryimage"},"thumbnailUrl":"http:\/\/www.bellunopress.it\/wp-content\/uploads\/2012\/09\/bond.jpg","articleSection":["Cronaca\/Politica","Prima Pagina"],"inLanguage":"fr-FR"},{"@type":"WebPage","@id":"https:\/\/www.bellunopress.it\/2013\/03\/13\/bond-chiede-liquidita-a-favore-dellle-imprese-bellunesi\/","url":"https:\/\/www.bellunopress.it\/2013\/03\/13\/bond-chiede-liquidita-a-favore-dellle-imprese-bellunesi\/","name":"Bond chiede liquidit\u00e0 a favore dellle imprese bellunesi - Bellunopress - Dolomiti","isPartOf":{"@id":"https:\/\/www.bellunopress.it\/#website"},"primaryImageOfPage":{"@id":"https:\/\/www.bellunopress.it\/2013\/03\/13\/bond-chiede-liquidita-a-favore-dellle-imprese-bellunesi\/#primaryimage"},"image":{"@id":"https:\/\/www.bellunopress.it\/2013\/03\/13\/bond-chiede-liquidita-a-favore-dellle-imprese-bellunesi\/#primaryimage"},"thumbnailUrl":"http:\/\/www.bellunopress.it\/wp-content\/uploads\/2012\/09\/bond.jpg","datePublished":"2013-03-13T18:57:01+00:00","breadcrumb":{"@id":"https:\/\/www.bellunopress.it\/2013\/03\/13\/bond-chiede-liquidita-a-favore-dellle-imprese-bellunesi\/#breadcrumb"},"inLanguage":"fr-FR","potentialAction":[{"@type":"ReadAction","target":["https:\/\/www.bellunopress.it\/2013\/03\/13\/bond-chiede-liquidita-a-favore-dellle-imprese-bellunesi\/"]}]},{"@type":"ImageObject","inLanguage":"fr-FR","@id":"https:\/\/www.bellunopress.it\/2013\/03\/13\/bond-chiede-liquidita-a-favore-dellle-imprese-bellunesi\/#primaryimage","url":"http:\/\/www.bellunopress.it\/wp-content\/uploads\/2012\/09\/bond.jpg","contentUrl":"http:\/\/www.bellunopress.it\/wp-content\/uploads\/2012\/09\/bond.jpg"},{"@type":"BreadcrumbList","@id":"https:\/\/www.bellunopress.it\/2013\/03\/13\/bond-chiede-liquidita-a-favore-dellle-imprese-bellunesi\/#breadcrumb","itemListElement":[{"@type":"ListItem","position":1,"name":"Home","item":"https:\/\/www.bellunopress.it\/"},{"@type":"ListItem","position":2,"name":"Bond chiede liquidit\u00e0 a favore dellle imprese bellunesi"}]},{"@type":"WebSite","@id":"https:\/\/www.bellunopress.it\/#website","url":"https:\/\/www.bellunopress.it\/","name":"Bellunopress - Dolomiti","description":"e-mail: redazione@bellunopress.it","publisher":{"@id":"https:\/\/www.bellunopress.it\/#organization"},"potentialAction":[{"@type":"SearchAction","target":{"@type":"EntryPoint","urlTemplate":"https:\/\/www.bellunopress.it\/?s={search_term_string}"},"query-input":{"@type":"PropertyValueSpecification","valueRequired":true,"valueName":"search_term_string"}}],"inLanguage":"fr-FR"},{"@type":"Organization","@id":"https:\/\/www.bellunopress.it\/#organization","name":"Bellunopress","url":"https:\/\/www.bellunopress.it\/","logo":{"@type":"ImageObject","inLanguage":"fr-FR","@id":"https:\/\/www.bellunopress.it\/#\/schema\/logo\/image\/","url":"https:\/\/www.bellunopress.it\/wp-content\/uploads\/2011\/05\/cropped-logo-bellunopress-.jpg","contentUrl":"https:\/\/www.bellunopress.it\/wp-content\/uploads\/2011\/05\/cropped-logo-bellunopress-.jpg","width":512,"height":512,"caption":"Bellunopress"},"image":{"@id":"https:\/\/www.bellunopress.it\/#\/schema\/logo\/image\/"},"sameAs":["https:\/\/www.facebook.com\/profile.php?id=100008943462799","https:\/\/x.com\/bellunopress","https:\/\/www.linkedin.com\/hp\/?dnr=JBzUWaJfMUw8vbXJJ2tVW5-I3jZKvC4wsoxE&amp;amp;amp;amp;amp;amp;trk=nav_responsive_tab_home","https:\/\/www.youtube.com\/channel\/UCxL0wu1uN0_3_7hGG0306cw"]},{"@type":"Person","@id":"https:\/\/www.bellunopress.it\/#\/schema\/person\/79bb06722b37ece1c03d3e94beb30d73","name":"r\u00e9daction","image":{"@type":"ImageObject","inLanguage":"fr-FR","@id":"https:\/\/secure.gravatar.com\/avatar\/37d968a2e67a6fd04c169c4bdef102d0bc5d31b2546345219e348575eb80e9a0?s=96&d=mm&r=g","url":"https:\/\/secure.gravatar.com\/avatar\/37d968a2e67a6fd04c169c4bdef102d0bc5d31b2546345219e348575eb80e9a0?s=96&d=mm&r=g","contentUrl":"https:\/\/secure.gravatar.com\/avatar\/37d968a2e67a6fd04c169c4bdef102d0bc5d31b2546345219e348575eb80e9a0?s=96&d=mm&r=g","caption":"redazione"},"sameAs":["http:\/\/www.bellunopress.it","https:\/\/x.com\/bellunopress"],"url":"https:\/\/www.bellunopress.it\/fr\/author\/redazione\/"}]}},"_links":{"self":[{"href":"https:\/\/www.bellunopress.it\/fr\/wp-json\/wp\/v2\/posts\/47580","targetHints":{"allow":["GET"]}}],"collection":[{"href":"https:\/\/www.bellunopress.it\/fr\/wp-json\/wp\/v2\/posts"}],"about":[{"href":"https:\/\/www.bellunopress.it\/fr\/wp-json\/wp\/v2\/types\/post"}],"author":[{"embeddable":true,"href":"https:\/\/www.bellunopress.it\/fr\/wp-json\/wp\/v2\/users\/2"}],"replies":[{"embeddable":true,"href":"https:\/\/www.bellunopress.it\/fr\/wp-json\/wp\/v2\/comments?post=47580"}],"version-history":[{"count":1,"href":"https:\/\/www.bellunopress.it\/fr\/wp-json\/wp\/v2\/posts\/47580\/revisions"}],"predecessor-version":[{"id":47581,"href":"https:\/\/www.bellunopress.it\/fr\/wp-json\/wp\/v2\/posts\/47580\/revisions\/47581"}],"wp:attachment":[{"href":"https:\/\/www.bellunopress.it\/fr\/wp-json\/wp\/v2\/media?parent=47580"}],"wp:term":[{"taxonomy":"category","embeddable":true,"href":"https:\/\/www.bellunopress.it\/fr\/wp-json\/wp\/v2\/categories?post=47580"},{"taxonomy":"post_tag","embeddable":true,"href":"https:\/\/www.bellunopress.it\/fr\/wp-json\/wp\/v2\/tags?post=47580"}],"curies":[{"name":"wp","href":"https:\/\/api.w.org\/{rel}","templated":true}]}}