{"id":47576,"date":"2013-03-13T19:41:09","date_gmt":"2013-03-13T18:41:09","guid":{"rendered":"http:\/\/www.bellunopress.it\/?p=47576"},"modified":"2013-03-13T19:41:09","modified_gmt":"2013-03-13T18:41:09","slug":"agrimont-2013-sabato-a-longarone-fiere-un-importante-convegno-sul-sistema-fondiario-montano","status":"publish","type":"post","link":"https:\/\/www.bellunopress.it\/fr\/2013\/03\/13\/agrimont-2013-sabato-a-longarone-fiere-un-importante-convegno-sul-sistema-fondiario-montano\/","title":{"rendered":"Agrimont 2013. Sabato a Longarone fiere un importante convegno sul sistema fondiario montano"},"content":{"rendered":"<p><a href=\"http:\/\/www.bellunopress.it\/wp-content\/uploads\/2011\/03\/agrimont.jpg\"><img loading=\"lazy\" decoding=\"async\" class=\"alignleft size-full wp-image-25073\" alt=\"agrimont\" src=\"http:\/\/www.bellunopress.it\/wp-content\/uploads\/2011\/03\/agrimont.jpg\" width=\"270\" height=\"171\" \/><\/a>La gestione del territorio e dei fondi agricoli sta diventando sempre pi\u00f9 difficile e problematica perch\u00e8 accentuata da una programmazione urbanistica spesso non coerente e non coordinata a livello di vallata o di aree contigue. Spesso infatti i migliori terreni agricoli, per giacitura e fertilit\u00e0, sono stati oggetto di insediamenti di vario genere, la viabilit\u00e0 ha tagliato i fondi rendendoli difficilmente raggiungibili o coltivabili, etc.<\/p>\n<p>A ci\u00f2 si devono aggiungere le problematiche dovute alle successioni che comportano un vero e proprio smembramento delle propriet\u00e0 in piccoli appezzamenti che non hanno pi\u00f9 valore agronomico e fondiario.<\/p>\n<p>Questa questione, se ovviamente tocca direttamente le aziende agricole, porta con s\u00e8 anche un problema d\u2019ordine urbanistico, paesaggistico e sociale.<\/p>\n<p>Per dare una risposta adeguata a queste argomentazioni la Confagricoltura Belluno, la Confederazione Agricoltori di Belluno e la Fondazione \u201cMontagna Europa\u201d Arnaldo Colleselli, hanno organizzato un importante Convegno nell\u2019ambito di AGRIMONT 2013 che si terr\u00e0 Sabato con inizio alle ore 10 presso la Sala Convegni di Longarone Fiere.<\/p>\n<p>Il Seminario, di alto profilo tecnico, che ha per titolo \u201cRiordino del Sistema Fondiario Montano\u201d, vedr\u00e0 come moderatore il giornalista Maurizio Busatta. Dopo il saluto delle autorit\u00e0, \u00e8 previsto fra gli altri l\u2019intervento del Presidente di Longarone Fiere Oscar De Bona, del Presidente della Camera di Commercio di Belluno Luigi Curto; i Presidenti di Confagricoltura Diego Donazzolo e della CIA Marta Zampieri introdurranno il tema dell\u2019incontro. L\u2019avv. Enrico Gaz tratter\u00e0 gli aspetti giuridici e normativi relativi alla propriet\u00e0 fondiaria e il tema del diritto successorio, mentre il dottore forestale Orazio Andrich, profondo conoscitore delle \u201cTerre Alte\u201d, si soffermer\u00e0 sulle problematiche relative alla gestione del riordino fondiario in montagna.<\/p>\n<p>Importante sar\u00e0 anche l\u2019intervento del prof. Geremia Gios dell\u2019Universit\u00e0 di Trento che fornir\u00e0 indicazioni dei costi che la frammentazione fondiaria comporta, mentre il Segretario della Convenzione delle Alpi Marcella Morandini dar\u00e0 una visione pi\u00f9 ampia su quanto \u00e8 stato fatto in Europa e sulle esperienze maturate nel merito in altri Paesi europei.<\/p>\n<p>Un Convegno, quindi, che abbraccia l\u2019insieme delle problematiche legate alla frammentazione e alla polverizzazione fondiaria che creano notevoli vincoli e costi per le imprese agricole. Nella nostra provincia ci sono aziende agricole che per gestire 85 ettari di superficie abbisognano di 1220 particelle, mentre nelle zone di pianura le stesse superfici sono identificate con una sola decina di particelle.<\/p>\n<p>&nbsp;<\/p>","protected":false},"excerpt":{"rendered":"<p>La gestione del territorio e dei fondi agricoli sta diventando sempre pi\u00f9 difficile e problematica perch\u00e8 accentuata da una programmazione urbanistica spesso non coerente e non coordinata a livello di vallata o di aree contigue. Spesso infatti i migliori terreni agricoli, per giacitura e fertilit\u00e0, sono stati oggetto di insediamenti di vario genere, la viabilit\u00e0 [&hellip;]<\/p>\n","protected":false},"author":2,"featured_media":0,"comment_status":"closed","ping_status":"open","sticky":false,"template":"","format":"standard","meta":{"footnotes":""},"categories":[27,36,26],"tags":[],"class_list":["post-47576","post","type-post","status-publish","format-standard","category-appuntamenti","category-lavoro-economia","category-prima-pagina"],"yoast_head":"<!-- This site is optimized with the Yoast SEO plugin v28.4 - https:\/\/yoast.com\/product\/yoast-seo-wordpress\/ -->\n<title>Agrimont 2013. Sabato a Longarone fiere un importante convegno sul sistema fondiario montano - Bellunopress - Dolomiti<\/title>\n<meta name=\"robots\" content=\"index, follow, max-snippet:-1, max-image-preview:large, max-video-preview:-1\" \/>\n<link rel=\"canonical\" href=\"https:\/\/www.bellunopress.it\/fr\/2013\/03\/13\/agrimont-2013-sabato-a-longarone-fiere-un-importante-convegno-sul-sistema-fondiario-montano\/\" \/>\n<meta property=\"og:locale\" content=\"fr_FR\" \/>\n<meta property=\"og:type\" content=\"article\" \/>\n<meta property=\"og:title\" content=\"Agrimont 2013. Sabato a Longarone fiere un importante convegno sul sistema fondiario montano - Bellunopress - Dolomiti\" \/>\n<meta property=\"og:description\" content=\"La gestione del territorio e dei fondi agricoli sta diventando sempre pi\u00f9 difficile e problematica perch\u00e8 accentuata da una programmazione urbanistica spesso non coerente e non coordinata a livello di vallata o di aree contigue. Spesso infatti i migliori terreni agricoli, per giacitura e fertilit\u00e0, sono stati oggetto di insediamenti di vario genere, la viabilit\u00e0 [&hellip;]\" \/>\n<meta property=\"og:url\" content=\"https:\/\/www.bellunopress.it\/fr\/2013\/03\/13\/agrimont-2013-sabato-a-longarone-fiere-un-importante-convegno-sul-sistema-fondiario-montano\/\" \/>\n<meta property=\"og:site_name\" content=\"Bellunopress - Dolomiti\" \/>\n<meta property=\"article:publisher\" content=\"https:\/\/www.facebook.com\/profile.php?id=100008943462799\" \/>\n<meta property=\"article:published_time\" content=\"2013-03-13T18:41:09+00:00\" \/>\n<meta property=\"og:image\" content=\"http:\/\/www.bellunopress.it\/wp-content\/uploads\/2011\/03\/agrimont.jpg\" \/>\n<meta name=\"author\" content=\"redazione\" \/>\n<meta name=\"twitter:card\" content=\"summary_large_image\" \/>\n<meta name=\"twitter:creator\" content=\"@bellunopress\" \/>\n<meta name=\"twitter:site\" content=\"@bellunopress\" \/>\n<meta name=\"twitter:label1\" content=\"Written by\" \/>\n\t<meta name=\"twitter:data1\" content=\"redazione\" \/>\n\t<meta name=\"twitter:label2\" content=\"Est. reading time\" \/>\n\t<meta name=\"twitter:data2\" content=\"2 minutes\" \/>\n<script type=\"application\/ld+json\" class=\"yoast-schema-graph\">{\"@context\":\"https:\\\/\\\/schema.org\",\"@graph\":[{\"@type\":\"Article\",\"@id\":\"https:\\\/\\\/www.bellunopress.it\\\/2013\\\/03\\\/13\\\/agrimont-2013-sabato-a-longarone-fiere-un-importante-convegno-sul-sistema-fondiario-montano\\\/#article\",\"isPartOf\":{\"@id\":\"https:\\\/\\\/www.bellunopress.it\\\/2013\\\/03\\\/13\\\/agrimont-2013-sabato-a-longarone-fiere-un-importante-convegno-sul-sistema-fondiario-montano\\\/\"},\"author\":{\"name\":\"redazione\",\"@id\":\"https:\\\/\\\/www.bellunopress.it\\\/#\\\/schema\\\/person\\\/79bb06722b37ece1c03d3e94beb30d73\"},\"headline\":\"Agrimont 2013. Sabato a Longarone fiere un importante convegno sul sistema fondiario montano\",\"datePublished\":\"2013-03-13T18:41:09+00:00\",\"mainEntityOfPage\":{\"@id\":\"https:\\\/\\\/www.bellunopress.it\\\/2013\\\/03\\\/13\\\/agrimont-2013-sabato-a-longarone-fiere-un-importante-convegno-sul-sistema-fondiario-montano\\\/\"},\"wordCount\":397,\"publisher\":{\"@id\":\"https:\\\/\\\/www.bellunopress.it\\\/#organization\"},\"image\":{\"@id\":\"https:\\\/\\\/www.bellunopress.it\\\/2013\\\/03\\\/13\\\/agrimont-2013-sabato-a-longarone-fiere-un-importante-convegno-sul-sistema-fondiario-montano\\\/#primaryimage\"},\"thumbnailUrl\":\"http:\\\/\\\/www.bellunopress.it\\\/wp-content\\\/uploads\\\/2011\\\/03\\\/agrimont.jpg\",\"articleSection\":[\"Appuntamenti, Eventi\",\"Lavoro, Economia, Turismo\",\"Prima Pagina\"],\"inLanguage\":\"fr-FR\"},{\"@type\":\"WebPage\",\"@id\":\"https:\\\/\\\/www.bellunopress.it\\\/2013\\\/03\\\/13\\\/agrimont-2013-sabato-a-longarone-fiere-un-importante-convegno-sul-sistema-fondiario-montano\\\/\",\"url\":\"https:\\\/\\\/www.bellunopress.it\\\/2013\\\/03\\\/13\\\/agrimont-2013-sabato-a-longarone-fiere-un-importante-convegno-sul-sistema-fondiario-montano\\\/\",\"name\":\"Agrimont 2013. Sabato a Longarone fiere un importante convegno sul sistema fondiario montano - Bellunopress - Dolomiti\",\"isPartOf\":{\"@id\":\"https:\\\/\\\/www.bellunopress.it\\\/#website\"},\"primaryImageOfPage\":{\"@id\":\"https:\\\/\\\/www.bellunopress.it\\\/2013\\\/03\\\/13\\\/agrimont-2013-sabato-a-longarone-fiere-un-importante-convegno-sul-sistema-fondiario-montano\\\/#primaryimage\"},\"image\":{\"@id\":\"https:\\\/\\\/www.bellunopress.it\\\/2013\\\/03\\\/13\\\/agrimont-2013-sabato-a-longarone-fiere-un-importante-convegno-sul-sistema-fondiario-montano\\\/#primaryimage\"},\"thumbnailUrl\":\"http:\\\/\\\/www.bellunopress.it\\\/wp-content\\\/uploads\\\/2011\\\/03\\\/agrimont.jpg\",\"datePublished\":\"2013-03-13T18:41:09+00:00\",\"breadcrumb\":{\"@id\":\"https:\\\/\\\/www.bellunopress.it\\\/2013\\\/03\\\/13\\\/agrimont-2013-sabato-a-longarone-fiere-un-importante-convegno-sul-sistema-fondiario-montano\\\/#breadcrumb\"},\"inLanguage\":\"fr-FR\",\"potentialAction\":[{\"@type\":\"ReadAction\",\"target\":[\"https:\\\/\\\/www.bellunopress.it\\\/2013\\\/03\\\/13\\\/agrimont-2013-sabato-a-longarone-fiere-un-importante-convegno-sul-sistema-fondiario-montano\\\/\"]}]},{\"@type\":\"ImageObject\",\"inLanguage\":\"fr-FR\",\"@id\":\"https:\\\/\\\/www.bellunopress.it\\\/2013\\\/03\\\/13\\\/agrimont-2013-sabato-a-longarone-fiere-un-importante-convegno-sul-sistema-fondiario-montano\\\/#primaryimage\",\"url\":\"http:\\\/\\\/www.bellunopress.it\\\/wp-content\\\/uploads\\\/2011\\\/03\\\/agrimont.jpg\",\"contentUrl\":\"http:\\\/\\\/www.bellunopress.it\\\/wp-content\\\/uploads\\\/2011\\\/03\\\/agrimont.jpg\"},{\"@type\":\"BreadcrumbList\",\"@id\":\"https:\\\/\\\/www.bellunopress.it\\\/2013\\\/03\\\/13\\\/agrimont-2013-sabato-a-longarone-fiere-un-importante-convegno-sul-sistema-fondiario-montano\\\/#breadcrumb\",\"itemListElement\":[{\"@type\":\"ListItem\",\"position\":1,\"name\":\"Home\",\"item\":\"https:\\\/\\\/www.bellunopress.it\\\/\"},{\"@type\":\"ListItem\",\"position\":2,\"name\":\"Agrimont 2013. Sabato a Longarone fiere un importante convegno sul sistema fondiario montano\"}]},{\"@type\":\"WebSite\",\"@id\":\"https:\\\/\\\/www.bellunopress.it\\\/#website\",\"url\":\"https:\\\/\\\/www.bellunopress.it\\\/\",\"name\":\"Bellunopress - Dolomiti\",\"description\":\"e-mail: redazione@bellunopress.it\",\"publisher\":{\"@id\":\"https:\\\/\\\/www.bellunopress.it\\\/#organization\"},\"potentialAction\":[{\"@type\":\"SearchAction\",\"target\":{\"@type\":\"EntryPoint\",\"urlTemplate\":\"https:\\\/\\\/www.bellunopress.it\\\/?s={search_term_string}\"},\"query-input\":{\"@type\":\"PropertyValueSpecification\",\"valueRequired\":true,\"valueName\":\"search_term_string\"}}],\"inLanguage\":\"fr-FR\"},{\"@type\":\"Organization\",\"@id\":\"https:\\\/\\\/www.bellunopress.it\\\/#organization\",\"name\":\"Bellunopress\",\"url\":\"https:\\\/\\\/www.bellunopress.it\\\/\",\"logo\":{\"@type\":\"ImageObject\",\"inLanguage\":\"fr-FR\",\"@id\":\"https:\\\/\\\/www.bellunopress.it\\\/#\\\/schema\\\/logo\\\/image\\\/\",\"url\":\"https:\\\/\\\/www.bellunopress.it\\\/wp-content\\\/uploads\\\/2011\\\/05\\\/cropped-logo-bellunopress-.jpg\",\"contentUrl\":\"https:\\\/\\\/www.bellunopress.it\\\/wp-content\\\/uploads\\\/2011\\\/05\\\/cropped-logo-bellunopress-.jpg\",\"width\":512,\"height\":512,\"caption\":\"Bellunopress\"},\"image\":{\"@id\":\"https:\\\/\\\/www.bellunopress.it\\\/#\\\/schema\\\/logo\\\/image\\\/\"},\"sameAs\":[\"https:\\\/\\\/www.facebook.com\\\/profile.php?id=100008943462799\",\"https:\\\/\\\/x.com\\\/bellunopress\",\"https:\\\/\\\/www.linkedin.com\\\/hp\\\/?dnr=JBzUWaJfMUw8vbXJJ2tVW5-I3jZKvC4wsoxE&amp;amp;amp;amp;amp;amp;trk=nav_responsive_tab_home\",\"https:\\\/\\\/www.youtube.com\\\/channel\\\/UCxL0wu1uN0_3_7hGG0306cw\"]},{\"@type\":\"Person\",\"@id\":\"https:\\\/\\\/www.bellunopress.it\\\/#\\\/schema\\\/person\\\/79bb06722b37ece1c03d3e94beb30d73\",\"name\":\"redazione\",\"image\":{\"@type\":\"ImageObject\",\"inLanguage\":\"fr-FR\",\"@id\":\"https:\\\/\\\/secure.gravatar.com\\\/avatar\\\/37d968a2e67a6fd04c169c4bdef102d0bc5d31b2546345219e348575eb80e9a0?s=96&d=mm&r=g\",\"url\":\"https:\\\/\\\/secure.gravatar.com\\\/avatar\\\/37d968a2e67a6fd04c169c4bdef102d0bc5d31b2546345219e348575eb80e9a0?s=96&d=mm&r=g\",\"contentUrl\":\"https:\\\/\\\/secure.gravatar.com\\\/avatar\\\/37d968a2e67a6fd04c169c4bdef102d0bc5d31b2546345219e348575eb80e9a0?s=96&d=mm&r=g\",\"caption\":\"redazione\"},\"sameAs\":[\"http:\\\/\\\/www.bellunopress.it\",\"https:\\\/\\\/x.com\\\/bellunopress\"],\"url\":\"https:\\\/\\\/www.bellunopress.it\\\/fr\\\/author\\\/redazione\\\/\"}]}<\/script>\n<!-- \/ Yoast SEO plugin. -->","yoast_head_json":{"title":"Agrimont 2013. Sabato a Longarone fiere un importante convegno sul sistema fondiario montano - Bellunopress - Dolomiti","robots":{"index":"index","follow":"follow","max-snippet":"max-snippet:-1","max-image-preview":"max-image-preview:large","max-video-preview":"max-video-preview:-1"},"canonical":"https:\/\/www.bellunopress.it\/fr\/2013\/03\/13\/agrimont-2013-sabato-a-longarone-fiere-un-importante-convegno-sul-sistema-fondiario-montano\/","og_locale":"fr_FR","og_type":"article","og_title":"Agrimont 2013. Sabato a Longarone fiere un importante convegno sul sistema fondiario montano - Bellunopress - Dolomiti","og_description":"La gestione del territorio e dei fondi agricoli sta diventando sempre pi\u00f9 difficile e problematica perch\u00e8 accentuata da una programmazione urbanistica spesso non coerente e non coordinata a livello di vallata o di aree contigue. Spesso infatti i migliori terreni agricoli, per giacitura e fertilit\u00e0, sono stati oggetto di insediamenti di vario genere, la viabilit\u00e0 [&hellip;]","og_url":"https:\/\/www.bellunopress.it\/fr\/2013\/03\/13\/agrimont-2013-sabato-a-longarone-fiere-un-importante-convegno-sul-sistema-fondiario-montano\/","og_site_name":"Bellunopress - Dolomiti","article_publisher":"https:\/\/www.facebook.com\/profile.php?id=100008943462799","article_published_time":"2013-03-13T18:41:09+00:00","og_image":[{"url":"http:\/\/www.bellunopress.it\/wp-content\/uploads\/2011\/03\/agrimont.jpg","type":"","width":"","height":""}],"author":"redazione","twitter_card":"summary_large_image","twitter_creator":"@bellunopress","twitter_site":"@bellunopress","twitter_misc":{"Written by":"redazione","Est. reading time":"2 minutes"},"schema":{"@context":"https:\/\/schema.org","@graph":[{"@type":"Article","@id":"https:\/\/www.bellunopress.it\/2013\/03\/13\/agrimont-2013-sabato-a-longarone-fiere-un-importante-convegno-sul-sistema-fondiario-montano\/#article","isPartOf":{"@id":"https:\/\/www.bellunopress.it\/2013\/03\/13\/agrimont-2013-sabato-a-longarone-fiere-un-importante-convegno-sul-sistema-fondiario-montano\/"},"author":{"name":"redazione","@id":"https:\/\/www.bellunopress.it\/#\/schema\/person\/79bb06722b37ece1c03d3e94beb30d73"},"headline":"Agrimont 2013. Sabato a Longarone fiere un importante convegno sul sistema fondiario montano","datePublished":"2013-03-13T18:41:09+00:00","mainEntityOfPage":{"@id":"https:\/\/www.bellunopress.it\/2013\/03\/13\/agrimont-2013-sabato-a-longarone-fiere-un-importante-convegno-sul-sistema-fondiario-montano\/"},"wordCount":397,"publisher":{"@id":"https:\/\/www.bellunopress.it\/#organization"},"image":{"@id":"https:\/\/www.bellunopress.it\/2013\/03\/13\/agrimont-2013-sabato-a-longarone-fiere-un-importante-convegno-sul-sistema-fondiario-montano\/#primaryimage"},"thumbnailUrl":"http:\/\/www.bellunopress.it\/wp-content\/uploads\/2011\/03\/agrimont.jpg","articleSection":["Appuntamenti, Eventi","Lavoro, Economia, Turismo","Prima Pagina"],"inLanguage":"fr-FR"},{"@type":"WebPage","@id":"https:\/\/www.bellunopress.it\/2013\/03\/13\/agrimont-2013-sabato-a-longarone-fiere-un-importante-convegno-sul-sistema-fondiario-montano\/","url":"https:\/\/www.bellunopress.it\/2013\/03\/13\/agrimont-2013-sabato-a-longarone-fiere-un-importante-convegno-sul-sistema-fondiario-montano\/","name":"Agrimont 2013. Sabato a Longarone fiere un importante convegno sul sistema fondiario montano - Bellunopress - Dolomiti","isPartOf":{"@id":"https:\/\/www.bellunopress.it\/#website"},"primaryImageOfPage":{"@id":"https:\/\/www.bellunopress.it\/2013\/03\/13\/agrimont-2013-sabato-a-longarone-fiere-un-importante-convegno-sul-sistema-fondiario-montano\/#primaryimage"},"image":{"@id":"https:\/\/www.bellunopress.it\/2013\/03\/13\/agrimont-2013-sabato-a-longarone-fiere-un-importante-convegno-sul-sistema-fondiario-montano\/#primaryimage"},"thumbnailUrl":"http:\/\/www.bellunopress.it\/wp-content\/uploads\/2011\/03\/agrimont.jpg","datePublished":"2013-03-13T18:41:09+00:00","breadcrumb":{"@id":"https:\/\/www.bellunopress.it\/2013\/03\/13\/agrimont-2013-sabato-a-longarone-fiere-un-importante-convegno-sul-sistema-fondiario-montano\/#breadcrumb"},"inLanguage":"fr-FR","potentialAction":[{"@type":"ReadAction","target":["https:\/\/www.bellunopress.it\/2013\/03\/13\/agrimont-2013-sabato-a-longarone-fiere-un-importante-convegno-sul-sistema-fondiario-montano\/"]}]},{"@type":"ImageObject","inLanguage":"fr-FR","@id":"https:\/\/www.bellunopress.it\/2013\/03\/13\/agrimont-2013-sabato-a-longarone-fiere-un-importante-convegno-sul-sistema-fondiario-montano\/#primaryimage","url":"http:\/\/www.bellunopress.it\/wp-content\/uploads\/2011\/03\/agrimont.jpg","contentUrl":"http:\/\/www.bellunopress.it\/wp-content\/uploads\/2011\/03\/agrimont.jpg"},{"@type":"BreadcrumbList","@id":"https:\/\/www.bellunopress.it\/2013\/03\/13\/agrimont-2013-sabato-a-longarone-fiere-un-importante-convegno-sul-sistema-fondiario-montano\/#breadcrumb","itemListElement":[{"@type":"ListItem","position":1,"name":"Home","item":"https:\/\/www.bellunopress.it\/"},{"@type":"ListItem","position":2,"name":"Agrimont 2013. Sabato a Longarone fiere un importante convegno sul sistema fondiario montano"}]},{"@type":"WebSite","@id":"https:\/\/www.bellunopress.it\/#website","url":"https:\/\/www.bellunopress.it\/","name":"Bellunopress - Dolomiti","description":"e-mail: redazione@bellunopress.it","publisher":{"@id":"https:\/\/www.bellunopress.it\/#organization"},"potentialAction":[{"@type":"SearchAction","target":{"@type":"EntryPoint","urlTemplate":"https:\/\/www.bellunopress.it\/?s={search_term_string}"},"query-input":{"@type":"PropertyValueSpecification","valueRequired":true,"valueName":"search_term_string"}}],"inLanguage":"fr-FR"},{"@type":"Organization","@id":"https:\/\/www.bellunopress.it\/#organization","name":"Bellunopress","url":"https:\/\/www.bellunopress.it\/","logo":{"@type":"ImageObject","inLanguage":"fr-FR","@id":"https:\/\/www.bellunopress.it\/#\/schema\/logo\/image\/","url":"https:\/\/www.bellunopress.it\/wp-content\/uploads\/2011\/05\/cropped-logo-bellunopress-.jpg","contentUrl":"https:\/\/www.bellunopress.it\/wp-content\/uploads\/2011\/05\/cropped-logo-bellunopress-.jpg","width":512,"height":512,"caption":"Bellunopress"},"image":{"@id":"https:\/\/www.bellunopress.it\/#\/schema\/logo\/image\/"},"sameAs":["https:\/\/www.facebook.com\/profile.php?id=100008943462799","https:\/\/x.com\/bellunopress","https:\/\/www.linkedin.com\/hp\/?dnr=JBzUWaJfMUw8vbXJJ2tVW5-I3jZKvC4wsoxE&amp;amp;amp;amp;amp;amp;trk=nav_responsive_tab_home","https:\/\/www.youtube.com\/channel\/UCxL0wu1uN0_3_7hGG0306cw"]},{"@type":"Person","@id":"https:\/\/www.bellunopress.it\/#\/schema\/person\/79bb06722b37ece1c03d3e94beb30d73","name":"r\u00e9daction","image":{"@type":"ImageObject","inLanguage":"fr-FR","@id":"https:\/\/secure.gravatar.com\/avatar\/37d968a2e67a6fd04c169c4bdef102d0bc5d31b2546345219e348575eb80e9a0?s=96&d=mm&r=g","url":"https:\/\/secure.gravatar.com\/avatar\/37d968a2e67a6fd04c169c4bdef102d0bc5d31b2546345219e348575eb80e9a0?s=96&d=mm&r=g","contentUrl":"https:\/\/secure.gravatar.com\/avatar\/37d968a2e67a6fd04c169c4bdef102d0bc5d31b2546345219e348575eb80e9a0?s=96&d=mm&r=g","caption":"redazione"},"sameAs":["http:\/\/www.bellunopress.it","https:\/\/x.com\/bellunopress"],"url":"https:\/\/www.bellunopress.it\/fr\/author\/redazione\/"}]}},"_links":{"self":[{"href":"https:\/\/www.bellunopress.it\/fr\/wp-json\/wp\/v2\/posts\/47576","targetHints":{"allow":["GET"]}}],"collection":[{"href":"https:\/\/www.bellunopress.it\/fr\/wp-json\/wp\/v2\/posts"}],"about":[{"href":"https:\/\/www.bellunopress.it\/fr\/wp-json\/wp\/v2\/types\/post"}],"author":[{"embeddable":true,"href":"https:\/\/www.bellunopress.it\/fr\/wp-json\/wp\/v2\/users\/2"}],"replies":[{"embeddable":true,"href":"https:\/\/www.bellunopress.it\/fr\/wp-json\/wp\/v2\/comments?post=47576"}],"version-history":[{"count":1,"href":"https:\/\/www.bellunopress.it\/fr\/wp-json\/wp\/v2\/posts\/47576\/revisions"}],"predecessor-version":[{"id":47577,"href":"https:\/\/www.bellunopress.it\/fr\/wp-json\/wp\/v2\/posts\/47576\/revisions\/47577"}],"wp:attachment":[{"href":"https:\/\/www.bellunopress.it\/fr\/wp-json\/wp\/v2\/media?parent=47576"}],"wp:term":[{"taxonomy":"category","embeddable":true,"href":"https:\/\/www.bellunopress.it\/fr\/wp-json\/wp\/v2\/categories?post=47576"},{"taxonomy":"post_tag","embeddable":true,"href":"https:\/\/www.bellunopress.it\/fr\/wp-json\/wp\/v2\/tags?post=47576"}],"curies":[{"name":"wp","href":"https:\/\/api.w.org\/{rel}","templated":true}]}}