{"id":47564,"date":"2013-03-12T21:33:10","date_gmt":"2013-03-12T20:33:10","guid":{"rendered":"http:\/\/www.bellunopress.it\/?p=47564"},"modified":"2013-03-12T21:33:10","modified_gmt":"2013-03-12T20:33:10","slug":"l-ulss-n-1-di-belluno-partecipa-alla-settimana-mondiale-del-cervello","status":"publish","type":"post","link":"https:\/\/www.bellunopress.it\/fr\/2013\/03\/12\/l-ulss-n-1-di-belluno-partecipa-alla-settimana-mondiale-del-cervello\/","title":{"rendered":"L\u2019 Ulss n. 1 di Belluno partecipa alla settimana Mondiale del Cervello"},"content":{"rendered":"<p><a href=\"http:\/\/www.bellunopress.it\/wp-content\/uploads\/2011\/11\/ulss-1.jpg\"><img loading=\"lazy\" decoding=\"async\" class=\"alignleft size-full wp-image-32073\" alt=\"ulss 1\" src=\"http:\/\/www.bellunopress.it\/wp-content\/uploads\/2011\/11\/ulss-1.jpg\" width=\"150\" height=\"143\" \/><\/a>Venerd\u00ec 16 marzo a Pieve di Cadore a partire dalle ore 14,00 gli utenti potranno sottoporsi ad un percorso per conoscere il proprio profilo di rischio di malattia cerebro vascolare e un consiglio da parte di medici specialisti presso l\u2019Auditorium COS.MO.<\/p>\n<p>La &#8220;Settimana Mondiale del Cervello&#8221;, dal 11 al 17 marzo 2013, \u00e8 una ricorrenza annuale dedicata a sollecitare la pubblica consapevolezza nei confronti della ricerca sul cervello. Coordinata dai maggiori Enti e Societ\u00e0 Scientifiche Europee e degli Stati Uniti, dal 2010 vede coinvolta anche la Societ\u00e0 Italiana di Neurologia in varie manifestazioni su tutto il territorio nazionale.<\/p>\n<p>I progressi della medicina hanno s\u00ec prodotto un rilevante allungamento della vita ma la qualit\u00e0 di essa conta pi\u00f9 della quantit\u00e0: un cervello ben funzionante \u00e8 alla base della qualit\u00e0.<\/p>\n<p>Tra i maggiori rischi per il cervello certamente nella societ\u00e0 moderna l&#8217;ictus \u00e8 al primo posto. Per la sua incidenza, tasso di mortalit\u00e0 e di invalidit\u00e0 residua, motoria ma anche spesso neuropsichica, anche oramai in et\u00e0 giovanile o comunque &#8220;produttiva&#8221;, \u00e8 diventata a tutti gli effetti una malattia sociale e come tale va affrontata. Naturalmente la sua conoscenza, sapere ci\u00f2 che porta alle malattie cerebro vascolari, le terapie di prevenzione e cura sono capisaldi per un intervento preventivo terapeutico sulla popolazione stessa; i modelli organizzativi sanitari poi devono poter rispondere a sfide che la ricerca e le nuove frontiere terapeutiche propongono.<\/p>\n<p>Infine la sinergia socio sanitaria, supportate anche dall\u2019intervento dei gruppi volontari oramai professionalizzati, deve poter in modo sempre pi\u00f9 incisivo rendere decorosa la qualit\u00e0 di vita al paziente ed ai suoi familiari.<\/p>\n<p>Sulla base di tali proposte e strategie l\u2019 Unit\u00e0 Operativa di Neurologia di Belluno ed in particolare la sezione malattie cerebrovascolari &#8211; Stroke Unit, in collaborazione con l\u2019Unit\u00e0 Operativa di Medicina di Pieve di Cadore ed il Comune di Pieve di Cadore, organizza un incontro di educazione sanitaria con la popolazione \u201cConosci il tuo cervello? Prevenzione dell\u2019ictus\u201d, Venerd\u00ec 15 marzo 2013, presso l\u2019Auditorium COS.MO<\/p>\n<p>La manifestazione avr\u00e0 inizio alle ore 14,00 con una breve relazione, tenuta da medici neurologi specialisti, sui primi dati scaturiti dalle precedenti edizioni; una fotografia delle patologie da cui \u00e8 affetta la nostra popolazione, dei fattori di rischio in relazione agli stili di vita, dell&#8217;uso dei farmaci e la loro capacit\u00e0 di controllo.<\/p>\n<p>Verr\u00e0 poi presentato l\u2019esame Eco Color Doppler dei vasi cerebrali e un breve spaccato sui modelli organizzativi della Azienda ULSS n. 1, per migliorare la possibilit\u00e0 di usufruire del nuovo trattamento trombolitico nell&#8217;ambito del territorio aziendale.<\/p>\n<p>Dalle ore 16.15 i cittadini che lo vorranno, seguiti dal personale infermieristico delle Unit\u00e0 Operative, potranno sottoporsi in modo anonimo ad un breve ma essenziale &#8220;percorso&#8221;, un check up con test di glicemia e colesterolo, valutazione dell\u2019indice di massa corporea e circonferenza vita, registrazione dei valori pressori, alla fine del quale sar\u00e0 possibile conoscere il proprio profilo di rischio cerebro vascolare ed ottenere un eventuale consiglio medico, nel pieno rispetto della privacy per quanto attiene alle personali condizioni morbose o terapeutiche.<\/p>\n<p>&nbsp;<\/p>","protected":false},"excerpt":{"rendered":"<p>Venerd\u00ec 16 marzo a Pieve di Cadore a partire dalle ore 14,00 gli utenti potranno sottoporsi ad un percorso per conoscere il proprio profilo di rischio di malattia cerebro vascolare e un consiglio da parte di medici specialisti presso l\u2019Auditorium COS.MO. La &#8220;Settimana Mondiale del Cervello&#8221;, dal 11 al 17 marzo 2013, \u00e8 una ricorrenza [&hellip;]<\/p>\n","protected":false},"author":2,"featured_media":0,"comment_status":"closed","ping_status":"open","sticky":false,"template":"","format":"standard","meta":{"footnotes":""},"categories":[26,17],"tags":[],"class_list":["post-47564","post","type-post","status-publish","format-standard","category-prima-pagina","category-sanita"],"yoast_head":"<!-- This site is optimized with the Yoast SEO plugin v28.4 - https:\/\/yoast.com\/product\/yoast-seo-wordpress\/ -->\n<title>L\u2019 Ulss n. 1 di Belluno partecipa alla settimana Mondiale del Cervello - Bellunopress - Dolomiti<\/title>\n<meta name=\"robots\" content=\"index, follow, max-snippet:-1, max-image-preview:large, max-video-preview:-1\" \/>\n<link rel=\"canonical\" href=\"https:\/\/www.bellunopress.it\/fr\/2013\/03\/12\/l-ulss-n-1-di-belluno-partecipa-alla-settimana-mondiale-del-cervello\/\" \/>\n<meta property=\"og:locale\" content=\"fr_FR\" \/>\n<meta property=\"og:type\" content=\"article\" \/>\n<meta property=\"og:title\" content=\"L\u2019 Ulss n. 1 di Belluno partecipa alla settimana Mondiale del Cervello - Bellunopress - Dolomiti\" \/>\n<meta property=\"og:description\" content=\"Venerd\u00ec 16 marzo a Pieve di Cadore a partire dalle ore 14,00 gli utenti potranno sottoporsi ad un percorso per conoscere il proprio profilo di rischio di malattia cerebro vascolare e un consiglio da parte di medici specialisti presso l\u2019Auditorium COS.MO. La &#8220;Settimana Mondiale del Cervello&#8221;, dal 11 al 17 marzo 2013, \u00e8 una ricorrenza [&hellip;]\" \/>\n<meta property=\"og:url\" content=\"https:\/\/www.bellunopress.it\/fr\/2013\/03\/12\/l-ulss-n-1-di-belluno-partecipa-alla-settimana-mondiale-del-cervello\/\" \/>\n<meta property=\"og:site_name\" content=\"Bellunopress - Dolomiti\" \/>\n<meta property=\"article:publisher\" content=\"https:\/\/www.facebook.com\/profile.php?id=100008943462799\" \/>\n<meta property=\"article:published_time\" content=\"2013-03-12T20:33:10+00:00\" \/>\n<meta property=\"og:image\" content=\"http:\/\/www.bellunopress.it\/wp-content\/uploads\/2011\/11\/ulss-1.jpg\" \/>\n<meta name=\"author\" content=\"redazione\" \/>\n<meta name=\"twitter:card\" content=\"summary_large_image\" \/>\n<meta name=\"twitter:creator\" content=\"@bellunopress\" \/>\n<meta name=\"twitter:site\" content=\"@bellunopress\" \/>\n<meta name=\"twitter:label1\" content=\"Written by\" \/>\n\t<meta name=\"twitter:data1\" content=\"redazione\" \/>\n\t<meta name=\"twitter:label2\" content=\"Est. reading time\" \/>\n\t<meta name=\"twitter:data2\" content=\"2 minutes\" \/>\n<script type=\"application\/ld+json\" class=\"yoast-schema-graph\">{\"@context\":\"https:\\\/\\\/schema.org\",\"@graph\":[{\"@type\":\"Article\",\"@id\":\"https:\\\/\\\/www.bellunopress.it\\\/2013\\\/03\\\/12\\\/l-ulss-n-1-di-belluno-partecipa-alla-settimana-mondiale-del-cervello\\\/#article\",\"isPartOf\":{\"@id\":\"https:\\\/\\\/www.bellunopress.it\\\/2013\\\/03\\\/12\\\/l-ulss-n-1-di-belluno-partecipa-alla-settimana-mondiale-del-cervello\\\/\"},\"author\":{\"name\":\"redazione\",\"@id\":\"https:\\\/\\\/www.bellunopress.it\\\/#\\\/schema\\\/person\\\/79bb06722b37ece1c03d3e94beb30d73\"},\"headline\":\"L\u2019 Ulss n. 1 di Belluno partecipa alla settimana Mondiale del Cervello\",\"datePublished\":\"2013-03-12T20:33:10+00:00\",\"mainEntityOfPage\":{\"@id\":\"https:\\\/\\\/www.bellunopress.it\\\/2013\\\/03\\\/12\\\/l-ulss-n-1-di-belluno-partecipa-alla-settimana-mondiale-del-cervello\\\/\"},\"wordCount\":503,\"publisher\":{\"@id\":\"https:\\\/\\\/www.bellunopress.it\\\/#organization\"},\"image\":{\"@id\":\"https:\\\/\\\/www.bellunopress.it\\\/2013\\\/03\\\/12\\\/l-ulss-n-1-di-belluno-partecipa-alla-settimana-mondiale-del-cervello\\\/#primaryimage\"},\"thumbnailUrl\":\"http:\\\/\\\/www.bellunopress.it\\\/wp-content\\\/uploads\\\/2011\\\/11\\\/ulss-1.jpg\",\"articleSection\":[\"Prima Pagina\",\"Sanit\u00e0 Medicina\"],\"inLanguage\":\"fr-FR\"},{\"@type\":\"WebPage\",\"@id\":\"https:\\\/\\\/www.bellunopress.it\\\/2013\\\/03\\\/12\\\/l-ulss-n-1-di-belluno-partecipa-alla-settimana-mondiale-del-cervello\\\/\",\"url\":\"https:\\\/\\\/www.bellunopress.it\\\/2013\\\/03\\\/12\\\/l-ulss-n-1-di-belluno-partecipa-alla-settimana-mondiale-del-cervello\\\/\",\"name\":\"L\u2019 Ulss n. 1 di Belluno partecipa alla settimana Mondiale del Cervello - Bellunopress - Dolomiti\",\"isPartOf\":{\"@id\":\"https:\\\/\\\/www.bellunopress.it\\\/#website\"},\"primaryImageOfPage\":{\"@id\":\"https:\\\/\\\/www.bellunopress.it\\\/2013\\\/03\\\/12\\\/l-ulss-n-1-di-belluno-partecipa-alla-settimana-mondiale-del-cervello\\\/#primaryimage\"},\"image\":{\"@id\":\"https:\\\/\\\/www.bellunopress.it\\\/2013\\\/03\\\/12\\\/l-ulss-n-1-di-belluno-partecipa-alla-settimana-mondiale-del-cervello\\\/#primaryimage\"},\"thumbnailUrl\":\"http:\\\/\\\/www.bellunopress.it\\\/wp-content\\\/uploads\\\/2011\\\/11\\\/ulss-1.jpg\",\"datePublished\":\"2013-03-12T20:33:10+00:00\",\"breadcrumb\":{\"@id\":\"https:\\\/\\\/www.bellunopress.it\\\/2013\\\/03\\\/12\\\/l-ulss-n-1-di-belluno-partecipa-alla-settimana-mondiale-del-cervello\\\/#breadcrumb\"},\"inLanguage\":\"fr-FR\",\"potentialAction\":[{\"@type\":\"ReadAction\",\"target\":[\"https:\\\/\\\/www.bellunopress.it\\\/2013\\\/03\\\/12\\\/l-ulss-n-1-di-belluno-partecipa-alla-settimana-mondiale-del-cervello\\\/\"]}]},{\"@type\":\"ImageObject\",\"inLanguage\":\"fr-FR\",\"@id\":\"https:\\\/\\\/www.bellunopress.it\\\/2013\\\/03\\\/12\\\/l-ulss-n-1-di-belluno-partecipa-alla-settimana-mondiale-del-cervello\\\/#primaryimage\",\"url\":\"http:\\\/\\\/www.bellunopress.it\\\/wp-content\\\/uploads\\\/2011\\\/11\\\/ulss-1.jpg\",\"contentUrl\":\"http:\\\/\\\/www.bellunopress.it\\\/wp-content\\\/uploads\\\/2011\\\/11\\\/ulss-1.jpg\"},{\"@type\":\"BreadcrumbList\",\"@id\":\"https:\\\/\\\/www.bellunopress.it\\\/2013\\\/03\\\/12\\\/l-ulss-n-1-di-belluno-partecipa-alla-settimana-mondiale-del-cervello\\\/#breadcrumb\",\"itemListElement\":[{\"@type\":\"ListItem\",\"position\":1,\"name\":\"Home\",\"item\":\"https:\\\/\\\/www.bellunopress.it\\\/\"},{\"@type\":\"ListItem\",\"position\":2,\"name\":\"L\u2019 Ulss n. 1 di Belluno partecipa alla settimana Mondiale del Cervello\"}]},{\"@type\":\"WebSite\",\"@id\":\"https:\\\/\\\/www.bellunopress.it\\\/#website\",\"url\":\"https:\\\/\\\/www.bellunopress.it\\\/\",\"name\":\"Bellunopress - Dolomiti\",\"description\":\"e-mail: redazione@bellunopress.it\",\"publisher\":{\"@id\":\"https:\\\/\\\/www.bellunopress.it\\\/#organization\"},\"potentialAction\":[{\"@type\":\"SearchAction\",\"target\":{\"@type\":\"EntryPoint\",\"urlTemplate\":\"https:\\\/\\\/www.bellunopress.it\\\/?s={search_term_string}\"},\"query-input\":{\"@type\":\"PropertyValueSpecification\",\"valueRequired\":true,\"valueName\":\"search_term_string\"}}],\"inLanguage\":\"fr-FR\"},{\"@type\":\"Organization\",\"@id\":\"https:\\\/\\\/www.bellunopress.it\\\/#organization\",\"name\":\"Bellunopress\",\"url\":\"https:\\\/\\\/www.bellunopress.it\\\/\",\"logo\":{\"@type\":\"ImageObject\",\"inLanguage\":\"fr-FR\",\"@id\":\"https:\\\/\\\/www.bellunopress.it\\\/#\\\/schema\\\/logo\\\/image\\\/\",\"url\":\"https:\\\/\\\/www.bellunopress.it\\\/wp-content\\\/uploads\\\/2011\\\/05\\\/cropped-logo-bellunopress-.jpg\",\"contentUrl\":\"https:\\\/\\\/www.bellunopress.it\\\/wp-content\\\/uploads\\\/2011\\\/05\\\/cropped-logo-bellunopress-.jpg\",\"width\":512,\"height\":512,\"caption\":\"Bellunopress\"},\"image\":{\"@id\":\"https:\\\/\\\/www.bellunopress.it\\\/#\\\/schema\\\/logo\\\/image\\\/\"},\"sameAs\":[\"https:\\\/\\\/www.facebook.com\\\/profile.php?id=100008943462799\",\"https:\\\/\\\/x.com\\\/bellunopress\",\"https:\\\/\\\/www.linkedin.com\\\/hp\\\/?dnr=JBzUWaJfMUw8vbXJJ2tVW5-I3jZKvC4wsoxE&amp;amp;amp;amp;amp;amp;trk=nav_responsive_tab_home\",\"https:\\\/\\\/www.youtube.com\\\/channel\\\/UCxL0wu1uN0_3_7hGG0306cw\"]},{\"@type\":\"Person\",\"@id\":\"https:\\\/\\\/www.bellunopress.it\\\/#\\\/schema\\\/person\\\/79bb06722b37ece1c03d3e94beb30d73\",\"name\":\"redazione\",\"image\":{\"@type\":\"ImageObject\",\"inLanguage\":\"fr-FR\",\"@id\":\"https:\\\/\\\/secure.gravatar.com\\\/avatar\\\/37d968a2e67a6fd04c169c4bdef102d0bc5d31b2546345219e348575eb80e9a0?s=96&d=mm&r=g\",\"url\":\"https:\\\/\\\/secure.gravatar.com\\\/avatar\\\/37d968a2e67a6fd04c169c4bdef102d0bc5d31b2546345219e348575eb80e9a0?s=96&d=mm&r=g\",\"contentUrl\":\"https:\\\/\\\/secure.gravatar.com\\\/avatar\\\/37d968a2e67a6fd04c169c4bdef102d0bc5d31b2546345219e348575eb80e9a0?s=96&d=mm&r=g\",\"caption\":\"redazione\"},\"sameAs\":[\"http:\\\/\\\/www.bellunopress.it\",\"https:\\\/\\\/x.com\\\/bellunopress\"],\"url\":\"https:\\\/\\\/www.bellunopress.it\\\/fr\\\/author\\\/redazione\\\/\"}]}<\/script>\n<!-- \/ Yoast SEO plugin. -->","yoast_head_json":{"title":"L\u2019 Ulss n. 1 di Belluno partecipa alla settimana Mondiale del Cervello - Bellunopress - Dolomiti","robots":{"index":"index","follow":"follow","max-snippet":"max-snippet:-1","max-image-preview":"max-image-preview:large","max-video-preview":"max-video-preview:-1"},"canonical":"https:\/\/www.bellunopress.it\/fr\/2013\/03\/12\/l-ulss-n-1-di-belluno-partecipa-alla-settimana-mondiale-del-cervello\/","og_locale":"fr_FR","og_type":"article","og_title":"L\u2019 Ulss n. 1 di Belluno partecipa alla settimana Mondiale del Cervello - Bellunopress - Dolomiti","og_description":"Venerd\u00ec 16 marzo a Pieve di Cadore a partire dalle ore 14,00 gli utenti potranno sottoporsi ad un percorso per conoscere il proprio profilo di rischio di malattia cerebro vascolare e un consiglio da parte di medici specialisti presso l\u2019Auditorium COS.MO. La &#8220;Settimana Mondiale del Cervello&#8221;, dal 11 al 17 marzo 2013, \u00e8 una ricorrenza [&hellip;]","og_url":"https:\/\/www.bellunopress.it\/fr\/2013\/03\/12\/l-ulss-n-1-di-belluno-partecipa-alla-settimana-mondiale-del-cervello\/","og_site_name":"Bellunopress - Dolomiti","article_publisher":"https:\/\/www.facebook.com\/profile.php?id=100008943462799","article_published_time":"2013-03-12T20:33:10+00:00","og_image":[{"url":"http:\/\/www.bellunopress.it\/wp-content\/uploads\/2011\/11\/ulss-1.jpg","type":"","width":"","height":""}],"author":"redazione","twitter_card":"summary_large_image","twitter_creator":"@bellunopress","twitter_site":"@bellunopress","twitter_misc":{"Written by":"redazione","Est. reading time":"2 minutes"},"schema":{"@context":"https:\/\/schema.org","@graph":[{"@type":"Article","@id":"https:\/\/www.bellunopress.it\/2013\/03\/12\/l-ulss-n-1-di-belluno-partecipa-alla-settimana-mondiale-del-cervello\/#article","isPartOf":{"@id":"https:\/\/www.bellunopress.it\/2013\/03\/12\/l-ulss-n-1-di-belluno-partecipa-alla-settimana-mondiale-del-cervello\/"},"author":{"name":"redazione","@id":"https:\/\/www.bellunopress.it\/#\/schema\/person\/79bb06722b37ece1c03d3e94beb30d73"},"headline":"L\u2019 Ulss n. 1 di Belluno partecipa alla settimana Mondiale del Cervello","datePublished":"2013-03-12T20:33:10+00:00","mainEntityOfPage":{"@id":"https:\/\/www.bellunopress.it\/2013\/03\/12\/l-ulss-n-1-di-belluno-partecipa-alla-settimana-mondiale-del-cervello\/"},"wordCount":503,"publisher":{"@id":"https:\/\/www.bellunopress.it\/#organization"},"image":{"@id":"https:\/\/www.bellunopress.it\/2013\/03\/12\/l-ulss-n-1-di-belluno-partecipa-alla-settimana-mondiale-del-cervello\/#primaryimage"},"thumbnailUrl":"http:\/\/www.bellunopress.it\/wp-content\/uploads\/2011\/11\/ulss-1.jpg","articleSection":["Prima Pagina","Sanit\u00e0 Medicina"],"inLanguage":"fr-FR"},{"@type":"WebPage","@id":"https:\/\/www.bellunopress.it\/2013\/03\/12\/l-ulss-n-1-di-belluno-partecipa-alla-settimana-mondiale-del-cervello\/","url":"https:\/\/www.bellunopress.it\/2013\/03\/12\/l-ulss-n-1-di-belluno-partecipa-alla-settimana-mondiale-del-cervello\/","name":"L\u2019 Ulss n. 1 di Belluno partecipa alla settimana Mondiale del Cervello - Bellunopress - Dolomiti","isPartOf":{"@id":"https:\/\/www.bellunopress.it\/#website"},"primaryImageOfPage":{"@id":"https:\/\/www.bellunopress.it\/2013\/03\/12\/l-ulss-n-1-di-belluno-partecipa-alla-settimana-mondiale-del-cervello\/#primaryimage"},"image":{"@id":"https:\/\/www.bellunopress.it\/2013\/03\/12\/l-ulss-n-1-di-belluno-partecipa-alla-settimana-mondiale-del-cervello\/#primaryimage"},"thumbnailUrl":"http:\/\/www.bellunopress.it\/wp-content\/uploads\/2011\/11\/ulss-1.jpg","datePublished":"2013-03-12T20:33:10+00:00","breadcrumb":{"@id":"https:\/\/www.bellunopress.it\/2013\/03\/12\/l-ulss-n-1-di-belluno-partecipa-alla-settimana-mondiale-del-cervello\/#breadcrumb"},"inLanguage":"fr-FR","potentialAction":[{"@type":"ReadAction","target":["https:\/\/www.bellunopress.it\/2013\/03\/12\/l-ulss-n-1-di-belluno-partecipa-alla-settimana-mondiale-del-cervello\/"]}]},{"@type":"ImageObject","inLanguage":"fr-FR","@id":"https:\/\/www.bellunopress.it\/2013\/03\/12\/l-ulss-n-1-di-belluno-partecipa-alla-settimana-mondiale-del-cervello\/#primaryimage","url":"http:\/\/www.bellunopress.it\/wp-content\/uploads\/2011\/11\/ulss-1.jpg","contentUrl":"http:\/\/www.bellunopress.it\/wp-content\/uploads\/2011\/11\/ulss-1.jpg"},{"@type":"BreadcrumbList","@id":"https:\/\/www.bellunopress.it\/2013\/03\/12\/l-ulss-n-1-di-belluno-partecipa-alla-settimana-mondiale-del-cervello\/#breadcrumb","itemListElement":[{"@type":"ListItem","position":1,"name":"Home","item":"https:\/\/www.bellunopress.it\/"},{"@type":"ListItem","position":2,"name":"L\u2019 Ulss n. 1 di Belluno partecipa alla settimana Mondiale del Cervello"}]},{"@type":"WebSite","@id":"https:\/\/www.bellunopress.it\/#website","url":"https:\/\/www.bellunopress.it\/","name":"Bellunopress - Dolomiti","description":"e-mail: redazione@bellunopress.it","publisher":{"@id":"https:\/\/www.bellunopress.it\/#organization"},"potentialAction":[{"@type":"SearchAction","target":{"@type":"EntryPoint","urlTemplate":"https:\/\/www.bellunopress.it\/?s={search_term_string}"},"query-input":{"@type":"PropertyValueSpecification","valueRequired":true,"valueName":"search_term_string"}}],"inLanguage":"fr-FR"},{"@type":"Organization","@id":"https:\/\/www.bellunopress.it\/#organization","name":"Bellunopress","url":"https:\/\/www.bellunopress.it\/","logo":{"@type":"ImageObject","inLanguage":"fr-FR","@id":"https:\/\/www.bellunopress.it\/#\/schema\/logo\/image\/","url":"https:\/\/www.bellunopress.it\/wp-content\/uploads\/2011\/05\/cropped-logo-bellunopress-.jpg","contentUrl":"https:\/\/www.bellunopress.it\/wp-content\/uploads\/2011\/05\/cropped-logo-bellunopress-.jpg","width":512,"height":512,"caption":"Bellunopress"},"image":{"@id":"https:\/\/www.bellunopress.it\/#\/schema\/logo\/image\/"},"sameAs":["https:\/\/www.facebook.com\/profile.php?id=100008943462799","https:\/\/x.com\/bellunopress","https:\/\/www.linkedin.com\/hp\/?dnr=JBzUWaJfMUw8vbXJJ2tVW5-I3jZKvC4wsoxE&amp;amp;amp;amp;amp;amp;trk=nav_responsive_tab_home","https:\/\/www.youtube.com\/channel\/UCxL0wu1uN0_3_7hGG0306cw"]},{"@type":"Person","@id":"https:\/\/www.bellunopress.it\/#\/schema\/person\/79bb06722b37ece1c03d3e94beb30d73","name":"r\u00e9daction","image":{"@type":"ImageObject","inLanguage":"fr-FR","@id":"https:\/\/secure.gravatar.com\/avatar\/37d968a2e67a6fd04c169c4bdef102d0bc5d31b2546345219e348575eb80e9a0?s=96&d=mm&r=g","url":"https:\/\/secure.gravatar.com\/avatar\/37d968a2e67a6fd04c169c4bdef102d0bc5d31b2546345219e348575eb80e9a0?s=96&d=mm&r=g","contentUrl":"https:\/\/secure.gravatar.com\/avatar\/37d968a2e67a6fd04c169c4bdef102d0bc5d31b2546345219e348575eb80e9a0?s=96&d=mm&r=g","caption":"redazione"},"sameAs":["http:\/\/www.bellunopress.it","https:\/\/x.com\/bellunopress"],"url":"https:\/\/www.bellunopress.it\/fr\/author\/redazione\/"}]}},"_links":{"self":[{"href":"https:\/\/www.bellunopress.it\/fr\/wp-json\/wp\/v2\/posts\/47564","targetHints":{"allow":["GET"]}}],"collection":[{"href":"https:\/\/www.bellunopress.it\/fr\/wp-json\/wp\/v2\/posts"}],"about":[{"href":"https:\/\/www.bellunopress.it\/fr\/wp-json\/wp\/v2\/types\/post"}],"author":[{"embeddable":true,"href":"https:\/\/www.bellunopress.it\/fr\/wp-json\/wp\/v2\/users\/2"}],"replies":[{"embeddable":true,"href":"https:\/\/www.bellunopress.it\/fr\/wp-json\/wp\/v2\/comments?post=47564"}],"version-history":[{"count":1,"href":"https:\/\/www.bellunopress.it\/fr\/wp-json\/wp\/v2\/posts\/47564\/revisions"}],"predecessor-version":[{"id":47565,"href":"https:\/\/www.bellunopress.it\/fr\/wp-json\/wp\/v2\/posts\/47564\/revisions\/47565"}],"wp:attachment":[{"href":"https:\/\/www.bellunopress.it\/fr\/wp-json\/wp\/v2\/media?parent=47564"}],"wp:term":[{"taxonomy":"category","embeddable":true,"href":"https:\/\/www.bellunopress.it\/fr\/wp-json\/wp\/v2\/categories?post=47564"},{"taxonomy":"post_tag","embeddable":true,"href":"https:\/\/www.bellunopress.it\/fr\/wp-json\/wp\/v2\/tags?post=47564"}],"curies":[{"name":"wp","href":"https:\/\/api.w.org\/{rel}","templated":true}]}}