{"id":47560,"date":"2013-03-12T21:22:20","date_gmt":"2013-03-12T20:22:20","guid":{"rendered":"http:\/\/www.bellunopress.it\/?p=47560"},"modified":"2013-03-12T21:22:20","modified_gmt":"2013-03-12T20:22:20","slug":"due-incontri-con-il-gruppo-giovani-dellassociazione-bellunesi-nel-mondo","status":"publish","type":"post","link":"https:\/\/www.bellunopress.it\/fr\/2013\/03\/12\/due-incontri-con-il-gruppo-giovani-dellassociazione-bellunesi-nel-mondo\/","title":{"rendered":"Due incontri con il Gruppo giovani dell&#8217;Associazione Bellunesi nel mondo"},"content":{"rendered":"<p><a href=\"http:\/\/www.bellunopress.it\/wp-content\/uploads\/2011\/09\/ABM.png\"><img loading=\"lazy\" decoding=\"async\" class=\"alignleft size-full wp-image-30503\" alt=\"ABM associazione bellunesi nel mondo\" src=\"http:\/\/www.bellunopress.it\/wp-content\/uploads\/2011\/09\/ABM.png\" width=\"145\" height=\"145\" \/><\/a>Il Gruppo giovani dell\u2019Associazione Bellunesi nel Mondo organizza due incontri dedicati alla scoperta del mondo. Sabato 23 marzo p.v. la protagonista sar\u00e0 Laura Fantozzi con \u201cIn viaggio nel mondo, in viaggio dentro di noi\u201d. Laura racconter\u00e0 la sua esperienza di volontariato fatta in diverse localit\u00e0 del mondo. Il suo obiettivo \u00e8 trasmettere al pubblico la bellezza di cultura e stili di vita diversi dai nostri. Marted\u00ec 4 aprile p.v. Maria Vedana, talenti di Bellunoradici.net, racconter\u00e0 la sua esperienza di vita in Canada. Maria infatti vive in terra canadese da due anni e sar\u00e0 disponibile a rispondere alle domande del pubblico.<\/p>\n<p>I due incontri avranno inizio alle ore 18 presso la Sala riunioni dell\u2019Associazione Bellunesi nel Mondo in via Cavour, 3 a Belluno. Marco Michelini, coordinatore del Gruppo: \u201cCon questi incontri vogliamo farci conoscere e far conoscere la nostra realt\u00e0. Inoltre siamo certi che il messaggio che trasmetteranno i protagonisti delle due serate daranno impulso al pubblico presente\u201d. Per informazioni: giovani@bellunesinelmondo.it<\/p>\n<p>&nbsp;<\/p>","protected":false},"excerpt":{"rendered":"<p>Il Gruppo giovani dell\u2019Associazione Bellunesi nel Mondo organizza due incontri dedicati alla scoperta del mondo. Sabato 23 marzo p.v. la protagonista sar\u00e0 Laura Fantozzi con \u201cIn viaggio nel mondo, in viaggio dentro di noi\u201d. Laura racconter\u00e0 la sua esperienza di volontariato fatta in diverse localit\u00e0 del mondo. Il suo obiettivo \u00e8 trasmettere al pubblico la [&hellip;]<\/p>\n","protected":false},"author":2,"featured_media":0,"comment_status":"closed","ping_status":"open","sticky":false,"template":"","format":"standard","meta":{"footnotes":""},"categories":[27,3,26],"tags":[],"class_list":["post-47560","post","type-post","status-publish","format-standard","category-appuntamenti","category-arte-cultura-spettacoli-scienza-archivi","category-prima-pagina"],"yoast_head":"<!-- This site is optimized with the Yoast SEO plugin v28.4 - https:\/\/yoast.com\/product\/yoast-seo-wordpress\/ -->\n<title>Due incontri con il Gruppo giovani dell&#039;Associazione Bellunesi nel mondo - Bellunopress - Dolomiti<\/title>\n<meta name=\"robots\" content=\"index, follow, max-snippet:-1, max-image-preview:large, max-video-preview:-1\" \/>\n<link rel=\"canonical\" href=\"https:\/\/www.bellunopress.it\/fr\/2013\/03\/12\/due-incontri-con-il-gruppo-giovani-dellassociazione-bellunesi-nel-mondo\/\" \/>\n<meta property=\"og:locale\" content=\"fr_FR\" \/>\n<meta property=\"og:type\" content=\"article\" \/>\n<meta property=\"og:title\" content=\"Due incontri con il Gruppo giovani dell&#039;Associazione Bellunesi nel mondo - Bellunopress - Dolomiti\" \/>\n<meta property=\"og:description\" content=\"Il Gruppo giovani dell\u2019Associazione Bellunesi nel Mondo organizza due incontri dedicati alla scoperta del mondo. Sabato 23 marzo p.v. la protagonista sar\u00e0 Laura Fantozzi con \u201cIn viaggio nel mondo, in viaggio dentro di noi\u201d. Laura racconter\u00e0 la sua esperienza di volontariato fatta in diverse localit\u00e0 del mondo. Il suo obiettivo \u00e8 trasmettere al pubblico la [&hellip;]\" \/>\n<meta property=\"og:url\" content=\"https:\/\/www.bellunopress.it\/fr\/2013\/03\/12\/due-incontri-con-il-gruppo-giovani-dellassociazione-bellunesi-nel-mondo\/\" \/>\n<meta property=\"og:site_name\" content=\"Bellunopress - Dolomiti\" \/>\n<meta property=\"article:publisher\" content=\"https:\/\/www.facebook.com\/profile.php?id=100008943462799\" \/>\n<meta property=\"article:published_time\" content=\"2013-03-12T20:22:20+00:00\" \/>\n<meta property=\"og:image\" content=\"http:\/\/www.bellunopress.it\/wp-content\/uploads\/2011\/09\/ABM.png\" \/>\n<meta name=\"author\" content=\"redazione\" \/>\n<meta name=\"twitter:card\" content=\"summary_large_image\" \/>\n<meta name=\"twitter:creator\" content=\"@bellunopress\" \/>\n<meta name=\"twitter:site\" content=\"@bellunopress\" \/>\n<meta name=\"twitter:label1\" content=\"Written by\" \/>\n\t<meta name=\"twitter:data1\" content=\"redazione\" \/>\n\t<meta name=\"twitter:label2\" content=\"Est. reading time\" \/>\n\t<meta name=\"twitter:data2\" content=\"1 minute\" \/>\n<script type=\"application\/ld+json\" class=\"yoast-schema-graph\">{\"@context\":\"https:\\\/\\\/schema.org\",\"@graph\":[{\"@type\":\"Article\",\"@id\":\"https:\\\/\\\/www.bellunopress.it\\\/2013\\\/03\\\/12\\\/due-incontri-con-il-gruppo-giovani-dellassociazione-bellunesi-nel-mondo\\\/#article\",\"isPartOf\":{\"@id\":\"https:\\\/\\\/www.bellunopress.it\\\/2013\\\/03\\\/12\\\/due-incontri-con-il-gruppo-giovani-dellassociazione-bellunesi-nel-mondo\\\/\"},\"author\":{\"name\":\"redazione\",\"@id\":\"https:\\\/\\\/www.bellunopress.it\\\/#\\\/schema\\\/person\\\/79bb06722b37ece1c03d3e94beb30d73\"},\"headline\":\"Due incontri con il Gruppo giovani dell&#8217;Associazione Bellunesi nel mondo\",\"datePublished\":\"2013-03-12T20:22:20+00:00\",\"mainEntityOfPage\":{\"@id\":\"https:\\\/\\\/www.bellunopress.it\\\/2013\\\/03\\\/12\\\/due-incontri-con-il-gruppo-giovani-dellassociazione-bellunesi-nel-mondo\\\/\"},\"wordCount\":174,\"publisher\":{\"@id\":\"https:\\\/\\\/www.bellunopress.it\\\/#organization\"},\"image\":{\"@id\":\"https:\\\/\\\/www.bellunopress.it\\\/2013\\\/03\\\/12\\\/due-incontri-con-il-gruppo-giovani-dellassociazione-bellunesi-nel-mondo\\\/#primaryimage\"},\"thumbnailUrl\":\"http:\\\/\\\/www.bellunopress.it\\\/wp-content\\\/uploads\\\/2011\\\/09\\\/ABM.png\",\"articleSection\":[\"Appuntamenti, Eventi\",\"Arte, Cultura, Spettacoli, Scienza\",\"Prima Pagina\"],\"inLanguage\":\"fr-FR\"},{\"@type\":\"WebPage\",\"@id\":\"https:\\\/\\\/www.bellunopress.it\\\/2013\\\/03\\\/12\\\/due-incontri-con-il-gruppo-giovani-dellassociazione-bellunesi-nel-mondo\\\/\",\"url\":\"https:\\\/\\\/www.bellunopress.it\\\/2013\\\/03\\\/12\\\/due-incontri-con-il-gruppo-giovani-dellassociazione-bellunesi-nel-mondo\\\/\",\"name\":\"Due incontri con il Gruppo giovani dell'Associazione Bellunesi nel mondo - Bellunopress - Dolomiti\",\"isPartOf\":{\"@id\":\"https:\\\/\\\/www.bellunopress.it\\\/#website\"},\"primaryImageOfPage\":{\"@id\":\"https:\\\/\\\/www.bellunopress.it\\\/2013\\\/03\\\/12\\\/due-incontri-con-il-gruppo-giovani-dellassociazione-bellunesi-nel-mondo\\\/#primaryimage\"},\"image\":{\"@id\":\"https:\\\/\\\/www.bellunopress.it\\\/2013\\\/03\\\/12\\\/due-incontri-con-il-gruppo-giovani-dellassociazione-bellunesi-nel-mondo\\\/#primaryimage\"},\"thumbnailUrl\":\"http:\\\/\\\/www.bellunopress.it\\\/wp-content\\\/uploads\\\/2011\\\/09\\\/ABM.png\",\"datePublished\":\"2013-03-12T20:22:20+00:00\",\"breadcrumb\":{\"@id\":\"https:\\\/\\\/www.bellunopress.it\\\/2013\\\/03\\\/12\\\/due-incontri-con-il-gruppo-giovani-dellassociazione-bellunesi-nel-mondo\\\/#breadcrumb\"},\"inLanguage\":\"fr-FR\",\"potentialAction\":[{\"@type\":\"ReadAction\",\"target\":[\"https:\\\/\\\/www.bellunopress.it\\\/2013\\\/03\\\/12\\\/due-incontri-con-il-gruppo-giovani-dellassociazione-bellunesi-nel-mondo\\\/\"]}]},{\"@type\":\"ImageObject\",\"inLanguage\":\"fr-FR\",\"@id\":\"https:\\\/\\\/www.bellunopress.it\\\/2013\\\/03\\\/12\\\/due-incontri-con-il-gruppo-giovani-dellassociazione-bellunesi-nel-mondo\\\/#primaryimage\",\"url\":\"http:\\\/\\\/www.bellunopress.it\\\/wp-content\\\/uploads\\\/2011\\\/09\\\/ABM.png\",\"contentUrl\":\"http:\\\/\\\/www.bellunopress.it\\\/wp-content\\\/uploads\\\/2011\\\/09\\\/ABM.png\"},{\"@type\":\"BreadcrumbList\",\"@id\":\"https:\\\/\\\/www.bellunopress.it\\\/2013\\\/03\\\/12\\\/due-incontri-con-il-gruppo-giovani-dellassociazione-bellunesi-nel-mondo\\\/#breadcrumb\",\"itemListElement\":[{\"@type\":\"ListItem\",\"position\":1,\"name\":\"Home\",\"item\":\"https:\\\/\\\/www.bellunopress.it\\\/\"},{\"@type\":\"ListItem\",\"position\":2,\"name\":\"Due incontri con il Gruppo giovani dell&#8217;Associazione Bellunesi nel mondo\"}]},{\"@type\":\"WebSite\",\"@id\":\"https:\\\/\\\/www.bellunopress.it\\\/#website\",\"url\":\"https:\\\/\\\/www.bellunopress.it\\\/\",\"name\":\"Bellunopress - Dolomiti\",\"description\":\"e-mail: redazione@bellunopress.it\",\"publisher\":{\"@id\":\"https:\\\/\\\/www.bellunopress.it\\\/#organization\"},\"potentialAction\":[{\"@type\":\"SearchAction\",\"target\":{\"@type\":\"EntryPoint\",\"urlTemplate\":\"https:\\\/\\\/www.bellunopress.it\\\/?s={search_term_string}\"},\"query-input\":{\"@type\":\"PropertyValueSpecification\",\"valueRequired\":true,\"valueName\":\"search_term_string\"}}],\"inLanguage\":\"fr-FR\"},{\"@type\":\"Organization\",\"@id\":\"https:\\\/\\\/www.bellunopress.it\\\/#organization\",\"name\":\"Bellunopress\",\"url\":\"https:\\\/\\\/www.bellunopress.it\\\/\",\"logo\":{\"@type\":\"ImageObject\",\"inLanguage\":\"fr-FR\",\"@id\":\"https:\\\/\\\/www.bellunopress.it\\\/#\\\/schema\\\/logo\\\/image\\\/\",\"url\":\"https:\\\/\\\/www.bellunopress.it\\\/wp-content\\\/uploads\\\/2011\\\/05\\\/cropped-logo-bellunopress-.jpg\",\"contentUrl\":\"https:\\\/\\\/www.bellunopress.it\\\/wp-content\\\/uploads\\\/2011\\\/05\\\/cropped-logo-bellunopress-.jpg\",\"width\":512,\"height\":512,\"caption\":\"Bellunopress\"},\"image\":{\"@id\":\"https:\\\/\\\/www.bellunopress.it\\\/#\\\/schema\\\/logo\\\/image\\\/\"},\"sameAs\":[\"https:\\\/\\\/www.facebook.com\\\/profile.php?id=100008943462799\",\"https:\\\/\\\/x.com\\\/bellunopress\",\"https:\\\/\\\/www.linkedin.com\\\/hp\\\/?dnr=JBzUWaJfMUw8vbXJJ2tVW5-I3jZKvC4wsoxE&amp;amp;amp;amp;amp;amp;trk=nav_responsive_tab_home\",\"https:\\\/\\\/www.youtube.com\\\/channel\\\/UCxL0wu1uN0_3_7hGG0306cw\"]},{\"@type\":\"Person\",\"@id\":\"https:\\\/\\\/www.bellunopress.it\\\/#\\\/schema\\\/person\\\/79bb06722b37ece1c03d3e94beb30d73\",\"name\":\"redazione\",\"image\":{\"@type\":\"ImageObject\",\"inLanguage\":\"fr-FR\",\"@id\":\"https:\\\/\\\/secure.gravatar.com\\\/avatar\\\/37d968a2e67a6fd04c169c4bdef102d0bc5d31b2546345219e348575eb80e9a0?s=96&d=mm&r=g\",\"url\":\"https:\\\/\\\/secure.gravatar.com\\\/avatar\\\/37d968a2e67a6fd04c169c4bdef102d0bc5d31b2546345219e348575eb80e9a0?s=96&d=mm&r=g\",\"contentUrl\":\"https:\\\/\\\/secure.gravatar.com\\\/avatar\\\/37d968a2e67a6fd04c169c4bdef102d0bc5d31b2546345219e348575eb80e9a0?s=96&d=mm&r=g\",\"caption\":\"redazione\"},\"sameAs\":[\"http:\\\/\\\/www.bellunopress.it\",\"https:\\\/\\\/x.com\\\/bellunopress\"],\"url\":\"https:\\\/\\\/www.bellunopress.it\\\/fr\\\/author\\\/redazione\\\/\"}]}<\/script>\n<!-- \/ Yoast SEO plugin. -->","yoast_head_json":{"title":"Due incontri con il Gruppo giovani dell'Associazione Bellunesi nel mondo - Bellunopress - Dolomiti","robots":{"index":"index","follow":"follow","max-snippet":"max-snippet:-1","max-image-preview":"max-image-preview:large","max-video-preview":"max-video-preview:-1"},"canonical":"https:\/\/www.bellunopress.it\/fr\/2013\/03\/12\/due-incontri-con-il-gruppo-giovani-dellassociazione-bellunesi-nel-mondo\/","og_locale":"fr_FR","og_type":"article","og_title":"Due incontri con il Gruppo giovani dell'Associazione Bellunesi nel mondo - Bellunopress - Dolomiti","og_description":"Il Gruppo giovani dell\u2019Associazione Bellunesi nel Mondo organizza due incontri dedicati alla scoperta del mondo. Sabato 23 marzo p.v. la protagonista sar\u00e0 Laura Fantozzi con \u201cIn viaggio nel mondo, in viaggio dentro di noi\u201d. Laura racconter\u00e0 la sua esperienza di volontariato fatta in diverse localit\u00e0 del mondo. Il suo obiettivo \u00e8 trasmettere al pubblico la [&hellip;]","og_url":"https:\/\/www.bellunopress.it\/fr\/2013\/03\/12\/due-incontri-con-il-gruppo-giovani-dellassociazione-bellunesi-nel-mondo\/","og_site_name":"Bellunopress - Dolomiti","article_publisher":"https:\/\/www.facebook.com\/profile.php?id=100008943462799","article_published_time":"2013-03-12T20:22:20+00:00","og_image":[{"url":"http:\/\/www.bellunopress.it\/wp-content\/uploads\/2011\/09\/ABM.png","type":"","width":"","height":""}],"author":"redazione","twitter_card":"summary_large_image","twitter_creator":"@bellunopress","twitter_site":"@bellunopress","twitter_misc":{"Written by":"redazione","Est. reading time":"1 minute"},"schema":{"@context":"https:\/\/schema.org","@graph":[{"@type":"Article","@id":"https:\/\/www.bellunopress.it\/2013\/03\/12\/due-incontri-con-il-gruppo-giovani-dellassociazione-bellunesi-nel-mondo\/#article","isPartOf":{"@id":"https:\/\/www.bellunopress.it\/2013\/03\/12\/due-incontri-con-il-gruppo-giovani-dellassociazione-bellunesi-nel-mondo\/"},"author":{"name":"redazione","@id":"https:\/\/www.bellunopress.it\/#\/schema\/person\/79bb06722b37ece1c03d3e94beb30d73"},"headline":"Due incontri con il Gruppo giovani dell&#8217;Associazione Bellunesi nel mondo","datePublished":"2013-03-12T20:22:20+00:00","mainEntityOfPage":{"@id":"https:\/\/www.bellunopress.it\/2013\/03\/12\/due-incontri-con-il-gruppo-giovani-dellassociazione-bellunesi-nel-mondo\/"},"wordCount":174,"publisher":{"@id":"https:\/\/www.bellunopress.it\/#organization"},"image":{"@id":"https:\/\/www.bellunopress.it\/2013\/03\/12\/due-incontri-con-il-gruppo-giovani-dellassociazione-bellunesi-nel-mondo\/#primaryimage"},"thumbnailUrl":"http:\/\/www.bellunopress.it\/wp-content\/uploads\/2011\/09\/ABM.png","articleSection":["Appuntamenti, Eventi","Arte, Cultura, Spettacoli, Scienza","Prima Pagina"],"inLanguage":"fr-FR"},{"@type":"WebPage","@id":"https:\/\/www.bellunopress.it\/2013\/03\/12\/due-incontri-con-il-gruppo-giovani-dellassociazione-bellunesi-nel-mondo\/","url":"https:\/\/www.bellunopress.it\/2013\/03\/12\/due-incontri-con-il-gruppo-giovani-dellassociazione-bellunesi-nel-mondo\/","name":"Due incontri con il Gruppo giovani dell'Associazione Bellunesi nel mondo - Bellunopress - Dolomiti","isPartOf":{"@id":"https:\/\/www.bellunopress.it\/#website"},"primaryImageOfPage":{"@id":"https:\/\/www.bellunopress.it\/2013\/03\/12\/due-incontri-con-il-gruppo-giovani-dellassociazione-bellunesi-nel-mondo\/#primaryimage"},"image":{"@id":"https:\/\/www.bellunopress.it\/2013\/03\/12\/due-incontri-con-il-gruppo-giovani-dellassociazione-bellunesi-nel-mondo\/#primaryimage"},"thumbnailUrl":"http:\/\/www.bellunopress.it\/wp-content\/uploads\/2011\/09\/ABM.png","datePublished":"2013-03-12T20:22:20+00:00","breadcrumb":{"@id":"https:\/\/www.bellunopress.it\/2013\/03\/12\/due-incontri-con-il-gruppo-giovani-dellassociazione-bellunesi-nel-mondo\/#breadcrumb"},"inLanguage":"fr-FR","potentialAction":[{"@type":"ReadAction","target":["https:\/\/www.bellunopress.it\/2013\/03\/12\/due-incontri-con-il-gruppo-giovani-dellassociazione-bellunesi-nel-mondo\/"]}]},{"@type":"ImageObject","inLanguage":"fr-FR","@id":"https:\/\/www.bellunopress.it\/2013\/03\/12\/due-incontri-con-il-gruppo-giovani-dellassociazione-bellunesi-nel-mondo\/#primaryimage","url":"http:\/\/www.bellunopress.it\/wp-content\/uploads\/2011\/09\/ABM.png","contentUrl":"http:\/\/www.bellunopress.it\/wp-content\/uploads\/2011\/09\/ABM.png"},{"@type":"BreadcrumbList","@id":"https:\/\/www.bellunopress.it\/2013\/03\/12\/due-incontri-con-il-gruppo-giovani-dellassociazione-bellunesi-nel-mondo\/#breadcrumb","itemListElement":[{"@type":"ListItem","position":1,"name":"Home","item":"https:\/\/www.bellunopress.it\/"},{"@type":"ListItem","position":2,"name":"Due incontri con il Gruppo giovani dell&#8217;Associazione Bellunesi nel mondo"}]},{"@type":"WebSite","@id":"https:\/\/www.bellunopress.it\/#website","url":"https:\/\/www.bellunopress.it\/","name":"Bellunopress - Dolomiti","description":"e-mail: redazione@bellunopress.it","publisher":{"@id":"https:\/\/www.bellunopress.it\/#organization"},"potentialAction":[{"@type":"SearchAction","target":{"@type":"EntryPoint","urlTemplate":"https:\/\/www.bellunopress.it\/?s={search_term_string}"},"query-input":{"@type":"PropertyValueSpecification","valueRequired":true,"valueName":"search_term_string"}}],"inLanguage":"fr-FR"},{"@type":"Organization","@id":"https:\/\/www.bellunopress.it\/#organization","name":"Bellunopress","url":"https:\/\/www.bellunopress.it\/","logo":{"@type":"ImageObject","inLanguage":"fr-FR","@id":"https:\/\/www.bellunopress.it\/#\/schema\/logo\/image\/","url":"https:\/\/www.bellunopress.it\/wp-content\/uploads\/2011\/05\/cropped-logo-bellunopress-.jpg","contentUrl":"https:\/\/www.bellunopress.it\/wp-content\/uploads\/2011\/05\/cropped-logo-bellunopress-.jpg","width":512,"height":512,"caption":"Bellunopress"},"image":{"@id":"https:\/\/www.bellunopress.it\/#\/schema\/logo\/image\/"},"sameAs":["https:\/\/www.facebook.com\/profile.php?id=100008943462799","https:\/\/x.com\/bellunopress","https:\/\/www.linkedin.com\/hp\/?dnr=JBzUWaJfMUw8vbXJJ2tVW5-I3jZKvC4wsoxE&amp;amp;amp;amp;amp;amp;trk=nav_responsive_tab_home","https:\/\/www.youtube.com\/channel\/UCxL0wu1uN0_3_7hGG0306cw"]},{"@type":"Person","@id":"https:\/\/www.bellunopress.it\/#\/schema\/person\/79bb06722b37ece1c03d3e94beb30d73","name":"r\u00e9daction","image":{"@type":"ImageObject","inLanguage":"fr-FR","@id":"https:\/\/secure.gravatar.com\/avatar\/37d968a2e67a6fd04c169c4bdef102d0bc5d31b2546345219e348575eb80e9a0?s=96&d=mm&r=g","url":"https:\/\/secure.gravatar.com\/avatar\/37d968a2e67a6fd04c169c4bdef102d0bc5d31b2546345219e348575eb80e9a0?s=96&d=mm&r=g","contentUrl":"https:\/\/secure.gravatar.com\/avatar\/37d968a2e67a6fd04c169c4bdef102d0bc5d31b2546345219e348575eb80e9a0?s=96&d=mm&r=g","caption":"redazione"},"sameAs":["http:\/\/www.bellunopress.it","https:\/\/x.com\/bellunopress"],"url":"https:\/\/www.bellunopress.it\/fr\/author\/redazione\/"}]}},"_links":{"self":[{"href":"https:\/\/www.bellunopress.it\/fr\/wp-json\/wp\/v2\/posts\/47560","targetHints":{"allow":["GET"]}}],"collection":[{"href":"https:\/\/www.bellunopress.it\/fr\/wp-json\/wp\/v2\/posts"}],"about":[{"href":"https:\/\/www.bellunopress.it\/fr\/wp-json\/wp\/v2\/types\/post"}],"author":[{"embeddable":true,"href":"https:\/\/www.bellunopress.it\/fr\/wp-json\/wp\/v2\/users\/2"}],"replies":[{"embeddable":true,"href":"https:\/\/www.bellunopress.it\/fr\/wp-json\/wp\/v2\/comments?post=47560"}],"version-history":[{"count":1,"href":"https:\/\/www.bellunopress.it\/fr\/wp-json\/wp\/v2\/posts\/47560\/revisions"}],"predecessor-version":[{"id":47561,"href":"https:\/\/www.bellunopress.it\/fr\/wp-json\/wp\/v2\/posts\/47560\/revisions\/47561"}],"wp:attachment":[{"href":"https:\/\/www.bellunopress.it\/fr\/wp-json\/wp\/v2\/media?parent=47560"}],"wp:term":[{"taxonomy":"category","embeddable":true,"href":"https:\/\/www.bellunopress.it\/fr\/wp-json\/wp\/v2\/categories?post=47560"},{"taxonomy":"post_tag","embeddable":true,"href":"https:\/\/www.bellunopress.it\/fr\/wp-json\/wp\/v2\/tags?post=47560"}],"curies":[{"name":"wp","href":"https:\/\/api.w.org\/{rel}","templated":true}]}}