{"id":4754,"date":"2009-06-12T17:34:03","date_gmt":"2009-06-12T16:34:03","guid":{"rendered":"http:\/\/www.bellunopress.it\/?p=4754"},"modified":"2009-06-13T09:19:32","modified_gmt":"2009-06-13T08:19:32","slug":"il-coni-premia-domani-alle-1230-alla-spes-arena-i-migliori-sportivi-veneti","status":"publish","type":"post","link":"https:\/\/www.bellunopress.it\/fr\/2009\/06\/12\/il-coni-premia-domani-alle-1230-alla-spes-arena-i-migliori-sportivi-veneti\/","title":{"rendered":"Il Coni premia oggi alle 12.30 alla Spes Arena i migliori sportivi veneti"},"content":{"rendered":"<p><a href=\"http:\/\/www.bellunopress.it\/wp-content\/uploads\/2009\/03\/spesarena-high1.jpg\"><img loading=\"lazy\" decoding=\"async\" class=\"alignleft size-medium wp-image-1142\" title=\"spesarena-high1\" src=\"http:\/\/www.bellunopress.it\/wp-content\/uploads\/2009\/03\/spesarena-high1.jpg\" alt=\"\" width=\"200\" height=\"300\" \/><\/a>Se il movimento sportivo veneto risulta essere ai vertici nazionali \u00e8 merito soprattutto di coloro, atleti e dirigenti, che con tanti sacrifici e assoluta abnegazione giungono ad ottenere risultati sportivi importanti. Il Veneto \u00e8 la Regione italiana che ha conquistato il maggior numero di medaglie alle Olimpiadi di Pechino 2008, indice di un terreno fertile per la formazione e successiva consacrazione di campioni che onorano il \u201cmarchio\u201d Veneto in tutto il mondo con le loro straordinarie imprese. E\u2019 quindi doveroso ringraziare e celebrare come meritano atleti, dirigenti e societ\u00e0 che con il loro contributo danno lustro alla Regione, istituendo una Cerimonia atta a premiare gli sportivi veneti che meglio si sono comportati nel corso della stagione agonistica. A tal proposito il Coni Veneto da quattro anni indice una manifestazione intitolata \u201cSport Veneto in Festa\u201d che per questa edizione ha scelto la Citt\u00e0 di Belluno come teatro per la premiazione degli attori protagonisti di questo anno di sport. L\u2019appuntamento \u00e8 per oggi, sabato 13 giugno, a partire dalle ore 12:30, presso il Palazzetto dello Sport Spes Arena di Belluno, con un programma che prevede, successivamente al saluto delle autorit\u00e0, la consegna dei premi durante il pranzo, con le premiazioni intervallate da momenti di intrattenimento con il cantante Wilmer De Bortoli ed il gruppo folcloristico \u201cHolzhocher\u201d. La cerimonia si concluder\u00e0 con un\u2019esibizione artistica della Societ\u00e0 Juventus Alpina. Le premiazioni andranno a toccare diversi ambiti del mondo sportivo veneto con riconoscimenti ad atleti, dirigenti, nonch\u00e9 a giovani promesse, societ\u00e0 centenarie ed altro ancora. Fari puntati soprattutto sui medagliati di Pechino 2008 e Torino 2006, Campioni di valore assoluto come Rossano Galtarossa e Fulvio Valbusa, i quali saranno premiati e ringraziati pubblicamente per aver onorato e dato lustro, attraverso le loro performance sportive, a tutta l\u2019Italia ma in particolar modo alla Regione del Veneto, cos\u00ec come ricever\u00e0 un riconoscimento il bellunese Oscar De Pellegrin, atleta di punta della Nazionale Sport Disabili e pluricampione nelle discipline Tiro con l\u2019arco e Tiro a segno. Il Coni Veneto, promotore di tale iniziativa in collaborazione con il Coni Belluno, invita quindi tutti alla Spes Arena di Belluno, domani alle ore 12:30, per un pomeriggio di festa che riunir\u00e0 per l\u2019occasione tutti i massimi esponenti del movimento sportivo veneto.<\/p>","protected":false},"excerpt":{"rendered":"<p>Se il movimento sportivo veneto risulta essere ai vertici nazionali \u00e8 merito soprattutto di coloro, atleti e dirigenti, che con tanti sacrifici e assoluta abnegazione giungono ad ottenere risultati sportivi importanti. Il Veneto \u00e8 la Regione italiana che ha conquistato il maggior numero di medaglie alle Olimpiadi di Pechino 2008, indice di un terreno fertile [&hellip;]<\/p>\n","protected":false},"author":2,"featured_media":0,"comment_status":"closed","ping_status":"open","sticky":false,"template":"","format":"standard","meta":{"footnotes":""},"categories":[25,4],"tags":[139],"class_list":["post-4754","post","type-post","status-publish","format-standard","category-pausa-caffe","category-sport","tag-belluno"],"yoast_head":"<!-- This site is optimized with the Yoast SEO plugin v28.4 - https:\/\/yoast.com\/product\/yoast-seo-wordpress\/ -->\n<title>Il Coni premia oggi alle 12.30 alla Spes Arena i migliori sportivi veneti - Bellunopress - Dolomiti<\/title>\n<meta name=\"robots\" content=\"index, follow, max-snippet:-1, max-image-preview:large, max-video-preview:-1\" \/>\n<link rel=\"canonical\" href=\"https:\/\/www.bellunopress.it\/fr\/2009\/06\/12\/il-coni-premia-domani-alle-1230-alla-spes-arena-i-migliori-sportivi-veneti\/\" \/>\n<meta property=\"og:locale\" content=\"fr_FR\" \/>\n<meta property=\"og:type\" content=\"article\" \/>\n<meta property=\"og:title\" content=\"Il Coni premia oggi alle 12.30 alla Spes Arena i migliori sportivi veneti - Bellunopress - Dolomiti\" \/>\n<meta property=\"og:description\" content=\"Se il movimento sportivo veneto risulta essere ai vertici nazionali \u00e8 merito soprattutto di coloro, atleti e dirigenti, che con tanti sacrifici e assoluta abnegazione giungono ad ottenere risultati sportivi importanti. Il Veneto \u00e8 la Regione italiana che ha conquistato il maggior numero di medaglie alle Olimpiadi di Pechino 2008, indice di un terreno fertile [&hellip;]\" \/>\n<meta property=\"og:url\" content=\"https:\/\/www.bellunopress.it\/fr\/2009\/06\/12\/il-coni-premia-domani-alle-1230-alla-spes-arena-i-migliori-sportivi-veneti\/\" \/>\n<meta property=\"og:site_name\" content=\"Bellunopress - Dolomiti\" \/>\n<meta property=\"article:publisher\" content=\"https:\/\/www.facebook.com\/profile.php?id=100008943462799\" \/>\n<meta property=\"article:published_time\" content=\"2009-06-12T16:34:03+00:00\" \/>\n<meta property=\"article:modified_time\" content=\"2009-06-13T08:19:32+00:00\" \/>\n<meta property=\"og:image\" content=\"http:\/\/www.bellunopress.it\/wp-content\/uploads\/2009\/03\/spesarena-high1.jpg\" \/>\n<meta name=\"author\" content=\"redazione\" \/>\n<meta name=\"twitter:card\" content=\"summary_large_image\" \/>\n<meta name=\"twitter:creator\" content=\"@bellunopress\" \/>\n<meta name=\"twitter:site\" content=\"@bellunopress\" \/>\n<meta name=\"twitter:label1\" content=\"\u00c9crit par\" \/>\n\t<meta name=\"twitter:data1\" content=\"redazione\" \/>\n\t<meta name=\"twitter:label2\" content=\"Dur\u00e9e de lecture estim\u00e9e\" \/>\n\t<meta name=\"twitter:data2\" content=\"2 minutes\" \/>\n<script type=\"application\/ld+json\" class=\"yoast-schema-graph\">{\"@context\":\"https:\\\/\\\/schema.org\",\"@graph\":[{\"@type\":\"Article\",\"@id\":\"https:\\\/\\\/www.bellunopress.it\\\/2009\\\/06\\\/12\\\/il-coni-premia-domani-alle-1230-alla-spes-arena-i-migliori-sportivi-veneti\\\/#article\",\"isPartOf\":{\"@id\":\"https:\\\/\\\/www.bellunopress.it\\\/2009\\\/06\\\/12\\\/il-coni-premia-domani-alle-1230-alla-spes-arena-i-migliori-sportivi-veneti\\\/\"},\"author\":{\"name\":\"redazione\",\"@id\":\"https:\\\/\\\/www.bellunopress.it\\\/#\\\/schema\\\/person\\\/79bb06722b37ece1c03d3e94beb30d73\"},\"headline\":\"Il Coni premia oggi alle 12.30 alla Spes Arena i migliori sportivi veneti\",\"datePublished\":\"2009-06-12T16:34:03+00:00\",\"dateModified\":\"2009-06-13T08:19:32+00:00\",\"mainEntityOfPage\":{\"@id\":\"https:\\\/\\\/www.bellunopress.it\\\/2009\\\/06\\\/12\\\/il-coni-premia-domani-alle-1230-alla-spes-arena-i-migliori-sportivi-veneti\\\/\"},\"wordCount\":378,\"publisher\":{\"@id\":\"https:\\\/\\\/www.bellunopress.it\\\/#organization\"},\"image\":{\"@id\":\"https:\\\/\\\/www.bellunopress.it\\\/2009\\\/06\\\/12\\\/il-coni-premia-domani-alle-1230-alla-spes-arena-i-migliori-sportivi-veneti\\\/#primaryimage\"},\"thumbnailUrl\":\"http:\\\/\\\/www.bellunopress.it\\\/wp-content\\\/uploads\\\/2009\\\/03\\\/spesarena-high1.jpg\",\"keywords\":[\"Belluno\"],\"articleSection\":[\"Pausa Caff\u00e8\",\"Sport, tempo libero\"],\"inLanguage\":\"fr-FR\"},{\"@type\":\"WebPage\",\"@id\":\"https:\\\/\\\/www.bellunopress.it\\\/2009\\\/06\\\/12\\\/il-coni-premia-domani-alle-1230-alla-spes-arena-i-migliori-sportivi-veneti\\\/\",\"url\":\"https:\\\/\\\/www.bellunopress.it\\\/2009\\\/06\\\/12\\\/il-coni-premia-domani-alle-1230-alla-spes-arena-i-migliori-sportivi-veneti\\\/\",\"name\":\"Il Coni premia oggi alle 12.30 alla Spes Arena i migliori sportivi veneti - Bellunopress - Dolomiti\",\"isPartOf\":{\"@id\":\"https:\\\/\\\/www.bellunopress.it\\\/#website\"},\"primaryImageOfPage\":{\"@id\":\"https:\\\/\\\/www.bellunopress.it\\\/2009\\\/06\\\/12\\\/il-coni-premia-domani-alle-1230-alla-spes-arena-i-migliori-sportivi-veneti\\\/#primaryimage\"},\"image\":{\"@id\":\"https:\\\/\\\/www.bellunopress.it\\\/2009\\\/06\\\/12\\\/il-coni-premia-domani-alle-1230-alla-spes-arena-i-migliori-sportivi-veneti\\\/#primaryimage\"},\"thumbnailUrl\":\"http:\\\/\\\/www.bellunopress.it\\\/wp-content\\\/uploads\\\/2009\\\/03\\\/spesarena-high1.jpg\",\"datePublished\":\"2009-06-12T16:34:03+00:00\",\"dateModified\":\"2009-06-13T08:19:32+00:00\",\"breadcrumb\":{\"@id\":\"https:\\\/\\\/www.bellunopress.it\\\/2009\\\/06\\\/12\\\/il-coni-premia-domani-alle-1230-alla-spes-arena-i-migliori-sportivi-veneti\\\/#breadcrumb\"},\"inLanguage\":\"fr-FR\",\"potentialAction\":[{\"@type\":\"ReadAction\",\"target\":[\"https:\\\/\\\/www.bellunopress.it\\\/2009\\\/06\\\/12\\\/il-coni-premia-domani-alle-1230-alla-spes-arena-i-migliori-sportivi-veneti\\\/\"]}]},{\"@type\":\"ImageObject\",\"inLanguage\":\"fr-FR\",\"@id\":\"https:\\\/\\\/www.bellunopress.it\\\/2009\\\/06\\\/12\\\/il-coni-premia-domani-alle-1230-alla-spes-arena-i-migliori-sportivi-veneti\\\/#primaryimage\",\"url\":\"http:\\\/\\\/www.bellunopress.it\\\/wp-content\\\/uploads\\\/2009\\\/03\\\/spesarena-high1.jpg\",\"contentUrl\":\"http:\\\/\\\/www.bellunopress.it\\\/wp-content\\\/uploads\\\/2009\\\/03\\\/spesarena-high1.jpg\"},{\"@type\":\"BreadcrumbList\",\"@id\":\"https:\\\/\\\/www.bellunopress.it\\\/2009\\\/06\\\/12\\\/il-coni-premia-domani-alle-1230-alla-spes-arena-i-migliori-sportivi-veneti\\\/#breadcrumb\",\"itemListElement\":[{\"@type\":\"ListItem\",\"position\":1,\"name\":\"Home\",\"item\":\"https:\\\/\\\/www.bellunopress.it\\\/\"},{\"@type\":\"ListItem\",\"position\":2,\"name\":\"Il Coni premia oggi alle 12.30 alla Spes Arena i migliori sportivi veneti\"}]},{\"@type\":\"WebSite\",\"@id\":\"https:\\\/\\\/www.bellunopress.it\\\/#website\",\"url\":\"https:\\\/\\\/www.bellunopress.it\\\/\",\"name\":\"Bellunopress - Dolomiti\",\"description\":\"e-mail: redazione@bellunopress.it\",\"publisher\":{\"@id\":\"https:\\\/\\\/www.bellunopress.it\\\/#organization\"},\"potentialAction\":[{\"@type\":\"SearchAction\",\"target\":{\"@type\":\"EntryPoint\",\"urlTemplate\":\"https:\\\/\\\/www.bellunopress.it\\\/?s={search_term_string}\"},\"query-input\":{\"@type\":\"PropertyValueSpecification\",\"valueRequired\":true,\"valueName\":\"search_term_string\"}}],\"inLanguage\":\"fr-FR\"},{\"@type\":\"Organization\",\"@id\":\"https:\\\/\\\/www.bellunopress.it\\\/#organization\",\"name\":\"Bellunopress\",\"url\":\"https:\\\/\\\/www.bellunopress.it\\\/\",\"logo\":{\"@type\":\"ImageObject\",\"inLanguage\":\"fr-FR\",\"@id\":\"https:\\\/\\\/www.bellunopress.it\\\/#\\\/schema\\\/logo\\\/image\\\/\",\"url\":\"https:\\\/\\\/www.bellunopress.it\\\/wp-content\\\/uploads\\\/2011\\\/05\\\/cropped-logo-bellunopress-.jpg\",\"contentUrl\":\"https:\\\/\\\/www.bellunopress.it\\\/wp-content\\\/uploads\\\/2011\\\/05\\\/cropped-logo-bellunopress-.jpg\",\"width\":512,\"height\":512,\"caption\":\"Bellunopress\"},\"image\":{\"@id\":\"https:\\\/\\\/www.bellunopress.it\\\/#\\\/schema\\\/logo\\\/image\\\/\"},\"sameAs\":[\"https:\\\/\\\/www.facebook.com\\\/profile.php?id=100008943462799\",\"https:\\\/\\\/x.com\\\/bellunopress\",\"https:\\\/\\\/www.linkedin.com\\\/hp\\\/?dnr=JBzUWaJfMUw8vbXJJ2tVW5-I3jZKvC4wsoxE&amp;amp;amp;amp;amp;amp;trk=nav_responsive_tab_home\",\"https:\\\/\\\/www.youtube.com\\\/channel\\\/UCxL0wu1uN0_3_7hGG0306cw\"]},{\"@type\":\"Person\",\"@id\":\"https:\\\/\\\/www.bellunopress.it\\\/#\\\/schema\\\/person\\\/79bb06722b37ece1c03d3e94beb30d73\",\"name\":\"redazione\",\"image\":{\"@type\":\"ImageObject\",\"inLanguage\":\"fr-FR\",\"@id\":\"https:\\\/\\\/secure.gravatar.com\\\/avatar\\\/37d968a2e67a6fd04c169c4bdef102d0bc5d31b2546345219e348575eb80e9a0?s=96&d=mm&r=g\",\"url\":\"https:\\\/\\\/secure.gravatar.com\\\/avatar\\\/37d968a2e67a6fd04c169c4bdef102d0bc5d31b2546345219e348575eb80e9a0?s=96&d=mm&r=g\",\"contentUrl\":\"https:\\\/\\\/secure.gravatar.com\\\/avatar\\\/37d968a2e67a6fd04c169c4bdef102d0bc5d31b2546345219e348575eb80e9a0?s=96&d=mm&r=g\",\"caption\":\"redazione\"},\"sameAs\":[\"http:\\\/\\\/www.bellunopress.it\",\"https:\\\/\\\/x.com\\\/bellunopress\"],\"url\":\"https:\\\/\\\/www.bellunopress.it\\\/fr\\\/author\\\/redazione\\\/\"}]}<\/script>\n<!-- \/ Yoast SEO plugin. -->","yoast_head_json":{"title":"Il Coni premia oggi alle 12.30 alla Spes Arena i migliori sportivi veneti - Bellunopress - Dolomiti","robots":{"index":"index","follow":"follow","max-snippet":"max-snippet:-1","max-image-preview":"max-image-preview:large","max-video-preview":"max-video-preview:-1"},"canonical":"https:\/\/www.bellunopress.it\/fr\/2009\/06\/12\/il-coni-premia-domani-alle-1230-alla-spes-arena-i-migliori-sportivi-veneti\/","og_locale":"fr_FR","og_type":"article","og_title":"Il Coni premia oggi alle 12.30 alla Spes Arena i migliori sportivi veneti - Bellunopress - Dolomiti","og_description":"Se il movimento sportivo veneto risulta essere ai vertici nazionali \u00e8 merito soprattutto di coloro, atleti e dirigenti, che con tanti sacrifici e assoluta abnegazione giungono ad ottenere risultati sportivi importanti. Il Veneto \u00e8 la Regione italiana che ha conquistato il maggior numero di medaglie alle Olimpiadi di Pechino 2008, indice di un terreno fertile [&hellip;]","og_url":"https:\/\/www.bellunopress.it\/fr\/2009\/06\/12\/il-coni-premia-domani-alle-1230-alla-spes-arena-i-migliori-sportivi-veneti\/","og_site_name":"Bellunopress - Dolomiti","article_publisher":"https:\/\/www.facebook.com\/profile.php?id=100008943462799","article_published_time":"2009-06-12T16:34:03+00:00","article_modified_time":"2009-06-13T08:19:32+00:00","og_image":[{"url":"http:\/\/www.bellunopress.it\/wp-content\/uploads\/2009\/03\/spesarena-high1.jpg","type":"","width":"","height":""}],"author":"redazione","twitter_card":"summary_large_image","twitter_creator":"@bellunopress","twitter_site":"@bellunopress","twitter_misc":{"\u00c9crit par":"redazione","Dur\u00e9e de lecture estim\u00e9e":"2 minutes"},"schema":{"@context":"https:\/\/schema.org","@graph":[{"@type":"Article","@id":"https:\/\/www.bellunopress.it\/2009\/06\/12\/il-coni-premia-domani-alle-1230-alla-spes-arena-i-migliori-sportivi-veneti\/#article","isPartOf":{"@id":"https:\/\/www.bellunopress.it\/2009\/06\/12\/il-coni-premia-domani-alle-1230-alla-spes-arena-i-migliori-sportivi-veneti\/"},"author":{"name":"redazione","@id":"https:\/\/www.bellunopress.it\/#\/schema\/person\/79bb06722b37ece1c03d3e94beb30d73"},"headline":"Il Coni premia oggi alle 12.30 alla Spes Arena i migliori sportivi veneti","datePublished":"2009-06-12T16:34:03+00:00","dateModified":"2009-06-13T08:19:32+00:00","mainEntityOfPage":{"@id":"https:\/\/www.bellunopress.it\/2009\/06\/12\/il-coni-premia-domani-alle-1230-alla-spes-arena-i-migliori-sportivi-veneti\/"},"wordCount":378,"publisher":{"@id":"https:\/\/www.bellunopress.it\/#organization"},"image":{"@id":"https:\/\/www.bellunopress.it\/2009\/06\/12\/il-coni-premia-domani-alle-1230-alla-spes-arena-i-migliori-sportivi-veneti\/#primaryimage"},"thumbnailUrl":"http:\/\/www.bellunopress.it\/wp-content\/uploads\/2009\/03\/spesarena-high1.jpg","keywords":["Belluno"],"articleSection":["Pausa Caff\u00e8","Sport, tempo libero"],"inLanguage":"fr-FR"},{"@type":"WebPage","@id":"https:\/\/www.bellunopress.it\/2009\/06\/12\/il-coni-premia-domani-alle-1230-alla-spes-arena-i-migliori-sportivi-veneti\/","url":"https:\/\/www.bellunopress.it\/2009\/06\/12\/il-coni-premia-domani-alle-1230-alla-spes-arena-i-migliori-sportivi-veneti\/","name":"Il Coni premia oggi alle 12.30 alla Spes Arena i migliori sportivi veneti - Bellunopress - Dolomiti","isPartOf":{"@id":"https:\/\/www.bellunopress.it\/#website"},"primaryImageOfPage":{"@id":"https:\/\/www.bellunopress.it\/2009\/06\/12\/il-coni-premia-domani-alle-1230-alla-spes-arena-i-migliori-sportivi-veneti\/#primaryimage"},"image":{"@id":"https:\/\/www.bellunopress.it\/2009\/06\/12\/il-coni-premia-domani-alle-1230-alla-spes-arena-i-migliori-sportivi-veneti\/#primaryimage"},"thumbnailUrl":"http:\/\/www.bellunopress.it\/wp-content\/uploads\/2009\/03\/spesarena-high1.jpg","datePublished":"2009-06-12T16:34:03+00:00","dateModified":"2009-06-13T08:19:32+00:00","breadcrumb":{"@id":"https:\/\/www.bellunopress.it\/2009\/06\/12\/il-coni-premia-domani-alle-1230-alla-spes-arena-i-migliori-sportivi-veneti\/#breadcrumb"},"inLanguage":"fr-FR","potentialAction":[{"@type":"ReadAction","target":["https:\/\/www.bellunopress.it\/2009\/06\/12\/il-coni-premia-domani-alle-1230-alla-spes-arena-i-migliori-sportivi-veneti\/"]}]},{"@type":"ImageObject","inLanguage":"fr-FR","@id":"https:\/\/www.bellunopress.it\/2009\/06\/12\/il-coni-premia-domani-alle-1230-alla-spes-arena-i-migliori-sportivi-veneti\/#primaryimage","url":"http:\/\/www.bellunopress.it\/wp-content\/uploads\/2009\/03\/spesarena-high1.jpg","contentUrl":"http:\/\/www.bellunopress.it\/wp-content\/uploads\/2009\/03\/spesarena-high1.jpg"},{"@type":"BreadcrumbList","@id":"https:\/\/www.bellunopress.it\/2009\/06\/12\/il-coni-premia-domani-alle-1230-alla-spes-arena-i-migliori-sportivi-veneti\/#breadcrumb","itemListElement":[{"@type":"ListItem","position":1,"name":"Home","item":"https:\/\/www.bellunopress.it\/"},{"@type":"ListItem","position":2,"name":"Il Coni premia oggi alle 12.30 alla Spes Arena i migliori sportivi veneti"}]},{"@type":"WebSite","@id":"https:\/\/www.bellunopress.it\/#website","url":"https:\/\/www.bellunopress.it\/","name":"Bellunopress - Dolomiti","description":"e-mail: redazione@bellunopress.it","publisher":{"@id":"https:\/\/www.bellunopress.it\/#organization"},"potentialAction":[{"@type":"SearchAction","target":{"@type":"EntryPoint","urlTemplate":"https:\/\/www.bellunopress.it\/?s={search_term_string}"},"query-input":{"@type":"PropertyValueSpecification","valueRequired":true,"valueName":"search_term_string"}}],"inLanguage":"fr-FR"},{"@type":"Organization","@id":"https:\/\/www.bellunopress.it\/#organization","name":"Bellunopress","url":"https:\/\/www.bellunopress.it\/","logo":{"@type":"ImageObject","inLanguage":"fr-FR","@id":"https:\/\/www.bellunopress.it\/#\/schema\/logo\/image\/","url":"https:\/\/www.bellunopress.it\/wp-content\/uploads\/2011\/05\/cropped-logo-bellunopress-.jpg","contentUrl":"https:\/\/www.bellunopress.it\/wp-content\/uploads\/2011\/05\/cropped-logo-bellunopress-.jpg","width":512,"height":512,"caption":"Bellunopress"},"image":{"@id":"https:\/\/www.bellunopress.it\/#\/schema\/logo\/image\/"},"sameAs":["https:\/\/www.facebook.com\/profile.php?id=100008943462799","https:\/\/x.com\/bellunopress","https:\/\/www.linkedin.com\/hp\/?dnr=JBzUWaJfMUw8vbXJJ2tVW5-I3jZKvC4wsoxE&amp;amp;amp;amp;amp;amp;trk=nav_responsive_tab_home","https:\/\/www.youtube.com\/channel\/UCxL0wu1uN0_3_7hGG0306cw"]},{"@type":"Person","@id":"https:\/\/www.bellunopress.it\/#\/schema\/person\/79bb06722b37ece1c03d3e94beb30d73","name":"r\u00e9daction","image":{"@type":"ImageObject","inLanguage":"fr-FR","@id":"https:\/\/secure.gravatar.com\/avatar\/37d968a2e67a6fd04c169c4bdef102d0bc5d31b2546345219e348575eb80e9a0?s=96&d=mm&r=g","url":"https:\/\/secure.gravatar.com\/avatar\/37d968a2e67a6fd04c169c4bdef102d0bc5d31b2546345219e348575eb80e9a0?s=96&d=mm&r=g","contentUrl":"https:\/\/secure.gravatar.com\/avatar\/37d968a2e67a6fd04c169c4bdef102d0bc5d31b2546345219e348575eb80e9a0?s=96&d=mm&r=g","caption":"redazione"},"sameAs":["http:\/\/www.bellunopress.it","https:\/\/x.com\/bellunopress"],"url":"https:\/\/www.bellunopress.it\/fr\/author\/redazione\/"}]}},"_links":{"self":[{"href":"https:\/\/www.bellunopress.it\/fr\/wp-json\/wp\/v2\/posts\/4754","targetHints":{"allow":["GET"]}}],"collection":[{"href":"https:\/\/www.bellunopress.it\/fr\/wp-json\/wp\/v2\/posts"}],"about":[{"href":"https:\/\/www.bellunopress.it\/fr\/wp-json\/wp\/v2\/types\/post"}],"author":[{"embeddable":true,"href":"https:\/\/www.bellunopress.it\/fr\/wp-json\/wp\/v2\/users\/2"}],"replies":[{"embeddable":true,"href":"https:\/\/www.bellunopress.it\/fr\/wp-json\/wp\/v2\/comments?post=4754"}],"version-history":[{"count":6,"href":"https:\/\/www.bellunopress.it\/fr\/wp-json\/wp\/v2\/posts\/4754\/revisions"}],"predecessor-version":[{"id":4788,"href":"https:\/\/www.bellunopress.it\/fr\/wp-json\/wp\/v2\/posts\/4754\/revisions\/4788"}],"wp:attachment":[{"href":"https:\/\/www.bellunopress.it\/fr\/wp-json\/wp\/v2\/media?parent=4754"}],"wp:term":[{"taxonomy":"category","embeddable":true,"href":"https:\/\/www.bellunopress.it\/fr\/wp-json\/wp\/v2\/categories?post=4754"},{"taxonomy":"post_tag","embeddable":true,"href":"https:\/\/www.bellunopress.it\/fr\/wp-json\/wp\/v2\/tags?post=4754"}],"curies":[{"name":"wp","href":"https:\/\/api.w.org\/{rel}","templated":true}]}}