{"id":47532,"date":"2013-03-11T22:36:45","date_gmt":"2013-03-11T21:36:45","guid":{"rendered":"http:\/\/www.bellunopress.it\/?p=47532"},"modified":"2013-03-11T22:36:45","modified_gmt":"2013-03-11T21:36:45","slug":"dati-sulla-qualita-dellabitare-in-veneto-le-difficolta-di-accesso-allabitazione-spingono-il-57-dei-giovani-a-vivere-con-la-famiglia-di-origine","status":"publish","type":"post","link":"https:\/\/www.bellunopress.it\/fr\/2013\/03\/11\/dati-sulla-qualita-dellabitare-in-veneto-le-difficolta-di-accesso-allabitazione-spingono-il-57-dei-giovani-a-vivere-con-la-famiglia-di-origine\/","title":{"rendered":"Dati sulla qualit\u00e0 dell&#8217;abitare in Veneto.  Le difficolt\u00e0 di accesso all&#8217;abitazione spingono il 57% dei giovani a vivere  con la famiglia di origine"},"content":{"rendered":"<p><a href=\"http:\/\/www.bellunopress.it\/wp-content\/uploads\/2010\/11\/regione-veneto.bmp\"><img decoding=\"async\" class=\"alignleft size-full wp-image-21561\" alt=\"regione-veneto\" src=\"http:\/\/www.bellunopress.it\/wp-content\/uploads\/2010\/11\/regione-veneto.bmp\" \/><\/a>Per quanto riguarda la \u201cqualit\u00e0 dell\u2019abitare\u201d, il Veneto regge bene il confronto con altre realt\u00e0. Il quadro positivo emerge dalla pubblicazione dedicata a questo tema, realizzata dalla Direzione Sistema Statistico della Regione del Veneto nell\u2019ambito di una serie di monografie dedicate alla qualit\u00e0 della vita. Il volume affronta il tema dell\u2019abitare in senso ampio, declinato almeno sotto tre aspetti: casa come alloggio; casa come focolare domestico; casa come dimora in un contesto ambientale (vicinato, quartiere, territorio) funzionale ai rapporti sociali di vario tipo. Al centro c\u2019\u00e8 sempre la famiglia, i suoi bisogni e la soddisfazione per l\u2019abitare, con un\u2019attenzione particolare al disagio abitativo di chi si trova in difficili condizioni socioeconomiche.<\/p>\n<p>\u201cLo studio \u2013 sottolinea il vicepresidente della giunta regionale e assessore alla statistica Marino Zorzato &#8211; individua punti di forza e criticit\u00e0 del sistema dell\u2019abitare nel Veneto, anche grazie al confronto con altri sistemi nazionali o internazionali\u201d.<\/p>\n<p>Nel complesso il Veneto, nel confronto con le altre regioni, si attesta su una posizione medio-alta. Particolarmente diffusa risulta la cultura della casa di propriet\u00e0 (72% delle famiglie, in Italia 68%) e la propensione a vivere in case unifamiliari o plurifamiliari (59% delle famiglie), la forma abitativa che garantisce la maggiore libert\u00e0 e privacy. Gli alloggi risultano ben dotati dal punto di vista dei servizi strutturali (presenza di una cucina abitabile, due o pi\u00f9 bagni, giardino, terrazzo), con impianti adeguati per funzionalit\u00e0 e sicurezza, senza particolari problemi strutturali, di scarsa luminosit\u00e0 o spazio insufficiente.<\/p>\n<p>Tra i punti di forza, il giudizio pi\u00f9 che positivo espresso dalle famiglie sull\u2019accessibilit\u00e0 a servizi quali farmacia, pronto soccorso, uffici comunali e postali, forze dell\u2019ordine, negozi alimentari, asili e scuole. La vicinanza abitativa di componenti della famiglia allargata (genitori, figli, fratelli e sorelle), caratteristica particolarmente radicata in Veneto, favorisce la frequentazione, le relazioni e l\u2019aiuto reciproco, cos\u00ec come risiedere prevalentemente in comuni di media dimensione e in contesti abitativi non troppo grandi facilita le relazioni tra le persone che vi abitano; il livello di solidariet\u00e0 intergenerazionale e sociale di buon vicinato sembra quindi soddisfacente.<\/p>\n<p>Tra le criticit\u00e0, invece, le difficolt\u00e0 di accesso all&#8217;abitazione per i giovani, anche per questo costretti spesso a rinunciare o a rimandare l\u2019inizio del proprio percorso di vita autonoma (in Veneto il 57% dei giovani vive ancora con la famiglia di origine) e la sostenibilit\u00e0 dei costi per la casa, impegnativi soprattutto per le famiglie in affitto e con mutuo (le spese per la casa incidono in media per il 30% del reddito) e per gli anziani, specie se soli.<\/p>\n<p>Anche se in misura decisamente inferiore rispetto alle altre regioni italiane, \u00e8 da considerare critico il fatto che circa 239 mila famiglie (quasi il 12% del totale), composte da oltre 800 mila persone, si trovino in condizione di sovraffollamento; le situazioni pi\u00f9 difficili si riscontrano per chi vive in affitto a prezzi di mercato e tra le famiglie numerose, con tre o pi\u00f9 figli a carico. E\u2019 oggetto di preoccupazione sociale anche la condizione di grave deprivazione abitativa &#8211; cos\u00ec come definita da Eurostat &#8211; che interessa circa 290.000 persone, che non possono permettersi una casa adeguata a un vivere sano e sicuro. Infine, tra le forme pi\u00f9 gravi di disagio abitativo, i rischi di perdere l\u2019alloggio a causa di uno sfratto (nel 2010 sono stati eseguiti oltre duemila sfratti, valore triplicato rispetto a dieci anni prima) e di non poter disporre di una dimora, e quindi vivere in strada o in sistemazioni di fortuna (una stima di quasi 50 mila persone in Italia e di circa 3.700 in Veneto).<\/p>\n<p>\u201cL\u2019analisi ragionata dei punti di forza e delle criticit\u00e0 del sistema dell\u2019abitare in Veneto \u2013 conclude Zorzato \u2013 risulta utile per il consolidamento delle politiche regionali di settore \u2013 ricordo il successo ottenuto, in particolare, con il \u201cPiano casa\u201d &#8211; e per migliorare ulteriormente la pianificazione. Si tratta infatti di uno studio trasversale che abbraccia ambiti diversi riferiti allo spazio urbano, ai servizi\u201d.<\/p>\n<p>&nbsp;<\/p>\n<p>&nbsp;<\/p>","protected":false},"excerpt":{"rendered":"<p>Per quanto riguarda la \u201cqualit\u00e0 dell\u2019abitare\u201d, il Veneto regge bene il confronto con altre realt\u00e0. Il quadro positivo emerge dalla pubblicazione dedicata a questo tema, realizzata dalla Direzione Sistema Statistico della Regione del Veneto nell\u2019ambito di una serie di monografie dedicate alla qualit\u00e0 della vita. Il volume affronta il tema dell\u2019abitare in senso ampio, declinato [&hellip;]<\/p>\n","protected":false},"author":2,"featured_media":0,"comment_status":"closed","ping_status":"open","sticky":false,"template":"","format":"standard","meta":{"footnotes":""},"categories":[26,8],"tags":[],"class_list":["post-47532","post","type-post","status-publish","format-standard","category-prima-pagina","category-societa-istituzioni"],"yoast_head":"<!-- This site is optimized with the Yoast SEO plugin v28.4 - https:\/\/yoast.com\/product\/yoast-seo-wordpress\/ -->\n<title>Dati sulla qualit\u00e0 dell&#039;abitare in Veneto. Le difficolt\u00e0 di accesso all&#039;abitazione spingono il 57% dei giovani a vivere con la famiglia di origine - Bellunopress - Dolomiti<\/title>\n<meta name=\"robots\" content=\"index, follow, max-snippet:-1, max-image-preview:large, max-video-preview:-1\" \/>\n<link rel=\"canonical\" href=\"https:\/\/www.bellunopress.it\/fr\/2013\/03\/11\/dati-sulla-qualita-dellabitare-in-veneto-le-difficolta-di-accesso-allabitazione-spingono-il-57-dei-giovani-a-vivere-con-la-famiglia-di-origine\/\" \/>\n<meta property=\"og:locale\" content=\"fr_FR\" \/>\n<meta property=\"og:type\" content=\"article\" \/>\n<meta property=\"og:title\" content=\"Dati sulla qualit\u00e0 dell&#039;abitare in Veneto. Le difficolt\u00e0 di accesso all&#039;abitazione spingono il 57% dei giovani a vivere con la famiglia di origine - Bellunopress - Dolomiti\" \/>\n<meta property=\"og:description\" content=\"Per quanto riguarda la \u201cqualit\u00e0 dell\u2019abitare\u201d, il Veneto regge bene il confronto con altre realt\u00e0. Il quadro positivo emerge dalla pubblicazione dedicata a questo tema, realizzata dalla Direzione Sistema Statistico della Regione del Veneto nell\u2019ambito di una serie di monografie dedicate alla qualit\u00e0 della vita. Il volume affronta il tema dell\u2019abitare in senso ampio, declinato [&hellip;]\" \/>\n<meta property=\"og:url\" content=\"https:\/\/www.bellunopress.it\/fr\/2013\/03\/11\/dati-sulla-qualita-dellabitare-in-veneto-le-difficolta-di-accesso-allabitazione-spingono-il-57-dei-giovani-a-vivere-con-la-famiglia-di-origine\/\" \/>\n<meta property=\"og:site_name\" content=\"Bellunopress - Dolomiti\" \/>\n<meta property=\"article:publisher\" content=\"https:\/\/www.facebook.com\/profile.php?id=100008943462799\" \/>\n<meta property=\"article:published_time\" content=\"2013-03-11T21:36:45+00:00\" \/>\n<meta property=\"og:image\" content=\"http:\/\/www.bellunopress.it\/wp-content\/uploads\/2010\/11\/regione-veneto.bmp\" \/>\n<meta name=\"author\" content=\"redazione\" \/>\n<meta name=\"twitter:card\" content=\"summary_large_image\" \/>\n<meta name=\"twitter:creator\" content=\"@bellunopress\" \/>\n<meta name=\"twitter:site\" content=\"@bellunopress\" \/>\n<meta name=\"twitter:label1\" content=\"Written by\" \/>\n\t<meta name=\"twitter:data1\" content=\"redazione\" \/>\n\t<meta name=\"twitter:label2\" content=\"Est. reading time\" \/>\n\t<meta name=\"twitter:data2\" content=\"3 minutes\" \/>\n<script type=\"application\/ld+json\" class=\"yoast-schema-graph\">{\"@context\":\"https:\\\/\\\/schema.org\",\"@graph\":[{\"@type\":\"Article\",\"@id\":\"https:\\\/\\\/www.bellunopress.it\\\/2013\\\/03\\\/11\\\/dati-sulla-qualita-dellabitare-in-veneto-le-difficolta-di-accesso-allabitazione-spingono-il-57-dei-giovani-a-vivere-con-la-famiglia-di-origine\\\/#article\",\"isPartOf\":{\"@id\":\"https:\\\/\\\/www.bellunopress.it\\\/2013\\\/03\\\/11\\\/dati-sulla-qualita-dellabitare-in-veneto-le-difficolta-di-accesso-allabitazione-spingono-il-57-dei-giovani-a-vivere-con-la-famiglia-di-origine\\\/\"},\"author\":{\"name\":\"redazione\",\"@id\":\"https:\\\/\\\/www.bellunopress.it\\\/#\\\/schema\\\/person\\\/79bb06722b37ece1c03d3e94beb30d73\"},\"headline\":\"Dati sulla qualit\u00e0 dell&#8217;abitare in Veneto. Le difficolt\u00e0 di accesso all&#8217;abitazione spingono il 57% dei giovani a vivere con la famiglia di origine\",\"datePublished\":\"2013-03-11T21:36:45+00:00\",\"mainEntityOfPage\":{\"@id\":\"https:\\\/\\\/www.bellunopress.it\\\/2013\\\/03\\\/11\\\/dati-sulla-qualita-dellabitare-in-veneto-le-difficolta-di-accesso-allabitazione-spingono-il-57-dei-giovani-a-vivere-con-la-famiglia-di-origine\\\/\"},\"wordCount\":673,\"publisher\":{\"@id\":\"https:\\\/\\\/www.bellunopress.it\\\/#organization\"},\"image\":{\"@id\":\"https:\\\/\\\/www.bellunopress.it\\\/2013\\\/03\\\/11\\\/dati-sulla-qualita-dellabitare-in-veneto-le-difficolta-di-accesso-allabitazione-spingono-il-57-dei-giovani-a-vivere-con-la-famiglia-di-origine\\\/#primaryimage\"},\"thumbnailUrl\":\"http:\\\/\\\/www.bellunopress.it\\\/wp-content\\\/uploads\\\/2010\\\/11\\\/regione-veneto.bmp\",\"articleSection\":[\"Prima Pagina\",\"Societ\u00e0, Associazioni, Istituzioni\"],\"inLanguage\":\"fr-FR\"},{\"@type\":\"WebPage\",\"@id\":\"https:\\\/\\\/www.bellunopress.it\\\/2013\\\/03\\\/11\\\/dati-sulla-qualita-dellabitare-in-veneto-le-difficolta-di-accesso-allabitazione-spingono-il-57-dei-giovani-a-vivere-con-la-famiglia-di-origine\\\/\",\"url\":\"https:\\\/\\\/www.bellunopress.it\\\/2013\\\/03\\\/11\\\/dati-sulla-qualita-dellabitare-in-veneto-le-difficolta-di-accesso-allabitazione-spingono-il-57-dei-giovani-a-vivere-con-la-famiglia-di-origine\\\/\",\"name\":\"Dati sulla qualit\u00e0 dell'abitare in Veneto. Le difficolt\u00e0 di accesso all'abitazione spingono il 57% dei giovani a vivere con la famiglia di origine - Bellunopress - Dolomiti\",\"isPartOf\":{\"@id\":\"https:\\\/\\\/www.bellunopress.it\\\/#website\"},\"primaryImageOfPage\":{\"@id\":\"https:\\\/\\\/www.bellunopress.it\\\/2013\\\/03\\\/11\\\/dati-sulla-qualita-dellabitare-in-veneto-le-difficolta-di-accesso-allabitazione-spingono-il-57-dei-giovani-a-vivere-con-la-famiglia-di-origine\\\/#primaryimage\"},\"image\":{\"@id\":\"https:\\\/\\\/www.bellunopress.it\\\/2013\\\/03\\\/11\\\/dati-sulla-qualita-dellabitare-in-veneto-le-difficolta-di-accesso-allabitazione-spingono-il-57-dei-giovani-a-vivere-con-la-famiglia-di-origine\\\/#primaryimage\"},\"thumbnailUrl\":\"http:\\\/\\\/www.bellunopress.it\\\/wp-content\\\/uploads\\\/2010\\\/11\\\/regione-veneto.bmp\",\"datePublished\":\"2013-03-11T21:36:45+00:00\",\"breadcrumb\":{\"@id\":\"https:\\\/\\\/www.bellunopress.it\\\/2013\\\/03\\\/11\\\/dati-sulla-qualita-dellabitare-in-veneto-le-difficolta-di-accesso-allabitazione-spingono-il-57-dei-giovani-a-vivere-con-la-famiglia-di-origine\\\/#breadcrumb\"},\"inLanguage\":\"fr-FR\",\"potentialAction\":[{\"@type\":\"ReadAction\",\"target\":[\"https:\\\/\\\/www.bellunopress.it\\\/2013\\\/03\\\/11\\\/dati-sulla-qualita-dellabitare-in-veneto-le-difficolta-di-accesso-allabitazione-spingono-il-57-dei-giovani-a-vivere-con-la-famiglia-di-origine\\\/\"]}]},{\"@type\":\"ImageObject\",\"inLanguage\":\"fr-FR\",\"@id\":\"https:\\\/\\\/www.bellunopress.it\\\/2013\\\/03\\\/11\\\/dati-sulla-qualita-dellabitare-in-veneto-le-difficolta-di-accesso-allabitazione-spingono-il-57-dei-giovani-a-vivere-con-la-famiglia-di-origine\\\/#primaryimage\",\"url\":\"http:\\\/\\\/www.bellunopress.it\\\/wp-content\\\/uploads\\\/2010\\\/11\\\/regione-veneto.bmp\",\"contentUrl\":\"http:\\\/\\\/www.bellunopress.it\\\/wp-content\\\/uploads\\\/2010\\\/11\\\/regione-veneto.bmp\"},{\"@type\":\"BreadcrumbList\",\"@id\":\"https:\\\/\\\/www.bellunopress.it\\\/2013\\\/03\\\/11\\\/dati-sulla-qualita-dellabitare-in-veneto-le-difficolta-di-accesso-allabitazione-spingono-il-57-dei-giovani-a-vivere-con-la-famiglia-di-origine\\\/#breadcrumb\",\"itemListElement\":[{\"@type\":\"ListItem\",\"position\":1,\"name\":\"Home\",\"item\":\"https:\\\/\\\/www.bellunopress.it\\\/\"},{\"@type\":\"ListItem\",\"position\":2,\"name\":\"Dati sulla qualit\u00e0 dell&#8217;abitare in Veneto. Le difficolt\u00e0 di accesso all&#8217;abitazione spingono il 57% dei giovani a vivere con la famiglia di origine\"}]},{\"@type\":\"WebSite\",\"@id\":\"https:\\\/\\\/www.bellunopress.it\\\/#website\",\"url\":\"https:\\\/\\\/www.bellunopress.it\\\/\",\"name\":\"Bellunopress - Dolomiti\",\"description\":\"e-mail: redazione@bellunopress.it\",\"publisher\":{\"@id\":\"https:\\\/\\\/www.bellunopress.it\\\/#organization\"},\"potentialAction\":[{\"@type\":\"SearchAction\",\"target\":{\"@type\":\"EntryPoint\",\"urlTemplate\":\"https:\\\/\\\/www.bellunopress.it\\\/?s={search_term_string}\"},\"query-input\":{\"@type\":\"PropertyValueSpecification\",\"valueRequired\":true,\"valueName\":\"search_term_string\"}}],\"inLanguage\":\"fr-FR\"},{\"@type\":\"Organization\",\"@id\":\"https:\\\/\\\/www.bellunopress.it\\\/#organization\",\"name\":\"Bellunopress\",\"url\":\"https:\\\/\\\/www.bellunopress.it\\\/\",\"logo\":{\"@type\":\"ImageObject\",\"inLanguage\":\"fr-FR\",\"@id\":\"https:\\\/\\\/www.bellunopress.it\\\/#\\\/schema\\\/logo\\\/image\\\/\",\"url\":\"https:\\\/\\\/www.bellunopress.it\\\/wp-content\\\/uploads\\\/2011\\\/05\\\/cropped-logo-bellunopress-.jpg\",\"contentUrl\":\"https:\\\/\\\/www.bellunopress.it\\\/wp-content\\\/uploads\\\/2011\\\/05\\\/cropped-logo-bellunopress-.jpg\",\"width\":512,\"height\":512,\"caption\":\"Bellunopress\"},\"image\":{\"@id\":\"https:\\\/\\\/www.bellunopress.it\\\/#\\\/schema\\\/logo\\\/image\\\/\"},\"sameAs\":[\"https:\\\/\\\/www.facebook.com\\\/profile.php?id=100008943462799\",\"https:\\\/\\\/x.com\\\/bellunopress\",\"https:\\\/\\\/www.linkedin.com\\\/hp\\\/?dnr=JBzUWaJfMUw8vbXJJ2tVW5-I3jZKvC4wsoxE&amp;amp;amp;amp;amp;amp;trk=nav_responsive_tab_home\",\"https:\\\/\\\/www.youtube.com\\\/channel\\\/UCxL0wu1uN0_3_7hGG0306cw\"]},{\"@type\":\"Person\",\"@id\":\"https:\\\/\\\/www.bellunopress.it\\\/#\\\/schema\\\/person\\\/79bb06722b37ece1c03d3e94beb30d73\",\"name\":\"redazione\",\"image\":{\"@type\":\"ImageObject\",\"inLanguage\":\"fr-FR\",\"@id\":\"https:\\\/\\\/secure.gravatar.com\\\/avatar\\\/37d968a2e67a6fd04c169c4bdef102d0bc5d31b2546345219e348575eb80e9a0?s=96&d=mm&r=g\",\"url\":\"https:\\\/\\\/secure.gravatar.com\\\/avatar\\\/37d968a2e67a6fd04c169c4bdef102d0bc5d31b2546345219e348575eb80e9a0?s=96&d=mm&r=g\",\"contentUrl\":\"https:\\\/\\\/secure.gravatar.com\\\/avatar\\\/37d968a2e67a6fd04c169c4bdef102d0bc5d31b2546345219e348575eb80e9a0?s=96&d=mm&r=g\",\"caption\":\"redazione\"},\"sameAs\":[\"http:\\\/\\\/www.bellunopress.it\",\"https:\\\/\\\/x.com\\\/bellunopress\"],\"url\":\"https:\\\/\\\/www.bellunopress.it\\\/fr\\\/author\\\/redazione\\\/\"}]}<\/script>\n<!-- \/ Yoast SEO plugin. -->","yoast_head_json":{"title":"Dati sulla qualit\u00e0 dell'abitare in Veneto. Le difficolt\u00e0 di accesso all'abitazione spingono il 57% dei giovani a vivere con la famiglia di origine - Bellunopress - Dolomiti","robots":{"index":"index","follow":"follow","max-snippet":"max-snippet:-1","max-image-preview":"max-image-preview:large","max-video-preview":"max-video-preview:-1"},"canonical":"https:\/\/www.bellunopress.it\/fr\/2013\/03\/11\/dati-sulla-qualita-dellabitare-in-veneto-le-difficolta-di-accesso-allabitazione-spingono-il-57-dei-giovani-a-vivere-con-la-famiglia-di-origine\/","og_locale":"fr_FR","og_type":"article","og_title":"Dati sulla qualit\u00e0 dell'abitare in Veneto. Le difficolt\u00e0 di accesso all'abitazione spingono il 57% dei giovani a vivere con la famiglia di origine - Bellunopress - Dolomiti","og_description":"Per quanto riguarda la \u201cqualit\u00e0 dell\u2019abitare\u201d, il Veneto regge bene il confronto con altre realt\u00e0. Il quadro positivo emerge dalla pubblicazione dedicata a questo tema, realizzata dalla Direzione Sistema Statistico della Regione del Veneto nell\u2019ambito di una serie di monografie dedicate alla qualit\u00e0 della vita. Il volume affronta il tema dell\u2019abitare in senso ampio, declinato [&hellip;]","og_url":"https:\/\/www.bellunopress.it\/fr\/2013\/03\/11\/dati-sulla-qualita-dellabitare-in-veneto-le-difficolta-di-accesso-allabitazione-spingono-il-57-dei-giovani-a-vivere-con-la-famiglia-di-origine\/","og_site_name":"Bellunopress - Dolomiti","article_publisher":"https:\/\/www.facebook.com\/profile.php?id=100008943462799","article_published_time":"2013-03-11T21:36:45+00:00","og_image":[{"url":"http:\/\/www.bellunopress.it\/wp-content\/uploads\/2010\/11\/regione-veneto.bmp","type":"","width":"","height":""}],"author":"redazione","twitter_card":"summary_large_image","twitter_creator":"@bellunopress","twitter_site":"@bellunopress","twitter_misc":{"Written by":"redazione","Est. reading time":"3 minutes"},"schema":{"@context":"https:\/\/schema.org","@graph":[{"@type":"Article","@id":"https:\/\/www.bellunopress.it\/2013\/03\/11\/dati-sulla-qualita-dellabitare-in-veneto-le-difficolta-di-accesso-allabitazione-spingono-il-57-dei-giovani-a-vivere-con-la-famiglia-di-origine\/#article","isPartOf":{"@id":"https:\/\/www.bellunopress.it\/2013\/03\/11\/dati-sulla-qualita-dellabitare-in-veneto-le-difficolta-di-accesso-allabitazione-spingono-il-57-dei-giovani-a-vivere-con-la-famiglia-di-origine\/"},"author":{"name":"redazione","@id":"https:\/\/www.bellunopress.it\/#\/schema\/person\/79bb06722b37ece1c03d3e94beb30d73"},"headline":"Dati sulla qualit\u00e0 dell&#8217;abitare in Veneto. Le difficolt\u00e0 di accesso all&#8217;abitazione spingono il 57% dei giovani a vivere con la famiglia di origine","datePublished":"2013-03-11T21:36:45+00:00","mainEntityOfPage":{"@id":"https:\/\/www.bellunopress.it\/2013\/03\/11\/dati-sulla-qualita-dellabitare-in-veneto-le-difficolta-di-accesso-allabitazione-spingono-il-57-dei-giovani-a-vivere-con-la-famiglia-di-origine\/"},"wordCount":673,"publisher":{"@id":"https:\/\/www.bellunopress.it\/#organization"},"image":{"@id":"https:\/\/www.bellunopress.it\/2013\/03\/11\/dati-sulla-qualita-dellabitare-in-veneto-le-difficolta-di-accesso-allabitazione-spingono-il-57-dei-giovani-a-vivere-con-la-famiglia-di-origine\/#primaryimage"},"thumbnailUrl":"http:\/\/www.bellunopress.it\/wp-content\/uploads\/2010\/11\/regione-veneto.bmp","articleSection":["Prima Pagina","Societ\u00e0, Associazioni, Istituzioni"],"inLanguage":"fr-FR"},{"@type":"WebPage","@id":"https:\/\/www.bellunopress.it\/2013\/03\/11\/dati-sulla-qualita-dellabitare-in-veneto-le-difficolta-di-accesso-allabitazione-spingono-il-57-dei-giovani-a-vivere-con-la-famiglia-di-origine\/","url":"https:\/\/www.bellunopress.it\/2013\/03\/11\/dati-sulla-qualita-dellabitare-in-veneto-le-difficolta-di-accesso-allabitazione-spingono-il-57-dei-giovani-a-vivere-con-la-famiglia-di-origine\/","name":"Dati sulla qualit\u00e0 dell'abitare in Veneto. Le difficolt\u00e0 di accesso all'abitazione spingono il 57% dei giovani a vivere con la famiglia di origine - Bellunopress - Dolomiti","isPartOf":{"@id":"https:\/\/www.bellunopress.it\/#website"},"primaryImageOfPage":{"@id":"https:\/\/www.bellunopress.it\/2013\/03\/11\/dati-sulla-qualita-dellabitare-in-veneto-le-difficolta-di-accesso-allabitazione-spingono-il-57-dei-giovani-a-vivere-con-la-famiglia-di-origine\/#primaryimage"},"image":{"@id":"https:\/\/www.bellunopress.it\/2013\/03\/11\/dati-sulla-qualita-dellabitare-in-veneto-le-difficolta-di-accesso-allabitazione-spingono-il-57-dei-giovani-a-vivere-con-la-famiglia-di-origine\/#primaryimage"},"thumbnailUrl":"http:\/\/www.bellunopress.it\/wp-content\/uploads\/2010\/11\/regione-veneto.bmp","datePublished":"2013-03-11T21:36:45+00:00","breadcrumb":{"@id":"https:\/\/www.bellunopress.it\/2013\/03\/11\/dati-sulla-qualita-dellabitare-in-veneto-le-difficolta-di-accesso-allabitazione-spingono-il-57-dei-giovani-a-vivere-con-la-famiglia-di-origine\/#breadcrumb"},"inLanguage":"fr-FR","potentialAction":[{"@type":"ReadAction","target":["https:\/\/www.bellunopress.it\/2013\/03\/11\/dati-sulla-qualita-dellabitare-in-veneto-le-difficolta-di-accesso-allabitazione-spingono-il-57-dei-giovani-a-vivere-con-la-famiglia-di-origine\/"]}]},{"@type":"ImageObject","inLanguage":"fr-FR","@id":"https:\/\/www.bellunopress.it\/2013\/03\/11\/dati-sulla-qualita-dellabitare-in-veneto-le-difficolta-di-accesso-allabitazione-spingono-il-57-dei-giovani-a-vivere-con-la-famiglia-di-origine\/#primaryimage","url":"http:\/\/www.bellunopress.it\/wp-content\/uploads\/2010\/11\/regione-veneto.bmp","contentUrl":"http:\/\/www.bellunopress.it\/wp-content\/uploads\/2010\/11\/regione-veneto.bmp"},{"@type":"BreadcrumbList","@id":"https:\/\/www.bellunopress.it\/2013\/03\/11\/dati-sulla-qualita-dellabitare-in-veneto-le-difficolta-di-accesso-allabitazione-spingono-il-57-dei-giovani-a-vivere-con-la-famiglia-di-origine\/#breadcrumb","itemListElement":[{"@type":"ListItem","position":1,"name":"Home","item":"https:\/\/www.bellunopress.it\/"},{"@type":"ListItem","position":2,"name":"Dati sulla qualit\u00e0 dell&#8217;abitare in Veneto. Le difficolt\u00e0 di accesso all&#8217;abitazione spingono il 57% dei giovani a vivere con la famiglia di origine"}]},{"@type":"WebSite","@id":"https:\/\/www.bellunopress.it\/#website","url":"https:\/\/www.bellunopress.it\/","name":"Bellunopress - Dolomiti","description":"e-mail: redazione@bellunopress.it","publisher":{"@id":"https:\/\/www.bellunopress.it\/#organization"},"potentialAction":[{"@type":"SearchAction","target":{"@type":"EntryPoint","urlTemplate":"https:\/\/www.bellunopress.it\/?s={search_term_string}"},"query-input":{"@type":"PropertyValueSpecification","valueRequired":true,"valueName":"search_term_string"}}],"inLanguage":"fr-FR"},{"@type":"Organization","@id":"https:\/\/www.bellunopress.it\/#organization","name":"Bellunopress","url":"https:\/\/www.bellunopress.it\/","logo":{"@type":"ImageObject","inLanguage":"fr-FR","@id":"https:\/\/www.bellunopress.it\/#\/schema\/logo\/image\/","url":"https:\/\/www.bellunopress.it\/wp-content\/uploads\/2011\/05\/cropped-logo-bellunopress-.jpg","contentUrl":"https:\/\/www.bellunopress.it\/wp-content\/uploads\/2011\/05\/cropped-logo-bellunopress-.jpg","width":512,"height":512,"caption":"Bellunopress"},"image":{"@id":"https:\/\/www.bellunopress.it\/#\/schema\/logo\/image\/"},"sameAs":["https:\/\/www.facebook.com\/profile.php?id=100008943462799","https:\/\/x.com\/bellunopress","https:\/\/www.linkedin.com\/hp\/?dnr=JBzUWaJfMUw8vbXJJ2tVW5-I3jZKvC4wsoxE&amp;amp;amp;amp;amp;amp;trk=nav_responsive_tab_home","https:\/\/www.youtube.com\/channel\/UCxL0wu1uN0_3_7hGG0306cw"]},{"@type":"Person","@id":"https:\/\/www.bellunopress.it\/#\/schema\/person\/79bb06722b37ece1c03d3e94beb30d73","name":"r\u00e9daction","image":{"@type":"ImageObject","inLanguage":"fr-FR","@id":"https:\/\/secure.gravatar.com\/avatar\/37d968a2e67a6fd04c169c4bdef102d0bc5d31b2546345219e348575eb80e9a0?s=96&d=mm&r=g","url":"https:\/\/secure.gravatar.com\/avatar\/37d968a2e67a6fd04c169c4bdef102d0bc5d31b2546345219e348575eb80e9a0?s=96&d=mm&r=g","contentUrl":"https:\/\/secure.gravatar.com\/avatar\/37d968a2e67a6fd04c169c4bdef102d0bc5d31b2546345219e348575eb80e9a0?s=96&d=mm&r=g","caption":"redazione"},"sameAs":["http:\/\/www.bellunopress.it","https:\/\/x.com\/bellunopress"],"url":"https:\/\/www.bellunopress.it\/fr\/author\/redazione\/"}]}},"_links":{"self":[{"href":"https:\/\/www.bellunopress.it\/fr\/wp-json\/wp\/v2\/posts\/47532","targetHints":{"allow":["GET"]}}],"collection":[{"href":"https:\/\/www.bellunopress.it\/fr\/wp-json\/wp\/v2\/posts"}],"about":[{"href":"https:\/\/www.bellunopress.it\/fr\/wp-json\/wp\/v2\/types\/post"}],"author":[{"embeddable":true,"href":"https:\/\/www.bellunopress.it\/fr\/wp-json\/wp\/v2\/users\/2"}],"replies":[{"embeddable":true,"href":"https:\/\/www.bellunopress.it\/fr\/wp-json\/wp\/v2\/comments?post=47532"}],"version-history":[{"count":1,"href":"https:\/\/www.bellunopress.it\/fr\/wp-json\/wp\/v2\/posts\/47532\/revisions"}],"predecessor-version":[{"id":47533,"href":"https:\/\/www.bellunopress.it\/fr\/wp-json\/wp\/v2\/posts\/47532\/revisions\/47533"}],"wp:attachment":[{"href":"https:\/\/www.bellunopress.it\/fr\/wp-json\/wp\/v2\/media?parent=47532"}],"wp:term":[{"taxonomy":"category","embeddable":true,"href":"https:\/\/www.bellunopress.it\/fr\/wp-json\/wp\/v2\/categories?post=47532"},{"taxonomy":"post_tag","embeddable":true,"href":"https:\/\/www.bellunopress.it\/fr\/wp-json\/wp\/v2\/tags?post=47532"}],"curies":[{"name":"wp","href":"https:\/\/api.w.org\/{rel}","templated":true}]}}