{"id":47527,"date":"2013-03-11T20:12:59","date_gmt":"2013-03-11T19:12:59","guid":{"rendered":"http:\/\/www.bellunopress.it\/?p=47527"},"modified":"2013-03-11T20:12:59","modified_gmt":"2013-03-11T19:12:59","slug":"assemblea-regionale-del-soccorso-alpino-e-speleologico-veneto-aumentano-gli-interventi-e-gli-impegni-delle-delegazioni","status":"publish","type":"post","link":"https:\/\/www.bellunopress.it\/fr\/2013\/03\/11\/assemblea-regionale-del-soccorso-alpino-e-speleologico-veneto-aumentano-gli-interventi-e-gli-impegni-delle-delegazioni\/","title":{"rendered":"Assemblea regionale del Soccorso alpino e speleologico veneto: aumentano gli interventi e gli impegni delle Delegazioni"},"content":{"rendered":"<p><a href=\"http:\/\/www.bellunopress.it\/wp-content\/uploads\/2011\/06\/soccorso-alpino.jpg\"><img loading=\"lazy\" decoding=\"async\" class=\"alignleft size-full wp-image-28207\" alt=\"soccorso alpino\" src=\"http:\/\/www.bellunopress.it\/wp-content\/uploads\/2011\/06\/soccorso-alpino.jpg\" width=\"290\" height=\"218\" \/><\/a>A livello regionale sono aumentati, rispetto al 2011, gli interventi portati a termine dal Soccorso alpino e speleologico veneto, cos\u00ec come sono sempre maggiori gli impegni cui faranno fronte nel 2013 le 3 Delegazioni, II Dolomiti Bellunesi, XI Prealpi Venete e VI Speleologica.<\/p>\n<p>E&#8217; quanto emerso nel corso dell&#8217;assemblea regionale, svoltasi sabato scorso a Pedavena, che ha riunito tutti i capi e i vicecapistazione veneti, nonch\u00e8 i delegati e vice e la presidenza uscente, poi riconfermata.<\/p>\n<p>I dati statistici illustrati nel corso della riunione hanno evidenziato nel 2012 un aumento dell&#8217;11, 44 per cento degli interventi a livello regionale, che sono stati 915: 790 nella II Delegazione Dolomiti Bellunesi, 115 nell&#8217;XI Prealpi Venete, 10 nella VI Speleo. Nel 2011 erano 821, 601 nel 2010, 789 nel 2009, 732 nel 2008.<\/p>\n<p>Degli interventi dello scorso anno, 892 sono stati a carattere sanitario, 23 di protezione civile. Aumentano anche le persone soccorse, 1.039, il 12.2 per cento in pi\u00f9 rispetto al 2011, quando erano state 926. Di queste, 638 ferite, 352 illese, 49 decedute. Nel 2012, inoltre, tutte le ricerche intraprese hanno portato al ritrovamento delle persone scomparse e non si registrano dispersi. Le emergenze si concentrano maggiormente nel periodo estivo, con il picco ad agosto, e nei mesi di gennaio e febbraio, mentre in maggio e novembre si verifica il numero minimo di interventi. Riguardo alle casistiche, 356 incidenti riguardano sciatori\/snowboarder in pista, 344 escursionisti, 83 alpinisti, 43 fungaioli, 41 sono avvenuti in ferrata e il resto si distribuisce nelle svariate attivit\u00e0 outdoor.<\/p>\n<p>La diagnostica vede 419 cadute, 119 perdite dell&#8217;orientamento, 82 scivolate, 82 interventi in aiuto di persone incapaci di proseguire, 63 malori, 45 ritardi, e altro tra sfinimento, maltempo, caduta sassi, punture insetti, frane, etc.<\/p>\n<p>Il 75,31 per cento delle persone soccorse \u00e8 di nazionalit\u00e0 italiana. Purtroppo c&#8217;\u00e8 da segnalare che pi\u00f9 del 95 per cento di quanti hanno avuto bisogno del Soccorso alpino non \u00e8 provvisto di copertura assicurativa, di Cai, Dolomiti emergency o altra.<\/p>\n<p>All&#8217;assemblea, cui hanno preso parte i sindaci di Pedavena e Feltre, Teresa De Bortoli e Paolo Perenzin, i consiglieri regionali Sergio Reolon e Dario Bond, la neosenatrice Raffaella Bellot, sono stati discussi i punti programmatici per il nuovo anno. Mentre \u00e8 stato raggiunto l&#8217;obiettivo di renedere ordinario il finanziamento di 650 mila euro per le spese correnti e di 400 mila per spese di investimento in conto capitale (norma finanziaria art.9 della legge regionale 33\/07), a livello regionale gli altri punti sono: manutenzione e potenziamento delle reti radio; ridefinizioni delle convenzioni tra Cnsas e assessorato alla sanit\u00e0 (con la richiesta di un aumento del corrispettivo delle spese assicurative e la copertura delle visite per il controllo sanitario) e tra Cnsas e assessorato alla Protezione civile; commissione ostacoli al volo e attuazioni finalit\u00e0 della legge; commissione turismo alta montagna, riproposta p.d.l. sul turismo in accordo con Cai e Guide alpine; commissione di gara elisoccorso stesura appalto e commissione aggiudicatrice gara elisoccorso; stesura protocollli operativi con tutti i Suem 118; rinnovo attuali centrali operative 118 e attuali basi di elisoccorso e, in caso di attuazione del 112, numero unico di emergenza, farsi garanti del ruolo del Cnsas all&#8217;interno delle centrali operative.<\/p>\n<p>La programmazione a livello di Delegazioni prevede: ottimizzazione statuto e regolamenti, anche nelle singole scuole, con la stesura di piani formativi regionali di tutte le figure previste; alfabetizzazione informatica; creazione database; uniformazione polizze assicurative; uniformazione modalit\u00e0 addestrative con elicottero; attuazione regolamento soci giovani; 60\u00b0 di fondazione del Cnsas (nel 2014); definizione protocolli di ricerca persona con le prefetture.<\/p>\n<p>E&#8217; stata poi la volta del bilancio consuntivo, approvato con largo anticipo rispetto ai passati esercizi. Il presidente del collegio dei revisori ha presentato gli elementi pi\u00f9 importanti dello stato patrimoniale e del conto economico confermando la correttezza di tutti gli elementi presenti anche nella nota integrativa. Il bilancio 2012, \u00e8 emerso nelle varie presentazioni fatte dai consiglieri, \u00e8 senza dubbio un atto significativo dello sforzo effettuato nel dare &#8220;certezza&#8221; economica all&#8217;organizzazione di soccorso e che, come illustrato, ha garantito risorse importanti a tutta la struttura. \u0093Si tratta &#8211; hanno proseguito &#8211; i consiglieri &#8211; di offrire stabilit\u00e0 ai finanziamenti soprattutto per la parte degli investimenti in conto capitale\u0094. Il bilancio consuntivo 2012 \u00e8 stato, quindi, approvato all&#8217;unanimit\u00e0 dei presenti.<\/p>\n<p>Approvata all&#8217;unanimit\u00e0 anche l&#8217;istituzione della Scuola regionale unit\u00e0 cinofile.<\/p>\n<p>Riconfermati alla direzione regionale del Soccorso alpino e spelelogico veneto sia il presidente Rodolfo Selenati, che il vicepresidente Giovanni Busato, che affermano: \u0093Auspichiamo che entro l&#8217;anno possano iniziare le visite mediche obbligatorie per tutti i volontari e previste dal &#8216;decreto Gabrielli&#8217; che devono essere organizzate dalla Regione\u0094 .<\/p>\n<p>&nbsp;<\/p>","protected":false},"excerpt":{"rendered":"<p>A livello regionale sono aumentati, rispetto al 2011, gli interventi portati a termine dal Soccorso alpino e speleologico veneto, cos\u00ec come sono sempre maggiori gli impegni cui faranno fronte nel 2013 le 3 Delegazioni, II Dolomiti Bellunesi, XI Prealpi Venete e VI Speleologica. E&#8217; quanto emerso nel corso dell&#8217;assemblea regionale, svoltasi sabato scorso a Pedavena, [&hellip;]<\/p>\n","protected":false},"author":2,"featured_media":0,"comment_status":"closed","ping_status":"open","sticky":false,"template":"","format":"standard","meta":{"footnotes":""},"categories":[5,26],"tags":[],"class_list":["post-47527","post","type-post","status-publish","format-standard","category-cronaca","category-prima-pagina"],"yoast_head":"<!-- This site is optimized with the Yoast SEO plugin v28.4 - https:\/\/yoast.com\/product\/yoast-seo-wordpress\/ -->\n<title>Assemblea regionale del Soccorso alpino e speleologico veneto: aumentano gli interventi e gli impegni delle Delegazioni  - Bellunopress - Dolomiti<\/title>\n<meta name=\"robots\" content=\"index, follow, max-snippet:-1, max-image-preview:large, max-video-preview:-1\" \/>\n<link rel=\"canonical\" href=\"https:\/\/www.bellunopress.it\/fr\/2013\/03\/11\/assemblea-regionale-del-soccorso-alpino-e-speleologico-veneto-aumentano-gli-interventi-e-gli-impegni-delle-delegazioni\/\" \/>\n<meta property=\"og:locale\" content=\"fr_FR\" \/>\n<meta property=\"og:type\" content=\"article\" \/>\n<meta property=\"og:title\" content=\"Assemblea regionale del Soccorso alpino e speleologico veneto: aumentano gli interventi e gli impegni delle Delegazioni  - Bellunopress - Dolomiti\" \/>\n<meta property=\"og:description\" content=\"A livello regionale sono aumentati, rispetto al 2011, gli interventi portati a termine dal Soccorso alpino e speleologico veneto, cos\u00ec come sono sempre maggiori gli impegni cui faranno fronte nel 2013 le 3 Delegazioni, II Dolomiti Bellunesi, XI Prealpi Venete e VI Speleologica. E&#8217; quanto emerso nel corso dell&#8217;assemblea regionale, svoltasi sabato scorso a Pedavena, [&hellip;]\" \/>\n<meta property=\"og:url\" content=\"https:\/\/www.bellunopress.it\/fr\/2013\/03\/11\/assemblea-regionale-del-soccorso-alpino-e-speleologico-veneto-aumentano-gli-interventi-e-gli-impegni-delle-delegazioni\/\" \/>\n<meta property=\"og:site_name\" content=\"Bellunopress - Dolomiti\" \/>\n<meta property=\"article:publisher\" content=\"https:\/\/www.facebook.com\/profile.php?id=100008943462799\" \/>\n<meta property=\"article:published_time\" content=\"2013-03-11T19:12:59+00:00\" \/>\n<meta property=\"og:image\" content=\"http:\/\/www.bellunopress.it\/wp-content\/uploads\/2011\/06\/soccorso-alpino.jpg\" \/>\n<meta name=\"author\" content=\"redazione\" \/>\n<meta name=\"twitter:card\" content=\"summary_large_image\" \/>\n<meta name=\"twitter:creator\" content=\"@bellunopress\" \/>\n<meta name=\"twitter:site\" content=\"@bellunopress\" \/>\n<meta name=\"twitter:label1\" content=\"Written by\" \/>\n\t<meta name=\"twitter:data1\" content=\"redazione\" \/>\n\t<meta name=\"twitter:label2\" content=\"Est. reading time\" \/>\n\t<meta name=\"twitter:data2\" content=\"4 minutes\" \/>\n<script type=\"application\/ld+json\" class=\"yoast-schema-graph\">{\"@context\":\"https:\\\/\\\/schema.org\",\"@graph\":[{\"@type\":\"Article\",\"@id\":\"https:\\\/\\\/www.bellunopress.it\\\/2013\\\/03\\\/11\\\/assemblea-regionale-del-soccorso-alpino-e-speleologico-veneto-aumentano-gli-interventi-e-gli-impegni-delle-delegazioni\\\/#article\",\"isPartOf\":{\"@id\":\"https:\\\/\\\/www.bellunopress.it\\\/2013\\\/03\\\/11\\\/assemblea-regionale-del-soccorso-alpino-e-speleologico-veneto-aumentano-gli-interventi-e-gli-impegni-delle-delegazioni\\\/\"},\"author\":{\"name\":\"redazione\",\"@id\":\"https:\\\/\\\/www.bellunopress.it\\\/#\\\/schema\\\/person\\\/79bb06722b37ece1c03d3e94beb30d73\"},\"headline\":\"Assemblea regionale del Soccorso alpino e speleologico veneto: aumentano gli interventi e gli impegni delle Delegazioni\",\"datePublished\":\"2013-03-11T19:12:59+00:00\",\"mainEntityOfPage\":{\"@id\":\"https:\\\/\\\/www.bellunopress.it\\\/2013\\\/03\\\/11\\\/assemblea-regionale-del-soccorso-alpino-e-speleologico-veneto-aumentano-gli-interventi-e-gli-impegni-delle-delegazioni\\\/\"},\"wordCount\":735,\"publisher\":{\"@id\":\"https:\\\/\\\/www.bellunopress.it\\\/#organization\"},\"image\":{\"@id\":\"https:\\\/\\\/www.bellunopress.it\\\/2013\\\/03\\\/11\\\/assemblea-regionale-del-soccorso-alpino-e-speleologico-veneto-aumentano-gli-interventi-e-gli-impegni-delle-delegazioni\\\/#primaryimage\"},\"thumbnailUrl\":\"http:\\\/\\\/www.bellunopress.it\\\/wp-content\\\/uploads\\\/2011\\\/06\\\/soccorso-alpino.jpg\",\"articleSection\":[\"Cronaca\\\/Politica\",\"Prima Pagina\"],\"inLanguage\":\"fr-FR\"},{\"@type\":\"WebPage\",\"@id\":\"https:\\\/\\\/www.bellunopress.it\\\/2013\\\/03\\\/11\\\/assemblea-regionale-del-soccorso-alpino-e-speleologico-veneto-aumentano-gli-interventi-e-gli-impegni-delle-delegazioni\\\/\",\"url\":\"https:\\\/\\\/www.bellunopress.it\\\/2013\\\/03\\\/11\\\/assemblea-regionale-del-soccorso-alpino-e-speleologico-veneto-aumentano-gli-interventi-e-gli-impegni-delle-delegazioni\\\/\",\"name\":\"Assemblea regionale del Soccorso alpino e speleologico veneto: aumentano gli interventi e gli impegni delle Delegazioni - Bellunopress - Dolomiti\",\"isPartOf\":{\"@id\":\"https:\\\/\\\/www.bellunopress.it\\\/#website\"},\"primaryImageOfPage\":{\"@id\":\"https:\\\/\\\/www.bellunopress.it\\\/2013\\\/03\\\/11\\\/assemblea-regionale-del-soccorso-alpino-e-speleologico-veneto-aumentano-gli-interventi-e-gli-impegni-delle-delegazioni\\\/#primaryimage\"},\"image\":{\"@id\":\"https:\\\/\\\/www.bellunopress.it\\\/2013\\\/03\\\/11\\\/assemblea-regionale-del-soccorso-alpino-e-speleologico-veneto-aumentano-gli-interventi-e-gli-impegni-delle-delegazioni\\\/#primaryimage\"},\"thumbnailUrl\":\"http:\\\/\\\/www.bellunopress.it\\\/wp-content\\\/uploads\\\/2011\\\/06\\\/soccorso-alpino.jpg\",\"datePublished\":\"2013-03-11T19:12:59+00:00\",\"breadcrumb\":{\"@id\":\"https:\\\/\\\/www.bellunopress.it\\\/2013\\\/03\\\/11\\\/assemblea-regionale-del-soccorso-alpino-e-speleologico-veneto-aumentano-gli-interventi-e-gli-impegni-delle-delegazioni\\\/#breadcrumb\"},\"inLanguage\":\"fr-FR\",\"potentialAction\":[{\"@type\":\"ReadAction\",\"target\":[\"https:\\\/\\\/www.bellunopress.it\\\/2013\\\/03\\\/11\\\/assemblea-regionale-del-soccorso-alpino-e-speleologico-veneto-aumentano-gli-interventi-e-gli-impegni-delle-delegazioni\\\/\"]}]},{\"@type\":\"ImageObject\",\"inLanguage\":\"fr-FR\",\"@id\":\"https:\\\/\\\/www.bellunopress.it\\\/2013\\\/03\\\/11\\\/assemblea-regionale-del-soccorso-alpino-e-speleologico-veneto-aumentano-gli-interventi-e-gli-impegni-delle-delegazioni\\\/#primaryimage\",\"url\":\"http:\\\/\\\/www.bellunopress.it\\\/wp-content\\\/uploads\\\/2011\\\/06\\\/soccorso-alpino.jpg\",\"contentUrl\":\"http:\\\/\\\/www.bellunopress.it\\\/wp-content\\\/uploads\\\/2011\\\/06\\\/soccorso-alpino.jpg\"},{\"@type\":\"BreadcrumbList\",\"@id\":\"https:\\\/\\\/www.bellunopress.it\\\/2013\\\/03\\\/11\\\/assemblea-regionale-del-soccorso-alpino-e-speleologico-veneto-aumentano-gli-interventi-e-gli-impegni-delle-delegazioni\\\/#breadcrumb\",\"itemListElement\":[{\"@type\":\"ListItem\",\"position\":1,\"name\":\"Home\",\"item\":\"https:\\\/\\\/www.bellunopress.it\\\/\"},{\"@type\":\"ListItem\",\"position\":2,\"name\":\"Assemblea regionale del Soccorso alpino e speleologico veneto: aumentano gli interventi e gli impegni delle Delegazioni\"}]},{\"@type\":\"WebSite\",\"@id\":\"https:\\\/\\\/www.bellunopress.it\\\/#website\",\"url\":\"https:\\\/\\\/www.bellunopress.it\\\/\",\"name\":\"Bellunopress - Dolomiti\",\"description\":\"e-mail: redazione@bellunopress.it\",\"publisher\":{\"@id\":\"https:\\\/\\\/www.bellunopress.it\\\/#organization\"},\"potentialAction\":[{\"@type\":\"SearchAction\",\"target\":{\"@type\":\"EntryPoint\",\"urlTemplate\":\"https:\\\/\\\/www.bellunopress.it\\\/?s={search_term_string}\"},\"query-input\":{\"@type\":\"PropertyValueSpecification\",\"valueRequired\":true,\"valueName\":\"search_term_string\"}}],\"inLanguage\":\"fr-FR\"},{\"@type\":\"Organization\",\"@id\":\"https:\\\/\\\/www.bellunopress.it\\\/#organization\",\"name\":\"Bellunopress\",\"url\":\"https:\\\/\\\/www.bellunopress.it\\\/\",\"logo\":{\"@type\":\"ImageObject\",\"inLanguage\":\"fr-FR\",\"@id\":\"https:\\\/\\\/www.bellunopress.it\\\/#\\\/schema\\\/logo\\\/image\\\/\",\"url\":\"https:\\\/\\\/www.bellunopress.it\\\/wp-content\\\/uploads\\\/2011\\\/05\\\/cropped-logo-bellunopress-.jpg\",\"contentUrl\":\"https:\\\/\\\/www.bellunopress.it\\\/wp-content\\\/uploads\\\/2011\\\/05\\\/cropped-logo-bellunopress-.jpg\",\"width\":512,\"height\":512,\"caption\":\"Bellunopress\"},\"image\":{\"@id\":\"https:\\\/\\\/www.bellunopress.it\\\/#\\\/schema\\\/logo\\\/image\\\/\"},\"sameAs\":[\"https:\\\/\\\/www.facebook.com\\\/profile.php?id=100008943462799\",\"https:\\\/\\\/x.com\\\/bellunopress\",\"https:\\\/\\\/www.linkedin.com\\\/hp\\\/?dnr=JBzUWaJfMUw8vbXJJ2tVW5-I3jZKvC4wsoxE&amp;amp;amp;amp;amp;amp;trk=nav_responsive_tab_home\",\"https:\\\/\\\/www.youtube.com\\\/channel\\\/UCxL0wu1uN0_3_7hGG0306cw\"]},{\"@type\":\"Person\",\"@id\":\"https:\\\/\\\/www.bellunopress.it\\\/#\\\/schema\\\/person\\\/79bb06722b37ece1c03d3e94beb30d73\",\"name\":\"redazione\",\"image\":{\"@type\":\"ImageObject\",\"inLanguage\":\"fr-FR\",\"@id\":\"https:\\\/\\\/secure.gravatar.com\\\/avatar\\\/37d968a2e67a6fd04c169c4bdef102d0bc5d31b2546345219e348575eb80e9a0?s=96&d=mm&r=g\",\"url\":\"https:\\\/\\\/secure.gravatar.com\\\/avatar\\\/37d968a2e67a6fd04c169c4bdef102d0bc5d31b2546345219e348575eb80e9a0?s=96&d=mm&r=g\",\"contentUrl\":\"https:\\\/\\\/secure.gravatar.com\\\/avatar\\\/37d968a2e67a6fd04c169c4bdef102d0bc5d31b2546345219e348575eb80e9a0?s=96&d=mm&r=g\",\"caption\":\"redazione\"},\"sameAs\":[\"http:\\\/\\\/www.bellunopress.it\",\"https:\\\/\\\/x.com\\\/bellunopress\"],\"url\":\"https:\\\/\\\/www.bellunopress.it\\\/fr\\\/author\\\/redazione\\\/\"}]}<\/script>\n<!-- \/ Yoast SEO plugin. -->","yoast_head_json":{"title":"Assemblea regionale del Soccorso alpino e speleologico veneto: aumentano gli interventi e gli impegni delle Delegazioni  - Bellunopress - Dolomiti","robots":{"index":"index","follow":"follow","max-snippet":"max-snippet:-1","max-image-preview":"max-image-preview:large","max-video-preview":"max-video-preview:-1"},"canonical":"https:\/\/www.bellunopress.it\/fr\/2013\/03\/11\/assemblea-regionale-del-soccorso-alpino-e-speleologico-veneto-aumentano-gli-interventi-e-gli-impegni-delle-delegazioni\/","og_locale":"fr_FR","og_type":"article","og_title":"Assemblea regionale del Soccorso alpino e speleologico veneto: aumentano gli interventi e gli impegni delle Delegazioni  - Bellunopress - Dolomiti","og_description":"A livello regionale sono aumentati, rispetto al 2011, gli interventi portati a termine dal Soccorso alpino e speleologico veneto, cos\u00ec come sono sempre maggiori gli impegni cui faranno fronte nel 2013 le 3 Delegazioni, II Dolomiti Bellunesi, XI Prealpi Venete e VI Speleologica. E&#8217; quanto emerso nel corso dell&#8217;assemblea regionale, svoltasi sabato scorso a Pedavena, [&hellip;]","og_url":"https:\/\/www.bellunopress.it\/fr\/2013\/03\/11\/assemblea-regionale-del-soccorso-alpino-e-speleologico-veneto-aumentano-gli-interventi-e-gli-impegni-delle-delegazioni\/","og_site_name":"Bellunopress - Dolomiti","article_publisher":"https:\/\/www.facebook.com\/profile.php?id=100008943462799","article_published_time":"2013-03-11T19:12:59+00:00","og_image":[{"url":"http:\/\/www.bellunopress.it\/wp-content\/uploads\/2011\/06\/soccorso-alpino.jpg","type":"","width":"","height":""}],"author":"redazione","twitter_card":"summary_large_image","twitter_creator":"@bellunopress","twitter_site":"@bellunopress","twitter_misc":{"Written by":"redazione","Est. reading time":"4 minutes"},"schema":{"@context":"https:\/\/schema.org","@graph":[{"@type":"Article","@id":"https:\/\/www.bellunopress.it\/2013\/03\/11\/assemblea-regionale-del-soccorso-alpino-e-speleologico-veneto-aumentano-gli-interventi-e-gli-impegni-delle-delegazioni\/#article","isPartOf":{"@id":"https:\/\/www.bellunopress.it\/2013\/03\/11\/assemblea-regionale-del-soccorso-alpino-e-speleologico-veneto-aumentano-gli-interventi-e-gli-impegni-delle-delegazioni\/"},"author":{"name":"redazione","@id":"https:\/\/www.bellunopress.it\/#\/schema\/person\/79bb06722b37ece1c03d3e94beb30d73"},"headline":"Assemblea regionale del Soccorso alpino e speleologico veneto: aumentano gli interventi e gli impegni delle Delegazioni","datePublished":"2013-03-11T19:12:59+00:00","mainEntityOfPage":{"@id":"https:\/\/www.bellunopress.it\/2013\/03\/11\/assemblea-regionale-del-soccorso-alpino-e-speleologico-veneto-aumentano-gli-interventi-e-gli-impegni-delle-delegazioni\/"},"wordCount":735,"publisher":{"@id":"https:\/\/www.bellunopress.it\/#organization"},"image":{"@id":"https:\/\/www.bellunopress.it\/2013\/03\/11\/assemblea-regionale-del-soccorso-alpino-e-speleologico-veneto-aumentano-gli-interventi-e-gli-impegni-delle-delegazioni\/#primaryimage"},"thumbnailUrl":"http:\/\/www.bellunopress.it\/wp-content\/uploads\/2011\/06\/soccorso-alpino.jpg","articleSection":["Cronaca\/Politica","Prima Pagina"],"inLanguage":"fr-FR"},{"@type":"WebPage","@id":"https:\/\/www.bellunopress.it\/2013\/03\/11\/assemblea-regionale-del-soccorso-alpino-e-speleologico-veneto-aumentano-gli-interventi-e-gli-impegni-delle-delegazioni\/","url":"https:\/\/www.bellunopress.it\/2013\/03\/11\/assemblea-regionale-del-soccorso-alpino-e-speleologico-veneto-aumentano-gli-interventi-e-gli-impegni-delle-delegazioni\/","name":"Assemblea regionale del Soccorso alpino e speleologico veneto: aumentano gli interventi e gli impegni delle Delegazioni - Bellunopress - Dolomiti","isPartOf":{"@id":"https:\/\/www.bellunopress.it\/#website"},"primaryImageOfPage":{"@id":"https:\/\/www.bellunopress.it\/2013\/03\/11\/assemblea-regionale-del-soccorso-alpino-e-speleologico-veneto-aumentano-gli-interventi-e-gli-impegni-delle-delegazioni\/#primaryimage"},"image":{"@id":"https:\/\/www.bellunopress.it\/2013\/03\/11\/assemblea-regionale-del-soccorso-alpino-e-speleologico-veneto-aumentano-gli-interventi-e-gli-impegni-delle-delegazioni\/#primaryimage"},"thumbnailUrl":"http:\/\/www.bellunopress.it\/wp-content\/uploads\/2011\/06\/soccorso-alpino.jpg","datePublished":"2013-03-11T19:12:59+00:00","breadcrumb":{"@id":"https:\/\/www.bellunopress.it\/2013\/03\/11\/assemblea-regionale-del-soccorso-alpino-e-speleologico-veneto-aumentano-gli-interventi-e-gli-impegni-delle-delegazioni\/#breadcrumb"},"inLanguage":"fr-FR","potentialAction":[{"@type":"ReadAction","target":["https:\/\/www.bellunopress.it\/2013\/03\/11\/assemblea-regionale-del-soccorso-alpino-e-speleologico-veneto-aumentano-gli-interventi-e-gli-impegni-delle-delegazioni\/"]}]},{"@type":"ImageObject","inLanguage":"fr-FR","@id":"https:\/\/www.bellunopress.it\/2013\/03\/11\/assemblea-regionale-del-soccorso-alpino-e-speleologico-veneto-aumentano-gli-interventi-e-gli-impegni-delle-delegazioni\/#primaryimage","url":"http:\/\/www.bellunopress.it\/wp-content\/uploads\/2011\/06\/soccorso-alpino.jpg","contentUrl":"http:\/\/www.bellunopress.it\/wp-content\/uploads\/2011\/06\/soccorso-alpino.jpg"},{"@type":"BreadcrumbList","@id":"https:\/\/www.bellunopress.it\/2013\/03\/11\/assemblea-regionale-del-soccorso-alpino-e-speleologico-veneto-aumentano-gli-interventi-e-gli-impegni-delle-delegazioni\/#breadcrumb","itemListElement":[{"@type":"ListItem","position":1,"name":"Home","item":"https:\/\/www.bellunopress.it\/"},{"@type":"ListItem","position":2,"name":"Assemblea regionale del Soccorso alpino e speleologico veneto: aumentano gli interventi e gli impegni delle Delegazioni"}]},{"@type":"WebSite","@id":"https:\/\/www.bellunopress.it\/#website","url":"https:\/\/www.bellunopress.it\/","name":"Bellunopress - Dolomiti","description":"e-mail: redazione@bellunopress.it","publisher":{"@id":"https:\/\/www.bellunopress.it\/#organization"},"potentialAction":[{"@type":"SearchAction","target":{"@type":"EntryPoint","urlTemplate":"https:\/\/www.bellunopress.it\/?s={search_term_string}"},"query-input":{"@type":"PropertyValueSpecification","valueRequired":true,"valueName":"search_term_string"}}],"inLanguage":"fr-FR"},{"@type":"Organization","@id":"https:\/\/www.bellunopress.it\/#organization","name":"Bellunopress","url":"https:\/\/www.bellunopress.it\/","logo":{"@type":"ImageObject","inLanguage":"fr-FR","@id":"https:\/\/www.bellunopress.it\/#\/schema\/logo\/image\/","url":"https:\/\/www.bellunopress.it\/wp-content\/uploads\/2011\/05\/cropped-logo-bellunopress-.jpg","contentUrl":"https:\/\/www.bellunopress.it\/wp-content\/uploads\/2011\/05\/cropped-logo-bellunopress-.jpg","width":512,"height":512,"caption":"Bellunopress"},"image":{"@id":"https:\/\/www.bellunopress.it\/#\/schema\/logo\/image\/"},"sameAs":["https:\/\/www.facebook.com\/profile.php?id=100008943462799","https:\/\/x.com\/bellunopress","https:\/\/www.linkedin.com\/hp\/?dnr=JBzUWaJfMUw8vbXJJ2tVW5-I3jZKvC4wsoxE&amp;amp;amp;amp;amp;amp;trk=nav_responsive_tab_home","https:\/\/www.youtube.com\/channel\/UCxL0wu1uN0_3_7hGG0306cw"]},{"@type":"Person","@id":"https:\/\/www.bellunopress.it\/#\/schema\/person\/79bb06722b37ece1c03d3e94beb30d73","name":"r\u00e9daction","image":{"@type":"ImageObject","inLanguage":"fr-FR","@id":"https:\/\/secure.gravatar.com\/avatar\/37d968a2e67a6fd04c169c4bdef102d0bc5d31b2546345219e348575eb80e9a0?s=96&d=mm&r=g","url":"https:\/\/secure.gravatar.com\/avatar\/37d968a2e67a6fd04c169c4bdef102d0bc5d31b2546345219e348575eb80e9a0?s=96&d=mm&r=g","contentUrl":"https:\/\/secure.gravatar.com\/avatar\/37d968a2e67a6fd04c169c4bdef102d0bc5d31b2546345219e348575eb80e9a0?s=96&d=mm&r=g","caption":"redazione"},"sameAs":["http:\/\/www.bellunopress.it","https:\/\/x.com\/bellunopress"],"url":"https:\/\/www.bellunopress.it\/fr\/author\/redazione\/"}]}},"_links":{"self":[{"href":"https:\/\/www.bellunopress.it\/fr\/wp-json\/wp\/v2\/posts\/47527","targetHints":{"allow":["GET"]}}],"collection":[{"href":"https:\/\/www.bellunopress.it\/fr\/wp-json\/wp\/v2\/posts"}],"about":[{"href":"https:\/\/www.bellunopress.it\/fr\/wp-json\/wp\/v2\/types\/post"}],"author":[{"embeddable":true,"href":"https:\/\/www.bellunopress.it\/fr\/wp-json\/wp\/v2\/users\/2"}],"replies":[{"embeddable":true,"href":"https:\/\/www.bellunopress.it\/fr\/wp-json\/wp\/v2\/comments?post=47527"}],"version-history":[{"count":1,"href":"https:\/\/www.bellunopress.it\/fr\/wp-json\/wp\/v2\/posts\/47527\/revisions"}],"predecessor-version":[{"id":47528,"href":"https:\/\/www.bellunopress.it\/fr\/wp-json\/wp\/v2\/posts\/47527\/revisions\/47528"}],"wp:attachment":[{"href":"https:\/\/www.bellunopress.it\/fr\/wp-json\/wp\/v2\/media?parent=47527"}],"wp:term":[{"taxonomy":"category","embeddable":true,"href":"https:\/\/www.bellunopress.it\/fr\/wp-json\/wp\/v2\/categories?post=47527"},{"taxonomy":"post_tag","embeddable":true,"href":"https:\/\/www.bellunopress.it\/fr\/wp-json\/wp\/v2\/tags?post=47527"}],"curies":[{"name":"wp","href":"https:\/\/api.w.org\/{rel}","templated":true}]}}