{"id":47515,"date":"2013-03-11T13:56:58","date_gmt":"2013-03-11T12:56:58","guid":{"rendered":"http:\/\/www.bellunopress.it\/?p=47515"},"modified":"2013-03-11T15:43:04","modified_gmt":"2013-03-11T14:43:04","slug":"sanita-bellunese-scopel-5-stelle-feltre-bene-il-passo-avanti-del-consiglio-comunale-di-belluno-unificare-per-avere-garanzia-dei-servizi","status":"publish","type":"post","link":"https:\/\/www.bellunopress.it\/fr\/2013\/03\/11\/sanita-bellunese-scopel-5-stelle-feltre-bene-il-passo-avanti-del-consiglio-comunale-di-belluno-unificare-per-avere-garanzia-dei-servizi\/","title":{"rendered":"Sanit\u00e0 bellunese. Scopel (5 Stelle Feltre): &#8220;Bene il passo avanti del consiglio comunale di Belluno. Unificare per avere garanzia dei servizi&#8221;"},"content":{"rendered":"<p><a href=\"http:\/\/www.bellunopress.it\/wp-content\/uploads\/2013\/03\/5-stelle-feltre.jpeg\"><img loading=\"lazy\" decoding=\"async\" class=\"alignleft size-full wp-image-47517\" alt=\"5 stelle feltre\" src=\"http:\/\/www.bellunopress.it\/wp-content\/uploads\/2013\/03\/5-stelle-feltre.jpeg\" width=\"160\" height=\"160\" srcset=\"https:\/\/www.bellunopress.it\/wp-content\/uploads\/2013\/03\/5-stelle-feltre.jpeg 160w, https:\/\/www.bellunopress.it\/wp-content\/uploads\/2013\/03\/5-stelle-feltre-150x150.jpeg 150w\" sizes=\"auto, (max-width: 160px) 100vw, 160px\" \/><\/a>&#8220;La recente approvazione in consiglio comunale a Belluno dei due documenti sulla sanit\u00e0 bellunese ha suscitato sulla stampa locale un vespaio di polemiche fra i municipi di Belluno e Feltre. Quest\u2019ultimo, con il sindaco Perenzin e la sua maggioranza in testa,\u00a0preoccupato che un\u2019eventuale unione delle due Usl rappresenti una minaccia per la sanit\u00e0 del territorio feltrino&#8221;.<\/p>\n<p>Lo afferma Moreno Scopel, del Movimento 5 Stelle Feltre.<\/p>\n<p>&#8220;Premesso che da un\u2019attenta lettura dei due documenti approvati &#8211; prosegue Scopel &#8211; \u00a0emerge chiara la volont\u00e0 di rafforzare il servizio ospedaliero ai cittadini ed ottenere il miglior risultato per l\u2019intera sanit\u00e0 bellunese &#8211; e non certo quello di chiudere ospedali o smantellare servizi &#8211; riteniamo sia quanto mai necessario abbandonare inopportuni campanilismi fra Belluno e Feltre per concentrarci invece sui veri bisogni dei cittadini.<\/p>\n<p>\u00c8 indispensabile unire le forze e ragionare insieme per impedire che i nostri ospedali subiscano ulteriori tagli ed \u00e8 fondamentale che &#8211; all\u2019interno dell\u2019evoluzione normativa pi\u00f9 recente e in un\u2019ottica futura &#8211; sia messo in discussione l\u2019assetto organizzativo della sanit\u00e0 provinciale, partendo da un presupposto fondamentale che \u00e8 quello di garantire a tutti i bellunesi il miglior servizio sanitario possibile senza alcun deleterio campanilismo, e certamente tenendo conto anche delle particolarit\u00e0 territoriali.<\/p>\n<p>In questo senso l\u2019unificazione delle due Usl \u00e8 la strada verso cui dovremo necessariamente indirizzarci, attuandola attraverso il mantenimento delle strutture sanitarie ed ospedaliere esistenti sul territorio, evitando inutili doppioni e rafforzando i reparti di eccellenza dei due ospedali. Unire le forze non significa perdere la qualit\u00e0 del servizio, ma avere garanzia dei servizi oggi presenti con la possibilit\u00e0 di un miglioramento e di una riorganizzazione gestionale dei singoli reparti (che implica, di conseguenza, l\u2019avere pi\u00f9 persone capaci per nuclei stabili). Non dimentichiamo che la qualit\u00e0 del servizio \u00e8 essenziale anche allo stesso mantenimento delle strutture che, altrimenti, sono destinate a scomparire costringendo l\u2019utenza ad \u201cemigrare\u201d verso altre realt\u00e0 fuori provincia.<\/p>\n<p>Il nostro gruppo si sente quindi in dovere, dopo le polemiche emerse, di rassicurare tutti i cittadini feltrini: non vi \u00e8 assolutamente la volont\u00e0 di chiudere l\u2019ospedale di Feltre, tantomeno di mettere a repentaglio i servizi, bens\u00ec quella di guardare con lungimiranza ad un nuovo assetto sanitario provinciale che prediliga la rinuncia a qualche \u201ccar\u00e8ga\u201d politico-dirigenziale piuttosto che la perdita delle prestazioni sanitarie che altrimenti graverebbero pesantemente sulle esigenze della popolazione.<\/p>\n<p>La scelta operata dal consiglio comunale di Belluno &#8211; conclude Scopel &#8211;\u00a0con l\u2019ordine del giorno accompagnatorio proposto dal consigliere 5 Stelle Marchese, va proprio in questo senso e, come Movimento 5 Stelle Belluno-Feltre-Cadore-Alpago, continueremo a proseguire su questa strada&#8221;.<\/p>","protected":false},"excerpt":{"rendered":"<p>&#8220;La recente approvazione in consiglio comunale a Belluno dei due documenti sulla sanit\u00e0 bellunese ha suscitato sulla stampa locale un vespaio di polemiche fra i municipi di Belluno e Feltre. Quest\u2019ultimo, con il sindaco Perenzin e la sua maggioranza in testa,\u00a0preoccupato che un\u2019eventuale unione delle due Usl rappresenti una minaccia per la sanit\u00e0 del territorio [&hellip;]<\/p>\n","protected":false},"author":2,"featured_media":0,"comment_status":"closed","ping_status":"open","sticky":false,"template":"","format":"standard","meta":{"footnotes":""},"categories":[5,17],"tags":[],"class_list":["post-47515","post","type-post","status-publish","format-standard","category-cronaca","category-sanita"],"yoast_head":"<!-- This site is optimized with the Yoast SEO plugin v28.4 - https:\/\/yoast.com\/product\/yoast-seo-wordpress\/ -->\n<title>Sanit\u00e0 bellunese. Scopel (5 Stelle Feltre): &quot;Bene il passo avanti del consiglio comunale di Belluno. Unificare per avere garanzia dei servizi&quot; - Bellunopress - Dolomiti<\/title>\n<meta name=\"robots\" content=\"index, follow, max-snippet:-1, max-image-preview:large, max-video-preview:-1\" \/>\n<link rel=\"canonical\" href=\"https:\/\/www.bellunopress.it\/fr\/2013\/03\/11\/sanita-bellunese-scopel-5-stelle-feltre-bene-il-passo-avanti-del-consiglio-comunale-di-belluno-unificare-per-avere-garanzia-dei-servizi\/\" \/>\n<meta property=\"og:locale\" content=\"fr_FR\" \/>\n<meta property=\"og:type\" content=\"article\" \/>\n<meta property=\"og:title\" content=\"Sanit\u00e0 bellunese. Scopel (5 Stelle Feltre): &quot;Bene il passo avanti del consiglio comunale di Belluno. Unificare per avere garanzia dei servizi&quot; - Bellunopress - Dolomiti\" \/>\n<meta property=\"og:description\" content=\"&#8220;La recente approvazione in consiglio comunale a Belluno dei due documenti sulla sanit\u00e0 bellunese ha suscitato sulla stampa locale un vespaio di polemiche fra i municipi di Belluno e Feltre. Quest\u2019ultimo, con il sindaco Perenzin e la sua maggioranza in testa,\u00a0preoccupato che un\u2019eventuale unione delle due Usl rappresenti una minaccia per la sanit\u00e0 del territorio [&hellip;]\" \/>\n<meta property=\"og:url\" content=\"https:\/\/www.bellunopress.it\/fr\/2013\/03\/11\/sanita-bellunese-scopel-5-stelle-feltre-bene-il-passo-avanti-del-consiglio-comunale-di-belluno-unificare-per-avere-garanzia-dei-servizi\/\" \/>\n<meta property=\"og:site_name\" content=\"Bellunopress - Dolomiti\" \/>\n<meta property=\"article:publisher\" content=\"https:\/\/www.facebook.com\/profile.php?id=100008943462799\" \/>\n<meta property=\"article:published_time\" content=\"2013-03-11T12:56:58+00:00\" \/>\n<meta property=\"article:modified_time\" content=\"2013-03-11T14:43:04+00:00\" \/>\n<meta property=\"og:image\" content=\"http:\/\/www.bellunopress.it\/wp-content\/uploads\/2013\/03\/5-stelle-feltre.jpeg\" \/>\n<meta name=\"author\" content=\"redazione\" \/>\n<meta name=\"twitter:card\" content=\"summary_large_image\" \/>\n<meta name=\"twitter:creator\" content=\"@bellunopress\" \/>\n<meta name=\"twitter:site\" content=\"@bellunopress\" \/>\n<meta name=\"twitter:label1\" content=\"Written by\" \/>\n\t<meta name=\"twitter:data1\" content=\"redazione\" \/>\n\t<meta name=\"twitter:label2\" content=\"Est. reading time\" \/>\n\t<meta name=\"twitter:data2\" content=\"2 minutes\" \/>\n<script type=\"application\/ld+json\" class=\"yoast-schema-graph\">{\"@context\":\"https:\\\/\\\/schema.org\",\"@graph\":[{\"@type\":\"Article\",\"@id\":\"https:\\\/\\\/www.bellunopress.it\\\/2013\\\/03\\\/11\\\/sanita-bellunese-scopel-5-stelle-feltre-bene-il-passo-avanti-del-consiglio-comunale-di-belluno-unificare-per-avere-garanzia-dei-servizi\\\/#article\",\"isPartOf\":{\"@id\":\"https:\\\/\\\/www.bellunopress.it\\\/2013\\\/03\\\/11\\\/sanita-bellunese-scopel-5-stelle-feltre-bene-il-passo-avanti-del-consiglio-comunale-di-belluno-unificare-per-avere-garanzia-dei-servizi\\\/\"},\"author\":{\"name\":\"redazione\",\"@id\":\"https:\\\/\\\/www.bellunopress.it\\\/#\\\/schema\\\/person\\\/79bb06722b37ece1c03d3e94beb30d73\"},\"headline\":\"Sanit\u00e0 bellunese. Scopel (5 Stelle Feltre): &#8220;Bene il passo avanti del consiglio comunale di Belluno. Unificare per avere garanzia dei servizi&#8221;\",\"datePublished\":\"2013-03-11T12:56:58+00:00\",\"dateModified\":\"2013-03-11T14:43:04+00:00\",\"mainEntityOfPage\":{\"@id\":\"https:\\\/\\\/www.bellunopress.it\\\/2013\\\/03\\\/11\\\/sanita-bellunese-scopel-5-stelle-feltre-bene-il-passo-avanti-del-consiglio-comunale-di-belluno-unificare-per-avere-garanzia-dei-servizi\\\/\"},\"wordCount\":450,\"publisher\":{\"@id\":\"https:\\\/\\\/www.bellunopress.it\\\/#organization\"},\"image\":{\"@id\":\"https:\\\/\\\/www.bellunopress.it\\\/2013\\\/03\\\/11\\\/sanita-bellunese-scopel-5-stelle-feltre-bene-il-passo-avanti-del-consiglio-comunale-di-belluno-unificare-per-avere-garanzia-dei-servizi\\\/#primaryimage\"},\"thumbnailUrl\":\"http:\\\/\\\/www.bellunopress.it\\\/wp-content\\\/uploads\\\/2013\\\/03\\\/5-stelle-feltre.jpeg\",\"articleSection\":[\"Cronaca\\\/Politica\",\"Sanit\u00e0 Medicina\"],\"inLanguage\":\"fr-FR\"},{\"@type\":\"WebPage\",\"@id\":\"https:\\\/\\\/www.bellunopress.it\\\/2013\\\/03\\\/11\\\/sanita-bellunese-scopel-5-stelle-feltre-bene-il-passo-avanti-del-consiglio-comunale-di-belluno-unificare-per-avere-garanzia-dei-servizi\\\/\",\"url\":\"https:\\\/\\\/www.bellunopress.it\\\/2013\\\/03\\\/11\\\/sanita-bellunese-scopel-5-stelle-feltre-bene-il-passo-avanti-del-consiglio-comunale-di-belluno-unificare-per-avere-garanzia-dei-servizi\\\/\",\"name\":\"Sanit\u00e0 bellunese. Scopel (5 Stelle Feltre): \\\"Bene il passo avanti del consiglio comunale di Belluno. Unificare per avere garanzia dei servizi\\\" - Bellunopress - Dolomiti\",\"isPartOf\":{\"@id\":\"https:\\\/\\\/www.bellunopress.it\\\/#website\"},\"primaryImageOfPage\":{\"@id\":\"https:\\\/\\\/www.bellunopress.it\\\/2013\\\/03\\\/11\\\/sanita-bellunese-scopel-5-stelle-feltre-bene-il-passo-avanti-del-consiglio-comunale-di-belluno-unificare-per-avere-garanzia-dei-servizi\\\/#primaryimage\"},\"image\":{\"@id\":\"https:\\\/\\\/www.bellunopress.it\\\/2013\\\/03\\\/11\\\/sanita-bellunese-scopel-5-stelle-feltre-bene-il-passo-avanti-del-consiglio-comunale-di-belluno-unificare-per-avere-garanzia-dei-servizi\\\/#primaryimage\"},\"thumbnailUrl\":\"http:\\\/\\\/www.bellunopress.it\\\/wp-content\\\/uploads\\\/2013\\\/03\\\/5-stelle-feltre.jpeg\",\"datePublished\":\"2013-03-11T12:56:58+00:00\",\"dateModified\":\"2013-03-11T14:43:04+00:00\",\"breadcrumb\":{\"@id\":\"https:\\\/\\\/www.bellunopress.it\\\/2013\\\/03\\\/11\\\/sanita-bellunese-scopel-5-stelle-feltre-bene-il-passo-avanti-del-consiglio-comunale-di-belluno-unificare-per-avere-garanzia-dei-servizi\\\/#breadcrumb\"},\"inLanguage\":\"fr-FR\",\"potentialAction\":[{\"@type\":\"ReadAction\",\"target\":[\"https:\\\/\\\/www.bellunopress.it\\\/2013\\\/03\\\/11\\\/sanita-bellunese-scopel-5-stelle-feltre-bene-il-passo-avanti-del-consiglio-comunale-di-belluno-unificare-per-avere-garanzia-dei-servizi\\\/\"]}]},{\"@type\":\"ImageObject\",\"inLanguage\":\"fr-FR\",\"@id\":\"https:\\\/\\\/www.bellunopress.it\\\/2013\\\/03\\\/11\\\/sanita-bellunese-scopel-5-stelle-feltre-bene-il-passo-avanti-del-consiglio-comunale-di-belluno-unificare-per-avere-garanzia-dei-servizi\\\/#primaryimage\",\"url\":\"http:\\\/\\\/www.bellunopress.it\\\/wp-content\\\/uploads\\\/2013\\\/03\\\/5-stelle-feltre.jpeg\",\"contentUrl\":\"http:\\\/\\\/www.bellunopress.it\\\/wp-content\\\/uploads\\\/2013\\\/03\\\/5-stelle-feltre.jpeg\"},{\"@type\":\"BreadcrumbList\",\"@id\":\"https:\\\/\\\/www.bellunopress.it\\\/2013\\\/03\\\/11\\\/sanita-bellunese-scopel-5-stelle-feltre-bene-il-passo-avanti-del-consiglio-comunale-di-belluno-unificare-per-avere-garanzia-dei-servizi\\\/#breadcrumb\",\"itemListElement\":[{\"@type\":\"ListItem\",\"position\":1,\"name\":\"Home\",\"item\":\"https:\\\/\\\/www.bellunopress.it\\\/\"},{\"@type\":\"ListItem\",\"position\":2,\"name\":\"Sanit\u00e0 bellunese. Scopel (5 Stelle Feltre): &#8220;Bene il passo avanti del consiglio comunale di Belluno. Unificare per avere garanzia dei servizi&#8221;\"}]},{\"@type\":\"WebSite\",\"@id\":\"https:\\\/\\\/www.bellunopress.it\\\/#website\",\"url\":\"https:\\\/\\\/www.bellunopress.it\\\/\",\"name\":\"Bellunopress - Dolomiti\",\"description\":\"e-mail: redazione@bellunopress.it\",\"publisher\":{\"@id\":\"https:\\\/\\\/www.bellunopress.it\\\/#organization\"},\"potentialAction\":[{\"@type\":\"SearchAction\",\"target\":{\"@type\":\"EntryPoint\",\"urlTemplate\":\"https:\\\/\\\/www.bellunopress.it\\\/?s={search_term_string}\"},\"query-input\":{\"@type\":\"PropertyValueSpecification\",\"valueRequired\":true,\"valueName\":\"search_term_string\"}}],\"inLanguage\":\"fr-FR\"},{\"@type\":\"Organization\",\"@id\":\"https:\\\/\\\/www.bellunopress.it\\\/#organization\",\"name\":\"Bellunopress\",\"url\":\"https:\\\/\\\/www.bellunopress.it\\\/\",\"logo\":{\"@type\":\"ImageObject\",\"inLanguage\":\"fr-FR\",\"@id\":\"https:\\\/\\\/www.bellunopress.it\\\/#\\\/schema\\\/logo\\\/image\\\/\",\"url\":\"https:\\\/\\\/www.bellunopress.it\\\/wp-content\\\/uploads\\\/2011\\\/05\\\/cropped-logo-bellunopress-.jpg\",\"contentUrl\":\"https:\\\/\\\/www.bellunopress.it\\\/wp-content\\\/uploads\\\/2011\\\/05\\\/cropped-logo-bellunopress-.jpg\",\"width\":512,\"height\":512,\"caption\":\"Bellunopress\"},\"image\":{\"@id\":\"https:\\\/\\\/www.bellunopress.it\\\/#\\\/schema\\\/logo\\\/image\\\/\"},\"sameAs\":[\"https:\\\/\\\/www.facebook.com\\\/profile.php?id=100008943462799\",\"https:\\\/\\\/x.com\\\/bellunopress\",\"https:\\\/\\\/www.linkedin.com\\\/hp\\\/?dnr=JBzUWaJfMUw8vbXJJ2tVW5-I3jZKvC4wsoxE&amp;amp;amp;amp;amp;amp;trk=nav_responsive_tab_home\",\"https:\\\/\\\/www.youtube.com\\\/channel\\\/UCxL0wu1uN0_3_7hGG0306cw\"]},{\"@type\":\"Person\",\"@id\":\"https:\\\/\\\/www.bellunopress.it\\\/#\\\/schema\\\/person\\\/79bb06722b37ece1c03d3e94beb30d73\",\"name\":\"redazione\",\"image\":{\"@type\":\"ImageObject\",\"inLanguage\":\"fr-FR\",\"@id\":\"https:\\\/\\\/secure.gravatar.com\\\/avatar\\\/37d968a2e67a6fd04c169c4bdef102d0bc5d31b2546345219e348575eb80e9a0?s=96&d=mm&r=g\",\"url\":\"https:\\\/\\\/secure.gravatar.com\\\/avatar\\\/37d968a2e67a6fd04c169c4bdef102d0bc5d31b2546345219e348575eb80e9a0?s=96&d=mm&r=g\",\"contentUrl\":\"https:\\\/\\\/secure.gravatar.com\\\/avatar\\\/37d968a2e67a6fd04c169c4bdef102d0bc5d31b2546345219e348575eb80e9a0?s=96&d=mm&r=g\",\"caption\":\"redazione\"},\"sameAs\":[\"http:\\\/\\\/www.bellunopress.it\",\"https:\\\/\\\/x.com\\\/bellunopress\"],\"url\":\"https:\\\/\\\/www.bellunopress.it\\\/fr\\\/author\\\/redazione\\\/\"}]}<\/script>\n<!-- \/ Yoast SEO plugin. -->","yoast_head_json":{"title":"Sanit\u00e0 bellunese. Scopel (5 Stelle Feltre): \"Bene il passo avanti del consiglio comunale di Belluno. Unificare per avere garanzia dei servizi\" - Bellunopress - Dolomiti","robots":{"index":"index","follow":"follow","max-snippet":"max-snippet:-1","max-image-preview":"max-image-preview:large","max-video-preview":"max-video-preview:-1"},"canonical":"https:\/\/www.bellunopress.it\/fr\/2013\/03\/11\/sanita-bellunese-scopel-5-stelle-feltre-bene-il-passo-avanti-del-consiglio-comunale-di-belluno-unificare-per-avere-garanzia-dei-servizi\/","og_locale":"fr_FR","og_type":"article","og_title":"Sanit\u00e0 bellunese. Scopel (5 Stelle Feltre): \"Bene il passo avanti del consiglio comunale di Belluno. Unificare per avere garanzia dei servizi\" - Bellunopress - Dolomiti","og_description":"&#8220;La recente approvazione in consiglio comunale a Belluno dei due documenti sulla sanit\u00e0 bellunese ha suscitato sulla stampa locale un vespaio di polemiche fra i municipi di Belluno e Feltre. Quest\u2019ultimo, con il sindaco Perenzin e la sua maggioranza in testa,\u00a0preoccupato che un\u2019eventuale unione delle due Usl rappresenti una minaccia per la sanit\u00e0 del territorio [&hellip;]","og_url":"https:\/\/www.bellunopress.it\/fr\/2013\/03\/11\/sanita-bellunese-scopel-5-stelle-feltre-bene-il-passo-avanti-del-consiglio-comunale-di-belluno-unificare-per-avere-garanzia-dei-servizi\/","og_site_name":"Bellunopress - Dolomiti","article_publisher":"https:\/\/www.facebook.com\/profile.php?id=100008943462799","article_published_time":"2013-03-11T12:56:58+00:00","article_modified_time":"2013-03-11T14:43:04+00:00","og_image":[{"url":"http:\/\/www.bellunopress.it\/wp-content\/uploads\/2013\/03\/5-stelle-feltre.jpeg","type":"","width":"","height":""}],"author":"redazione","twitter_card":"summary_large_image","twitter_creator":"@bellunopress","twitter_site":"@bellunopress","twitter_misc":{"Written by":"redazione","Est. reading time":"2 minutes"},"schema":{"@context":"https:\/\/schema.org","@graph":[{"@type":"Article","@id":"https:\/\/www.bellunopress.it\/2013\/03\/11\/sanita-bellunese-scopel-5-stelle-feltre-bene-il-passo-avanti-del-consiglio-comunale-di-belluno-unificare-per-avere-garanzia-dei-servizi\/#article","isPartOf":{"@id":"https:\/\/www.bellunopress.it\/2013\/03\/11\/sanita-bellunese-scopel-5-stelle-feltre-bene-il-passo-avanti-del-consiglio-comunale-di-belluno-unificare-per-avere-garanzia-dei-servizi\/"},"author":{"name":"redazione","@id":"https:\/\/www.bellunopress.it\/#\/schema\/person\/79bb06722b37ece1c03d3e94beb30d73"},"headline":"Sanit\u00e0 bellunese. Scopel (5 Stelle Feltre): &#8220;Bene il passo avanti del consiglio comunale di Belluno. Unificare per avere garanzia dei servizi&#8221;","datePublished":"2013-03-11T12:56:58+00:00","dateModified":"2013-03-11T14:43:04+00:00","mainEntityOfPage":{"@id":"https:\/\/www.bellunopress.it\/2013\/03\/11\/sanita-bellunese-scopel-5-stelle-feltre-bene-il-passo-avanti-del-consiglio-comunale-di-belluno-unificare-per-avere-garanzia-dei-servizi\/"},"wordCount":450,"publisher":{"@id":"https:\/\/www.bellunopress.it\/#organization"},"image":{"@id":"https:\/\/www.bellunopress.it\/2013\/03\/11\/sanita-bellunese-scopel-5-stelle-feltre-bene-il-passo-avanti-del-consiglio-comunale-di-belluno-unificare-per-avere-garanzia-dei-servizi\/#primaryimage"},"thumbnailUrl":"http:\/\/www.bellunopress.it\/wp-content\/uploads\/2013\/03\/5-stelle-feltre.jpeg","articleSection":["Cronaca\/Politica","Sanit\u00e0 Medicina"],"inLanguage":"fr-FR"},{"@type":"WebPage","@id":"https:\/\/www.bellunopress.it\/2013\/03\/11\/sanita-bellunese-scopel-5-stelle-feltre-bene-il-passo-avanti-del-consiglio-comunale-di-belluno-unificare-per-avere-garanzia-dei-servizi\/","url":"https:\/\/www.bellunopress.it\/2013\/03\/11\/sanita-bellunese-scopel-5-stelle-feltre-bene-il-passo-avanti-del-consiglio-comunale-di-belluno-unificare-per-avere-garanzia-dei-servizi\/","name":"Sanit\u00e0 bellunese. Scopel (5 Stelle Feltre): \"Bene il passo avanti del consiglio comunale di Belluno. Unificare per avere garanzia dei servizi\" - Bellunopress - Dolomiti","isPartOf":{"@id":"https:\/\/www.bellunopress.it\/#website"},"primaryImageOfPage":{"@id":"https:\/\/www.bellunopress.it\/2013\/03\/11\/sanita-bellunese-scopel-5-stelle-feltre-bene-il-passo-avanti-del-consiglio-comunale-di-belluno-unificare-per-avere-garanzia-dei-servizi\/#primaryimage"},"image":{"@id":"https:\/\/www.bellunopress.it\/2013\/03\/11\/sanita-bellunese-scopel-5-stelle-feltre-bene-il-passo-avanti-del-consiglio-comunale-di-belluno-unificare-per-avere-garanzia-dei-servizi\/#primaryimage"},"thumbnailUrl":"http:\/\/www.bellunopress.it\/wp-content\/uploads\/2013\/03\/5-stelle-feltre.jpeg","datePublished":"2013-03-11T12:56:58+00:00","dateModified":"2013-03-11T14:43:04+00:00","breadcrumb":{"@id":"https:\/\/www.bellunopress.it\/2013\/03\/11\/sanita-bellunese-scopel-5-stelle-feltre-bene-il-passo-avanti-del-consiglio-comunale-di-belluno-unificare-per-avere-garanzia-dei-servizi\/#breadcrumb"},"inLanguage":"fr-FR","potentialAction":[{"@type":"ReadAction","target":["https:\/\/www.bellunopress.it\/2013\/03\/11\/sanita-bellunese-scopel-5-stelle-feltre-bene-il-passo-avanti-del-consiglio-comunale-di-belluno-unificare-per-avere-garanzia-dei-servizi\/"]}]},{"@type":"ImageObject","inLanguage":"fr-FR","@id":"https:\/\/www.bellunopress.it\/2013\/03\/11\/sanita-bellunese-scopel-5-stelle-feltre-bene-il-passo-avanti-del-consiglio-comunale-di-belluno-unificare-per-avere-garanzia-dei-servizi\/#primaryimage","url":"http:\/\/www.bellunopress.it\/wp-content\/uploads\/2013\/03\/5-stelle-feltre.jpeg","contentUrl":"http:\/\/www.bellunopress.it\/wp-content\/uploads\/2013\/03\/5-stelle-feltre.jpeg"},{"@type":"BreadcrumbList","@id":"https:\/\/www.bellunopress.it\/2013\/03\/11\/sanita-bellunese-scopel-5-stelle-feltre-bene-il-passo-avanti-del-consiglio-comunale-di-belluno-unificare-per-avere-garanzia-dei-servizi\/#breadcrumb","itemListElement":[{"@type":"ListItem","position":1,"name":"Home","item":"https:\/\/www.bellunopress.it\/"},{"@type":"ListItem","position":2,"name":"Sanit\u00e0 bellunese. Scopel (5 Stelle Feltre): &#8220;Bene il passo avanti del consiglio comunale di Belluno. Unificare per avere garanzia dei servizi&#8221;"}]},{"@type":"WebSite","@id":"https:\/\/www.bellunopress.it\/#website","url":"https:\/\/www.bellunopress.it\/","name":"Bellunopress - Dolomiti","description":"e-mail: redazione@bellunopress.it","publisher":{"@id":"https:\/\/www.bellunopress.it\/#organization"},"potentialAction":[{"@type":"SearchAction","target":{"@type":"EntryPoint","urlTemplate":"https:\/\/www.bellunopress.it\/?s={search_term_string}"},"query-input":{"@type":"PropertyValueSpecification","valueRequired":true,"valueName":"search_term_string"}}],"inLanguage":"fr-FR"},{"@type":"Organization","@id":"https:\/\/www.bellunopress.it\/#organization","name":"Bellunopress","url":"https:\/\/www.bellunopress.it\/","logo":{"@type":"ImageObject","inLanguage":"fr-FR","@id":"https:\/\/www.bellunopress.it\/#\/schema\/logo\/image\/","url":"https:\/\/www.bellunopress.it\/wp-content\/uploads\/2011\/05\/cropped-logo-bellunopress-.jpg","contentUrl":"https:\/\/www.bellunopress.it\/wp-content\/uploads\/2011\/05\/cropped-logo-bellunopress-.jpg","width":512,"height":512,"caption":"Bellunopress"},"image":{"@id":"https:\/\/www.bellunopress.it\/#\/schema\/logo\/image\/"},"sameAs":["https:\/\/www.facebook.com\/profile.php?id=100008943462799","https:\/\/x.com\/bellunopress","https:\/\/www.linkedin.com\/hp\/?dnr=JBzUWaJfMUw8vbXJJ2tVW5-I3jZKvC4wsoxE&amp;amp;amp;amp;amp;amp;trk=nav_responsive_tab_home","https:\/\/www.youtube.com\/channel\/UCxL0wu1uN0_3_7hGG0306cw"]},{"@type":"Person","@id":"https:\/\/www.bellunopress.it\/#\/schema\/person\/79bb06722b37ece1c03d3e94beb30d73","name":"r\u00e9daction","image":{"@type":"ImageObject","inLanguage":"fr-FR","@id":"https:\/\/secure.gravatar.com\/avatar\/37d968a2e67a6fd04c169c4bdef102d0bc5d31b2546345219e348575eb80e9a0?s=96&d=mm&r=g","url":"https:\/\/secure.gravatar.com\/avatar\/37d968a2e67a6fd04c169c4bdef102d0bc5d31b2546345219e348575eb80e9a0?s=96&d=mm&r=g","contentUrl":"https:\/\/secure.gravatar.com\/avatar\/37d968a2e67a6fd04c169c4bdef102d0bc5d31b2546345219e348575eb80e9a0?s=96&d=mm&r=g","caption":"redazione"},"sameAs":["http:\/\/www.bellunopress.it","https:\/\/x.com\/bellunopress"],"url":"https:\/\/www.bellunopress.it\/fr\/author\/redazione\/"}]}},"_links":{"self":[{"href":"https:\/\/www.bellunopress.it\/fr\/wp-json\/wp\/v2\/posts\/47515","targetHints":{"allow":["GET"]}}],"collection":[{"href":"https:\/\/www.bellunopress.it\/fr\/wp-json\/wp\/v2\/posts"}],"about":[{"href":"https:\/\/www.bellunopress.it\/fr\/wp-json\/wp\/v2\/types\/post"}],"author":[{"embeddable":true,"href":"https:\/\/www.bellunopress.it\/fr\/wp-json\/wp\/v2\/users\/2"}],"replies":[{"embeddable":true,"href":"https:\/\/www.bellunopress.it\/fr\/wp-json\/wp\/v2\/comments?post=47515"}],"version-history":[{"count":3,"href":"https:\/\/www.bellunopress.it\/fr\/wp-json\/wp\/v2\/posts\/47515\/revisions"}],"predecessor-version":[{"id":47518,"href":"https:\/\/www.bellunopress.it\/fr\/wp-json\/wp\/v2\/posts\/47515\/revisions\/47518"}],"wp:attachment":[{"href":"https:\/\/www.bellunopress.it\/fr\/wp-json\/wp\/v2\/media?parent=47515"}],"wp:term":[{"taxonomy":"category","embeddable":true,"href":"https:\/\/www.bellunopress.it\/fr\/wp-json\/wp\/v2\/categories?post=47515"},{"taxonomy":"post_tag","embeddable":true,"href":"https:\/\/www.bellunopress.it\/fr\/wp-json\/wp\/v2\/tags?post=47515"}],"curies":[{"name":"wp","href":"https:\/\/api.w.org\/{rel}","templated":true}]}}