{"id":47510,"date":"2013-03-10T22:04:04","date_gmt":"2013-03-10T21:04:04","guid":{"rendered":"http:\/\/www.bellunopress.it\/?p=47510"},"modified":"2013-03-10T22:04:04","modified_gmt":"2013-03-10T21:04:04","slug":"grand-prix-lattebusche-grande-festa-ad-arabba-e-malga-ciapela-per-baby-e-cuccioli","status":"publish","type":"post","link":"https:\/\/www.bellunopress.it\/fr\/2013\/03\/10\/grand-prix-lattebusche-grande-festa-ad-arabba-e-malga-ciapela-per-baby-e-cuccioli\/","title":{"rendered":"Grand Prix Lattebusche, grande festa ad Arabba e Malga Ciapela per Baby e Cuccioli"},"content":{"rendered":"<p><a href=\"http:\/\/www.bellunopress.it\/wp-content\/uploads\/2013\/03\/leonardo-busin-grand-prix-lattebusche.jpg\"><img loading=\"lazy\" decoding=\"async\" class=\"alignleft size-full wp-image-47511\" alt=\"leonardo busin grand prix lattebusche\" src=\"http:\/\/www.bellunopress.it\/wp-content\/uploads\/2013\/03\/leonardo-busin-grand-prix-lattebusche.jpg\" width=\"133\" height=\"160\" \/><\/a>Belluno, 10 marzo 2013 \u2013 Sono state oltre 800 le giovani promesse dello sci veneto che ieri e oggi hanno dato vita alle finali nazionali del Grand Prix Lattebusche, manifestazione che costituisce uno dei momenti pi\u00f9 qualificanti dell\u2019attivit\u00e0 del Comitato Veneto Fisi: giunto alla 35. edizione, \u00e8 il circuito dello sci alpino e dello sci di fondo riservato ai piccoli, gli sciatori delle categorie Baby e Cuccioli (nati nel 2003-2004 e nel 2001-2002).<\/p>\n<p>I ragazzi dello sci di fondo questa mattina hanno gareggiato a Malga Ciapela. I pi\u00f9 bravi sono stati i fondisti vicentini: i primi due gradini del podio, infatti, sono stati conquistati dai ragazzi e dalle ragazze del 2 A Asiago Altopiano e dall\u2019Us Asiago Sci. Due societ\u00e0 veronesi, a pari merito, in 3. posizione: lo Sci club Rover\u00e8 e lo Sci club Bosco. Al 5. posto la prima societ\u00e0 bellunese, l\u2019Unione sportiva Valpadola.<\/p>\n<p>I ragazzi dello sci alpino si sono sfidati ad Arabba, sulla pista Cherz 2 del Passo Campolongo e sulla Belvedere 2 del Passo Pordoi: impegno, agonismo e divertimento l\u2019hanno fatta da padrone in una giornata che non si pu\u00f2 dire certo essere stata baciata dal sole. Alla fine, sul gradino pi\u00f9 alto del podio sono saliti gli ampezzani dello Sci club Cortina che hanno preceduto lo Sci club Ponte nelle Alpi e lo Sci club Trichiana.<\/p>\n<p>Per approfondimenti e classifiche: www.fisiveneto.org.<\/p>","protected":false},"excerpt":{"rendered":"<p>Belluno, 10 marzo 2013 \u2013 Sono state oltre 800 le giovani promesse dello sci veneto che ieri e oggi hanno dato vita alle finali nazionali del Grand Prix Lattebusche, manifestazione che costituisce uno dei momenti pi\u00f9 qualificanti dell\u2019attivit\u00e0 del Comitato Veneto Fisi: giunto alla 35. edizione, \u00e8 il circuito dello sci alpino e dello sci [&hellip;]<\/p>\n","protected":false},"author":2,"featured_media":0,"comment_status":"closed","ping_status":"open","sticky":false,"template":"","format":"standard","meta":{"footnotes":""},"categories":[26,4],"tags":[],"class_list":["post-47510","post","type-post","status-publish","format-standard","category-prima-pagina","category-sport"],"yoast_head":"<!-- This site is optimized with the Yoast SEO plugin v28.4 - https:\/\/yoast.com\/product\/yoast-seo-wordpress\/ -->\n<title>Grand Prix Lattebusche, grande festa ad Arabba e Malga Ciapela per Baby e Cuccioli - Bellunopress - Dolomiti<\/title>\n<meta name=\"robots\" content=\"index, follow, max-snippet:-1, max-image-preview:large, max-video-preview:-1\" \/>\n<link rel=\"canonical\" href=\"https:\/\/www.bellunopress.it\/fr\/2013\/03\/10\/grand-prix-lattebusche-grande-festa-ad-arabba-e-malga-ciapela-per-baby-e-cuccioli\/\" \/>\n<meta property=\"og:locale\" content=\"fr_FR\" \/>\n<meta property=\"og:type\" content=\"article\" \/>\n<meta property=\"og:title\" content=\"Grand Prix Lattebusche, grande festa ad Arabba e Malga Ciapela per Baby e Cuccioli - Bellunopress - Dolomiti\" \/>\n<meta property=\"og:description\" content=\"Belluno, 10 marzo 2013 \u2013 Sono state oltre 800 le giovani promesse dello sci veneto che ieri e oggi hanno dato vita alle finali nazionali del Grand Prix Lattebusche, manifestazione che costituisce uno dei momenti pi\u00f9 qualificanti dell\u2019attivit\u00e0 del Comitato Veneto Fisi: giunto alla 35. edizione, \u00e8 il circuito dello sci alpino e dello sci [&hellip;]\" \/>\n<meta property=\"og:url\" content=\"https:\/\/www.bellunopress.it\/fr\/2013\/03\/10\/grand-prix-lattebusche-grande-festa-ad-arabba-e-malga-ciapela-per-baby-e-cuccioli\/\" \/>\n<meta property=\"og:site_name\" content=\"Bellunopress - Dolomiti\" \/>\n<meta property=\"article:publisher\" content=\"https:\/\/www.facebook.com\/profile.php?id=100008943462799\" \/>\n<meta property=\"article:published_time\" content=\"2013-03-10T21:04:04+00:00\" \/>\n<meta property=\"og:image\" content=\"http:\/\/www.bellunopress.it\/wp-content\/uploads\/2013\/03\/leonardo-busin-grand-prix-lattebusche.jpg\" \/>\n<meta name=\"author\" content=\"redazione\" \/>\n<meta name=\"twitter:card\" content=\"summary_large_image\" \/>\n<meta name=\"twitter:creator\" content=\"@bellunopress\" \/>\n<meta name=\"twitter:site\" content=\"@bellunopress\" \/>\n<meta name=\"twitter:label1\" content=\"Written by\" \/>\n\t<meta name=\"twitter:data1\" content=\"redazione\" \/>\n\t<meta name=\"twitter:label2\" content=\"Est. reading time\" \/>\n\t<meta name=\"twitter:data2\" content=\"1 minute\" \/>\n<script type=\"application\/ld+json\" class=\"yoast-schema-graph\">{\"@context\":\"https:\\\/\\\/schema.org\",\"@graph\":[{\"@type\":\"Article\",\"@id\":\"https:\\\/\\\/www.bellunopress.it\\\/2013\\\/03\\\/10\\\/grand-prix-lattebusche-grande-festa-ad-arabba-e-malga-ciapela-per-baby-e-cuccioli\\\/#article\",\"isPartOf\":{\"@id\":\"https:\\\/\\\/www.bellunopress.it\\\/2013\\\/03\\\/10\\\/grand-prix-lattebusche-grande-festa-ad-arabba-e-malga-ciapela-per-baby-e-cuccioli\\\/\"},\"author\":{\"name\":\"redazione\",\"@id\":\"https:\\\/\\\/www.bellunopress.it\\\/#\\\/schema\\\/person\\\/79bb06722b37ece1c03d3e94beb30d73\"},\"headline\":\"Grand Prix Lattebusche, grande festa ad Arabba e Malga Ciapela per Baby e Cuccioli\",\"datePublished\":\"2013-03-10T21:04:04+00:00\",\"mainEntityOfPage\":{\"@id\":\"https:\\\/\\\/www.bellunopress.it\\\/2013\\\/03\\\/10\\\/grand-prix-lattebusche-grande-festa-ad-arabba-e-malga-ciapela-per-baby-e-cuccioli\\\/\"},\"wordCount\":236,\"publisher\":{\"@id\":\"https:\\\/\\\/www.bellunopress.it\\\/#organization\"},\"image\":{\"@id\":\"https:\\\/\\\/www.bellunopress.it\\\/2013\\\/03\\\/10\\\/grand-prix-lattebusche-grande-festa-ad-arabba-e-malga-ciapela-per-baby-e-cuccioli\\\/#primaryimage\"},\"thumbnailUrl\":\"http:\\\/\\\/www.bellunopress.it\\\/wp-content\\\/uploads\\\/2013\\\/03\\\/leonardo-busin-grand-prix-lattebusche.jpg\",\"articleSection\":[\"Prima Pagina\",\"Sport, tempo libero\"],\"inLanguage\":\"fr-FR\"},{\"@type\":\"WebPage\",\"@id\":\"https:\\\/\\\/www.bellunopress.it\\\/2013\\\/03\\\/10\\\/grand-prix-lattebusche-grande-festa-ad-arabba-e-malga-ciapela-per-baby-e-cuccioli\\\/\",\"url\":\"https:\\\/\\\/www.bellunopress.it\\\/2013\\\/03\\\/10\\\/grand-prix-lattebusche-grande-festa-ad-arabba-e-malga-ciapela-per-baby-e-cuccioli\\\/\",\"name\":\"Grand Prix Lattebusche, grande festa ad Arabba e Malga Ciapela per Baby e Cuccioli - Bellunopress - Dolomiti\",\"isPartOf\":{\"@id\":\"https:\\\/\\\/www.bellunopress.it\\\/#website\"},\"primaryImageOfPage\":{\"@id\":\"https:\\\/\\\/www.bellunopress.it\\\/2013\\\/03\\\/10\\\/grand-prix-lattebusche-grande-festa-ad-arabba-e-malga-ciapela-per-baby-e-cuccioli\\\/#primaryimage\"},\"image\":{\"@id\":\"https:\\\/\\\/www.bellunopress.it\\\/2013\\\/03\\\/10\\\/grand-prix-lattebusche-grande-festa-ad-arabba-e-malga-ciapela-per-baby-e-cuccioli\\\/#primaryimage\"},\"thumbnailUrl\":\"http:\\\/\\\/www.bellunopress.it\\\/wp-content\\\/uploads\\\/2013\\\/03\\\/leonardo-busin-grand-prix-lattebusche.jpg\",\"datePublished\":\"2013-03-10T21:04:04+00:00\",\"breadcrumb\":{\"@id\":\"https:\\\/\\\/www.bellunopress.it\\\/2013\\\/03\\\/10\\\/grand-prix-lattebusche-grande-festa-ad-arabba-e-malga-ciapela-per-baby-e-cuccioli\\\/#breadcrumb\"},\"inLanguage\":\"fr-FR\",\"potentialAction\":[{\"@type\":\"ReadAction\",\"target\":[\"https:\\\/\\\/www.bellunopress.it\\\/2013\\\/03\\\/10\\\/grand-prix-lattebusche-grande-festa-ad-arabba-e-malga-ciapela-per-baby-e-cuccioli\\\/\"]}]},{\"@type\":\"ImageObject\",\"inLanguage\":\"fr-FR\",\"@id\":\"https:\\\/\\\/www.bellunopress.it\\\/2013\\\/03\\\/10\\\/grand-prix-lattebusche-grande-festa-ad-arabba-e-malga-ciapela-per-baby-e-cuccioli\\\/#primaryimage\",\"url\":\"http:\\\/\\\/www.bellunopress.it\\\/wp-content\\\/uploads\\\/2013\\\/03\\\/leonardo-busin-grand-prix-lattebusche.jpg\",\"contentUrl\":\"http:\\\/\\\/www.bellunopress.it\\\/wp-content\\\/uploads\\\/2013\\\/03\\\/leonardo-busin-grand-prix-lattebusche.jpg\"},{\"@type\":\"BreadcrumbList\",\"@id\":\"https:\\\/\\\/www.bellunopress.it\\\/2013\\\/03\\\/10\\\/grand-prix-lattebusche-grande-festa-ad-arabba-e-malga-ciapela-per-baby-e-cuccioli\\\/#breadcrumb\",\"itemListElement\":[{\"@type\":\"ListItem\",\"position\":1,\"name\":\"Home\",\"item\":\"https:\\\/\\\/www.bellunopress.it\\\/\"},{\"@type\":\"ListItem\",\"position\":2,\"name\":\"Grand Prix Lattebusche, grande festa ad Arabba e Malga Ciapela per Baby e Cuccioli\"}]},{\"@type\":\"WebSite\",\"@id\":\"https:\\\/\\\/www.bellunopress.it\\\/#website\",\"url\":\"https:\\\/\\\/www.bellunopress.it\\\/\",\"name\":\"Bellunopress - Dolomiti\",\"description\":\"e-mail: redazione@bellunopress.it\",\"publisher\":{\"@id\":\"https:\\\/\\\/www.bellunopress.it\\\/#organization\"},\"potentialAction\":[{\"@type\":\"SearchAction\",\"target\":{\"@type\":\"EntryPoint\",\"urlTemplate\":\"https:\\\/\\\/www.bellunopress.it\\\/?s={search_term_string}\"},\"query-input\":{\"@type\":\"PropertyValueSpecification\",\"valueRequired\":true,\"valueName\":\"search_term_string\"}}],\"inLanguage\":\"fr-FR\"},{\"@type\":\"Organization\",\"@id\":\"https:\\\/\\\/www.bellunopress.it\\\/#organization\",\"name\":\"Bellunopress\",\"url\":\"https:\\\/\\\/www.bellunopress.it\\\/\",\"logo\":{\"@type\":\"ImageObject\",\"inLanguage\":\"fr-FR\",\"@id\":\"https:\\\/\\\/www.bellunopress.it\\\/#\\\/schema\\\/logo\\\/image\\\/\",\"url\":\"https:\\\/\\\/www.bellunopress.it\\\/wp-content\\\/uploads\\\/2011\\\/05\\\/cropped-logo-bellunopress-.jpg\",\"contentUrl\":\"https:\\\/\\\/www.bellunopress.it\\\/wp-content\\\/uploads\\\/2011\\\/05\\\/cropped-logo-bellunopress-.jpg\",\"width\":512,\"height\":512,\"caption\":\"Bellunopress\"},\"image\":{\"@id\":\"https:\\\/\\\/www.bellunopress.it\\\/#\\\/schema\\\/logo\\\/image\\\/\"},\"sameAs\":[\"https:\\\/\\\/www.facebook.com\\\/profile.php?id=100008943462799\",\"https:\\\/\\\/x.com\\\/bellunopress\",\"https:\\\/\\\/www.linkedin.com\\\/hp\\\/?dnr=JBzUWaJfMUw8vbXJJ2tVW5-I3jZKvC4wsoxE&amp;amp;amp;amp;amp;amp;trk=nav_responsive_tab_home\",\"https:\\\/\\\/www.youtube.com\\\/channel\\\/UCxL0wu1uN0_3_7hGG0306cw\"]},{\"@type\":\"Person\",\"@id\":\"https:\\\/\\\/www.bellunopress.it\\\/#\\\/schema\\\/person\\\/79bb06722b37ece1c03d3e94beb30d73\",\"name\":\"redazione\",\"image\":{\"@type\":\"ImageObject\",\"inLanguage\":\"fr-FR\",\"@id\":\"https:\\\/\\\/secure.gravatar.com\\\/avatar\\\/37d968a2e67a6fd04c169c4bdef102d0bc5d31b2546345219e348575eb80e9a0?s=96&d=mm&r=g\",\"url\":\"https:\\\/\\\/secure.gravatar.com\\\/avatar\\\/37d968a2e67a6fd04c169c4bdef102d0bc5d31b2546345219e348575eb80e9a0?s=96&d=mm&r=g\",\"contentUrl\":\"https:\\\/\\\/secure.gravatar.com\\\/avatar\\\/37d968a2e67a6fd04c169c4bdef102d0bc5d31b2546345219e348575eb80e9a0?s=96&d=mm&r=g\",\"caption\":\"redazione\"},\"sameAs\":[\"http:\\\/\\\/www.bellunopress.it\",\"https:\\\/\\\/x.com\\\/bellunopress\"],\"url\":\"https:\\\/\\\/www.bellunopress.it\\\/fr\\\/author\\\/redazione\\\/\"}]}<\/script>\n<!-- \/ Yoast SEO plugin. -->","yoast_head_json":{"title":"Grand Prix Lattebusche, grande festa ad Arabba e Malga Ciapela per Baby e Cuccioli - Bellunopress - Dolomiti","robots":{"index":"index","follow":"follow","max-snippet":"max-snippet:-1","max-image-preview":"max-image-preview:large","max-video-preview":"max-video-preview:-1"},"canonical":"https:\/\/www.bellunopress.it\/fr\/2013\/03\/10\/grand-prix-lattebusche-grande-festa-ad-arabba-e-malga-ciapela-per-baby-e-cuccioli\/","og_locale":"fr_FR","og_type":"article","og_title":"Grand Prix Lattebusche, grande festa ad Arabba e Malga Ciapela per Baby e Cuccioli - Bellunopress - Dolomiti","og_description":"Belluno, 10 marzo 2013 \u2013 Sono state oltre 800 le giovani promesse dello sci veneto che ieri e oggi hanno dato vita alle finali nazionali del Grand Prix Lattebusche, manifestazione che costituisce uno dei momenti pi\u00f9 qualificanti dell\u2019attivit\u00e0 del Comitato Veneto Fisi: giunto alla 35. edizione, \u00e8 il circuito dello sci alpino e dello sci [&hellip;]","og_url":"https:\/\/www.bellunopress.it\/fr\/2013\/03\/10\/grand-prix-lattebusche-grande-festa-ad-arabba-e-malga-ciapela-per-baby-e-cuccioli\/","og_site_name":"Bellunopress - Dolomiti","article_publisher":"https:\/\/www.facebook.com\/profile.php?id=100008943462799","article_published_time":"2013-03-10T21:04:04+00:00","og_image":[{"url":"http:\/\/www.bellunopress.it\/wp-content\/uploads\/2013\/03\/leonardo-busin-grand-prix-lattebusche.jpg","type":"","width":"","height":""}],"author":"redazione","twitter_card":"summary_large_image","twitter_creator":"@bellunopress","twitter_site":"@bellunopress","twitter_misc":{"Written by":"redazione","Est. reading time":"1 minute"},"schema":{"@context":"https:\/\/schema.org","@graph":[{"@type":"Article","@id":"https:\/\/www.bellunopress.it\/2013\/03\/10\/grand-prix-lattebusche-grande-festa-ad-arabba-e-malga-ciapela-per-baby-e-cuccioli\/#article","isPartOf":{"@id":"https:\/\/www.bellunopress.it\/2013\/03\/10\/grand-prix-lattebusche-grande-festa-ad-arabba-e-malga-ciapela-per-baby-e-cuccioli\/"},"author":{"name":"redazione","@id":"https:\/\/www.bellunopress.it\/#\/schema\/person\/79bb06722b37ece1c03d3e94beb30d73"},"headline":"Grand Prix Lattebusche, grande festa ad Arabba e Malga Ciapela per Baby e Cuccioli","datePublished":"2013-03-10T21:04:04+00:00","mainEntityOfPage":{"@id":"https:\/\/www.bellunopress.it\/2013\/03\/10\/grand-prix-lattebusche-grande-festa-ad-arabba-e-malga-ciapela-per-baby-e-cuccioli\/"},"wordCount":236,"publisher":{"@id":"https:\/\/www.bellunopress.it\/#organization"},"image":{"@id":"https:\/\/www.bellunopress.it\/2013\/03\/10\/grand-prix-lattebusche-grande-festa-ad-arabba-e-malga-ciapela-per-baby-e-cuccioli\/#primaryimage"},"thumbnailUrl":"http:\/\/www.bellunopress.it\/wp-content\/uploads\/2013\/03\/leonardo-busin-grand-prix-lattebusche.jpg","articleSection":["Prima Pagina","Sport, tempo libero"],"inLanguage":"fr-FR"},{"@type":"WebPage","@id":"https:\/\/www.bellunopress.it\/2013\/03\/10\/grand-prix-lattebusche-grande-festa-ad-arabba-e-malga-ciapela-per-baby-e-cuccioli\/","url":"https:\/\/www.bellunopress.it\/2013\/03\/10\/grand-prix-lattebusche-grande-festa-ad-arabba-e-malga-ciapela-per-baby-e-cuccioli\/","name":"Grand Prix Lattebusche, grande festa ad Arabba e Malga Ciapela per Baby e Cuccioli - Bellunopress - Dolomiti","isPartOf":{"@id":"https:\/\/www.bellunopress.it\/#website"},"primaryImageOfPage":{"@id":"https:\/\/www.bellunopress.it\/2013\/03\/10\/grand-prix-lattebusche-grande-festa-ad-arabba-e-malga-ciapela-per-baby-e-cuccioli\/#primaryimage"},"image":{"@id":"https:\/\/www.bellunopress.it\/2013\/03\/10\/grand-prix-lattebusche-grande-festa-ad-arabba-e-malga-ciapela-per-baby-e-cuccioli\/#primaryimage"},"thumbnailUrl":"http:\/\/www.bellunopress.it\/wp-content\/uploads\/2013\/03\/leonardo-busin-grand-prix-lattebusche.jpg","datePublished":"2013-03-10T21:04:04+00:00","breadcrumb":{"@id":"https:\/\/www.bellunopress.it\/2013\/03\/10\/grand-prix-lattebusche-grande-festa-ad-arabba-e-malga-ciapela-per-baby-e-cuccioli\/#breadcrumb"},"inLanguage":"fr-FR","potentialAction":[{"@type":"ReadAction","target":["https:\/\/www.bellunopress.it\/2013\/03\/10\/grand-prix-lattebusche-grande-festa-ad-arabba-e-malga-ciapela-per-baby-e-cuccioli\/"]}]},{"@type":"ImageObject","inLanguage":"fr-FR","@id":"https:\/\/www.bellunopress.it\/2013\/03\/10\/grand-prix-lattebusche-grande-festa-ad-arabba-e-malga-ciapela-per-baby-e-cuccioli\/#primaryimage","url":"http:\/\/www.bellunopress.it\/wp-content\/uploads\/2013\/03\/leonardo-busin-grand-prix-lattebusche.jpg","contentUrl":"http:\/\/www.bellunopress.it\/wp-content\/uploads\/2013\/03\/leonardo-busin-grand-prix-lattebusche.jpg"},{"@type":"BreadcrumbList","@id":"https:\/\/www.bellunopress.it\/2013\/03\/10\/grand-prix-lattebusche-grande-festa-ad-arabba-e-malga-ciapela-per-baby-e-cuccioli\/#breadcrumb","itemListElement":[{"@type":"ListItem","position":1,"name":"Home","item":"https:\/\/www.bellunopress.it\/"},{"@type":"ListItem","position":2,"name":"Grand Prix Lattebusche, grande festa ad Arabba e Malga Ciapela per Baby e Cuccioli"}]},{"@type":"WebSite","@id":"https:\/\/www.bellunopress.it\/#website","url":"https:\/\/www.bellunopress.it\/","name":"Bellunopress - Dolomiti","description":"e-mail: redazione@bellunopress.it","publisher":{"@id":"https:\/\/www.bellunopress.it\/#organization"},"potentialAction":[{"@type":"SearchAction","target":{"@type":"EntryPoint","urlTemplate":"https:\/\/www.bellunopress.it\/?s={search_term_string}"},"query-input":{"@type":"PropertyValueSpecification","valueRequired":true,"valueName":"search_term_string"}}],"inLanguage":"fr-FR"},{"@type":"Organization","@id":"https:\/\/www.bellunopress.it\/#organization","name":"Bellunopress","url":"https:\/\/www.bellunopress.it\/","logo":{"@type":"ImageObject","inLanguage":"fr-FR","@id":"https:\/\/www.bellunopress.it\/#\/schema\/logo\/image\/","url":"https:\/\/www.bellunopress.it\/wp-content\/uploads\/2011\/05\/cropped-logo-bellunopress-.jpg","contentUrl":"https:\/\/www.bellunopress.it\/wp-content\/uploads\/2011\/05\/cropped-logo-bellunopress-.jpg","width":512,"height":512,"caption":"Bellunopress"},"image":{"@id":"https:\/\/www.bellunopress.it\/#\/schema\/logo\/image\/"},"sameAs":["https:\/\/www.facebook.com\/profile.php?id=100008943462799","https:\/\/x.com\/bellunopress","https:\/\/www.linkedin.com\/hp\/?dnr=JBzUWaJfMUw8vbXJJ2tVW5-I3jZKvC4wsoxE&amp;amp;amp;amp;amp;amp;trk=nav_responsive_tab_home","https:\/\/www.youtube.com\/channel\/UCxL0wu1uN0_3_7hGG0306cw"]},{"@type":"Person","@id":"https:\/\/www.bellunopress.it\/#\/schema\/person\/79bb06722b37ece1c03d3e94beb30d73","name":"r\u00e9daction","image":{"@type":"ImageObject","inLanguage":"fr-FR","@id":"https:\/\/secure.gravatar.com\/avatar\/37d968a2e67a6fd04c169c4bdef102d0bc5d31b2546345219e348575eb80e9a0?s=96&d=mm&r=g","url":"https:\/\/secure.gravatar.com\/avatar\/37d968a2e67a6fd04c169c4bdef102d0bc5d31b2546345219e348575eb80e9a0?s=96&d=mm&r=g","contentUrl":"https:\/\/secure.gravatar.com\/avatar\/37d968a2e67a6fd04c169c4bdef102d0bc5d31b2546345219e348575eb80e9a0?s=96&d=mm&r=g","caption":"redazione"},"sameAs":["http:\/\/www.bellunopress.it","https:\/\/x.com\/bellunopress"],"url":"https:\/\/www.bellunopress.it\/fr\/author\/redazione\/"}]}},"_links":{"self":[{"href":"https:\/\/www.bellunopress.it\/fr\/wp-json\/wp\/v2\/posts\/47510","targetHints":{"allow":["GET"]}}],"collection":[{"href":"https:\/\/www.bellunopress.it\/fr\/wp-json\/wp\/v2\/posts"}],"about":[{"href":"https:\/\/www.bellunopress.it\/fr\/wp-json\/wp\/v2\/types\/post"}],"author":[{"embeddable":true,"href":"https:\/\/www.bellunopress.it\/fr\/wp-json\/wp\/v2\/users\/2"}],"replies":[{"embeddable":true,"href":"https:\/\/www.bellunopress.it\/fr\/wp-json\/wp\/v2\/comments?post=47510"}],"version-history":[{"count":1,"href":"https:\/\/www.bellunopress.it\/fr\/wp-json\/wp\/v2\/posts\/47510\/revisions"}],"predecessor-version":[{"id":47512,"href":"https:\/\/www.bellunopress.it\/fr\/wp-json\/wp\/v2\/posts\/47510\/revisions\/47512"}],"wp:attachment":[{"href":"https:\/\/www.bellunopress.it\/fr\/wp-json\/wp\/v2\/media?parent=47510"}],"wp:term":[{"taxonomy":"category","embeddable":true,"href":"https:\/\/www.bellunopress.it\/fr\/wp-json\/wp\/v2\/categories?post=47510"},{"taxonomy":"post_tag","embeddable":true,"href":"https:\/\/www.bellunopress.it\/fr\/wp-json\/wp\/v2\/tags?post=47510"}],"curies":[{"name":"wp","href":"https:\/\/api.w.org\/{rel}","templated":true}]}}