{"id":47499,"date":"2013-03-10T12:13:06","date_gmt":"2013-03-10T11:13:06","guid":{"rendered":"http:\/\/www.bellunopress.it\/?p=47499"},"modified":"2013-03-10T12:13:06","modified_gmt":"2013-03-10T11:13:06","slug":"il-sindaco-jacopo-massaro-e-il-presidente-dellanpi-di-trento-sandro-schmidt-alla-commemorazione-dei-10-partigiani-impiccati-al-bosco-delle-castagne","status":"publish","type":"post","link":"https:\/\/www.bellunopress.it\/fr\/2013\/03\/10\/il-sindaco-jacopo-massaro-e-il-presidente-dellanpi-di-trento-sandro-schmidt-alla-commemorazione-dei-10-partigiani-impiccati-al-bosco-delle-castagne\/","title":{"rendered":"Il sindaco Jacopo Massaro e il presidente dell&#8217;Anpi di Trento Sandro Schmidt alla commemorazione dei 10 partigiani impiccati al Bosco delle castagne"},"content":{"rendered":"<p><a href=\"http:\/\/www.bellunopress.it\/wp-content\/uploads\/2013\/03\/massaro-bosco-delle-castagne.jpg\"><img loading=\"lazy\" decoding=\"async\" class=\"alignleft size-full wp-image-47500\" alt=\"massaro bosco delle castagne\" src=\"http:\/\/www.bellunopress.it\/wp-content\/uploads\/2013\/03\/massaro-bosco-delle-castagne.jpg\" width=\"290\" height=\"290\" srcset=\"https:\/\/www.bellunopress.it\/wp-content\/uploads\/2013\/03\/massaro-bosco-delle-castagne.jpg 290w, https:\/\/www.bellunopress.it\/wp-content\/uploads\/2013\/03\/massaro-bosco-delle-castagne-150x150.jpg 150w\" sizes=\"auto, (max-width: 290px) 100vw, 290px\" \/><\/a>Una mattinata grigia di fine inverno ha fatto da cornice questa mattina alla cerimonia del Bosco delle castagne a Tisoi. Dove , dove 68 anni fa vennero impiccati 10 partigiani. Era l&#8217;8 marzo del 1945 quando dalla caserma D\u2019Angelo a Mussoi, dieci partigiani scortati dalla 7\u00aa compagnia del battaglione Schr\u00f6der, composto da SS altoatesini si avviarono verso il Bosco delle castagne. Li avevano presi dalla caserma Tasso, allora sede della Gendarmeria tedesca comandata dal tenente Karl. Le SS ne avevano chiesti 50, ma Karl ne aveva solo 10. Era la risposta a un attentato che pochi giorni prima i partigiani della brigata Leo De Biasi avevano compiuto al Poligono. Un bersaglio costruito con un ritratto di Hitler e la scritta in rosso \u00abZigklt gut\u00bb (mirate bene). I tedeschi si erano precipitati a toglierla, ma era una trappola, e morirono in 8 con una decina di feriti.<\/p>\n<p>L&#8217;orazione ufficiale \u00e8 stata tenuta dal Presidente dell&#8217;ANPI di Trento, on. Sandro Schmid, con l&#8217;intervento del sindaco di Belluno Jacopo Massaro.<\/p>\n<p>Erano presenti le rappresentative delle associazioni di partigiani, reduci di guerra, combattentistiche e d&#8217;Arma, e un reparto del 7mo Alpini per gli onori al gonfalone della Citt\u00e0 di Belluno medaglia d&#8217;oro al Valor militare e gli onori ai Caduti.<\/p>\n<p>Nel corso della cerimonia sono stati ricordati i nomi dei partigiani impiccati: Giuseppe Santomaso \u201cFranco\u201d di Puos d\u2019Alpago, Marcello Boni \u201cNino\u201d di Caralte, Perarolo di Cadore, Giuseppe Como \u201cPenna\u201d di Trichiana, Francesco Bortot \u201cCarnera\u201d di Bolzano Bellunese, Giovanni Candeago \u201cFiore\u201d di Sedico, Giovanni Cibien \u201cNino\u201d di Trichiana, Pietro Bertanza \u201cPortos\u201d di Brescia, Ruggero Fiabane \u201cRampa\u201d di Limana, un certo Ioseph (o Bruno Feltkirker) detto il francese e Mario Pasi \u201cMontagna\u201d medico comunista originario di Ravenna che da Trento dove lavorava, si era unito alla Resistenza bellunese.<\/p>\n<p>&nbsp;<\/p>\n<p>&nbsp;<\/p>\n<p>&nbsp;<\/p>\n<p>&nbsp;<\/p>\n<p>&nbsp;<\/p>\n<p>&nbsp;<\/p>\n<p>&nbsp;<\/p>\n<p>&nbsp;<\/p>\n<p>&nbsp;<\/p>","protected":false},"excerpt":{"rendered":"<p>Una mattinata grigia di fine inverno ha fatto da cornice questa mattina alla cerimonia del Bosco delle castagne a Tisoi. Dove , dove 68 anni fa vennero impiccati 10 partigiani. Era l&#8217;8 marzo del 1945 quando dalla caserma D\u2019Angelo a Mussoi, dieci partigiani scortati dalla 7\u00aa compagnia del battaglione Schr\u00f6der, composto da SS altoatesini si [&hellip;]<\/p>\n","protected":false},"author":2,"featured_media":0,"comment_status":"closed","ping_status":"open","sticky":false,"template":"","format":"standard","meta":{"footnotes":""},"categories":[1],"tags":[],"class_list":["post-47499","post","type-post","status-publish","format-standard","category-leo"],"yoast_head":"<!-- This site is optimized with the Yoast SEO plugin v28.4 - https:\/\/yoast.com\/product\/yoast-seo-wordpress\/ -->\n<title>Il sindaco Jacopo Massaro e il presidente dell&#039;Anpi di Trento Sandro Schmidt alla commemorazione dei 10 partigiani impiccati al Bosco delle castagne - Bellunopress - Dolomiti<\/title>\n<meta name=\"robots\" content=\"index, follow, max-snippet:-1, max-image-preview:large, max-video-preview:-1\" \/>\n<link rel=\"canonical\" href=\"https:\/\/www.bellunopress.it\/fr\/2013\/03\/10\/il-sindaco-jacopo-massaro-e-il-presidente-dellanpi-di-trento-sandro-schmidt-alla-commemorazione-dei-10-partigiani-impiccati-al-bosco-delle-castagne\/\" \/>\n<meta property=\"og:locale\" content=\"fr_FR\" \/>\n<meta property=\"og:type\" content=\"article\" \/>\n<meta property=\"og:title\" content=\"Il sindaco Jacopo Massaro e il presidente dell&#039;Anpi di Trento Sandro Schmidt alla commemorazione dei 10 partigiani impiccati al Bosco delle castagne - Bellunopress - Dolomiti\" \/>\n<meta property=\"og:description\" content=\"Una mattinata grigia di fine inverno ha fatto da cornice questa mattina alla cerimonia del Bosco delle castagne a Tisoi. Dove , dove 68 anni fa vennero impiccati 10 partigiani. Era l&#8217;8 marzo del 1945 quando dalla caserma D\u2019Angelo a Mussoi, dieci partigiani scortati dalla 7\u00aa compagnia del battaglione Schr\u00f6der, composto da SS altoatesini si [&hellip;]\" \/>\n<meta property=\"og:url\" content=\"https:\/\/www.bellunopress.it\/fr\/2013\/03\/10\/il-sindaco-jacopo-massaro-e-il-presidente-dellanpi-di-trento-sandro-schmidt-alla-commemorazione-dei-10-partigiani-impiccati-al-bosco-delle-castagne\/\" \/>\n<meta property=\"og:site_name\" content=\"Bellunopress - Dolomiti\" \/>\n<meta property=\"article:publisher\" content=\"https:\/\/www.facebook.com\/profile.php?id=100008943462799\" \/>\n<meta property=\"article:published_time\" content=\"2013-03-10T11:13:06+00:00\" \/>\n<meta property=\"og:image\" content=\"http:\/\/www.bellunopress.it\/wp-content\/uploads\/2013\/03\/massaro-bosco-delle-castagne.jpg\" \/>\n<meta name=\"author\" content=\"redazione\" \/>\n<meta name=\"twitter:card\" content=\"summary_large_image\" \/>\n<meta name=\"twitter:creator\" content=\"@bellunopress\" \/>\n<meta name=\"twitter:site\" content=\"@bellunopress\" \/>\n<meta name=\"twitter:label1\" content=\"\u00c9crit par\" \/>\n\t<meta name=\"twitter:data1\" content=\"redazione\" \/>\n\t<meta name=\"twitter:label2\" content=\"Dur\u00e9e de lecture estim\u00e9e\" \/>\n\t<meta name=\"twitter:data2\" content=\"1 minute\" \/>\n<script type=\"application\/ld+json\" class=\"yoast-schema-graph\">{\"@context\":\"https:\\\/\\\/schema.org\",\"@graph\":[{\"@type\":\"Article\",\"@id\":\"https:\\\/\\\/www.bellunopress.it\\\/2013\\\/03\\\/10\\\/il-sindaco-jacopo-massaro-e-il-presidente-dellanpi-di-trento-sandro-schmidt-alla-commemorazione-dei-10-partigiani-impiccati-al-bosco-delle-castagne\\\/#article\",\"isPartOf\":{\"@id\":\"https:\\\/\\\/www.bellunopress.it\\\/2013\\\/03\\\/10\\\/il-sindaco-jacopo-massaro-e-il-presidente-dellanpi-di-trento-sandro-schmidt-alla-commemorazione-dei-10-partigiani-impiccati-al-bosco-delle-castagne\\\/\"},\"author\":{\"name\":\"redazione\",\"@id\":\"https:\\\/\\\/www.bellunopress.it\\\/#\\\/schema\\\/person\\\/79bb06722b37ece1c03d3e94beb30d73\"},\"headline\":\"Il sindaco Jacopo Massaro e il presidente dell&#8217;Anpi di Trento Sandro Schmidt alla commemorazione dei 10 partigiani impiccati al Bosco delle castagne\",\"datePublished\":\"2013-03-10T11:13:06+00:00\",\"mainEntityOfPage\":{\"@id\":\"https:\\\/\\\/www.bellunopress.it\\\/2013\\\/03\\\/10\\\/il-sindaco-jacopo-massaro-e-il-presidente-dellanpi-di-trento-sandro-schmidt-alla-commemorazione-dei-10-partigiani-impiccati-al-bosco-delle-castagne\\\/\"},\"wordCount\":322,\"publisher\":{\"@id\":\"https:\\\/\\\/www.bellunopress.it\\\/#organization\"},\"image\":{\"@id\":\"https:\\\/\\\/www.bellunopress.it\\\/2013\\\/03\\\/10\\\/il-sindaco-jacopo-massaro-e-il-presidente-dellanpi-di-trento-sandro-schmidt-alla-commemorazione-dei-10-partigiani-impiccati-al-bosco-delle-castagne\\\/#primaryimage\"},\"thumbnailUrl\":\"http:\\\/\\\/www.bellunopress.it\\\/wp-content\\\/uploads\\\/2013\\\/03\\\/massaro-bosco-delle-castagne.jpg\",\"articleSection\":[\"Lettere Opinioni\"],\"inLanguage\":\"fr-FR\"},{\"@type\":\"WebPage\",\"@id\":\"https:\\\/\\\/www.bellunopress.it\\\/2013\\\/03\\\/10\\\/il-sindaco-jacopo-massaro-e-il-presidente-dellanpi-di-trento-sandro-schmidt-alla-commemorazione-dei-10-partigiani-impiccati-al-bosco-delle-castagne\\\/\",\"url\":\"https:\\\/\\\/www.bellunopress.it\\\/2013\\\/03\\\/10\\\/il-sindaco-jacopo-massaro-e-il-presidente-dellanpi-di-trento-sandro-schmidt-alla-commemorazione-dei-10-partigiani-impiccati-al-bosco-delle-castagne\\\/\",\"name\":\"Il sindaco Jacopo Massaro e il presidente dell'Anpi di Trento Sandro Schmidt alla commemorazione dei 10 partigiani impiccati al Bosco delle castagne - Bellunopress - Dolomiti\",\"isPartOf\":{\"@id\":\"https:\\\/\\\/www.bellunopress.it\\\/#website\"},\"primaryImageOfPage\":{\"@id\":\"https:\\\/\\\/www.bellunopress.it\\\/2013\\\/03\\\/10\\\/il-sindaco-jacopo-massaro-e-il-presidente-dellanpi-di-trento-sandro-schmidt-alla-commemorazione-dei-10-partigiani-impiccati-al-bosco-delle-castagne\\\/#primaryimage\"},\"image\":{\"@id\":\"https:\\\/\\\/www.bellunopress.it\\\/2013\\\/03\\\/10\\\/il-sindaco-jacopo-massaro-e-il-presidente-dellanpi-di-trento-sandro-schmidt-alla-commemorazione-dei-10-partigiani-impiccati-al-bosco-delle-castagne\\\/#primaryimage\"},\"thumbnailUrl\":\"http:\\\/\\\/www.bellunopress.it\\\/wp-content\\\/uploads\\\/2013\\\/03\\\/massaro-bosco-delle-castagne.jpg\",\"datePublished\":\"2013-03-10T11:13:06+00:00\",\"breadcrumb\":{\"@id\":\"https:\\\/\\\/www.bellunopress.it\\\/2013\\\/03\\\/10\\\/il-sindaco-jacopo-massaro-e-il-presidente-dellanpi-di-trento-sandro-schmidt-alla-commemorazione-dei-10-partigiani-impiccati-al-bosco-delle-castagne\\\/#breadcrumb\"},\"inLanguage\":\"fr-FR\",\"potentialAction\":[{\"@type\":\"ReadAction\",\"target\":[\"https:\\\/\\\/www.bellunopress.it\\\/2013\\\/03\\\/10\\\/il-sindaco-jacopo-massaro-e-il-presidente-dellanpi-di-trento-sandro-schmidt-alla-commemorazione-dei-10-partigiani-impiccati-al-bosco-delle-castagne\\\/\"]}]},{\"@type\":\"ImageObject\",\"inLanguage\":\"fr-FR\",\"@id\":\"https:\\\/\\\/www.bellunopress.it\\\/2013\\\/03\\\/10\\\/il-sindaco-jacopo-massaro-e-il-presidente-dellanpi-di-trento-sandro-schmidt-alla-commemorazione-dei-10-partigiani-impiccati-al-bosco-delle-castagne\\\/#primaryimage\",\"url\":\"http:\\\/\\\/www.bellunopress.it\\\/wp-content\\\/uploads\\\/2013\\\/03\\\/massaro-bosco-delle-castagne.jpg\",\"contentUrl\":\"http:\\\/\\\/www.bellunopress.it\\\/wp-content\\\/uploads\\\/2013\\\/03\\\/massaro-bosco-delle-castagne.jpg\"},{\"@type\":\"BreadcrumbList\",\"@id\":\"https:\\\/\\\/www.bellunopress.it\\\/2013\\\/03\\\/10\\\/il-sindaco-jacopo-massaro-e-il-presidente-dellanpi-di-trento-sandro-schmidt-alla-commemorazione-dei-10-partigiani-impiccati-al-bosco-delle-castagne\\\/#breadcrumb\",\"itemListElement\":[{\"@type\":\"ListItem\",\"position\":1,\"name\":\"Home\",\"item\":\"https:\\\/\\\/www.bellunopress.it\\\/\"},{\"@type\":\"ListItem\",\"position\":2,\"name\":\"Il sindaco Jacopo Massaro e il presidente dell&#8217;Anpi di Trento Sandro Schmidt alla commemorazione dei 10 partigiani impiccati al Bosco delle castagne\"}]},{\"@type\":\"WebSite\",\"@id\":\"https:\\\/\\\/www.bellunopress.it\\\/#website\",\"url\":\"https:\\\/\\\/www.bellunopress.it\\\/\",\"name\":\"Bellunopress - Dolomiti\",\"description\":\"e-mail: redazione@bellunopress.it\",\"publisher\":{\"@id\":\"https:\\\/\\\/www.bellunopress.it\\\/#organization\"},\"potentialAction\":[{\"@type\":\"SearchAction\",\"target\":{\"@type\":\"EntryPoint\",\"urlTemplate\":\"https:\\\/\\\/www.bellunopress.it\\\/?s={search_term_string}\"},\"query-input\":{\"@type\":\"PropertyValueSpecification\",\"valueRequired\":true,\"valueName\":\"search_term_string\"}}],\"inLanguage\":\"fr-FR\"},{\"@type\":\"Organization\",\"@id\":\"https:\\\/\\\/www.bellunopress.it\\\/#organization\",\"name\":\"Bellunopress\",\"url\":\"https:\\\/\\\/www.bellunopress.it\\\/\",\"logo\":{\"@type\":\"ImageObject\",\"inLanguage\":\"fr-FR\",\"@id\":\"https:\\\/\\\/www.bellunopress.it\\\/#\\\/schema\\\/logo\\\/image\\\/\",\"url\":\"https:\\\/\\\/www.bellunopress.it\\\/wp-content\\\/uploads\\\/2011\\\/05\\\/cropped-logo-bellunopress-.jpg\",\"contentUrl\":\"https:\\\/\\\/www.bellunopress.it\\\/wp-content\\\/uploads\\\/2011\\\/05\\\/cropped-logo-bellunopress-.jpg\",\"width\":512,\"height\":512,\"caption\":\"Bellunopress\"},\"image\":{\"@id\":\"https:\\\/\\\/www.bellunopress.it\\\/#\\\/schema\\\/logo\\\/image\\\/\"},\"sameAs\":[\"https:\\\/\\\/www.facebook.com\\\/profile.php?id=100008943462799\",\"https:\\\/\\\/x.com\\\/bellunopress\",\"https:\\\/\\\/www.linkedin.com\\\/hp\\\/?dnr=JBzUWaJfMUw8vbXJJ2tVW5-I3jZKvC4wsoxE&amp;amp;amp;amp;amp;amp;trk=nav_responsive_tab_home\",\"https:\\\/\\\/www.youtube.com\\\/channel\\\/UCxL0wu1uN0_3_7hGG0306cw\"]},{\"@type\":\"Person\",\"@id\":\"https:\\\/\\\/www.bellunopress.it\\\/#\\\/schema\\\/person\\\/79bb06722b37ece1c03d3e94beb30d73\",\"name\":\"redazione\",\"image\":{\"@type\":\"ImageObject\",\"inLanguage\":\"fr-FR\",\"@id\":\"https:\\\/\\\/secure.gravatar.com\\\/avatar\\\/37d968a2e67a6fd04c169c4bdef102d0bc5d31b2546345219e348575eb80e9a0?s=96&d=mm&r=g\",\"url\":\"https:\\\/\\\/secure.gravatar.com\\\/avatar\\\/37d968a2e67a6fd04c169c4bdef102d0bc5d31b2546345219e348575eb80e9a0?s=96&d=mm&r=g\",\"contentUrl\":\"https:\\\/\\\/secure.gravatar.com\\\/avatar\\\/37d968a2e67a6fd04c169c4bdef102d0bc5d31b2546345219e348575eb80e9a0?s=96&d=mm&r=g\",\"caption\":\"redazione\"},\"sameAs\":[\"http:\\\/\\\/www.bellunopress.it\",\"https:\\\/\\\/x.com\\\/bellunopress\"],\"url\":\"https:\\\/\\\/www.bellunopress.it\\\/fr\\\/author\\\/redazione\\\/\"}]}<\/script>\n<!-- \/ Yoast SEO plugin. -->","yoast_head_json":{"title":"Il sindaco Jacopo Massaro e il presidente dell'Anpi di Trento Sandro Schmidt alla commemorazione dei 10 partigiani impiccati al Bosco delle castagne - Bellunopress - Dolomiti","robots":{"index":"index","follow":"follow","max-snippet":"max-snippet:-1","max-image-preview":"max-image-preview:large","max-video-preview":"max-video-preview:-1"},"canonical":"https:\/\/www.bellunopress.it\/fr\/2013\/03\/10\/il-sindaco-jacopo-massaro-e-il-presidente-dellanpi-di-trento-sandro-schmidt-alla-commemorazione-dei-10-partigiani-impiccati-al-bosco-delle-castagne\/","og_locale":"fr_FR","og_type":"article","og_title":"Il sindaco Jacopo Massaro e il presidente dell'Anpi di Trento Sandro Schmidt alla commemorazione dei 10 partigiani impiccati al Bosco delle castagne - Bellunopress - Dolomiti","og_description":"Una mattinata grigia di fine inverno ha fatto da cornice questa mattina alla cerimonia del Bosco delle castagne a Tisoi. Dove , dove 68 anni fa vennero impiccati 10 partigiani. Era l&#8217;8 marzo del 1945 quando dalla caserma D\u2019Angelo a Mussoi, dieci partigiani scortati dalla 7\u00aa compagnia del battaglione Schr\u00f6der, composto da SS altoatesini si [&hellip;]","og_url":"https:\/\/www.bellunopress.it\/fr\/2013\/03\/10\/il-sindaco-jacopo-massaro-e-il-presidente-dellanpi-di-trento-sandro-schmidt-alla-commemorazione-dei-10-partigiani-impiccati-al-bosco-delle-castagne\/","og_site_name":"Bellunopress - Dolomiti","article_publisher":"https:\/\/www.facebook.com\/profile.php?id=100008943462799","article_published_time":"2013-03-10T11:13:06+00:00","og_image":[{"url":"http:\/\/www.bellunopress.it\/wp-content\/uploads\/2013\/03\/massaro-bosco-delle-castagne.jpg","type":"","width":"","height":""}],"author":"redazione","twitter_card":"summary_large_image","twitter_creator":"@bellunopress","twitter_site":"@bellunopress","twitter_misc":{"\u00c9crit par":"redazione","Dur\u00e9e de lecture estim\u00e9e":"1 minute"},"schema":{"@context":"https:\/\/schema.org","@graph":[{"@type":"Article","@id":"https:\/\/www.bellunopress.it\/2013\/03\/10\/il-sindaco-jacopo-massaro-e-il-presidente-dellanpi-di-trento-sandro-schmidt-alla-commemorazione-dei-10-partigiani-impiccati-al-bosco-delle-castagne\/#article","isPartOf":{"@id":"https:\/\/www.bellunopress.it\/2013\/03\/10\/il-sindaco-jacopo-massaro-e-il-presidente-dellanpi-di-trento-sandro-schmidt-alla-commemorazione-dei-10-partigiani-impiccati-al-bosco-delle-castagne\/"},"author":{"name":"redazione","@id":"https:\/\/www.bellunopress.it\/#\/schema\/person\/79bb06722b37ece1c03d3e94beb30d73"},"headline":"Il sindaco Jacopo Massaro e il presidente dell&#8217;Anpi di Trento Sandro Schmidt alla commemorazione dei 10 partigiani impiccati al Bosco delle castagne","datePublished":"2013-03-10T11:13:06+00:00","mainEntityOfPage":{"@id":"https:\/\/www.bellunopress.it\/2013\/03\/10\/il-sindaco-jacopo-massaro-e-il-presidente-dellanpi-di-trento-sandro-schmidt-alla-commemorazione-dei-10-partigiani-impiccati-al-bosco-delle-castagne\/"},"wordCount":322,"publisher":{"@id":"https:\/\/www.bellunopress.it\/#organization"},"image":{"@id":"https:\/\/www.bellunopress.it\/2013\/03\/10\/il-sindaco-jacopo-massaro-e-il-presidente-dellanpi-di-trento-sandro-schmidt-alla-commemorazione-dei-10-partigiani-impiccati-al-bosco-delle-castagne\/#primaryimage"},"thumbnailUrl":"http:\/\/www.bellunopress.it\/wp-content\/uploads\/2013\/03\/massaro-bosco-delle-castagne.jpg","articleSection":["Lettere Opinioni"],"inLanguage":"fr-FR"},{"@type":"WebPage","@id":"https:\/\/www.bellunopress.it\/2013\/03\/10\/il-sindaco-jacopo-massaro-e-il-presidente-dellanpi-di-trento-sandro-schmidt-alla-commemorazione-dei-10-partigiani-impiccati-al-bosco-delle-castagne\/","url":"https:\/\/www.bellunopress.it\/2013\/03\/10\/il-sindaco-jacopo-massaro-e-il-presidente-dellanpi-di-trento-sandro-schmidt-alla-commemorazione-dei-10-partigiani-impiccati-al-bosco-delle-castagne\/","name":"Il sindaco Jacopo Massaro e il presidente dell'Anpi di Trento Sandro Schmidt alla commemorazione dei 10 partigiani impiccati al Bosco delle castagne - Bellunopress - Dolomiti","isPartOf":{"@id":"https:\/\/www.bellunopress.it\/#website"},"primaryImageOfPage":{"@id":"https:\/\/www.bellunopress.it\/2013\/03\/10\/il-sindaco-jacopo-massaro-e-il-presidente-dellanpi-di-trento-sandro-schmidt-alla-commemorazione-dei-10-partigiani-impiccati-al-bosco-delle-castagne\/#primaryimage"},"image":{"@id":"https:\/\/www.bellunopress.it\/2013\/03\/10\/il-sindaco-jacopo-massaro-e-il-presidente-dellanpi-di-trento-sandro-schmidt-alla-commemorazione-dei-10-partigiani-impiccati-al-bosco-delle-castagne\/#primaryimage"},"thumbnailUrl":"http:\/\/www.bellunopress.it\/wp-content\/uploads\/2013\/03\/massaro-bosco-delle-castagne.jpg","datePublished":"2013-03-10T11:13:06+00:00","breadcrumb":{"@id":"https:\/\/www.bellunopress.it\/2013\/03\/10\/il-sindaco-jacopo-massaro-e-il-presidente-dellanpi-di-trento-sandro-schmidt-alla-commemorazione-dei-10-partigiani-impiccati-al-bosco-delle-castagne\/#breadcrumb"},"inLanguage":"fr-FR","potentialAction":[{"@type":"ReadAction","target":["https:\/\/www.bellunopress.it\/2013\/03\/10\/il-sindaco-jacopo-massaro-e-il-presidente-dellanpi-di-trento-sandro-schmidt-alla-commemorazione-dei-10-partigiani-impiccati-al-bosco-delle-castagne\/"]}]},{"@type":"ImageObject","inLanguage":"fr-FR","@id":"https:\/\/www.bellunopress.it\/2013\/03\/10\/il-sindaco-jacopo-massaro-e-il-presidente-dellanpi-di-trento-sandro-schmidt-alla-commemorazione-dei-10-partigiani-impiccati-al-bosco-delle-castagne\/#primaryimage","url":"http:\/\/www.bellunopress.it\/wp-content\/uploads\/2013\/03\/massaro-bosco-delle-castagne.jpg","contentUrl":"http:\/\/www.bellunopress.it\/wp-content\/uploads\/2013\/03\/massaro-bosco-delle-castagne.jpg"},{"@type":"BreadcrumbList","@id":"https:\/\/www.bellunopress.it\/2013\/03\/10\/il-sindaco-jacopo-massaro-e-il-presidente-dellanpi-di-trento-sandro-schmidt-alla-commemorazione-dei-10-partigiani-impiccati-al-bosco-delle-castagne\/#breadcrumb","itemListElement":[{"@type":"ListItem","position":1,"name":"Home","item":"https:\/\/www.bellunopress.it\/"},{"@type":"ListItem","position":2,"name":"Il sindaco Jacopo Massaro e il presidente dell&#8217;Anpi di Trento Sandro Schmidt alla commemorazione dei 10 partigiani impiccati al Bosco delle castagne"}]},{"@type":"WebSite","@id":"https:\/\/www.bellunopress.it\/#website","url":"https:\/\/www.bellunopress.it\/","name":"Bellunopress - Dolomiti","description":"e-mail: redazione@bellunopress.it","publisher":{"@id":"https:\/\/www.bellunopress.it\/#organization"},"potentialAction":[{"@type":"SearchAction","target":{"@type":"EntryPoint","urlTemplate":"https:\/\/www.bellunopress.it\/?s={search_term_string}"},"query-input":{"@type":"PropertyValueSpecification","valueRequired":true,"valueName":"search_term_string"}}],"inLanguage":"fr-FR"},{"@type":"Organization","@id":"https:\/\/www.bellunopress.it\/#organization","name":"Bellunopress","url":"https:\/\/www.bellunopress.it\/","logo":{"@type":"ImageObject","inLanguage":"fr-FR","@id":"https:\/\/www.bellunopress.it\/#\/schema\/logo\/image\/","url":"https:\/\/www.bellunopress.it\/wp-content\/uploads\/2011\/05\/cropped-logo-bellunopress-.jpg","contentUrl":"https:\/\/www.bellunopress.it\/wp-content\/uploads\/2011\/05\/cropped-logo-bellunopress-.jpg","width":512,"height":512,"caption":"Bellunopress"},"image":{"@id":"https:\/\/www.bellunopress.it\/#\/schema\/logo\/image\/"},"sameAs":["https:\/\/www.facebook.com\/profile.php?id=100008943462799","https:\/\/x.com\/bellunopress","https:\/\/www.linkedin.com\/hp\/?dnr=JBzUWaJfMUw8vbXJJ2tVW5-I3jZKvC4wsoxE&amp;amp;amp;amp;amp;amp;trk=nav_responsive_tab_home","https:\/\/www.youtube.com\/channel\/UCxL0wu1uN0_3_7hGG0306cw"]},{"@type":"Person","@id":"https:\/\/www.bellunopress.it\/#\/schema\/person\/79bb06722b37ece1c03d3e94beb30d73","name":"r\u00e9daction","image":{"@type":"ImageObject","inLanguage":"fr-FR","@id":"https:\/\/secure.gravatar.com\/avatar\/37d968a2e67a6fd04c169c4bdef102d0bc5d31b2546345219e348575eb80e9a0?s=96&d=mm&r=g","url":"https:\/\/secure.gravatar.com\/avatar\/37d968a2e67a6fd04c169c4bdef102d0bc5d31b2546345219e348575eb80e9a0?s=96&d=mm&r=g","contentUrl":"https:\/\/secure.gravatar.com\/avatar\/37d968a2e67a6fd04c169c4bdef102d0bc5d31b2546345219e348575eb80e9a0?s=96&d=mm&r=g","caption":"redazione"},"sameAs":["http:\/\/www.bellunopress.it","https:\/\/x.com\/bellunopress"],"url":"https:\/\/www.bellunopress.it\/fr\/author\/redazione\/"}]}},"_links":{"self":[{"href":"https:\/\/www.bellunopress.it\/fr\/wp-json\/wp\/v2\/posts\/47499","targetHints":{"allow":["GET"]}}],"collection":[{"href":"https:\/\/www.bellunopress.it\/fr\/wp-json\/wp\/v2\/posts"}],"about":[{"href":"https:\/\/www.bellunopress.it\/fr\/wp-json\/wp\/v2\/types\/post"}],"author":[{"embeddable":true,"href":"https:\/\/www.bellunopress.it\/fr\/wp-json\/wp\/v2\/users\/2"}],"replies":[{"embeddable":true,"href":"https:\/\/www.bellunopress.it\/fr\/wp-json\/wp\/v2\/comments?post=47499"}],"version-history":[{"count":1,"href":"https:\/\/www.bellunopress.it\/fr\/wp-json\/wp\/v2\/posts\/47499\/revisions"}],"predecessor-version":[{"id":47501,"href":"https:\/\/www.bellunopress.it\/fr\/wp-json\/wp\/v2\/posts\/47499\/revisions\/47501"}],"wp:attachment":[{"href":"https:\/\/www.bellunopress.it\/fr\/wp-json\/wp\/v2\/media?parent=47499"}],"wp:term":[{"taxonomy":"category","embeddable":true,"href":"https:\/\/www.bellunopress.it\/fr\/wp-json\/wp\/v2\/categories?post=47499"},{"taxonomy":"post_tag","embeddable":true,"href":"https:\/\/www.bellunopress.it\/fr\/wp-json\/wp\/v2\/tags?post=47499"}],"curies":[{"name":"wp","href":"https:\/\/api.w.org\/{rel}","templated":true}]}}