{"id":47491,"date":"2013-03-10T10:22:58","date_gmt":"2013-03-10T09:22:58","guid":{"rendered":"http:\/\/www.bellunopress.it\/?p=47491"},"modified":"2013-03-10T10:22:58","modified_gmt":"2013-03-10T09:22:58","slug":"in-rete-il-portale-degli-eventi-celebrativi-per-il-50-vajont-www-vajont50-it","status":"publish","type":"post","link":"https:\/\/www.bellunopress.it\/fr\/2013\/03\/10\/in-rete-il-portale-degli-eventi-celebrativi-per-il-50-vajont-www-vajont50-it\/","title":{"rendered":"In rete il portale degli eventi celebrativi per il 50\u00b0 Vajont: www.vajont50.it"},"content":{"rendered":"<p><a href=\"http:\/\/www.bellunopress.it\/wp-content\/uploads\/2013\/03\/vajont.jpg\"><img loading=\"lazy\" decoding=\"async\" class=\"alignleft size-thumbnail wp-image-47215\" alt=\"vajont\" src=\"http:\/\/www.bellunopress.it\/wp-content\/uploads\/2013\/03\/vajont-70x150.jpg\" width=\"70\" height=\"150\" \/><\/a>Il sito internet nasce come riferimento principale ed ufficiale per quanto riguarda tutto ci\u00f2 che ruota intorno al 50\u00b0 anniversario del Vajont, con una piccola sezione storica, dove trova spazio una breve descrizione degli eventi culminati nella frana del Monte Toc e la conseguente devastazione, una galleria fotografica che verr\u00e0 costantemente aggiornata seguendo gli eventi in programma, una newsletter cui \u00e8 possibile iscriversi gi\u00e0 da subito ed una sezione strutturata per contattare l\u2019organizzazione degli eventi ed ottenere eventuali informazioni sulle attivit\u00e0 svolte.<\/p>\n<p>Sul sito si potr\u00e0 trovare un elenco delle manifestazioni organizzate nei Comuni colpiti dalla tragedia; inoltre si troveranno tutti gli eventi che altre istituzioni, associazioni o gruppi di cittadini stanno facendo sorgere spontaneamente in molte parti d\u2019Italia e sui luoghi della catastrofe. L\u2019elenco sar\u00e0 quindi progressivamente ampliato e modificato per poter accogliere le iniziative che di volta in volta giungeranno ai Sindaci dei Comuni di Longarone, Erto e Casso, Castellavazzo e Vajont..<\/p>\n<p>Questo strumento si unisce alla fanpage di Facebook e al profilo Twitter, gi\u00e0 lanciati un mese fa, e completa la struttura di comunicazione e divulgazione degli eventi che sino a fine 2013 caratterizzeranno il cinquantesimo anniversario del Vajont.<\/p>\n<p>&nbsp;<\/p>","protected":false},"excerpt":{"rendered":"<p>Il sito internet nasce come riferimento principale ed ufficiale per quanto riguarda tutto ci\u00f2 che ruota intorno al 50\u00b0 anniversario del Vajont, con una piccola sezione storica, dove trova spazio una breve descrizione degli eventi culminati nella frana del Monte Toc e la conseguente devastazione, una galleria fotografica che verr\u00e0 costantemente aggiornata seguendo gli eventi [&hellip;]<\/p>\n","protected":false},"author":2,"featured_media":0,"comment_status":"closed","ping_status":"open","sticky":false,"template":"","format":"standard","meta":{"footnotes":""},"categories":[26,8],"tags":[],"class_list":["post-47491","post","type-post","status-publish","format-standard","category-prima-pagina","category-societa-istituzioni"],"yoast_head":"<!-- This site is optimized with the Yoast SEO plugin v28.4 - https:\/\/yoast.com\/product\/yoast-seo-wordpress\/ -->\n<title>In rete il portale degli eventi celebrativi per il 50\u00b0 Vajont: www.vajont50.it - Bellunopress - Dolomiti<\/title>\n<meta name=\"robots\" content=\"index, follow, max-snippet:-1, max-image-preview:large, max-video-preview:-1\" \/>\n<link rel=\"canonical\" href=\"https:\/\/www.bellunopress.it\/fr\/2013\/03\/10\/in-rete-il-portale-degli-eventi-celebrativi-per-il-50-vajont-www-vajont50-it\/\" \/>\n<meta property=\"og:locale\" content=\"fr_FR\" \/>\n<meta property=\"og:type\" content=\"article\" \/>\n<meta property=\"og:title\" content=\"In rete il portale degli eventi celebrativi per il 50\u00b0 Vajont: www.vajont50.it - Bellunopress - Dolomiti\" \/>\n<meta property=\"og:description\" content=\"Il sito internet nasce come riferimento principale ed ufficiale per quanto riguarda tutto ci\u00f2 che ruota intorno al 50\u00b0 anniversario del Vajont, con una piccola sezione storica, dove trova spazio una breve descrizione degli eventi culminati nella frana del Monte Toc e la conseguente devastazione, una galleria fotografica che verr\u00e0 costantemente aggiornata seguendo gli eventi [&hellip;]\" \/>\n<meta property=\"og:url\" content=\"https:\/\/www.bellunopress.it\/fr\/2013\/03\/10\/in-rete-il-portale-degli-eventi-celebrativi-per-il-50-vajont-www-vajont50-it\/\" \/>\n<meta property=\"og:site_name\" content=\"Bellunopress - Dolomiti\" \/>\n<meta property=\"article:publisher\" content=\"https:\/\/www.facebook.com\/profile.php?id=100008943462799\" \/>\n<meta property=\"article:published_time\" content=\"2013-03-10T09:22:58+00:00\" \/>\n<meta property=\"og:image\" content=\"http:\/\/www.bellunopress.it\/wp-content\/uploads\/2013\/03\/vajont-70x150.jpg\" \/>\n<meta name=\"author\" content=\"redazione\" \/>\n<meta name=\"twitter:card\" content=\"summary_large_image\" \/>\n<meta name=\"twitter:creator\" content=\"@bellunopress\" \/>\n<meta name=\"twitter:site\" content=\"@bellunopress\" \/>\n<meta name=\"twitter:label1\" content=\"Written by\" \/>\n\t<meta name=\"twitter:data1\" content=\"redazione\" \/>\n\t<meta name=\"twitter:label2\" content=\"Est. reading time\" \/>\n\t<meta name=\"twitter:data2\" content=\"1 minute\" \/>\n<script type=\"application\/ld+json\" class=\"yoast-schema-graph\">{\"@context\":\"https:\\\/\\\/schema.org\",\"@graph\":[{\"@type\":\"Article\",\"@id\":\"https:\\\/\\\/www.bellunopress.it\\\/2013\\\/03\\\/10\\\/in-rete-il-portale-degli-eventi-celebrativi-per-il-50-vajont-www-vajont50-it\\\/#article\",\"isPartOf\":{\"@id\":\"https:\\\/\\\/www.bellunopress.it\\\/2013\\\/03\\\/10\\\/in-rete-il-portale-degli-eventi-celebrativi-per-il-50-vajont-www-vajont50-it\\\/\"},\"author\":{\"name\":\"redazione\",\"@id\":\"https:\\\/\\\/www.bellunopress.it\\\/#\\\/schema\\\/person\\\/79bb06722b37ece1c03d3e94beb30d73\"},\"headline\":\"In rete il portale degli eventi celebrativi per il 50\u00b0 Vajont: www.vajont50.it\",\"datePublished\":\"2013-03-10T09:22:58+00:00\",\"mainEntityOfPage\":{\"@id\":\"https:\\\/\\\/www.bellunopress.it\\\/2013\\\/03\\\/10\\\/in-rete-il-portale-degli-eventi-celebrativi-per-il-50-vajont-www-vajont50-it\\\/\"},\"wordCount\":206,\"publisher\":{\"@id\":\"https:\\\/\\\/www.bellunopress.it\\\/#organization\"},\"image\":{\"@id\":\"https:\\\/\\\/www.bellunopress.it\\\/2013\\\/03\\\/10\\\/in-rete-il-portale-degli-eventi-celebrativi-per-il-50-vajont-www-vajont50-it\\\/#primaryimage\"},\"thumbnailUrl\":\"http:\\\/\\\/www.bellunopress.it\\\/wp-content\\\/uploads\\\/2013\\\/03\\\/vajont-70x150.jpg\",\"articleSection\":[\"Prima Pagina\",\"Societ\u00e0, Associazioni, Istituzioni\"],\"inLanguage\":\"fr-FR\"},{\"@type\":\"WebPage\",\"@id\":\"https:\\\/\\\/www.bellunopress.it\\\/2013\\\/03\\\/10\\\/in-rete-il-portale-degli-eventi-celebrativi-per-il-50-vajont-www-vajont50-it\\\/\",\"url\":\"https:\\\/\\\/www.bellunopress.it\\\/2013\\\/03\\\/10\\\/in-rete-il-portale-degli-eventi-celebrativi-per-il-50-vajont-www-vajont50-it\\\/\",\"name\":\"In rete il portale degli eventi celebrativi per il 50\u00b0 Vajont: www.vajont50.it - Bellunopress - Dolomiti\",\"isPartOf\":{\"@id\":\"https:\\\/\\\/www.bellunopress.it\\\/#website\"},\"primaryImageOfPage\":{\"@id\":\"https:\\\/\\\/www.bellunopress.it\\\/2013\\\/03\\\/10\\\/in-rete-il-portale-degli-eventi-celebrativi-per-il-50-vajont-www-vajont50-it\\\/#primaryimage\"},\"image\":{\"@id\":\"https:\\\/\\\/www.bellunopress.it\\\/2013\\\/03\\\/10\\\/in-rete-il-portale-degli-eventi-celebrativi-per-il-50-vajont-www-vajont50-it\\\/#primaryimage\"},\"thumbnailUrl\":\"http:\\\/\\\/www.bellunopress.it\\\/wp-content\\\/uploads\\\/2013\\\/03\\\/vajont-70x150.jpg\",\"datePublished\":\"2013-03-10T09:22:58+00:00\",\"breadcrumb\":{\"@id\":\"https:\\\/\\\/www.bellunopress.it\\\/2013\\\/03\\\/10\\\/in-rete-il-portale-degli-eventi-celebrativi-per-il-50-vajont-www-vajont50-it\\\/#breadcrumb\"},\"inLanguage\":\"fr-FR\",\"potentialAction\":[{\"@type\":\"ReadAction\",\"target\":[\"https:\\\/\\\/www.bellunopress.it\\\/2013\\\/03\\\/10\\\/in-rete-il-portale-degli-eventi-celebrativi-per-il-50-vajont-www-vajont50-it\\\/\"]}]},{\"@type\":\"ImageObject\",\"inLanguage\":\"fr-FR\",\"@id\":\"https:\\\/\\\/www.bellunopress.it\\\/2013\\\/03\\\/10\\\/in-rete-il-portale-degli-eventi-celebrativi-per-il-50-vajont-www-vajont50-it\\\/#primaryimage\",\"url\":\"http:\\\/\\\/www.bellunopress.it\\\/wp-content\\\/uploads\\\/2013\\\/03\\\/vajont-70x150.jpg\",\"contentUrl\":\"http:\\\/\\\/www.bellunopress.it\\\/wp-content\\\/uploads\\\/2013\\\/03\\\/vajont-70x150.jpg\"},{\"@type\":\"BreadcrumbList\",\"@id\":\"https:\\\/\\\/www.bellunopress.it\\\/2013\\\/03\\\/10\\\/in-rete-il-portale-degli-eventi-celebrativi-per-il-50-vajont-www-vajont50-it\\\/#breadcrumb\",\"itemListElement\":[{\"@type\":\"ListItem\",\"position\":1,\"name\":\"Home\",\"item\":\"https:\\\/\\\/www.bellunopress.it\\\/\"},{\"@type\":\"ListItem\",\"position\":2,\"name\":\"In rete il portale degli eventi celebrativi per il 50\u00b0 Vajont: www.vajont50.it\"}]},{\"@type\":\"WebSite\",\"@id\":\"https:\\\/\\\/www.bellunopress.it\\\/#website\",\"url\":\"https:\\\/\\\/www.bellunopress.it\\\/\",\"name\":\"Bellunopress - Dolomiti\",\"description\":\"e-mail: redazione@bellunopress.it\",\"publisher\":{\"@id\":\"https:\\\/\\\/www.bellunopress.it\\\/#organization\"},\"potentialAction\":[{\"@type\":\"SearchAction\",\"target\":{\"@type\":\"EntryPoint\",\"urlTemplate\":\"https:\\\/\\\/www.bellunopress.it\\\/?s={search_term_string}\"},\"query-input\":{\"@type\":\"PropertyValueSpecification\",\"valueRequired\":true,\"valueName\":\"search_term_string\"}}],\"inLanguage\":\"fr-FR\"},{\"@type\":\"Organization\",\"@id\":\"https:\\\/\\\/www.bellunopress.it\\\/#organization\",\"name\":\"Bellunopress\",\"url\":\"https:\\\/\\\/www.bellunopress.it\\\/\",\"logo\":{\"@type\":\"ImageObject\",\"inLanguage\":\"fr-FR\",\"@id\":\"https:\\\/\\\/www.bellunopress.it\\\/#\\\/schema\\\/logo\\\/image\\\/\",\"url\":\"https:\\\/\\\/www.bellunopress.it\\\/wp-content\\\/uploads\\\/2011\\\/05\\\/cropped-logo-bellunopress-.jpg\",\"contentUrl\":\"https:\\\/\\\/www.bellunopress.it\\\/wp-content\\\/uploads\\\/2011\\\/05\\\/cropped-logo-bellunopress-.jpg\",\"width\":512,\"height\":512,\"caption\":\"Bellunopress\"},\"image\":{\"@id\":\"https:\\\/\\\/www.bellunopress.it\\\/#\\\/schema\\\/logo\\\/image\\\/\"},\"sameAs\":[\"https:\\\/\\\/www.facebook.com\\\/profile.php?id=100008943462799\",\"https:\\\/\\\/x.com\\\/bellunopress\",\"https:\\\/\\\/www.linkedin.com\\\/hp\\\/?dnr=JBzUWaJfMUw8vbXJJ2tVW5-I3jZKvC4wsoxE&amp;amp;amp;amp;amp;amp;trk=nav_responsive_tab_home\",\"https:\\\/\\\/www.youtube.com\\\/channel\\\/UCxL0wu1uN0_3_7hGG0306cw\"]},{\"@type\":\"Person\",\"@id\":\"https:\\\/\\\/www.bellunopress.it\\\/#\\\/schema\\\/person\\\/79bb06722b37ece1c03d3e94beb30d73\",\"name\":\"redazione\",\"image\":{\"@type\":\"ImageObject\",\"inLanguage\":\"fr-FR\",\"@id\":\"https:\\\/\\\/secure.gravatar.com\\\/avatar\\\/37d968a2e67a6fd04c169c4bdef102d0bc5d31b2546345219e348575eb80e9a0?s=96&d=mm&r=g\",\"url\":\"https:\\\/\\\/secure.gravatar.com\\\/avatar\\\/37d968a2e67a6fd04c169c4bdef102d0bc5d31b2546345219e348575eb80e9a0?s=96&d=mm&r=g\",\"contentUrl\":\"https:\\\/\\\/secure.gravatar.com\\\/avatar\\\/37d968a2e67a6fd04c169c4bdef102d0bc5d31b2546345219e348575eb80e9a0?s=96&d=mm&r=g\",\"caption\":\"redazione\"},\"sameAs\":[\"http:\\\/\\\/www.bellunopress.it\",\"https:\\\/\\\/x.com\\\/bellunopress\"],\"url\":\"https:\\\/\\\/www.bellunopress.it\\\/fr\\\/author\\\/redazione\\\/\"}]}<\/script>\n<!-- \/ Yoast SEO plugin. -->","yoast_head_json":{"title":"In rete il portale degli eventi celebrativi per il 50\u00b0 Vajont: www.vajont50.it - Bellunopress - Dolomiti","robots":{"index":"index","follow":"follow","max-snippet":"max-snippet:-1","max-image-preview":"max-image-preview:large","max-video-preview":"max-video-preview:-1"},"canonical":"https:\/\/www.bellunopress.it\/fr\/2013\/03\/10\/in-rete-il-portale-degli-eventi-celebrativi-per-il-50-vajont-www-vajont50-it\/","og_locale":"fr_FR","og_type":"article","og_title":"In rete il portale degli eventi celebrativi per il 50\u00b0 Vajont: www.vajont50.it - Bellunopress - Dolomiti","og_description":"Il sito internet nasce come riferimento principale ed ufficiale per quanto riguarda tutto ci\u00f2 che ruota intorno al 50\u00b0 anniversario del Vajont, con una piccola sezione storica, dove trova spazio una breve descrizione degli eventi culminati nella frana del Monte Toc e la conseguente devastazione, una galleria fotografica che verr\u00e0 costantemente aggiornata seguendo gli eventi [&hellip;]","og_url":"https:\/\/www.bellunopress.it\/fr\/2013\/03\/10\/in-rete-il-portale-degli-eventi-celebrativi-per-il-50-vajont-www-vajont50-it\/","og_site_name":"Bellunopress - Dolomiti","article_publisher":"https:\/\/www.facebook.com\/profile.php?id=100008943462799","article_published_time":"2013-03-10T09:22:58+00:00","og_image":[{"url":"http:\/\/www.bellunopress.it\/wp-content\/uploads\/2013\/03\/vajont-70x150.jpg","type":"","width":"","height":""}],"author":"redazione","twitter_card":"summary_large_image","twitter_creator":"@bellunopress","twitter_site":"@bellunopress","twitter_misc":{"Written by":"redazione","Est. reading time":"1 minute"},"schema":{"@context":"https:\/\/schema.org","@graph":[{"@type":"Article","@id":"https:\/\/www.bellunopress.it\/2013\/03\/10\/in-rete-il-portale-degli-eventi-celebrativi-per-il-50-vajont-www-vajont50-it\/#article","isPartOf":{"@id":"https:\/\/www.bellunopress.it\/2013\/03\/10\/in-rete-il-portale-degli-eventi-celebrativi-per-il-50-vajont-www-vajont50-it\/"},"author":{"name":"redazione","@id":"https:\/\/www.bellunopress.it\/#\/schema\/person\/79bb06722b37ece1c03d3e94beb30d73"},"headline":"In rete il portale degli eventi celebrativi per il 50\u00b0 Vajont: www.vajont50.it","datePublished":"2013-03-10T09:22:58+00:00","mainEntityOfPage":{"@id":"https:\/\/www.bellunopress.it\/2013\/03\/10\/in-rete-il-portale-degli-eventi-celebrativi-per-il-50-vajont-www-vajont50-it\/"},"wordCount":206,"publisher":{"@id":"https:\/\/www.bellunopress.it\/#organization"},"image":{"@id":"https:\/\/www.bellunopress.it\/2013\/03\/10\/in-rete-il-portale-degli-eventi-celebrativi-per-il-50-vajont-www-vajont50-it\/#primaryimage"},"thumbnailUrl":"http:\/\/www.bellunopress.it\/wp-content\/uploads\/2013\/03\/vajont-70x150.jpg","articleSection":["Prima Pagina","Societ\u00e0, Associazioni, Istituzioni"],"inLanguage":"fr-FR"},{"@type":"WebPage","@id":"https:\/\/www.bellunopress.it\/2013\/03\/10\/in-rete-il-portale-degli-eventi-celebrativi-per-il-50-vajont-www-vajont50-it\/","url":"https:\/\/www.bellunopress.it\/2013\/03\/10\/in-rete-il-portale-degli-eventi-celebrativi-per-il-50-vajont-www-vajont50-it\/","name":"In rete il portale degli eventi celebrativi per il 50\u00b0 Vajont: www.vajont50.it - Bellunopress - Dolomiti","isPartOf":{"@id":"https:\/\/www.bellunopress.it\/#website"},"primaryImageOfPage":{"@id":"https:\/\/www.bellunopress.it\/2013\/03\/10\/in-rete-il-portale-degli-eventi-celebrativi-per-il-50-vajont-www-vajont50-it\/#primaryimage"},"image":{"@id":"https:\/\/www.bellunopress.it\/2013\/03\/10\/in-rete-il-portale-degli-eventi-celebrativi-per-il-50-vajont-www-vajont50-it\/#primaryimage"},"thumbnailUrl":"http:\/\/www.bellunopress.it\/wp-content\/uploads\/2013\/03\/vajont-70x150.jpg","datePublished":"2013-03-10T09:22:58+00:00","breadcrumb":{"@id":"https:\/\/www.bellunopress.it\/2013\/03\/10\/in-rete-il-portale-degli-eventi-celebrativi-per-il-50-vajont-www-vajont50-it\/#breadcrumb"},"inLanguage":"fr-FR","potentialAction":[{"@type":"ReadAction","target":["https:\/\/www.bellunopress.it\/2013\/03\/10\/in-rete-il-portale-degli-eventi-celebrativi-per-il-50-vajont-www-vajont50-it\/"]}]},{"@type":"ImageObject","inLanguage":"fr-FR","@id":"https:\/\/www.bellunopress.it\/2013\/03\/10\/in-rete-il-portale-degli-eventi-celebrativi-per-il-50-vajont-www-vajont50-it\/#primaryimage","url":"http:\/\/www.bellunopress.it\/wp-content\/uploads\/2013\/03\/vajont-70x150.jpg","contentUrl":"http:\/\/www.bellunopress.it\/wp-content\/uploads\/2013\/03\/vajont-70x150.jpg"},{"@type":"BreadcrumbList","@id":"https:\/\/www.bellunopress.it\/2013\/03\/10\/in-rete-il-portale-degli-eventi-celebrativi-per-il-50-vajont-www-vajont50-it\/#breadcrumb","itemListElement":[{"@type":"ListItem","position":1,"name":"Home","item":"https:\/\/www.bellunopress.it\/"},{"@type":"ListItem","position":2,"name":"In rete il portale degli eventi celebrativi per il 50\u00b0 Vajont: www.vajont50.it"}]},{"@type":"WebSite","@id":"https:\/\/www.bellunopress.it\/#website","url":"https:\/\/www.bellunopress.it\/","name":"Bellunopress - Dolomiti","description":"e-mail: redazione@bellunopress.it","publisher":{"@id":"https:\/\/www.bellunopress.it\/#organization"},"potentialAction":[{"@type":"SearchAction","target":{"@type":"EntryPoint","urlTemplate":"https:\/\/www.bellunopress.it\/?s={search_term_string}"},"query-input":{"@type":"PropertyValueSpecification","valueRequired":true,"valueName":"search_term_string"}}],"inLanguage":"fr-FR"},{"@type":"Organization","@id":"https:\/\/www.bellunopress.it\/#organization","name":"Bellunopress","url":"https:\/\/www.bellunopress.it\/","logo":{"@type":"ImageObject","inLanguage":"fr-FR","@id":"https:\/\/www.bellunopress.it\/#\/schema\/logo\/image\/","url":"https:\/\/www.bellunopress.it\/wp-content\/uploads\/2011\/05\/cropped-logo-bellunopress-.jpg","contentUrl":"https:\/\/www.bellunopress.it\/wp-content\/uploads\/2011\/05\/cropped-logo-bellunopress-.jpg","width":512,"height":512,"caption":"Bellunopress"},"image":{"@id":"https:\/\/www.bellunopress.it\/#\/schema\/logo\/image\/"},"sameAs":["https:\/\/www.facebook.com\/profile.php?id=100008943462799","https:\/\/x.com\/bellunopress","https:\/\/www.linkedin.com\/hp\/?dnr=JBzUWaJfMUw8vbXJJ2tVW5-I3jZKvC4wsoxE&amp;amp;amp;amp;amp;amp;trk=nav_responsive_tab_home","https:\/\/www.youtube.com\/channel\/UCxL0wu1uN0_3_7hGG0306cw"]},{"@type":"Person","@id":"https:\/\/www.bellunopress.it\/#\/schema\/person\/79bb06722b37ece1c03d3e94beb30d73","name":"r\u00e9daction","image":{"@type":"ImageObject","inLanguage":"fr-FR","@id":"https:\/\/secure.gravatar.com\/avatar\/37d968a2e67a6fd04c169c4bdef102d0bc5d31b2546345219e348575eb80e9a0?s=96&d=mm&r=g","url":"https:\/\/secure.gravatar.com\/avatar\/37d968a2e67a6fd04c169c4bdef102d0bc5d31b2546345219e348575eb80e9a0?s=96&d=mm&r=g","contentUrl":"https:\/\/secure.gravatar.com\/avatar\/37d968a2e67a6fd04c169c4bdef102d0bc5d31b2546345219e348575eb80e9a0?s=96&d=mm&r=g","caption":"redazione"},"sameAs":["http:\/\/www.bellunopress.it","https:\/\/x.com\/bellunopress"],"url":"https:\/\/www.bellunopress.it\/fr\/author\/redazione\/"}]}},"_links":{"self":[{"href":"https:\/\/www.bellunopress.it\/fr\/wp-json\/wp\/v2\/posts\/47491","targetHints":{"allow":["GET"]}}],"collection":[{"href":"https:\/\/www.bellunopress.it\/fr\/wp-json\/wp\/v2\/posts"}],"about":[{"href":"https:\/\/www.bellunopress.it\/fr\/wp-json\/wp\/v2\/types\/post"}],"author":[{"embeddable":true,"href":"https:\/\/www.bellunopress.it\/fr\/wp-json\/wp\/v2\/users\/2"}],"replies":[{"embeddable":true,"href":"https:\/\/www.bellunopress.it\/fr\/wp-json\/wp\/v2\/comments?post=47491"}],"version-history":[{"count":1,"href":"https:\/\/www.bellunopress.it\/fr\/wp-json\/wp\/v2\/posts\/47491\/revisions"}],"predecessor-version":[{"id":47492,"href":"https:\/\/www.bellunopress.it\/fr\/wp-json\/wp\/v2\/posts\/47491\/revisions\/47492"}],"wp:attachment":[{"href":"https:\/\/www.bellunopress.it\/fr\/wp-json\/wp\/v2\/media?parent=47491"}],"wp:term":[{"taxonomy":"category","embeddable":true,"href":"https:\/\/www.bellunopress.it\/fr\/wp-json\/wp\/v2\/categories?post=47491"},{"taxonomy":"post_tag","embeddable":true,"href":"https:\/\/www.bellunopress.it\/fr\/wp-json\/wp\/v2\/tags?post=47491"}],"curies":[{"name":"wp","href":"https:\/\/api.w.org\/{rel}","templated":true}]}}