{"id":47478,"date":"2013-03-09T18:44:56","date_gmt":"2013-03-09T17:44:56","guid":{"rendered":"http:\/\/www.bellunopress.it\/?p=47478"},"modified":"2013-03-09T18:44:56","modified_gmt":"2013-03-09T17:44:56","slug":"sanita-bellunese-a-un-bivio-unificazione-delle-due-uls-belluno-e-feltre-oppure-diventare-entrambi-periferia-di-treviso","status":"publish","type":"post","link":"https:\/\/www.bellunopress.it\/fr\/2013\/03\/09\/sanita-bellunese-a-un-bivio-unificazione-delle-due-uls-belluno-e-feltre-oppure-diventare-entrambi-periferia-di-treviso\/","title":{"rendered":"Sanit\u00e0 bellunese a un bivio: unificazione delle due Uls Belluno e Feltre, oppure diventare entrambi periferia di Treviso"},"content":{"rendered":"<figure id=\"attachment_39776\" aria-describedby=\"caption-attachment-39776\" style=\"width: 150px\" class=\"wp-caption alignleft\"><a href=\"http:\/\/www.bellunopress.it\/wp-content\/uploads\/2012\/07\/Tomaso-Zampieri.jpg\"><img loading=\"lazy\" decoding=\"async\" class=\"size-thumbnail wp-image-39776\" alt=\"Tomaso Zampieri\" src=\"http:\/\/www.bellunopress.it\/wp-content\/uploads\/2012\/07\/Tomaso-Zampieri-150x150.jpg\" width=\"150\" height=\"150\" \/><\/a><figcaption id=\"caption-attachment-39776\" class=\"wp-caption-text\">Tomaso Zampieri<\/figcaption><\/figure>\n<p>Nel dibattito relativo all\u2019ordine del giorno sull\u2019unificazione delle due Ulss, intervengono i Consiglieri De Biasi, Lecis e Zampieri (InMovimento), firmatari della mozione sulla sanit\u00e0 bellunese presentata nello stesso Consiglio Comunale.<\/p>\n<p>\u201cCrediamo vada anzitutto precisato che l\u2019ordine del giorno, presentato dal Movimento cinque stelle, \u00e8 stato votato separatamente dalla mozione sulla sanit\u00e0 presentata da noi consiglieri del gruppo di maggioranza \u201cIn Movimento\u201d. Non c\u2019\u00e8 stato alcun voto congiunto e dunque \u201cobbligato\u201d a quell\u2019ordine del giorno, come sostenuto dal gruppo del Partito Democratico\u201d, tanto \u00e8 vero che alcuni consiglieri hanno votato diversamente i due documenti\u201d.<\/p>\n<figure id=\"attachment_40652\" aria-describedby=\"caption-attachment-40652\" style=\"width: 150px\" class=\"wp-caption alignleft\"><a href=\"http:\/\/www.bellunopress.it\/wp-content\/uploads\/2012\/08\/francesca-de-biasi.jpg\"><img loading=\"lazy\" decoding=\"async\" class=\"size-thumbnail wp-image-40652\" alt=\"Francesca De Biasi\" src=\"http:\/\/www.bellunopress.it\/wp-content\/uploads\/2012\/08\/francesca-de-biasi-150x105.jpg\" width=\"150\" height=\"105\" \/><\/a><figcaption id=\"caption-attachment-40652\" class=\"wp-caption-text\">Francesca De Biasi<\/figcaption><\/figure>\n<p>\u201cIl Consiglio Comunale di Belluno ha approvato all\u2019unanimit\u00e0 sia la nostra mozione che quell\u2019ordine del giorno che non ritireremo perch\u00e9 siamo convinti del suo significato e delle motivazioni che ci hanno portati a condividerlo.<\/p>\n<p>Abbiamo ampiamente chiarito che il nostro intento era di indirizzare l\u2019azione della Giunta Massaro verso un percorso che superasse le frammentazioni campanilistiche e portasse al miglior risultato per la sanit\u00e0 della montagna bellunese. L\u2019idea di fomentare lotte intestine tra ospedali della provincia \u00e8 quanto di pi\u00f9 lontano ci sia dal nostro intento.<\/p>\n<figure id=\"attachment_44595\" aria-describedby=\"caption-attachment-44595\" style=\"width: 150px\" class=\"wp-caption alignleft\"><a href=\"http:\/\/www.bellunopress.it\/wp-content\/uploads\/2012\/12\/pierenrico-lecis.jpg\"><img loading=\"lazy\" decoding=\"async\" class=\"size-thumbnail wp-image-44595\" alt=\"Pier Enrico Lecis\" src=\"http:\/\/www.bellunopress.it\/wp-content\/uploads\/2012\/12\/pierenrico-lecis-150x150.jpg\" width=\"150\" height=\"150\" \/><\/a><figcaption id=\"caption-attachment-44595\" class=\"wp-caption-text\">Pier Enrico Lecis<\/figcaption><\/figure>\n<p>La strada dell\u2019unificazione delle due Ulss non \u00e8 solo un logico percorso di semplificazione, sul quale peraltro insiste e si concentra, nostro malgrado, l\u2019azione della Regione Veneto; \u00e8 anche e soprattutto la ricerca dell\u2019unit\u00e0 di intenti e di azioni senza la quale qualsiasi prerogativa della montagna bellunese perde di credibilit\u00e0.<\/p>\n<p>Nella prima bozza del piano socio sanitario regionale era indicato Treviso come ospedale di riferimento per la nostra provincia e oggi che invece si torna a parlare di un riferimento sul territorio provinciale davvero non \u00e8 il momento di dividersi.<\/p>\n<p>Se davvero difendiamo il diritto alla salute dei cittadini di tutta la provincia non possiamo essere miopi nel non vedere come la dicotomia delle due Ulss che si fronteggiano nel primeggiare si tradurr\u00e0 nella beffa di diventare la periferia sanitaria di Treviso.<\/p>\n<p>Unire le forze non significa disperdere la qualit\u00e0 del servizio, dividersi in questa partita dar\u00e0 invece buon gioco a chi potr\u00e0 dire no a un singolo comune piuttosto che a una intera provincia.<\/p>\n<p>Il futuro non vede vincenti e perdenti, virtuosi e spendaccioni. Un corpo \u00e8 sano se lo sono tutte le sue membra, e noi vogliamo pensare al nostro territorio provinciale come ad un corpo solo dove ogni parte contribuisce con la sua funzione unica e peculiare\u201d.<\/p>\n<p>&nbsp;<\/p>\n<p>&nbsp;<\/p>","protected":false},"excerpt":{"rendered":"<p>Nel dibattito relativo all\u2019ordine del giorno sull\u2019unificazione delle due Ulss, intervengono i Consiglieri De Biasi, Lecis e Zampieri (InMovimento), firmatari della mozione sulla sanit\u00e0 bellunese presentata nello stesso Consiglio Comunale. \u201cCrediamo vada anzitutto precisato che l\u2019ordine del giorno, presentato dal Movimento cinque stelle, \u00e8 stato votato separatamente dalla mozione sulla sanit\u00e0 presentata da noi consiglieri [&hellip;]<\/p>\n","protected":false},"author":2,"featured_media":0,"comment_status":"closed","ping_status":"open","sticky":false,"template":"","format":"standard","meta":{"footnotes":""},"categories":[5,26,17],"tags":[],"class_list":["post-47478","post","type-post","status-publish","format-standard","category-cronaca","category-prima-pagina","category-sanita"],"yoast_head":"<!-- This site is optimized with the Yoast SEO plugin v28.4 - https:\/\/yoast.com\/product\/yoast-seo-wordpress\/ -->\n<title>Sanit\u00e0 bellunese a un bivio: unificazione delle due Uls Belluno e Feltre, oppure diventare entrambi periferia di Treviso  - Bellunopress - Dolomiti<\/title>\n<meta name=\"robots\" content=\"index, follow, max-snippet:-1, max-image-preview:large, max-video-preview:-1\" \/>\n<link rel=\"canonical\" href=\"https:\/\/www.bellunopress.it\/fr\/2013\/03\/09\/sanita-bellunese-a-un-bivio-unificazione-delle-due-uls-belluno-e-feltre-oppure-diventare-entrambi-periferia-di-treviso\/\" \/>\n<meta property=\"og:locale\" content=\"fr_FR\" \/>\n<meta property=\"og:type\" content=\"article\" \/>\n<meta property=\"og:title\" content=\"Sanit\u00e0 bellunese a un bivio: unificazione delle due Uls Belluno e Feltre, oppure diventare entrambi periferia di Treviso  - Bellunopress - Dolomiti\" \/>\n<meta property=\"og:description\" content=\"Nel dibattito relativo all\u2019ordine del giorno sull\u2019unificazione delle due Ulss, intervengono i Consiglieri De Biasi, Lecis e Zampieri (InMovimento), firmatari della mozione sulla sanit\u00e0 bellunese presentata nello stesso Consiglio Comunale. \u201cCrediamo vada anzitutto precisato che l\u2019ordine del giorno, presentato dal Movimento cinque stelle, \u00e8 stato votato separatamente dalla mozione sulla sanit\u00e0 presentata da noi consiglieri [&hellip;]\" \/>\n<meta property=\"og:url\" content=\"https:\/\/www.bellunopress.it\/fr\/2013\/03\/09\/sanita-bellunese-a-un-bivio-unificazione-delle-due-uls-belluno-e-feltre-oppure-diventare-entrambi-periferia-di-treviso\/\" \/>\n<meta property=\"og:site_name\" content=\"Bellunopress - Dolomiti\" \/>\n<meta property=\"article:publisher\" content=\"https:\/\/www.facebook.com\/profile.php?id=100008943462799\" \/>\n<meta property=\"article:published_time\" content=\"2013-03-09T17:44:56+00:00\" \/>\n<meta property=\"og:image\" content=\"http:\/\/www.bellunopress.it\/wp-content\/uploads\/2012\/07\/Tomaso-Zampieri-150x150.jpg\" \/>\n<meta name=\"author\" content=\"redazione\" \/>\n<meta name=\"twitter:card\" content=\"summary_large_image\" \/>\n<meta name=\"twitter:creator\" content=\"@bellunopress\" \/>\n<meta name=\"twitter:site\" content=\"@bellunopress\" \/>\n<meta name=\"twitter:label1\" content=\"Written by\" \/>\n\t<meta name=\"twitter:data1\" content=\"redazione\" \/>\n\t<meta name=\"twitter:label2\" content=\"Est. reading time\" \/>\n\t<meta name=\"twitter:data2\" content=\"2 minutes\" \/>\n<script type=\"application\/ld+json\" class=\"yoast-schema-graph\">{\"@context\":\"https:\\\/\\\/schema.org\",\"@graph\":[{\"@type\":\"Article\",\"@id\":\"https:\\\/\\\/www.bellunopress.it\\\/2013\\\/03\\\/09\\\/sanita-bellunese-a-un-bivio-unificazione-delle-due-uls-belluno-e-feltre-oppure-diventare-entrambi-periferia-di-treviso\\\/#article\",\"isPartOf\":{\"@id\":\"https:\\\/\\\/www.bellunopress.it\\\/2013\\\/03\\\/09\\\/sanita-bellunese-a-un-bivio-unificazione-delle-due-uls-belluno-e-feltre-oppure-diventare-entrambi-periferia-di-treviso\\\/\"},\"author\":{\"name\":\"redazione\",\"@id\":\"https:\\\/\\\/www.bellunopress.it\\\/#\\\/schema\\\/person\\\/79bb06722b37ece1c03d3e94beb30d73\"},\"headline\":\"Sanit\u00e0 bellunese a un bivio: unificazione delle due Uls Belluno e Feltre, oppure diventare entrambi periferia di Treviso\",\"datePublished\":\"2013-03-09T17:44:56+00:00\",\"mainEntityOfPage\":{\"@id\":\"https:\\\/\\\/www.bellunopress.it\\\/2013\\\/03\\\/09\\\/sanita-bellunese-a-un-bivio-unificazione-delle-due-uls-belluno-e-feltre-oppure-diventare-entrambi-periferia-di-treviso\\\/\"},\"wordCount\":442,\"publisher\":{\"@id\":\"https:\\\/\\\/www.bellunopress.it\\\/#organization\"},\"image\":{\"@id\":\"https:\\\/\\\/www.bellunopress.it\\\/2013\\\/03\\\/09\\\/sanita-bellunese-a-un-bivio-unificazione-delle-due-uls-belluno-e-feltre-oppure-diventare-entrambi-periferia-di-treviso\\\/#primaryimage\"},\"thumbnailUrl\":\"http:\\\/\\\/www.bellunopress.it\\\/wp-content\\\/uploads\\\/2012\\\/07\\\/Tomaso-Zampieri-150x150.jpg\",\"articleSection\":[\"Cronaca\\\/Politica\",\"Prima Pagina\",\"Sanit\u00e0 Medicina\"],\"inLanguage\":\"fr-FR\"},{\"@type\":\"WebPage\",\"@id\":\"https:\\\/\\\/www.bellunopress.it\\\/2013\\\/03\\\/09\\\/sanita-bellunese-a-un-bivio-unificazione-delle-due-uls-belluno-e-feltre-oppure-diventare-entrambi-periferia-di-treviso\\\/\",\"url\":\"https:\\\/\\\/www.bellunopress.it\\\/2013\\\/03\\\/09\\\/sanita-bellunese-a-un-bivio-unificazione-delle-due-uls-belluno-e-feltre-oppure-diventare-entrambi-periferia-di-treviso\\\/\",\"name\":\"Sanit\u00e0 bellunese a un bivio: unificazione delle due Uls Belluno e Feltre, oppure diventare entrambi periferia di Treviso - Bellunopress - Dolomiti\",\"isPartOf\":{\"@id\":\"https:\\\/\\\/www.bellunopress.it\\\/#website\"},\"primaryImageOfPage\":{\"@id\":\"https:\\\/\\\/www.bellunopress.it\\\/2013\\\/03\\\/09\\\/sanita-bellunese-a-un-bivio-unificazione-delle-due-uls-belluno-e-feltre-oppure-diventare-entrambi-periferia-di-treviso\\\/#primaryimage\"},\"image\":{\"@id\":\"https:\\\/\\\/www.bellunopress.it\\\/2013\\\/03\\\/09\\\/sanita-bellunese-a-un-bivio-unificazione-delle-due-uls-belluno-e-feltre-oppure-diventare-entrambi-periferia-di-treviso\\\/#primaryimage\"},\"thumbnailUrl\":\"http:\\\/\\\/www.bellunopress.it\\\/wp-content\\\/uploads\\\/2012\\\/07\\\/Tomaso-Zampieri-150x150.jpg\",\"datePublished\":\"2013-03-09T17:44:56+00:00\",\"breadcrumb\":{\"@id\":\"https:\\\/\\\/www.bellunopress.it\\\/2013\\\/03\\\/09\\\/sanita-bellunese-a-un-bivio-unificazione-delle-due-uls-belluno-e-feltre-oppure-diventare-entrambi-periferia-di-treviso\\\/#breadcrumb\"},\"inLanguage\":\"fr-FR\",\"potentialAction\":[{\"@type\":\"ReadAction\",\"target\":[\"https:\\\/\\\/www.bellunopress.it\\\/2013\\\/03\\\/09\\\/sanita-bellunese-a-un-bivio-unificazione-delle-due-uls-belluno-e-feltre-oppure-diventare-entrambi-periferia-di-treviso\\\/\"]}]},{\"@type\":\"ImageObject\",\"inLanguage\":\"fr-FR\",\"@id\":\"https:\\\/\\\/www.bellunopress.it\\\/2013\\\/03\\\/09\\\/sanita-bellunese-a-un-bivio-unificazione-delle-due-uls-belluno-e-feltre-oppure-diventare-entrambi-periferia-di-treviso\\\/#primaryimage\",\"url\":\"http:\\\/\\\/www.bellunopress.it\\\/wp-content\\\/uploads\\\/2012\\\/07\\\/Tomaso-Zampieri-150x150.jpg\",\"contentUrl\":\"http:\\\/\\\/www.bellunopress.it\\\/wp-content\\\/uploads\\\/2012\\\/07\\\/Tomaso-Zampieri-150x150.jpg\"},{\"@type\":\"BreadcrumbList\",\"@id\":\"https:\\\/\\\/www.bellunopress.it\\\/2013\\\/03\\\/09\\\/sanita-bellunese-a-un-bivio-unificazione-delle-due-uls-belluno-e-feltre-oppure-diventare-entrambi-periferia-di-treviso\\\/#breadcrumb\",\"itemListElement\":[{\"@type\":\"ListItem\",\"position\":1,\"name\":\"Home\",\"item\":\"https:\\\/\\\/www.bellunopress.it\\\/\"},{\"@type\":\"ListItem\",\"position\":2,\"name\":\"Sanit\u00e0 bellunese a un bivio: unificazione delle due Uls Belluno e Feltre, oppure diventare entrambi periferia di Treviso\"}]},{\"@type\":\"WebSite\",\"@id\":\"https:\\\/\\\/www.bellunopress.it\\\/#website\",\"url\":\"https:\\\/\\\/www.bellunopress.it\\\/\",\"name\":\"Bellunopress - Dolomiti\",\"description\":\"e-mail: redazione@bellunopress.it\",\"publisher\":{\"@id\":\"https:\\\/\\\/www.bellunopress.it\\\/#organization\"},\"potentialAction\":[{\"@type\":\"SearchAction\",\"target\":{\"@type\":\"EntryPoint\",\"urlTemplate\":\"https:\\\/\\\/www.bellunopress.it\\\/?s={search_term_string}\"},\"query-input\":{\"@type\":\"PropertyValueSpecification\",\"valueRequired\":true,\"valueName\":\"search_term_string\"}}],\"inLanguage\":\"fr-FR\"},{\"@type\":\"Organization\",\"@id\":\"https:\\\/\\\/www.bellunopress.it\\\/#organization\",\"name\":\"Bellunopress\",\"url\":\"https:\\\/\\\/www.bellunopress.it\\\/\",\"logo\":{\"@type\":\"ImageObject\",\"inLanguage\":\"fr-FR\",\"@id\":\"https:\\\/\\\/www.bellunopress.it\\\/#\\\/schema\\\/logo\\\/image\\\/\",\"url\":\"https:\\\/\\\/www.bellunopress.it\\\/wp-content\\\/uploads\\\/2011\\\/05\\\/cropped-logo-bellunopress-.jpg\",\"contentUrl\":\"https:\\\/\\\/www.bellunopress.it\\\/wp-content\\\/uploads\\\/2011\\\/05\\\/cropped-logo-bellunopress-.jpg\",\"width\":512,\"height\":512,\"caption\":\"Bellunopress\"},\"image\":{\"@id\":\"https:\\\/\\\/www.bellunopress.it\\\/#\\\/schema\\\/logo\\\/image\\\/\"},\"sameAs\":[\"https:\\\/\\\/www.facebook.com\\\/profile.php?id=100008943462799\",\"https:\\\/\\\/x.com\\\/bellunopress\",\"https:\\\/\\\/www.linkedin.com\\\/hp\\\/?dnr=JBzUWaJfMUw8vbXJJ2tVW5-I3jZKvC4wsoxE&amp;amp;amp;amp;amp;amp;trk=nav_responsive_tab_home\",\"https:\\\/\\\/www.youtube.com\\\/channel\\\/UCxL0wu1uN0_3_7hGG0306cw\"]},{\"@type\":\"Person\",\"@id\":\"https:\\\/\\\/www.bellunopress.it\\\/#\\\/schema\\\/person\\\/79bb06722b37ece1c03d3e94beb30d73\",\"name\":\"redazione\",\"image\":{\"@type\":\"ImageObject\",\"inLanguage\":\"fr-FR\",\"@id\":\"https:\\\/\\\/secure.gravatar.com\\\/avatar\\\/37d968a2e67a6fd04c169c4bdef102d0bc5d31b2546345219e348575eb80e9a0?s=96&d=mm&r=g\",\"url\":\"https:\\\/\\\/secure.gravatar.com\\\/avatar\\\/37d968a2e67a6fd04c169c4bdef102d0bc5d31b2546345219e348575eb80e9a0?s=96&d=mm&r=g\",\"contentUrl\":\"https:\\\/\\\/secure.gravatar.com\\\/avatar\\\/37d968a2e67a6fd04c169c4bdef102d0bc5d31b2546345219e348575eb80e9a0?s=96&d=mm&r=g\",\"caption\":\"redazione\"},\"sameAs\":[\"http:\\\/\\\/www.bellunopress.it\",\"https:\\\/\\\/x.com\\\/bellunopress\"],\"url\":\"https:\\\/\\\/www.bellunopress.it\\\/fr\\\/author\\\/redazione\\\/\"}]}<\/script>\n<!-- \/ Yoast SEO plugin. -->","yoast_head_json":{"title":"Sanit\u00e0 bellunese a un bivio: unificazione delle due Uls Belluno e Feltre, oppure diventare entrambi periferia di Treviso  - Bellunopress - Dolomiti","robots":{"index":"index","follow":"follow","max-snippet":"max-snippet:-1","max-image-preview":"max-image-preview:large","max-video-preview":"max-video-preview:-1"},"canonical":"https:\/\/www.bellunopress.it\/fr\/2013\/03\/09\/sanita-bellunese-a-un-bivio-unificazione-delle-due-uls-belluno-e-feltre-oppure-diventare-entrambi-periferia-di-treviso\/","og_locale":"fr_FR","og_type":"article","og_title":"Sanit\u00e0 bellunese a un bivio: unificazione delle due Uls Belluno e Feltre, oppure diventare entrambi periferia di Treviso  - Bellunopress - Dolomiti","og_description":"Nel dibattito relativo all\u2019ordine del giorno sull\u2019unificazione delle due Ulss, intervengono i Consiglieri De Biasi, Lecis e Zampieri (InMovimento), firmatari della mozione sulla sanit\u00e0 bellunese presentata nello stesso Consiglio Comunale. \u201cCrediamo vada anzitutto precisato che l\u2019ordine del giorno, presentato dal Movimento cinque stelle, \u00e8 stato votato separatamente dalla mozione sulla sanit\u00e0 presentata da noi consiglieri [&hellip;]","og_url":"https:\/\/www.bellunopress.it\/fr\/2013\/03\/09\/sanita-bellunese-a-un-bivio-unificazione-delle-due-uls-belluno-e-feltre-oppure-diventare-entrambi-periferia-di-treviso\/","og_site_name":"Bellunopress - Dolomiti","article_publisher":"https:\/\/www.facebook.com\/profile.php?id=100008943462799","article_published_time":"2013-03-09T17:44:56+00:00","og_image":[{"url":"http:\/\/www.bellunopress.it\/wp-content\/uploads\/2012\/07\/Tomaso-Zampieri-150x150.jpg","type":"","width":"","height":""}],"author":"redazione","twitter_card":"summary_large_image","twitter_creator":"@bellunopress","twitter_site":"@bellunopress","twitter_misc":{"Written by":"redazione","Est. reading time":"2 minutes"},"schema":{"@context":"https:\/\/schema.org","@graph":[{"@type":"Article","@id":"https:\/\/www.bellunopress.it\/2013\/03\/09\/sanita-bellunese-a-un-bivio-unificazione-delle-due-uls-belluno-e-feltre-oppure-diventare-entrambi-periferia-di-treviso\/#article","isPartOf":{"@id":"https:\/\/www.bellunopress.it\/2013\/03\/09\/sanita-bellunese-a-un-bivio-unificazione-delle-due-uls-belluno-e-feltre-oppure-diventare-entrambi-periferia-di-treviso\/"},"author":{"name":"redazione","@id":"https:\/\/www.bellunopress.it\/#\/schema\/person\/79bb06722b37ece1c03d3e94beb30d73"},"headline":"Sanit\u00e0 bellunese a un bivio: unificazione delle due Uls Belluno e Feltre, oppure diventare entrambi periferia di Treviso","datePublished":"2013-03-09T17:44:56+00:00","mainEntityOfPage":{"@id":"https:\/\/www.bellunopress.it\/2013\/03\/09\/sanita-bellunese-a-un-bivio-unificazione-delle-due-uls-belluno-e-feltre-oppure-diventare-entrambi-periferia-di-treviso\/"},"wordCount":442,"publisher":{"@id":"https:\/\/www.bellunopress.it\/#organization"},"image":{"@id":"https:\/\/www.bellunopress.it\/2013\/03\/09\/sanita-bellunese-a-un-bivio-unificazione-delle-due-uls-belluno-e-feltre-oppure-diventare-entrambi-periferia-di-treviso\/#primaryimage"},"thumbnailUrl":"http:\/\/www.bellunopress.it\/wp-content\/uploads\/2012\/07\/Tomaso-Zampieri-150x150.jpg","articleSection":["Cronaca\/Politica","Prima Pagina","Sanit\u00e0 Medicina"],"inLanguage":"fr-FR"},{"@type":"WebPage","@id":"https:\/\/www.bellunopress.it\/2013\/03\/09\/sanita-bellunese-a-un-bivio-unificazione-delle-due-uls-belluno-e-feltre-oppure-diventare-entrambi-periferia-di-treviso\/","url":"https:\/\/www.bellunopress.it\/2013\/03\/09\/sanita-bellunese-a-un-bivio-unificazione-delle-due-uls-belluno-e-feltre-oppure-diventare-entrambi-periferia-di-treviso\/","name":"Sanit\u00e0 bellunese a un bivio: unificazione delle due Uls Belluno e Feltre, oppure diventare entrambi periferia di Treviso - Bellunopress - Dolomiti","isPartOf":{"@id":"https:\/\/www.bellunopress.it\/#website"},"primaryImageOfPage":{"@id":"https:\/\/www.bellunopress.it\/2013\/03\/09\/sanita-bellunese-a-un-bivio-unificazione-delle-due-uls-belluno-e-feltre-oppure-diventare-entrambi-periferia-di-treviso\/#primaryimage"},"image":{"@id":"https:\/\/www.bellunopress.it\/2013\/03\/09\/sanita-bellunese-a-un-bivio-unificazione-delle-due-uls-belluno-e-feltre-oppure-diventare-entrambi-periferia-di-treviso\/#primaryimage"},"thumbnailUrl":"http:\/\/www.bellunopress.it\/wp-content\/uploads\/2012\/07\/Tomaso-Zampieri-150x150.jpg","datePublished":"2013-03-09T17:44:56+00:00","breadcrumb":{"@id":"https:\/\/www.bellunopress.it\/2013\/03\/09\/sanita-bellunese-a-un-bivio-unificazione-delle-due-uls-belluno-e-feltre-oppure-diventare-entrambi-periferia-di-treviso\/#breadcrumb"},"inLanguage":"fr-FR","potentialAction":[{"@type":"ReadAction","target":["https:\/\/www.bellunopress.it\/2013\/03\/09\/sanita-bellunese-a-un-bivio-unificazione-delle-due-uls-belluno-e-feltre-oppure-diventare-entrambi-periferia-di-treviso\/"]}]},{"@type":"ImageObject","inLanguage":"fr-FR","@id":"https:\/\/www.bellunopress.it\/2013\/03\/09\/sanita-bellunese-a-un-bivio-unificazione-delle-due-uls-belluno-e-feltre-oppure-diventare-entrambi-periferia-di-treviso\/#primaryimage","url":"http:\/\/www.bellunopress.it\/wp-content\/uploads\/2012\/07\/Tomaso-Zampieri-150x150.jpg","contentUrl":"http:\/\/www.bellunopress.it\/wp-content\/uploads\/2012\/07\/Tomaso-Zampieri-150x150.jpg"},{"@type":"BreadcrumbList","@id":"https:\/\/www.bellunopress.it\/2013\/03\/09\/sanita-bellunese-a-un-bivio-unificazione-delle-due-uls-belluno-e-feltre-oppure-diventare-entrambi-periferia-di-treviso\/#breadcrumb","itemListElement":[{"@type":"ListItem","position":1,"name":"Home","item":"https:\/\/www.bellunopress.it\/"},{"@type":"ListItem","position":2,"name":"Sanit\u00e0 bellunese a un bivio: unificazione delle due Uls Belluno e Feltre, oppure diventare entrambi periferia di Treviso"}]},{"@type":"WebSite","@id":"https:\/\/www.bellunopress.it\/#website","url":"https:\/\/www.bellunopress.it\/","name":"Bellunopress - Dolomiti","description":"e-mail: redazione@bellunopress.it","publisher":{"@id":"https:\/\/www.bellunopress.it\/#organization"},"potentialAction":[{"@type":"SearchAction","target":{"@type":"EntryPoint","urlTemplate":"https:\/\/www.bellunopress.it\/?s={search_term_string}"},"query-input":{"@type":"PropertyValueSpecification","valueRequired":true,"valueName":"search_term_string"}}],"inLanguage":"fr-FR"},{"@type":"Organization","@id":"https:\/\/www.bellunopress.it\/#organization","name":"Bellunopress","url":"https:\/\/www.bellunopress.it\/","logo":{"@type":"ImageObject","inLanguage":"fr-FR","@id":"https:\/\/www.bellunopress.it\/#\/schema\/logo\/image\/","url":"https:\/\/www.bellunopress.it\/wp-content\/uploads\/2011\/05\/cropped-logo-bellunopress-.jpg","contentUrl":"https:\/\/www.bellunopress.it\/wp-content\/uploads\/2011\/05\/cropped-logo-bellunopress-.jpg","width":512,"height":512,"caption":"Bellunopress"},"image":{"@id":"https:\/\/www.bellunopress.it\/#\/schema\/logo\/image\/"},"sameAs":["https:\/\/www.facebook.com\/profile.php?id=100008943462799","https:\/\/x.com\/bellunopress","https:\/\/www.linkedin.com\/hp\/?dnr=JBzUWaJfMUw8vbXJJ2tVW5-I3jZKvC4wsoxE&amp;amp;amp;amp;amp;amp;trk=nav_responsive_tab_home","https:\/\/www.youtube.com\/channel\/UCxL0wu1uN0_3_7hGG0306cw"]},{"@type":"Person","@id":"https:\/\/www.bellunopress.it\/#\/schema\/person\/79bb06722b37ece1c03d3e94beb30d73","name":"r\u00e9daction","image":{"@type":"ImageObject","inLanguage":"fr-FR","@id":"https:\/\/secure.gravatar.com\/avatar\/37d968a2e67a6fd04c169c4bdef102d0bc5d31b2546345219e348575eb80e9a0?s=96&d=mm&r=g","url":"https:\/\/secure.gravatar.com\/avatar\/37d968a2e67a6fd04c169c4bdef102d0bc5d31b2546345219e348575eb80e9a0?s=96&d=mm&r=g","contentUrl":"https:\/\/secure.gravatar.com\/avatar\/37d968a2e67a6fd04c169c4bdef102d0bc5d31b2546345219e348575eb80e9a0?s=96&d=mm&r=g","caption":"redazione"},"sameAs":["http:\/\/www.bellunopress.it","https:\/\/x.com\/bellunopress"],"url":"https:\/\/www.bellunopress.it\/fr\/author\/redazione\/"}]}},"_links":{"self":[{"href":"https:\/\/www.bellunopress.it\/fr\/wp-json\/wp\/v2\/posts\/47478","targetHints":{"allow":["GET"]}}],"collection":[{"href":"https:\/\/www.bellunopress.it\/fr\/wp-json\/wp\/v2\/posts"}],"about":[{"href":"https:\/\/www.bellunopress.it\/fr\/wp-json\/wp\/v2\/types\/post"}],"author":[{"embeddable":true,"href":"https:\/\/www.bellunopress.it\/fr\/wp-json\/wp\/v2\/users\/2"}],"replies":[{"embeddable":true,"href":"https:\/\/www.bellunopress.it\/fr\/wp-json\/wp\/v2\/comments?post=47478"}],"version-history":[{"count":1,"href":"https:\/\/www.bellunopress.it\/fr\/wp-json\/wp\/v2\/posts\/47478\/revisions"}],"predecessor-version":[{"id":47481,"href":"https:\/\/www.bellunopress.it\/fr\/wp-json\/wp\/v2\/posts\/47478\/revisions\/47481"}],"wp:attachment":[{"href":"https:\/\/www.bellunopress.it\/fr\/wp-json\/wp\/v2\/media?parent=47478"}],"wp:term":[{"taxonomy":"category","embeddable":true,"href":"https:\/\/www.bellunopress.it\/fr\/wp-json\/wp\/v2\/categories?post=47478"},{"taxonomy":"post_tag","embeddable":true,"href":"https:\/\/www.bellunopress.it\/fr\/wp-json\/wp\/v2\/tags?post=47478"}],"curies":[{"name":"wp","href":"https:\/\/api.w.org\/{rel}","templated":true}]}}