{"id":47472,"date":"2013-03-09T16:33:25","date_gmt":"2013-03-09T15:33:25","guid":{"rendered":"http:\/\/www.bellunopress.it\/?p=47472"},"modified":"2013-03-09T16:33:25","modified_gmt":"2013-03-09T15:33:25","slug":"le-precisazioni-del-commissario-straordinario-capocelli-al-bard-sulla-cessione-delle-societa-partecipate","status":"publish","type":"post","link":"https:\/\/www.bellunopress.it\/fr\/2013\/03\/09\/le-precisazioni-del-commissario-straordinario-capocelli-al-bard-sulla-cessione-delle-societa-partecipate\/","title":{"rendered":"Le precisazioni del commissario straordinario Capocelli al Bard sulla cessione delle societ\u00e0 partecipate"},"content":{"rendered":"<figure id=\"attachment_32001\" aria-describedby=\"caption-attachment-32001\" style=\"width: 171px\" class=\"wp-caption alignleft\"><a href=\"http:\/\/www.bellunopress.it\/wp-content\/uploads\/2011\/10\/vittorio-capocelli.jpg\"><img loading=\"lazy\" decoding=\"async\" class=\"size-full wp-image-32001\" alt=\"Vittorio Capocelli commissario straordinario alla Provincia di Belluno \" src=\"http:\/\/www.bellunopress.it\/wp-content\/uploads\/2011\/10\/vittorio-capocelli.jpg\" width=\"171\" height=\"270\" \/><\/a><figcaption id=\"caption-attachment-32001\" class=\"wp-caption-text\">Vittorio Capocelli commissario straordinario alla Provincia di Belluno<\/figcaption><\/figure>\n<p>&#8220;Giova preliminarmente chiarire, con una riflessione di ordine generale &#8211; precisa una nota a firma del commissario straordinario della Provincia Vittorio Capocelli &#8211; , che il Commissario\u00a0Straordinario, nominato con Decreto del Presidente della Repubblica, \u00e8 investito di ogni potere che\u00a0l&#8217;ordinamento assegna al Consiglio, alla Giunta e al Presidente della Provincia.<\/p>\n<p>Egli deve operare\u00a0per la migliore gestione dell&#8217;Ente, assumendo tutti i provvedimenti che si rendono all&#8217;uopo\u00a0necessari; non esiste distinzione alcuna nella normativa sul funzionamento degli enti locali, tra\u00a0provvedimenti di ordinaria e straordinaria amministrazione.<\/p>\n<p>In materia di societ\u00e0 partecipate, il Commissario straordinario sta operando nel pieno rispetto della\u00a0legge e con assoluta trasparenza delle decisioni. Per evitare il deprezzamento e l&#8217;improvvisa\u00a0svalutazione delle azioni possedute nella societ\u00e0 Dolomiti Bus S.p.A (49,9%), la Provincia ha\u00a0proceduto all&#8217;acquisizione del pacchetto azionario messo in vendita dal Comune di Belluno. In tal\u00a0modo \u00e8 stato preservato il patrimonio della Provincia, assicurato il mantenimento del controllo\u00a0pubblico sulla societ\u00e0 concessionaria del servizio di trasporti, che \u00e8 servizio di interesse generale.<\/p>\n<p>Ad ogni modo, si \u00e8 trattato di un acquisto e non di una (s)vendita.\u00a0L&#8217;alienazione, invece, della partecipazione azionaria nella societ\u00e0 La Dolomiti Ambiente S.p.A. \u00e8\u00a0stata programmata sin dall&#8217;anno 2000 dal Consiglio provinciale, e decretata per la prima volta nel\u00a0corso dell&#8217;anno 2009 con apposita deliberazione del Consiglio provinciale. L&#8217;alienazione di questa\u00a0partecipazione risponde ad un preciso onere posto in capo alle pubbliche amministrazioni, di\u00a0dismettere le partecipazioni societarie che non risultano indispensabili per il raggiungimento dei\u00a0fini istituzionali dell&#8217;ente. Nel prossimo bando di gara, peraltro, saranno recepite molte delle\u00a0indicazioni giunte al riguardo da alcuni Sindaci del territorio, volte a salvaguardare taluni aspetti di\u00a0servizio pubblico dell&#8217;attivit\u00e0 esercitata dalla societ\u00e0.<\/p>\n<p>Il resto del comunicato del Bard &#8211; precisa la nota &#8211; \u00a0tratta argomenti estranei all&#8217;attivit\u00e0 e all&#8217;operato della Provincia&#8221;.<\/p>","protected":false},"excerpt":{"rendered":"<p>&#8220;Giova preliminarmente chiarire, con una riflessione di ordine generale &#8211; precisa una nota a firma del commissario straordinario della Provincia Vittorio Capocelli &#8211; , che il Commissario\u00a0Straordinario, nominato con Decreto del Presidente della Repubblica, \u00e8 investito di ogni potere che\u00a0l&#8217;ordinamento assegna al Consiglio, alla Giunta e al Presidente della Provincia. Egli deve operare\u00a0per la migliore [&hellip;]<\/p>\n","protected":false},"author":2,"featured_media":0,"comment_status":"closed","ping_status":"open","sticky":false,"template":"","format":"standard","meta":{"footnotes":""},"categories":[5,26],"tags":[],"class_list":["post-47472","post","type-post","status-publish","format-standard","category-cronaca","category-prima-pagina"],"yoast_head":"<!-- This site is optimized with the Yoast SEO plugin v28.4 - https:\/\/yoast.com\/product\/yoast-seo-wordpress\/ -->\n<title>Le precisazioni del commissario straordinario Capocelli al Bard sulla cessione delle societ\u00e0 partecipate - Bellunopress - Dolomiti<\/title>\n<meta name=\"robots\" content=\"index, follow, max-snippet:-1, max-image-preview:large, max-video-preview:-1\" \/>\n<link rel=\"canonical\" href=\"https:\/\/www.bellunopress.it\/fr\/2013\/03\/09\/le-precisazioni-del-commissario-straordinario-capocelli-al-bard-sulla-cessione-delle-societa-partecipate\/\" \/>\n<meta property=\"og:locale\" content=\"fr_FR\" \/>\n<meta property=\"og:type\" content=\"article\" \/>\n<meta property=\"og:title\" content=\"Le precisazioni del commissario straordinario Capocelli al Bard sulla cessione delle societ\u00e0 partecipate - Bellunopress - Dolomiti\" \/>\n<meta property=\"og:description\" content=\"&#8220;Giova preliminarmente chiarire, con una riflessione di ordine generale &#8211; precisa una nota a firma del commissario straordinario della Provincia Vittorio Capocelli &#8211; , che il Commissario\u00a0Straordinario, nominato con Decreto del Presidente della Repubblica, \u00e8 investito di ogni potere che\u00a0l&#8217;ordinamento assegna al Consiglio, alla Giunta e al Presidente della Provincia. Egli deve operare\u00a0per la migliore [&hellip;]\" \/>\n<meta property=\"og:url\" content=\"https:\/\/www.bellunopress.it\/fr\/2013\/03\/09\/le-precisazioni-del-commissario-straordinario-capocelli-al-bard-sulla-cessione-delle-societa-partecipate\/\" \/>\n<meta property=\"og:site_name\" content=\"Bellunopress - Dolomiti\" \/>\n<meta property=\"article:publisher\" content=\"https:\/\/www.facebook.com\/profile.php?id=100008943462799\" \/>\n<meta property=\"article:published_time\" content=\"2013-03-09T15:33:25+00:00\" \/>\n<meta property=\"og:image\" content=\"http:\/\/www.bellunopress.it\/wp-content\/uploads\/2011\/10\/vittorio-capocelli.jpg\" \/>\n<meta name=\"author\" content=\"redazione\" \/>\n<meta name=\"twitter:card\" content=\"summary_large_image\" \/>\n<meta name=\"twitter:creator\" content=\"@bellunopress\" \/>\n<meta name=\"twitter:site\" content=\"@bellunopress\" \/>\n<meta name=\"twitter:label1\" content=\"\u00c9crit par\" \/>\n\t<meta name=\"twitter:data1\" content=\"redazione\" \/>\n\t<meta name=\"twitter:label2\" content=\"Dur\u00e9e de lecture estim\u00e9e\" \/>\n\t<meta name=\"twitter:data2\" content=\"2 minutes\" \/>\n<script type=\"application\/ld+json\" class=\"yoast-schema-graph\">{\"@context\":\"https:\\\/\\\/schema.org\",\"@graph\":[{\"@type\":\"Article\",\"@id\":\"https:\\\/\\\/www.bellunopress.it\\\/2013\\\/03\\\/09\\\/le-precisazioni-del-commissario-straordinario-capocelli-al-bard-sulla-cessione-delle-societa-partecipate\\\/#article\",\"isPartOf\":{\"@id\":\"https:\\\/\\\/www.bellunopress.it\\\/2013\\\/03\\\/09\\\/le-precisazioni-del-commissario-straordinario-capocelli-al-bard-sulla-cessione-delle-societa-partecipate\\\/\"},\"author\":{\"name\":\"redazione\",\"@id\":\"https:\\\/\\\/www.bellunopress.it\\\/#\\\/schema\\\/person\\\/79bb06722b37ece1c03d3e94beb30d73\"},\"headline\":\"Le precisazioni del commissario straordinario Capocelli al Bard sulla cessione delle societ\u00e0 partecipate\",\"datePublished\":\"2013-03-09T15:33:25+00:00\",\"mainEntityOfPage\":{\"@id\":\"https:\\\/\\\/www.bellunopress.it\\\/2013\\\/03\\\/09\\\/le-precisazioni-del-commissario-straordinario-capocelli-al-bard-sulla-cessione-delle-societa-partecipate\\\/\"},\"wordCount\":336,\"publisher\":{\"@id\":\"https:\\\/\\\/www.bellunopress.it\\\/#organization\"},\"image\":{\"@id\":\"https:\\\/\\\/www.bellunopress.it\\\/2013\\\/03\\\/09\\\/le-precisazioni-del-commissario-straordinario-capocelli-al-bard-sulla-cessione-delle-societa-partecipate\\\/#primaryimage\"},\"thumbnailUrl\":\"http:\\\/\\\/www.bellunopress.it\\\/wp-content\\\/uploads\\\/2011\\\/10\\\/vittorio-capocelli.jpg\",\"articleSection\":[\"Cronaca\\\/Politica\",\"Prima Pagina\"],\"inLanguage\":\"fr-FR\"},{\"@type\":\"WebPage\",\"@id\":\"https:\\\/\\\/www.bellunopress.it\\\/2013\\\/03\\\/09\\\/le-precisazioni-del-commissario-straordinario-capocelli-al-bard-sulla-cessione-delle-societa-partecipate\\\/\",\"url\":\"https:\\\/\\\/www.bellunopress.it\\\/2013\\\/03\\\/09\\\/le-precisazioni-del-commissario-straordinario-capocelli-al-bard-sulla-cessione-delle-societa-partecipate\\\/\",\"name\":\"Le precisazioni del commissario straordinario Capocelli al Bard sulla cessione delle societ\u00e0 partecipate - Bellunopress - Dolomiti\",\"isPartOf\":{\"@id\":\"https:\\\/\\\/www.bellunopress.it\\\/#website\"},\"primaryImageOfPage\":{\"@id\":\"https:\\\/\\\/www.bellunopress.it\\\/2013\\\/03\\\/09\\\/le-precisazioni-del-commissario-straordinario-capocelli-al-bard-sulla-cessione-delle-societa-partecipate\\\/#primaryimage\"},\"image\":{\"@id\":\"https:\\\/\\\/www.bellunopress.it\\\/2013\\\/03\\\/09\\\/le-precisazioni-del-commissario-straordinario-capocelli-al-bard-sulla-cessione-delle-societa-partecipate\\\/#primaryimage\"},\"thumbnailUrl\":\"http:\\\/\\\/www.bellunopress.it\\\/wp-content\\\/uploads\\\/2011\\\/10\\\/vittorio-capocelli.jpg\",\"datePublished\":\"2013-03-09T15:33:25+00:00\",\"breadcrumb\":{\"@id\":\"https:\\\/\\\/www.bellunopress.it\\\/2013\\\/03\\\/09\\\/le-precisazioni-del-commissario-straordinario-capocelli-al-bard-sulla-cessione-delle-societa-partecipate\\\/#breadcrumb\"},\"inLanguage\":\"fr-FR\",\"potentialAction\":[{\"@type\":\"ReadAction\",\"target\":[\"https:\\\/\\\/www.bellunopress.it\\\/2013\\\/03\\\/09\\\/le-precisazioni-del-commissario-straordinario-capocelli-al-bard-sulla-cessione-delle-societa-partecipate\\\/\"]}]},{\"@type\":\"ImageObject\",\"inLanguage\":\"fr-FR\",\"@id\":\"https:\\\/\\\/www.bellunopress.it\\\/2013\\\/03\\\/09\\\/le-precisazioni-del-commissario-straordinario-capocelli-al-bard-sulla-cessione-delle-societa-partecipate\\\/#primaryimage\",\"url\":\"http:\\\/\\\/www.bellunopress.it\\\/wp-content\\\/uploads\\\/2011\\\/10\\\/vittorio-capocelli.jpg\",\"contentUrl\":\"http:\\\/\\\/www.bellunopress.it\\\/wp-content\\\/uploads\\\/2011\\\/10\\\/vittorio-capocelli.jpg\"},{\"@type\":\"BreadcrumbList\",\"@id\":\"https:\\\/\\\/www.bellunopress.it\\\/2013\\\/03\\\/09\\\/le-precisazioni-del-commissario-straordinario-capocelli-al-bard-sulla-cessione-delle-societa-partecipate\\\/#breadcrumb\",\"itemListElement\":[{\"@type\":\"ListItem\",\"position\":1,\"name\":\"Home\",\"item\":\"https:\\\/\\\/www.bellunopress.it\\\/\"},{\"@type\":\"ListItem\",\"position\":2,\"name\":\"Le precisazioni del commissario straordinario Capocelli al Bard sulla cessione delle societ\u00e0 partecipate\"}]},{\"@type\":\"WebSite\",\"@id\":\"https:\\\/\\\/www.bellunopress.it\\\/#website\",\"url\":\"https:\\\/\\\/www.bellunopress.it\\\/\",\"name\":\"Bellunopress - Dolomiti\",\"description\":\"e-mail: redazione@bellunopress.it\",\"publisher\":{\"@id\":\"https:\\\/\\\/www.bellunopress.it\\\/#organization\"},\"potentialAction\":[{\"@type\":\"SearchAction\",\"target\":{\"@type\":\"EntryPoint\",\"urlTemplate\":\"https:\\\/\\\/www.bellunopress.it\\\/?s={search_term_string}\"},\"query-input\":{\"@type\":\"PropertyValueSpecification\",\"valueRequired\":true,\"valueName\":\"search_term_string\"}}],\"inLanguage\":\"fr-FR\"},{\"@type\":\"Organization\",\"@id\":\"https:\\\/\\\/www.bellunopress.it\\\/#organization\",\"name\":\"Bellunopress\",\"url\":\"https:\\\/\\\/www.bellunopress.it\\\/\",\"logo\":{\"@type\":\"ImageObject\",\"inLanguage\":\"fr-FR\",\"@id\":\"https:\\\/\\\/www.bellunopress.it\\\/#\\\/schema\\\/logo\\\/image\\\/\",\"url\":\"https:\\\/\\\/www.bellunopress.it\\\/wp-content\\\/uploads\\\/2011\\\/05\\\/cropped-logo-bellunopress-.jpg\",\"contentUrl\":\"https:\\\/\\\/www.bellunopress.it\\\/wp-content\\\/uploads\\\/2011\\\/05\\\/cropped-logo-bellunopress-.jpg\",\"width\":512,\"height\":512,\"caption\":\"Bellunopress\"},\"image\":{\"@id\":\"https:\\\/\\\/www.bellunopress.it\\\/#\\\/schema\\\/logo\\\/image\\\/\"},\"sameAs\":[\"https:\\\/\\\/www.facebook.com\\\/profile.php?id=100008943462799\",\"https:\\\/\\\/x.com\\\/bellunopress\",\"https:\\\/\\\/www.linkedin.com\\\/hp\\\/?dnr=JBzUWaJfMUw8vbXJJ2tVW5-I3jZKvC4wsoxE&amp;amp;amp;amp;amp;amp;trk=nav_responsive_tab_home\",\"https:\\\/\\\/www.youtube.com\\\/channel\\\/UCxL0wu1uN0_3_7hGG0306cw\"]},{\"@type\":\"Person\",\"@id\":\"https:\\\/\\\/www.bellunopress.it\\\/#\\\/schema\\\/person\\\/79bb06722b37ece1c03d3e94beb30d73\",\"name\":\"redazione\",\"image\":{\"@type\":\"ImageObject\",\"inLanguage\":\"fr-FR\",\"@id\":\"https:\\\/\\\/secure.gravatar.com\\\/avatar\\\/37d968a2e67a6fd04c169c4bdef102d0bc5d31b2546345219e348575eb80e9a0?s=96&d=mm&r=g\",\"url\":\"https:\\\/\\\/secure.gravatar.com\\\/avatar\\\/37d968a2e67a6fd04c169c4bdef102d0bc5d31b2546345219e348575eb80e9a0?s=96&d=mm&r=g\",\"contentUrl\":\"https:\\\/\\\/secure.gravatar.com\\\/avatar\\\/37d968a2e67a6fd04c169c4bdef102d0bc5d31b2546345219e348575eb80e9a0?s=96&d=mm&r=g\",\"caption\":\"redazione\"},\"sameAs\":[\"http:\\\/\\\/www.bellunopress.it\",\"https:\\\/\\\/x.com\\\/bellunopress\"],\"url\":\"https:\\\/\\\/www.bellunopress.it\\\/fr\\\/author\\\/redazione\\\/\"}]}<\/script>\n<!-- \/ Yoast SEO plugin. -->","yoast_head_json":{"title":"Le precisazioni del commissario straordinario Capocelli al Bard sulla cessione delle societ\u00e0 partecipate - Bellunopress - Dolomiti","robots":{"index":"index","follow":"follow","max-snippet":"max-snippet:-1","max-image-preview":"max-image-preview:large","max-video-preview":"max-video-preview:-1"},"canonical":"https:\/\/www.bellunopress.it\/fr\/2013\/03\/09\/le-precisazioni-del-commissario-straordinario-capocelli-al-bard-sulla-cessione-delle-societa-partecipate\/","og_locale":"fr_FR","og_type":"article","og_title":"Le precisazioni del commissario straordinario Capocelli al Bard sulla cessione delle societ\u00e0 partecipate - Bellunopress - Dolomiti","og_description":"&#8220;Giova preliminarmente chiarire, con una riflessione di ordine generale &#8211; precisa una nota a firma del commissario straordinario della Provincia Vittorio Capocelli &#8211; , che il Commissario\u00a0Straordinario, nominato con Decreto del Presidente della Repubblica, \u00e8 investito di ogni potere che\u00a0l&#8217;ordinamento assegna al Consiglio, alla Giunta e al Presidente della Provincia. Egli deve operare\u00a0per la migliore [&hellip;]","og_url":"https:\/\/www.bellunopress.it\/fr\/2013\/03\/09\/le-precisazioni-del-commissario-straordinario-capocelli-al-bard-sulla-cessione-delle-societa-partecipate\/","og_site_name":"Bellunopress - Dolomiti","article_publisher":"https:\/\/www.facebook.com\/profile.php?id=100008943462799","article_published_time":"2013-03-09T15:33:25+00:00","og_image":[{"url":"http:\/\/www.bellunopress.it\/wp-content\/uploads\/2011\/10\/vittorio-capocelli.jpg","type":"","width":"","height":""}],"author":"redazione","twitter_card":"summary_large_image","twitter_creator":"@bellunopress","twitter_site":"@bellunopress","twitter_misc":{"\u00c9crit par":"redazione","Dur\u00e9e de lecture estim\u00e9e":"2 minutes"},"schema":{"@context":"https:\/\/schema.org","@graph":[{"@type":"Article","@id":"https:\/\/www.bellunopress.it\/2013\/03\/09\/le-precisazioni-del-commissario-straordinario-capocelli-al-bard-sulla-cessione-delle-societa-partecipate\/#article","isPartOf":{"@id":"https:\/\/www.bellunopress.it\/2013\/03\/09\/le-precisazioni-del-commissario-straordinario-capocelli-al-bard-sulla-cessione-delle-societa-partecipate\/"},"author":{"name":"redazione","@id":"https:\/\/www.bellunopress.it\/#\/schema\/person\/79bb06722b37ece1c03d3e94beb30d73"},"headline":"Le precisazioni del commissario straordinario Capocelli al Bard sulla cessione delle societ\u00e0 partecipate","datePublished":"2013-03-09T15:33:25+00:00","mainEntityOfPage":{"@id":"https:\/\/www.bellunopress.it\/2013\/03\/09\/le-precisazioni-del-commissario-straordinario-capocelli-al-bard-sulla-cessione-delle-societa-partecipate\/"},"wordCount":336,"publisher":{"@id":"https:\/\/www.bellunopress.it\/#organization"},"image":{"@id":"https:\/\/www.bellunopress.it\/2013\/03\/09\/le-precisazioni-del-commissario-straordinario-capocelli-al-bard-sulla-cessione-delle-societa-partecipate\/#primaryimage"},"thumbnailUrl":"http:\/\/www.bellunopress.it\/wp-content\/uploads\/2011\/10\/vittorio-capocelli.jpg","articleSection":["Cronaca\/Politica","Prima Pagina"],"inLanguage":"fr-FR"},{"@type":"WebPage","@id":"https:\/\/www.bellunopress.it\/2013\/03\/09\/le-precisazioni-del-commissario-straordinario-capocelli-al-bard-sulla-cessione-delle-societa-partecipate\/","url":"https:\/\/www.bellunopress.it\/2013\/03\/09\/le-precisazioni-del-commissario-straordinario-capocelli-al-bard-sulla-cessione-delle-societa-partecipate\/","name":"Le precisazioni del commissario straordinario Capocelli al Bard sulla cessione delle societ\u00e0 partecipate - Bellunopress - Dolomiti","isPartOf":{"@id":"https:\/\/www.bellunopress.it\/#website"},"primaryImageOfPage":{"@id":"https:\/\/www.bellunopress.it\/2013\/03\/09\/le-precisazioni-del-commissario-straordinario-capocelli-al-bard-sulla-cessione-delle-societa-partecipate\/#primaryimage"},"image":{"@id":"https:\/\/www.bellunopress.it\/2013\/03\/09\/le-precisazioni-del-commissario-straordinario-capocelli-al-bard-sulla-cessione-delle-societa-partecipate\/#primaryimage"},"thumbnailUrl":"http:\/\/www.bellunopress.it\/wp-content\/uploads\/2011\/10\/vittorio-capocelli.jpg","datePublished":"2013-03-09T15:33:25+00:00","breadcrumb":{"@id":"https:\/\/www.bellunopress.it\/2013\/03\/09\/le-precisazioni-del-commissario-straordinario-capocelli-al-bard-sulla-cessione-delle-societa-partecipate\/#breadcrumb"},"inLanguage":"fr-FR","potentialAction":[{"@type":"ReadAction","target":["https:\/\/www.bellunopress.it\/2013\/03\/09\/le-precisazioni-del-commissario-straordinario-capocelli-al-bard-sulla-cessione-delle-societa-partecipate\/"]}]},{"@type":"ImageObject","inLanguage":"fr-FR","@id":"https:\/\/www.bellunopress.it\/2013\/03\/09\/le-precisazioni-del-commissario-straordinario-capocelli-al-bard-sulla-cessione-delle-societa-partecipate\/#primaryimage","url":"http:\/\/www.bellunopress.it\/wp-content\/uploads\/2011\/10\/vittorio-capocelli.jpg","contentUrl":"http:\/\/www.bellunopress.it\/wp-content\/uploads\/2011\/10\/vittorio-capocelli.jpg"},{"@type":"BreadcrumbList","@id":"https:\/\/www.bellunopress.it\/2013\/03\/09\/le-precisazioni-del-commissario-straordinario-capocelli-al-bard-sulla-cessione-delle-societa-partecipate\/#breadcrumb","itemListElement":[{"@type":"ListItem","position":1,"name":"Home","item":"https:\/\/www.bellunopress.it\/"},{"@type":"ListItem","position":2,"name":"Le precisazioni del commissario straordinario Capocelli al Bard sulla cessione delle societ\u00e0 partecipate"}]},{"@type":"WebSite","@id":"https:\/\/www.bellunopress.it\/#website","url":"https:\/\/www.bellunopress.it\/","name":"Bellunopress - Dolomiti","description":"e-mail: redazione@bellunopress.it","publisher":{"@id":"https:\/\/www.bellunopress.it\/#organization"},"potentialAction":[{"@type":"SearchAction","target":{"@type":"EntryPoint","urlTemplate":"https:\/\/www.bellunopress.it\/?s={search_term_string}"},"query-input":{"@type":"PropertyValueSpecification","valueRequired":true,"valueName":"search_term_string"}}],"inLanguage":"fr-FR"},{"@type":"Organization","@id":"https:\/\/www.bellunopress.it\/#organization","name":"Bellunopress","url":"https:\/\/www.bellunopress.it\/","logo":{"@type":"ImageObject","inLanguage":"fr-FR","@id":"https:\/\/www.bellunopress.it\/#\/schema\/logo\/image\/","url":"https:\/\/www.bellunopress.it\/wp-content\/uploads\/2011\/05\/cropped-logo-bellunopress-.jpg","contentUrl":"https:\/\/www.bellunopress.it\/wp-content\/uploads\/2011\/05\/cropped-logo-bellunopress-.jpg","width":512,"height":512,"caption":"Bellunopress"},"image":{"@id":"https:\/\/www.bellunopress.it\/#\/schema\/logo\/image\/"},"sameAs":["https:\/\/www.facebook.com\/profile.php?id=100008943462799","https:\/\/x.com\/bellunopress","https:\/\/www.linkedin.com\/hp\/?dnr=JBzUWaJfMUw8vbXJJ2tVW5-I3jZKvC4wsoxE&amp;amp;amp;amp;amp;amp;trk=nav_responsive_tab_home","https:\/\/www.youtube.com\/channel\/UCxL0wu1uN0_3_7hGG0306cw"]},{"@type":"Person","@id":"https:\/\/www.bellunopress.it\/#\/schema\/person\/79bb06722b37ece1c03d3e94beb30d73","name":"r\u00e9daction","image":{"@type":"ImageObject","inLanguage":"fr-FR","@id":"https:\/\/secure.gravatar.com\/avatar\/37d968a2e67a6fd04c169c4bdef102d0bc5d31b2546345219e348575eb80e9a0?s=96&d=mm&r=g","url":"https:\/\/secure.gravatar.com\/avatar\/37d968a2e67a6fd04c169c4bdef102d0bc5d31b2546345219e348575eb80e9a0?s=96&d=mm&r=g","contentUrl":"https:\/\/secure.gravatar.com\/avatar\/37d968a2e67a6fd04c169c4bdef102d0bc5d31b2546345219e348575eb80e9a0?s=96&d=mm&r=g","caption":"redazione"},"sameAs":["http:\/\/www.bellunopress.it","https:\/\/x.com\/bellunopress"],"url":"https:\/\/www.bellunopress.it\/fr\/author\/redazione\/"}]}},"_links":{"self":[{"href":"https:\/\/www.bellunopress.it\/fr\/wp-json\/wp\/v2\/posts\/47472","targetHints":{"allow":["GET"]}}],"collection":[{"href":"https:\/\/www.bellunopress.it\/fr\/wp-json\/wp\/v2\/posts"}],"about":[{"href":"https:\/\/www.bellunopress.it\/fr\/wp-json\/wp\/v2\/types\/post"}],"author":[{"embeddable":true,"href":"https:\/\/www.bellunopress.it\/fr\/wp-json\/wp\/v2\/users\/2"}],"replies":[{"embeddable":true,"href":"https:\/\/www.bellunopress.it\/fr\/wp-json\/wp\/v2\/comments?post=47472"}],"version-history":[{"count":1,"href":"https:\/\/www.bellunopress.it\/fr\/wp-json\/wp\/v2\/posts\/47472\/revisions"}],"predecessor-version":[{"id":47473,"href":"https:\/\/www.bellunopress.it\/fr\/wp-json\/wp\/v2\/posts\/47472\/revisions\/47473"}],"wp:attachment":[{"href":"https:\/\/www.bellunopress.it\/fr\/wp-json\/wp\/v2\/media?parent=47472"}],"wp:term":[{"taxonomy":"category","embeddable":true,"href":"https:\/\/www.bellunopress.it\/fr\/wp-json\/wp\/v2\/categories?post=47472"},{"taxonomy":"post_tag","embeddable":true,"href":"https:\/\/www.bellunopress.it\/fr\/wp-json\/wp\/v2\/tags?post=47472"}],"curies":[{"name":"wp","href":"https:\/\/api.w.org\/{rel}","templated":true}]}}