{"id":47467,"date":"2013-03-09T14:11:12","date_gmt":"2013-03-09T13:11:12","guid":{"rendered":"http:\/\/www.bellunopress.it\/?p=47467"},"modified":"2013-03-09T14:11:12","modified_gmt":"2013-03-09T13:11:12","slug":"il-ragazzo-dal-maglione-rosso-che-mangiava-il-tiramisu-di-leonardo-colle","status":"publish","type":"post","link":"https:\/\/www.bellunopress.it\/fr\/2013\/03\/09\/il-ragazzo-dal-maglione-rosso-che-mangiava-il-tiramisu-di-leonardo-colle\/","title":{"rendered":"Il ragazzo dal maglione rosso che mangiava il tiramis\u00f9  * di Leonardo Colle"},"content":{"rendered":"<figure id=\"attachment_680\" aria-describedby=\"caption-attachment-680\" style=\"width: 181px\" class=\"wp-caption alignleft\"><a href=\"http:\/\/www.bellunopress.it\/wp-content\/uploads\/2009\/02\/leonardo-colle-lega1.jpg\"><img loading=\"lazy\" decoding=\"async\" class=\"size-full wp-image-680\" alt=\"Leonardo Colle\" src=\"http:\/\/www.bellunopress.it\/wp-content\/uploads\/2009\/02\/leonardo-colle-lega1.jpg\" width=\"181\" height=\"256\" \/><\/a><figcaption id=\"caption-attachment-680\" class=\"wp-caption-text\">Leonardo Colle<\/figcaption><\/figure>\n<p>Correva l\u2019anno 2009, se non ricordo male il 31 di marzo.<\/p>\n<p>Un giovane ragazzo, al tempo di rosso colorato, gustava con altri consiglieri comunali di Belluno un ottimo tiramis\u00f9 accompagnato dal prosecco di rito e da due candeline per festeggiare gli anni di chiusura di Via Dino Buzzatti, la \u201cPanoramica\u201d.<\/p>\n<p>Simpatica ironia verso il Sindaco Prade e la Giunta di cui facevo parte, alle prese con la Sovrintendenza di Venezia e con le immani difficolt\u00e0 di trovare i fondi per mettere in sicurezza la scarpata a monte, elemento architettonico di somma importanza paesaggistica.<\/p>\n<p>Quel ragazzo ha mandato in tintoria il maglioncino rosso e, cavalcando sapientemente il vento dell\u2019antipolitica senza coloranti, \u00e8 diventato giustamente Sindaco.<\/p>\n<p>La sera del voto sorridevamo entrambi: lui, incoscientemente, per aver vinto; io, consapevolmente, perch\u00e9 finivo un\u2019esperienza politica bellissima quanto faticosa, per tornare ad essere soltanto una partita iva (ed ancor di pi\u00f9 serenamente pap\u00e0 a tempo pieno).<\/p>\n<figure id=\"attachment_34335\" aria-describedby=\"caption-attachment-34335\" style=\"width: 229px\" class=\"wp-caption alignleft\"><a href=\"http:\/\/www.bellunopress.it\/wp-content\/uploads\/2012\/01\/Jacopo-Massaro-2.jpg\"><img loading=\"lazy\" decoding=\"async\" class=\"size-full wp-image-34335\" alt=\"Jacopo Massaro\" src=\"http:\/\/www.bellunopress.it\/wp-content\/uploads\/2012\/01\/Jacopo-Massaro-2.jpg\" width=\"229\" height=\"280\" \/><\/a><figcaption id=\"caption-attachment-34335\" class=\"wp-caption-text\">Jacopo Massaro<\/figcaption><\/figure>\n<p>E\u2019 passato quasi un anno e quel ragazzo \u00e8 diventato improvvisamente uomo, sorride di meno ed ha smesso di mangiare i tiramis\u00f9 innaffiati di prosecco. Ora pedala su una sgangherata bicicletta ed ha scoperto quanto \u00e8 dura trovare i soldi per fare le cose essenziali.<\/p>\n<p>Lontani i tempi dei panettoni roventi e delle luminarie di questo ultimo Natale: le storiche Gabelli ancora chiuse, le scale mobili di Lambioi a rischio di chiusura, gli edifici pubblici da mettere in sicurezza, il tetto del palaghiaccio che appena nevica ti viene un infarto solo a pensarci, le mamme che si lamentano dei parchi cittadini, gli impianti del Nevegal da sistemare per quest\u2019estate, 90.000 euro per una nevicata che tanto ti criticano lo stesso, la gente che butta i rifiuti da tutte le parti tranne che nel cassonetto giusto e poi ti arrivano le foto sui giornali, il teatro nel caos sull\u2019orlo della chiusura, il ponte sul Piave ed il Cubo di Botta da rottamare ma anzi forse no, la spiaggia di Lambioi voglio ma non posso.<\/p>\n<p>Caro Sindaco Massaro: non te l\u2019aspetterai, ma a maggio non soffier\u00f2 sulla candelina. Per il bene di Belluno spero che il ragazzo del tiramis\u00f9 impari in fretta a fare il Sindaco della nostra citt\u00e0 e che la smetta di lagnarsi della bicicletta che ha voluto. Buon vento!<\/p>\n<p>&nbsp;<\/p>\n<p>Leonardo Colle \u2013 Segretario Sezione Lega Nord Belluno Dolomiti<\/p>","protected":false},"excerpt":{"rendered":"<p>Correva l\u2019anno 2009, se non ricordo male il 31 di marzo. Un giovane ragazzo, al tempo di rosso colorato, gustava con altri consiglieri comunali di Belluno un ottimo tiramis\u00f9 accompagnato dal prosecco di rito e da due candeline per festeggiare gli anni di chiusura di Via Dino Buzzatti, la \u201cPanoramica\u201d. Simpatica ironia verso il Sindaco [&hellip;]<\/p>\n","protected":false},"author":2,"featured_media":0,"comment_status":"closed","ping_status":"open","sticky":false,"template":"","format":"standard","meta":{"footnotes":""},"categories":[1],"tags":[],"class_list":["post-47467","post","type-post","status-publish","format-standard","category-leo"],"yoast_head":"<!-- This site is optimized with the Yoast SEO plugin v28.4 - https:\/\/yoast.com\/product\/yoast-seo-wordpress\/ -->\n<title>Il ragazzo dal maglione rosso che mangiava il tiramis\u00f9 * di Leonardo Colle - Bellunopress - Dolomiti<\/title>\n<meta name=\"robots\" content=\"index, follow, max-snippet:-1, max-image-preview:large, max-video-preview:-1\" \/>\n<link rel=\"canonical\" href=\"https:\/\/www.bellunopress.it\/fr\/2013\/03\/09\/il-ragazzo-dal-maglione-rosso-che-mangiava-il-tiramisu-di-leonardo-colle\/\" \/>\n<meta property=\"og:locale\" content=\"fr_FR\" \/>\n<meta property=\"og:type\" content=\"article\" \/>\n<meta property=\"og:title\" content=\"Il ragazzo dal maglione rosso che mangiava il tiramis\u00f9 * di Leonardo Colle - Bellunopress - Dolomiti\" \/>\n<meta property=\"og:description\" content=\"Correva l\u2019anno 2009, se non ricordo male il 31 di marzo. Un giovane ragazzo, al tempo di rosso colorato, gustava con altri consiglieri comunali di Belluno un ottimo tiramis\u00f9 accompagnato dal prosecco di rito e da due candeline per festeggiare gli anni di chiusura di Via Dino Buzzatti, la \u201cPanoramica\u201d. Simpatica ironia verso il Sindaco [&hellip;]\" \/>\n<meta property=\"og:url\" content=\"https:\/\/www.bellunopress.it\/fr\/2013\/03\/09\/il-ragazzo-dal-maglione-rosso-che-mangiava-il-tiramisu-di-leonardo-colle\/\" \/>\n<meta property=\"og:site_name\" content=\"Bellunopress - Dolomiti\" \/>\n<meta property=\"article:publisher\" content=\"https:\/\/www.facebook.com\/profile.php?id=100008943462799\" \/>\n<meta property=\"article:published_time\" content=\"2013-03-09T13:11:12+00:00\" \/>\n<meta property=\"og:image\" content=\"http:\/\/www.bellunopress.it\/wp-content\/uploads\/2009\/02\/leonardo-colle-lega1.jpg\" \/>\n<meta name=\"author\" content=\"redazione\" \/>\n<meta name=\"twitter:card\" content=\"summary_large_image\" \/>\n<meta name=\"twitter:creator\" content=\"@bellunopress\" \/>\n<meta name=\"twitter:site\" content=\"@bellunopress\" \/>\n<meta name=\"twitter:label1\" content=\"\u00c9crit par\" \/>\n\t<meta name=\"twitter:data1\" content=\"redazione\" \/>\n\t<meta name=\"twitter:label2\" content=\"Dur\u00e9e de lecture estim\u00e9e\" \/>\n\t<meta name=\"twitter:data2\" content=\"2 minutes\" \/>\n<script type=\"application\/ld+json\" class=\"yoast-schema-graph\">{\"@context\":\"https:\\\/\\\/schema.org\",\"@graph\":[{\"@type\":\"Article\",\"@id\":\"https:\\\/\\\/www.bellunopress.it\\\/2013\\\/03\\\/09\\\/il-ragazzo-dal-maglione-rosso-che-mangiava-il-tiramisu-di-leonardo-colle\\\/#article\",\"isPartOf\":{\"@id\":\"https:\\\/\\\/www.bellunopress.it\\\/2013\\\/03\\\/09\\\/il-ragazzo-dal-maglione-rosso-che-mangiava-il-tiramisu-di-leonardo-colle\\\/\"},\"author\":{\"name\":\"redazione\",\"@id\":\"https:\\\/\\\/www.bellunopress.it\\\/#\\\/schema\\\/person\\\/79bb06722b37ece1c03d3e94beb30d73\"},\"headline\":\"Il ragazzo dal maglione rosso che mangiava il tiramis\u00f9 * di Leonardo Colle\",\"datePublished\":\"2013-03-09T13:11:12+00:00\",\"mainEntityOfPage\":{\"@id\":\"https:\\\/\\\/www.bellunopress.it\\\/2013\\\/03\\\/09\\\/il-ragazzo-dal-maglione-rosso-che-mangiava-il-tiramisu-di-leonardo-colle\\\/\"},\"wordCount\":410,\"publisher\":{\"@id\":\"https:\\\/\\\/www.bellunopress.it\\\/#organization\"},\"image\":{\"@id\":\"https:\\\/\\\/www.bellunopress.it\\\/2013\\\/03\\\/09\\\/il-ragazzo-dal-maglione-rosso-che-mangiava-il-tiramisu-di-leonardo-colle\\\/#primaryimage\"},\"thumbnailUrl\":\"http:\\\/\\\/www.bellunopress.it\\\/wp-content\\\/uploads\\\/2009\\\/02\\\/leonardo-colle-lega1.jpg\",\"articleSection\":[\"Lettere Opinioni\"],\"inLanguage\":\"fr-FR\"},{\"@type\":\"WebPage\",\"@id\":\"https:\\\/\\\/www.bellunopress.it\\\/2013\\\/03\\\/09\\\/il-ragazzo-dal-maglione-rosso-che-mangiava-il-tiramisu-di-leonardo-colle\\\/\",\"url\":\"https:\\\/\\\/www.bellunopress.it\\\/2013\\\/03\\\/09\\\/il-ragazzo-dal-maglione-rosso-che-mangiava-il-tiramisu-di-leonardo-colle\\\/\",\"name\":\"Il ragazzo dal maglione rosso che mangiava il tiramis\u00f9 * di Leonardo Colle - Bellunopress - Dolomiti\",\"isPartOf\":{\"@id\":\"https:\\\/\\\/www.bellunopress.it\\\/#website\"},\"primaryImageOfPage\":{\"@id\":\"https:\\\/\\\/www.bellunopress.it\\\/2013\\\/03\\\/09\\\/il-ragazzo-dal-maglione-rosso-che-mangiava-il-tiramisu-di-leonardo-colle\\\/#primaryimage\"},\"image\":{\"@id\":\"https:\\\/\\\/www.bellunopress.it\\\/2013\\\/03\\\/09\\\/il-ragazzo-dal-maglione-rosso-che-mangiava-il-tiramisu-di-leonardo-colle\\\/#primaryimage\"},\"thumbnailUrl\":\"http:\\\/\\\/www.bellunopress.it\\\/wp-content\\\/uploads\\\/2009\\\/02\\\/leonardo-colle-lega1.jpg\",\"datePublished\":\"2013-03-09T13:11:12+00:00\",\"breadcrumb\":{\"@id\":\"https:\\\/\\\/www.bellunopress.it\\\/2013\\\/03\\\/09\\\/il-ragazzo-dal-maglione-rosso-che-mangiava-il-tiramisu-di-leonardo-colle\\\/#breadcrumb\"},\"inLanguage\":\"fr-FR\",\"potentialAction\":[{\"@type\":\"ReadAction\",\"target\":[\"https:\\\/\\\/www.bellunopress.it\\\/2013\\\/03\\\/09\\\/il-ragazzo-dal-maglione-rosso-che-mangiava-il-tiramisu-di-leonardo-colle\\\/\"]}]},{\"@type\":\"ImageObject\",\"inLanguage\":\"fr-FR\",\"@id\":\"https:\\\/\\\/www.bellunopress.it\\\/2013\\\/03\\\/09\\\/il-ragazzo-dal-maglione-rosso-che-mangiava-il-tiramisu-di-leonardo-colle\\\/#primaryimage\",\"url\":\"http:\\\/\\\/www.bellunopress.it\\\/wp-content\\\/uploads\\\/2009\\\/02\\\/leonardo-colle-lega1.jpg\",\"contentUrl\":\"http:\\\/\\\/www.bellunopress.it\\\/wp-content\\\/uploads\\\/2009\\\/02\\\/leonardo-colle-lega1.jpg\"},{\"@type\":\"BreadcrumbList\",\"@id\":\"https:\\\/\\\/www.bellunopress.it\\\/2013\\\/03\\\/09\\\/il-ragazzo-dal-maglione-rosso-che-mangiava-il-tiramisu-di-leonardo-colle\\\/#breadcrumb\",\"itemListElement\":[{\"@type\":\"ListItem\",\"position\":1,\"name\":\"Home\",\"item\":\"https:\\\/\\\/www.bellunopress.it\\\/\"},{\"@type\":\"ListItem\",\"position\":2,\"name\":\"Il ragazzo dal maglione rosso che mangiava il tiramis\u00f9 * di Leonardo Colle\"}]},{\"@type\":\"WebSite\",\"@id\":\"https:\\\/\\\/www.bellunopress.it\\\/#website\",\"url\":\"https:\\\/\\\/www.bellunopress.it\\\/\",\"name\":\"Bellunopress - Dolomiti\",\"description\":\"e-mail: redazione@bellunopress.it\",\"publisher\":{\"@id\":\"https:\\\/\\\/www.bellunopress.it\\\/#organization\"},\"potentialAction\":[{\"@type\":\"SearchAction\",\"target\":{\"@type\":\"EntryPoint\",\"urlTemplate\":\"https:\\\/\\\/www.bellunopress.it\\\/?s={search_term_string}\"},\"query-input\":{\"@type\":\"PropertyValueSpecification\",\"valueRequired\":true,\"valueName\":\"search_term_string\"}}],\"inLanguage\":\"fr-FR\"},{\"@type\":\"Organization\",\"@id\":\"https:\\\/\\\/www.bellunopress.it\\\/#organization\",\"name\":\"Bellunopress\",\"url\":\"https:\\\/\\\/www.bellunopress.it\\\/\",\"logo\":{\"@type\":\"ImageObject\",\"inLanguage\":\"fr-FR\",\"@id\":\"https:\\\/\\\/www.bellunopress.it\\\/#\\\/schema\\\/logo\\\/image\\\/\",\"url\":\"https:\\\/\\\/www.bellunopress.it\\\/wp-content\\\/uploads\\\/2011\\\/05\\\/cropped-logo-bellunopress-.jpg\",\"contentUrl\":\"https:\\\/\\\/www.bellunopress.it\\\/wp-content\\\/uploads\\\/2011\\\/05\\\/cropped-logo-bellunopress-.jpg\",\"width\":512,\"height\":512,\"caption\":\"Bellunopress\"},\"image\":{\"@id\":\"https:\\\/\\\/www.bellunopress.it\\\/#\\\/schema\\\/logo\\\/image\\\/\"},\"sameAs\":[\"https:\\\/\\\/www.facebook.com\\\/profile.php?id=100008943462799\",\"https:\\\/\\\/x.com\\\/bellunopress\",\"https:\\\/\\\/www.linkedin.com\\\/hp\\\/?dnr=JBzUWaJfMUw8vbXJJ2tVW5-I3jZKvC4wsoxE&amp;amp;amp;amp;amp;amp;trk=nav_responsive_tab_home\",\"https:\\\/\\\/www.youtube.com\\\/channel\\\/UCxL0wu1uN0_3_7hGG0306cw\"]},{\"@type\":\"Person\",\"@id\":\"https:\\\/\\\/www.bellunopress.it\\\/#\\\/schema\\\/person\\\/79bb06722b37ece1c03d3e94beb30d73\",\"name\":\"redazione\",\"image\":{\"@type\":\"ImageObject\",\"inLanguage\":\"fr-FR\",\"@id\":\"https:\\\/\\\/secure.gravatar.com\\\/avatar\\\/37d968a2e67a6fd04c169c4bdef102d0bc5d31b2546345219e348575eb80e9a0?s=96&d=mm&r=g\",\"url\":\"https:\\\/\\\/secure.gravatar.com\\\/avatar\\\/37d968a2e67a6fd04c169c4bdef102d0bc5d31b2546345219e348575eb80e9a0?s=96&d=mm&r=g\",\"contentUrl\":\"https:\\\/\\\/secure.gravatar.com\\\/avatar\\\/37d968a2e67a6fd04c169c4bdef102d0bc5d31b2546345219e348575eb80e9a0?s=96&d=mm&r=g\",\"caption\":\"redazione\"},\"sameAs\":[\"http:\\\/\\\/www.bellunopress.it\",\"https:\\\/\\\/x.com\\\/bellunopress\"],\"url\":\"https:\\\/\\\/www.bellunopress.it\\\/fr\\\/author\\\/redazione\\\/\"}]}<\/script>\n<!-- \/ Yoast SEO plugin. -->","yoast_head_json":{"title":"Il ragazzo dal maglione rosso che mangiava il tiramis\u00f9 * di Leonardo Colle - Bellunopress - Dolomiti","robots":{"index":"index","follow":"follow","max-snippet":"max-snippet:-1","max-image-preview":"max-image-preview:large","max-video-preview":"max-video-preview:-1"},"canonical":"https:\/\/www.bellunopress.it\/fr\/2013\/03\/09\/il-ragazzo-dal-maglione-rosso-che-mangiava-il-tiramisu-di-leonardo-colle\/","og_locale":"fr_FR","og_type":"article","og_title":"Il ragazzo dal maglione rosso che mangiava il tiramis\u00f9 * di Leonardo Colle - Bellunopress - Dolomiti","og_description":"Correva l\u2019anno 2009, se non ricordo male il 31 di marzo. Un giovane ragazzo, al tempo di rosso colorato, gustava con altri consiglieri comunali di Belluno un ottimo tiramis\u00f9 accompagnato dal prosecco di rito e da due candeline per festeggiare gli anni di chiusura di Via Dino Buzzatti, la \u201cPanoramica\u201d. Simpatica ironia verso il Sindaco [&hellip;]","og_url":"https:\/\/www.bellunopress.it\/fr\/2013\/03\/09\/il-ragazzo-dal-maglione-rosso-che-mangiava-il-tiramisu-di-leonardo-colle\/","og_site_name":"Bellunopress - Dolomiti","article_publisher":"https:\/\/www.facebook.com\/profile.php?id=100008943462799","article_published_time":"2013-03-09T13:11:12+00:00","og_image":[{"url":"http:\/\/www.bellunopress.it\/wp-content\/uploads\/2009\/02\/leonardo-colle-lega1.jpg","type":"","width":"","height":""}],"author":"redazione","twitter_card":"summary_large_image","twitter_creator":"@bellunopress","twitter_site":"@bellunopress","twitter_misc":{"\u00c9crit par":"redazione","Dur\u00e9e de lecture estim\u00e9e":"2 minutes"},"schema":{"@context":"https:\/\/schema.org","@graph":[{"@type":"Article","@id":"https:\/\/www.bellunopress.it\/2013\/03\/09\/il-ragazzo-dal-maglione-rosso-che-mangiava-il-tiramisu-di-leonardo-colle\/#article","isPartOf":{"@id":"https:\/\/www.bellunopress.it\/2013\/03\/09\/il-ragazzo-dal-maglione-rosso-che-mangiava-il-tiramisu-di-leonardo-colle\/"},"author":{"name":"redazione","@id":"https:\/\/www.bellunopress.it\/#\/schema\/person\/79bb06722b37ece1c03d3e94beb30d73"},"headline":"Il ragazzo dal maglione rosso che mangiava il tiramis\u00f9 * di Leonardo Colle","datePublished":"2013-03-09T13:11:12+00:00","mainEntityOfPage":{"@id":"https:\/\/www.bellunopress.it\/2013\/03\/09\/il-ragazzo-dal-maglione-rosso-che-mangiava-il-tiramisu-di-leonardo-colle\/"},"wordCount":410,"publisher":{"@id":"https:\/\/www.bellunopress.it\/#organization"},"image":{"@id":"https:\/\/www.bellunopress.it\/2013\/03\/09\/il-ragazzo-dal-maglione-rosso-che-mangiava-il-tiramisu-di-leonardo-colle\/#primaryimage"},"thumbnailUrl":"http:\/\/www.bellunopress.it\/wp-content\/uploads\/2009\/02\/leonardo-colle-lega1.jpg","articleSection":["Lettere Opinioni"],"inLanguage":"fr-FR"},{"@type":"WebPage","@id":"https:\/\/www.bellunopress.it\/2013\/03\/09\/il-ragazzo-dal-maglione-rosso-che-mangiava-il-tiramisu-di-leonardo-colle\/","url":"https:\/\/www.bellunopress.it\/2013\/03\/09\/il-ragazzo-dal-maglione-rosso-che-mangiava-il-tiramisu-di-leonardo-colle\/","name":"Il ragazzo dal maglione rosso che mangiava il tiramis\u00f9 * di Leonardo Colle - Bellunopress - Dolomiti","isPartOf":{"@id":"https:\/\/www.bellunopress.it\/#website"},"primaryImageOfPage":{"@id":"https:\/\/www.bellunopress.it\/2013\/03\/09\/il-ragazzo-dal-maglione-rosso-che-mangiava-il-tiramisu-di-leonardo-colle\/#primaryimage"},"image":{"@id":"https:\/\/www.bellunopress.it\/2013\/03\/09\/il-ragazzo-dal-maglione-rosso-che-mangiava-il-tiramisu-di-leonardo-colle\/#primaryimage"},"thumbnailUrl":"http:\/\/www.bellunopress.it\/wp-content\/uploads\/2009\/02\/leonardo-colle-lega1.jpg","datePublished":"2013-03-09T13:11:12+00:00","breadcrumb":{"@id":"https:\/\/www.bellunopress.it\/2013\/03\/09\/il-ragazzo-dal-maglione-rosso-che-mangiava-il-tiramisu-di-leonardo-colle\/#breadcrumb"},"inLanguage":"fr-FR","potentialAction":[{"@type":"ReadAction","target":["https:\/\/www.bellunopress.it\/2013\/03\/09\/il-ragazzo-dal-maglione-rosso-che-mangiava-il-tiramisu-di-leonardo-colle\/"]}]},{"@type":"ImageObject","inLanguage":"fr-FR","@id":"https:\/\/www.bellunopress.it\/2013\/03\/09\/il-ragazzo-dal-maglione-rosso-che-mangiava-il-tiramisu-di-leonardo-colle\/#primaryimage","url":"http:\/\/www.bellunopress.it\/wp-content\/uploads\/2009\/02\/leonardo-colle-lega1.jpg","contentUrl":"http:\/\/www.bellunopress.it\/wp-content\/uploads\/2009\/02\/leonardo-colle-lega1.jpg"},{"@type":"BreadcrumbList","@id":"https:\/\/www.bellunopress.it\/2013\/03\/09\/il-ragazzo-dal-maglione-rosso-che-mangiava-il-tiramisu-di-leonardo-colle\/#breadcrumb","itemListElement":[{"@type":"ListItem","position":1,"name":"Home","item":"https:\/\/www.bellunopress.it\/"},{"@type":"ListItem","position":2,"name":"Il ragazzo dal maglione rosso che mangiava il tiramis\u00f9 * di Leonardo Colle"}]},{"@type":"WebSite","@id":"https:\/\/www.bellunopress.it\/#website","url":"https:\/\/www.bellunopress.it\/","name":"Bellunopress - Dolomiti","description":"e-mail: redazione@bellunopress.it","publisher":{"@id":"https:\/\/www.bellunopress.it\/#organization"},"potentialAction":[{"@type":"SearchAction","target":{"@type":"EntryPoint","urlTemplate":"https:\/\/www.bellunopress.it\/?s={search_term_string}"},"query-input":{"@type":"PropertyValueSpecification","valueRequired":true,"valueName":"search_term_string"}}],"inLanguage":"fr-FR"},{"@type":"Organization","@id":"https:\/\/www.bellunopress.it\/#organization","name":"Bellunopress","url":"https:\/\/www.bellunopress.it\/","logo":{"@type":"ImageObject","inLanguage":"fr-FR","@id":"https:\/\/www.bellunopress.it\/#\/schema\/logo\/image\/","url":"https:\/\/www.bellunopress.it\/wp-content\/uploads\/2011\/05\/cropped-logo-bellunopress-.jpg","contentUrl":"https:\/\/www.bellunopress.it\/wp-content\/uploads\/2011\/05\/cropped-logo-bellunopress-.jpg","width":512,"height":512,"caption":"Bellunopress"},"image":{"@id":"https:\/\/www.bellunopress.it\/#\/schema\/logo\/image\/"},"sameAs":["https:\/\/www.facebook.com\/profile.php?id=100008943462799","https:\/\/x.com\/bellunopress","https:\/\/www.linkedin.com\/hp\/?dnr=JBzUWaJfMUw8vbXJJ2tVW5-I3jZKvC4wsoxE&amp;amp;amp;amp;amp;amp;trk=nav_responsive_tab_home","https:\/\/www.youtube.com\/channel\/UCxL0wu1uN0_3_7hGG0306cw"]},{"@type":"Person","@id":"https:\/\/www.bellunopress.it\/#\/schema\/person\/79bb06722b37ece1c03d3e94beb30d73","name":"r\u00e9daction","image":{"@type":"ImageObject","inLanguage":"fr-FR","@id":"https:\/\/secure.gravatar.com\/avatar\/37d968a2e67a6fd04c169c4bdef102d0bc5d31b2546345219e348575eb80e9a0?s=96&d=mm&r=g","url":"https:\/\/secure.gravatar.com\/avatar\/37d968a2e67a6fd04c169c4bdef102d0bc5d31b2546345219e348575eb80e9a0?s=96&d=mm&r=g","contentUrl":"https:\/\/secure.gravatar.com\/avatar\/37d968a2e67a6fd04c169c4bdef102d0bc5d31b2546345219e348575eb80e9a0?s=96&d=mm&r=g","caption":"redazione"},"sameAs":["http:\/\/www.bellunopress.it","https:\/\/x.com\/bellunopress"],"url":"https:\/\/www.bellunopress.it\/fr\/author\/redazione\/"}]}},"_links":{"self":[{"href":"https:\/\/www.bellunopress.it\/fr\/wp-json\/wp\/v2\/posts\/47467","targetHints":{"allow":["GET"]}}],"collection":[{"href":"https:\/\/www.bellunopress.it\/fr\/wp-json\/wp\/v2\/posts"}],"about":[{"href":"https:\/\/www.bellunopress.it\/fr\/wp-json\/wp\/v2\/types\/post"}],"author":[{"embeddable":true,"href":"https:\/\/www.bellunopress.it\/fr\/wp-json\/wp\/v2\/users\/2"}],"replies":[{"embeddable":true,"href":"https:\/\/www.bellunopress.it\/fr\/wp-json\/wp\/v2\/comments?post=47467"}],"version-history":[{"count":1,"href":"https:\/\/www.bellunopress.it\/fr\/wp-json\/wp\/v2\/posts\/47467\/revisions"}],"predecessor-version":[{"id":47468,"href":"https:\/\/www.bellunopress.it\/fr\/wp-json\/wp\/v2\/posts\/47467\/revisions\/47468"}],"wp:attachment":[{"href":"https:\/\/www.bellunopress.it\/fr\/wp-json\/wp\/v2\/media?parent=47467"}],"wp:term":[{"taxonomy":"category","embeddable":true,"href":"https:\/\/www.bellunopress.it\/fr\/wp-json\/wp\/v2\/categories?post=47467"},{"taxonomy":"post_tag","embeddable":true,"href":"https:\/\/www.bellunopress.it\/fr\/wp-json\/wp\/v2\/tags?post=47467"}],"curies":[{"name":"wp","href":"https:\/\/api.w.org\/{rel}","templated":true}]}}