{"id":47465,"date":"2013-03-09T14:01:54","date_gmt":"2013-03-09T13:01:54","guid":{"rendered":"http:\/\/www.bellunopress.it\/?p=47465"},"modified":"2013-03-09T14:01:54","modified_gmt":"2013-03-09T13:01:54","slug":"asili-nido-musicali-bond-presenta-la-legge-a-lentiai-liniziativa-nasce-qui-e-fara-scuola-in-tutto-il-veneto","status":"publish","type":"post","link":"https:\/\/www.bellunopress.it\/fr\/2013\/03\/09\/asili-nido-musicali-bond-presenta-la-legge-a-lentiai-liniziativa-nasce-qui-e-fara-scuola-in-tutto-il-veneto\/","title":{"rendered":"Asili nido musicali. Bond presenta la legge a Lentiai: &#8220;L&#8217;iniziativa nasce qui e far\u00e0 scuola in tutto il Veneto&#8221;"},"content":{"rendered":"<figure id=\"attachment_42521\" aria-describedby=\"caption-attachment-42521\" style=\"width: 123px\" class=\"wp-caption alignleft\"><a href=\"http:\/\/www.bellunopress.it\/wp-content\/uploads\/2012\/09\/bond.jpg\"><img loading=\"lazy\" decoding=\"async\" class=\"size-full wp-image-42521\" alt=\"Dario Bond\" src=\"http:\/\/www.bellunopress.it\/wp-content\/uploads\/2012\/09\/bond.jpg\" width=\"123\" height=\"150\" \/><\/a><figcaption id=\"caption-attachment-42521\" class=\"wp-caption-text\">Dario Bond<\/figcaption><\/figure>\n<p>&#8220;La vita \u00e8 musica e la musica \u00e8 vita. Per questo l\u2019insegnamento nelle scuole, fin dalla primissima infanzia, \u00e8 basilare per lo sviluppo dei bambini. Dobbiamo occuparci in maniera pi\u00f9 seria e organica di pscimotricit\u00e0 e dello sviluppo dei nostri bambini cos\u00ec da contrastare i disagi di natura psicofisica&#8221;.<\/p>\n<p>Lo ha detto il capogruppo del Pdl in Consiglio regionale Dario Bond, ospite questa mattina a Lentiai all\u2019asilo parrocchiale per presentare la sua legge sugli asili musicali approvata nel settembre scorso a Venezia.<\/p>\n<p>La legge prendeva le mosse proprio dall\u2019esperienza dell\u2019asilo di Lentiai che da cinque anni, grazie al coordinamento della madre superiore Caterina Cais, sta sperimentando la cultura della musicalit\u00e0 tra i suoi piccoli allievi. &#8220;Un modello che ha dimostrato di funzionare bene e che per questo ho voluto portare a Venezia per estenderlo a tutte le scuole del Veneto&#8221;, ha rimarcato Bond.<\/p>\n<p>Il progetto di legge consta di soli due articoli che vanno a modificare rispettivamente gli articoli 26 (contributi in conto capitale), 28 (procedura per la richiesta di contributo) della legge regionale n. 32 del 1990 &#8220;Disciplina degli interventi regionali per i servizi educativi alla prima infanzia: asili nido e servizi innovativi&#8221;, oltre all\u2019articolo relativo alla norma finanziaria.<\/p>\n<p>Con le modifiche introdotte si prevede infatti che i contributi regionali per gli asili nido, concessi in conto capitale, possano riguardare anche l\u2019acquisto di strumenti musicali o di materiale di ausilio ad attivit\u00e0 musicali o di lettura ad alta voce e la realizzazione di progetti inerenti attivit\u00e0 musicali e di lettura al alta voce. La modifica dell\u2019articolo 28, relativo alla procedura per la richiesta di contributo, specifica che alla domanda deve essere allegata una relazione illustrativa delle progettualit\u00e0 inerenti attivit\u00e0 musicali e di lettura ad alta voce che l\u2019asilo intende effettuare.<\/p>\n<p>Oltre alla presentazione della legge regionale il convegno si \u00e8 concentrato \u2013 con il contributo di numerosi esperti in pedagogia e musicisti \u2013 sull\u2019importanza della musica nello sviluppo affettivo e cognitivo del bambino, sulla musica come espressione dei sentimenti, sull\u2019attivit\u00e0 musicale in famiglia e il sostegno ai genitori e all\u2019ascolto del proprio corpo. L\u2019eccellenza lentiaiese \u00e8 stata ribadita anche dal sindaco Armando Vello.<\/p>\n<p>All\u2019incontro ha partecipato anche l\u2019assessore regionale alle politiche sociali Remo Sernagiotto che insieme a Bond ha rassicurato sulla piena operativit\u00e0 della legge a stretto giro di posta: &#8220;Troveremo le risorse nel corso della discussione sul bilancio 2013. Nonostante la crisi e le tante urgenze, anche in questi settori non pu\u00f2 mancare un occhio di riguardo. L\u2019indice di civilt\u00e0 di una comunit\u00e0 si misura anche da queste misure&#8221;, hanno detto Bond e Sernagiotto.<\/p>\n<p>&nbsp;<\/p>\n<p>&nbsp;<\/p>","protected":false},"excerpt":{"rendered":"<p>&#8220;La vita \u00e8 musica e la musica \u00e8 vita. Per questo l\u2019insegnamento nelle scuole, fin dalla primissima infanzia, \u00e8 basilare per lo sviluppo dei bambini. Dobbiamo occuparci in maniera pi\u00f9 seria e organica di pscimotricit\u00e0 e dello sviluppo dei nostri bambini cos\u00ec da contrastare i disagi di natura psicofisica&#8221;. Lo ha detto il capogruppo del [&hellip;]<\/p>\n","protected":false},"author":2,"featured_media":0,"comment_status":"closed","ping_status":"open","sticky":false,"template":"","format":"standard","meta":{"footnotes":""},"categories":[5,26,15],"tags":[],"class_list":["post-47465","post","type-post","status-publish","format-standard","category-cronaca","category-prima-pagina","category-scuola"],"yoast_head":"<!-- This site is optimized with the Yoast SEO plugin v28.4 - https:\/\/yoast.com\/product\/yoast-seo-wordpress\/ -->\n<title>Asili nido musicali. Bond presenta la legge a Lentiai: &quot;L&#039;iniziativa nasce qui e far\u00e0 scuola in tutto il Veneto&quot; - Bellunopress - Dolomiti<\/title>\n<meta name=\"robots\" content=\"index, follow, max-snippet:-1, max-image-preview:large, max-video-preview:-1\" \/>\n<link rel=\"canonical\" href=\"https:\/\/www.bellunopress.it\/fr\/2013\/03\/09\/asili-nido-musicali-bond-presenta-la-legge-a-lentiai-liniziativa-nasce-qui-e-fara-scuola-in-tutto-il-veneto\/\" \/>\n<meta property=\"og:locale\" content=\"fr_FR\" \/>\n<meta property=\"og:type\" content=\"article\" \/>\n<meta property=\"og:title\" content=\"Asili nido musicali. Bond presenta la legge a Lentiai: &quot;L&#039;iniziativa nasce qui e far\u00e0 scuola in tutto il Veneto&quot; - Bellunopress - Dolomiti\" \/>\n<meta property=\"og:description\" content=\"&#8220;La vita \u00e8 musica e la musica \u00e8 vita. Per questo l\u2019insegnamento nelle scuole, fin dalla primissima infanzia, \u00e8 basilare per lo sviluppo dei bambini. Dobbiamo occuparci in maniera pi\u00f9 seria e organica di pscimotricit\u00e0 e dello sviluppo dei nostri bambini cos\u00ec da contrastare i disagi di natura psicofisica&#8221;. Lo ha detto il capogruppo del [&hellip;]\" \/>\n<meta property=\"og:url\" content=\"https:\/\/www.bellunopress.it\/fr\/2013\/03\/09\/asili-nido-musicali-bond-presenta-la-legge-a-lentiai-liniziativa-nasce-qui-e-fara-scuola-in-tutto-il-veneto\/\" \/>\n<meta property=\"og:site_name\" content=\"Bellunopress - Dolomiti\" \/>\n<meta property=\"article:publisher\" content=\"https:\/\/www.facebook.com\/profile.php?id=100008943462799\" \/>\n<meta property=\"article:published_time\" content=\"2013-03-09T13:01:54+00:00\" \/>\n<meta property=\"og:image\" content=\"http:\/\/www.bellunopress.it\/wp-content\/uploads\/2012\/09\/bond.jpg\" \/>\n<meta name=\"author\" content=\"redazione\" \/>\n<meta name=\"twitter:card\" content=\"summary_large_image\" \/>\n<meta name=\"twitter:creator\" content=\"@bellunopress\" \/>\n<meta name=\"twitter:site\" content=\"@bellunopress\" \/>\n<meta name=\"twitter:label1\" content=\"\u00c9crit par\" \/>\n\t<meta name=\"twitter:data1\" content=\"redazione\" \/>\n\t<meta name=\"twitter:label2\" content=\"Dur\u00e9e de lecture estim\u00e9e\" \/>\n\t<meta name=\"twitter:data2\" content=\"2 minutes\" \/>\n<script type=\"application\/ld+json\" class=\"yoast-schema-graph\">{\"@context\":\"https:\\\/\\\/schema.org\",\"@graph\":[{\"@type\":\"Article\",\"@id\":\"https:\\\/\\\/www.bellunopress.it\\\/2013\\\/03\\\/09\\\/asili-nido-musicali-bond-presenta-la-legge-a-lentiai-liniziativa-nasce-qui-e-fara-scuola-in-tutto-il-veneto\\\/#article\",\"isPartOf\":{\"@id\":\"https:\\\/\\\/www.bellunopress.it\\\/2013\\\/03\\\/09\\\/asili-nido-musicali-bond-presenta-la-legge-a-lentiai-liniziativa-nasce-qui-e-fara-scuola-in-tutto-il-veneto\\\/\"},\"author\":{\"name\":\"redazione\",\"@id\":\"https:\\\/\\\/www.bellunopress.it\\\/#\\\/schema\\\/person\\\/79bb06722b37ece1c03d3e94beb30d73\"},\"headline\":\"Asili nido musicali. Bond presenta la legge a Lentiai: &#8220;L&#8217;iniziativa nasce qui e far\u00e0 scuola in tutto il Veneto&#8221;\",\"datePublished\":\"2013-03-09T13:01:54+00:00\",\"mainEntityOfPage\":{\"@id\":\"https:\\\/\\\/www.bellunopress.it\\\/2013\\\/03\\\/09\\\/asili-nido-musicali-bond-presenta-la-legge-a-lentiai-liniziativa-nasce-qui-e-fara-scuola-in-tutto-il-veneto\\\/\"},\"wordCount\":459,\"publisher\":{\"@id\":\"https:\\\/\\\/www.bellunopress.it\\\/#organization\"},\"image\":{\"@id\":\"https:\\\/\\\/www.bellunopress.it\\\/2013\\\/03\\\/09\\\/asili-nido-musicali-bond-presenta-la-legge-a-lentiai-liniziativa-nasce-qui-e-fara-scuola-in-tutto-il-veneto\\\/#primaryimage\"},\"thumbnailUrl\":\"http:\\\/\\\/www.bellunopress.it\\\/wp-content\\\/uploads\\\/2012\\\/09\\\/bond.jpg\",\"articleSection\":[\"Cronaca\\\/Politica\",\"Prima Pagina\",\"Scuola\"],\"inLanguage\":\"fr-FR\"},{\"@type\":\"WebPage\",\"@id\":\"https:\\\/\\\/www.bellunopress.it\\\/2013\\\/03\\\/09\\\/asili-nido-musicali-bond-presenta-la-legge-a-lentiai-liniziativa-nasce-qui-e-fara-scuola-in-tutto-il-veneto\\\/\",\"url\":\"https:\\\/\\\/www.bellunopress.it\\\/2013\\\/03\\\/09\\\/asili-nido-musicali-bond-presenta-la-legge-a-lentiai-liniziativa-nasce-qui-e-fara-scuola-in-tutto-il-veneto\\\/\",\"name\":\"Asili nido musicali. Bond presenta la legge a Lentiai: \\\"L'iniziativa nasce qui e far\u00e0 scuola in tutto il Veneto\\\" - Bellunopress - Dolomiti\",\"isPartOf\":{\"@id\":\"https:\\\/\\\/www.bellunopress.it\\\/#website\"},\"primaryImageOfPage\":{\"@id\":\"https:\\\/\\\/www.bellunopress.it\\\/2013\\\/03\\\/09\\\/asili-nido-musicali-bond-presenta-la-legge-a-lentiai-liniziativa-nasce-qui-e-fara-scuola-in-tutto-il-veneto\\\/#primaryimage\"},\"image\":{\"@id\":\"https:\\\/\\\/www.bellunopress.it\\\/2013\\\/03\\\/09\\\/asili-nido-musicali-bond-presenta-la-legge-a-lentiai-liniziativa-nasce-qui-e-fara-scuola-in-tutto-il-veneto\\\/#primaryimage\"},\"thumbnailUrl\":\"http:\\\/\\\/www.bellunopress.it\\\/wp-content\\\/uploads\\\/2012\\\/09\\\/bond.jpg\",\"datePublished\":\"2013-03-09T13:01:54+00:00\",\"breadcrumb\":{\"@id\":\"https:\\\/\\\/www.bellunopress.it\\\/2013\\\/03\\\/09\\\/asili-nido-musicali-bond-presenta-la-legge-a-lentiai-liniziativa-nasce-qui-e-fara-scuola-in-tutto-il-veneto\\\/#breadcrumb\"},\"inLanguage\":\"fr-FR\",\"potentialAction\":[{\"@type\":\"ReadAction\",\"target\":[\"https:\\\/\\\/www.bellunopress.it\\\/2013\\\/03\\\/09\\\/asili-nido-musicali-bond-presenta-la-legge-a-lentiai-liniziativa-nasce-qui-e-fara-scuola-in-tutto-il-veneto\\\/\"]}]},{\"@type\":\"ImageObject\",\"inLanguage\":\"fr-FR\",\"@id\":\"https:\\\/\\\/www.bellunopress.it\\\/2013\\\/03\\\/09\\\/asili-nido-musicali-bond-presenta-la-legge-a-lentiai-liniziativa-nasce-qui-e-fara-scuola-in-tutto-il-veneto\\\/#primaryimage\",\"url\":\"http:\\\/\\\/www.bellunopress.it\\\/wp-content\\\/uploads\\\/2012\\\/09\\\/bond.jpg\",\"contentUrl\":\"http:\\\/\\\/www.bellunopress.it\\\/wp-content\\\/uploads\\\/2012\\\/09\\\/bond.jpg\"},{\"@type\":\"BreadcrumbList\",\"@id\":\"https:\\\/\\\/www.bellunopress.it\\\/2013\\\/03\\\/09\\\/asili-nido-musicali-bond-presenta-la-legge-a-lentiai-liniziativa-nasce-qui-e-fara-scuola-in-tutto-il-veneto\\\/#breadcrumb\",\"itemListElement\":[{\"@type\":\"ListItem\",\"position\":1,\"name\":\"Home\",\"item\":\"https:\\\/\\\/www.bellunopress.it\\\/\"},{\"@type\":\"ListItem\",\"position\":2,\"name\":\"Asili nido musicali. Bond presenta la legge a Lentiai: &#8220;L&#8217;iniziativa nasce qui e far\u00e0 scuola in tutto il Veneto&#8221;\"}]},{\"@type\":\"WebSite\",\"@id\":\"https:\\\/\\\/www.bellunopress.it\\\/#website\",\"url\":\"https:\\\/\\\/www.bellunopress.it\\\/\",\"name\":\"Bellunopress - Dolomiti\",\"description\":\"e-mail: redazione@bellunopress.it\",\"publisher\":{\"@id\":\"https:\\\/\\\/www.bellunopress.it\\\/#organization\"},\"potentialAction\":[{\"@type\":\"SearchAction\",\"target\":{\"@type\":\"EntryPoint\",\"urlTemplate\":\"https:\\\/\\\/www.bellunopress.it\\\/?s={search_term_string}\"},\"query-input\":{\"@type\":\"PropertyValueSpecification\",\"valueRequired\":true,\"valueName\":\"search_term_string\"}}],\"inLanguage\":\"fr-FR\"},{\"@type\":\"Organization\",\"@id\":\"https:\\\/\\\/www.bellunopress.it\\\/#organization\",\"name\":\"Bellunopress\",\"url\":\"https:\\\/\\\/www.bellunopress.it\\\/\",\"logo\":{\"@type\":\"ImageObject\",\"inLanguage\":\"fr-FR\",\"@id\":\"https:\\\/\\\/www.bellunopress.it\\\/#\\\/schema\\\/logo\\\/image\\\/\",\"url\":\"https:\\\/\\\/www.bellunopress.it\\\/wp-content\\\/uploads\\\/2011\\\/05\\\/cropped-logo-bellunopress-.jpg\",\"contentUrl\":\"https:\\\/\\\/www.bellunopress.it\\\/wp-content\\\/uploads\\\/2011\\\/05\\\/cropped-logo-bellunopress-.jpg\",\"width\":512,\"height\":512,\"caption\":\"Bellunopress\"},\"image\":{\"@id\":\"https:\\\/\\\/www.bellunopress.it\\\/#\\\/schema\\\/logo\\\/image\\\/\"},\"sameAs\":[\"https:\\\/\\\/www.facebook.com\\\/profile.php?id=100008943462799\",\"https:\\\/\\\/x.com\\\/bellunopress\",\"https:\\\/\\\/www.linkedin.com\\\/hp\\\/?dnr=JBzUWaJfMUw8vbXJJ2tVW5-I3jZKvC4wsoxE&amp;amp;amp;amp;amp;amp;trk=nav_responsive_tab_home\",\"https:\\\/\\\/www.youtube.com\\\/channel\\\/UCxL0wu1uN0_3_7hGG0306cw\"]},{\"@type\":\"Person\",\"@id\":\"https:\\\/\\\/www.bellunopress.it\\\/#\\\/schema\\\/person\\\/79bb06722b37ece1c03d3e94beb30d73\",\"name\":\"redazione\",\"image\":{\"@type\":\"ImageObject\",\"inLanguage\":\"fr-FR\",\"@id\":\"https:\\\/\\\/secure.gravatar.com\\\/avatar\\\/37d968a2e67a6fd04c169c4bdef102d0bc5d31b2546345219e348575eb80e9a0?s=96&d=mm&r=g\",\"url\":\"https:\\\/\\\/secure.gravatar.com\\\/avatar\\\/37d968a2e67a6fd04c169c4bdef102d0bc5d31b2546345219e348575eb80e9a0?s=96&d=mm&r=g\",\"contentUrl\":\"https:\\\/\\\/secure.gravatar.com\\\/avatar\\\/37d968a2e67a6fd04c169c4bdef102d0bc5d31b2546345219e348575eb80e9a0?s=96&d=mm&r=g\",\"caption\":\"redazione\"},\"sameAs\":[\"http:\\\/\\\/www.bellunopress.it\",\"https:\\\/\\\/x.com\\\/bellunopress\"],\"url\":\"https:\\\/\\\/www.bellunopress.it\\\/fr\\\/author\\\/redazione\\\/\"}]}<\/script>\n<!-- \/ Yoast SEO plugin. -->","yoast_head_json":{"title":"Asili nido musicali. Bond presenta la legge a Lentiai: \"L'iniziativa nasce qui e far\u00e0 scuola in tutto il Veneto\" - Bellunopress - Dolomiti","robots":{"index":"index","follow":"follow","max-snippet":"max-snippet:-1","max-image-preview":"max-image-preview:large","max-video-preview":"max-video-preview:-1"},"canonical":"https:\/\/www.bellunopress.it\/fr\/2013\/03\/09\/asili-nido-musicali-bond-presenta-la-legge-a-lentiai-liniziativa-nasce-qui-e-fara-scuola-in-tutto-il-veneto\/","og_locale":"fr_FR","og_type":"article","og_title":"Asili nido musicali. Bond presenta la legge a Lentiai: \"L'iniziativa nasce qui e far\u00e0 scuola in tutto il Veneto\" - Bellunopress - Dolomiti","og_description":"&#8220;La vita \u00e8 musica e la musica \u00e8 vita. Per questo l\u2019insegnamento nelle scuole, fin dalla primissima infanzia, \u00e8 basilare per lo sviluppo dei bambini. Dobbiamo occuparci in maniera pi\u00f9 seria e organica di pscimotricit\u00e0 e dello sviluppo dei nostri bambini cos\u00ec da contrastare i disagi di natura psicofisica&#8221;. Lo ha detto il capogruppo del [&hellip;]","og_url":"https:\/\/www.bellunopress.it\/fr\/2013\/03\/09\/asili-nido-musicali-bond-presenta-la-legge-a-lentiai-liniziativa-nasce-qui-e-fara-scuola-in-tutto-il-veneto\/","og_site_name":"Bellunopress - Dolomiti","article_publisher":"https:\/\/www.facebook.com\/profile.php?id=100008943462799","article_published_time":"2013-03-09T13:01:54+00:00","og_image":[{"url":"http:\/\/www.bellunopress.it\/wp-content\/uploads\/2012\/09\/bond.jpg","type":"","width":"","height":""}],"author":"redazione","twitter_card":"summary_large_image","twitter_creator":"@bellunopress","twitter_site":"@bellunopress","twitter_misc":{"\u00c9crit par":"redazione","Dur\u00e9e de lecture estim\u00e9e":"2 minutes"},"schema":{"@context":"https:\/\/schema.org","@graph":[{"@type":"Article","@id":"https:\/\/www.bellunopress.it\/2013\/03\/09\/asili-nido-musicali-bond-presenta-la-legge-a-lentiai-liniziativa-nasce-qui-e-fara-scuola-in-tutto-il-veneto\/#article","isPartOf":{"@id":"https:\/\/www.bellunopress.it\/2013\/03\/09\/asili-nido-musicali-bond-presenta-la-legge-a-lentiai-liniziativa-nasce-qui-e-fara-scuola-in-tutto-il-veneto\/"},"author":{"name":"redazione","@id":"https:\/\/www.bellunopress.it\/#\/schema\/person\/79bb06722b37ece1c03d3e94beb30d73"},"headline":"Asili nido musicali. Bond presenta la legge a Lentiai: &#8220;L&#8217;iniziativa nasce qui e far\u00e0 scuola in tutto il Veneto&#8221;","datePublished":"2013-03-09T13:01:54+00:00","mainEntityOfPage":{"@id":"https:\/\/www.bellunopress.it\/2013\/03\/09\/asili-nido-musicali-bond-presenta-la-legge-a-lentiai-liniziativa-nasce-qui-e-fara-scuola-in-tutto-il-veneto\/"},"wordCount":459,"publisher":{"@id":"https:\/\/www.bellunopress.it\/#organization"},"image":{"@id":"https:\/\/www.bellunopress.it\/2013\/03\/09\/asili-nido-musicali-bond-presenta-la-legge-a-lentiai-liniziativa-nasce-qui-e-fara-scuola-in-tutto-il-veneto\/#primaryimage"},"thumbnailUrl":"http:\/\/www.bellunopress.it\/wp-content\/uploads\/2012\/09\/bond.jpg","articleSection":["Cronaca\/Politica","Prima Pagina","Scuola"],"inLanguage":"fr-FR"},{"@type":"WebPage","@id":"https:\/\/www.bellunopress.it\/2013\/03\/09\/asili-nido-musicali-bond-presenta-la-legge-a-lentiai-liniziativa-nasce-qui-e-fara-scuola-in-tutto-il-veneto\/","url":"https:\/\/www.bellunopress.it\/2013\/03\/09\/asili-nido-musicali-bond-presenta-la-legge-a-lentiai-liniziativa-nasce-qui-e-fara-scuola-in-tutto-il-veneto\/","name":"Asili nido musicali. Bond presenta la legge a Lentiai: \"L'iniziativa nasce qui e far\u00e0 scuola in tutto il Veneto\" - Bellunopress - Dolomiti","isPartOf":{"@id":"https:\/\/www.bellunopress.it\/#website"},"primaryImageOfPage":{"@id":"https:\/\/www.bellunopress.it\/2013\/03\/09\/asili-nido-musicali-bond-presenta-la-legge-a-lentiai-liniziativa-nasce-qui-e-fara-scuola-in-tutto-il-veneto\/#primaryimage"},"image":{"@id":"https:\/\/www.bellunopress.it\/2013\/03\/09\/asili-nido-musicali-bond-presenta-la-legge-a-lentiai-liniziativa-nasce-qui-e-fara-scuola-in-tutto-il-veneto\/#primaryimage"},"thumbnailUrl":"http:\/\/www.bellunopress.it\/wp-content\/uploads\/2012\/09\/bond.jpg","datePublished":"2013-03-09T13:01:54+00:00","breadcrumb":{"@id":"https:\/\/www.bellunopress.it\/2013\/03\/09\/asili-nido-musicali-bond-presenta-la-legge-a-lentiai-liniziativa-nasce-qui-e-fara-scuola-in-tutto-il-veneto\/#breadcrumb"},"inLanguage":"fr-FR","potentialAction":[{"@type":"ReadAction","target":["https:\/\/www.bellunopress.it\/2013\/03\/09\/asili-nido-musicali-bond-presenta-la-legge-a-lentiai-liniziativa-nasce-qui-e-fara-scuola-in-tutto-il-veneto\/"]}]},{"@type":"ImageObject","inLanguage":"fr-FR","@id":"https:\/\/www.bellunopress.it\/2013\/03\/09\/asili-nido-musicali-bond-presenta-la-legge-a-lentiai-liniziativa-nasce-qui-e-fara-scuola-in-tutto-il-veneto\/#primaryimage","url":"http:\/\/www.bellunopress.it\/wp-content\/uploads\/2012\/09\/bond.jpg","contentUrl":"http:\/\/www.bellunopress.it\/wp-content\/uploads\/2012\/09\/bond.jpg"},{"@type":"BreadcrumbList","@id":"https:\/\/www.bellunopress.it\/2013\/03\/09\/asili-nido-musicali-bond-presenta-la-legge-a-lentiai-liniziativa-nasce-qui-e-fara-scuola-in-tutto-il-veneto\/#breadcrumb","itemListElement":[{"@type":"ListItem","position":1,"name":"Home","item":"https:\/\/www.bellunopress.it\/"},{"@type":"ListItem","position":2,"name":"Asili nido musicali. Bond presenta la legge a Lentiai: &#8220;L&#8217;iniziativa nasce qui e far\u00e0 scuola in tutto il Veneto&#8221;"}]},{"@type":"WebSite","@id":"https:\/\/www.bellunopress.it\/#website","url":"https:\/\/www.bellunopress.it\/","name":"Bellunopress - Dolomiti","description":"e-mail: redazione@bellunopress.it","publisher":{"@id":"https:\/\/www.bellunopress.it\/#organization"},"potentialAction":[{"@type":"SearchAction","target":{"@type":"EntryPoint","urlTemplate":"https:\/\/www.bellunopress.it\/?s={search_term_string}"},"query-input":{"@type":"PropertyValueSpecification","valueRequired":true,"valueName":"search_term_string"}}],"inLanguage":"fr-FR"},{"@type":"Organization","@id":"https:\/\/www.bellunopress.it\/#organization","name":"Bellunopress","url":"https:\/\/www.bellunopress.it\/","logo":{"@type":"ImageObject","inLanguage":"fr-FR","@id":"https:\/\/www.bellunopress.it\/#\/schema\/logo\/image\/","url":"https:\/\/www.bellunopress.it\/wp-content\/uploads\/2011\/05\/cropped-logo-bellunopress-.jpg","contentUrl":"https:\/\/www.bellunopress.it\/wp-content\/uploads\/2011\/05\/cropped-logo-bellunopress-.jpg","width":512,"height":512,"caption":"Bellunopress"},"image":{"@id":"https:\/\/www.bellunopress.it\/#\/schema\/logo\/image\/"},"sameAs":["https:\/\/www.facebook.com\/profile.php?id=100008943462799","https:\/\/x.com\/bellunopress","https:\/\/www.linkedin.com\/hp\/?dnr=JBzUWaJfMUw8vbXJJ2tVW5-I3jZKvC4wsoxE&amp;amp;amp;amp;amp;amp;trk=nav_responsive_tab_home","https:\/\/www.youtube.com\/channel\/UCxL0wu1uN0_3_7hGG0306cw"]},{"@type":"Person","@id":"https:\/\/www.bellunopress.it\/#\/schema\/person\/79bb06722b37ece1c03d3e94beb30d73","name":"r\u00e9daction","image":{"@type":"ImageObject","inLanguage":"fr-FR","@id":"https:\/\/secure.gravatar.com\/avatar\/37d968a2e67a6fd04c169c4bdef102d0bc5d31b2546345219e348575eb80e9a0?s=96&d=mm&r=g","url":"https:\/\/secure.gravatar.com\/avatar\/37d968a2e67a6fd04c169c4bdef102d0bc5d31b2546345219e348575eb80e9a0?s=96&d=mm&r=g","contentUrl":"https:\/\/secure.gravatar.com\/avatar\/37d968a2e67a6fd04c169c4bdef102d0bc5d31b2546345219e348575eb80e9a0?s=96&d=mm&r=g","caption":"redazione"},"sameAs":["http:\/\/www.bellunopress.it","https:\/\/x.com\/bellunopress"],"url":"https:\/\/www.bellunopress.it\/fr\/author\/redazione\/"}]}},"_links":{"self":[{"href":"https:\/\/www.bellunopress.it\/fr\/wp-json\/wp\/v2\/posts\/47465","targetHints":{"allow":["GET"]}}],"collection":[{"href":"https:\/\/www.bellunopress.it\/fr\/wp-json\/wp\/v2\/posts"}],"about":[{"href":"https:\/\/www.bellunopress.it\/fr\/wp-json\/wp\/v2\/types\/post"}],"author":[{"embeddable":true,"href":"https:\/\/www.bellunopress.it\/fr\/wp-json\/wp\/v2\/users\/2"}],"replies":[{"embeddable":true,"href":"https:\/\/www.bellunopress.it\/fr\/wp-json\/wp\/v2\/comments?post=47465"}],"version-history":[{"count":1,"href":"https:\/\/www.bellunopress.it\/fr\/wp-json\/wp\/v2\/posts\/47465\/revisions"}],"predecessor-version":[{"id":47466,"href":"https:\/\/www.bellunopress.it\/fr\/wp-json\/wp\/v2\/posts\/47465\/revisions\/47466"}],"wp:attachment":[{"href":"https:\/\/www.bellunopress.it\/fr\/wp-json\/wp\/v2\/media?parent=47465"}],"wp:term":[{"taxonomy":"category","embeddable":true,"href":"https:\/\/www.bellunopress.it\/fr\/wp-json\/wp\/v2\/categories?post=47465"},{"taxonomy":"post_tag","embeddable":true,"href":"https:\/\/www.bellunopress.it\/fr\/wp-json\/wp\/v2\/tags?post=47465"}],"curies":[{"name":"wp","href":"https:\/\/api.w.org\/{rel}","templated":true}]}}