{"id":47446,"date":"2013-03-10T20:46:22","date_gmt":"2013-03-10T19:46:22","guid":{"rendered":"http:\/\/www.bellunopress.it\/?p=47446"},"modified":"2013-03-08T13:47:33","modified_gmt":"2013-03-08T12:47:33","slug":"confcommercio-belluno-incontra-i-soci-novita-fiscali-e-sistema-creditizio","status":"publish","type":"post","link":"https:\/\/www.bellunopress.it\/fr\/2013\/03\/10\/confcommercio-belluno-incontra-i-soci-novita-fiscali-e-sistema-creditizio\/","title":{"rendered":"Confcommercio Belluno incontra i soci: novit\u00e0 fiscali e sistema creditizio"},"content":{"rendered":"<p>Con l&#8217;incontro che si terr\u00e0 luned\u00ec 11 marzo, alle ore 20.30, presso la sede Ascom Formazione di Belluno, prende il via il nuovo tour di incontri su tutto il territorio provinciale organizzato da Confcommercio Belluno nell&#8217;ambito delle proprie azioni di informazione, aggiornamento e formazione dedicate alle ditte associate.<\/p>\n<p>Le novit\u00e0 fiscali 2013, con particolare riferimento a redditometro, redditest, pagamenti commerciali e Tares, ed il sistema creditizio con la presentazione del nuovo sistema Fidimpresa Veneto, nato dalla fusione di Unionfidi Belluno e Venezia, saranno i temi oggetto di approfondimento nel corso delle riunioni territoriali programmate, per ora, a Belluno, Feltre, Agordo e Pieve di Cadore ma che potranno essere riproposte anche in altri bacini della provincia cos\u00ec da risultare maggiormente capillari.<\/p>\n<p>Incontri che rappresenteranno certamente un momento di utile confronto tanto per le imprese quanto per la struttura associativa.<\/p>\n<p>Per maggiori informazioni: www.ascombelluno.it<\/p>\n<p>&nbsp;<\/p>","protected":false},"excerpt":{"rendered":"<p>Con l&#8217;incontro che si terr\u00e0 luned\u00ec 11 marzo, alle ore 20.30, presso la sede Ascom Formazione di Belluno, prende il via il nuovo tour di incontri su tutto il territorio provinciale organizzato da Confcommercio Belluno nell&#8217;ambito delle proprie azioni di informazione, aggiornamento e formazione dedicate alle ditte associate. Le novit\u00e0 fiscali 2013, con particolare riferimento [&hellip;]<\/p>\n","protected":false},"author":2,"featured_media":0,"comment_status":"closed","ping_status":"open","sticky":false,"template":"","format":"standard","meta":{"footnotes":""},"categories":[27,25],"tags":[],"class_list":["post-47446","post","type-post","status-publish","format-standard","category-appuntamenti","category-pausa-caffe"],"yoast_head":"<!-- This site is optimized with the Yoast SEO plugin v28.4 - https:\/\/yoast.com\/product\/yoast-seo-wordpress\/ -->\n<title>Confcommercio Belluno incontra i soci: novit\u00e0 fiscali e sistema creditizio - Bellunopress - Dolomiti<\/title>\n<meta name=\"robots\" content=\"index, follow, max-snippet:-1, max-image-preview:large, max-video-preview:-1\" \/>\n<link rel=\"canonical\" href=\"https:\/\/www.bellunopress.it\/fr\/2013\/03\/10\/confcommercio-belluno-incontra-i-soci-novita-fiscali-e-sistema-creditizio\/\" \/>\n<meta property=\"og:locale\" content=\"fr_FR\" \/>\n<meta property=\"og:type\" content=\"article\" \/>\n<meta property=\"og:title\" content=\"Confcommercio Belluno incontra i soci: novit\u00e0 fiscali e sistema creditizio - Bellunopress - Dolomiti\" \/>\n<meta property=\"og:description\" content=\"Con l&#8217;incontro che si terr\u00e0 luned\u00ec 11 marzo, alle ore 20.30, presso la sede Ascom Formazione di Belluno, prende il via il nuovo tour di incontri su tutto il territorio provinciale organizzato da Confcommercio Belluno nell&#8217;ambito delle proprie azioni di informazione, aggiornamento e formazione dedicate alle ditte associate. Le novit\u00e0 fiscali 2013, con particolare riferimento [&hellip;]\" \/>\n<meta property=\"og:url\" content=\"https:\/\/www.bellunopress.it\/fr\/2013\/03\/10\/confcommercio-belluno-incontra-i-soci-novita-fiscali-e-sistema-creditizio\/\" \/>\n<meta property=\"og:site_name\" content=\"Bellunopress - Dolomiti\" \/>\n<meta property=\"article:publisher\" content=\"https:\/\/www.facebook.com\/profile.php?id=100008943462799\" \/>\n<meta property=\"article:published_time\" content=\"2013-03-10T19:46:22+00:00\" \/>\n<meta property=\"og:image\" content=\"http:\/\/www.bellunopress.it\/wp-content\/uploads\/2012\/07\/logo-bellunopress-250x250-2012.jpg\" \/>\n<meta name=\"author\" content=\"redazione\" \/>\n<meta name=\"twitter:card\" content=\"summary_large_image\" \/>\n<meta name=\"twitter:creator\" content=\"@bellunopress\" \/>\n<meta name=\"twitter:site\" content=\"@bellunopress\" \/>\n<meta name=\"twitter:label1\" content=\"Written by\" \/>\n\t<meta name=\"twitter:data1\" content=\"redazione\" \/>\n\t<meta name=\"twitter:label2\" content=\"Est. reading time\" \/>\n\t<meta name=\"twitter:data2\" content=\"1 minute\" \/>\n<script type=\"application\/ld+json\" class=\"yoast-schema-graph\">{\"@context\":\"https:\\\/\\\/schema.org\",\"@graph\":[{\"@type\":\"Article\",\"@id\":\"https:\\\/\\\/www.bellunopress.it\\\/2013\\\/03\\\/10\\\/confcommercio-belluno-incontra-i-soci-novita-fiscali-e-sistema-creditizio\\\/#article\",\"isPartOf\":{\"@id\":\"https:\\\/\\\/www.bellunopress.it\\\/2013\\\/03\\\/10\\\/confcommercio-belluno-incontra-i-soci-novita-fiscali-e-sistema-creditizio\\\/\"},\"author\":{\"name\":\"redazione\",\"@id\":\"https:\\\/\\\/www.bellunopress.it\\\/#\\\/schema\\\/person\\\/79bb06722b37ece1c03d3e94beb30d73\"},\"headline\":\"Confcommercio Belluno incontra i soci: novit\u00e0 fiscali e sistema creditizio\",\"datePublished\":\"2013-03-10T19:46:22+00:00\",\"mainEntityOfPage\":{\"@id\":\"https:\\\/\\\/www.bellunopress.it\\\/2013\\\/03\\\/10\\\/confcommercio-belluno-incontra-i-soci-novita-fiscali-e-sistema-creditizio\\\/\"},\"wordCount\":154,\"publisher\":{\"@id\":\"https:\\\/\\\/www.bellunopress.it\\\/#organization\"},\"articleSection\":[\"Appuntamenti, Eventi\",\"Pausa Caff\u00e8\"],\"inLanguage\":\"fr-FR\"},{\"@type\":\"WebPage\",\"@id\":\"https:\\\/\\\/www.bellunopress.it\\\/2013\\\/03\\\/10\\\/confcommercio-belluno-incontra-i-soci-novita-fiscali-e-sistema-creditizio\\\/\",\"url\":\"https:\\\/\\\/www.bellunopress.it\\\/2013\\\/03\\\/10\\\/confcommercio-belluno-incontra-i-soci-novita-fiscali-e-sistema-creditizio\\\/\",\"name\":\"Confcommercio Belluno incontra i soci: novit\u00e0 fiscali e sistema creditizio - Bellunopress - Dolomiti\",\"isPartOf\":{\"@id\":\"https:\\\/\\\/www.bellunopress.it\\\/#website\"},\"datePublished\":\"2013-03-10T19:46:22+00:00\",\"breadcrumb\":{\"@id\":\"https:\\\/\\\/www.bellunopress.it\\\/2013\\\/03\\\/10\\\/confcommercio-belluno-incontra-i-soci-novita-fiscali-e-sistema-creditizio\\\/#breadcrumb\"},\"inLanguage\":\"fr-FR\",\"potentialAction\":[{\"@type\":\"ReadAction\",\"target\":[\"https:\\\/\\\/www.bellunopress.it\\\/2013\\\/03\\\/10\\\/confcommercio-belluno-incontra-i-soci-novita-fiscali-e-sistema-creditizio\\\/\"]}]},{\"@type\":\"BreadcrumbList\",\"@id\":\"https:\\\/\\\/www.bellunopress.it\\\/2013\\\/03\\\/10\\\/confcommercio-belluno-incontra-i-soci-novita-fiscali-e-sistema-creditizio\\\/#breadcrumb\",\"itemListElement\":[{\"@type\":\"ListItem\",\"position\":1,\"name\":\"Home\",\"item\":\"https:\\\/\\\/www.bellunopress.it\\\/\"},{\"@type\":\"ListItem\",\"position\":2,\"name\":\"Confcommercio Belluno incontra i soci: novit\u00e0 fiscali e sistema creditizio\"}]},{\"@type\":\"WebSite\",\"@id\":\"https:\\\/\\\/www.bellunopress.it\\\/#website\",\"url\":\"https:\\\/\\\/www.bellunopress.it\\\/\",\"name\":\"Bellunopress - Dolomiti\",\"description\":\"e-mail: redazione@bellunopress.it\",\"publisher\":{\"@id\":\"https:\\\/\\\/www.bellunopress.it\\\/#organization\"},\"potentialAction\":[{\"@type\":\"SearchAction\",\"target\":{\"@type\":\"EntryPoint\",\"urlTemplate\":\"https:\\\/\\\/www.bellunopress.it\\\/?s={search_term_string}\"},\"query-input\":{\"@type\":\"PropertyValueSpecification\",\"valueRequired\":true,\"valueName\":\"search_term_string\"}}],\"inLanguage\":\"fr-FR\"},{\"@type\":\"Organization\",\"@id\":\"https:\\\/\\\/www.bellunopress.it\\\/#organization\",\"name\":\"Bellunopress\",\"url\":\"https:\\\/\\\/www.bellunopress.it\\\/\",\"logo\":{\"@type\":\"ImageObject\",\"inLanguage\":\"fr-FR\",\"@id\":\"https:\\\/\\\/www.bellunopress.it\\\/#\\\/schema\\\/logo\\\/image\\\/\",\"url\":\"https:\\\/\\\/www.bellunopress.it\\\/wp-content\\\/uploads\\\/2011\\\/05\\\/cropped-logo-bellunopress-.jpg\",\"contentUrl\":\"https:\\\/\\\/www.bellunopress.it\\\/wp-content\\\/uploads\\\/2011\\\/05\\\/cropped-logo-bellunopress-.jpg\",\"width\":512,\"height\":512,\"caption\":\"Bellunopress\"},\"image\":{\"@id\":\"https:\\\/\\\/www.bellunopress.it\\\/#\\\/schema\\\/logo\\\/image\\\/\"},\"sameAs\":[\"https:\\\/\\\/www.facebook.com\\\/profile.php?id=100008943462799\",\"https:\\\/\\\/x.com\\\/bellunopress\",\"https:\\\/\\\/www.linkedin.com\\\/hp\\\/?dnr=JBzUWaJfMUw8vbXJJ2tVW5-I3jZKvC4wsoxE&amp;amp;amp;amp;amp;amp;trk=nav_responsive_tab_home\",\"https:\\\/\\\/www.youtube.com\\\/channel\\\/UCxL0wu1uN0_3_7hGG0306cw\"]},{\"@type\":\"Person\",\"@id\":\"https:\\\/\\\/www.bellunopress.it\\\/#\\\/schema\\\/person\\\/79bb06722b37ece1c03d3e94beb30d73\",\"name\":\"redazione\",\"image\":{\"@type\":\"ImageObject\",\"inLanguage\":\"fr-FR\",\"@id\":\"https:\\\/\\\/secure.gravatar.com\\\/avatar\\\/37d968a2e67a6fd04c169c4bdef102d0bc5d31b2546345219e348575eb80e9a0?s=96&d=mm&r=g\",\"url\":\"https:\\\/\\\/secure.gravatar.com\\\/avatar\\\/37d968a2e67a6fd04c169c4bdef102d0bc5d31b2546345219e348575eb80e9a0?s=96&d=mm&r=g\",\"contentUrl\":\"https:\\\/\\\/secure.gravatar.com\\\/avatar\\\/37d968a2e67a6fd04c169c4bdef102d0bc5d31b2546345219e348575eb80e9a0?s=96&d=mm&r=g\",\"caption\":\"redazione\"},\"sameAs\":[\"http:\\\/\\\/www.bellunopress.it\",\"https:\\\/\\\/x.com\\\/bellunopress\"],\"url\":\"https:\\\/\\\/www.bellunopress.it\\\/fr\\\/author\\\/redazione\\\/\"}]}<\/script>\n<!-- \/ Yoast SEO plugin. -->","yoast_head_json":{"title":"Confcommercio Belluno incontra i soci: novit\u00e0 fiscali e sistema creditizio - Bellunopress - Dolomiti","robots":{"index":"index","follow":"follow","max-snippet":"max-snippet:-1","max-image-preview":"max-image-preview:large","max-video-preview":"max-video-preview:-1"},"canonical":"https:\/\/www.bellunopress.it\/fr\/2013\/03\/10\/confcommercio-belluno-incontra-i-soci-novita-fiscali-e-sistema-creditizio\/","og_locale":"fr_FR","og_type":"article","og_title":"Confcommercio Belluno incontra i soci: novit\u00e0 fiscali e sistema creditizio - Bellunopress - Dolomiti","og_description":"Con l&#8217;incontro che si terr\u00e0 luned\u00ec 11 marzo, alle ore 20.30, presso la sede Ascom Formazione di Belluno, prende il via il nuovo tour di incontri su tutto il territorio provinciale organizzato da Confcommercio Belluno nell&#8217;ambito delle proprie azioni di informazione, aggiornamento e formazione dedicate alle ditte associate. Le novit\u00e0 fiscali 2013, con particolare riferimento [&hellip;]","og_url":"https:\/\/www.bellunopress.it\/fr\/2013\/03\/10\/confcommercio-belluno-incontra-i-soci-novita-fiscali-e-sistema-creditizio\/","og_site_name":"Bellunopress - Dolomiti","article_publisher":"https:\/\/www.facebook.com\/profile.php?id=100008943462799","article_published_time":"2013-03-10T19:46:22+00:00","og_image":[{"url":"http:\/\/www.bellunopress.it\/wp-content\/uploads\/2012\/07\/logo-bellunopress-250x250-2012.jpg","type":"","width":"","height":""}],"author":"redazione","twitter_card":"summary_large_image","twitter_creator":"@bellunopress","twitter_site":"@bellunopress","twitter_misc":{"Written by":"redazione","Est. reading time":"1 minute"},"schema":{"@context":"https:\/\/schema.org","@graph":[{"@type":"Article","@id":"https:\/\/www.bellunopress.it\/2013\/03\/10\/confcommercio-belluno-incontra-i-soci-novita-fiscali-e-sistema-creditizio\/#article","isPartOf":{"@id":"https:\/\/www.bellunopress.it\/2013\/03\/10\/confcommercio-belluno-incontra-i-soci-novita-fiscali-e-sistema-creditizio\/"},"author":{"name":"redazione","@id":"https:\/\/www.bellunopress.it\/#\/schema\/person\/79bb06722b37ece1c03d3e94beb30d73"},"headline":"Confcommercio Belluno incontra i soci: novit\u00e0 fiscali e sistema creditizio","datePublished":"2013-03-10T19:46:22+00:00","mainEntityOfPage":{"@id":"https:\/\/www.bellunopress.it\/2013\/03\/10\/confcommercio-belluno-incontra-i-soci-novita-fiscali-e-sistema-creditizio\/"},"wordCount":154,"publisher":{"@id":"https:\/\/www.bellunopress.it\/#organization"},"articleSection":["Appuntamenti, Eventi","Pausa Caff\u00e8"],"inLanguage":"fr-FR"},{"@type":"WebPage","@id":"https:\/\/www.bellunopress.it\/2013\/03\/10\/confcommercio-belluno-incontra-i-soci-novita-fiscali-e-sistema-creditizio\/","url":"https:\/\/www.bellunopress.it\/2013\/03\/10\/confcommercio-belluno-incontra-i-soci-novita-fiscali-e-sistema-creditizio\/","name":"Confcommercio Belluno incontra i soci: novit\u00e0 fiscali e sistema creditizio - Bellunopress - Dolomiti","isPartOf":{"@id":"https:\/\/www.bellunopress.it\/#website"},"datePublished":"2013-03-10T19:46:22+00:00","breadcrumb":{"@id":"https:\/\/www.bellunopress.it\/2013\/03\/10\/confcommercio-belluno-incontra-i-soci-novita-fiscali-e-sistema-creditizio\/#breadcrumb"},"inLanguage":"fr-FR","potentialAction":[{"@type":"ReadAction","target":["https:\/\/www.bellunopress.it\/2013\/03\/10\/confcommercio-belluno-incontra-i-soci-novita-fiscali-e-sistema-creditizio\/"]}]},{"@type":"BreadcrumbList","@id":"https:\/\/www.bellunopress.it\/2013\/03\/10\/confcommercio-belluno-incontra-i-soci-novita-fiscali-e-sistema-creditizio\/#breadcrumb","itemListElement":[{"@type":"ListItem","position":1,"name":"Home","item":"https:\/\/www.bellunopress.it\/"},{"@type":"ListItem","position":2,"name":"Confcommercio Belluno incontra i soci: novit\u00e0 fiscali e sistema creditizio"}]},{"@type":"WebSite","@id":"https:\/\/www.bellunopress.it\/#website","url":"https:\/\/www.bellunopress.it\/","name":"Bellunopress - Dolomiti","description":"e-mail: redazione@bellunopress.it","publisher":{"@id":"https:\/\/www.bellunopress.it\/#organization"},"potentialAction":[{"@type":"SearchAction","target":{"@type":"EntryPoint","urlTemplate":"https:\/\/www.bellunopress.it\/?s={search_term_string}"},"query-input":{"@type":"PropertyValueSpecification","valueRequired":true,"valueName":"search_term_string"}}],"inLanguage":"fr-FR"},{"@type":"Organization","@id":"https:\/\/www.bellunopress.it\/#organization","name":"Bellunopress","url":"https:\/\/www.bellunopress.it\/","logo":{"@type":"ImageObject","inLanguage":"fr-FR","@id":"https:\/\/www.bellunopress.it\/#\/schema\/logo\/image\/","url":"https:\/\/www.bellunopress.it\/wp-content\/uploads\/2011\/05\/cropped-logo-bellunopress-.jpg","contentUrl":"https:\/\/www.bellunopress.it\/wp-content\/uploads\/2011\/05\/cropped-logo-bellunopress-.jpg","width":512,"height":512,"caption":"Bellunopress"},"image":{"@id":"https:\/\/www.bellunopress.it\/#\/schema\/logo\/image\/"},"sameAs":["https:\/\/www.facebook.com\/profile.php?id=100008943462799","https:\/\/x.com\/bellunopress","https:\/\/www.linkedin.com\/hp\/?dnr=JBzUWaJfMUw8vbXJJ2tVW5-I3jZKvC4wsoxE&amp;amp;amp;amp;amp;amp;trk=nav_responsive_tab_home","https:\/\/www.youtube.com\/channel\/UCxL0wu1uN0_3_7hGG0306cw"]},{"@type":"Person","@id":"https:\/\/www.bellunopress.it\/#\/schema\/person\/79bb06722b37ece1c03d3e94beb30d73","name":"r\u00e9daction","image":{"@type":"ImageObject","inLanguage":"fr-FR","@id":"https:\/\/secure.gravatar.com\/avatar\/37d968a2e67a6fd04c169c4bdef102d0bc5d31b2546345219e348575eb80e9a0?s=96&d=mm&r=g","url":"https:\/\/secure.gravatar.com\/avatar\/37d968a2e67a6fd04c169c4bdef102d0bc5d31b2546345219e348575eb80e9a0?s=96&d=mm&r=g","contentUrl":"https:\/\/secure.gravatar.com\/avatar\/37d968a2e67a6fd04c169c4bdef102d0bc5d31b2546345219e348575eb80e9a0?s=96&d=mm&r=g","caption":"redazione"},"sameAs":["http:\/\/www.bellunopress.it","https:\/\/x.com\/bellunopress"],"url":"https:\/\/www.bellunopress.it\/fr\/author\/redazione\/"}]}},"_links":{"self":[{"href":"https:\/\/www.bellunopress.it\/fr\/wp-json\/wp\/v2\/posts\/47446","targetHints":{"allow":["GET"]}}],"collection":[{"href":"https:\/\/www.bellunopress.it\/fr\/wp-json\/wp\/v2\/posts"}],"about":[{"href":"https:\/\/www.bellunopress.it\/fr\/wp-json\/wp\/v2\/types\/post"}],"author":[{"embeddable":true,"href":"https:\/\/www.bellunopress.it\/fr\/wp-json\/wp\/v2\/users\/2"}],"replies":[{"embeddable":true,"href":"https:\/\/www.bellunopress.it\/fr\/wp-json\/wp\/v2\/comments?post=47446"}],"version-history":[{"count":1,"href":"https:\/\/www.bellunopress.it\/fr\/wp-json\/wp\/v2\/posts\/47446\/revisions"}],"predecessor-version":[{"id":47447,"href":"https:\/\/www.bellunopress.it\/fr\/wp-json\/wp\/v2\/posts\/47446\/revisions\/47447"}],"wp:attachment":[{"href":"https:\/\/www.bellunopress.it\/fr\/wp-json\/wp\/v2\/media?parent=47446"}],"wp:term":[{"taxonomy":"category","embeddable":true,"href":"https:\/\/www.bellunopress.it\/fr\/wp-json\/wp\/v2\/categories?post=47446"},{"taxonomy":"post_tag","embeddable":true,"href":"https:\/\/www.bellunopress.it\/fr\/wp-json\/wp\/v2\/tags?post=47446"}],"curies":[{"name":"wp","href":"https:\/\/api.w.org\/{rel}","templated":true}]}}