{"id":47431,"date":"2013-03-08T10:45:11","date_gmt":"2013-03-08T09:45:11","guid":{"rendered":"http:\/\/www.bellunopress.it\/?p=47431"},"modified":"2013-03-08T10:45:11","modified_gmt":"2013-03-08T09:45:11","slug":"sabato-9-marzo-alle-10-cerimonia-a-s-antonio-tortal-per-commemorare-i-fratelli-schiocchet-e-i-loro-compagni","status":"publish","type":"post","link":"https:\/\/www.bellunopress.it\/fr\/2013\/03\/08\/sabato-9-marzo-alle-10-cerimonia-a-s-antonio-tortal-per-commemorare-i-fratelli-schiocchet-e-i-loro-compagni\/","title":{"rendered":"Sabato 9 marzo, alle 10, Cerimonia a S. Antonio Tortal per commemorare i Fratelli Schiocchet e i loro compagni"},"content":{"rendered":"<figure id=\"attachment_25489\" aria-describedby=\"caption-attachment-25489\" style=\"width: 140px\" class=\"wp-caption alignleft\"><a href=\"http:\/\/www.bellunopress.it\/wp-content\/uploads\/2011\/04\/giorgio-cavallet.jpg\"><img loading=\"lazy\" decoding=\"async\" class=\"size-full wp-image-25489\" alt=\"Giorgio Cavallet sindaco di Trichiana\" src=\"http:\/\/www.bellunopress.it\/wp-content\/uploads\/2011\/04\/giorgio-cavallet.jpg\" width=\"140\" height=\"140\" \/><\/a><figcaption id=\"caption-attachment-25489\" class=\"wp-caption-text\">Giorgio Cavallet sindaco di Trichiana<\/figcaption><\/figure>\n<p>Si svolger\u00e0 sabato 9 marzo la cerimonia di commemorazione dei quattro fratelli Schiocchet, Felice, Gervasio, Antonio e Giuseppe, e dei loro compagni trucidati a Sant&#8217;Antonio Tortal il 10 marzo del 1945.<\/p>\n<p>La commemorazione del loro eroico sacrificio e di quello dei loro compagni, Martiri della libert\u00e0, inizier\u00e0 alle 9.50, con il ritrovo nella piazza Fratelli Schiocchet, a S. Antonio Tortal. Dopo la celebrazione della Santa Messa, il corteo si sposter\u00e0 al Monumento ai Caduti, per la deposizone di una corona e per l\u2019intervento commemorativo del Sindaco, Giorgio Cavallet, cui seguiranno le riflessioni proposte, come ogni anno, con sempre grandi impegno e partecipazione, dai ragazzi delle classi terze della Scuola secondaria di primo grado \u201cF.lli Schiocchet\u201d, di Trichiana.<\/p>\n<p>Dopo questo tradizionale momento, voluto e sentito perch\u00e9 rimangano sempre vivi i valori di impegno, responsabilit\u00e0 e coraggio, il corteo si sposter\u00e0 al vicino, rinnovato cippo commemorativo dei Caduti della Guerra di Liberazione, dove verr\u00e0 dato loro omaggio, mediante la deposizione, in collaborazione con la Famiglia Ex Emigranti della Sinistra Piave, di una coroncina donata da un Emigrante cugino del caduto Donadon Aldo.<\/p>\n<p>\u201cL\u2019appuntamento di marzo, a S. Antonio, \u2013 commenta il Sindaco \u2013 riveste un ruolo importante per la Comunit\u00e0, perch\u00e9 in quei tragici avvenimenti si \u00e8 concretizzata una fase importante della storia del nostro paese e dell\u2019Italia intera. La nostra riconoscenza, quindi, va tenuta sempre accesa, rinnovata, rimotivata e, soprattutto, trasmessa alle nuove generazioni che hanno il compito tremendamente importante di essere sentinelle a custodia, promozione e difesa della pace, della giustizia e della libert\u00e0\u201d.<\/p>\n<p>&nbsp;<\/p>","protected":false},"excerpt":{"rendered":"<p>Si svolger\u00e0 sabato 9 marzo la cerimonia di commemorazione dei quattro fratelli Schiocchet, Felice, Gervasio, Antonio e Giuseppe, e dei loro compagni trucidati a Sant&#8217;Antonio Tortal il 10 marzo del 1945. La commemorazione del loro eroico sacrificio e di quello dei loro compagni, Martiri della libert\u00e0, inizier\u00e0 alle 9.50, con il ritrovo nella piazza Fratelli [&hellip;]<\/p>\n","protected":false},"author":2,"featured_media":0,"comment_status":"closed","ping_status":"open","sticky":false,"template":"","format":"standard","meta":{"footnotes":""},"categories":[5,26],"tags":[],"class_list":["post-47431","post","type-post","status-publish","format-standard","category-cronaca","category-prima-pagina"],"yoast_head":"<!-- This site is optimized with the Yoast SEO plugin v28.4 - https:\/\/yoast.com\/product\/yoast-seo-wordpress\/ -->\n<title>Sabato 9 marzo, alle 10, Cerimonia a S. Antonio Tortal per commemorare i Fratelli Schiocchet e i loro compagni - Bellunopress - Dolomiti<\/title>\n<meta name=\"robots\" content=\"index, follow, max-snippet:-1, max-image-preview:large, max-video-preview:-1\" \/>\n<link rel=\"canonical\" href=\"https:\/\/www.bellunopress.it\/fr\/2013\/03\/08\/sabato-9-marzo-alle-10-cerimonia-a-s-antonio-tortal-per-commemorare-i-fratelli-schiocchet-e-i-loro-compagni\/\" \/>\n<meta property=\"og:locale\" content=\"fr_FR\" \/>\n<meta property=\"og:type\" content=\"article\" \/>\n<meta property=\"og:title\" content=\"Sabato 9 marzo, alle 10, Cerimonia a S. Antonio Tortal per commemorare i Fratelli Schiocchet e i loro compagni - Bellunopress - Dolomiti\" \/>\n<meta property=\"og:description\" content=\"Si svolger\u00e0 sabato 9 marzo la cerimonia di commemorazione dei quattro fratelli Schiocchet, Felice, Gervasio, Antonio e Giuseppe, e dei loro compagni trucidati a Sant&#8217;Antonio Tortal il 10 marzo del 1945. La commemorazione del loro eroico sacrificio e di quello dei loro compagni, Martiri della libert\u00e0, inizier\u00e0 alle 9.50, con il ritrovo nella piazza Fratelli [&hellip;]\" \/>\n<meta property=\"og:url\" content=\"https:\/\/www.bellunopress.it\/fr\/2013\/03\/08\/sabato-9-marzo-alle-10-cerimonia-a-s-antonio-tortal-per-commemorare-i-fratelli-schiocchet-e-i-loro-compagni\/\" \/>\n<meta property=\"og:site_name\" content=\"Bellunopress - Dolomiti\" \/>\n<meta property=\"article:publisher\" content=\"https:\/\/www.facebook.com\/profile.php?id=100008943462799\" \/>\n<meta property=\"article:published_time\" content=\"2013-03-08T09:45:11+00:00\" \/>\n<meta property=\"og:image\" content=\"http:\/\/www.bellunopress.it\/wp-content\/uploads\/2011\/04\/giorgio-cavallet.jpg\" \/>\n<meta name=\"author\" content=\"redazione\" \/>\n<meta name=\"twitter:card\" content=\"summary_large_image\" \/>\n<meta name=\"twitter:creator\" content=\"@bellunopress\" \/>\n<meta name=\"twitter:site\" content=\"@bellunopress\" \/>\n<meta name=\"twitter:label1\" content=\"Written by\" \/>\n\t<meta name=\"twitter:data1\" content=\"redazione\" \/>\n\t<meta name=\"twitter:label2\" content=\"Est. reading time\" \/>\n\t<meta name=\"twitter:data2\" content=\"1 minute\" \/>\n<script type=\"application\/ld+json\" class=\"yoast-schema-graph\">{\"@context\":\"https:\\\/\\\/schema.org\",\"@graph\":[{\"@type\":\"Article\",\"@id\":\"https:\\\/\\\/www.bellunopress.it\\\/2013\\\/03\\\/08\\\/sabato-9-marzo-alle-10-cerimonia-a-s-antonio-tortal-per-commemorare-i-fratelli-schiocchet-e-i-loro-compagni\\\/#article\",\"isPartOf\":{\"@id\":\"https:\\\/\\\/www.bellunopress.it\\\/2013\\\/03\\\/08\\\/sabato-9-marzo-alle-10-cerimonia-a-s-antonio-tortal-per-commemorare-i-fratelli-schiocchet-e-i-loro-compagni\\\/\"},\"author\":{\"name\":\"redazione\",\"@id\":\"https:\\\/\\\/www.bellunopress.it\\\/#\\\/schema\\\/person\\\/79bb06722b37ece1c03d3e94beb30d73\"},\"headline\":\"Sabato 9 marzo, alle 10, Cerimonia a S. Antonio Tortal per commemorare i Fratelli Schiocchet e i loro compagni\",\"datePublished\":\"2013-03-08T09:45:11+00:00\",\"mainEntityOfPage\":{\"@id\":\"https:\\\/\\\/www.bellunopress.it\\\/2013\\\/03\\\/08\\\/sabato-9-marzo-alle-10-cerimonia-a-s-antonio-tortal-per-commemorare-i-fratelli-schiocchet-e-i-loro-compagni\\\/\"},\"wordCount\":282,\"publisher\":{\"@id\":\"https:\\\/\\\/www.bellunopress.it\\\/#organization\"},\"image\":{\"@id\":\"https:\\\/\\\/www.bellunopress.it\\\/2013\\\/03\\\/08\\\/sabato-9-marzo-alle-10-cerimonia-a-s-antonio-tortal-per-commemorare-i-fratelli-schiocchet-e-i-loro-compagni\\\/#primaryimage\"},\"thumbnailUrl\":\"http:\\\/\\\/www.bellunopress.it\\\/wp-content\\\/uploads\\\/2011\\\/04\\\/giorgio-cavallet.jpg\",\"articleSection\":[\"Cronaca\\\/Politica\",\"Prima Pagina\"],\"inLanguage\":\"fr-FR\"},{\"@type\":\"WebPage\",\"@id\":\"https:\\\/\\\/www.bellunopress.it\\\/2013\\\/03\\\/08\\\/sabato-9-marzo-alle-10-cerimonia-a-s-antonio-tortal-per-commemorare-i-fratelli-schiocchet-e-i-loro-compagni\\\/\",\"url\":\"https:\\\/\\\/www.bellunopress.it\\\/2013\\\/03\\\/08\\\/sabato-9-marzo-alle-10-cerimonia-a-s-antonio-tortal-per-commemorare-i-fratelli-schiocchet-e-i-loro-compagni\\\/\",\"name\":\"Sabato 9 marzo, alle 10, Cerimonia a S. Antonio Tortal per commemorare i Fratelli Schiocchet e i loro compagni - Bellunopress - Dolomiti\",\"isPartOf\":{\"@id\":\"https:\\\/\\\/www.bellunopress.it\\\/#website\"},\"primaryImageOfPage\":{\"@id\":\"https:\\\/\\\/www.bellunopress.it\\\/2013\\\/03\\\/08\\\/sabato-9-marzo-alle-10-cerimonia-a-s-antonio-tortal-per-commemorare-i-fratelli-schiocchet-e-i-loro-compagni\\\/#primaryimage\"},\"image\":{\"@id\":\"https:\\\/\\\/www.bellunopress.it\\\/2013\\\/03\\\/08\\\/sabato-9-marzo-alle-10-cerimonia-a-s-antonio-tortal-per-commemorare-i-fratelli-schiocchet-e-i-loro-compagni\\\/#primaryimage\"},\"thumbnailUrl\":\"http:\\\/\\\/www.bellunopress.it\\\/wp-content\\\/uploads\\\/2011\\\/04\\\/giorgio-cavallet.jpg\",\"datePublished\":\"2013-03-08T09:45:11+00:00\",\"breadcrumb\":{\"@id\":\"https:\\\/\\\/www.bellunopress.it\\\/2013\\\/03\\\/08\\\/sabato-9-marzo-alle-10-cerimonia-a-s-antonio-tortal-per-commemorare-i-fratelli-schiocchet-e-i-loro-compagni\\\/#breadcrumb\"},\"inLanguage\":\"fr-FR\",\"potentialAction\":[{\"@type\":\"ReadAction\",\"target\":[\"https:\\\/\\\/www.bellunopress.it\\\/2013\\\/03\\\/08\\\/sabato-9-marzo-alle-10-cerimonia-a-s-antonio-tortal-per-commemorare-i-fratelli-schiocchet-e-i-loro-compagni\\\/\"]}]},{\"@type\":\"ImageObject\",\"inLanguage\":\"fr-FR\",\"@id\":\"https:\\\/\\\/www.bellunopress.it\\\/2013\\\/03\\\/08\\\/sabato-9-marzo-alle-10-cerimonia-a-s-antonio-tortal-per-commemorare-i-fratelli-schiocchet-e-i-loro-compagni\\\/#primaryimage\",\"url\":\"http:\\\/\\\/www.bellunopress.it\\\/wp-content\\\/uploads\\\/2011\\\/04\\\/giorgio-cavallet.jpg\",\"contentUrl\":\"http:\\\/\\\/www.bellunopress.it\\\/wp-content\\\/uploads\\\/2011\\\/04\\\/giorgio-cavallet.jpg\"},{\"@type\":\"BreadcrumbList\",\"@id\":\"https:\\\/\\\/www.bellunopress.it\\\/2013\\\/03\\\/08\\\/sabato-9-marzo-alle-10-cerimonia-a-s-antonio-tortal-per-commemorare-i-fratelli-schiocchet-e-i-loro-compagni\\\/#breadcrumb\",\"itemListElement\":[{\"@type\":\"ListItem\",\"position\":1,\"name\":\"Home\",\"item\":\"https:\\\/\\\/www.bellunopress.it\\\/\"},{\"@type\":\"ListItem\",\"position\":2,\"name\":\"Sabato 9 marzo, alle 10, Cerimonia a S. Antonio Tortal per commemorare i Fratelli Schiocchet e i loro compagni\"}]},{\"@type\":\"WebSite\",\"@id\":\"https:\\\/\\\/www.bellunopress.it\\\/#website\",\"url\":\"https:\\\/\\\/www.bellunopress.it\\\/\",\"name\":\"Bellunopress - Dolomiti\",\"description\":\"e-mail: redazione@bellunopress.it\",\"publisher\":{\"@id\":\"https:\\\/\\\/www.bellunopress.it\\\/#organization\"},\"potentialAction\":[{\"@type\":\"SearchAction\",\"target\":{\"@type\":\"EntryPoint\",\"urlTemplate\":\"https:\\\/\\\/www.bellunopress.it\\\/?s={search_term_string}\"},\"query-input\":{\"@type\":\"PropertyValueSpecification\",\"valueRequired\":true,\"valueName\":\"search_term_string\"}}],\"inLanguage\":\"fr-FR\"},{\"@type\":\"Organization\",\"@id\":\"https:\\\/\\\/www.bellunopress.it\\\/#organization\",\"name\":\"Bellunopress\",\"url\":\"https:\\\/\\\/www.bellunopress.it\\\/\",\"logo\":{\"@type\":\"ImageObject\",\"inLanguage\":\"fr-FR\",\"@id\":\"https:\\\/\\\/www.bellunopress.it\\\/#\\\/schema\\\/logo\\\/image\\\/\",\"url\":\"https:\\\/\\\/www.bellunopress.it\\\/wp-content\\\/uploads\\\/2011\\\/05\\\/cropped-logo-bellunopress-.jpg\",\"contentUrl\":\"https:\\\/\\\/www.bellunopress.it\\\/wp-content\\\/uploads\\\/2011\\\/05\\\/cropped-logo-bellunopress-.jpg\",\"width\":512,\"height\":512,\"caption\":\"Bellunopress\"},\"image\":{\"@id\":\"https:\\\/\\\/www.bellunopress.it\\\/#\\\/schema\\\/logo\\\/image\\\/\"},\"sameAs\":[\"https:\\\/\\\/www.facebook.com\\\/profile.php?id=100008943462799\",\"https:\\\/\\\/x.com\\\/bellunopress\",\"https:\\\/\\\/www.linkedin.com\\\/hp\\\/?dnr=JBzUWaJfMUw8vbXJJ2tVW5-I3jZKvC4wsoxE&amp;amp;amp;amp;amp;amp;trk=nav_responsive_tab_home\",\"https:\\\/\\\/www.youtube.com\\\/channel\\\/UCxL0wu1uN0_3_7hGG0306cw\"]},{\"@type\":\"Person\",\"@id\":\"https:\\\/\\\/www.bellunopress.it\\\/#\\\/schema\\\/person\\\/79bb06722b37ece1c03d3e94beb30d73\",\"name\":\"redazione\",\"image\":{\"@type\":\"ImageObject\",\"inLanguage\":\"fr-FR\",\"@id\":\"https:\\\/\\\/secure.gravatar.com\\\/avatar\\\/37d968a2e67a6fd04c169c4bdef102d0bc5d31b2546345219e348575eb80e9a0?s=96&d=mm&r=g\",\"url\":\"https:\\\/\\\/secure.gravatar.com\\\/avatar\\\/37d968a2e67a6fd04c169c4bdef102d0bc5d31b2546345219e348575eb80e9a0?s=96&d=mm&r=g\",\"contentUrl\":\"https:\\\/\\\/secure.gravatar.com\\\/avatar\\\/37d968a2e67a6fd04c169c4bdef102d0bc5d31b2546345219e348575eb80e9a0?s=96&d=mm&r=g\",\"caption\":\"redazione\"},\"sameAs\":[\"http:\\\/\\\/www.bellunopress.it\",\"https:\\\/\\\/x.com\\\/bellunopress\"],\"url\":\"https:\\\/\\\/www.bellunopress.it\\\/fr\\\/author\\\/redazione\\\/\"}]}<\/script>\n<!-- \/ Yoast SEO plugin. -->","yoast_head_json":{"title":"Sabato 9 marzo, alle 10, Cerimonia a S. Antonio Tortal per commemorare i Fratelli Schiocchet e i loro compagni - Bellunopress - Dolomiti","robots":{"index":"index","follow":"follow","max-snippet":"max-snippet:-1","max-image-preview":"max-image-preview:large","max-video-preview":"max-video-preview:-1"},"canonical":"https:\/\/www.bellunopress.it\/fr\/2013\/03\/08\/sabato-9-marzo-alle-10-cerimonia-a-s-antonio-tortal-per-commemorare-i-fratelli-schiocchet-e-i-loro-compagni\/","og_locale":"fr_FR","og_type":"article","og_title":"Sabato 9 marzo, alle 10, Cerimonia a S. Antonio Tortal per commemorare i Fratelli Schiocchet e i loro compagni - Bellunopress - Dolomiti","og_description":"Si svolger\u00e0 sabato 9 marzo la cerimonia di commemorazione dei quattro fratelli Schiocchet, Felice, Gervasio, Antonio e Giuseppe, e dei loro compagni trucidati a Sant&#8217;Antonio Tortal il 10 marzo del 1945. La commemorazione del loro eroico sacrificio e di quello dei loro compagni, Martiri della libert\u00e0, inizier\u00e0 alle 9.50, con il ritrovo nella piazza Fratelli [&hellip;]","og_url":"https:\/\/www.bellunopress.it\/fr\/2013\/03\/08\/sabato-9-marzo-alle-10-cerimonia-a-s-antonio-tortal-per-commemorare-i-fratelli-schiocchet-e-i-loro-compagni\/","og_site_name":"Bellunopress - Dolomiti","article_publisher":"https:\/\/www.facebook.com\/profile.php?id=100008943462799","article_published_time":"2013-03-08T09:45:11+00:00","og_image":[{"url":"http:\/\/www.bellunopress.it\/wp-content\/uploads\/2011\/04\/giorgio-cavallet.jpg","type":"","width":"","height":""}],"author":"redazione","twitter_card":"summary_large_image","twitter_creator":"@bellunopress","twitter_site":"@bellunopress","twitter_misc":{"Written by":"redazione","Est. reading time":"1 minute"},"schema":{"@context":"https:\/\/schema.org","@graph":[{"@type":"Article","@id":"https:\/\/www.bellunopress.it\/2013\/03\/08\/sabato-9-marzo-alle-10-cerimonia-a-s-antonio-tortal-per-commemorare-i-fratelli-schiocchet-e-i-loro-compagni\/#article","isPartOf":{"@id":"https:\/\/www.bellunopress.it\/2013\/03\/08\/sabato-9-marzo-alle-10-cerimonia-a-s-antonio-tortal-per-commemorare-i-fratelli-schiocchet-e-i-loro-compagni\/"},"author":{"name":"redazione","@id":"https:\/\/www.bellunopress.it\/#\/schema\/person\/79bb06722b37ece1c03d3e94beb30d73"},"headline":"Sabato 9 marzo, alle 10, Cerimonia a S. Antonio Tortal per commemorare i Fratelli Schiocchet e i loro compagni","datePublished":"2013-03-08T09:45:11+00:00","mainEntityOfPage":{"@id":"https:\/\/www.bellunopress.it\/2013\/03\/08\/sabato-9-marzo-alle-10-cerimonia-a-s-antonio-tortal-per-commemorare-i-fratelli-schiocchet-e-i-loro-compagni\/"},"wordCount":282,"publisher":{"@id":"https:\/\/www.bellunopress.it\/#organization"},"image":{"@id":"https:\/\/www.bellunopress.it\/2013\/03\/08\/sabato-9-marzo-alle-10-cerimonia-a-s-antonio-tortal-per-commemorare-i-fratelli-schiocchet-e-i-loro-compagni\/#primaryimage"},"thumbnailUrl":"http:\/\/www.bellunopress.it\/wp-content\/uploads\/2011\/04\/giorgio-cavallet.jpg","articleSection":["Cronaca\/Politica","Prima Pagina"],"inLanguage":"fr-FR"},{"@type":"WebPage","@id":"https:\/\/www.bellunopress.it\/2013\/03\/08\/sabato-9-marzo-alle-10-cerimonia-a-s-antonio-tortal-per-commemorare-i-fratelli-schiocchet-e-i-loro-compagni\/","url":"https:\/\/www.bellunopress.it\/2013\/03\/08\/sabato-9-marzo-alle-10-cerimonia-a-s-antonio-tortal-per-commemorare-i-fratelli-schiocchet-e-i-loro-compagni\/","name":"Sabato 9 marzo, alle 10, Cerimonia a S. Antonio Tortal per commemorare i Fratelli Schiocchet e i loro compagni - Bellunopress - Dolomiti","isPartOf":{"@id":"https:\/\/www.bellunopress.it\/#website"},"primaryImageOfPage":{"@id":"https:\/\/www.bellunopress.it\/2013\/03\/08\/sabato-9-marzo-alle-10-cerimonia-a-s-antonio-tortal-per-commemorare-i-fratelli-schiocchet-e-i-loro-compagni\/#primaryimage"},"image":{"@id":"https:\/\/www.bellunopress.it\/2013\/03\/08\/sabato-9-marzo-alle-10-cerimonia-a-s-antonio-tortal-per-commemorare-i-fratelli-schiocchet-e-i-loro-compagni\/#primaryimage"},"thumbnailUrl":"http:\/\/www.bellunopress.it\/wp-content\/uploads\/2011\/04\/giorgio-cavallet.jpg","datePublished":"2013-03-08T09:45:11+00:00","breadcrumb":{"@id":"https:\/\/www.bellunopress.it\/2013\/03\/08\/sabato-9-marzo-alle-10-cerimonia-a-s-antonio-tortal-per-commemorare-i-fratelli-schiocchet-e-i-loro-compagni\/#breadcrumb"},"inLanguage":"fr-FR","potentialAction":[{"@type":"ReadAction","target":["https:\/\/www.bellunopress.it\/2013\/03\/08\/sabato-9-marzo-alle-10-cerimonia-a-s-antonio-tortal-per-commemorare-i-fratelli-schiocchet-e-i-loro-compagni\/"]}]},{"@type":"ImageObject","inLanguage":"fr-FR","@id":"https:\/\/www.bellunopress.it\/2013\/03\/08\/sabato-9-marzo-alle-10-cerimonia-a-s-antonio-tortal-per-commemorare-i-fratelli-schiocchet-e-i-loro-compagni\/#primaryimage","url":"http:\/\/www.bellunopress.it\/wp-content\/uploads\/2011\/04\/giorgio-cavallet.jpg","contentUrl":"http:\/\/www.bellunopress.it\/wp-content\/uploads\/2011\/04\/giorgio-cavallet.jpg"},{"@type":"BreadcrumbList","@id":"https:\/\/www.bellunopress.it\/2013\/03\/08\/sabato-9-marzo-alle-10-cerimonia-a-s-antonio-tortal-per-commemorare-i-fratelli-schiocchet-e-i-loro-compagni\/#breadcrumb","itemListElement":[{"@type":"ListItem","position":1,"name":"Home","item":"https:\/\/www.bellunopress.it\/"},{"@type":"ListItem","position":2,"name":"Sabato 9 marzo, alle 10, Cerimonia a S. Antonio Tortal per commemorare i Fratelli Schiocchet e i loro compagni"}]},{"@type":"WebSite","@id":"https:\/\/www.bellunopress.it\/#website","url":"https:\/\/www.bellunopress.it\/","name":"Bellunopress - Dolomiti","description":"e-mail: redazione@bellunopress.it","publisher":{"@id":"https:\/\/www.bellunopress.it\/#organization"},"potentialAction":[{"@type":"SearchAction","target":{"@type":"EntryPoint","urlTemplate":"https:\/\/www.bellunopress.it\/?s={search_term_string}"},"query-input":{"@type":"PropertyValueSpecification","valueRequired":true,"valueName":"search_term_string"}}],"inLanguage":"fr-FR"},{"@type":"Organization","@id":"https:\/\/www.bellunopress.it\/#organization","name":"Bellunopress","url":"https:\/\/www.bellunopress.it\/","logo":{"@type":"ImageObject","inLanguage":"fr-FR","@id":"https:\/\/www.bellunopress.it\/#\/schema\/logo\/image\/","url":"https:\/\/www.bellunopress.it\/wp-content\/uploads\/2011\/05\/cropped-logo-bellunopress-.jpg","contentUrl":"https:\/\/www.bellunopress.it\/wp-content\/uploads\/2011\/05\/cropped-logo-bellunopress-.jpg","width":512,"height":512,"caption":"Bellunopress"},"image":{"@id":"https:\/\/www.bellunopress.it\/#\/schema\/logo\/image\/"},"sameAs":["https:\/\/www.facebook.com\/profile.php?id=100008943462799","https:\/\/x.com\/bellunopress","https:\/\/www.linkedin.com\/hp\/?dnr=JBzUWaJfMUw8vbXJJ2tVW5-I3jZKvC4wsoxE&amp;amp;amp;amp;amp;amp;trk=nav_responsive_tab_home","https:\/\/www.youtube.com\/channel\/UCxL0wu1uN0_3_7hGG0306cw"]},{"@type":"Person","@id":"https:\/\/www.bellunopress.it\/#\/schema\/person\/79bb06722b37ece1c03d3e94beb30d73","name":"r\u00e9daction","image":{"@type":"ImageObject","inLanguage":"fr-FR","@id":"https:\/\/secure.gravatar.com\/avatar\/37d968a2e67a6fd04c169c4bdef102d0bc5d31b2546345219e348575eb80e9a0?s=96&d=mm&r=g","url":"https:\/\/secure.gravatar.com\/avatar\/37d968a2e67a6fd04c169c4bdef102d0bc5d31b2546345219e348575eb80e9a0?s=96&d=mm&r=g","contentUrl":"https:\/\/secure.gravatar.com\/avatar\/37d968a2e67a6fd04c169c4bdef102d0bc5d31b2546345219e348575eb80e9a0?s=96&d=mm&r=g","caption":"redazione"},"sameAs":["http:\/\/www.bellunopress.it","https:\/\/x.com\/bellunopress"],"url":"https:\/\/www.bellunopress.it\/fr\/author\/redazione\/"}]}},"_links":{"self":[{"href":"https:\/\/www.bellunopress.it\/fr\/wp-json\/wp\/v2\/posts\/47431","targetHints":{"allow":["GET"]}}],"collection":[{"href":"https:\/\/www.bellunopress.it\/fr\/wp-json\/wp\/v2\/posts"}],"about":[{"href":"https:\/\/www.bellunopress.it\/fr\/wp-json\/wp\/v2\/types\/post"}],"author":[{"embeddable":true,"href":"https:\/\/www.bellunopress.it\/fr\/wp-json\/wp\/v2\/users\/2"}],"replies":[{"embeddable":true,"href":"https:\/\/www.bellunopress.it\/fr\/wp-json\/wp\/v2\/comments?post=47431"}],"version-history":[{"count":2,"href":"https:\/\/www.bellunopress.it\/fr\/wp-json\/wp\/v2\/posts\/47431\/revisions"}],"predecessor-version":[{"id":47433,"href":"https:\/\/www.bellunopress.it\/fr\/wp-json\/wp\/v2\/posts\/47431\/revisions\/47433"}],"wp:attachment":[{"href":"https:\/\/www.bellunopress.it\/fr\/wp-json\/wp\/v2\/media?parent=47431"}],"wp:term":[{"taxonomy":"category","embeddable":true,"href":"https:\/\/www.bellunopress.it\/fr\/wp-json\/wp\/v2\/categories?post=47431"},{"taxonomy":"post_tag","embeddable":true,"href":"https:\/\/www.bellunopress.it\/fr\/wp-json\/wp\/v2\/tags?post=47431"}],"curies":[{"name":"wp","href":"https:\/\/api.w.org\/{rel}","templated":true}]}}