{"id":47412,"date":"2013-03-07T18:51:53","date_gmt":"2013-03-07T17:51:53","guid":{"rendered":"http:\/\/www.bellunopress.it\/?p=47412"},"modified":"2013-03-07T18:51:53","modified_gmt":"2013-03-07T17:51:53","slug":"convegno-lo-sport-giovane-martedi-al-teatro-comunale-di-belluno","status":"publish","type":"post","link":"https:\/\/www.bellunopress.it\/fr\/2013\/03\/07\/convegno-lo-sport-giovane-martedi-al-teatro-comunale-di-belluno\/","title":{"rendered":"Convegno &#8220;Lo sport giovane&#8221; marted\u00ec al Teatro comunale di Belluno"},"content":{"rendered":"<p>L\u2019associazione UNIONE SPORT BELLUNO, organizza nella giornata di marted\u00ec 12 marzo 2013, con inizio alle ore 18:15, presso il Teatro Comunale di Belluno, il convegno \u201cLO SPORT GIOVANE\u201d.<\/p>\n<p>L\u2019obbiettivo prefisso sar\u00e0 di affrontare il mondo dello sport giovanile, analizzandone le dinamiche, in relazione, soprattutto, alla prematura disaffezione allo sport da parte dei ragazzi, ma anche apportare le esperienze di atleti di primissimo livello, anche bellunesi, che attraverso lo sport hanno ottenuto importanti obbiettivi. Il confronto con sportivi di caratura nazionale e mondiale pu\u00f2 arricchire l\u2019operatore dello sport, il genitore, ma, soprattutto il giovane.<\/p>\n<p>Gli atleti che hanno generosamente e entusiasticamente risposto all\u2019invito di USB rispondono ai nomi di STEFANO BALDINI, oro olimpico nella maratona di Atene, GABRIELLA PARUZZI, oro olimpico nella 30 km di Salt Lake City, VITTORIO MUNARI, gi\u00e0 giocatore di rugby, poi allenatore ed oggi general manager del Benetton Rugby e commentatore Sky per il Sei Nazioni, MARZIO INNOCENTI, giocatore ed allenatore di rugby ed oggi presidente del Comitato Regionale Veneto F.I.R, ALBERTO SGARBI e MARCO FILIPPUCCI, atleti del Benetton Rugby, GABRIELE DE NARD e CORRADO PILAT, bellunesi doc, rispettivamente Campione Italiano in carica di cross e rugbista di ottimo livello, ex nazionale.<\/p>\n<p>LO SPORT GIOVANE sar\u00e0, di fatto, il primo vero evento della UNIONE SPORT BELLUNO! Un evento in cui, oltre a dialogare con gli ospiti, sar\u00e0 spiegato in forma definitiva l\u2019obbiettivo delle cinque societ\u00e0 sportive che hanno creduto e stanno credendo molto nel fatto che l\u2019unione per concentrare le forze nei giovani sia un\u2019idea vincente e percorribile da tutte la realt\u00e0.<\/p>\n<p>\u201cSiamo molto felici di essere riusciti a coinvolgere personaggi sportivi di questo valore per il primo evento ufficiale di USB \u2013 afferma il presidente Perissinotto \u2013 tanto che siamo convinti che riusciremo a trasmettere, a tutti coloro che desidereranno partecipare al convegno, idee interessanti e certamente stimolanti. Questo primo obbiettivo \u00e8 stato raggiunto grazie al lavoro in team delle persone delle nostre cinque realt\u00e0 e credo che sia gi\u00e0 un importante segnale del fatto che si possa serenamente affrontare una strada comune, quando gli obbiettivi condivisi sono realmente di interesse globale. Posso affermare con certezza che singolarmente non saremmo mai riusciti nell\u2019organizzare un evento del genere. Questo ci \u00e8 da ulteriore spunto e sprone per i successivi eventi di cui, a margine del convegno, daremo informazioni alla platea. Noi crediamo fortemente che, in questo periodo soprattutto, la collaborazione tra le societ\u00e0 e il dialogo costruttivo con tutte le realt\u00e0 coinvolte nella vita sportiva, amministrativa ecc, siano idee vincenti per poter cominciare a pensare di sopravvivere, prima, ma soprattutto costruire qualcosa per la comunit\u00e0 e per i giovani in particolare. Il nostro messaggio \u00e8 quello di sempre\u2026.lavoreremo uniti per degli obbiettivi e se qualcuno vorr\u00e0 comprendere correttamente l\u2019importanza del nostro impegno, tanto da volerci affiancare, saremo felice di coinvolgerlo.\u201d<\/p>\n<p>La serata sar\u00e0 presentata da Giovanni Viel. L\u2019ingresso sar\u00e0 libero a tutti coloro che vorranno partecipare.<\/p>","protected":false},"excerpt":{"rendered":"<p>L\u2019associazione UNIONE SPORT BELLUNO, organizza nella giornata di marted\u00ec 12 marzo 2013, con inizio alle ore 18:15, presso il Teatro Comunale di Belluno, il convegno \u201cLO SPORT GIOVANE\u201d. L\u2019obbiettivo prefisso sar\u00e0 di affrontare il mondo dello sport giovanile, analizzandone le dinamiche, in relazione, soprattutto, alla prematura disaffezione allo sport da parte dei ragazzi, ma anche [&hellip;]<\/p>\n","protected":false},"author":2,"featured_media":0,"comment_status":"closed","ping_status":"open","sticky":false,"template":"","format":"standard","meta":{"footnotes":""},"categories":[25,4],"tags":[],"class_list":["post-47412","post","type-post","status-publish","format-standard","category-pausa-caffe","category-sport"],"yoast_head":"<!-- This site is optimized with the Yoast SEO plugin v28.4 - https:\/\/yoast.com\/product\/yoast-seo-wordpress\/ -->\n<title>Convegno &quot;Lo sport giovane&quot; marted\u00ec al Teatro comunale di Belluno - Bellunopress - Dolomiti<\/title>\n<meta name=\"robots\" content=\"index, follow, max-snippet:-1, max-image-preview:large, max-video-preview:-1\" \/>\n<link rel=\"canonical\" href=\"https:\/\/www.bellunopress.it\/fr\/2013\/03\/07\/convegno-lo-sport-giovane-martedi-al-teatro-comunale-di-belluno\/\" \/>\n<meta property=\"og:locale\" content=\"fr_FR\" \/>\n<meta property=\"og:type\" content=\"article\" \/>\n<meta property=\"og:title\" content=\"Convegno &quot;Lo sport giovane&quot; marted\u00ec al Teatro comunale di Belluno - Bellunopress - Dolomiti\" \/>\n<meta property=\"og:description\" content=\"L\u2019associazione UNIONE SPORT BELLUNO, organizza nella giornata di marted\u00ec 12 marzo 2013, con inizio alle ore 18:15, presso il Teatro Comunale di Belluno, il convegno \u201cLO SPORT GIOVANE\u201d. L\u2019obbiettivo prefisso sar\u00e0 di affrontare il mondo dello sport giovanile, analizzandone le dinamiche, in relazione, soprattutto, alla prematura disaffezione allo sport da parte dei ragazzi, ma anche [&hellip;]\" \/>\n<meta property=\"og:url\" content=\"https:\/\/www.bellunopress.it\/fr\/2013\/03\/07\/convegno-lo-sport-giovane-martedi-al-teatro-comunale-di-belluno\/\" \/>\n<meta property=\"og:site_name\" content=\"Bellunopress - Dolomiti\" \/>\n<meta property=\"article:publisher\" content=\"https:\/\/www.facebook.com\/profile.php?id=100008943462799\" \/>\n<meta property=\"article:published_time\" content=\"2013-03-07T17:51:53+00:00\" \/>\n<meta property=\"og:image\" content=\"http:\/\/www.bellunopress.it\/wp-content\/uploads\/2012\/07\/logo-bellunopress-250x250-2012.jpg\" \/>\n<meta name=\"author\" content=\"redazione\" \/>\n<meta name=\"twitter:card\" content=\"summary_large_image\" \/>\n<meta name=\"twitter:creator\" content=\"@bellunopress\" \/>\n<meta name=\"twitter:site\" content=\"@bellunopress\" \/>\n<meta name=\"twitter:label1\" content=\"Written by\" \/>\n\t<meta name=\"twitter:data1\" content=\"redazione\" \/>\n\t<meta name=\"twitter:label2\" content=\"Est. reading time\" \/>\n\t<meta name=\"twitter:data2\" content=\"2 minutes\" \/>\n<script type=\"application\/ld+json\" class=\"yoast-schema-graph\">{\"@context\":\"https:\\\/\\\/schema.org\",\"@graph\":[{\"@type\":\"Article\",\"@id\":\"https:\\\/\\\/www.bellunopress.it\\\/2013\\\/03\\\/07\\\/convegno-lo-sport-giovane-martedi-al-teatro-comunale-di-belluno\\\/#article\",\"isPartOf\":{\"@id\":\"https:\\\/\\\/www.bellunopress.it\\\/2013\\\/03\\\/07\\\/convegno-lo-sport-giovane-martedi-al-teatro-comunale-di-belluno\\\/\"},\"author\":{\"name\":\"redazione\",\"@id\":\"https:\\\/\\\/www.bellunopress.it\\\/#\\\/schema\\\/person\\\/79bb06722b37ece1c03d3e94beb30d73\"},\"headline\":\"Convegno &#8220;Lo sport giovane&#8221; marted\u00ec al Teatro comunale di Belluno\",\"datePublished\":\"2013-03-07T17:51:53+00:00\",\"mainEntityOfPage\":{\"@id\":\"https:\\\/\\\/www.bellunopress.it\\\/2013\\\/03\\\/07\\\/convegno-lo-sport-giovane-martedi-al-teatro-comunale-di-belluno\\\/\"},\"wordCount\":493,\"publisher\":{\"@id\":\"https:\\\/\\\/www.bellunopress.it\\\/#organization\"},\"articleSection\":[\"Pausa Caff\u00e8\",\"Sport, tempo libero\"],\"inLanguage\":\"fr-FR\"},{\"@type\":\"WebPage\",\"@id\":\"https:\\\/\\\/www.bellunopress.it\\\/2013\\\/03\\\/07\\\/convegno-lo-sport-giovane-martedi-al-teatro-comunale-di-belluno\\\/\",\"url\":\"https:\\\/\\\/www.bellunopress.it\\\/2013\\\/03\\\/07\\\/convegno-lo-sport-giovane-martedi-al-teatro-comunale-di-belluno\\\/\",\"name\":\"Convegno \\\"Lo sport giovane\\\" marted\u00ec al Teatro comunale di Belluno - Bellunopress - Dolomiti\",\"isPartOf\":{\"@id\":\"https:\\\/\\\/www.bellunopress.it\\\/#website\"},\"datePublished\":\"2013-03-07T17:51:53+00:00\",\"breadcrumb\":{\"@id\":\"https:\\\/\\\/www.bellunopress.it\\\/2013\\\/03\\\/07\\\/convegno-lo-sport-giovane-martedi-al-teatro-comunale-di-belluno\\\/#breadcrumb\"},\"inLanguage\":\"fr-FR\",\"potentialAction\":[{\"@type\":\"ReadAction\",\"target\":[\"https:\\\/\\\/www.bellunopress.it\\\/2013\\\/03\\\/07\\\/convegno-lo-sport-giovane-martedi-al-teatro-comunale-di-belluno\\\/\"]}]},{\"@type\":\"BreadcrumbList\",\"@id\":\"https:\\\/\\\/www.bellunopress.it\\\/2013\\\/03\\\/07\\\/convegno-lo-sport-giovane-martedi-al-teatro-comunale-di-belluno\\\/#breadcrumb\",\"itemListElement\":[{\"@type\":\"ListItem\",\"position\":1,\"name\":\"Home\",\"item\":\"https:\\\/\\\/www.bellunopress.it\\\/\"},{\"@type\":\"ListItem\",\"position\":2,\"name\":\"Convegno &#8220;Lo sport giovane&#8221; marted\u00ec al Teatro comunale di Belluno\"}]},{\"@type\":\"WebSite\",\"@id\":\"https:\\\/\\\/www.bellunopress.it\\\/#website\",\"url\":\"https:\\\/\\\/www.bellunopress.it\\\/\",\"name\":\"Bellunopress - Dolomiti\",\"description\":\"e-mail: redazione@bellunopress.it\",\"publisher\":{\"@id\":\"https:\\\/\\\/www.bellunopress.it\\\/#organization\"},\"potentialAction\":[{\"@type\":\"SearchAction\",\"target\":{\"@type\":\"EntryPoint\",\"urlTemplate\":\"https:\\\/\\\/www.bellunopress.it\\\/?s={search_term_string}\"},\"query-input\":{\"@type\":\"PropertyValueSpecification\",\"valueRequired\":true,\"valueName\":\"search_term_string\"}}],\"inLanguage\":\"fr-FR\"},{\"@type\":\"Organization\",\"@id\":\"https:\\\/\\\/www.bellunopress.it\\\/#organization\",\"name\":\"Bellunopress\",\"url\":\"https:\\\/\\\/www.bellunopress.it\\\/\",\"logo\":{\"@type\":\"ImageObject\",\"inLanguage\":\"fr-FR\",\"@id\":\"https:\\\/\\\/www.bellunopress.it\\\/#\\\/schema\\\/logo\\\/image\\\/\",\"url\":\"https:\\\/\\\/www.bellunopress.it\\\/wp-content\\\/uploads\\\/2011\\\/05\\\/cropped-logo-bellunopress-.jpg\",\"contentUrl\":\"https:\\\/\\\/www.bellunopress.it\\\/wp-content\\\/uploads\\\/2011\\\/05\\\/cropped-logo-bellunopress-.jpg\",\"width\":512,\"height\":512,\"caption\":\"Bellunopress\"},\"image\":{\"@id\":\"https:\\\/\\\/www.bellunopress.it\\\/#\\\/schema\\\/logo\\\/image\\\/\"},\"sameAs\":[\"https:\\\/\\\/www.facebook.com\\\/profile.php?id=100008943462799\",\"https:\\\/\\\/x.com\\\/bellunopress\",\"https:\\\/\\\/www.linkedin.com\\\/hp\\\/?dnr=JBzUWaJfMUw8vbXJJ2tVW5-I3jZKvC4wsoxE&amp;amp;amp;amp;amp;amp;trk=nav_responsive_tab_home\",\"https:\\\/\\\/www.youtube.com\\\/channel\\\/UCxL0wu1uN0_3_7hGG0306cw\"]},{\"@type\":\"Person\",\"@id\":\"https:\\\/\\\/www.bellunopress.it\\\/#\\\/schema\\\/person\\\/79bb06722b37ece1c03d3e94beb30d73\",\"name\":\"redazione\",\"image\":{\"@type\":\"ImageObject\",\"inLanguage\":\"fr-FR\",\"@id\":\"https:\\\/\\\/secure.gravatar.com\\\/avatar\\\/37d968a2e67a6fd04c169c4bdef102d0bc5d31b2546345219e348575eb80e9a0?s=96&d=mm&r=g\",\"url\":\"https:\\\/\\\/secure.gravatar.com\\\/avatar\\\/37d968a2e67a6fd04c169c4bdef102d0bc5d31b2546345219e348575eb80e9a0?s=96&d=mm&r=g\",\"contentUrl\":\"https:\\\/\\\/secure.gravatar.com\\\/avatar\\\/37d968a2e67a6fd04c169c4bdef102d0bc5d31b2546345219e348575eb80e9a0?s=96&d=mm&r=g\",\"caption\":\"redazione\"},\"sameAs\":[\"http:\\\/\\\/www.bellunopress.it\",\"https:\\\/\\\/x.com\\\/bellunopress\"],\"url\":\"https:\\\/\\\/www.bellunopress.it\\\/fr\\\/author\\\/redazione\\\/\"}]}<\/script>\n<!-- \/ Yoast SEO plugin. -->","yoast_head_json":{"title":"Convegno \"Lo sport giovane\" marted\u00ec al Teatro comunale di Belluno - Bellunopress - Dolomiti","robots":{"index":"index","follow":"follow","max-snippet":"max-snippet:-1","max-image-preview":"max-image-preview:large","max-video-preview":"max-video-preview:-1"},"canonical":"https:\/\/www.bellunopress.it\/fr\/2013\/03\/07\/convegno-lo-sport-giovane-martedi-al-teatro-comunale-di-belluno\/","og_locale":"fr_FR","og_type":"article","og_title":"Convegno \"Lo sport giovane\" marted\u00ec al Teatro comunale di Belluno - Bellunopress - Dolomiti","og_description":"L\u2019associazione UNIONE SPORT BELLUNO, organizza nella giornata di marted\u00ec 12 marzo 2013, con inizio alle ore 18:15, presso il Teatro Comunale di Belluno, il convegno \u201cLO SPORT GIOVANE\u201d. L\u2019obbiettivo prefisso sar\u00e0 di affrontare il mondo dello sport giovanile, analizzandone le dinamiche, in relazione, soprattutto, alla prematura disaffezione allo sport da parte dei ragazzi, ma anche [&hellip;]","og_url":"https:\/\/www.bellunopress.it\/fr\/2013\/03\/07\/convegno-lo-sport-giovane-martedi-al-teatro-comunale-di-belluno\/","og_site_name":"Bellunopress - Dolomiti","article_publisher":"https:\/\/www.facebook.com\/profile.php?id=100008943462799","article_published_time":"2013-03-07T17:51:53+00:00","og_image":[{"url":"http:\/\/www.bellunopress.it\/wp-content\/uploads\/2012\/07\/logo-bellunopress-250x250-2012.jpg","type":"","width":"","height":""}],"author":"redazione","twitter_card":"summary_large_image","twitter_creator":"@bellunopress","twitter_site":"@bellunopress","twitter_misc":{"Written by":"redazione","Est. reading time":"2 minutes"},"schema":{"@context":"https:\/\/schema.org","@graph":[{"@type":"Article","@id":"https:\/\/www.bellunopress.it\/2013\/03\/07\/convegno-lo-sport-giovane-martedi-al-teatro-comunale-di-belluno\/#article","isPartOf":{"@id":"https:\/\/www.bellunopress.it\/2013\/03\/07\/convegno-lo-sport-giovane-martedi-al-teatro-comunale-di-belluno\/"},"author":{"name":"redazione","@id":"https:\/\/www.bellunopress.it\/#\/schema\/person\/79bb06722b37ece1c03d3e94beb30d73"},"headline":"Convegno &#8220;Lo sport giovane&#8221; marted\u00ec al Teatro comunale di Belluno","datePublished":"2013-03-07T17:51:53+00:00","mainEntityOfPage":{"@id":"https:\/\/www.bellunopress.it\/2013\/03\/07\/convegno-lo-sport-giovane-martedi-al-teatro-comunale-di-belluno\/"},"wordCount":493,"publisher":{"@id":"https:\/\/www.bellunopress.it\/#organization"},"articleSection":["Pausa Caff\u00e8","Sport, tempo libero"],"inLanguage":"fr-FR"},{"@type":"WebPage","@id":"https:\/\/www.bellunopress.it\/2013\/03\/07\/convegno-lo-sport-giovane-martedi-al-teatro-comunale-di-belluno\/","url":"https:\/\/www.bellunopress.it\/2013\/03\/07\/convegno-lo-sport-giovane-martedi-al-teatro-comunale-di-belluno\/","name":"Convegno \"Lo sport giovane\" marted\u00ec al Teatro comunale di Belluno - Bellunopress - Dolomiti","isPartOf":{"@id":"https:\/\/www.bellunopress.it\/#website"},"datePublished":"2013-03-07T17:51:53+00:00","breadcrumb":{"@id":"https:\/\/www.bellunopress.it\/2013\/03\/07\/convegno-lo-sport-giovane-martedi-al-teatro-comunale-di-belluno\/#breadcrumb"},"inLanguage":"fr-FR","potentialAction":[{"@type":"ReadAction","target":["https:\/\/www.bellunopress.it\/2013\/03\/07\/convegno-lo-sport-giovane-martedi-al-teatro-comunale-di-belluno\/"]}]},{"@type":"BreadcrumbList","@id":"https:\/\/www.bellunopress.it\/2013\/03\/07\/convegno-lo-sport-giovane-martedi-al-teatro-comunale-di-belluno\/#breadcrumb","itemListElement":[{"@type":"ListItem","position":1,"name":"Home","item":"https:\/\/www.bellunopress.it\/"},{"@type":"ListItem","position":2,"name":"Convegno &#8220;Lo sport giovane&#8221; marted\u00ec al Teatro comunale di Belluno"}]},{"@type":"WebSite","@id":"https:\/\/www.bellunopress.it\/#website","url":"https:\/\/www.bellunopress.it\/","name":"Bellunopress - Dolomiti","description":"e-mail: redazione@bellunopress.it","publisher":{"@id":"https:\/\/www.bellunopress.it\/#organization"},"potentialAction":[{"@type":"SearchAction","target":{"@type":"EntryPoint","urlTemplate":"https:\/\/www.bellunopress.it\/?s={search_term_string}"},"query-input":{"@type":"PropertyValueSpecification","valueRequired":true,"valueName":"search_term_string"}}],"inLanguage":"fr-FR"},{"@type":"Organization","@id":"https:\/\/www.bellunopress.it\/#organization","name":"Bellunopress","url":"https:\/\/www.bellunopress.it\/","logo":{"@type":"ImageObject","inLanguage":"fr-FR","@id":"https:\/\/www.bellunopress.it\/#\/schema\/logo\/image\/","url":"https:\/\/www.bellunopress.it\/wp-content\/uploads\/2011\/05\/cropped-logo-bellunopress-.jpg","contentUrl":"https:\/\/www.bellunopress.it\/wp-content\/uploads\/2011\/05\/cropped-logo-bellunopress-.jpg","width":512,"height":512,"caption":"Bellunopress"},"image":{"@id":"https:\/\/www.bellunopress.it\/#\/schema\/logo\/image\/"},"sameAs":["https:\/\/www.facebook.com\/profile.php?id=100008943462799","https:\/\/x.com\/bellunopress","https:\/\/www.linkedin.com\/hp\/?dnr=JBzUWaJfMUw8vbXJJ2tVW5-I3jZKvC4wsoxE&amp;amp;amp;amp;amp;amp;trk=nav_responsive_tab_home","https:\/\/www.youtube.com\/channel\/UCxL0wu1uN0_3_7hGG0306cw"]},{"@type":"Person","@id":"https:\/\/www.bellunopress.it\/#\/schema\/person\/79bb06722b37ece1c03d3e94beb30d73","name":"r\u00e9daction","image":{"@type":"ImageObject","inLanguage":"fr-FR","@id":"https:\/\/secure.gravatar.com\/avatar\/37d968a2e67a6fd04c169c4bdef102d0bc5d31b2546345219e348575eb80e9a0?s=96&d=mm&r=g","url":"https:\/\/secure.gravatar.com\/avatar\/37d968a2e67a6fd04c169c4bdef102d0bc5d31b2546345219e348575eb80e9a0?s=96&d=mm&r=g","contentUrl":"https:\/\/secure.gravatar.com\/avatar\/37d968a2e67a6fd04c169c4bdef102d0bc5d31b2546345219e348575eb80e9a0?s=96&d=mm&r=g","caption":"redazione"},"sameAs":["http:\/\/www.bellunopress.it","https:\/\/x.com\/bellunopress"],"url":"https:\/\/www.bellunopress.it\/fr\/author\/redazione\/"}]}},"_links":{"self":[{"href":"https:\/\/www.bellunopress.it\/fr\/wp-json\/wp\/v2\/posts\/47412","targetHints":{"allow":["GET"]}}],"collection":[{"href":"https:\/\/www.bellunopress.it\/fr\/wp-json\/wp\/v2\/posts"}],"about":[{"href":"https:\/\/www.bellunopress.it\/fr\/wp-json\/wp\/v2\/types\/post"}],"author":[{"embeddable":true,"href":"https:\/\/www.bellunopress.it\/fr\/wp-json\/wp\/v2\/users\/2"}],"replies":[{"embeddable":true,"href":"https:\/\/www.bellunopress.it\/fr\/wp-json\/wp\/v2\/comments?post=47412"}],"version-history":[{"count":1,"href":"https:\/\/www.bellunopress.it\/fr\/wp-json\/wp\/v2\/posts\/47412\/revisions"}],"predecessor-version":[{"id":47413,"href":"https:\/\/www.bellunopress.it\/fr\/wp-json\/wp\/v2\/posts\/47412\/revisions\/47413"}],"wp:attachment":[{"href":"https:\/\/www.bellunopress.it\/fr\/wp-json\/wp\/v2\/media?parent=47412"}],"wp:term":[{"taxonomy":"category","embeddable":true,"href":"https:\/\/www.bellunopress.it\/fr\/wp-json\/wp\/v2\/categories?post=47412"},{"taxonomy":"post_tag","embeddable":true,"href":"https:\/\/www.bellunopress.it\/fr\/wp-json\/wp\/v2\/tags?post=47412"}],"curies":[{"name":"wp","href":"https:\/\/api.w.org\/{rel}","templated":true}]}}