{"id":47409,"date":"2013-03-07T15:11:27","date_gmt":"2013-03-07T14:11:27","guid":{"rendered":"http:\/\/www.bellunopress.it\/?p=47409"},"modified":"2013-03-07T15:11:27","modified_gmt":"2013-03-07T14:11:27","slug":"sabato-in-piazza-piloni-a-belluno-per-dire-no-agli-ogm","status":"publish","type":"post","link":"https:\/\/www.bellunopress.it\/fr\/2013\/03\/07\/sabato-in-piazza-piloni-a-belluno-per-dire-no-agli-ogm\/","title":{"rendered":"Sabato in piazza Piloni a Belluno per dire no agli Ogm"},"content":{"rendered":"<p><a href=\"http:\/\/www.bellunopress.it\/wp-content\/uploads\/2013\/03\/ogm.jpg\"><img loading=\"lazy\" decoding=\"async\" class=\"alignleft size-full wp-image-47246\" alt=\"ogm\" src=\"http:\/\/www.bellunopress.it\/wp-content\/uploads\/2013\/03\/ogm.jpg\" width=\"119\" height=\"160\" \/><\/a>Un appuntamento imperdibile per coloro che hanno a cuore la loro Terra, la salubrit\u00e0, la biodiversit\u00e0, la sostenibilit\u00e0 in questo territorio. Un&#8217;occasione per sottoscrivere con una presenza e una firma la propria opposizione alle coltivazioni OGM in Italia, in Veneto, in Provincia di Belluno<\/p>\n<p>Sabato mattina dalle ore 10 alle 12 in piazza Piloni a Belluno, all&#8217;ingresso del Centro Piero Rossi si terr\u00e0 un&#8217;iniziativa condivisa da una serie di associazioni, realt\u00e0, gruppi locali e non (le adesioni sono ancora aperte) per contrastare le coltivazioni geneticamente modificate.<\/p>\n<p>L&#8217;iniziativa nasce dalla sempre maggiore preoccupazione che anche qui, ai piedi delle Dolomiti trovino spazio le famigerate sementi Franckenstine.<\/p>\n<p>Infatti lo scorso settembre una sentenza della Corte Europea e una fortissima pressione delle multinazionali sementiere sugli organi comunitari, ha di fatto dato \u201cvia libera\u201d alla coltivazione di alcune variet\u00e0 di Organismi Geneticamente Modificati anche in quelle Nazioni in cui erano banditi. Quasi tutti i Paesi europei hanno adottato la \u201cclausola di salvaguardia\u201d che blocca, a livello nazionale, questa \u201cliberalizzazione\u201d e di fatto hanno vietato ogni coltivazione OGM. Purtroppo in Italia tutto ci\u00f2 non \u00e8 stato fatto(nonostante tutte le Regioni abbiano chiesto il blocco degli OGM), ma, cosa assai grave di questa questione non si parla affatto<\/p>\n<p>NON POSSIAMO RESTARE INERTI DINNANZI A QUESTO PERICOLO.. E&#8217; INDISPENSABILE AGIRE !!! Chiediamo con forza che anche l Italia blocchi le coltivazioni OGM<\/p>\n<p>Sabato saremo in piazza con volantini, materiale informativo e una petizione che \u00e8 gi\u00e0 stata sottoscritta da centinaia di cittadini. Inviteremo tutti a firmare, a far firmare e diffondi la petizione che chiede l&#8217;immediata adozione della clausola di salvaguardia, il bando degli OGM<\/p>\n<p>Non mancher\u00e0 una mostra di mais antichi locali e tradizionali che evidenzier\u00e0 il nostro enorme patrimonio di biodiversit\u00e0 locale e coltivata<\/p>\n<p>Ma perch\u00e8 diciamo NO agli OGM?<\/p>\n<p>In primis perch\u00e8 le coltivazioni OGM CONTAMINANO e quindi causano la PERDITA della BIODIVERSITA&#8217; coltivata (in questo caso delle variet\u00e0 tipiche di mais.. sponcio, marano, fiorentin, cinquantino, bianco perla..)<\/p>\n<p>Inoltre le sementi OGM NON consentono la RIPRODUIONE del SEME (anche perch\u00e8 soggetto a brevetto) Si perde ogni forma di autonomia del contadini e si crea una sorta di dipendenza (schiavit\u00f9) dalla multinazionale produttrice (in questo caso la Monsanto)<\/p>\n<p>Non vi \u00e8 inoltre NESSUNA SICUREZZA rispetto ai RISCHI per la salute di esseri umani e animali, alla CONTAMINAZIONE (permanente) del suolo e dell&#8217;ambiente. E NESSUNA certezza di resistenza a siccit\u00e0 e avversit\u00e0 climatiche<\/p>\n<p>Registriamo inoltre una forte CONTRARIETA&#8217; alla coltivazione degli OGM da parte di tutte le Regioni soprattutto per motivi economiche (in primis per una perdita d&#8217;immagine)<\/p>\n<p>..e infine..smettiamola di evocare la \u201cfame nel mondo\u201d i dati della FAO parlano chiaro \u201csi produce cibo per oltre 8 miliardi di persone mentre siamo in 6 miliardi\u201d quindi non \u00e8 un problema di produzione ma di distribuzione..<\/p>\n<p>Noi che crediamo e lavoriamo per un agricoltura, una ruralit\u00e0 bastata sulle tipicit\u00e0 del nostro territorio, su tecniche di coltivazione sane, biologiche e sostenibili siamo certo che il futuro soprattutto di questa nostra Terra sia \u201cgreen\u201d e non certo contaminato dalle sementi OGM.<\/p>\n<p>Chiediamo pertanto una presa di posizione, una dichiarazione, una mobilitazione, un azione informativa sulla questione OGM anche alle associazioni di categoria e associazioni ambientaliste, agli enti locali, al Parco delle Dolomiti bellunesi, ai nostri rappresentanti politici e a tutti coloro che hanno a cuore la loro Terra&#8230;<\/p>\n<p>Invitiamo tutti alla mobilitazione per squarciare questo assordante silenzio che avvolge la questione, consapevoli che la stragrande maggioranza dei cittadini e dei coltivatori sono contrari agli Ogm e che vi sono interessi enormi affinch\u00e8 non si sappia e si contamini anche questo territorio<\/p>\n<p>VI ASPETTIAMO SABATO IN PIAZZA PILONI A BELLUNO (dalle ore 10 alle 12)<\/p>\n<p>Casa dei Beni Comuni, Comitato Acqua Bene Comune, la Skasera, Gruppo Coltivare Condividendo<\/p>\n<p>associazione Arianova, WWF, Woof-italia, Associazione Dolomiti bio, la Ragnatela,<\/p>\n<p>&nbsp;<\/p>\n<p>&nbsp;<\/p>","protected":false},"excerpt":{"rendered":"<p>Un appuntamento imperdibile per coloro che hanno a cuore la loro Terra, la salubrit\u00e0, la biodiversit\u00e0, la sostenibilit\u00e0 in questo territorio. Un&#8217;occasione per sottoscrivere con una presenza e una firma la propria opposizione alle coltivazioni OGM in Italia, in Veneto, in Provincia di Belluno Sabato mattina dalle ore 10 alle 12 in piazza Piloni a [&hellip;]<\/p>\n","protected":false},"author":2,"featured_media":0,"comment_status":"closed","ping_status":"open","sticky":false,"template":"","format":"standard","meta":{"footnotes":""},"categories":[27,38,26],"tags":[],"class_list":["post-47409","post","type-post","status-publish","format-standard","category-appuntamenti","category-natura-ambiente","category-prima-pagina"],"yoast_head":"<!-- This site is optimized with the Yoast SEO plugin v28.4 - https:\/\/yoast.com\/product\/yoast-seo-wordpress\/ -->\n<title>Sabato in piazza Piloni a Belluno per dire no agli Ogm  - Bellunopress - Dolomiti<\/title>\n<meta name=\"robots\" content=\"index, follow, max-snippet:-1, max-image-preview:large, max-video-preview:-1\" \/>\n<link rel=\"canonical\" href=\"https:\/\/www.bellunopress.it\/fr\/2013\/03\/07\/sabato-in-piazza-piloni-a-belluno-per-dire-no-agli-ogm\/\" \/>\n<meta property=\"og:locale\" content=\"fr_FR\" \/>\n<meta property=\"og:type\" content=\"article\" \/>\n<meta property=\"og:title\" content=\"Sabato in piazza Piloni a Belluno per dire no agli Ogm  - Bellunopress - Dolomiti\" \/>\n<meta property=\"og:description\" content=\"Un appuntamento imperdibile per coloro che hanno a cuore la loro Terra, la salubrit\u00e0, la biodiversit\u00e0, la sostenibilit\u00e0 in questo territorio. Un&#8217;occasione per sottoscrivere con una presenza e una firma la propria opposizione alle coltivazioni OGM in Italia, in Veneto, in Provincia di Belluno Sabato mattina dalle ore 10 alle 12 in piazza Piloni a [&hellip;]\" \/>\n<meta property=\"og:url\" content=\"https:\/\/www.bellunopress.it\/fr\/2013\/03\/07\/sabato-in-piazza-piloni-a-belluno-per-dire-no-agli-ogm\/\" \/>\n<meta property=\"og:site_name\" content=\"Bellunopress - Dolomiti\" \/>\n<meta property=\"article:publisher\" content=\"https:\/\/www.facebook.com\/profile.php?id=100008943462799\" \/>\n<meta property=\"article:published_time\" content=\"2013-03-07T14:11:27+00:00\" \/>\n<meta property=\"og:image\" content=\"http:\/\/www.bellunopress.it\/wp-content\/uploads\/2013\/03\/ogm.jpg\" \/>\n<meta name=\"author\" content=\"redazione\" \/>\n<meta name=\"twitter:card\" content=\"summary_large_image\" \/>\n<meta name=\"twitter:creator\" content=\"@bellunopress\" \/>\n<meta name=\"twitter:site\" content=\"@bellunopress\" \/>\n<meta name=\"twitter:label1\" content=\"Written by\" \/>\n\t<meta name=\"twitter:data1\" content=\"redazione\" \/>\n\t<meta name=\"twitter:label2\" content=\"Est. reading time\" \/>\n\t<meta name=\"twitter:data2\" content=\"3 minutes\" \/>\n<script type=\"application\/ld+json\" class=\"yoast-schema-graph\">{\"@context\":\"https:\\\/\\\/schema.org\",\"@graph\":[{\"@type\":\"Article\",\"@id\":\"https:\\\/\\\/www.bellunopress.it\\\/2013\\\/03\\\/07\\\/sabato-in-piazza-piloni-a-belluno-per-dire-no-agli-ogm\\\/#article\",\"isPartOf\":{\"@id\":\"https:\\\/\\\/www.bellunopress.it\\\/2013\\\/03\\\/07\\\/sabato-in-piazza-piloni-a-belluno-per-dire-no-agli-ogm\\\/\"},\"author\":{\"name\":\"redazione\",\"@id\":\"https:\\\/\\\/www.bellunopress.it\\\/#\\\/schema\\\/person\\\/79bb06722b37ece1c03d3e94beb30d73\"},\"headline\":\"Sabato in piazza Piloni a Belluno per dire no agli Ogm\",\"datePublished\":\"2013-03-07T14:11:27+00:00\",\"mainEntityOfPage\":{\"@id\":\"https:\\\/\\\/www.bellunopress.it\\\/2013\\\/03\\\/07\\\/sabato-in-piazza-piloni-a-belluno-per-dire-no-agli-ogm\\\/\"},\"wordCount\":639,\"publisher\":{\"@id\":\"https:\\\/\\\/www.bellunopress.it\\\/#organization\"},\"image\":{\"@id\":\"https:\\\/\\\/www.bellunopress.it\\\/2013\\\/03\\\/07\\\/sabato-in-piazza-piloni-a-belluno-per-dire-no-agli-ogm\\\/#primaryimage\"},\"thumbnailUrl\":\"http:\\\/\\\/www.bellunopress.it\\\/wp-content\\\/uploads\\\/2013\\\/03\\\/ogm.jpg\",\"articleSection\":[\"Appuntamenti, Eventi\",\"Meteo, natura, ambiente, animali\",\"Prima Pagina\"],\"inLanguage\":\"fr-FR\"},{\"@type\":\"WebPage\",\"@id\":\"https:\\\/\\\/www.bellunopress.it\\\/2013\\\/03\\\/07\\\/sabato-in-piazza-piloni-a-belluno-per-dire-no-agli-ogm\\\/\",\"url\":\"https:\\\/\\\/www.bellunopress.it\\\/2013\\\/03\\\/07\\\/sabato-in-piazza-piloni-a-belluno-per-dire-no-agli-ogm\\\/\",\"name\":\"Sabato in piazza Piloni a Belluno per dire no agli Ogm - Bellunopress - Dolomiti\",\"isPartOf\":{\"@id\":\"https:\\\/\\\/www.bellunopress.it\\\/#website\"},\"primaryImageOfPage\":{\"@id\":\"https:\\\/\\\/www.bellunopress.it\\\/2013\\\/03\\\/07\\\/sabato-in-piazza-piloni-a-belluno-per-dire-no-agli-ogm\\\/#primaryimage\"},\"image\":{\"@id\":\"https:\\\/\\\/www.bellunopress.it\\\/2013\\\/03\\\/07\\\/sabato-in-piazza-piloni-a-belluno-per-dire-no-agli-ogm\\\/#primaryimage\"},\"thumbnailUrl\":\"http:\\\/\\\/www.bellunopress.it\\\/wp-content\\\/uploads\\\/2013\\\/03\\\/ogm.jpg\",\"datePublished\":\"2013-03-07T14:11:27+00:00\",\"breadcrumb\":{\"@id\":\"https:\\\/\\\/www.bellunopress.it\\\/2013\\\/03\\\/07\\\/sabato-in-piazza-piloni-a-belluno-per-dire-no-agli-ogm\\\/#breadcrumb\"},\"inLanguage\":\"fr-FR\",\"potentialAction\":[{\"@type\":\"ReadAction\",\"target\":[\"https:\\\/\\\/www.bellunopress.it\\\/2013\\\/03\\\/07\\\/sabato-in-piazza-piloni-a-belluno-per-dire-no-agli-ogm\\\/\"]}]},{\"@type\":\"ImageObject\",\"inLanguage\":\"fr-FR\",\"@id\":\"https:\\\/\\\/www.bellunopress.it\\\/2013\\\/03\\\/07\\\/sabato-in-piazza-piloni-a-belluno-per-dire-no-agli-ogm\\\/#primaryimage\",\"url\":\"http:\\\/\\\/www.bellunopress.it\\\/wp-content\\\/uploads\\\/2013\\\/03\\\/ogm.jpg\",\"contentUrl\":\"http:\\\/\\\/www.bellunopress.it\\\/wp-content\\\/uploads\\\/2013\\\/03\\\/ogm.jpg\"},{\"@type\":\"BreadcrumbList\",\"@id\":\"https:\\\/\\\/www.bellunopress.it\\\/2013\\\/03\\\/07\\\/sabato-in-piazza-piloni-a-belluno-per-dire-no-agli-ogm\\\/#breadcrumb\",\"itemListElement\":[{\"@type\":\"ListItem\",\"position\":1,\"name\":\"Home\",\"item\":\"https:\\\/\\\/www.bellunopress.it\\\/\"},{\"@type\":\"ListItem\",\"position\":2,\"name\":\"Sabato in piazza Piloni a Belluno per dire no agli Ogm\"}]},{\"@type\":\"WebSite\",\"@id\":\"https:\\\/\\\/www.bellunopress.it\\\/#website\",\"url\":\"https:\\\/\\\/www.bellunopress.it\\\/\",\"name\":\"Bellunopress - Dolomiti\",\"description\":\"e-mail: redazione@bellunopress.it\",\"publisher\":{\"@id\":\"https:\\\/\\\/www.bellunopress.it\\\/#organization\"},\"potentialAction\":[{\"@type\":\"SearchAction\",\"target\":{\"@type\":\"EntryPoint\",\"urlTemplate\":\"https:\\\/\\\/www.bellunopress.it\\\/?s={search_term_string}\"},\"query-input\":{\"@type\":\"PropertyValueSpecification\",\"valueRequired\":true,\"valueName\":\"search_term_string\"}}],\"inLanguage\":\"fr-FR\"},{\"@type\":\"Organization\",\"@id\":\"https:\\\/\\\/www.bellunopress.it\\\/#organization\",\"name\":\"Bellunopress\",\"url\":\"https:\\\/\\\/www.bellunopress.it\\\/\",\"logo\":{\"@type\":\"ImageObject\",\"inLanguage\":\"fr-FR\",\"@id\":\"https:\\\/\\\/www.bellunopress.it\\\/#\\\/schema\\\/logo\\\/image\\\/\",\"url\":\"https:\\\/\\\/www.bellunopress.it\\\/wp-content\\\/uploads\\\/2011\\\/05\\\/cropped-logo-bellunopress-.jpg\",\"contentUrl\":\"https:\\\/\\\/www.bellunopress.it\\\/wp-content\\\/uploads\\\/2011\\\/05\\\/cropped-logo-bellunopress-.jpg\",\"width\":512,\"height\":512,\"caption\":\"Bellunopress\"},\"image\":{\"@id\":\"https:\\\/\\\/www.bellunopress.it\\\/#\\\/schema\\\/logo\\\/image\\\/\"},\"sameAs\":[\"https:\\\/\\\/www.facebook.com\\\/profile.php?id=100008943462799\",\"https:\\\/\\\/x.com\\\/bellunopress\",\"https:\\\/\\\/www.linkedin.com\\\/hp\\\/?dnr=JBzUWaJfMUw8vbXJJ2tVW5-I3jZKvC4wsoxE&amp;amp;amp;amp;amp;amp;trk=nav_responsive_tab_home\",\"https:\\\/\\\/www.youtube.com\\\/channel\\\/UCxL0wu1uN0_3_7hGG0306cw\"]},{\"@type\":\"Person\",\"@id\":\"https:\\\/\\\/www.bellunopress.it\\\/#\\\/schema\\\/person\\\/79bb06722b37ece1c03d3e94beb30d73\",\"name\":\"redazione\",\"image\":{\"@type\":\"ImageObject\",\"inLanguage\":\"fr-FR\",\"@id\":\"https:\\\/\\\/secure.gravatar.com\\\/avatar\\\/37d968a2e67a6fd04c169c4bdef102d0bc5d31b2546345219e348575eb80e9a0?s=96&d=mm&r=g\",\"url\":\"https:\\\/\\\/secure.gravatar.com\\\/avatar\\\/37d968a2e67a6fd04c169c4bdef102d0bc5d31b2546345219e348575eb80e9a0?s=96&d=mm&r=g\",\"contentUrl\":\"https:\\\/\\\/secure.gravatar.com\\\/avatar\\\/37d968a2e67a6fd04c169c4bdef102d0bc5d31b2546345219e348575eb80e9a0?s=96&d=mm&r=g\",\"caption\":\"redazione\"},\"sameAs\":[\"http:\\\/\\\/www.bellunopress.it\",\"https:\\\/\\\/x.com\\\/bellunopress\"],\"url\":\"https:\\\/\\\/www.bellunopress.it\\\/fr\\\/author\\\/redazione\\\/\"}]}<\/script>\n<!-- \/ Yoast SEO plugin. -->","yoast_head_json":{"title":"Sabato in piazza Piloni a Belluno per dire no agli Ogm  - Bellunopress - Dolomiti","robots":{"index":"index","follow":"follow","max-snippet":"max-snippet:-1","max-image-preview":"max-image-preview:large","max-video-preview":"max-video-preview:-1"},"canonical":"https:\/\/www.bellunopress.it\/fr\/2013\/03\/07\/sabato-in-piazza-piloni-a-belluno-per-dire-no-agli-ogm\/","og_locale":"fr_FR","og_type":"article","og_title":"Sabato in piazza Piloni a Belluno per dire no agli Ogm  - Bellunopress - Dolomiti","og_description":"Un appuntamento imperdibile per coloro che hanno a cuore la loro Terra, la salubrit\u00e0, la biodiversit\u00e0, la sostenibilit\u00e0 in questo territorio. Un&#8217;occasione per sottoscrivere con una presenza e una firma la propria opposizione alle coltivazioni OGM in Italia, in Veneto, in Provincia di Belluno Sabato mattina dalle ore 10 alle 12 in piazza Piloni a [&hellip;]","og_url":"https:\/\/www.bellunopress.it\/fr\/2013\/03\/07\/sabato-in-piazza-piloni-a-belluno-per-dire-no-agli-ogm\/","og_site_name":"Bellunopress - Dolomiti","article_publisher":"https:\/\/www.facebook.com\/profile.php?id=100008943462799","article_published_time":"2013-03-07T14:11:27+00:00","og_image":[{"url":"http:\/\/www.bellunopress.it\/wp-content\/uploads\/2013\/03\/ogm.jpg","type":"","width":"","height":""}],"author":"redazione","twitter_card":"summary_large_image","twitter_creator":"@bellunopress","twitter_site":"@bellunopress","twitter_misc":{"Written by":"redazione","Est. reading time":"3 minutes"},"schema":{"@context":"https:\/\/schema.org","@graph":[{"@type":"Article","@id":"https:\/\/www.bellunopress.it\/2013\/03\/07\/sabato-in-piazza-piloni-a-belluno-per-dire-no-agli-ogm\/#article","isPartOf":{"@id":"https:\/\/www.bellunopress.it\/2013\/03\/07\/sabato-in-piazza-piloni-a-belluno-per-dire-no-agli-ogm\/"},"author":{"name":"redazione","@id":"https:\/\/www.bellunopress.it\/#\/schema\/person\/79bb06722b37ece1c03d3e94beb30d73"},"headline":"Sabato in piazza Piloni a Belluno per dire no agli Ogm","datePublished":"2013-03-07T14:11:27+00:00","mainEntityOfPage":{"@id":"https:\/\/www.bellunopress.it\/2013\/03\/07\/sabato-in-piazza-piloni-a-belluno-per-dire-no-agli-ogm\/"},"wordCount":639,"publisher":{"@id":"https:\/\/www.bellunopress.it\/#organization"},"image":{"@id":"https:\/\/www.bellunopress.it\/2013\/03\/07\/sabato-in-piazza-piloni-a-belluno-per-dire-no-agli-ogm\/#primaryimage"},"thumbnailUrl":"http:\/\/www.bellunopress.it\/wp-content\/uploads\/2013\/03\/ogm.jpg","articleSection":["Appuntamenti, Eventi","Meteo, natura, ambiente, animali","Prima Pagina"],"inLanguage":"fr-FR"},{"@type":"WebPage","@id":"https:\/\/www.bellunopress.it\/2013\/03\/07\/sabato-in-piazza-piloni-a-belluno-per-dire-no-agli-ogm\/","url":"https:\/\/www.bellunopress.it\/2013\/03\/07\/sabato-in-piazza-piloni-a-belluno-per-dire-no-agli-ogm\/","name":"Sabato in piazza Piloni a Belluno per dire no agli Ogm - Bellunopress - Dolomiti","isPartOf":{"@id":"https:\/\/www.bellunopress.it\/#website"},"primaryImageOfPage":{"@id":"https:\/\/www.bellunopress.it\/2013\/03\/07\/sabato-in-piazza-piloni-a-belluno-per-dire-no-agli-ogm\/#primaryimage"},"image":{"@id":"https:\/\/www.bellunopress.it\/2013\/03\/07\/sabato-in-piazza-piloni-a-belluno-per-dire-no-agli-ogm\/#primaryimage"},"thumbnailUrl":"http:\/\/www.bellunopress.it\/wp-content\/uploads\/2013\/03\/ogm.jpg","datePublished":"2013-03-07T14:11:27+00:00","breadcrumb":{"@id":"https:\/\/www.bellunopress.it\/2013\/03\/07\/sabato-in-piazza-piloni-a-belluno-per-dire-no-agli-ogm\/#breadcrumb"},"inLanguage":"fr-FR","potentialAction":[{"@type":"ReadAction","target":["https:\/\/www.bellunopress.it\/2013\/03\/07\/sabato-in-piazza-piloni-a-belluno-per-dire-no-agli-ogm\/"]}]},{"@type":"ImageObject","inLanguage":"fr-FR","@id":"https:\/\/www.bellunopress.it\/2013\/03\/07\/sabato-in-piazza-piloni-a-belluno-per-dire-no-agli-ogm\/#primaryimage","url":"http:\/\/www.bellunopress.it\/wp-content\/uploads\/2013\/03\/ogm.jpg","contentUrl":"http:\/\/www.bellunopress.it\/wp-content\/uploads\/2013\/03\/ogm.jpg"},{"@type":"BreadcrumbList","@id":"https:\/\/www.bellunopress.it\/2013\/03\/07\/sabato-in-piazza-piloni-a-belluno-per-dire-no-agli-ogm\/#breadcrumb","itemListElement":[{"@type":"ListItem","position":1,"name":"Home","item":"https:\/\/www.bellunopress.it\/"},{"@type":"ListItem","position":2,"name":"Sabato in piazza Piloni a Belluno per dire no agli Ogm"}]},{"@type":"WebSite","@id":"https:\/\/www.bellunopress.it\/#website","url":"https:\/\/www.bellunopress.it\/","name":"Bellunopress - Dolomiti","description":"e-mail: redazione@bellunopress.it","publisher":{"@id":"https:\/\/www.bellunopress.it\/#organization"},"potentialAction":[{"@type":"SearchAction","target":{"@type":"EntryPoint","urlTemplate":"https:\/\/www.bellunopress.it\/?s={search_term_string}"},"query-input":{"@type":"PropertyValueSpecification","valueRequired":true,"valueName":"search_term_string"}}],"inLanguage":"fr-FR"},{"@type":"Organization","@id":"https:\/\/www.bellunopress.it\/#organization","name":"Bellunopress","url":"https:\/\/www.bellunopress.it\/","logo":{"@type":"ImageObject","inLanguage":"fr-FR","@id":"https:\/\/www.bellunopress.it\/#\/schema\/logo\/image\/","url":"https:\/\/www.bellunopress.it\/wp-content\/uploads\/2011\/05\/cropped-logo-bellunopress-.jpg","contentUrl":"https:\/\/www.bellunopress.it\/wp-content\/uploads\/2011\/05\/cropped-logo-bellunopress-.jpg","width":512,"height":512,"caption":"Bellunopress"},"image":{"@id":"https:\/\/www.bellunopress.it\/#\/schema\/logo\/image\/"},"sameAs":["https:\/\/www.facebook.com\/profile.php?id=100008943462799","https:\/\/x.com\/bellunopress","https:\/\/www.linkedin.com\/hp\/?dnr=JBzUWaJfMUw8vbXJJ2tVW5-I3jZKvC4wsoxE&amp;amp;amp;amp;amp;amp;trk=nav_responsive_tab_home","https:\/\/www.youtube.com\/channel\/UCxL0wu1uN0_3_7hGG0306cw"]},{"@type":"Person","@id":"https:\/\/www.bellunopress.it\/#\/schema\/person\/79bb06722b37ece1c03d3e94beb30d73","name":"r\u00e9daction","image":{"@type":"ImageObject","inLanguage":"fr-FR","@id":"https:\/\/secure.gravatar.com\/avatar\/37d968a2e67a6fd04c169c4bdef102d0bc5d31b2546345219e348575eb80e9a0?s=96&d=mm&r=g","url":"https:\/\/secure.gravatar.com\/avatar\/37d968a2e67a6fd04c169c4bdef102d0bc5d31b2546345219e348575eb80e9a0?s=96&d=mm&r=g","contentUrl":"https:\/\/secure.gravatar.com\/avatar\/37d968a2e67a6fd04c169c4bdef102d0bc5d31b2546345219e348575eb80e9a0?s=96&d=mm&r=g","caption":"redazione"},"sameAs":["http:\/\/www.bellunopress.it","https:\/\/x.com\/bellunopress"],"url":"https:\/\/www.bellunopress.it\/fr\/author\/redazione\/"}]}},"_links":{"self":[{"href":"https:\/\/www.bellunopress.it\/fr\/wp-json\/wp\/v2\/posts\/47409","targetHints":{"allow":["GET"]}}],"collection":[{"href":"https:\/\/www.bellunopress.it\/fr\/wp-json\/wp\/v2\/posts"}],"about":[{"href":"https:\/\/www.bellunopress.it\/fr\/wp-json\/wp\/v2\/types\/post"}],"author":[{"embeddable":true,"href":"https:\/\/www.bellunopress.it\/fr\/wp-json\/wp\/v2\/users\/2"}],"replies":[{"embeddable":true,"href":"https:\/\/www.bellunopress.it\/fr\/wp-json\/wp\/v2\/comments?post=47409"}],"version-history":[{"count":1,"href":"https:\/\/www.bellunopress.it\/fr\/wp-json\/wp\/v2\/posts\/47409\/revisions"}],"predecessor-version":[{"id":47410,"href":"https:\/\/www.bellunopress.it\/fr\/wp-json\/wp\/v2\/posts\/47409\/revisions\/47410"}],"wp:attachment":[{"href":"https:\/\/www.bellunopress.it\/fr\/wp-json\/wp\/v2\/media?parent=47409"}],"wp:term":[{"taxonomy":"category","embeddable":true,"href":"https:\/\/www.bellunopress.it\/fr\/wp-json\/wp\/v2\/categories?post=47409"},{"taxonomy":"post_tag","embeddable":true,"href":"https:\/\/www.bellunopress.it\/fr\/wp-json\/wp\/v2\/tags?post=47409"}],"curies":[{"name":"wp","href":"https:\/\/api.w.org\/{rel}","templated":true}]}}