{"id":47391,"date":"2013-03-06T20:54:22","date_gmt":"2013-03-06T19:54:22","guid":{"rendered":"http:\/\/www.bellunopress.it\/?p=47391"},"modified":"2013-03-06T20:54:22","modified_gmt":"2013-03-06T19:54:22","slug":"festa-della-donna-a-cortina-dampezzo","status":"publish","type":"post","link":"https:\/\/www.bellunopress.it\/fr\/2013\/03\/06\/festa-della-donna-a-cortina-dampezzo\/","title":{"rendered":"Festa della donna a Cortina d&#8217;Ampezzo"},"content":{"rendered":"<p><a href=\"http:\/\/www.bellunopress.it\/wp-content\/uploads\/2011\/01\/cortina-dampezzo-290x208.jpg\"><img loading=\"lazy\" decoding=\"async\" class=\"alignleft size-full wp-image-23152\" alt=\"cortina d'ampezzo 290x208\" src=\"http:\/\/www.bellunopress.it\/wp-content\/uploads\/2011\/01\/cortina-dampezzo-290x208.jpg\" width=\"290\" height=\"207\" \/><\/a>In occasione del prossimo 8 marzo la Regina delle Dolomiti si prepara ad accogliere\u00a0le donne che vorranno regalarsi un weekend tutto al femminile.<\/p>\n<p>Tante le proposte e le attivit\u00e0 da condividere con amiche, figlie e mamme:<\/p>\n<p>per assaporare la genuina cucina tipica ampezzana baster\u00e0 raggiungere (magari in ciaspe o in motoslitta) uno dei tanti rifugi d\u2019alta quota che per l\u2019occasione prepareranno men\u00f9 dedicati al gentil sesso.<\/p>\n<p>In arrivo dal Giappone anche la chef Iku per portare un tocco d\u2019oriente e di sushi ai piedi dei Monti Pallidi.<\/p>\n<p>Chi ama l\u2019adrenalina potr\u00e0 sbizzarrirsi tra elitour e fuori pista, prima di\u00a0coccolarsi con i trattamenti del Cristallo Hotel Spa &amp; Golf.<\/p>\n<p>Spazio anche alla cultura con Una Montagna di Libri e ai Sunset party e i Sunrise moment,<\/p>\n<p>per colazioni e apr\u00e8s-ski mozzafiato.<\/p>\n<p>Speciali pacchetti soggiorno \u201cEvviva le donne\u201d su www.cortina.dolomiti.org<\/p>\n<p>\u00abThink pink\u00bb. Anche Cortina d\u2019Ampezzo pensa in rosa e in occasione della Festa delle donne, ormai alle porte, si prepara ad accogliere mamme, figlie e amiche che vogliono concedersi un break in alta quota.<\/p>\n<p>Venerd\u00ec 8 marzo, a partire dalle ore 10.00, la pi\u00f9 famosa via dello shopping d\u2019alta quota, Corso Italia, sar\u00e0 inebriata dal dolce profumo della mimosa, distribuita gratuitamente come omaggio floreale.<\/p>\n<p>Natura, sport, buona tavola, cultura e benessere. C\u2019\u00e8 tutto nell\u20198 marzo al cospetto delle Dolomiti. Si pu\u00f2 partire alla scoperta della magia del Parco Nazionale delle Dolomiti d\u2019Ampezzo, passeggiando sulla neve muniti di ciaspe: una mattinata en plein air complici le piacevoli temperature, per appezzare i ritmi slow della montagna. Per pranzo, sosta consigliata a Malga Pezi\u00e8 de Par\u00f9 che dedica alle sue ospiti il men\u00f9 rigenerante. Tra i primi si pu\u00f2 scegliere tra un tris di knodel oppure la zuppa d&#8217;orzo all&#8217;ampezzana; per il secondo, salsiccia formaggio e polenta o patate uova e speck; per concludere in dolcezza, crostata di marmellata di albicocche e pinoli oppure strudel di mele con salsa vaniglia.<\/p>\n<p>\u00c8 dedicato alle avventuriere la proposta di Snowdreamers. Fiames sar\u00e0 la pista di decollo di un elitour che per 20 minuti sorvoler\u00e0 le cime dolomitiche regalando una visione aerea che sveler\u00e0 nuove prospettive sulle maestose cime innevate. Le amanti dello sci classico, potranno invece usufruire di uno sconto del 10 per cento su corsi e lezioni tutte al femminile. Per assaporare la genuina cucina alpina, il team di Snowdreamers organizza una cena in baita con slittata by night, un pranzo in rifugio (con risalita in motoslitta) e una degustazione di vini e prodotti tipici: entr\u00e9e, selezione di salumi e formaggi nazionali con mieli e mostarde, piccola pasticceria e vini a scelta tra Prosecco Docg, Cuvee di Cabernet, Pinot grigio Doc.<\/p>\n<p>Da batticuore anche le escursioni delle Guide Dolomiti Ski Rock a disposizione per accompagnare le pi\u00f9 temerarie anche nei fuori pista.<\/p>\n<p>La gastronomia \u00e8 la grande protagonista di questa giornata: le proposte E visto che l\u2019appetito vien mangiando, il Ristorante Birdie del Cortina Golf Club celebra \u201cil ritorno del bollito\u201d. Dieci tagli pregiati, conditi con le mostarde fatte in casa. Per un tocco d\u2019oriente tra i Monti Pallidi, ospite del Park Hotel Faloria, la chef Iku: un\u2019occasione per provare la versione \u201cin rosa\u201d del tradizionale sushi giapponese. Tanti i rifugi pronti a omaggiare le donne: cene \u201csotto le stelle\u201d, oltre i 2.000 metri, nell\u2019area Cinque Torri, al Rifugio Col Drusci\u00e8 e al Rifugio Capanna Tondi, quest\u2019ultimo raggiungibile in motoslitta da Rio Gere.<\/p>\n<p>A tema relax e benessere l\u2019idea del Cristallo Hotel Spa &amp; Golf: una giornata riservata esclusivamente alla rigenerazione di corpo e mente. Solo per l\u20198 marzo, trattamenti specifici a base di mimosa e centrifughe di fiori e frutta. E per non avere sensi di colpa, l\u2019executive chef Marco Badalucci cuciner\u00e0 un men\u00f9 ipocalorico, senza rinunciare a gusto e ricercatezza.<\/p>\n<p>La festa continua anche sabato 9 marzo con i Sunset Party e i Sunrise Moment, l\u2019ideale per ammirare l\u2019enrosadira in prima fila e veder sorgere i raggi del sole. Le mattiniere potranno salire al Rifugio Col Drusci\u00e8 e assaporare una gustosa colazione con vista mozzafiato. Un suggestivo punto di partenza per avventurarsi prima di tutti in discese ed escursioni on the snow, immersi nel silenzio pi\u00f9 autentico. Da una pista (quella innevata) all\u2019altra (quella dei rifugi): le instancabili della movida potranno fare due salti al Sunset Party del Croda Lago, un apr\u00e8s-ski con dj set in terrazza.<\/p>\n<p>Nel weekend dedicato al gentil sesso, non poteva mancare la cultura. Nell\u2019ambito della rassegna Una Montagna di Libri, sabato 9 marzo alle ore 18.00 Rosa Matteucci presenter\u00e0 il libro Le donne perdonano tutto tranne il silenzio, in Sala Cultura, Palazzo delle Poste.<\/p>\n<p>Per regalarsi una piccola vacanza tra donne, un pacchetto soggiorno ah hoc Evviva le donne, tre notti per due persone a partire da 300 euro, colazione inclusa (Hotel Ambra, Hotel Ancora, Park Hotel Franceschi, Hotel Al Larin, Hotel Columbia, Hotel Des Alpes, Hotel Panda, Malga Pezi\u00e8 de Par\u00f9, Chalet Lago Antorno).<\/p>\n<p>Per info e prenotazioni: www.cortina.dolomiti.org<\/p>\n<p>&nbsp;<\/p>\n<p>&nbsp;<\/p>","protected":false},"excerpt":{"rendered":"<p>In occasione del prossimo 8 marzo la Regina delle Dolomiti si prepara ad accogliere\u00a0le donne che vorranno regalarsi un weekend tutto al femminile. Tante le proposte e le attivit\u00e0 da condividere con amiche, figlie e mamme: per assaporare la genuina cucina tipica ampezzana baster\u00e0 raggiungere (magari in ciaspe o in motoslitta) uno dei tanti rifugi [&hellip;]<\/p>\n","protected":false},"author":2,"featured_media":0,"comment_status":"closed","ping_status":"open","sticky":false,"template":"","format":"standard","meta":{"footnotes":""},"categories":[27,26,8],"tags":[],"class_list":["post-47391","post","type-post","status-publish","format-standard","category-appuntamenti","category-prima-pagina","category-societa-istituzioni"],"yoast_head":"<!-- This site is optimized with the Yoast SEO plugin v28.4 - https:\/\/yoast.com\/product\/yoast-seo-wordpress\/ -->\n<title>Festa della donna a Cortina d&#039;Ampezzo - Bellunopress - Dolomiti<\/title>\n<meta name=\"robots\" content=\"index, follow, max-snippet:-1, max-image-preview:large, max-video-preview:-1\" \/>\n<link rel=\"canonical\" href=\"https:\/\/www.bellunopress.it\/fr\/2013\/03\/06\/festa-della-donna-a-cortina-dampezzo\/\" \/>\n<meta property=\"og:locale\" content=\"fr_FR\" \/>\n<meta property=\"og:type\" content=\"article\" \/>\n<meta property=\"og:title\" content=\"Festa della donna a Cortina d&#039;Ampezzo - Bellunopress - Dolomiti\" \/>\n<meta property=\"og:description\" content=\"In occasione del prossimo 8 marzo la Regina delle Dolomiti si prepara ad accogliere\u00a0le donne che vorranno regalarsi un weekend tutto al femminile. Tante le proposte e le attivit\u00e0 da condividere con amiche, figlie e mamme: per assaporare la genuina cucina tipica ampezzana baster\u00e0 raggiungere (magari in ciaspe o in motoslitta) uno dei tanti rifugi [&hellip;]\" \/>\n<meta property=\"og:url\" content=\"https:\/\/www.bellunopress.it\/fr\/2013\/03\/06\/festa-della-donna-a-cortina-dampezzo\/\" \/>\n<meta property=\"og:site_name\" content=\"Bellunopress - Dolomiti\" \/>\n<meta property=\"article:publisher\" content=\"https:\/\/www.facebook.com\/profile.php?id=100008943462799\" \/>\n<meta property=\"article:published_time\" content=\"2013-03-06T19:54:22+00:00\" \/>\n<meta property=\"og:image\" content=\"http:\/\/www.bellunopress.it\/wp-content\/uploads\/2011\/01\/cortina-dampezzo-290x208.jpg\" \/>\n<meta name=\"author\" content=\"redazione\" \/>\n<meta name=\"twitter:card\" content=\"summary_large_image\" \/>\n<meta name=\"twitter:creator\" content=\"@bellunopress\" \/>\n<meta name=\"twitter:site\" content=\"@bellunopress\" \/>\n<meta name=\"twitter:label1\" content=\"Written by\" \/>\n\t<meta name=\"twitter:data1\" content=\"redazione\" \/>\n\t<meta name=\"twitter:label2\" content=\"Est. reading time\" \/>\n\t<meta name=\"twitter:data2\" content=\"4 minutes\" \/>\n<script type=\"application\/ld+json\" class=\"yoast-schema-graph\">{\"@context\":\"https:\\\/\\\/schema.org\",\"@graph\":[{\"@type\":\"Article\",\"@id\":\"https:\\\/\\\/www.bellunopress.it\\\/2013\\\/03\\\/06\\\/festa-della-donna-a-cortina-dampezzo\\\/#article\",\"isPartOf\":{\"@id\":\"https:\\\/\\\/www.bellunopress.it\\\/2013\\\/03\\\/06\\\/festa-della-donna-a-cortina-dampezzo\\\/\"},\"author\":{\"name\":\"redazione\",\"@id\":\"https:\\\/\\\/www.bellunopress.it\\\/#\\\/schema\\\/person\\\/79bb06722b37ece1c03d3e94beb30d73\"},\"headline\":\"Festa della donna a Cortina d&#8217;Ampezzo\",\"datePublished\":\"2013-03-06T19:54:22+00:00\",\"mainEntityOfPage\":{\"@id\":\"https:\\\/\\\/www.bellunopress.it\\\/2013\\\/03\\\/06\\\/festa-della-donna-a-cortina-dampezzo\\\/\"},\"wordCount\":839,\"publisher\":{\"@id\":\"https:\\\/\\\/www.bellunopress.it\\\/#organization\"},\"image\":{\"@id\":\"https:\\\/\\\/www.bellunopress.it\\\/2013\\\/03\\\/06\\\/festa-della-donna-a-cortina-dampezzo\\\/#primaryimage\"},\"thumbnailUrl\":\"http:\\\/\\\/www.bellunopress.it\\\/wp-content\\\/uploads\\\/2011\\\/01\\\/cortina-dampezzo-290x208.jpg\",\"articleSection\":[\"Appuntamenti, Eventi\",\"Prima Pagina\",\"Societ\u00e0, Associazioni, Istituzioni\"],\"inLanguage\":\"fr-FR\"},{\"@type\":\"WebPage\",\"@id\":\"https:\\\/\\\/www.bellunopress.it\\\/2013\\\/03\\\/06\\\/festa-della-donna-a-cortina-dampezzo\\\/\",\"url\":\"https:\\\/\\\/www.bellunopress.it\\\/2013\\\/03\\\/06\\\/festa-della-donna-a-cortina-dampezzo\\\/\",\"name\":\"Festa della donna a Cortina d'Ampezzo - Bellunopress - Dolomiti\",\"isPartOf\":{\"@id\":\"https:\\\/\\\/www.bellunopress.it\\\/#website\"},\"primaryImageOfPage\":{\"@id\":\"https:\\\/\\\/www.bellunopress.it\\\/2013\\\/03\\\/06\\\/festa-della-donna-a-cortina-dampezzo\\\/#primaryimage\"},\"image\":{\"@id\":\"https:\\\/\\\/www.bellunopress.it\\\/2013\\\/03\\\/06\\\/festa-della-donna-a-cortina-dampezzo\\\/#primaryimage\"},\"thumbnailUrl\":\"http:\\\/\\\/www.bellunopress.it\\\/wp-content\\\/uploads\\\/2011\\\/01\\\/cortina-dampezzo-290x208.jpg\",\"datePublished\":\"2013-03-06T19:54:22+00:00\",\"breadcrumb\":{\"@id\":\"https:\\\/\\\/www.bellunopress.it\\\/2013\\\/03\\\/06\\\/festa-della-donna-a-cortina-dampezzo\\\/#breadcrumb\"},\"inLanguage\":\"fr-FR\",\"potentialAction\":[{\"@type\":\"ReadAction\",\"target\":[\"https:\\\/\\\/www.bellunopress.it\\\/2013\\\/03\\\/06\\\/festa-della-donna-a-cortina-dampezzo\\\/\"]}]},{\"@type\":\"ImageObject\",\"inLanguage\":\"fr-FR\",\"@id\":\"https:\\\/\\\/www.bellunopress.it\\\/2013\\\/03\\\/06\\\/festa-della-donna-a-cortina-dampezzo\\\/#primaryimage\",\"url\":\"http:\\\/\\\/www.bellunopress.it\\\/wp-content\\\/uploads\\\/2011\\\/01\\\/cortina-dampezzo-290x208.jpg\",\"contentUrl\":\"http:\\\/\\\/www.bellunopress.it\\\/wp-content\\\/uploads\\\/2011\\\/01\\\/cortina-dampezzo-290x208.jpg\"},{\"@type\":\"BreadcrumbList\",\"@id\":\"https:\\\/\\\/www.bellunopress.it\\\/2013\\\/03\\\/06\\\/festa-della-donna-a-cortina-dampezzo\\\/#breadcrumb\",\"itemListElement\":[{\"@type\":\"ListItem\",\"position\":1,\"name\":\"Home\",\"item\":\"https:\\\/\\\/www.bellunopress.it\\\/\"},{\"@type\":\"ListItem\",\"position\":2,\"name\":\"Festa della donna a Cortina d&#8217;Ampezzo\"}]},{\"@type\":\"WebSite\",\"@id\":\"https:\\\/\\\/www.bellunopress.it\\\/#website\",\"url\":\"https:\\\/\\\/www.bellunopress.it\\\/\",\"name\":\"Bellunopress - Dolomiti\",\"description\":\"e-mail: redazione@bellunopress.it\",\"publisher\":{\"@id\":\"https:\\\/\\\/www.bellunopress.it\\\/#organization\"},\"potentialAction\":[{\"@type\":\"SearchAction\",\"target\":{\"@type\":\"EntryPoint\",\"urlTemplate\":\"https:\\\/\\\/www.bellunopress.it\\\/?s={search_term_string}\"},\"query-input\":{\"@type\":\"PropertyValueSpecification\",\"valueRequired\":true,\"valueName\":\"search_term_string\"}}],\"inLanguage\":\"fr-FR\"},{\"@type\":\"Organization\",\"@id\":\"https:\\\/\\\/www.bellunopress.it\\\/#organization\",\"name\":\"Bellunopress\",\"url\":\"https:\\\/\\\/www.bellunopress.it\\\/\",\"logo\":{\"@type\":\"ImageObject\",\"inLanguage\":\"fr-FR\",\"@id\":\"https:\\\/\\\/www.bellunopress.it\\\/#\\\/schema\\\/logo\\\/image\\\/\",\"url\":\"https:\\\/\\\/www.bellunopress.it\\\/wp-content\\\/uploads\\\/2011\\\/05\\\/cropped-logo-bellunopress-.jpg\",\"contentUrl\":\"https:\\\/\\\/www.bellunopress.it\\\/wp-content\\\/uploads\\\/2011\\\/05\\\/cropped-logo-bellunopress-.jpg\",\"width\":512,\"height\":512,\"caption\":\"Bellunopress\"},\"image\":{\"@id\":\"https:\\\/\\\/www.bellunopress.it\\\/#\\\/schema\\\/logo\\\/image\\\/\"},\"sameAs\":[\"https:\\\/\\\/www.facebook.com\\\/profile.php?id=100008943462799\",\"https:\\\/\\\/x.com\\\/bellunopress\",\"https:\\\/\\\/www.linkedin.com\\\/hp\\\/?dnr=JBzUWaJfMUw8vbXJJ2tVW5-I3jZKvC4wsoxE&amp;amp;amp;amp;amp;amp;trk=nav_responsive_tab_home\",\"https:\\\/\\\/www.youtube.com\\\/channel\\\/UCxL0wu1uN0_3_7hGG0306cw\"]},{\"@type\":\"Person\",\"@id\":\"https:\\\/\\\/www.bellunopress.it\\\/#\\\/schema\\\/person\\\/79bb06722b37ece1c03d3e94beb30d73\",\"name\":\"redazione\",\"image\":{\"@type\":\"ImageObject\",\"inLanguage\":\"fr-FR\",\"@id\":\"https:\\\/\\\/secure.gravatar.com\\\/avatar\\\/37d968a2e67a6fd04c169c4bdef102d0bc5d31b2546345219e348575eb80e9a0?s=96&d=mm&r=g\",\"url\":\"https:\\\/\\\/secure.gravatar.com\\\/avatar\\\/37d968a2e67a6fd04c169c4bdef102d0bc5d31b2546345219e348575eb80e9a0?s=96&d=mm&r=g\",\"contentUrl\":\"https:\\\/\\\/secure.gravatar.com\\\/avatar\\\/37d968a2e67a6fd04c169c4bdef102d0bc5d31b2546345219e348575eb80e9a0?s=96&d=mm&r=g\",\"caption\":\"redazione\"},\"sameAs\":[\"http:\\\/\\\/www.bellunopress.it\",\"https:\\\/\\\/x.com\\\/bellunopress\"],\"url\":\"https:\\\/\\\/www.bellunopress.it\\\/fr\\\/author\\\/redazione\\\/\"}]}<\/script>\n<!-- \/ Yoast SEO plugin. -->","yoast_head_json":{"title":"Festa della donna a Cortina d'Ampezzo - Bellunopress - Dolomiti","robots":{"index":"index","follow":"follow","max-snippet":"max-snippet:-1","max-image-preview":"max-image-preview:large","max-video-preview":"max-video-preview:-1"},"canonical":"https:\/\/www.bellunopress.it\/fr\/2013\/03\/06\/festa-della-donna-a-cortina-dampezzo\/","og_locale":"fr_FR","og_type":"article","og_title":"Festa della donna a Cortina d'Ampezzo - Bellunopress - Dolomiti","og_description":"In occasione del prossimo 8 marzo la Regina delle Dolomiti si prepara ad accogliere\u00a0le donne che vorranno regalarsi un weekend tutto al femminile. Tante le proposte e le attivit\u00e0 da condividere con amiche, figlie e mamme: per assaporare la genuina cucina tipica ampezzana baster\u00e0 raggiungere (magari in ciaspe o in motoslitta) uno dei tanti rifugi [&hellip;]","og_url":"https:\/\/www.bellunopress.it\/fr\/2013\/03\/06\/festa-della-donna-a-cortina-dampezzo\/","og_site_name":"Bellunopress - Dolomiti","article_publisher":"https:\/\/www.facebook.com\/profile.php?id=100008943462799","article_published_time":"2013-03-06T19:54:22+00:00","og_image":[{"url":"http:\/\/www.bellunopress.it\/wp-content\/uploads\/2011\/01\/cortina-dampezzo-290x208.jpg","type":"","width":"","height":""}],"author":"redazione","twitter_card":"summary_large_image","twitter_creator":"@bellunopress","twitter_site":"@bellunopress","twitter_misc":{"Written by":"redazione","Est. reading time":"4 minutes"},"schema":{"@context":"https:\/\/schema.org","@graph":[{"@type":"Article","@id":"https:\/\/www.bellunopress.it\/2013\/03\/06\/festa-della-donna-a-cortina-dampezzo\/#article","isPartOf":{"@id":"https:\/\/www.bellunopress.it\/2013\/03\/06\/festa-della-donna-a-cortina-dampezzo\/"},"author":{"name":"redazione","@id":"https:\/\/www.bellunopress.it\/#\/schema\/person\/79bb06722b37ece1c03d3e94beb30d73"},"headline":"Festa della donna a Cortina d&#8217;Ampezzo","datePublished":"2013-03-06T19:54:22+00:00","mainEntityOfPage":{"@id":"https:\/\/www.bellunopress.it\/2013\/03\/06\/festa-della-donna-a-cortina-dampezzo\/"},"wordCount":839,"publisher":{"@id":"https:\/\/www.bellunopress.it\/#organization"},"image":{"@id":"https:\/\/www.bellunopress.it\/2013\/03\/06\/festa-della-donna-a-cortina-dampezzo\/#primaryimage"},"thumbnailUrl":"http:\/\/www.bellunopress.it\/wp-content\/uploads\/2011\/01\/cortina-dampezzo-290x208.jpg","articleSection":["Appuntamenti, Eventi","Prima Pagina","Societ\u00e0, Associazioni, Istituzioni"],"inLanguage":"fr-FR"},{"@type":"WebPage","@id":"https:\/\/www.bellunopress.it\/2013\/03\/06\/festa-della-donna-a-cortina-dampezzo\/","url":"https:\/\/www.bellunopress.it\/2013\/03\/06\/festa-della-donna-a-cortina-dampezzo\/","name":"Festa della donna a Cortina d'Ampezzo - Bellunopress - Dolomiti","isPartOf":{"@id":"https:\/\/www.bellunopress.it\/#website"},"primaryImageOfPage":{"@id":"https:\/\/www.bellunopress.it\/2013\/03\/06\/festa-della-donna-a-cortina-dampezzo\/#primaryimage"},"image":{"@id":"https:\/\/www.bellunopress.it\/2013\/03\/06\/festa-della-donna-a-cortina-dampezzo\/#primaryimage"},"thumbnailUrl":"http:\/\/www.bellunopress.it\/wp-content\/uploads\/2011\/01\/cortina-dampezzo-290x208.jpg","datePublished":"2013-03-06T19:54:22+00:00","breadcrumb":{"@id":"https:\/\/www.bellunopress.it\/2013\/03\/06\/festa-della-donna-a-cortina-dampezzo\/#breadcrumb"},"inLanguage":"fr-FR","potentialAction":[{"@type":"ReadAction","target":["https:\/\/www.bellunopress.it\/2013\/03\/06\/festa-della-donna-a-cortina-dampezzo\/"]}]},{"@type":"ImageObject","inLanguage":"fr-FR","@id":"https:\/\/www.bellunopress.it\/2013\/03\/06\/festa-della-donna-a-cortina-dampezzo\/#primaryimage","url":"http:\/\/www.bellunopress.it\/wp-content\/uploads\/2011\/01\/cortina-dampezzo-290x208.jpg","contentUrl":"http:\/\/www.bellunopress.it\/wp-content\/uploads\/2011\/01\/cortina-dampezzo-290x208.jpg"},{"@type":"BreadcrumbList","@id":"https:\/\/www.bellunopress.it\/2013\/03\/06\/festa-della-donna-a-cortina-dampezzo\/#breadcrumb","itemListElement":[{"@type":"ListItem","position":1,"name":"Home","item":"https:\/\/www.bellunopress.it\/"},{"@type":"ListItem","position":2,"name":"Festa della donna a Cortina d&#8217;Ampezzo"}]},{"@type":"WebSite","@id":"https:\/\/www.bellunopress.it\/#website","url":"https:\/\/www.bellunopress.it\/","name":"Bellunopress - Dolomiti","description":"e-mail: redazione@bellunopress.it","publisher":{"@id":"https:\/\/www.bellunopress.it\/#organization"},"potentialAction":[{"@type":"SearchAction","target":{"@type":"EntryPoint","urlTemplate":"https:\/\/www.bellunopress.it\/?s={search_term_string}"},"query-input":{"@type":"PropertyValueSpecification","valueRequired":true,"valueName":"search_term_string"}}],"inLanguage":"fr-FR"},{"@type":"Organization","@id":"https:\/\/www.bellunopress.it\/#organization","name":"Bellunopress","url":"https:\/\/www.bellunopress.it\/","logo":{"@type":"ImageObject","inLanguage":"fr-FR","@id":"https:\/\/www.bellunopress.it\/#\/schema\/logo\/image\/","url":"https:\/\/www.bellunopress.it\/wp-content\/uploads\/2011\/05\/cropped-logo-bellunopress-.jpg","contentUrl":"https:\/\/www.bellunopress.it\/wp-content\/uploads\/2011\/05\/cropped-logo-bellunopress-.jpg","width":512,"height":512,"caption":"Bellunopress"},"image":{"@id":"https:\/\/www.bellunopress.it\/#\/schema\/logo\/image\/"},"sameAs":["https:\/\/www.facebook.com\/profile.php?id=100008943462799","https:\/\/x.com\/bellunopress","https:\/\/www.linkedin.com\/hp\/?dnr=JBzUWaJfMUw8vbXJJ2tVW5-I3jZKvC4wsoxE&amp;amp;amp;amp;amp;amp;trk=nav_responsive_tab_home","https:\/\/www.youtube.com\/channel\/UCxL0wu1uN0_3_7hGG0306cw"]},{"@type":"Person","@id":"https:\/\/www.bellunopress.it\/#\/schema\/person\/79bb06722b37ece1c03d3e94beb30d73","name":"r\u00e9daction","image":{"@type":"ImageObject","inLanguage":"fr-FR","@id":"https:\/\/secure.gravatar.com\/avatar\/37d968a2e67a6fd04c169c4bdef102d0bc5d31b2546345219e348575eb80e9a0?s=96&d=mm&r=g","url":"https:\/\/secure.gravatar.com\/avatar\/37d968a2e67a6fd04c169c4bdef102d0bc5d31b2546345219e348575eb80e9a0?s=96&d=mm&r=g","contentUrl":"https:\/\/secure.gravatar.com\/avatar\/37d968a2e67a6fd04c169c4bdef102d0bc5d31b2546345219e348575eb80e9a0?s=96&d=mm&r=g","caption":"redazione"},"sameAs":["http:\/\/www.bellunopress.it","https:\/\/x.com\/bellunopress"],"url":"https:\/\/www.bellunopress.it\/fr\/author\/redazione\/"}]}},"_links":{"self":[{"href":"https:\/\/www.bellunopress.it\/fr\/wp-json\/wp\/v2\/posts\/47391","targetHints":{"allow":["GET"]}}],"collection":[{"href":"https:\/\/www.bellunopress.it\/fr\/wp-json\/wp\/v2\/posts"}],"about":[{"href":"https:\/\/www.bellunopress.it\/fr\/wp-json\/wp\/v2\/types\/post"}],"author":[{"embeddable":true,"href":"https:\/\/www.bellunopress.it\/fr\/wp-json\/wp\/v2\/users\/2"}],"replies":[{"embeddable":true,"href":"https:\/\/www.bellunopress.it\/fr\/wp-json\/wp\/v2\/comments?post=47391"}],"version-history":[{"count":1,"href":"https:\/\/www.bellunopress.it\/fr\/wp-json\/wp\/v2\/posts\/47391\/revisions"}],"predecessor-version":[{"id":47392,"href":"https:\/\/www.bellunopress.it\/fr\/wp-json\/wp\/v2\/posts\/47391\/revisions\/47392"}],"wp:attachment":[{"href":"https:\/\/www.bellunopress.it\/fr\/wp-json\/wp\/v2\/media?parent=47391"}],"wp:term":[{"taxonomy":"category","embeddable":true,"href":"https:\/\/www.bellunopress.it\/fr\/wp-json\/wp\/v2\/categories?post=47391"},{"taxonomy":"post_tag","embeddable":true,"href":"https:\/\/www.bellunopress.it\/fr\/wp-json\/wp\/v2\/tags?post=47391"}],"curies":[{"name":"wp","href":"https:\/\/api.w.org\/{rel}","templated":true}]}}