{"id":47385,"date":"2013-03-06T15:48:24","date_gmt":"2013-03-06T14:48:24","guid":{"rendered":"http:\/\/www.bellunopress.it\/?p=47385"},"modified":"2013-03-06T15:48:24","modified_gmt":"2013-03-06T14:48:24","slug":"giunta-regionale-cura-dimagrante-per-le-societa-partecipate-indirette","status":"publish","type":"post","link":"https:\/\/www.bellunopress.it\/fr\/2013\/03\/06\/giunta-regionale-cura-dimagrante-per-le-societa-partecipate-indirette\/","title":{"rendered":"Giunta regionale: cura dimagrante per le societ\u00e0 partecipate indirette"},"content":{"rendered":"<p>&nbsp;<\/p>\n<p><a href=\"http:\/\/www.bellunopress.it\/wp-content\/uploads\/2010\/05\/giunta-regionale.jpg\"><img loading=\"lazy\" decoding=\"async\" class=\"alignleft size-full wp-image-15165\" alt=\"giunta-regionale\" src=\"http:\/\/www.bellunopress.it\/wp-content\/uploads\/2010\/05\/giunta-regionale.jpg\" width=\"270\" height=\"202\" \/><\/a>Su proposta dell\u2019assessore al bilancio e agli Enti locali, Roberto Ciambetti e in esecuzione delle deliberazioni del 2010 e 2012 che avevano monitorato le attivit\u00e0 delle societ\u00e0 controllate e stabilito limitazioni e riduzioni dei costi (compensi, consulenze, sponsorizzazioni, ecc.), la Giunta regionale del Veneto ha approvato un provvedimento con il quale vengono emanate apposite direttive alle societ\u00e0 partecipate dalla Regione per l\u2019avvio di processi di razionalizzazione delle partecipazioni societarie detenute dalle stesse, al fine di attuare politiche di contenimento della spesa.<\/p>\n<p>Il sistema regionale, infatti, \u00e8 composto innanzitutto da societ\u00e0 partecipate in via diretta. Di queste l\u2019Ente ha la propriet\u00e0 delle quote azionarie o sociali (talune sono gestite attraverso la finanziaria Veneto Sviluppo) e, a loro volta, le stesse hanno acquisito partecipazioni in altre societ\u00e0, le cosiddette partecipazioni societarie regionali indirette.<\/p>\n<figure id=\"attachment_15094\" aria-describedby=\"caption-attachment-15094\" style=\"width: 109px\" class=\"wp-caption alignleft\"><a href=\"http:\/\/www.bellunopress.it\/wp-content\/uploads\/2010\/05\/roberto-ciambetti.jpg\"><img loading=\"lazy\" decoding=\"async\" class=\"size-full wp-image-15094\" alt=\"Roberto Ciambetti\" src=\"http:\/\/www.bellunopress.it\/wp-content\/uploads\/2010\/05\/roberto-ciambetti.jpg\" width=\"109\" height=\"160\" \/><\/a><figcaption id=\"caption-attachment-15094\" class=\"wp-caption-text\">Roberto Ciambetti<\/figcaption><\/figure>\n<p>\u201cProseguendo nell\u2019opera di razionalizzazione e snellimento dell\u2019apparato regionale complessivo che da tempo abbiamo intrapreso \u2013 spiega Ciambetti \u2013, intendiamo riordinare anche il sistema delle partecipazioni indirette, non solo per necessit\u00e0 di adeguamento a un quadro normativo notevolmente mutato, ma in quanto ci\u00f2 risponde a quegli obiettivi di efficienza gestionale e di equilibrio economico \u2013 finanziario che ci siamo dati\u201d.<\/p>\n<p>In sintesi, la Giunta ha stabilito che le societ\u00e0 direttamente partecipate o controllate dalla Regione del Veneto, a esclusione di quelle per cui \u00e8 in atto un procedimento di cessione, dovranno presentare entro il prossimo 31 marzo un documento ricognitivo e una proposta di piano di razionalizzazione delle societ\u00e0 dalle stesse partecipate, in base a criteri di opportunit\u00e0 strategica, a considerazioni sugli assetti del personale, al trend dei risultati economici, ecc. Le societ\u00e0 strumentali che ricevono dalla Regione affidamenti \u2018in house\u2019, dovranno nel proprio piano prevedere obbligatoriamente la dismissione di tutte le partecipazioni in societ\u00e0 che non abbiano oggetto analogo a quello delle societ\u00e0 partecipanti e che siano incompatibili con i requisiti dell\u2019\u201din house providing\u201d. Dovr\u00e0, inoltre, essere valutata l\u2019eventuale convenienza di fusioni, anche di singoli rami d\u2019azienda, con la societ\u00e0 partecipante. Le partecipazioni che non possono essere mantenute in capo alla societ\u00e0 o che comunque si vogliono dismettere, potranno essere poste in liquidazione, o cedute a terzi, o conferite alla Veneto Sviluppo o, infine, trasferite alla Regione.<\/p>\n<p>Dopo che gli uffici regionali avranno valutato i piani presentati, la Giunta approver\u00e0 il programma di riorganizzazione delle societ\u00e0 indirette con l\u2019obiettivo di ridurre da un terzo alla met\u00e0 le attuali sessanta partecipazioni indirette.<\/p>\n<p>\u201cSu indicazione del presidente Zaia \u2013 ha concluso l\u2019assessore Ciambetti \u2013 questo processo di razionalizzazione sar\u00e0 esteso alle partecipazioni detenute oltre che dalle societ\u00e0 anche dagli enti regionali\u201d.<\/p>\n<p>La Regione ha intrapreso da tempo un percorso di razionalizzazione delle partecipazioni regionali: qualche anno fa ha conferito alla Veneto Sviluppo una parte considerevole di quote di otto societ\u00e0 detenute direttamente e nei mesi scorsi, anche in ottemperanza alle nuove disposizioni normative in materia, ha avviato un importante riassetto del sistema che porter\u00e0, tra l\u2019altro, alla dismissione delle quote di quattro societ\u00e0 (College Valmarana Morosini S.p.A., Rovigo Exp\u00f2 S.p.A., Insula S.p.A., SIS S.p.A.) e alla fusione di altre quattro \u201cimmobiliari\u201d (Terme di Recoaro S.p.A., Societ\u00e0 Veneziana Edilizia Canalgrande S.p.A., Immobiliare Marco polo s.r.l., Rocca di Monselice s.r.l.) in un\u2019unica societ\u00e0 di gestione.<\/p>\n<p>&nbsp;<\/p>","protected":false},"excerpt":{"rendered":"<p>&nbsp; Su proposta dell\u2019assessore al bilancio e agli Enti locali, Roberto Ciambetti e in esecuzione delle deliberazioni del 2010 e 2012 che avevano monitorato le attivit\u00e0 delle societ\u00e0 controllate e stabilito limitazioni e riduzioni dei costi (compensi, consulenze, sponsorizzazioni, ecc.), la Giunta regionale del Veneto ha approvato un provvedimento con il quale vengono emanate apposite [&hellip;]<\/p>\n","protected":false},"author":2,"featured_media":0,"comment_status":"closed","ping_status":"open","sticky":false,"template":"","format":"standard","meta":{"footnotes":""},"categories":[1],"tags":[],"class_list":["post-47385","post","type-post","status-publish","format-standard","category-leo"],"yoast_head":"<!-- This site is optimized with the Yoast SEO plugin v28.4 - https:\/\/yoast.com\/product\/yoast-seo-wordpress\/ -->\n<title>Giunta regionale: cura dimagrante per le societ\u00e0 partecipate indirette - Bellunopress - Dolomiti<\/title>\n<meta name=\"robots\" content=\"index, follow, max-snippet:-1, max-image-preview:large, max-video-preview:-1\" \/>\n<link rel=\"canonical\" href=\"https:\/\/www.bellunopress.it\/fr\/2013\/03\/06\/giunta-regionale-cura-dimagrante-per-le-societa-partecipate-indirette\/\" \/>\n<meta property=\"og:locale\" content=\"fr_FR\" \/>\n<meta property=\"og:type\" content=\"article\" \/>\n<meta property=\"og:title\" content=\"Giunta regionale: cura dimagrante per le societ\u00e0 partecipate indirette - Bellunopress - Dolomiti\" \/>\n<meta property=\"og:description\" content=\"&nbsp; Su proposta dell\u2019assessore al bilancio e agli Enti locali, Roberto Ciambetti e in esecuzione delle deliberazioni del 2010 e 2012 che avevano monitorato le attivit\u00e0 delle societ\u00e0 controllate e stabilito limitazioni e riduzioni dei costi (compensi, consulenze, sponsorizzazioni, ecc.), la Giunta regionale del Veneto ha approvato un provvedimento con il quale vengono emanate apposite [&hellip;]\" \/>\n<meta property=\"og:url\" content=\"https:\/\/www.bellunopress.it\/fr\/2013\/03\/06\/giunta-regionale-cura-dimagrante-per-le-societa-partecipate-indirette\/\" \/>\n<meta property=\"og:site_name\" content=\"Bellunopress - Dolomiti\" \/>\n<meta property=\"article:publisher\" content=\"https:\/\/www.facebook.com\/profile.php?id=100008943462799\" \/>\n<meta property=\"article:published_time\" content=\"2013-03-06T14:48:24+00:00\" \/>\n<meta property=\"og:image\" content=\"http:\/\/www.bellunopress.it\/wp-content\/uploads\/2010\/05\/giunta-regionale.jpg\" \/>\n<meta name=\"author\" content=\"redazione\" \/>\n<meta name=\"twitter:card\" content=\"summary_large_image\" \/>\n<meta name=\"twitter:creator\" content=\"@bellunopress\" \/>\n<meta name=\"twitter:site\" content=\"@bellunopress\" \/>\n<meta name=\"twitter:label1\" content=\"Written by\" \/>\n\t<meta name=\"twitter:data1\" content=\"redazione\" \/>\n\t<meta name=\"twitter:label2\" content=\"Est. reading time\" \/>\n\t<meta name=\"twitter:data2\" content=\"3 minutes\" \/>\n<script type=\"application\/ld+json\" class=\"yoast-schema-graph\">{\"@context\":\"https:\\\/\\\/schema.org\",\"@graph\":[{\"@type\":\"Article\",\"@id\":\"https:\\\/\\\/www.bellunopress.it\\\/2013\\\/03\\\/06\\\/giunta-regionale-cura-dimagrante-per-le-societa-partecipate-indirette\\\/#article\",\"isPartOf\":{\"@id\":\"https:\\\/\\\/www.bellunopress.it\\\/2013\\\/03\\\/06\\\/giunta-regionale-cura-dimagrante-per-le-societa-partecipate-indirette\\\/\"},\"author\":{\"name\":\"redazione\",\"@id\":\"https:\\\/\\\/www.bellunopress.it\\\/#\\\/schema\\\/person\\\/79bb06722b37ece1c03d3e94beb30d73\"},\"headline\":\"Giunta regionale: cura dimagrante per le societ\u00e0 partecipate indirette\",\"datePublished\":\"2013-03-06T14:48:24+00:00\",\"mainEntityOfPage\":{\"@id\":\"https:\\\/\\\/www.bellunopress.it\\\/2013\\\/03\\\/06\\\/giunta-regionale-cura-dimagrante-per-le-societa-partecipate-indirette\\\/\"},\"wordCount\":560,\"publisher\":{\"@id\":\"https:\\\/\\\/www.bellunopress.it\\\/#organization\"},\"image\":{\"@id\":\"https:\\\/\\\/www.bellunopress.it\\\/2013\\\/03\\\/06\\\/giunta-regionale-cura-dimagrante-per-le-societa-partecipate-indirette\\\/#primaryimage\"},\"thumbnailUrl\":\"http:\\\/\\\/www.bellunopress.it\\\/wp-content\\\/uploads\\\/2010\\\/05\\\/giunta-regionale.jpg\",\"articleSection\":[\"Lettere Opinioni\"],\"inLanguage\":\"fr-FR\"},{\"@type\":\"WebPage\",\"@id\":\"https:\\\/\\\/www.bellunopress.it\\\/2013\\\/03\\\/06\\\/giunta-regionale-cura-dimagrante-per-le-societa-partecipate-indirette\\\/\",\"url\":\"https:\\\/\\\/www.bellunopress.it\\\/2013\\\/03\\\/06\\\/giunta-regionale-cura-dimagrante-per-le-societa-partecipate-indirette\\\/\",\"name\":\"Giunta regionale: cura dimagrante per le societ\u00e0 partecipate indirette - Bellunopress - Dolomiti\",\"isPartOf\":{\"@id\":\"https:\\\/\\\/www.bellunopress.it\\\/#website\"},\"primaryImageOfPage\":{\"@id\":\"https:\\\/\\\/www.bellunopress.it\\\/2013\\\/03\\\/06\\\/giunta-regionale-cura-dimagrante-per-le-societa-partecipate-indirette\\\/#primaryimage\"},\"image\":{\"@id\":\"https:\\\/\\\/www.bellunopress.it\\\/2013\\\/03\\\/06\\\/giunta-regionale-cura-dimagrante-per-le-societa-partecipate-indirette\\\/#primaryimage\"},\"thumbnailUrl\":\"http:\\\/\\\/www.bellunopress.it\\\/wp-content\\\/uploads\\\/2010\\\/05\\\/giunta-regionale.jpg\",\"datePublished\":\"2013-03-06T14:48:24+00:00\",\"breadcrumb\":{\"@id\":\"https:\\\/\\\/www.bellunopress.it\\\/2013\\\/03\\\/06\\\/giunta-regionale-cura-dimagrante-per-le-societa-partecipate-indirette\\\/#breadcrumb\"},\"inLanguage\":\"fr-FR\",\"potentialAction\":[{\"@type\":\"ReadAction\",\"target\":[\"https:\\\/\\\/www.bellunopress.it\\\/2013\\\/03\\\/06\\\/giunta-regionale-cura-dimagrante-per-le-societa-partecipate-indirette\\\/\"]}]},{\"@type\":\"ImageObject\",\"inLanguage\":\"fr-FR\",\"@id\":\"https:\\\/\\\/www.bellunopress.it\\\/2013\\\/03\\\/06\\\/giunta-regionale-cura-dimagrante-per-le-societa-partecipate-indirette\\\/#primaryimage\",\"url\":\"http:\\\/\\\/www.bellunopress.it\\\/wp-content\\\/uploads\\\/2010\\\/05\\\/giunta-regionale.jpg\",\"contentUrl\":\"http:\\\/\\\/www.bellunopress.it\\\/wp-content\\\/uploads\\\/2010\\\/05\\\/giunta-regionale.jpg\"},{\"@type\":\"BreadcrumbList\",\"@id\":\"https:\\\/\\\/www.bellunopress.it\\\/2013\\\/03\\\/06\\\/giunta-regionale-cura-dimagrante-per-le-societa-partecipate-indirette\\\/#breadcrumb\",\"itemListElement\":[{\"@type\":\"ListItem\",\"position\":1,\"name\":\"Home\",\"item\":\"https:\\\/\\\/www.bellunopress.it\\\/\"},{\"@type\":\"ListItem\",\"position\":2,\"name\":\"Giunta regionale: cura dimagrante per le societ\u00e0 partecipate indirette\"}]},{\"@type\":\"WebSite\",\"@id\":\"https:\\\/\\\/www.bellunopress.it\\\/#website\",\"url\":\"https:\\\/\\\/www.bellunopress.it\\\/\",\"name\":\"Bellunopress - Dolomiti\",\"description\":\"e-mail: redazione@bellunopress.it\",\"publisher\":{\"@id\":\"https:\\\/\\\/www.bellunopress.it\\\/#organization\"},\"potentialAction\":[{\"@type\":\"SearchAction\",\"target\":{\"@type\":\"EntryPoint\",\"urlTemplate\":\"https:\\\/\\\/www.bellunopress.it\\\/?s={search_term_string}\"},\"query-input\":{\"@type\":\"PropertyValueSpecification\",\"valueRequired\":true,\"valueName\":\"search_term_string\"}}],\"inLanguage\":\"fr-FR\"},{\"@type\":\"Organization\",\"@id\":\"https:\\\/\\\/www.bellunopress.it\\\/#organization\",\"name\":\"Bellunopress\",\"url\":\"https:\\\/\\\/www.bellunopress.it\\\/\",\"logo\":{\"@type\":\"ImageObject\",\"inLanguage\":\"fr-FR\",\"@id\":\"https:\\\/\\\/www.bellunopress.it\\\/#\\\/schema\\\/logo\\\/image\\\/\",\"url\":\"https:\\\/\\\/www.bellunopress.it\\\/wp-content\\\/uploads\\\/2011\\\/05\\\/cropped-logo-bellunopress-.jpg\",\"contentUrl\":\"https:\\\/\\\/www.bellunopress.it\\\/wp-content\\\/uploads\\\/2011\\\/05\\\/cropped-logo-bellunopress-.jpg\",\"width\":512,\"height\":512,\"caption\":\"Bellunopress\"},\"image\":{\"@id\":\"https:\\\/\\\/www.bellunopress.it\\\/#\\\/schema\\\/logo\\\/image\\\/\"},\"sameAs\":[\"https:\\\/\\\/www.facebook.com\\\/profile.php?id=100008943462799\",\"https:\\\/\\\/x.com\\\/bellunopress\",\"https:\\\/\\\/www.linkedin.com\\\/hp\\\/?dnr=JBzUWaJfMUw8vbXJJ2tVW5-I3jZKvC4wsoxE&amp;amp;amp;amp;amp;amp;trk=nav_responsive_tab_home\",\"https:\\\/\\\/www.youtube.com\\\/channel\\\/UCxL0wu1uN0_3_7hGG0306cw\"]},{\"@type\":\"Person\",\"@id\":\"https:\\\/\\\/www.bellunopress.it\\\/#\\\/schema\\\/person\\\/79bb06722b37ece1c03d3e94beb30d73\",\"name\":\"redazione\",\"image\":{\"@type\":\"ImageObject\",\"inLanguage\":\"fr-FR\",\"@id\":\"https:\\\/\\\/secure.gravatar.com\\\/avatar\\\/37d968a2e67a6fd04c169c4bdef102d0bc5d31b2546345219e348575eb80e9a0?s=96&d=mm&r=g\",\"url\":\"https:\\\/\\\/secure.gravatar.com\\\/avatar\\\/37d968a2e67a6fd04c169c4bdef102d0bc5d31b2546345219e348575eb80e9a0?s=96&d=mm&r=g\",\"contentUrl\":\"https:\\\/\\\/secure.gravatar.com\\\/avatar\\\/37d968a2e67a6fd04c169c4bdef102d0bc5d31b2546345219e348575eb80e9a0?s=96&d=mm&r=g\",\"caption\":\"redazione\"},\"sameAs\":[\"http:\\\/\\\/www.bellunopress.it\",\"https:\\\/\\\/x.com\\\/bellunopress\"],\"url\":\"https:\\\/\\\/www.bellunopress.it\\\/fr\\\/author\\\/redazione\\\/\"}]}<\/script>\n<!-- \/ Yoast SEO plugin. -->","yoast_head_json":{"title":"Giunta regionale: cura dimagrante per le societ\u00e0 partecipate indirette - Bellunopress - Dolomiti","robots":{"index":"index","follow":"follow","max-snippet":"max-snippet:-1","max-image-preview":"max-image-preview:large","max-video-preview":"max-video-preview:-1"},"canonical":"https:\/\/www.bellunopress.it\/fr\/2013\/03\/06\/giunta-regionale-cura-dimagrante-per-le-societa-partecipate-indirette\/","og_locale":"fr_FR","og_type":"article","og_title":"Giunta regionale: cura dimagrante per le societ\u00e0 partecipate indirette - Bellunopress - Dolomiti","og_description":"&nbsp; Su proposta dell\u2019assessore al bilancio e agli Enti locali, Roberto Ciambetti e in esecuzione delle deliberazioni del 2010 e 2012 che avevano monitorato le attivit\u00e0 delle societ\u00e0 controllate e stabilito limitazioni e riduzioni dei costi (compensi, consulenze, sponsorizzazioni, ecc.), la Giunta regionale del Veneto ha approvato un provvedimento con il quale vengono emanate apposite [&hellip;]","og_url":"https:\/\/www.bellunopress.it\/fr\/2013\/03\/06\/giunta-regionale-cura-dimagrante-per-le-societa-partecipate-indirette\/","og_site_name":"Bellunopress - Dolomiti","article_publisher":"https:\/\/www.facebook.com\/profile.php?id=100008943462799","article_published_time":"2013-03-06T14:48:24+00:00","og_image":[{"url":"http:\/\/www.bellunopress.it\/wp-content\/uploads\/2010\/05\/giunta-regionale.jpg","type":"","width":"","height":""}],"author":"redazione","twitter_card":"summary_large_image","twitter_creator":"@bellunopress","twitter_site":"@bellunopress","twitter_misc":{"Written by":"redazione","Est. reading time":"3 minutes"},"schema":{"@context":"https:\/\/schema.org","@graph":[{"@type":"Article","@id":"https:\/\/www.bellunopress.it\/2013\/03\/06\/giunta-regionale-cura-dimagrante-per-le-societa-partecipate-indirette\/#article","isPartOf":{"@id":"https:\/\/www.bellunopress.it\/2013\/03\/06\/giunta-regionale-cura-dimagrante-per-le-societa-partecipate-indirette\/"},"author":{"name":"redazione","@id":"https:\/\/www.bellunopress.it\/#\/schema\/person\/79bb06722b37ece1c03d3e94beb30d73"},"headline":"Giunta regionale: cura dimagrante per le societ\u00e0 partecipate indirette","datePublished":"2013-03-06T14:48:24+00:00","mainEntityOfPage":{"@id":"https:\/\/www.bellunopress.it\/2013\/03\/06\/giunta-regionale-cura-dimagrante-per-le-societa-partecipate-indirette\/"},"wordCount":560,"publisher":{"@id":"https:\/\/www.bellunopress.it\/#organization"},"image":{"@id":"https:\/\/www.bellunopress.it\/2013\/03\/06\/giunta-regionale-cura-dimagrante-per-le-societa-partecipate-indirette\/#primaryimage"},"thumbnailUrl":"http:\/\/www.bellunopress.it\/wp-content\/uploads\/2010\/05\/giunta-regionale.jpg","articleSection":["Lettere Opinioni"],"inLanguage":"fr-FR"},{"@type":"WebPage","@id":"https:\/\/www.bellunopress.it\/2013\/03\/06\/giunta-regionale-cura-dimagrante-per-le-societa-partecipate-indirette\/","url":"https:\/\/www.bellunopress.it\/2013\/03\/06\/giunta-regionale-cura-dimagrante-per-le-societa-partecipate-indirette\/","name":"Giunta regionale: cura dimagrante per le societ\u00e0 partecipate indirette - Bellunopress - Dolomiti","isPartOf":{"@id":"https:\/\/www.bellunopress.it\/#website"},"primaryImageOfPage":{"@id":"https:\/\/www.bellunopress.it\/2013\/03\/06\/giunta-regionale-cura-dimagrante-per-le-societa-partecipate-indirette\/#primaryimage"},"image":{"@id":"https:\/\/www.bellunopress.it\/2013\/03\/06\/giunta-regionale-cura-dimagrante-per-le-societa-partecipate-indirette\/#primaryimage"},"thumbnailUrl":"http:\/\/www.bellunopress.it\/wp-content\/uploads\/2010\/05\/giunta-regionale.jpg","datePublished":"2013-03-06T14:48:24+00:00","breadcrumb":{"@id":"https:\/\/www.bellunopress.it\/2013\/03\/06\/giunta-regionale-cura-dimagrante-per-le-societa-partecipate-indirette\/#breadcrumb"},"inLanguage":"fr-FR","potentialAction":[{"@type":"ReadAction","target":["https:\/\/www.bellunopress.it\/2013\/03\/06\/giunta-regionale-cura-dimagrante-per-le-societa-partecipate-indirette\/"]}]},{"@type":"ImageObject","inLanguage":"fr-FR","@id":"https:\/\/www.bellunopress.it\/2013\/03\/06\/giunta-regionale-cura-dimagrante-per-le-societa-partecipate-indirette\/#primaryimage","url":"http:\/\/www.bellunopress.it\/wp-content\/uploads\/2010\/05\/giunta-regionale.jpg","contentUrl":"http:\/\/www.bellunopress.it\/wp-content\/uploads\/2010\/05\/giunta-regionale.jpg"},{"@type":"BreadcrumbList","@id":"https:\/\/www.bellunopress.it\/2013\/03\/06\/giunta-regionale-cura-dimagrante-per-le-societa-partecipate-indirette\/#breadcrumb","itemListElement":[{"@type":"ListItem","position":1,"name":"Home","item":"https:\/\/www.bellunopress.it\/"},{"@type":"ListItem","position":2,"name":"Giunta regionale: cura dimagrante per le societ\u00e0 partecipate indirette"}]},{"@type":"WebSite","@id":"https:\/\/www.bellunopress.it\/#website","url":"https:\/\/www.bellunopress.it\/","name":"Bellunopress - Dolomiti","description":"e-mail: redazione@bellunopress.it","publisher":{"@id":"https:\/\/www.bellunopress.it\/#organization"},"potentialAction":[{"@type":"SearchAction","target":{"@type":"EntryPoint","urlTemplate":"https:\/\/www.bellunopress.it\/?s={search_term_string}"},"query-input":{"@type":"PropertyValueSpecification","valueRequired":true,"valueName":"search_term_string"}}],"inLanguage":"fr-FR"},{"@type":"Organization","@id":"https:\/\/www.bellunopress.it\/#organization","name":"Bellunopress","url":"https:\/\/www.bellunopress.it\/","logo":{"@type":"ImageObject","inLanguage":"fr-FR","@id":"https:\/\/www.bellunopress.it\/#\/schema\/logo\/image\/","url":"https:\/\/www.bellunopress.it\/wp-content\/uploads\/2011\/05\/cropped-logo-bellunopress-.jpg","contentUrl":"https:\/\/www.bellunopress.it\/wp-content\/uploads\/2011\/05\/cropped-logo-bellunopress-.jpg","width":512,"height":512,"caption":"Bellunopress"},"image":{"@id":"https:\/\/www.bellunopress.it\/#\/schema\/logo\/image\/"},"sameAs":["https:\/\/www.facebook.com\/profile.php?id=100008943462799","https:\/\/x.com\/bellunopress","https:\/\/www.linkedin.com\/hp\/?dnr=JBzUWaJfMUw8vbXJJ2tVW5-I3jZKvC4wsoxE&amp;amp;amp;amp;amp;amp;trk=nav_responsive_tab_home","https:\/\/www.youtube.com\/channel\/UCxL0wu1uN0_3_7hGG0306cw"]},{"@type":"Person","@id":"https:\/\/www.bellunopress.it\/#\/schema\/person\/79bb06722b37ece1c03d3e94beb30d73","name":"r\u00e9daction","image":{"@type":"ImageObject","inLanguage":"fr-FR","@id":"https:\/\/secure.gravatar.com\/avatar\/37d968a2e67a6fd04c169c4bdef102d0bc5d31b2546345219e348575eb80e9a0?s=96&d=mm&r=g","url":"https:\/\/secure.gravatar.com\/avatar\/37d968a2e67a6fd04c169c4bdef102d0bc5d31b2546345219e348575eb80e9a0?s=96&d=mm&r=g","contentUrl":"https:\/\/secure.gravatar.com\/avatar\/37d968a2e67a6fd04c169c4bdef102d0bc5d31b2546345219e348575eb80e9a0?s=96&d=mm&r=g","caption":"redazione"},"sameAs":["http:\/\/www.bellunopress.it","https:\/\/x.com\/bellunopress"],"url":"https:\/\/www.bellunopress.it\/fr\/author\/redazione\/"}]}},"_links":{"self":[{"href":"https:\/\/www.bellunopress.it\/fr\/wp-json\/wp\/v2\/posts\/47385","targetHints":{"allow":["GET"]}}],"collection":[{"href":"https:\/\/www.bellunopress.it\/fr\/wp-json\/wp\/v2\/posts"}],"about":[{"href":"https:\/\/www.bellunopress.it\/fr\/wp-json\/wp\/v2\/types\/post"}],"author":[{"embeddable":true,"href":"https:\/\/www.bellunopress.it\/fr\/wp-json\/wp\/v2\/users\/2"}],"replies":[{"embeddable":true,"href":"https:\/\/www.bellunopress.it\/fr\/wp-json\/wp\/v2\/comments?post=47385"}],"version-history":[{"count":1,"href":"https:\/\/www.bellunopress.it\/fr\/wp-json\/wp\/v2\/posts\/47385\/revisions"}],"predecessor-version":[{"id":47386,"href":"https:\/\/www.bellunopress.it\/fr\/wp-json\/wp\/v2\/posts\/47385\/revisions\/47386"}],"wp:attachment":[{"href":"https:\/\/www.bellunopress.it\/fr\/wp-json\/wp\/v2\/media?parent=47385"}],"wp:term":[{"taxonomy":"category","embeddable":true,"href":"https:\/\/www.bellunopress.it\/fr\/wp-json\/wp\/v2\/categories?post=47385"},{"taxonomy":"post_tag","embeddable":true,"href":"https:\/\/www.bellunopress.it\/fr\/wp-json\/wp\/v2\/tags?post=47385"}],"curies":[{"name":"wp","href":"https:\/\/api.w.org\/{rel}","templated":true}]}}