{"id":47380,"date":"2013-03-06T15:31:26","date_gmt":"2013-03-06T14:31:26","guid":{"rendered":"http:\/\/www.bellunopress.it\/?p=47380"},"modified":"2013-03-06T15:31:26","modified_gmt":"2013-03-06T14:31:26","slug":"cerco-lavoro-129","status":"publish","type":"post","link":"https:\/\/www.bellunopress.it\/fr\/2013\/03\/06\/cerco-lavoro-129\/","title":{"rendered":"Cerco lavoro"},"content":{"rendered":"<p><a href=\"http:\/\/www.bellunopress.it\/wp-content\/uploads\/2010\/12\/informagiovani.gif\"><img loading=\"lazy\" decoding=\"async\" class=\"alignleft size-full wp-image-22271\" alt=\"informagiovani\" src=\"http:\/\/www.bellunopress.it\/wp-content\/uploads\/2010\/12\/informagiovani.gif\" width=\"150\" height=\"120\" \/><\/a>In collaborazione con l&#8217;Ufficio Informagiovani del Comune di Belluno pubblichiamo l&#8217;aggiornamento settimanale dei concorsi pubblici e avvisi di mobilit\u00e0-<\/p>\n<p>CONCORSI IN PROVINCIA<\/p>\n<p>ULSS 1 \u2013 BELLUNO<\/p>\n<p>Concorso pubblico, per titoli ed esami, riservato alle categorie di cui all\u2019art. 1 della L. 12.3.1999, n. 68: \u201cNorme per il diritto al lavoro dei disabili\u201d, per l\u2019assunzione a tempo indeterminato di n. 3 Coadiutori Amministrativi Esperti (Categoria BS).<\/p>\n<p>Requisiti specifici:<\/p>\n<p>a) titolo di istruzione secondaria di primo grado;<\/p>\n<p>b) attestato di superamento di due anni di scolarit\u00e0 dopo il diploma di istruzione secondaria di primo grado;<\/p>\n<p>c) iscrizione nell\u2019elenco del collocamento obbligatorio di cui all\u2019art. 8 della L. 12.3.1999, n. 68 \u201cNorme per il diritto al lavoro dei disabili\u201d.<\/p>\n<p>Scadenza: ore 12 del 21 marzo 2013.<\/p>\n<p>&nbsp;<\/p>\n<p>AREA SANITARIA<\/p>\n<p>&nbsp;<\/p>\n<p>Non ci sono concorsi per quest&#8217;area, attualmente, in provincia.<\/p>\n<p>&nbsp;<\/p>\n<p>CONCORSI IN DIVISA<\/p>\n<p>&nbsp;<\/p>\n<p>MINISTERO DELL&#8217;INTERNO<\/p>\n<p>Concorso pubblico, per titoli ed esami, per il conferimento di ottanta posti di commissario del ruolo dei commissari della Polizia di Stato.<\/p>\n<p>Requisiti principali: non aver compiuto i 32 anni di et\u00e0. Non si applicano le disposizioni di legge relative all&#8217;aumento o all&#8217;abrogazione dei limiti di et\u00e0 per l&#8217;ammissione ai pubblici impieghi. Ai sensi del decreto ministeriale 6 aprile 1999, n. 115, non \u00e8 soggetta a limiti di et\u00e0 la partecipazione al concorso degli appartenenti ai ruoli degli agenti ed assistenti e dei sovrintendenti della Polizia di Stato, con almeno tre anni di anzianit\u00e0 alla data del bando, nonch\u00e9 degli appartenenti al ruolo degli ispettori della Polizia di Stato in possesso dei prescritti requisiti. Per gli appartenenti ai ruoli dell&#8217;Amministrazione Civile dell&#8217;Interno, fermi restando gli altri requisiti, il limite d&#8217;et\u00e0 \u00e8 elevato a quaranta anni; titolo di studio: lauree di diverso genere. PER I DETTAGLI, VEDI IL BANDO.<\/p>\n<p>Scadenza: 11 marzo 2013.<\/p>\n<p>&nbsp;<\/p>\n<p>MINISTERO DELLA DIFESA &#8211; DIREZIONE GENERALE PER IL PERSONALE MILITARE<\/p>\n<p>1) Bando di reclutamento, per il 2013, di 6.300 volontari in ferma prefissata di un anno (vfp 1) nell&#8217;Esercito italiano.<\/p>\n<p>Ripartizione blocchi:<\/p>\n<p>&#8211; 1\u00b0 blocco, scaduto;<\/p>\n<p>&#8211; 2\u00b0 blocco,scaduto;<\/p>\n<p>&#8211; 3\u00b0 blocco, prevista incorporazione nel mese di settembre 2013, 1.300 posti.<\/p>\n<p>La domanda di partecipazione pu\u00f2 essere presentata dal 25 marzo 2013 al 23 aprile 2013, per i nati dal 23 aprile 1988 al 23 aprile 1995, estremi compresi;<\/p>\n<p>&#8211; 4\u00b0 blocco, prevista incorporazione nel mese di dicembre 2013, 1.200 posti.<\/p>\n<p>La domanda di partecipazione pu\u00f2 essere presentata dal 15 luglio 2013 al 13 agosto 2013, per i nati dal 13 agosto 1988 al 13 agosto 1995, estremi compresi.<\/p>\n<p>Requisiti:<\/p>\n<p>&#8211; cittadinanza italiana;<\/p>\n<p>&#8211; aver compiuto il 18\u00b0 anno di et\u00e0 e non aver superato il giorno del compimento del 25\u00b0 anno di et\u00e0;<\/p>\n<p>&#8211; possesso del diploma di istruzione secondaria di primo grado (ex scuola media inferiore).<\/p>\n<p>La domanda di partecipazione al concorso, il cui modello \u00e8 pubblicato sul portale dei concorsi on-line del Ministero della Difesa, dovr\u00e0 essere compilata necessariamente on-line.(art. 4 del bando).<\/p>\n<p>&nbsp;<\/p>\n<p>2) Bando di reclutamento, per il 2013, di 1.400 volontari in ferma prefissata di un anno (vfp 1) nella Marina militare di cui 450 per le categorie del Corpo Equipaggi Militari Marittimi (CEMM) e 950 per il<\/p>\n<p>Corpo delle Capitanerie di Porto (CP).<\/p>\n<p>Scadenza:<\/p>\n<p>&#8211; 1\u00b0 blocco scaduto<\/p>\n<p>&#8211; 2\u00b0 blocco con due distinti incorporamenti: 467 posti di cui 150 per il CEMM e 317 per le CP.<\/p>\n<p>La domanda di partecipazione pu\u00f2 essere presentata dal 4 febbraio 2013 al 5 marzo 2013 per i nati dal 5 marzo 1988 al 5 marzo 1995, estremi compresi;<\/p>\n<p>&#8211; 3\u00b0 blocco con due distinti incorporamenti: 466 posti di cui 150 per il CEMM e 316 per le CP. La domanda di partecipazione pu\u00f2 essere presentata dal 3 aprile 2013 al 2 maggio 2013 per i nati dal 2 maggio 1988 al 2 maggio 1995, estremi compresi.<\/p>\n<p>Requisiti specifici: aver compiuto il 18\u00b0 anno di et\u00e0 e non aver superato il giorno del compimento del 25\u00b0 anno di et\u00e0;<\/p>\n<p>possesso del diploma di istruzione secondaria di primo grado (ex scuola media inferiore).<\/p>\n<p>La domanda di partecipazione al concorso, il cui modello \u00e8 pubblicato sul portale dei concorsi on-line del Ministero della Difesa, dovr\u00e0 essere compilata necessariamente on-line.<\/p>\n<p>&nbsp;<\/p>\n<p>AVVISI DI MOBILIT\u00c0<\/p>\n<p>COMUNE DI SANTA GIUSTINA<\/p>\n<p>Mobilit\u00e0 esterna ai sensi e per gli effetti di cui all&#8217;art. 30 del D.Lgs 165\/2001 per la copertura di n. 2 posti a tempo indeterminato e pieno di Agente di Polizia Locale &#8211; Area Amministrativa categoria C del C.C.N.L. del Comparto Regioni &#8211; Enti locali.<\/p>\n<p>Requisiti specifici: essere dipendenti assunti a tempo indeterminato presso Pubbliche Amministrazioni di cui all&#8217;art. 1, comma 2, del Decreto legislativo 165\/2001, inquadrati in categoria C \u2013 profilo professionale \u201cIstruttore amministrativo \u2013 Agente di Polizia locale\u201d, o corrispondente profilo. Vedi bando per i dettagli.<\/p>\n<p>Scadenza: ore 12.00 del giorno 8 marzo 2013.<\/p>\n<p>&nbsp;<\/p>\n<p>&nbsp;<\/p>\n<p>&nbsp;<\/p>","protected":false},"excerpt":{"rendered":"<p>In collaborazione con l&#8217;Ufficio Informagiovani del Comune di Belluno pubblichiamo l&#8217;aggiornamento settimanale dei concorsi pubblici e avvisi di mobilit\u00e0- CONCORSI IN PROVINCIA ULSS 1 \u2013 BELLUNO Concorso pubblico, per titoli ed esami, riservato alle categorie di cui all\u2019art. 1 della L. 12.3.1999, n. 68: \u201cNorme per il diritto al lavoro dei disabili\u201d, per l\u2019assunzione a [&hellip;]<\/p>\n","protected":false},"author":2,"featured_media":0,"comment_status":"closed","ping_status":"open","sticky":false,"template":"","format":"standard","meta":{"footnotes":""},"categories":[36,26],"tags":[],"class_list":["post-47380","post","type-post","status-publish","format-standard","category-lavoro-economia","category-prima-pagina"],"yoast_head":"<!-- This site is optimized with the Yoast SEO plugin v28.4 - https:\/\/yoast.com\/product\/yoast-seo-wordpress\/ -->\n<title>Cerco lavoro - Bellunopress - Dolomiti<\/title>\n<meta name=\"robots\" content=\"index, follow, max-snippet:-1, max-image-preview:large, max-video-preview:-1\" \/>\n<link rel=\"canonical\" href=\"https:\/\/www.bellunopress.it\/fr\/2013\/03\/06\/cerco-lavoro-129\/\" \/>\n<meta property=\"og:locale\" content=\"fr_FR\" \/>\n<meta property=\"og:type\" content=\"article\" \/>\n<meta property=\"og:title\" content=\"Cerco lavoro - Bellunopress - Dolomiti\" \/>\n<meta property=\"og:description\" content=\"In collaborazione con l&#8217;Ufficio Informagiovani del Comune di Belluno pubblichiamo l&#8217;aggiornamento settimanale dei concorsi pubblici e avvisi di mobilit\u00e0- CONCORSI IN PROVINCIA ULSS 1 \u2013 BELLUNO Concorso pubblico, per titoli ed esami, riservato alle categorie di cui all\u2019art. 1 della L. 12.3.1999, n. 68: \u201cNorme per il diritto al lavoro dei disabili\u201d, per l\u2019assunzione a [&hellip;]\" \/>\n<meta property=\"og:url\" content=\"https:\/\/www.bellunopress.it\/fr\/2013\/03\/06\/cerco-lavoro-129\/\" \/>\n<meta property=\"og:site_name\" content=\"Bellunopress - Dolomiti\" \/>\n<meta property=\"article:publisher\" content=\"https:\/\/www.facebook.com\/profile.php?id=100008943462799\" \/>\n<meta property=\"article:published_time\" content=\"2013-03-06T14:31:26+00:00\" \/>\n<meta property=\"og:image\" content=\"http:\/\/www.bellunopress.it\/wp-content\/uploads\/2010\/12\/informagiovani.gif\" \/>\n<meta name=\"author\" content=\"redazione\" \/>\n<meta name=\"twitter:card\" content=\"summary_large_image\" \/>\n<meta name=\"twitter:creator\" content=\"@bellunopress\" \/>\n<meta name=\"twitter:site\" content=\"@bellunopress\" \/>\n<meta name=\"twitter:label1\" content=\"Written by\" \/>\n\t<meta name=\"twitter:data1\" content=\"redazione\" \/>\n\t<meta name=\"twitter:label2\" content=\"Est. reading time\" \/>\n\t<meta name=\"twitter:data2\" content=\"4 minutes\" \/>\n<script type=\"application\/ld+json\" class=\"yoast-schema-graph\">{\"@context\":\"https:\\\/\\\/schema.org\",\"@graph\":[{\"@type\":\"Article\",\"@id\":\"https:\\\/\\\/www.bellunopress.it\\\/2013\\\/03\\\/06\\\/cerco-lavoro-129\\\/#article\",\"isPartOf\":{\"@id\":\"https:\\\/\\\/www.bellunopress.it\\\/2013\\\/03\\\/06\\\/cerco-lavoro-129\\\/\"},\"author\":{\"name\":\"redazione\",\"@id\":\"https:\\\/\\\/www.bellunopress.it\\\/#\\\/schema\\\/person\\\/79bb06722b37ece1c03d3e94beb30d73\"},\"headline\":\"Cerco lavoro\",\"datePublished\":\"2013-03-06T14:31:26+00:00\",\"mainEntityOfPage\":{\"@id\":\"https:\\\/\\\/www.bellunopress.it\\\/2013\\\/03\\\/06\\\/cerco-lavoro-129\\\/\"},\"wordCount\":723,\"publisher\":{\"@id\":\"https:\\\/\\\/www.bellunopress.it\\\/#organization\"},\"image\":{\"@id\":\"https:\\\/\\\/www.bellunopress.it\\\/2013\\\/03\\\/06\\\/cerco-lavoro-129\\\/#primaryimage\"},\"thumbnailUrl\":\"http:\\\/\\\/www.bellunopress.it\\\/wp-content\\\/uploads\\\/2010\\\/12\\\/informagiovani.gif\",\"articleSection\":[\"Lavoro, Economia, Turismo\",\"Prima Pagina\"],\"inLanguage\":\"fr-FR\"},{\"@type\":\"WebPage\",\"@id\":\"https:\\\/\\\/www.bellunopress.it\\\/2013\\\/03\\\/06\\\/cerco-lavoro-129\\\/\",\"url\":\"https:\\\/\\\/www.bellunopress.it\\\/2013\\\/03\\\/06\\\/cerco-lavoro-129\\\/\",\"name\":\"Cerco lavoro - Bellunopress - Dolomiti\",\"isPartOf\":{\"@id\":\"https:\\\/\\\/www.bellunopress.it\\\/#website\"},\"primaryImageOfPage\":{\"@id\":\"https:\\\/\\\/www.bellunopress.it\\\/2013\\\/03\\\/06\\\/cerco-lavoro-129\\\/#primaryimage\"},\"image\":{\"@id\":\"https:\\\/\\\/www.bellunopress.it\\\/2013\\\/03\\\/06\\\/cerco-lavoro-129\\\/#primaryimage\"},\"thumbnailUrl\":\"http:\\\/\\\/www.bellunopress.it\\\/wp-content\\\/uploads\\\/2010\\\/12\\\/informagiovani.gif\",\"datePublished\":\"2013-03-06T14:31:26+00:00\",\"breadcrumb\":{\"@id\":\"https:\\\/\\\/www.bellunopress.it\\\/2013\\\/03\\\/06\\\/cerco-lavoro-129\\\/#breadcrumb\"},\"inLanguage\":\"fr-FR\",\"potentialAction\":[{\"@type\":\"ReadAction\",\"target\":[\"https:\\\/\\\/www.bellunopress.it\\\/2013\\\/03\\\/06\\\/cerco-lavoro-129\\\/\"]}]},{\"@type\":\"ImageObject\",\"inLanguage\":\"fr-FR\",\"@id\":\"https:\\\/\\\/www.bellunopress.it\\\/2013\\\/03\\\/06\\\/cerco-lavoro-129\\\/#primaryimage\",\"url\":\"http:\\\/\\\/www.bellunopress.it\\\/wp-content\\\/uploads\\\/2010\\\/12\\\/informagiovani.gif\",\"contentUrl\":\"http:\\\/\\\/www.bellunopress.it\\\/wp-content\\\/uploads\\\/2010\\\/12\\\/informagiovani.gif\"},{\"@type\":\"BreadcrumbList\",\"@id\":\"https:\\\/\\\/www.bellunopress.it\\\/2013\\\/03\\\/06\\\/cerco-lavoro-129\\\/#breadcrumb\",\"itemListElement\":[{\"@type\":\"ListItem\",\"position\":1,\"name\":\"Home\",\"item\":\"https:\\\/\\\/www.bellunopress.it\\\/\"},{\"@type\":\"ListItem\",\"position\":2,\"name\":\"Cerco lavoro\"}]},{\"@type\":\"WebSite\",\"@id\":\"https:\\\/\\\/www.bellunopress.it\\\/#website\",\"url\":\"https:\\\/\\\/www.bellunopress.it\\\/\",\"name\":\"Bellunopress - Dolomiti\",\"description\":\"e-mail: redazione@bellunopress.it\",\"publisher\":{\"@id\":\"https:\\\/\\\/www.bellunopress.it\\\/#organization\"},\"potentialAction\":[{\"@type\":\"SearchAction\",\"target\":{\"@type\":\"EntryPoint\",\"urlTemplate\":\"https:\\\/\\\/www.bellunopress.it\\\/?s={search_term_string}\"},\"query-input\":{\"@type\":\"PropertyValueSpecification\",\"valueRequired\":true,\"valueName\":\"search_term_string\"}}],\"inLanguage\":\"fr-FR\"},{\"@type\":\"Organization\",\"@id\":\"https:\\\/\\\/www.bellunopress.it\\\/#organization\",\"name\":\"Bellunopress\",\"url\":\"https:\\\/\\\/www.bellunopress.it\\\/\",\"logo\":{\"@type\":\"ImageObject\",\"inLanguage\":\"fr-FR\",\"@id\":\"https:\\\/\\\/www.bellunopress.it\\\/#\\\/schema\\\/logo\\\/image\\\/\",\"url\":\"https:\\\/\\\/www.bellunopress.it\\\/wp-content\\\/uploads\\\/2011\\\/05\\\/cropped-logo-bellunopress-.jpg\",\"contentUrl\":\"https:\\\/\\\/www.bellunopress.it\\\/wp-content\\\/uploads\\\/2011\\\/05\\\/cropped-logo-bellunopress-.jpg\",\"width\":512,\"height\":512,\"caption\":\"Bellunopress\"},\"image\":{\"@id\":\"https:\\\/\\\/www.bellunopress.it\\\/#\\\/schema\\\/logo\\\/image\\\/\"},\"sameAs\":[\"https:\\\/\\\/www.facebook.com\\\/profile.php?id=100008943462799\",\"https:\\\/\\\/x.com\\\/bellunopress\",\"https:\\\/\\\/www.linkedin.com\\\/hp\\\/?dnr=JBzUWaJfMUw8vbXJJ2tVW5-I3jZKvC4wsoxE&amp;amp;amp;amp;amp;amp;trk=nav_responsive_tab_home\",\"https:\\\/\\\/www.youtube.com\\\/channel\\\/UCxL0wu1uN0_3_7hGG0306cw\"]},{\"@type\":\"Person\",\"@id\":\"https:\\\/\\\/www.bellunopress.it\\\/#\\\/schema\\\/person\\\/79bb06722b37ece1c03d3e94beb30d73\",\"name\":\"redazione\",\"image\":{\"@type\":\"ImageObject\",\"inLanguage\":\"fr-FR\",\"@id\":\"https:\\\/\\\/secure.gravatar.com\\\/avatar\\\/37d968a2e67a6fd04c169c4bdef102d0bc5d31b2546345219e348575eb80e9a0?s=96&d=mm&r=g\",\"url\":\"https:\\\/\\\/secure.gravatar.com\\\/avatar\\\/37d968a2e67a6fd04c169c4bdef102d0bc5d31b2546345219e348575eb80e9a0?s=96&d=mm&r=g\",\"contentUrl\":\"https:\\\/\\\/secure.gravatar.com\\\/avatar\\\/37d968a2e67a6fd04c169c4bdef102d0bc5d31b2546345219e348575eb80e9a0?s=96&d=mm&r=g\",\"caption\":\"redazione\"},\"sameAs\":[\"http:\\\/\\\/www.bellunopress.it\",\"https:\\\/\\\/x.com\\\/bellunopress\"],\"url\":\"https:\\\/\\\/www.bellunopress.it\\\/fr\\\/author\\\/redazione\\\/\"}]}<\/script>\n<!-- \/ Yoast SEO plugin. -->","yoast_head_json":{"title":"Cerco lavoro - Bellunopress - Dolomiti","robots":{"index":"index","follow":"follow","max-snippet":"max-snippet:-1","max-image-preview":"max-image-preview:large","max-video-preview":"max-video-preview:-1"},"canonical":"https:\/\/www.bellunopress.it\/fr\/2013\/03\/06\/cerco-lavoro-129\/","og_locale":"fr_FR","og_type":"article","og_title":"Cerco lavoro - Bellunopress - Dolomiti","og_description":"In collaborazione con l&#8217;Ufficio Informagiovani del Comune di Belluno pubblichiamo l&#8217;aggiornamento settimanale dei concorsi pubblici e avvisi di mobilit\u00e0- CONCORSI IN PROVINCIA ULSS 1 \u2013 BELLUNO Concorso pubblico, per titoli ed esami, riservato alle categorie di cui all\u2019art. 1 della L. 12.3.1999, n. 68: \u201cNorme per il diritto al lavoro dei disabili\u201d, per l\u2019assunzione a [&hellip;]","og_url":"https:\/\/www.bellunopress.it\/fr\/2013\/03\/06\/cerco-lavoro-129\/","og_site_name":"Bellunopress - Dolomiti","article_publisher":"https:\/\/www.facebook.com\/profile.php?id=100008943462799","article_published_time":"2013-03-06T14:31:26+00:00","og_image":[{"url":"http:\/\/www.bellunopress.it\/wp-content\/uploads\/2010\/12\/informagiovani.gif","type":"","width":"","height":""}],"author":"redazione","twitter_card":"summary_large_image","twitter_creator":"@bellunopress","twitter_site":"@bellunopress","twitter_misc":{"Written by":"redazione","Est. reading time":"4 minutes"},"schema":{"@context":"https:\/\/schema.org","@graph":[{"@type":"Article","@id":"https:\/\/www.bellunopress.it\/2013\/03\/06\/cerco-lavoro-129\/#article","isPartOf":{"@id":"https:\/\/www.bellunopress.it\/2013\/03\/06\/cerco-lavoro-129\/"},"author":{"name":"redazione","@id":"https:\/\/www.bellunopress.it\/#\/schema\/person\/79bb06722b37ece1c03d3e94beb30d73"},"headline":"Cerco lavoro","datePublished":"2013-03-06T14:31:26+00:00","mainEntityOfPage":{"@id":"https:\/\/www.bellunopress.it\/2013\/03\/06\/cerco-lavoro-129\/"},"wordCount":723,"publisher":{"@id":"https:\/\/www.bellunopress.it\/#organization"},"image":{"@id":"https:\/\/www.bellunopress.it\/2013\/03\/06\/cerco-lavoro-129\/#primaryimage"},"thumbnailUrl":"http:\/\/www.bellunopress.it\/wp-content\/uploads\/2010\/12\/informagiovani.gif","articleSection":["Lavoro, Economia, Turismo","Prima Pagina"],"inLanguage":"fr-FR"},{"@type":"WebPage","@id":"https:\/\/www.bellunopress.it\/2013\/03\/06\/cerco-lavoro-129\/","url":"https:\/\/www.bellunopress.it\/2013\/03\/06\/cerco-lavoro-129\/","name":"Cerco lavoro - Bellunopress - Dolomiti","isPartOf":{"@id":"https:\/\/www.bellunopress.it\/#website"},"primaryImageOfPage":{"@id":"https:\/\/www.bellunopress.it\/2013\/03\/06\/cerco-lavoro-129\/#primaryimage"},"image":{"@id":"https:\/\/www.bellunopress.it\/2013\/03\/06\/cerco-lavoro-129\/#primaryimage"},"thumbnailUrl":"http:\/\/www.bellunopress.it\/wp-content\/uploads\/2010\/12\/informagiovani.gif","datePublished":"2013-03-06T14:31:26+00:00","breadcrumb":{"@id":"https:\/\/www.bellunopress.it\/2013\/03\/06\/cerco-lavoro-129\/#breadcrumb"},"inLanguage":"fr-FR","potentialAction":[{"@type":"ReadAction","target":["https:\/\/www.bellunopress.it\/2013\/03\/06\/cerco-lavoro-129\/"]}]},{"@type":"ImageObject","inLanguage":"fr-FR","@id":"https:\/\/www.bellunopress.it\/2013\/03\/06\/cerco-lavoro-129\/#primaryimage","url":"http:\/\/www.bellunopress.it\/wp-content\/uploads\/2010\/12\/informagiovani.gif","contentUrl":"http:\/\/www.bellunopress.it\/wp-content\/uploads\/2010\/12\/informagiovani.gif"},{"@type":"BreadcrumbList","@id":"https:\/\/www.bellunopress.it\/2013\/03\/06\/cerco-lavoro-129\/#breadcrumb","itemListElement":[{"@type":"ListItem","position":1,"name":"Home","item":"https:\/\/www.bellunopress.it\/"},{"@type":"ListItem","position":2,"name":"Cerco lavoro"}]},{"@type":"WebSite","@id":"https:\/\/www.bellunopress.it\/#website","url":"https:\/\/www.bellunopress.it\/","name":"Bellunopress - Dolomiti","description":"e-mail: redazione@bellunopress.it","publisher":{"@id":"https:\/\/www.bellunopress.it\/#organization"},"potentialAction":[{"@type":"SearchAction","target":{"@type":"EntryPoint","urlTemplate":"https:\/\/www.bellunopress.it\/?s={search_term_string}"},"query-input":{"@type":"PropertyValueSpecification","valueRequired":true,"valueName":"search_term_string"}}],"inLanguage":"fr-FR"},{"@type":"Organization","@id":"https:\/\/www.bellunopress.it\/#organization","name":"Bellunopress","url":"https:\/\/www.bellunopress.it\/","logo":{"@type":"ImageObject","inLanguage":"fr-FR","@id":"https:\/\/www.bellunopress.it\/#\/schema\/logo\/image\/","url":"https:\/\/www.bellunopress.it\/wp-content\/uploads\/2011\/05\/cropped-logo-bellunopress-.jpg","contentUrl":"https:\/\/www.bellunopress.it\/wp-content\/uploads\/2011\/05\/cropped-logo-bellunopress-.jpg","width":512,"height":512,"caption":"Bellunopress"},"image":{"@id":"https:\/\/www.bellunopress.it\/#\/schema\/logo\/image\/"},"sameAs":["https:\/\/www.facebook.com\/profile.php?id=100008943462799","https:\/\/x.com\/bellunopress","https:\/\/www.linkedin.com\/hp\/?dnr=JBzUWaJfMUw8vbXJJ2tVW5-I3jZKvC4wsoxE&amp;amp;amp;amp;amp;amp;trk=nav_responsive_tab_home","https:\/\/www.youtube.com\/channel\/UCxL0wu1uN0_3_7hGG0306cw"]},{"@type":"Person","@id":"https:\/\/www.bellunopress.it\/#\/schema\/person\/79bb06722b37ece1c03d3e94beb30d73","name":"r\u00e9daction","image":{"@type":"ImageObject","inLanguage":"fr-FR","@id":"https:\/\/secure.gravatar.com\/avatar\/37d968a2e67a6fd04c169c4bdef102d0bc5d31b2546345219e348575eb80e9a0?s=96&d=mm&r=g","url":"https:\/\/secure.gravatar.com\/avatar\/37d968a2e67a6fd04c169c4bdef102d0bc5d31b2546345219e348575eb80e9a0?s=96&d=mm&r=g","contentUrl":"https:\/\/secure.gravatar.com\/avatar\/37d968a2e67a6fd04c169c4bdef102d0bc5d31b2546345219e348575eb80e9a0?s=96&d=mm&r=g","caption":"redazione"},"sameAs":["http:\/\/www.bellunopress.it","https:\/\/x.com\/bellunopress"],"url":"https:\/\/www.bellunopress.it\/fr\/author\/redazione\/"}]}},"_links":{"self":[{"href":"https:\/\/www.bellunopress.it\/fr\/wp-json\/wp\/v2\/posts\/47380","targetHints":{"allow":["GET"]}}],"collection":[{"href":"https:\/\/www.bellunopress.it\/fr\/wp-json\/wp\/v2\/posts"}],"about":[{"href":"https:\/\/www.bellunopress.it\/fr\/wp-json\/wp\/v2\/types\/post"}],"author":[{"embeddable":true,"href":"https:\/\/www.bellunopress.it\/fr\/wp-json\/wp\/v2\/users\/2"}],"replies":[{"embeddable":true,"href":"https:\/\/www.bellunopress.it\/fr\/wp-json\/wp\/v2\/comments?post=47380"}],"version-history":[{"count":1,"href":"https:\/\/www.bellunopress.it\/fr\/wp-json\/wp\/v2\/posts\/47380\/revisions"}],"predecessor-version":[{"id":47381,"href":"https:\/\/www.bellunopress.it\/fr\/wp-json\/wp\/v2\/posts\/47380\/revisions\/47381"}],"wp:attachment":[{"href":"https:\/\/www.bellunopress.it\/fr\/wp-json\/wp\/v2\/media?parent=47380"}],"wp:term":[{"taxonomy":"category","embeddable":true,"href":"https:\/\/www.bellunopress.it\/fr\/wp-json\/wp\/v2\/categories?post=47380"},{"taxonomy":"post_tag","embeddable":true,"href":"https:\/\/www.bellunopress.it\/fr\/wp-json\/wp\/v2\/tags?post=47380"}],"curies":[{"name":"wp","href":"https:\/\/api.w.org\/{rel}","templated":true}]}}