{"id":47375,"date":"2013-03-06T15:17:38","date_gmt":"2013-03-06T14:17:38","guid":{"rendered":"http:\/\/www.bellunopress.it\/?p=47375"},"modified":"2013-03-06T15:17:38","modified_gmt":"2013-03-06T14:17:38","slug":"la-mostra-fotografica-afghanistan-per-dove-di-carla-dazzi-l8-marzo-a-kabul","status":"publish","type":"post","link":"https:\/\/www.bellunopress.it\/fr\/2013\/03\/06\/la-mostra-fotografica-afghanistan-per-dove-di-carla-dazzi-l8-marzo-a-kabul\/","title":{"rendered":"La mostra fotografica &#8220;Afghanistan&#8230; per dove&#8230; &#8221; di Carla Dazzi, l\u20198 marzo a Kabul"},"content":{"rendered":"<p>In occasione della festa della donna 2013, sar\u00e0 esposta presso l\u2019Ambasciata italiana a Kabul la mostra fotografica &#8220;Afghanistan&#8230; per dove&#8230; &#8221; della fotografa bellunese Carla Dazzi che si recher\u00e0 in loco per la presentazione accompagnata da Daniele Giaffredo, operatore nella sede italiana di ISP.<\/p>\n<p><a href=\"http:\/\/www.bellunopress.it\/wp-content\/uploads\/2013\/03\/afghanistan-mostra-dazzi.jpg\"><img loading=\"lazy\" decoding=\"async\" class=\"alignleft size-full wp-image-47376\" alt=\"afghanistan mostra dazzi\" src=\"http:\/\/www.bellunopress.it\/wp-content\/uploads\/2013\/03\/afghanistan-mostra-dazzi.jpg\" width=\"100\" height=\"170\" \/><\/a>Belluno, 6 marzo 2013. Carla Dazzi \u2013 volontaria di \u201cInsieme si pu\u00f2\u2026\u201d \u2013 da 13 anni si spende a favore della difesa dei diritti delle donne, ancor&#8217;oggi impossibilitate a condurre una vita per davvero libera e nel pieno della loro dignit\u00e0. Le sue opere fotografiche ripercorrono i numerosi viaggi umanitari della Dazzi e di altri volontari di &#8220;Insieme si pu\u00f2&#8230;&#8221; in Afghanistan per seguire direttamente i progetti dell\u2019associazione.\u201cTante sono le storie viste e sentite durante i miei viaggi. Una voce mi \u00e8 rimasta nella mente e nel cuore: in un incontro a Farah, il capo villaggio nel congedarci ci ha raccomandato: \u00abparlate, parlate dell\u2019Afghanistan, perch\u00e9 solo cos\u00ec questo paese continuer\u00e0 a vivere\u00bb. La mia mostra vorrebbe rendere omaggio alla parte di societ\u00e0 civile afghana che purtroppo non ha voce nel nostro mondo\u201d. \u201cL&#8217;Afghanistan non \u00e8 solo guerra \u2013 anche se la guerra \u00e8 una realt\u00e0 da decenni presente nella vita quotidiana della gente \u2013 e gli afghani non sono solo guerrieri o fondamentalisti. Ma esiste anche un altro Afghanistan di cui si parla poco, un paese di donne e uomini che, pur vivendo dentro i conflitti, cercano soluzioni alternative a quelle basate sui rapporti di forza e l&#8217;uso della violenza\u201d. Nel corso della permanenza in Afghanistan verranno consegnate le capre del progetto \u201cUna capra per le donne afghane\u201d condotto in loco da \u201cInsieme si pu\u00f2\u2026\u201d che consente alle donne costrette in condizioni di profonda miseria, emarginazione e discriminazione, di possedere una capra, affidata loro in termini di microcredito. Una capra pu\u00f2 costituire un vero cambiamento di vita: \u00e8 latte, capretti, sterco da bruciare, sostentamento, sviluppo futuro. Ma anche la restituzione di autostima e dignit\u00e0 personale. Per contribuire \u00e8 possibile versare ad Associazione Gruppi \u201cInsieme si pu\u00f2\u2026\u201d IT 16 K 02008 11910 000017613555. Il costo di una capra \u00e8 di 50 euro. Il versamento \u00e8 gratuito e deducibile fiscalmente.<\/p>\n<p>&nbsp;<\/p>","protected":false},"excerpt":{"rendered":"<p>In occasione della festa della donna 2013, sar\u00e0 esposta presso l\u2019Ambasciata italiana a Kabul la mostra fotografica &#8220;Afghanistan&#8230; per dove&#8230; &#8221; della fotografa bellunese Carla Dazzi che si recher\u00e0 in loco per la presentazione accompagnata da Daniele Giaffredo, operatore nella sede italiana di ISP. Belluno, 6 marzo 2013. Carla Dazzi \u2013 volontaria di \u201cInsieme si [&hellip;]<\/p>\n","protected":false},"author":2,"featured_media":0,"comment_status":"closed","ping_status":"open","sticky":false,"template":"","format":"standard","meta":{"footnotes":""},"categories":[27,3,26],"tags":[],"class_list":["post-47375","post","type-post","status-publish","format-standard","category-appuntamenti","category-arte-cultura-spettacoli-scienza-archivi","category-prima-pagina"],"yoast_head":"<!-- This site is optimized with the Yoast SEO plugin v28.4 - https:\/\/yoast.com\/product\/yoast-seo-wordpress\/ -->\n<title>La mostra fotografica &quot;Afghanistan... per dove... &quot; di Carla Dazzi, l\u20198 marzo a Kabul - Bellunopress - Dolomiti<\/title>\n<meta name=\"robots\" content=\"index, follow, max-snippet:-1, max-image-preview:large, max-video-preview:-1\" \/>\n<link rel=\"canonical\" href=\"https:\/\/www.bellunopress.it\/fr\/2013\/03\/06\/la-mostra-fotografica-afghanistan-per-dove-di-carla-dazzi-l8-marzo-a-kabul\/\" \/>\n<meta property=\"og:locale\" content=\"fr_FR\" \/>\n<meta property=\"og:type\" content=\"article\" \/>\n<meta property=\"og:title\" content=\"La mostra fotografica &quot;Afghanistan... per dove... &quot; di Carla Dazzi, l\u20198 marzo a Kabul - Bellunopress - Dolomiti\" \/>\n<meta property=\"og:description\" content=\"In occasione della festa della donna 2013, sar\u00e0 esposta presso l\u2019Ambasciata italiana a Kabul la mostra fotografica &#8220;Afghanistan&#8230; per dove&#8230; &#8221; della fotografa bellunese Carla Dazzi che si recher\u00e0 in loco per la presentazione accompagnata da Daniele Giaffredo, operatore nella sede italiana di ISP. Belluno, 6 marzo 2013. Carla Dazzi \u2013 volontaria di \u201cInsieme si [&hellip;]\" \/>\n<meta property=\"og:url\" content=\"https:\/\/www.bellunopress.it\/fr\/2013\/03\/06\/la-mostra-fotografica-afghanistan-per-dove-di-carla-dazzi-l8-marzo-a-kabul\/\" \/>\n<meta property=\"og:site_name\" content=\"Bellunopress - Dolomiti\" \/>\n<meta property=\"article:publisher\" content=\"https:\/\/www.facebook.com\/profile.php?id=100008943462799\" \/>\n<meta property=\"article:published_time\" content=\"2013-03-06T14:17:38+00:00\" \/>\n<meta property=\"og:image\" content=\"http:\/\/www.bellunopress.it\/wp-content\/uploads\/2013\/03\/afghanistan-mostra-dazzi.jpg\" \/>\n<meta name=\"author\" content=\"redazione\" \/>\n<meta name=\"twitter:card\" content=\"summary_large_image\" \/>\n<meta name=\"twitter:creator\" content=\"@bellunopress\" \/>\n<meta name=\"twitter:site\" content=\"@bellunopress\" \/>\n<meta name=\"twitter:label1\" content=\"Written by\" \/>\n\t<meta name=\"twitter:data1\" content=\"redazione\" \/>\n\t<meta name=\"twitter:label2\" content=\"Est. reading time\" \/>\n\t<meta name=\"twitter:data2\" content=\"2 minutes\" \/>\n<script type=\"application\/ld+json\" class=\"yoast-schema-graph\">{\"@context\":\"https:\\\/\\\/schema.org\",\"@graph\":[{\"@type\":\"Article\",\"@id\":\"https:\\\/\\\/www.bellunopress.it\\\/2013\\\/03\\\/06\\\/la-mostra-fotografica-afghanistan-per-dove-di-carla-dazzi-l8-marzo-a-kabul\\\/#article\",\"isPartOf\":{\"@id\":\"https:\\\/\\\/www.bellunopress.it\\\/2013\\\/03\\\/06\\\/la-mostra-fotografica-afghanistan-per-dove-di-carla-dazzi-l8-marzo-a-kabul\\\/\"},\"author\":{\"name\":\"redazione\",\"@id\":\"https:\\\/\\\/www.bellunopress.it\\\/#\\\/schema\\\/person\\\/79bb06722b37ece1c03d3e94beb30d73\"},\"headline\":\"La mostra fotografica &#8220;Afghanistan&#8230; per dove&#8230; &#8221; di Carla Dazzi, l\u20198 marzo a Kabul\",\"datePublished\":\"2013-03-06T14:17:38+00:00\",\"mainEntityOfPage\":{\"@id\":\"https:\\\/\\\/www.bellunopress.it\\\/2013\\\/03\\\/06\\\/la-mostra-fotografica-afghanistan-per-dove-di-carla-dazzi-l8-marzo-a-kabul\\\/\"},\"wordCount\":352,\"publisher\":{\"@id\":\"https:\\\/\\\/www.bellunopress.it\\\/#organization\"},\"image\":{\"@id\":\"https:\\\/\\\/www.bellunopress.it\\\/2013\\\/03\\\/06\\\/la-mostra-fotografica-afghanistan-per-dove-di-carla-dazzi-l8-marzo-a-kabul\\\/#primaryimage\"},\"thumbnailUrl\":\"http:\\\/\\\/www.bellunopress.it\\\/wp-content\\\/uploads\\\/2013\\\/03\\\/afghanistan-mostra-dazzi.jpg\",\"articleSection\":[\"Appuntamenti, Eventi\",\"Arte, Cultura, Spettacoli, Scienza\",\"Prima Pagina\"],\"inLanguage\":\"fr-FR\"},{\"@type\":\"WebPage\",\"@id\":\"https:\\\/\\\/www.bellunopress.it\\\/2013\\\/03\\\/06\\\/la-mostra-fotografica-afghanistan-per-dove-di-carla-dazzi-l8-marzo-a-kabul\\\/\",\"url\":\"https:\\\/\\\/www.bellunopress.it\\\/2013\\\/03\\\/06\\\/la-mostra-fotografica-afghanistan-per-dove-di-carla-dazzi-l8-marzo-a-kabul\\\/\",\"name\":\"La mostra fotografica \\\"Afghanistan... per dove... \\\" di Carla Dazzi, l\u20198 marzo a Kabul - Bellunopress - Dolomiti\",\"isPartOf\":{\"@id\":\"https:\\\/\\\/www.bellunopress.it\\\/#website\"},\"primaryImageOfPage\":{\"@id\":\"https:\\\/\\\/www.bellunopress.it\\\/2013\\\/03\\\/06\\\/la-mostra-fotografica-afghanistan-per-dove-di-carla-dazzi-l8-marzo-a-kabul\\\/#primaryimage\"},\"image\":{\"@id\":\"https:\\\/\\\/www.bellunopress.it\\\/2013\\\/03\\\/06\\\/la-mostra-fotografica-afghanistan-per-dove-di-carla-dazzi-l8-marzo-a-kabul\\\/#primaryimage\"},\"thumbnailUrl\":\"http:\\\/\\\/www.bellunopress.it\\\/wp-content\\\/uploads\\\/2013\\\/03\\\/afghanistan-mostra-dazzi.jpg\",\"datePublished\":\"2013-03-06T14:17:38+00:00\",\"breadcrumb\":{\"@id\":\"https:\\\/\\\/www.bellunopress.it\\\/2013\\\/03\\\/06\\\/la-mostra-fotografica-afghanistan-per-dove-di-carla-dazzi-l8-marzo-a-kabul\\\/#breadcrumb\"},\"inLanguage\":\"fr-FR\",\"potentialAction\":[{\"@type\":\"ReadAction\",\"target\":[\"https:\\\/\\\/www.bellunopress.it\\\/2013\\\/03\\\/06\\\/la-mostra-fotografica-afghanistan-per-dove-di-carla-dazzi-l8-marzo-a-kabul\\\/\"]}]},{\"@type\":\"ImageObject\",\"inLanguage\":\"fr-FR\",\"@id\":\"https:\\\/\\\/www.bellunopress.it\\\/2013\\\/03\\\/06\\\/la-mostra-fotografica-afghanistan-per-dove-di-carla-dazzi-l8-marzo-a-kabul\\\/#primaryimage\",\"url\":\"http:\\\/\\\/www.bellunopress.it\\\/wp-content\\\/uploads\\\/2013\\\/03\\\/afghanistan-mostra-dazzi.jpg\",\"contentUrl\":\"http:\\\/\\\/www.bellunopress.it\\\/wp-content\\\/uploads\\\/2013\\\/03\\\/afghanistan-mostra-dazzi.jpg\"},{\"@type\":\"BreadcrumbList\",\"@id\":\"https:\\\/\\\/www.bellunopress.it\\\/2013\\\/03\\\/06\\\/la-mostra-fotografica-afghanistan-per-dove-di-carla-dazzi-l8-marzo-a-kabul\\\/#breadcrumb\",\"itemListElement\":[{\"@type\":\"ListItem\",\"position\":1,\"name\":\"Home\",\"item\":\"https:\\\/\\\/www.bellunopress.it\\\/\"},{\"@type\":\"ListItem\",\"position\":2,\"name\":\"La mostra fotografica &#8220;Afghanistan&#8230; per dove&#8230; &#8221; di Carla Dazzi, l\u20198 marzo a Kabul\"}]},{\"@type\":\"WebSite\",\"@id\":\"https:\\\/\\\/www.bellunopress.it\\\/#website\",\"url\":\"https:\\\/\\\/www.bellunopress.it\\\/\",\"name\":\"Bellunopress - Dolomiti\",\"description\":\"e-mail: redazione@bellunopress.it\",\"publisher\":{\"@id\":\"https:\\\/\\\/www.bellunopress.it\\\/#organization\"},\"potentialAction\":[{\"@type\":\"SearchAction\",\"target\":{\"@type\":\"EntryPoint\",\"urlTemplate\":\"https:\\\/\\\/www.bellunopress.it\\\/?s={search_term_string}\"},\"query-input\":{\"@type\":\"PropertyValueSpecification\",\"valueRequired\":true,\"valueName\":\"search_term_string\"}}],\"inLanguage\":\"fr-FR\"},{\"@type\":\"Organization\",\"@id\":\"https:\\\/\\\/www.bellunopress.it\\\/#organization\",\"name\":\"Bellunopress\",\"url\":\"https:\\\/\\\/www.bellunopress.it\\\/\",\"logo\":{\"@type\":\"ImageObject\",\"inLanguage\":\"fr-FR\",\"@id\":\"https:\\\/\\\/www.bellunopress.it\\\/#\\\/schema\\\/logo\\\/image\\\/\",\"url\":\"https:\\\/\\\/www.bellunopress.it\\\/wp-content\\\/uploads\\\/2011\\\/05\\\/cropped-logo-bellunopress-.jpg\",\"contentUrl\":\"https:\\\/\\\/www.bellunopress.it\\\/wp-content\\\/uploads\\\/2011\\\/05\\\/cropped-logo-bellunopress-.jpg\",\"width\":512,\"height\":512,\"caption\":\"Bellunopress\"},\"image\":{\"@id\":\"https:\\\/\\\/www.bellunopress.it\\\/#\\\/schema\\\/logo\\\/image\\\/\"},\"sameAs\":[\"https:\\\/\\\/www.facebook.com\\\/profile.php?id=100008943462799\",\"https:\\\/\\\/x.com\\\/bellunopress\",\"https:\\\/\\\/www.linkedin.com\\\/hp\\\/?dnr=JBzUWaJfMUw8vbXJJ2tVW5-I3jZKvC4wsoxE&amp;amp;amp;amp;amp;amp;trk=nav_responsive_tab_home\",\"https:\\\/\\\/www.youtube.com\\\/channel\\\/UCxL0wu1uN0_3_7hGG0306cw\"]},{\"@type\":\"Person\",\"@id\":\"https:\\\/\\\/www.bellunopress.it\\\/#\\\/schema\\\/person\\\/79bb06722b37ece1c03d3e94beb30d73\",\"name\":\"redazione\",\"image\":{\"@type\":\"ImageObject\",\"inLanguage\":\"fr-FR\",\"@id\":\"https:\\\/\\\/secure.gravatar.com\\\/avatar\\\/37d968a2e67a6fd04c169c4bdef102d0bc5d31b2546345219e348575eb80e9a0?s=96&d=mm&r=g\",\"url\":\"https:\\\/\\\/secure.gravatar.com\\\/avatar\\\/37d968a2e67a6fd04c169c4bdef102d0bc5d31b2546345219e348575eb80e9a0?s=96&d=mm&r=g\",\"contentUrl\":\"https:\\\/\\\/secure.gravatar.com\\\/avatar\\\/37d968a2e67a6fd04c169c4bdef102d0bc5d31b2546345219e348575eb80e9a0?s=96&d=mm&r=g\",\"caption\":\"redazione\"},\"sameAs\":[\"http:\\\/\\\/www.bellunopress.it\",\"https:\\\/\\\/x.com\\\/bellunopress\"],\"url\":\"https:\\\/\\\/www.bellunopress.it\\\/fr\\\/author\\\/redazione\\\/\"}]}<\/script>\n<!-- \/ Yoast SEO plugin. -->","yoast_head_json":{"title":"La mostra fotografica \"Afghanistan... per dove... \" di Carla Dazzi, l\u20198 marzo a Kabul - Bellunopress - Dolomiti","robots":{"index":"index","follow":"follow","max-snippet":"max-snippet:-1","max-image-preview":"max-image-preview:large","max-video-preview":"max-video-preview:-1"},"canonical":"https:\/\/www.bellunopress.it\/fr\/2013\/03\/06\/la-mostra-fotografica-afghanistan-per-dove-di-carla-dazzi-l8-marzo-a-kabul\/","og_locale":"fr_FR","og_type":"article","og_title":"La mostra fotografica \"Afghanistan... per dove... \" di Carla Dazzi, l\u20198 marzo a Kabul - Bellunopress - Dolomiti","og_description":"In occasione della festa della donna 2013, sar\u00e0 esposta presso l\u2019Ambasciata italiana a Kabul la mostra fotografica &#8220;Afghanistan&#8230; per dove&#8230; &#8221; della fotografa bellunese Carla Dazzi che si recher\u00e0 in loco per la presentazione accompagnata da Daniele Giaffredo, operatore nella sede italiana di ISP. Belluno, 6 marzo 2013. Carla Dazzi \u2013 volontaria di \u201cInsieme si [&hellip;]","og_url":"https:\/\/www.bellunopress.it\/fr\/2013\/03\/06\/la-mostra-fotografica-afghanistan-per-dove-di-carla-dazzi-l8-marzo-a-kabul\/","og_site_name":"Bellunopress - Dolomiti","article_publisher":"https:\/\/www.facebook.com\/profile.php?id=100008943462799","article_published_time":"2013-03-06T14:17:38+00:00","og_image":[{"url":"http:\/\/www.bellunopress.it\/wp-content\/uploads\/2013\/03\/afghanistan-mostra-dazzi.jpg","type":"","width":"","height":""}],"author":"redazione","twitter_card":"summary_large_image","twitter_creator":"@bellunopress","twitter_site":"@bellunopress","twitter_misc":{"Written by":"redazione","Est. reading time":"2 minutes"},"schema":{"@context":"https:\/\/schema.org","@graph":[{"@type":"Article","@id":"https:\/\/www.bellunopress.it\/2013\/03\/06\/la-mostra-fotografica-afghanistan-per-dove-di-carla-dazzi-l8-marzo-a-kabul\/#article","isPartOf":{"@id":"https:\/\/www.bellunopress.it\/2013\/03\/06\/la-mostra-fotografica-afghanistan-per-dove-di-carla-dazzi-l8-marzo-a-kabul\/"},"author":{"name":"redazione","@id":"https:\/\/www.bellunopress.it\/#\/schema\/person\/79bb06722b37ece1c03d3e94beb30d73"},"headline":"La mostra fotografica &#8220;Afghanistan&#8230; per dove&#8230; &#8221; di Carla Dazzi, l\u20198 marzo a Kabul","datePublished":"2013-03-06T14:17:38+00:00","mainEntityOfPage":{"@id":"https:\/\/www.bellunopress.it\/2013\/03\/06\/la-mostra-fotografica-afghanistan-per-dove-di-carla-dazzi-l8-marzo-a-kabul\/"},"wordCount":352,"publisher":{"@id":"https:\/\/www.bellunopress.it\/#organization"},"image":{"@id":"https:\/\/www.bellunopress.it\/2013\/03\/06\/la-mostra-fotografica-afghanistan-per-dove-di-carla-dazzi-l8-marzo-a-kabul\/#primaryimage"},"thumbnailUrl":"http:\/\/www.bellunopress.it\/wp-content\/uploads\/2013\/03\/afghanistan-mostra-dazzi.jpg","articleSection":["Appuntamenti, Eventi","Arte, Cultura, Spettacoli, Scienza","Prima Pagina"],"inLanguage":"fr-FR"},{"@type":"WebPage","@id":"https:\/\/www.bellunopress.it\/2013\/03\/06\/la-mostra-fotografica-afghanistan-per-dove-di-carla-dazzi-l8-marzo-a-kabul\/","url":"https:\/\/www.bellunopress.it\/2013\/03\/06\/la-mostra-fotografica-afghanistan-per-dove-di-carla-dazzi-l8-marzo-a-kabul\/","name":"La mostra fotografica \"Afghanistan... per dove... \" di Carla Dazzi, l\u20198 marzo a Kabul - Bellunopress - Dolomiti","isPartOf":{"@id":"https:\/\/www.bellunopress.it\/#website"},"primaryImageOfPage":{"@id":"https:\/\/www.bellunopress.it\/2013\/03\/06\/la-mostra-fotografica-afghanistan-per-dove-di-carla-dazzi-l8-marzo-a-kabul\/#primaryimage"},"image":{"@id":"https:\/\/www.bellunopress.it\/2013\/03\/06\/la-mostra-fotografica-afghanistan-per-dove-di-carla-dazzi-l8-marzo-a-kabul\/#primaryimage"},"thumbnailUrl":"http:\/\/www.bellunopress.it\/wp-content\/uploads\/2013\/03\/afghanistan-mostra-dazzi.jpg","datePublished":"2013-03-06T14:17:38+00:00","breadcrumb":{"@id":"https:\/\/www.bellunopress.it\/2013\/03\/06\/la-mostra-fotografica-afghanistan-per-dove-di-carla-dazzi-l8-marzo-a-kabul\/#breadcrumb"},"inLanguage":"fr-FR","potentialAction":[{"@type":"ReadAction","target":["https:\/\/www.bellunopress.it\/2013\/03\/06\/la-mostra-fotografica-afghanistan-per-dove-di-carla-dazzi-l8-marzo-a-kabul\/"]}]},{"@type":"ImageObject","inLanguage":"fr-FR","@id":"https:\/\/www.bellunopress.it\/2013\/03\/06\/la-mostra-fotografica-afghanistan-per-dove-di-carla-dazzi-l8-marzo-a-kabul\/#primaryimage","url":"http:\/\/www.bellunopress.it\/wp-content\/uploads\/2013\/03\/afghanistan-mostra-dazzi.jpg","contentUrl":"http:\/\/www.bellunopress.it\/wp-content\/uploads\/2013\/03\/afghanistan-mostra-dazzi.jpg"},{"@type":"BreadcrumbList","@id":"https:\/\/www.bellunopress.it\/2013\/03\/06\/la-mostra-fotografica-afghanistan-per-dove-di-carla-dazzi-l8-marzo-a-kabul\/#breadcrumb","itemListElement":[{"@type":"ListItem","position":1,"name":"Home","item":"https:\/\/www.bellunopress.it\/"},{"@type":"ListItem","position":2,"name":"La mostra fotografica &#8220;Afghanistan&#8230; per dove&#8230; &#8221; di Carla Dazzi, l\u20198 marzo a Kabul"}]},{"@type":"WebSite","@id":"https:\/\/www.bellunopress.it\/#website","url":"https:\/\/www.bellunopress.it\/","name":"Bellunopress - Dolomiti","description":"e-mail: redazione@bellunopress.it","publisher":{"@id":"https:\/\/www.bellunopress.it\/#organization"},"potentialAction":[{"@type":"SearchAction","target":{"@type":"EntryPoint","urlTemplate":"https:\/\/www.bellunopress.it\/?s={search_term_string}"},"query-input":{"@type":"PropertyValueSpecification","valueRequired":true,"valueName":"search_term_string"}}],"inLanguage":"fr-FR"},{"@type":"Organization","@id":"https:\/\/www.bellunopress.it\/#organization","name":"Bellunopress","url":"https:\/\/www.bellunopress.it\/","logo":{"@type":"ImageObject","inLanguage":"fr-FR","@id":"https:\/\/www.bellunopress.it\/#\/schema\/logo\/image\/","url":"https:\/\/www.bellunopress.it\/wp-content\/uploads\/2011\/05\/cropped-logo-bellunopress-.jpg","contentUrl":"https:\/\/www.bellunopress.it\/wp-content\/uploads\/2011\/05\/cropped-logo-bellunopress-.jpg","width":512,"height":512,"caption":"Bellunopress"},"image":{"@id":"https:\/\/www.bellunopress.it\/#\/schema\/logo\/image\/"},"sameAs":["https:\/\/www.facebook.com\/profile.php?id=100008943462799","https:\/\/x.com\/bellunopress","https:\/\/www.linkedin.com\/hp\/?dnr=JBzUWaJfMUw8vbXJJ2tVW5-I3jZKvC4wsoxE&amp;amp;amp;amp;amp;amp;trk=nav_responsive_tab_home","https:\/\/www.youtube.com\/channel\/UCxL0wu1uN0_3_7hGG0306cw"]},{"@type":"Person","@id":"https:\/\/www.bellunopress.it\/#\/schema\/person\/79bb06722b37ece1c03d3e94beb30d73","name":"r\u00e9daction","image":{"@type":"ImageObject","inLanguage":"fr-FR","@id":"https:\/\/secure.gravatar.com\/avatar\/37d968a2e67a6fd04c169c4bdef102d0bc5d31b2546345219e348575eb80e9a0?s=96&d=mm&r=g","url":"https:\/\/secure.gravatar.com\/avatar\/37d968a2e67a6fd04c169c4bdef102d0bc5d31b2546345219e348575eb80e9a0?s=96&d=mm&r=g","contentUrl":"https:\/\/secure.gravatar.com\/avatar\/37d968a2e67a6fd04c169c4bdef102d0bc5d31b2546345219e348575eb80e9a0?s=96&d=mm&r=g","caption":"redazione"},"sameAs":["http:\/\/www.bellunopress.it","https:\/\/x.com\/bellunopress"],"url":"https:\/\/www.bellunopress.it\/fr\/author\/redazione\/"}]}},"_links":{"self":[{"href":"https:\/\/www.bellunopress.it\/fr\/wp-json\/wp\/v2\/posts\/47375","targetHints":{"allow":["GET"]}}],"collection":[{"href":"https:\/\/www.bellunopress.it\/fr\/wp-json\/wp\/v2\/posts"}],"about":[{"href":"https:\/\/www.bellunopress.it\/fr\/wp-json\/wp\/v2\/types\/post"}],"author":[{"embeddable":true,"href":"https:\/\/www.bellunopress.it\/fr\/wp-json\/wp\/v2\/users\/2"}],"replies":[{"embeddable":true,"href":"https:\/\/www.bellunopress.it\/fr\/wp-json\/wp\/v2\/comments?post=47375"}],"version-history":[{"count":1,"href":"https:\/\/www.bellunopress.it\/fr\/wp-json\/wp\/v2\/posts\/47375\/revisions"}],"predecessor-version":[{"id":47377,"href":"https:\/\/www.bellunopress.it\/fr\/wp-json\/wp\/v2\/posts\/47375\/revisions\/47377"}],"wp:attachment":[{"href":"https:\/\/www.bellunopress.it\/fr\/wp-json\/wp\/v2\/media?parent=47375"}],"wp:term":[{"taxonomy":"category","embeddable":true,"href":"https:\/\/www.bellunopress.it\/fr\/wp-json\/wp\/v2\/categories?post=47375"},{"taxonomy":"post_tag","embeddable":true,"href":"https:\/\/www.bellunopress.it\/fr\/wp-json\/wp\/v2\/tags?post=47375"}],"curies":[{"name":"wp","href":"https:\/\/api.w.org\/{rel}","templated":true}]}}