{"id":47373,"date":"2013-03-05T22:33:41","date_gmt":"2013-03-05T21:33:41","guid":{"rendered":"http:\/\/www.bellunopress.it\/?p=47373"},"modified":"2013-03-05T22:33:41","modified_gmt":"2013-03-05T21:33:41","slug":"anche-questanno-l8-marzo-sara-unoccasione-di-festa-al-museo-civico-di-belluno","status":"publish","type":"post","link":"https:\/\/www.bellunopress.it\/fr\/2013\/03\/05\/anche-questanno-l8-marzo-sara-unoccasione-di-festa-al-museo-civico-di-belluno\/","title":{"rendered":"Anche quest&#8217;anno l&#8217;8 Marzo sar\u00e0 un&#8217;occasione di festa al Museo civico di Belluno"},"content":{"rendered":"<p>Il Comune di Belluno, con il sostegno fondamentale della Fondazione Angelini, dall&#8217;8 marzo al 26 maggio nel mezzanino del Museo allestir\u00e0 un percorso dedicato a Caterina Panciera Besarel, figlia di Valentino Besarel: \u201cCaterina Panciera Besarel, artista e imprenditrice dalla Val di Zoldo a Venezia\u201d 8 marzo \u2013 26 maggio 2013 Museo Civico di Belluno \u2013 Via Duomo, 16, 32100 Belluno.<\/p>\n<p><a href=\"http:\/\/www.bellunopress.it\/wp-content\/uploads\/2009\/02\/museo-bl.jpg\"><img loading=\"lazy\" decoding=\"async\" class=\"alignleft size-full wp-image-489\" alt=\"museo-bl\" src=\"http:\/\/www.bellunopress.it\/wp-content\/uploads\/2009\/02\/museo-bl.jpg\" width=\"241\" height=\"181\" \/><\/a>\u00a0Come \u00e8 nel sottotitolo si tratta di un tributo a Caterina Panciera Besarel (1867-1947), artista e imprenditrice dalla Val di Zoldo a Venezia.<\/p>\n<p>Caterina Panciera Besarel, \u00e8 figura singolare di donna con una solida tradizione famigliare artigianal-artistica e dotata di un talento naturale che ebbe modo di coltivare con studi presso l&#8217;Accademia delle Belle Arti di Venezia, grazie alla lungimiranza e modernit\u00e0 del padre artista di vaglia e patriota risorgimentale. Collabor\u00f2 fattivamente alla Ditta Besarel con sede in Venezia sul Canal Grande, e commesse in tutta la penisola e all&#8217;estero, tra le quali quella per l&#8217;arredo del Quirinale, fino a dirigere in prima persona lo stabilimento dopo l&#8217;incidente sul lavoro del padre rimasto mutilato alla mano destra, in anni in cui l&#8217;emancipazione femminile era ancora lontana. Grande l&#8217;interesse alpinistico oltre a quello artistico, che la condusse a scalare la cima del Pelmo e che seppe trasmettere ai figli Valentino e Giovanni Angelini.<\/p>\n<p>In esposizione alcune opere dell&#8217;Artista, fotografie e documenti della famiglia e della ditta Besarel.<\/p>\n<p>Alla mostra hanno collaborato: Anna Angelini, Ester Cason Angelini, Orietta Ceiner, Luca Celi, Milena Dean e il personale del servizio Manutenzione fabbricati del Comune di Belluno.<\/p>\n<p>L&#8217;inaugurazione avr\u00e0 luogo l&#8217;8 marzo alle ore 16.30 nella Sala affreschi di Palazzo Piloni, sede della Provincia di Belluno.<\/p>\n<p>La mostra rester\u00e0 aperta dall&#8217;8 marzo al 26 maggio con i seguenti orari: dal marted\u00ec alla domenica dalle 9.00 alle 12.00, marted\u00ec e venerd\u00ec anche dalle 15.00 alle 18.00. con percorsi didattici rivolti alle scuole di ogni e grado, prenotabili via email collegandosi all&#8217;url della Biblioteca civica di Belluno: http:\/\/biblioteca.comune.belluno.it\/books\/piano-dellofferta-formativa-per-le-scuole-anno-2012-2013\/.<\/p>\n<p>Per la Festa della Donna l&#8217;entrata al Museo Civico sar\u00e0 offerta in forma gratuita alle donne dall&#8217;8 al 10 compresi.<\/p>\n<p>&nbsp;<\/p>","protected":false},"excerpt":{"rendered":"<p>Il Comune di Belluno, con il sostegno fondamentale della Fondazione Angelini, dall&#8217;8 marzo al 26 maggio nel mezzanino del Museo allestir\u00e0 un percorso dedicato a Caterina Panciera Besarel, figlia di Valentino Besarel: \u201cCaterina Panciera Besarel, artista e imprenditrice dalla Val di Zoldo a Venezia\u201d 8 marzo \u2013 26 maggio 2013 Museo Civico di Belluno \u2013 [&hellip;]<\/p>\n","protected":false},"author":2,"featured_media":0,"comment_status":"closed","ping_status":"open","sticky":false,"template":"","format":"standard","meta":{"footnotes":""},"categories":[27,3,25],"tags":[],"class_list":["post-47373","post","type-post","status-publish","format-standard","category-appuntamenti","category-arte-cultura-spettacoli-scienza-archivi","category-pausa-caffe"],"yoast_head":"<!-- This site is optimized with the Yoast SEO plugin v28.4 - https:\/\/yoast.com\/product\/yoast-seo-wordpress\/ -->\n<title>Anche quest&#039;anno l&#039;8 Marzo sar\u00e0 un&#039;occasione di festa al Museo civico di Belluno - Bellunopress - Dolomiti<\/title>\n<meta name=\"robots\" content=\"index, follow, max-snippet:-1, max-image-preview:large, max-video-preview:-1\" \/>\n<link rel=\"canonical\" href=\"https:\/\/www.bellunopress.it\/fr\/2013\/03\/05\/anche-questanno-l8-marzo-sara-unoccasione-di-festa-al-museo-civico-di-belluno\/\" \/>\n<meta property=\"og:locale\" content=\"fr_FR\" \/>\n<meta property=\"og:type\" content=\"article\" \/>\n<meta property=\"og:title\" content=\"Anche quest&#039;anno l&#039;8 Marzo sar\u00e0 un&#039;occasione di festa al Museo civico di Belluno - Bellunopress - Dolomiti\" \/>\n<meta property=\"og:description\" content=\"Il Comune di Belluno, con il sostegno fondamentale della Fondazione Angelini, dall&#8217;8 marzo al 26 maggio nel mezzanino del Museo allestir\u00e0 un percorso dedicato a Caterina Panciera Besarel, figlia di Valentino Besarel: \u201cCaterina Panciera Besarel, artista e imprenditrice dalla Val di Zoldo a Venezia\u201d 8 marzo \u2013 26 maggio 2013 Museo Civico di Belluno \u2013 [&hellip;]\" \/>\n<meta property=\"og:url\" content=\"https:\/\/www.bellunopress.it\/fr\/2013\/03\/05\/anche-questanno-l8-marzo-sara-unoccasione-di-festa-al-museo-civico-di-belluno\/\" \/>\n<meta property=\"og:site_name\" content=\"Bellunopress - Dolomiti\" \/>\n<meta property=\"article:publisher\" content=\"https:\/\/www.facebook.com\/profile.php?id=100008943462799\" \/>\n<meta property=\"article:published_time\" content=\"2013-03-05T21:33:41+00:00\" \/>\n<meta property=\"og:image\" content=\"http:\/\/www.bellunopress.it\/wp-content\/uploads\/2009\/02\/museo-bl.jpg\" \/>\n<meta name=\"author\" content=\"redazione\" \/>\n<meta name=\"twitter:card\" content=\"summary_large_image\" \/>\n<meta name=\"twitter:creator\" content=\"@bellunopress\" \/>\n<meta name=\"twitter:site\" content=\"@bellunopress\" \/>\n<meta name=\"twitter:label1\" content=\"Written by\" \/>\n\t<meta name=\"twitter:data1\" content=\"redazione\" \/>\n\t<meta name=\"twitter:label2\" content=\"Est. reading time\" \/>\n\t<meta name=\"twitter:data2\" content=\"2 minutes\" \/>\n<script type=\"application\/ld+json\" class=\"yoast-schema-graph\">{\"@context\":\"https:\\\/\\\/schema.org\",\"@graph\":[{\"@type\":\"Article\",\"@id\":\"https:\\\/\\\/www.bellunopress.it\\\/2013\\\/03\\\/05\\\/anche-questanno-l8-marzo-sara-unoccasione-di-festa-al-museo-civico-di-belluno\\\/#article\",\"isPartOf\":{\"@id\":\"https:\\\/\\\/www.bellunopress.it\\\/2013\\\/03\\\/05\\\/anche-questanno-l8-marzo-sara-unoccasione-di-festa-al-museo-civico-di-belluno\\\/\"},\"author\":{\"name\":\"redazione\",\"@id\":\"https:\\\/\\\/www.bellunopress.it\\\/#\\\/schema\\\/person\\\/79bb06722b37ece1c03d3e94beb30d73\"},\"headline\":\"Anche quest&#8217;anno l&#8217;8 Marzo sar\u00e0 un&#8217;occasione di festa al Museo civico di Belluno\",\"datePublished\":\"2013-03-05T21:33:41+00:00\",\"mainEntityOfPage\":{\"@id\":\"https:\\\/\\\/www.bellunopress.it\\\/2013\\\/03\\\/05\\\/anche-questanno-l8-marzo-sara-unoccasione-di-festa-al-museo-civico-di-belluno\\\/\"},\"wordCount\":357,\"publisher\":{\"@id\":\"https:\\\/\\\/www.bellunopress.it\\\/#organization\"},\"image\":{\"@id\":\"https:\\\/\\\/www.bellunopress.it\\\/2013\\\/03\\\/05\\\/anche-questanno-l8-marzo-sara-unoccasione-di-festa-al-museo-civico-di-belluno\\\/#primaryimage\"},\"thumbnailUrl\":\"http:\\\/\\\/www.bellunopress.it\\\/wp-content\\\/uploads\\\/2009\\\/02\\\/museo-bl.jpg\",\"articleSection\":[\"Appuntamenti, Eventi\",\"Arte, Cultura, Spettacoli, Scienza\",\"Pausa Caff\u00e8\"],\"inLanguage\":\"fr-FR\"},{\"@type\":\"WebPage\",\"@id\":\"https:\\\/\\\/www.bellunopress.it\\\/2013\\\/03\\\/05\\\/anche-questanno-l8-marzo-sara-unoccasione-di-festa-al-museo-civico-di-belluno\\\/\",\"url\":\"https:\\\/\\\/www.bellunopress.it\\\/2013\\\/03\\\/05\\\/anche-questanno-l8-marzo-sara-unoccasione-di-festa-al-museo-civico-di-belluno\\\/\",\"name\":\"Anche quest'anno l'8 Marzo sar\u00e0 un'occasione di festa al Museo civico di Belluno - Bellunopress - Dolomiti\",\"isPartOf\":{\"@id\":\"https:\\\/\\\/www.bellunopress.it\\\/#website\"},\"primaryImageOfPage\":{\"@id\":\"https:\\\/\\\/www.bellunopress.it\\\/2013\\\/03\\\/05\\\/anche-questanno-l8-marzo-sara-unoccasione-di-festa-al-museo-civico-di-belluno\\\/#primaryimage\"},\"image\":{\"@id\":\"https:\\\/\\\/www.bellunopress.it\\\/2013\\\/03\\\/05\\\/anche-questanno-l8-marzo-sara-unoccasione-di-festa-al-museo-civico-di-belluno\\\/#primaryimage\"},\"thumbnailUrl\":\"http:\\\/\\\/www.bellunopress.it\\\/wp-content\\\/uploads\\\/2009\\\/02\\\/museo-bl.jpg\",\"datePublished\":\"2013-03-05T21:33:41+00:00\",\"breadcrumb\":{\"@id\":\"https:\\\/\\\/www.bellunopress.it\\\/2013\\\/03\\\/05\\\/anche-questanno-l8-marzo-sara-unoccasione-di-festa-al-museo-civico-di-belluno\\\/#breadcrumb\"},\"inLanguage\":\"fr-FR\",\"potentialAction\":[{\"@type\":\"ReadAction\",\"target\":[\"https:\\\/\\\/www.bellunopress.it\\\/2013\\\/03\\\/05\\\/anche-questanno-l8-marzo-sara-unoccasione-di-festa-al-museo-civico-di-belluno\\\/\"]}]},{\"@type\":\"ImageObject\",\"inLanguage\":\"fr-FR\",\"@id\":\"https:\\\/\\\/www.bellunopress.it\\\/2013\\\/03\\\/05\\\/anche-questanno-l8-marzo-sara-unoccasione-di-festa-al-museo-civico-di-belluno\\\/#primaryimage\",\"url\":\"http:\\\/\\\/www.bellunopress.it\\\/wp-content\\\/uploads\\\/2009\\\/02\\\/museo-bl.jpg\",\"contentUrl\":\"http:\\\/\\\/www.bellunopress.it\\\/wp-content\\\/uploads\\\/2009\\\/02\\\/museo-bl.jpg\"},{\"@type\":\"BreadcrumbList\",\"@id\":\"https:\\\/\\\/www.bellunopress.it\\\/2013\\\/03\\\/05\\\/anche-questanno-l8-marzo-sara-unoccasione-di-festa-al-museo-civico-di-belluno\\\/#breadcrumb\",\"itemListElement\":[{\"@type\":\"ListItem\",\"position\":1,\"name\":\"Home\",\"item\":\"https:\\\/\\\/www.bellunopress.it\\\/\"},{\"@type\":\"ListItem\",\"position\":2,\"name\":\"Anche quest&#8217;anno l&#8217;8 Marzo sar\u00e0 un&#8217;occasione di festa al Museo civico di Belluno\"}]},{\"@type\":\"WebSite\",\"@id\":\"https:\\\/\\\/www.bellunopress.it\\\/#website\",\"url\":\"https:\\\/\\\/www.bellunopress.it\\\/\",\"name\":\"Bellunopress - Dolomiti\",\"description\":\"e-mail: redazione@bellunopress.it\",\"publisher\":{\"@id\":\"https:\\\/\\\/www.bellunopress.it\\\/#organization\"},\"potentialAction\":[{\"@type\":\"SearchAction\",\"target\":{\"@type\":\"EntryPoint\",\"urlTemplate\":\"https:\\\/\\\/www.bellunopress.it\\\/?s={search_term_string}\"},\"query-input\":{\"@type\":\"PropertyValueSpecification\",\"valueRequired\":true,\"valueName\":\"search_term_string\"}}],\"inLanguage\":\"fr-FR\"},{\"@type\":\"Organization\",\"@id\":\"https:\\\/\\\/www.bellunopress.it\\\/#organization\",\"name\":\"Bellunopress\",\"url\":\"https:\\\/\\\/www.bellunopress.it\\\/\",\"logo\":{\"@type\":\"ImageObject\",\"inLanguage\":\"fr-FR\",\"@id\":\"https:\\\/\\\/www.bellunopress.it\\\/#\\\/schema\\\/logo\\\/image\\\/\",\"url\":\"https:\\\/\\\/www.bellunopress.it\\\/wp-content\\\/uploads\\\/2011\\\/05\\\/cropped-logo-bellunopress-.jpg\",\"contentUrl\":\"https:\\\/\\\/www.bellunopress.it\\\/wp-content\\\/uploads\\\/2011\\\/05\\\/cropped-logo-bellunopress-.jpg\",\"width\":512,\"height\":512,\"caption\":\"Bellunopress\"},\"image\":{\"@id\":\"https:\\\/\\\/www.bellunopress.it\\\/#\\\/schema\\\/logo\\\/image\\\/\"},\"sameAs\":[\"https:\\\/\\\/www.facebook.com\\\/profile.php?id=100008943462799\",\"https:\\\/\\\/x.com\\\/bellunopress\",\"https:\\\/\\\/www.linkedin.com\\\/hp\\\/?dnr=JBzUWaJfMUw8vbXJJ2tVW5-I3jZKvC4wsoxE&amp;amp;amp;amp;amp;amp;trk=nav_responsive_tab_home\",\"https:\\\/\\\/www.youtube.com\\\/channel\\\/UCxL0wu1uN0_3_7hGG0306cw\"]},{\"@type\":\"Person\",\"@id\":\"https:\\\/\\\/www.bellunopress.it\\\/#\\\/schema\\\/person\\\/79bb06722b37ece1c03d3e94beb30d73\",\"name\":\"redazione\",\"image\":{\"@type\":\"ImageObject\",\"inLanguage\":\"fr-FR\",\"@id\":\"https:\\\/\\\/secure.gravatar.com\\\/avatar\\\/37d968a2e67a6fd04c169c4bdef102d0bc5d31b2546345219e348575eb80e9a0?s=96&d=mm&r=g\",\"url\":\"https:\\\/\\\/secure.gravatar.com\\\/avatar\\\/37d968a2e67a6fd04c169c4bdef102d0bc5d31b2546345219e348575eb80e9a0?s=96&d=mm&r=g\",\"contentUrl\":\"https:\\\/\\\/secure.gravatar.com\\\/avatar\\\/37d968a2e67a6fd04c169c4bdef102d0bc5d31b2546345219e348575eb80e9a0?s=96&d=mm&r=g\",\"caption\":\"redazione\"},\"sameAs\":[\"http:\\\/\\\/www.bellunopress.it\",\"https:\\\/\\\/x.com\\\/bellunopress\"],\"url\":\"https:\\\/\\\/www.bellunopress.it\\\/fr\\\/author\\\/redazione\\\/\"}]}<\/script>\n<!-- \/ Yoast SEO plugin. -->","yoast_head_json":{"title":"Anche quest'anno l'8 Marzo sar\u00e0 un'occasione di festa al Museo civico di Belluno - Bellunopress - Dolomiti","robots":{"index":"index","follow":"follow","max-snippet":"max-snippet:-1","max-image-preview":"max-image-preview:large","max-video-preview":"max-video-preview:-1"},"canonical":"https:\/\/www.bellunopress.it\/fr\/2013\/03\/05\/anche-questanno-l8-marzo-sara-unoccasione-di-festa-al-museo-civico-di-belluno\/","og_locale":"fr_FR","og_type":"article","og_title":"Anche quest'anno l'8 Marzo sar\u00e0 un'occasione di festa al Museo civico di Belluno - Bellunopress - Dolomiti","og_description":"Il Comune di Belluno, con il sostegno fondamentale della Fondazione Angelini, dall&#8217;8 marzo al 26 maggio nel mezzanino del Museo allestir\u00e0 un percorso dedicato a Caterina Panciera Besarel, figlia di Valentino Besarel: \u201cCaterina Panciera Besarel, artista e imprenditrice dalla Val di Zoldo a Venezia\u201d 8 marzo \u2013 26 maggio 2013 Museo Civico di Belluno \u2013 [&hellip;]","og_url":"https:\/\/www.bellunopress.it\/fr\/2013\/03\/05\/anche-questanno-l8-marzo-sara-unoccasione-di-festa-al-museo-civico-di-belluno\/","og_site_name":"Bellunopress - Dolomiti","article_publisher":"https:\/\/www.facebook.com\/profile.php?id=100008943462799","article_published_time":"2013-03-05T21:33:41+00:00","og_image":[{"url":"http:\/\/www.bellunopress.it\/wp-content\/uploads\/2009\/02\/museo-bl.jpg","type":"","width":"","height":""}],"author":"redazione","twitter_card":"summary_large_image","twitter_creator":"@bellunopress","twitter_site":"@bellunopress","twitter_misc":{"Written by":"redazione","Est. reading time":"2 minutes"},"schema":{"@context":"https:\/\/schema.org","@graph":[{"@type":"Article","@id":"https:\/\/www.bellunopress.it\/2013\/03\/05\/anche-questanno-l8-marzo-sara-unoccasione-di-festa-al-museo-civico-di-belluno\/#article","isPartOf":{"@id":"https:\/\/www.bellunopress.it\/2013\/03\/05\/anche-questanno-l8-marzo-sara-unoccasione-di-festa-al-museo-civico-di-belluno\/"},"author":{"name":"redazione","@id":"https:\/\/www.bellunopress.it\/#\/schema\/person\/79bb06722b37ece1c03d3e94beb30d73"},"headline":"Anche quest&#8217;anno l&#8217;8 Marzo sar\u00e0 un&#8217;occasione di festa al Museo civico di Belluno","datePublished":"2013-03-05T21:33:41+00:00","mainEntityOfPage":{"@id":"https:\/\/www.bellunopress.it\/2013\/03\/05\/anche-questanno-l8-marzo-sara-unoccasione-di-festa-al-museo-civico-di-belluno\/"},"wordCount":357,"publisher":{"@id":"https:\/\/www.bellunopress.it\/#organization"},"image":{"@id":"https:\/\/www.bellunopress.it\/2013\/03\/05\/anche-questanno-l8-marzo-sara-unoccasione-di-festa-al-museo-civico-di-belluno\/#primaryimage"},"thumbnailUrl":"http:\/\/www.bellunopress.it\/wp-content\/uploads\/2009\/02\/museo-bl.jpg","articleSection":["Appuntamenti, Eventi","Arte, Cultura, Spettacoli, Scienza","Pausa Caff\u00e8"],"inLanguage":"fr-FR"},{"@type":"WebPage","@id":"https:\/\/www.bellunopress.it\/2013\/03\/05\/anche-questanno-l8-marzo-sara-unoccasione-di-festa-al-museo-civico-di-belluno\/","url":"https:\/\/www.bellunopress.it\/2013\/03\/05\/anche-questanno-l8-marzo-sara-unoccasione-di-festa-al-museo-civico-di-belluno\/","name":"Anche quest'anno l'8 Marzo sar\u00e0 un'occasione di festa al Museo civico di Belluno - Bellunopress - Dolomiti","isPartOf":{"@id":"https:\/\/www.bellunopress.it\/#website"},"primaryImageOfPage":{"@id":"https:\/\/www.bellunopress.it\/2013\/03\/05\/anche-questanno-l8-marzo-sara-unoccasione-di-festa-al-museo-civico-di-belluno\/#primaryimage"},"image":{"@id":"https:\/\/www.bellunopress.it\/2013\/03\/05\/anche-questanno-l8-marzo-sara-unoccasione-di-festa-al-museo-civico-di-belluno\/#primaryimage"},"thumbnailUrl":"http:\/\/www.bellunopress.it\/wp-content\/uploads\/2009\/02\/museo-bl.jpg","datePublished":"2013-03-05T21:33:41+00:00","breadcrumb":{"@id":"https:\/\/www.bellunopress.it\/2013\/03\/05\/anche-questanno-l8-marzo-sara-unoccasione-di-festa-al-museo-civico-di-belluno\/#breadcrumb"},"inLanguage":"fr-FR","potentialAction":[{"@type":"ReadAction","target":["https:\/\/www.bellunopress.it\/2013\/03\/05\/anche-questanno-l8-marzo-sara-unoccasione-di-festa-al-museo-civico-di-belluno\/"]}]},{"@type":"ImageObject","inLanguage":"fr-FR","@id":"https:\/\/www.bellunopress.it\/2013\/03\/05\/anche-questanno-l8-marzo-sara-unoccasione-di-festa-al-museo-civico-di-belluno\/#primaryimage","url":"http:\/\/www.bellunopress.it\/wp-content\/uploads\/2009\/02\/museo-bl.jpg","contentUrl":"http:\/\/www.bellunopress.it\/wp-content\/uploads\/2009\/02\/museo-bl.jpg"},{"@type":"BreadcrumbList","@id":"https:\/\/www.bellunopress.it\/2013\/03\/05\/anche-questanno-l8-marzo-sara-unoccasione-di-festa-al-museo-civico-di-belluno\/#breadcrumb","itemListElement":[{"@type":"ListItem","position":1,"name":"Home","item":"https:\/\/www.bellunopress.it\/"},{"@type":"ListItem","position":2,"name":"Anche quest&#8217;anno l&#8217;8 Marzo sar\u00e0 un&#8217;occasione di festa al Museo civico di Belluno"}]},{"@type":"WebSite","@id":"https:\/\/www.bellunopress.it\/#website","url":"https:\/\/www.bellunopress.it\/","name":"Bellunopress - Dolomiti","description":"e-mail: redazione@bellunopress.it","publisher":{"@id":"https:\/\/www.bellunopress.it\/#organization"},"potentialAction":[{"@type":"SearchAction","target":{"@type":"EntryPoint","urlTemplate":"https:\/\/www.bellunopress.it\/?s={search_term_string}"},"query-input":{"@type":"PropertyValueSpecification","valueRequired":true,"valueName":"search_term_string"}}],"inLanguage":"fr-FR"},{"@type":"Organization","@id":"https:\/\/www.bellunopress.it\/#organization","name":"Bellunopress","url":"https:\/\/www.bellunopress.it\/","logo":{"@type":"ImageObject","inLanguage":"fr-FR","@id":"https:\/\/www.bellunopress.it\/#\/schema\/logo\/image\/","url":"https:\/\/www.bellunopress.it\/wp-content\/uploads\/2011\/05\/cropped-logo-bellunopress-.jpg","contentUrl":"https:\/\/www.bellunopress.it\/wp-content\/uploads\/2011\/05\/cropped-logo-bellunopress-.jpg","width":512,"height":512,"caption":"Bellunopress"},"image":{"@id":"https:\/\/www.bellunopress.it\/#\/schema\/logo\/image\/"},"sameAs":["https:\/\/www.facebook.com\/profile.php?id=100008943462799","https:\/\/x.com\/bellunopress","https:\/\/www.linkedin.com\/hp\/?dnr=JBzUWaJfMUw8vbXJJ2tVW5-I3jZKvC4wsoxE&amp;amp;amp;amp;amp;amp;trk=nav_responsive_tab_home","https:\/\/www.youtube.com\/channel\/UCxL0wu1uN0_3_7hGG0306cw"]},{"@type":"Person","@id":"https:\/\/www.bellunopress.it\/#\/schema\/person\/79bb06722b37ece1c03d3e94beb30d73","name":"r\u00e9daction","image":{"@type":"ImageObject","inLanguage":"fr-FR","@id":"https:\/\/secure.gravatar.com\/avatar\/37d968a2e67a6fd04c169c4bdef102d0bc5d31b2546345219e348575eb80e9a0?s=96&d=mm&r=g","url":"https:\/\/secure.gravatar.com\/avatar\/37d968a2e67a6fd04c169c4bdef102d0bc5d31b2546345219e348575eb80e9a0?s=96&d=mm&r=g","contentUrl":"https:\/\/secure.gravatar.com\/avatar\/37d968a2e67a6fd04c169c4bdef102d0bc5d31b2546345219e348575eb80e9a0?s=96&d=mm&r=g","caption":"redazione"},"sameAs":["http:\/\/www.bellunopress.it","https:\/\/x.com\/bellunopress"],"url":"https:\/\/www.bellunopress.it\/fr\/author\/redazione\/"}]}},"_links":{"self":[{"href":"https:\/\/www.bellunopress.it\/fr\/wp-json\/wp\/v2\/posts\/47373","targetHints":{"allow":["GET"]}}],"collection":[{"href":"https:\/\/www.bellunopress.it\/fr\/wp-json\/wp\/v2\/posts"}],"about":[{"href":"https:\/\/www.bellunopress.it\/fr\/wp-json\/wp\/v2\/types\/post"}],"author":[{"embeddable":true,"href":"https:\/\/www.bellunopress.it\/fr\/wp-json\/wp\/v2\/users\/2"}],"replies":[{"embeddable":true,"href":"https:\/\/www.bellunopress.it\/fr\/wp-json\/wp\/v2\/comments?post=47373"}],"version-history":[{"count":1,"href":"https:\/\/www.bellunopress.it\/fr\/wp-json\/wp\/v2\/posts\/47373\/revisions"}],"predecessor-version":[{"id":47374,"href":"https:\/\/www.bellunopress.it\/fr\/wp-json\/wp\/v2\/posts\/47373\/revisions\/47374"}],"wp:attachment":[{"href":"https:\/\/www.bellunopress.it\/fr\/wp-json\/wp\/v2\/media?parent=47373"}],"wp:term":[{"taxonomy":"category","embeddable":true,"href":"https:\/\/www.bellunopress.it\/fr\/wp-json\/wp\/v2\/categories?post=47373"},{"taxonomy":"post_tag","embeddable":true,"href":"https:\/\/www.bellunopress.it\/fr\/wp-json\/wp\/v2\/tags?post=47373"}],"curies":[{"name":"wp","href":"https:\/\/api.w.org\/{rel}","templated":true}]}}