{"id":47371,"date":"2013-03-05T22:28:36","date_gmt":"2013-03-05T21:28:36","guid":{"rendered":"http:\/\/www.bellunopress.it\/?p=47371"},"modified":"2013-03-05T22:28:36","modified_gmt":"2013-03-05T21:28:36","slug":"corso-per-insegnanti-della-scuola-dellinfanzia-sullinserimento-dei-bambini-con-difficolta-di-apprendimento","status":"publish","type":"post","link":"https:\/\/www.bellunopress.it\/fr\/2013\/03\/05\/corso-per-insegnanti-della-scuola-dellinfanzia-sullinserimento-dei-bambini-con-difficolta-di-apprendimento\/","title":{"rendered":"Corso per insegnanti della scuola dell&#8217;infanzia sull&#8217;inserimento dei bambini con difficolt\u00e0 di apprendimento"},"content":{"rendered":"<p>Nuovo appuntamento il 22 e 23 marzo con l&#8217;ADSA, l&#8217;associazione bellunese che dal 2010 si occupa di disturbi specifici dell&#8217;apprendimento. Si tratta di \u201cVerso la prima\u201d, corso di formazione rivolto agli insegnanti della scuola dell&#8217;infanzia e organizzato in collaborazione con la scuola primaria \u201cDoglioni\u201d e che gode del patrocinio dell\u2019Ufficio scolastico provinciale e del Comune di Belluno. L&#8217;obiettivo \u00e8 quello di agevolare il percorso didattico di bambini con disturbi dell&#8217;apprendimento e di facilitarne l&#8217;inserimento nella classe prima elementare. Il corso, che avr\u00e0 luogo presso la scuola \u201cDoglioni\u201d di Mur di Cadola, avr\u00e0 la durata di 12 ore e sar\u00e0 tenuto dalla dott.ssa Elisabetta Tius, educatrice e formatrice, specializzata in Psicopatologia dell\u2019apprendimento e referente per il Friuli dell&#8217;Associazione Nazionale Grafologi Rieducatori della Scrittura.<\/p>\n<p>Durante il corso saranno presentate una serie di attivit\u00e0 pratiche volte alla strutturazione di un percorso di sviluppo e potenziamento dei prerequisiti della letto-scrittura. L\u2019insegnante sar\u00e0 inoltre in grado di individuare precocemente eventuali ritardi maturativi o difficolt\u00e0 di apprendimento che richiedano interventi mirati di recupero e sviluppo delle abilit\u00e0 di base.<\/p>\n<p>L&#8217;iscrizione al corso deve essere effettuata entro il 15 marzo e prevede il pagamento di una quota, quale contributo per la realizzazione dell&#8217;iniziativa, di 45 euro (30 euro per i soci dell&#8217;ADSA). Le iscrizioni saranno accettate fino all&#8217;esaurimento dei posti. Al termine del percorso formativo sar\u00e0 rilasciato ai partecipanti un attestato di frequenza. Gli orari di svolgimento sono: venerd\u00ec 22 marzo dalle 14 alle 18, sabato 23 marzo dalle 9 alle 18 con un\u2019ora di pausa.<\/p>\n<p>Per informazioni \u00e8 possibile telefonare al numero 339 6554082 dalle 17 alle 19, o inviare un messaggio di posta elettronica all&#8217;indirizzo adsa-bl@libero.it.<\/p>\n<p>&nbsp;<\/p>","protected":false},"excerpt":{"rendered":"<p>Nuovo appuntamento il 22 e 23 marzo con l&#8217;ADSA, l&#8217;associazione bellunese che dal 2010 si occupa di disturbi specifici dell&#8217;apprendimento. Si tratta di \u201cVerso la prima\u201d, corso di formazione rivolto agli insegnanti della scuola dell&#8217;infanzia e organizzato in collaborazione con la scuola primaria \u201cDoglioni\u201d e che gode del patrocinio dell\u2019Ufficio scolastico provinciale e del Comune [&hellip;]<\/p>\n","protected":false},"author":2,"featured_media":0,"comment_status":"closed","ping_status":"open","sticky":false,"template":"","format":"standard","meta":{"footnotes":""},"categories":[25,15],"tags":[],"class_list":["post-47371","post","type-post","status-publish","format-standard","category-pausa-caffe","category-scuola"],"yoast_head":"<!-- This site is optimized with the Yoast SEO plugin v28.4 - https:\/\/yoast.com\/product\/yoast-seo-wordpress\/ -->\n<title>Corso per insegnanti della scuola dell&#039;infanzia sull&#039;inserimento dei bambini con difficolt\u00e0 di apprendimento - Bellunopress - Dolomiti<\/title>\n<meta name=\"robots\" content=\"index, follow, max-snippet:-1, max-image-preview:large, max-video-preview:-1\" \/>\n<link rel=\"canonical\" href=\"https:\/\/www.bellunopress.it\/fr\/2013\/03\/05\/corso-per-insegnanti-della-scuola-dellinfanzia-sullinserimento-dei-bambini-con-difficolta-di-apprendimento\/\" \/>\n<meta property=\"og:locale\" content=\"fr_FR\" \/>\n<meta property=\"og:type\" content=\"article\" \/>\n<meta property=\"og:title\" content=\"Corso per insegnanti della scuola dell&#039;infanzia sull&#039;inserimento dei bambini con difficolt\u00e0 di apprendimento - Bellunopress - Dolomiti\" \/>\n<meta property=\"og:description\" content=\"Nuovo appuntamento il 22 e 23 marzo con l&#8217;ADSA, l&#8217;associazione bellunese che dal 2010 si occupa di disturbi specifici dell&#8217;apprendimento. Si tratta di \u201cVerso la prima\u201d, corso di formazione rivolto agli insegnanti della scuola dell&#8217;infanzia e organizzato in collaborazione con la scuola primaria \u201cDoglioni\u201d e che gode del patrocinio dell\u2019Ufficio scolastico provinciale e del Comune [&hellip;]\" \/>\n<meta property=\"og:url\" content=\"https:\/\/www.bellunopress.it\/fr\/2013\/03\/05\/corso-per-insegnanti-della-scuola-dellinfanzia-sullinserimento-dei-bambini-con-difficolta-di-apprendimento\/\" \/>\n<meta property=\"og:site_name\" content=\"Bellunopress - Dolomiti\" \/>\n<meta property=\"article:publisher\" content=\"https:\/\/www.facebook.com\/profile.php?id=100008943462799\" \/>\n<meta property=\"article:published_time\" content=\"2013-03-05T21:28:36+00:00\" \/>\n<meta property=\"og:image\" content=\"http:\/\/www.bellunopress.it\/wp-content\/uploads\/2012\/07\/logo-bellunopress-250x250-2012.jpg\" \/>\n<meta name=\"author\" content=\"redazione\" \/>\n<meta name=\"twitter:card\" content=\"summary_large_image\" \/>\n<meta name=\"twitter:creator\" content=\"@bellunopress\" \/>\n<meta name=\"twitter:site\" content=\"@bellunopress\" \/>\n<meta name=\"twitter:label1\" content=\"Written by\" \/>\n\t<meta name=\"twitter:data1\" content=\"redazione\" \/>\n\t<meta name=\"twitter:label2\" content=\"Est. reading time\" \/>\n\t<meta name=\"twitter:data2\" content=\"1 minute\" \/>\n<script type=\"application\/ld+json\" class=\"yoast-schema-graph\">{\"@context\":\"https:\\\/\\\/schema.org\",\"@graph\":[{\"@type\":\"Article\",\"@id\":\"https:\\\/\\\/www.bellunopress.it\\\/2013\\\/03\\\/05\\\/corso-per-insegnanti-della-scuola-dellinfanzia-sullinserimento-dei-bambini-con-difficolta-di-apprendimento\\\/#article\",\"isPartOf\":{\"@id\":\"https:\\\/\\\/www.bellunopress.it\\\/2013\\\/03\\\/05\\\/corso-per-insegnanti-della-scuola-dellinfanzia-sullinserimento-dei-bambini-con-difficolta-di-apprendimento\\\/\"},\"author\":{\"name\":\"redazione\",\"@id\":\"https:\\\/\\\/www.bellunopress.it\\\/#\\\/schema\\\/person\\\/79bb06722b37ece1c03d3e94beb30d73\"},\"headline\":\"Corso per insegnanti della scuola dell&#8217;infanzia sull&#8217;inserimento dei bambini con difficolt\u00e0 di apprendimento\",\"datePublished\":\"2013-03-05T21:28:36+00:00\",\"mainEntityOfPage\":{\"@id\":\"https:\\\/\\\/www.bellunopress.it\\\/2013\\\/03\\\/05\\\/corso-per-insegnanti-della-scuola-dellinfanzia-sullinserimento-dei-bambini-con-difficolta-di-apprendimento\\\/\"},\"wordCount\":288,\"publisher\":{\"@id\":\"https:\\\/\\\/www.bellunopress.it\\\/#organization\"},\"articleSection\":[\"Pausa Caff\u00e8\",\"Scuola\"],\"inLanguage\":\"fr-FR\"},{\"@type\":\"WebPage\",\"@id\":\"https:\\\/\\\/www.bellunopress.it\\\/2013\\\/03\\\/05\\\/corso-per-insegnanti-della-scuola-dellinfanzia-sullinserimento-dei-bambini-con-difficolta-di-apprendimento\\\/\",\"url\":\"https:\\\/\\\/www.bellunopress.it\\\/2013\\\/03\\\/05\\\/corso-per-insegnanti-della-scuola-dellinfanzia-sullinserimento-dei-bambini-con-difficolta-di-apprendimento\\\/\",\"name\":\"Corso per insegnanti della scuola dell'infanzia sull'inserimento dei bambini con difficolt\u00e0 di apprendimento - Bellunopress - Dolomiti\",\"isPartOf\":{\"@id\":\"https:\\\/\\\/www.bellunopress.it\\\/#website\"},\"datePublished\":\"2013-03-05T21:28:36+00:00\",\"breadcrumb\":{\"@id\":\"https:\\\/\\\/www.bellunopress.it\\\/2013\\\/03\\\/05\\\/corso-per-insegnanti-della-scuola-dellinfanzia-sullinserimento-dei-bambini-con-difficolta-di-apprendimento\\\/#breadcrumb\"},\"inLanguage\":\"fr-FR\",\"potentialAction\":[{\"@type\":\"ReadAction\",\"target\":[\"https:\\\/\\\/www.bellunopress.it\\\/2013\\\/03\\\/05\\\/corso-per-insegnanti-della-scuola-dellinfanzia-sullinserimento-dei-bambini-con-difficolta-di-apprendimento\\\/\"]}]},{\"@type\":\"BreadcrumbList\",\"@id\":\"https:\\\/\\\/www.bellunopress.it\\\/2013\\\/03\\\/05\\\/corso-per-insegnanti-della-scuola-dellinfanzia-sullinserimento-dei-bambini-con-difficolta-di-apprendimento\\\/#breadcrumb\",\"itemListElement\":[{\"@type\":\"ListItem\",\"position\":1,\"name\":\"Home\",\"item\":\"https:\\\/\\\/www.bellunopress.it\\\/\"},{\"@type\":\"ListItem\",\"position\":2,\"name\":\"Corso per insegnanti della scuola dell&#8217;infanzia sull&#8217;inserimento dei bambini con difficolt\u00e0 di apprendimento\"}]},{\"@type\":\"WebSite\",\"@id\":\"https:\\\/\\\/www.bellunopress.it\\\/#website\",\"url\":\"https:\\\/\\\/www.bellunopress.it\\\/\",\"name\":\"Bellunopress - Dolomiti\",\"description\":\"e-mail: redazione@bellunopress.it\",\"publisher\":{\"@id\":\"https:\\\/\\\/www.bellunopress.it\\\/#organization\"},\"potentialAction\":[{\"@type\":\"SearchAction\",\"target\":{\"@type\":\"EntryPoint\",\"urlTemplate\":\"https:\\\/\\\/www.bellunopress.it\\\/?s={search_term_string}\"},\"query-input\":{\"@type\":\"PropertyValueSpecification\",\"valueRequired\":true,\"valueName\":\"search_term_string\"}}],\"inLanguage\":\"fr-FR\"},{\"@type\":\"Organization\",\"@id\":\"https:\\\/\\\/www.bellunopress.it\\\/#organization\",\"name\":\"Bellunopress\",\"url\":\"https:\\\/\\\/www.bellunopress.it\\\/\",\"logo\":{\"@type\":\"ImageObject\",\"inLanguage\":\"fr-FR\",\"@id\":\"https:\\\/\\\/www.bellunopress.it\\\/#\\\/schema\\\/logo\\\/image\\\/\",\"url\":\"https:\\\/\\\/www.bellunopress.it\\\/wp-content\\\/uploads\\\/2011\\\/05\\\/cropped-logo-bellunopress-.jpg\",\"contentUrl\":\"https:\\\/\\\/www.bellunopress.it\\\/wp-content\\\/uploads\\\/2011\\\/05\\\/cropped-logo-bellunopress-.jpg\",\"width\":512,\"height\":512,\"caption\":\"Bellunopress\"},\"image\":{\"@id\":\"https:\\\/\\\/www.bellunopress.it\\\/#\\\/schema\\\/logo\\\/image\\\/\"},\"sameAs\":[\"https:\\\/\\\/www.facebook.com\\\/profile.php?id=100008943462799\",\"https:\\\/\\\/x.com\\\/bellunopress\",\"https:\\\/\\\/www.linkedin.com\\\/hp\\\/?dnr=JBzUWaJfMUw8vbXJJ2tVW5-I3jZKvC4wsoxE&amp;amp;amp;amp;amp;amp;trk=nav_responsive_tab_home\",\"https:\\\/\\\/www.youtube.com\\\/channel\\\/UCxL0wu1uN0_3_7hGG0306cw\"]},{\"@type\":\"Person\",\"@id\":\"https:\\\/\\\/www.bellunopress.it\\\/#\\\/schema\\\/person\\\/79bb06722b37ece1c03d3e94beb30d73\",\"name\":\"redazione\",\"image\":{\"@type\":\"ImageObject\",\"inLanguage\":\"fr-FR\",\"@id\":\"https:\\\/\\\/secure.gravatar.com\\\/avatar\\\/37d968a2e67a6fd04c169c4bdef102d0bc5d31b2546345219e348575eb80e9a0?s=96&d=mm&r=g\",\"url\":\"https:\\\/\\\/secure.gravatar.com\\\/avatar\\\/37d968a2e67a6fd04c169c4bdef102d0bc5d31b2546345219e348575eb80e9a0?s=96&d=mm&r=g\",\"contentUrl\":\"https:\\\/\\\/secure.gravatar.com\\\/avatar\\\/37d968a2e67a6fd04c169c4bdef102d0bc5d31b2546345219e348575eb80e9a0?s=96&d=mm&r=g\",\"caption\":\"redazione\"},\"sameAs\":[\"http:\\\/\\\/www.bellunopress.it\",\"https:\\\/\\\/x.com\\\/bellunopress\"],\"url\":\"https:\\\/\\\/www.bellunopress.it\\\/fr\\\/author\\\/redazione\\\/\"}]}<\/script>\n<!-- \/ Yoast SEO plugin. -->","yoast_head_json":{"title":"Corso per insegnanti della scuola dell'infanzia sull'inserimento dei bambini con difficolt\u00e0 di apprendimento - Bellunopress - Dolomiti","robots":{"index":"index","follow":"follow","max-snippet":"max-snippet:-1","max-image-preview":"max-image-preview:large","max-video-preview":"max-video-preview:-1"},"canonical":"https:\/\/www.bellunopress.it\/fr\/2013\/03\/05\/corso-per-insegnanti-della-scuola-dellinfanzia-sullinserimento-dei-bambini-con-difficolta-di-apprendimento\/","og_locale":"fr_FR","og_type":"article","og_title":"Corso per insegnanti della scuola dell'infanzia sull'inserimento dei bambini con difficolt\u00e0 di apprendimento - Bellunopress - Dolomiti","og_description":"Nuovo appuntamento il 22 e 23 marzo con l&#8217;ADSA, l&#8217;associazione bellunese che dal 2010 si occupa di disturbi specifici dell&#8217;apprendimento. Si tratta di \u201cVerso la prima\u201d, corso di formazione rivolto agli insegnanti della scuola dell&#8217;infanzia e organizzato in collaborazione con la scuola primaria \u201cDoglioni\u201d e che gode del patrocinio dell\u2019Ufficio scolastico provinciale e del Comune [&hellip;]","og_url":"https:\/\/www.bellunopress.it\/fr\/2013\/03\/05\/corso-per-insegnanti-della-scuola-dellinfanzia-sullinserimento-dei-bambini-con-difficolta-di-apprendimento\/","og_site_name":"Bellunopress - Dolomiti","article_publisher":"https:\/\/www.facebook.com\/profile.php?id=100008943462799","article_published_time":"2013-03-05T21:28:36+00:00","og_image":[{"url":"http:\/\/www.bellunopress.it\/wp-content\/uploads\/2012\/07\/logo-bellunopress-250x250-2012.jpg","type":"","width":"","height":""}],"author":"redazione","twitter_card":"summary_large_image","twitter_creator":"@bellunopress","twitter_site":"@bellunopress","twitter_misc":{"Written by":"redazione","Est. reading time":"1 minute"},"schema":{"@context":"https:\/\/schema.org","@graph":[{"@type":"Article","@id":"https:\/\/www.bellunopress.it\/2013\/03\/05\/corso-per-insegnanti-della-scuola-dellinfanzia-sullinserimento-dei-bambini-con-difficolta-di-apprendimento\/#article","isPartOf":{"@id":"https:\/\/www.bellunopress.it\/2013\/03\/05\/corso-per-insegnanti-della-scuola-dellinfanzia-sullinserimento-dei-bambini-con-difficolta-di-apprendimento\/"},"author":{"name":"redazione","@id":"https:\/\/www.bellunopress.it\/#\/schema\/person\/79bb06722b37ece1c03d3e94beb30d73"},"headline":"Corso per insegnanti della scuola dell&#8217;infanzia sull&#8217;inserimento dei bambini con difficolt\u00e0 di apprendimento","datePublished":"2013-03-05T21:28:36+00:00","mainEntityOfPage":{"@id":"https:\/\/www.bellunopress.it\/2013\/03\/05\/corso-per-insegnanti-della-scuola-dellinfanzia-sullinserimento-dei-bambini-con-difficolta-di-apprendimento\/"},"wordCount":288,"publisher":{"@id":"https:\/\/www.bellunopress.it\/#organization"},"articleSection":["Pausa Caff\u00e8","Scuola"],"inLanguage":"fr-FR"},{"@type":"WebPage","@id":"https:\/\/www.bellunopress.it\/2013\/03\/05\/corso-per-insegnanti-della-scuola-dellinfanzia-sullinserimento-dei-bambini-con-difficolta-di-apprendimento\/","url":"https:\/\/www.bellunopress.it\/2013\/03\/05\/corso-per-insegnanti-della-scuola-dellinfanzia-sullinserimento-dei-bambini-con-difficolta-di-apprendimento\/","name":"Corso per insegnanti della scuola dell'infanzia sull'inserimento dei bambini con difficolt\u00e0 di apprendimento - Bellunopress - Dolomiti","isPartOf":{"@id":"https:\/\/www.bellunopress.it\/#website"},"datePublished":"2013-03-05T21:28:36+00:00","breadcrumb":{"@id":"https:\/\/www.bellunopress.it\/2013\/03\/05\/corso-per-insegnanti-della-scuola-dellinfanzia-sullinserimento-dei-bambini-con-difficolta-di-apprendimento\/#breadcrumb"},"inLanguage":"fr-FR","potentialAction":[{"@type":"ReadAction","target":["https:\/\/www.bellunopress.it\/2013\/03\/05\/corso-per-insegnanti-della-scuola-dellinfanzia-sullinserimento-dei-bambini-con-difficolta-di-apprendimento\/"]}]},{"@type":"BreadcrumbList","@id":"https:\/\/www.bellunopress.it\/2013\/03\/05\/corso-per-insegnanti-della-scuola-dellinfanzia-sullinserimento-dei-bambini-con-difficolta-di-apprendimento\/#breadcrumb","itemListElement":[{"@type":"ListItem","position":1,"name":"Home","item":"https:\/\/www.bellunopress.it\/"},{"@type":"ListItem","position":2,"name":"Corso per insegnanti della scuola dell&#8217;infanzia sull&#8217;inserimento dei bambini con difficolt\u00e0 di apprendimento"}]},{"@type":"WebSite","@id":"https:\/\/www.bellunopress.it\/#website","url":"https:\/\/www.bellunopress.it\/","name":"Bellunopress - Dolomiti","description":"e-mail: redazione@bellunopress.it","publisher":{"@id":"https:\/\/www.bellunopress.it\/#organization"},"potentialAction":[{"@type":"SearchAction","target":{"@type":"EntryPoint","urlTemplate":"https:\/\/www.bellunopress.it\/?s={search_term_string}"},"query-input":{"@type":"PropertyValueSpecification","valueRequired":true,"valueName":"search_term_string"}}],"inLanguage":"fr-FR"},{"@type":"Organization","@id":"https:\/\/www.bellunopress.it\/#organization","name":"Bellunopress","url":"https:\/\/www.bellunopress.it\/","logo":{"@type":"ImageObject","inLanguage":"fr-FR","@id":"https:\/\/www.bellunopress.it\/#\/schema\/logo\/image\/","url":"https:\/\/www.bellunopress.it\/wp-content\/uploads\/2011\/05\/cropped-logo-bellunopress-.jpg","contentUrl":"https:\/\/www.bellunopress.it\/wp-content\/uploads\/2011\/05\/cropped-logo-bellunopress-.jpg","width":512,"height":512,"caption":"Bellunopress"},"image":{"@id":"https:\/\/www.bellunopress.it\/#\/schema\/logo\/image\/"},"sameAs":["https:\/\/www.facebook.com\/profile.php?id=100008943462799","https:\/\/x.com\/bellunopress","https:\/\/www.linkedin.com\/hp\/?dnr=JBzUWaJfMUw8vbXJJ2tVW5-I3jZKvC4wsoxE&amp;amp;amp;amp;amp;amp;trk=nav_responsive_tab_home","https:\/\/www.youtube.com\/channel\/UCxL0wu1uN0_3_7hGG0306cw"]},{"@type":"Person","@id":"https:\/\/www.bellunopress.it\/#\/schema\/person\/79bb06722b37ece1c03d3e94beb30d73","name":"r\u00e9daction","image":{"@type":"ImageObject","inLanguage":"fr-FR","@id":"https:\/\/secure.gravatar.com\/avatar\/37d968a2e67a6fd04c169c4bdef102d0bc5d31b2546345219e348575eb80e9a0?s=96&d=mm&r=g","url":"https:\/\/secure.gravatar.com\/avatar\/37d968a2e67a6fd04c169c4bdef102d0bc5d31b2546345219e348575eb80e9a0?s=96&d=mm&r=g","contentUrl":"https:\/\/secure.gravatar.com\/avatar\/37d968a2e67a6fd04c169c4bdef102d0bc5d31b2546345219e348575eb80e9a0?s=96&d=mm&r=g","caption":"redazione"},"sameAs":["http:\/\/www.bellunopress.it","https:\/\/x.com\/bellunopress"],"url":"https:\/\/www.bellunopress.it\/fr\/author\/redazione\/"}]}},"_links":{"self":[{"href":"https:\/\/www.bellunopress.it\/fr\/wp-json\/wp\/v2\/posts\/47371","targetHints":{"allow":["GET"]}}],"collection":[{"href":"https:\/\/www.bellunopress.it\/fr\/wp-json\/wp\/v2\/posts"}],"about":[{"href":"https:\/\/www.bellunopress.it\/fr\/wp-json\/wp\/v2\/types\/post"}],"author":[{"embeddable":true,"href":"https:\/\/www.bellunopress.it\/fr\/wp-json\/wp\/v2\/users\/2"}],"replies":[{"embeddable":true,"href":"https:\/\/www.bellunopress.it\/fr\/wp-json\/wp\/v2\/comments?post=47371"}],"version-history":[{"count":1,"href":"https:\/\/www.bellunopress.it\/fr\/wp-json\/wp\/v2\/posts\/47371\/revisions"}],"predecessor-version":[{"id":47372,"href":"https:\/\/www.bellunopress.it\/fr\/wp-json\/wp\/v2\/posts\/47371\/revisions\/47372"}],"wp:attachment":[{"href":"https:\/\/www.bellunopress.it\/fr\/wp-json\/wp\/v2\/media?parent=47371"}],"wp:term":[{"taxonomy":"category","embeddable":true,"href":"https:\/\/www.bellunopress.it\/fr\/wp-json\/wp\/v2\/categories?post=47371"},{"taxonomy":"post_tag","embeddable":true,"href":"https:\/\/www.bellunopress.it\/fr\/wp-json\/wp\/v2\/tags?post=47371"}],"curies":[{"name":"wp","href":"https:\/\/api.w.org\/{rel}","templated":true}]}}