{"id":4735,"date":"2009-06-12T11:59:47","date_gmt":"2009-06-12T10:59:47","guid":{"rendered":"http:\/\/www.bellunopress.it\/?p=4735"},"modified":"2009-06-12T11:59:47","modified_gmt":"2009-06-12T10:59:47","slug":"cantiere-della-provvidenza-i-primi-risultati","status":"publish","type":"post","link":"https:\/\/www.bellunopress.it\/fr\/2009\/06\/12\/cantiere-della-provvidenza-i-primi-risultati\/","title":{"rendered":"Cantiere della Provvidenza, i primi risultati"},"content":{"rendered":"<figure id=\"attachment_4736\" aria-describedby=\"caption-attachment-4736\" style=\"width: 190px\" class=\"wp-caption alignleft\"><a href=\"http:\/\/www.bellunopress.it\/wp-content\/uploads\/2009\/06\/don-rinaldo-sommacal-190x190.jpg\"><img loading=\"lazy\" decoding=\"async\" class=\"size-medium wp-image-4736\" title=\"don-rinaldo-sommacal-190x190\" src=\"http:\/\/www.bellunopress.it\/wp-content\/uploads\/2009\/06\/don-rinaldo-sommacal-190x190.jpg\" alt=\"Don Rinaldo Sommacal\" width=\"190\" height=\"190\" srcset=\"https:\/\/www.bellunopress.it\/wp-content\/uploads\/2009\/06\/don-rinaldo-sommacal-190x190.jpg 190w, https:\/\/www.bellunopress.it\/wp-content\/uploads\/2009\/06\/don-rinaldo-sommacal-190x190-150x150.jpg 150w\" sizes=\"auto, (max-width: 190px) 100vw, 190px\" \/><\/a><figcaption id=\"caption-attachment-4736\" class=\"wp-caption-text\">Don Rinaldo Sommacal<\/figcaption><\/figure>\n<p>Voglio ancora una volta ringraziare pubblicamente don Rinaldo Sommacal: non solo per i soldi messi a disposizione ma perch\u00e9 ha permesso l&#8217;avvio di una esperienza di solidariet\u00e0 straordinaria. Il successo che sta ottenendo lo dimostra: persone che stavano ai margini ora sono al centro dei nostri progetti e la Citt\u00e0 di Belluno, quella fisica e quella civile, ne ha grande vantaggio\u201d. Questo il commento del Sindaco di Belluno, Antonio Prade, dopo le prime settimane di lavoro del Cantiere della Provvidenza, l&#8217;iniziativa partita da un&#8217;idea e da un significativo contributo di don Rinaldo Sommacal e realizzata assieme al Comune di Belluno. Il primo lavoro portato a termine dal Cantiere della Provvidenza \u00e8 stata l&#8217;imbiancatura di un immobile comunale destinato all&#8217;ospitalit\u00e0 di emergenza. Subito dopo sono partiti i lavori sui parchi comunali. Coloro che in questi giorni sono passati per il Parco Citt\u00e0 di Bologna avranno potuto notare gli uomini del Cantiere al lavoro, in divisa grigia con il logo arancione dell&#8217;iniziativa per essere riconosciuti. Avranno notato, ovviamente anche la perfetta manutenzione e pulizia dei giardini. Nei prossimi giorni, le squadre di lavoro passeranno alla manutenzione di altri parchi cittadini. Ma il Cantiere della Provvidenza \u00e8 aperto a tutti. Le persone fisiche e le aziende possono contribuire mediante bonifico bancario sul conto corrente (coordinate IBAN) IT 23 I 02008 11910 000016525527 intestato al \u201cComitato d&#8217;Intesa Onlus\u201d e specificando la casuale &#8220;Cantiere della Provvidenza&#8221;. Le donazioni sono fiscalmente deducibili, e, fatta eccezione per coloro che non lo desiderano, saranno rese pubbliche. Alla fine dell&#8217;anno sar\u00e0 dato puntuale conto dei lavori del Cantiere della Provvidenza. Pubblico sar\u00e0 anche il bilancio.<\/p>","protected":false},"excerpt":{"rendered":"<p>Voglio ancora una volta ringraziare pubblicamente don Rinaldo Sommacal: non solo per i soldi messi a disposizione ma perch\u00e9 ha permesso l&#8217;avvio di una esperienza di solidariet\u00e0 straordinaria. Il successo che sta ottenendo lo dimostra: persone che stavano ai margini ora sono al centro dei nostri progetti e la Citt\u00e0 di Belluno, quella fisica e [&hellip;]<\/p>\n","protected":false},"author":2,"featured_media":0,"comment_status":"closed","ping_status":"open","sticky":false,"template":"","format":"standard","meta":{"footnotes":""},"categories":[5,26],"tags":[139],"class_list":["post-4735","post","type-post","status-publish","format-standard","category-cronaca","category-prima-pagina","tag-belluno"],"yoast_head":"<!-- This site is optimized with the Yoast SEO plugin v28.4 - https:\/\/yoast.com\/product\/yoast-seo-wordpress\/ -->\n<title>Cantiere della Provvidenza, i primi risultati - Bellunopress - Dolomiti<\/title>\n<meta name=\"robots\" content=\"index, follow, max-snippet:-1, max-image-preview:large, max-video-preview:-1\" \/>\n<link rel=\"canonical\" href=\"https:\/\/www.bellunopress.it\/fr\/2009\/06\/12\/cantiere-della-provvidenza-i-primi-risultati\/\" \/>\n<meta property=\"og:locale\" content=\"fr_FR\" \/>\n<meta property=\"og:type\" content=\"article\" \/>\n<meta property=\"og:title\" content=\"Cantiere della Provvidenza, i primi risultati - Bellunopress - Dolomiti\" \/>\n<meta property=\"og:description\" content=\"Voglio ancora una volta ringraziare pubblicamente don Rinaldo Sommacal: non solo per i soldi messi a disposizione ma perch\u00e9 ha permesso l&#8217;avvio di una esperienza di solidariet\u00e0 straordinaria. Il successo che sta ottenendo lo dimostra: persone che stavano ai margini ora sono al centro dei nostri progetti e la Citt\u00e0 di Belluno, quella fisica e [&hellip;]\" \/>\n<meta property=\"og:url\" content=\"https:\/\/www.bellunopress.it\/fr\/2009\/06\/12\/cantiere-della-provvidenza-i-primi-risultati\/\" \/>\n<meta property=\"og:site_name\" content=\"Bellunopress - Dolomiti\" \/>\n<meta property=\"article:publisher\" content=\"https:\/\/www.facebook.com\/profile.php?id=100008943462799\" \/>\n<meta property=\"article:published_time\" content=\"2009-06-12T10:59:47+00:00\" \/>\n<meta property=\"og:image\" content=\"http:\/\/www.bellunopress.it\/wp-content\/uploads\/2009\/06\/don-rinaldo-sommacal-190x190.jpg\" \/>\n<meta name=\"author\" content=\"redazione\" \/>\n<meta name=\"twitter:card\" content=\"summary_large_image\" \/>\n<meta name=\"twitter:creator\" content=\"@bellunopress\" \/>\n<meta name=\"twitter:site\" content=\"@bellunopress\" \/>\n<meta name=\"twitter:label1\" content=\"\u00c9crit par\" \/>\n\t<meta name=\"twitter:data1\" content=\"redazione\" \/>\n\t<meta name=\"twitter:label2\" content=\"Dur\u00e9e de lecture estim\u00e9e\" \/>\n\t<meta name=\"twitter:data2\" content=\"1 minute\" \/>\n<script type=\"application\/ld+json\" class=\"yoast-schema-graph\">{\"@context\":\"https:\\\/\\\/schema.org\",\"@graph\":[{\"@type\":\"Article\",\"@id\":\"https:\\\/\\\/www.bellunopress.it\\\/2009\\\/06\\\/12\\\/cantiere-della-provvidenza-i-primi-risultati\\\/#article\",\"isPartOf\":{\"@id\":\"https:\\\/\\\/www.bellunopress.it\\\/2009\\\/06\\\/12\\\/cantiere-della-provvidenza-i-primi-risultati\\\/\"},\"author\":{\"name\":\"redazione\",\"@id\":\"https:\\\/\\\/www.bellunopress.it\\\/#\\\/schema\\\/person\\\/79bb06722b37ece1c03d3e94beb30d73\"},\"headline\":\"Cantiere della Provvidenza, i primi risultati\",\"datePublished\":\"2009-06-12T10:59:47+00:00\",\"mainEntityOfPage\":{\"@id\":\"https:\\\/\\\/www.bellunopress.it\\\/2009\\\/06\\\/12\\\/cantiere-della-provvidenza-i-primi-risultati\\\/\"},\"wordCount\":285,\"publisher\":{\"@id\":\"https:\\\/\\\/www.bellunopress.it\\\/#organization\"},\"image\":{\"@id\":\"https:\\\/\\\/www.bellunopress.it\\\/2009\\\/06\\\/12\\\/cantiere-della-provvidenza-i-primi-risultati\\\/#primaryimage\"},\"thumbnailUrl\":\"http:\\\/\\\/www.bellunopress.it\\\/wp-content\\\/uploads\\\/2009\\\/06\\\/don-rinaldo-sommacal-190x190.jpg\",\"keywords\":[\"Belluno\"],\"articleSection\":[\"Cronaca\\\/Politica\",\"Prima Pagina\"],\"inLanguage\":\"fr-FR\"},{\"@type\":\"WebPage\",\"@id\":\"https:\\\/\\\/www.bellunopress.it\\\/2009\\\/06\\\/12\\\/cantiere-della-provvidenza-i-primi-risultati\\\/\",\"url\":\"https:\\\/\\\/www.bellunopress.it\\\/2009\\\/06\\\/12\\\/cantiere-della-provvidenza-i-primi-risultati\\\/\",\"name\":\"Cantiere della Provvidenza, i primi risultati - Bellunopress - Dolomiti\",\"isPartOf\":{\"@id\":\"https:\\\/\\\/www.bellunopress.it\\\/#website\"},\"primaryImageOfPage\":{\"@id\":\"https:\\\/\\\/www.bellunopress.it\\\/2009\\\/06\\\/12\\\/cantiere-della-provvidenza-i-primi-risultati\\\/#primaryimage\"},\"image\":{\"@id\":\"https:\\\/\\\/www.bellunopress.it\\\/2009\\\/06\\\/12\\\/cantiere-della-provvidenza-i-primi-risultati\\\/#primaryimage\"},\"thumbnailUrl\":\"http:\\\/\\\/www.bellunopress.it\\\/wp-content\\\/uploads\\\/2009\\\/06\\\/don-rinaldo-sommacal-190x190.jpg\",\"datePublished\":\"2009-06-12T10:59:47+00:00\",\"breadcrumb\":{\"@id\":\"https:\\\/\\\/www.bellunopress.it\\\/2009\\\/06\\\/12\\\/cantiere-della-provvidenza-i-primi-risultati\\\/#breadcrumb\"},\"inLanguage\":\"fr-FR\",\"potentialAction\":[{\"@type\":\"ReadAction\",\"target\":[\"https:\\\/\\\/www.bellunopress.it\\\/2009\\\/06\\\/12\\\/cantiere-della-provvidenza-i-primi-risultati\\\/\"]}]},{\"@type\":\"ImageObject\",\"inLanguage\":\"fr-FR\",\"@id\":\"https:\\\/\\\/www.bellunopress.it\\\/2009\\\/06\\\/12\\\/cantiere-della-provvidenza-i-primi-risultati\\\/#primaryimage\",\"url\":\"http:\\\/\\\/www.bellunopress.it\\\/wp-content\\\/uploads\\\/2009\\\/06\\\/don-rinaldo-sommacal-190x190.jpg\",\"contentUrl\":\"http:\\\/\\\/www.bellunopress.it\\\/wp-content\\\/uploads\\\/2009\\\/06\\\/don-rinaldo-sommacal-190x190.jpg\"},{\"@type\":\"BreadcrumbList\",\"@id\":\"https:\\\/\\\/www.bellunopress.it\\\/2009\\\/06\\\/12\\\/cantiere-della-provvidenza-i-primi-risultati\\\/#breadcrumb\",\"itemListElement\":[{\"@type\":\"ListItem\",\"position\":1,\"name\":\"Home\",\"item\":\"https:\\\/\\\/www.bellunopress.it\\\/\"},{\"@type\":\"ListItem\",\"position\":2,\"name\":\"Cantiere della Provvidenza, i primi risultati\"}]},{\"@type\":\"WebSite\",\"@id\":\"https:\\\/\\\/www.bellunopress.it\\\/#website\",\"url\":\"https:\\\/\\\/www.bellunopress.it\\\/\",\"name\":\"Bellunopress - Dolomiti\",\"description\":\"e-mail: redazione@bellunopress.it\",\"publisher\":{\"@id\":\"https:\\\/\\\/www.bellunopress.it\\\/#organization\"},\"potentialAction\":[{\"@type\":\"SearchAction\",\"target\":{\"@type\":\"EntryPoint\",\"urlTemplate\":\"https:\\\/\\\/www.bellunopress.it\\\/?s={search_term_string}\"},\"query-input\":{\"@type\":\"PropertyValueSpecification\",\"valueRequired\":true,\"valueName\":\"search_term_string\"}}],\"inLanguage\":\"fr-FR\"},{\"@type\":\"Organization\",\"@id\":\"https:\\\/\\\/www.bellunopress.it\\\/#organization\",\"name\":\"Bellunopress\",\"url\":\"https:\\\/\\\/www.bellunopress.it\\\/\",\"logo\":{\"@type\":\"ImageObject\",\"inLanguage\":\"fr-FR\",\"@id\":\"https:\\\/\\\/www.bellunopress.it\\\/#\\\/schema\\\/logo\\\/image\\\/\",\"url\":\"https:\\\/\\\/www.bellunopress.it\\\/wp-content\\\/uploads\\\/2011\\\/05\\\/cropped-logo-bellunopress-.jpg\",\"contentUrl\":\"https:\\\/\\\/www.bellunopress.it\\\/wp-content\\\/uploads\\\/2011\\\/05\\\/cropped-logo-bellunopress-.jpg\",\"width\":512,\"height\":512,\"caption\":\"Bellunopress\"},\"image\":{\"@id\":\"https:\\\/\\\/www.bellunopress.it\\\/#\\\/schema\\\/logo\\\/image\\\/\"},\"sameAs\":[\"https:\\\/\\\/www.facebook.com\\\/profile.php?id=100008943462799\",\"https:\\\/\\\/x.com\\\/bellunopress\",\"https:\\\/\\\/www.linkedin.com\\\/hp\\\/?dnr=JBzUWaJfMUw8vbXJJ2tVW5-I3jZKvC4wsoxE&amp;amp;amp;amp;amp;amp;trk=nav_responsive_tab_home\",\"https:\\\/\\\/www.youtube.com\\\/channel\\\/UCxL0wu1uN0_3_7hGG0306cw\"]},{\"@type\":\"Person\",\"@id\":\"https:\\\/\\\/www.bellunopress.it\\\/#\\\/schema\\\/person\\\/79bb06722b37ece1c03d3e94beb30d73\",\"name\":\"redazione\",\"image\":{\"@type\":\"ImageObject\",\"inLanguage\":\"fr-FR\",\"@id\":\"https:\\\/\\\/secure.gravatar.com\\\/avatar\\\/37d968a2e67a6fd04c169c4bdef102d0bc5d31b2546345219e348575eb80e9a0?s=96&d=mm&r=g\",\"url\":\"https:\\\/\\\/secure.gravatar.com\\\/avatar\\\/37d968a2e67a6fd04c169c4bdef102d0bc5d31b2546345219e348575eb80e9a0?s=96&d=mm&r=g\",\"contentUrl\":\"https:\\\/\\\/secure.gravatar.com\\\/avatar\\\/37d968a2e67a6fd04c169c4bdef102d0bc5d31b2546345219e348575eb80e9a0?s=96&d=mm&r=g\",\"caption\":\"redazione\"},\"sameAs\":[\"http:\\\/\\\/www.bellunopress.it\",\"https:\\\/\\\/x.com\\\/bellunopress\"],\"url\":\"https:\\\/\\\/www.bellunopress.it\\\/fr\\\/author\\\/redazione\\\/\"}]}<\/script>\n<!-- \/ Yoast SEO plugin. -->","yoast_head_json":{"title":"Cantiere della Provvidenza, i primi risultati - Bellunopress - Dolomiti","robots":{"index":"index","follow":"follow","max-snippet":"max-snippet:-1","max-image-preview":"max-image-preview:large","max-video-preview":"max-video-preview:-1"},"canonical":"https:\/\/www.bellunopress.it\/fr\/2009\/06\/12\/cantiere-della-provvidenza-i-primi-risultati\/","og_locale":"fr_FR","og_type":"article","og_title":"Cantiere della Provvidenza, i primi risultati - Bellunopress - Dolomiti","og_description":"Voglio ancora una volta ringraziare pubblicamente don Rinaldo Sommacal: non solo per i soldi messi a disposizione ma perch\u00e9 ha permesso l&#8217;avvio di una esperienza di solidariet\u00e0 straordinaria. Il successo che sta ottenendo lo dimostra: persone che stavano ai margini ora sono al centro dei nostri progetti e la Citt\u00e0 di Belluno, quella fisica e [&hellip;]","og_url":"https:\/\/www.bellunopress.it\/fr\/2009\/06\/12\/cantiere-della-provvidenza-i-primi-risultati\/","og_site_name":"Bellunopress - Dolomiti","article_publisher":"https:\/\/www.facebook.com\/profile.php?id=100008943462799","article_published_time":"2009-06-12T10:59:47+00:00","og_image":[{"url":"http:\/\/www.bellunopress.it\/wp-content\/uploads\/2009\/06\/don-rinaldo-sommacal-190x190.jpg","type":"","width":"","height":""}],"author":"redazione","twitter_card":"summary_large_image","twitter_creator":"@bellunopress","twitter_site":"@bellunopress","twitter_misc":{"\u00c9crit par":"redazione","Dur\u00e9e de lecture estim\u00e9e":"1 minute"},"schema":{"@context":"https:\/\/schema.org","@graph":[{"@type":"Article","@id":"https:\/\/www.bellunopress.it\/2009\/06\/12\/cantiere-della-provvidenza-i-primi-risultati\/#article","isPartOf":{"@id":"https:\/\/www.bellunopress.it\/2009\/06\/12\/cantiere-della-provvidenza-i-primi-risultati\/"},"author":{"name":"redazione","@id":"https:\/\/www.bellunopress.it\/#\/schema\/person\/79bb06722b37ece1c03d3e94beb30d73"},"headline":"Cantiere della Provvidenza, i primi risultati","datePublished":"2009-06-12T10:59:47+00:00","mainEntityOfPage":{"@id":"https:\/\/www.bellunopress.it\/2009\/06\/12\/cantiere-della-provvidenza-i-primi-risultati\/"},"wordCount":285,"publisher":{"@id":"https:\/\/www.bellunopress.it\/#organization"},"image":{"@id":"https:\/\/www.bellunopress.it\/2009\/06\/12\/cantiere-della-provvidenza-i-primi-risultati\/#primaryimage"},"thumbnailUrl":"http:\/\/www.bellunopress.it\/wp-content\/uploads\/2009\/06\/don-rinaldo-sommacal-190x190.jpg","keywords":["Belluno"],"articleSection":["Cronaca\/Politica","Prima Pagina"],"inLanguage":"fr-FR"},{"@type":"WebPage","@id":"https:\/\/www.bellunopress.it\/2009\/06\/12\/cantiere-della-provvidenza-i-primi-risultati\/","url":"https:\/\/www.bellunopress.it\/2009\/06\/12\/cantiere-della-provvidenza-i-primi-risultati\/","name":"Cantiere della Provvidenza, i primi risultati - Bellunopress - Dolomiti","isPartOf":{"@id":"https:\/\/www.bellunopress.it\/#website"},"primaryImageOfPage":{"@id":"https:\/\/www.bellunopress.it\/2009\/06\/12\/cantiere-della-provvidenza-i-primi-risultati\/#primaryimage"},"image":{"@id":"https:\/\/www.bellunopress.it\/2009\/06\/12\/cantiere-della-provvidenza-i-primi-risultati\/#primaryimage"},"thumbnailUrl":"http:\/\/www.bellunopress.it\/wp-content\/uploads\/2009\/06\/don-rinaldo-sommacal-190x190.jpg","datePublished":"2009-06-12T10:59:47+00:00","breadcrumb":{"@id":"https:\/\/www.bellunopress.it\/2009\/06\/12\/cantiere-della-provvidenza-i-primi-risultati\/#breadcrumb"},"inLanguage":"fr-FR","potentialAction":[{"@type":"ReadAction","target":["https:\/\/www.bellunopress.it\/2009\/06\/12\/cantiere-della-provvidenza-i-primi-risultati\/"]}]},{"@type":"ImageObject","inLanguage":"fr-FR","@id":"https:\/\/www.bellunopress.it\/2009\/06\/12\/cantiere-della-provvidenza-i-primi-risultati\/#primaryimage","url":"http:\/\/www.bellunopress.it\/wp-content\/uploads\/2009\/06\/don-rinaldo-sommacal-190x190.jpg","contentUrl":"http:\/\/www.bellunopress.it\/wp-content\/uploads\/2009\/06\/don-rinaldo-sommacal-190x190.jpg"},{"@type":"BreadcrumbList","@id":"https:\/\/www.bellunopress.it\/2009\/06\/12\/cantiere-della-provvidenza-i-primi-risultati\/#breadcrumb","itemListElement":[{"@type":"ListItem","position":1,"name":"Home","item":"https:\/\/www.bellunopress.it\/"},{"@type":"ListItem","position":2,"name":"Cantiere della Provvidenza, i primi risultati"}]},{"@type":"WebSite","@id":"https:\/\/www.bellunopress.it\/#website","url":"https:\/\/www.bellunopress.it\/","name":"Bellunopress - Dolomiti","description":"e-mail: redazione@bellunopress.it","publisher":{"@id":"https:\/\/www.bellunopress.it\/#organization"},"potentialAction":[{"@type":"SearchAction","target":{"@type":"EntryPoint","urlTemplate":"https:\/\/www.bellunopress.it\/?s={search_term_string}"},"query-input":{"@type":"PropertyValueSpecification","valueRequired":true,"valueName":"search_term_string"}}],"inLanguage":"fr-FR"},{"@type":"Organization","@id":"https:\/\/www.bellunopress.it\/#organization","name":"Bellunopress","url":"https:\/\/www.bellunopress.it\/","logo":{"@type":"ImageObject","inLanguage":"fr-FR","@id":"https:\/\/www.bellunopress.it\/#\/schema\/logo\/image\/","url":"https:\/\/www.bellunopress.it\/wp-content\/uploads\/2011\/05\/cropped-logo-bellunopress-.jpg","contentUrl":"https:\/\/www.bellunopress.it\/wp-content\/uploads\/2011\/05\/cropped-logo-bellunopress-.jpg","width":512,"height":512,"caption":"Bellunopress"},"image":{"@id":"https:\/\/www.bellunopress.it\/#\/schema\/logo\/image\/"},"sameAs":["https:\/\/www.facebook.com\/profile.php?id=100008943462799","https:\/\/x.com\/bellunopress","https:\/\/www.linkedin.com\/hp\/?dnr=JBzUWaJfMUw8vbXJJ2tVW5-I3jZKvC4wsoxE&amp;amp;amp;amp;amp;amp;trk=nav_responsive_tab_home","https:\/\/www.youtube.com\/channel\/UCxL0wu1uN0_3_7hGG0306cw"]},{"@type":"Person","@id":"https:\/\/www.bellunopress.it\/#\/schema\/person\/79bb06722b37ece1c03d3e94beb30d73","name":"r\u00e9daction","image":{"@type":"ImageObject","inLanguage":"fr-FR","@id":"https:\/\/secure.gravatar.com\/avatar\/37d968a2e67a6fd04c169c4bdef102d0bc5d31b2546345219e348575eb80e9a0?s=96&d=mm&r=g","url":"https:\/\/secure.gravatar.com\/avatar\/37d968a2e67a6fd04c169c4bdef102d0bc5d31b2546345219e348575eb80e9a0?s=96&d=mm&r=g","contentUrl":"https:\/\/secure.gravatar.com\/avatar\/37d968a2e67a6fd04c169c4bdef102d0bc5d31b2546345219e348575eb80e9a0?s=96&d=mm&r=g","caption":"redazione"},"sameAs":["http:\/\/www.bellunopress.it","https:\/\/x.com\/bellunopress"],"url":"https:\/\/www.bellunopress.it\/fr\/author\/redazione\/"}]}},"_links":{"self":[{"href":"https:\/\/www.bellunopress.it\/fr\/wp-json\/wp\/v2\/posts\/4735","targetHints":{"allow":["GET"]}}],"collection":[{"href":"https:\/\/www.bellunopress.it\/fr\/wp-json\/wp\/v2\/posts"}],"about":[{"href":"https:\/\/www.bellunopress.it\/fr\/wp-json\/wp\/v2\/types\/post"}],"author":[{"embeddable":true,"href":"https:\/\/www.bellunopress.it\/fr\/wp-json\/wp\/v2\/users\/2"}],"replies":[{"embeddable":true,"href":"https:\/\/www.bellunopress.it\/fr\/wp-json\/wp\/v2\/comments?post=4735"}],"version-history":[{"count":1,"href":"https:\/\/www.bellunopress.it\/fr\/wp-json\/wp\/v2\/posts\/4735\/revisions"}],"predecessor-version":[{"id":4737,"href":"https:\/\/www.bellunopress.it\/fr\/wp-json\/wp\/v2\/posts\/4735\/revisions\/4737"}],"wp:attachment":[{"href":"https:\/\/www.bellunopress.it\/fr\/wp-json\/wp\/v2\/media?parent=4735"}],"wp:term":[{"taxonomy":"category","embeddable":true,"href":"https:\/\/www.bellunopress.it\/fr\/wp-json\/wp\/v2\/categories?post=4735"},{"taxonomy":"post_tag","embeddable":true,"href":"https:\/\/www.bellunopress.it\/fr\/wp-json\/wp\/v2\/tags?post=4735"}],"curies":[{"name":"wp","href":"https:\/\/api.w.org\/{rel}","templated":true}]}}