{"id":47337,"date":"2013-03-04T12:31:28","date_gmt":"2013-03-04T11:31:28","guid":{"rendered":"http:\/\/www.bellunopress.it\/?p=47337"},"modified":"2013-03-04T23:33:21","modified_gmt":"2013-03-04T22:33:21","slug":"al-via-dal-mese-di-aprile-ledizione-2013-trattamento-di-gruppo-per-smettere-di-fumare","status":"publish","type":"post","link":"https:\/\/www.bellunopress.it\/fr\/2013\/03\/04\/al-via-dal-mese-di-aprile-ledizione-2013-trattamento-di-gruppo-per-smettere-di-fumare\/","title":{"rendered":"Al via dal mese di aprile l\u2019edizione 2013 \u201cTrattamento di Gruppo per Smettere di Fumare\u201d"},"content":{"rendered":"<p><a href=\"http:\/\/www.bellunopress.it\/wp-content\/uploads\/2011\/11\/ulss-1.jpg\"><img loading=\"lazy\" decoding=\"async\" class=\"alignleft size-full wp-image-32073\" alt=\"ulss 1\" src=\"http:\/\/www.bellunopress.it\/wp-content\/uploads\/2011\/11\/ulss-1.jpg\" width=\"150\" height=\"143\" \/><\/a>Il Ser.D. Servizio Dipendenze di Belluno ha organizzato per l\u2019anno in corso il TG Fumo (Trattamento di Gruppo per Smettere di Fumare).<\/p>\n<p>Si tratta di un percorso di gruppo, costituito da 9 incontri guidati da un conduttore e da un co-conduttore opportunamente formati, che saranno presenti per l\u2019intero ciclo.<\/p>\n<p>Verranno affrontati argomenti quali: la dipendenza da tabacco, la sindrome di astinenza, i danni alla salute, i benefici dello smettere, le indicazioni dietetiche, la prevenzione delle ricadute, le strategie di fronteggiamento.<\/p>\n<p>La metodologia del corso \u00e8 di tipo psico &#8211; educativo e si fonda su aspetti tecnici e relazionali: viene dato molto valore al gruppo e si utilizzano tecniche di conduzione che prevedono la partecipazione attiva dei presenti.<\/p>\n<p>In terza serata interverr\u00e0 il dott. Spiridione Della Lucia referente dell\u2019ambulatorio per smettere di fumare dell\u2019U.O. di Pneumologia dell\u2019Ospedale di Belluno, per approfondimenti di tipo medico.<\/p>\n<p>In quinta serata interverr\u00e0 il naturopata Marino Lusa che tratter\u00e0 dell\u2019alimentazione naturale e dei benefici che pu\u00f2 portare alla salute.<\/p>\n<p>Nel corso degli incontri verr\u00e0 dato spazio, inoltre, alle testimonianze di ex-fumatori a cui i partecipanti si potranno rivolgere per trovare stimoli e forza nel continuare il percorso.<\/p>\n<p>&nbsp;<\/p>\n<p>Il corso, aperto a tutta la popolazione residente nell\u2019ULSS 1, si svolger\u00e0 presso le aule di formazione via Sala 35 a Cusighe Belluno con il seguente calendario:<\/p>\n<p>&nbsp;<\/p>\n<p>1^ settimana: mercoled\u00ec 10, gioved\u00ec 11, venerd\u00ec 12 aprile<\/p>\n<p>2^ settimana: luned\u00ec 15, gioved\u00ec 18 aprile<\/p>\n<p>3^ settimana: marted\u00ec 23 aprile<\/p>\n<p>4^ settimana: marted\u00ec 30 aprile<\/p>\n<p>5^ settimana: marted\u00ec 7 maggio<\/p>\n<p>6^ settimana: marted\u00ec 4 giugno<\/p>\n<p>e osserver\u00e0 l\u2019orario dalle 20,00 alle 21,30.<\/p>\n<p>Per informazioni telefonare al Ser. D. via Sala 35 Cusighe &#8211; Belluno 0437 931375 referenti Lauretta Da Rold e Francesca Vigna.<\/p>\n<p>Il costo \u00e8 di \u20ac 50,00 da versare sul C\/C n. 10994325 intestato a ULSS n. 1 via Feltre 57 \u2013 32100 Belluno, causale: corso per smettere di fumare.<\/p>\n<p>&nbsp;<\/p>","protected":false},"excerpt":{"rendered":"<p>Il Ser.D. Servizio Dipendenze di Belluno ha organizzato per l\u2019anno in corso il TG Fumo (Trattamento di Gruppo per Smettere di Fumare). Si tratta di un percorso di gruppo, costituito da 9 incontri guidati da un conduttore e da un co-conduttore opportunamente formati, che saranno presenti per l\u2019intero ciclo. Verranno affrontati argomenti quali: la dipendenza [&hellip;]<\/p>\n","protected":false},"author":2,"featured_media":0,"comment_status":"closed","ping_status":"open","sticky":false,"template":"","format":"standard","meta":{"footnotes":""},"categories":[26,17,8],"tags":[],"class_list":["post-47337","post","type-post","status-publish","format-standard","category-prima-pagina","category-sanita","category-societa-istituzioni"],"yoast_head":"<!-- This site is optimized with the Yoast SEO plugin v28.4 - https:\/\/yoast.com\/product\/yoast-seo-wordpress\/ -->\n<title>Al via dal mese di aprile l\u2019edizione 2013 \u201cTrattamento di Gruppo per Smettere di Fumare\u201d - Bellunopress - Dolomiti<\/title>\n<meta name=\"robots\" content=\"index, follow, max-snippet:-1, max-image-preview:large, max-video-preview:-1\" \/>\n<link rel=\"canonical\" href=\"https:\/\/www.bellunopress.it\/fr\/2013\/03\/04\/al-via-dal-mese-di-aprile-ledizione-2013-trattamento-di-gruppo-per-smettere-di-fumare\/\" \/>\n<meta property=\"og:locale\" content=\"fr_FR\" \/>\n<meta property=\"og:type\" content=\"article\" \/>\n<meta property=\"og:title\" content=\"Al via dal mese di aprile l\u2019edizione 2013 \u201cTrattamento di Gruppo per Smettere di Fumare\u201d - Bellunopress - Dolomiti\" \/>\n<meta property=\"og:description\" content=\"Il Ser.D. Servizio Dipendenze di Belluno ha organizzato per l\u2019anno in corso il TG Fumo (Trattamento di Gruppo per Smettere di Fumare). Si tratta di un percorso di gruppo, costituito da 9 incontri guidati da un conduttore e da un co-conduttore opportunamente formati, che saranno presenti per l\u2019intero ciclo. Verranno affrontati argomenti quali: la dipendenza [&hellip;]\" \/>\n<meta property=\"og:url\" content=\"https:\/\/www.bellunopress.it\/fr\/2013\/03\/04\/al-via-dal-mese-di-aprile-ledizione-2013-trattamento-di-gruppo-per-smettere-di-fumare\/\" \/>\n<meta property=\"og:site_name\" content=\"Bellunopress - Dolomiti\" \/>\n<meta property=\"article:publisher\" content=\"https:\/\/www.facebook.com\/profile.php?id=100008943462799\" \/>\n<meta property=\"article:published_time\" content=\"2013-03-04T11:31:28+00:00\" \/>\n<meta property=\"article:modified_time\" content=\"2013-03-04T22:33:21+00:00\" \/>\n<meta property=\"og:image\" content=\"http:\/\/www.bellunopress.it\/wp-content\/uploads\/2011\/11\/ulss-1.jpg\" \/>\n<meta name=\"author\" content=\"redazione\" \/>\n<meta name=\"twitter:card\" content=\"summary_large_image\" \/>\n<meta name=\"twitter:creator\" content=\"@bellunopress\" \/>\n<meta name=\"twitter:site\" content=\"@bellunopress\" \/>\n<meta name=\"twitter:label1\" content=\"Written by\" \/>\n\t<meta name=\"twitter:data1\" content=\"redazione\" \/>\n\t<meta name=\"twitter:label2\" content=\"Est. reading time\" \/>\n\t<meta name=\"twitter:data2\" content=\"1 minute\" \/>\n<script type=\"application\/ld+json\" class=\"yoast-schema-graph\">{\"@context\":\"https:\\\/\\\/schema.org\",\"@graph\":[{\"@type\":\"Article\",\"@id\":\"https:\\\/\\\/www.bellunopress.it\\\/2013\\\/03\\\/04\\\/al-via-dal-mese-di-aprile-ledizione-2013-trattamento-di-gruppo-per-smettere-di-fumare\\\/#article\",\"isPartOf\":{\"@id\":\"https:\\\/\\\/www.bellunopress.it\\\/2013\\\/03\\\/04\\\/al-via-dal-mese-di-aprile-ledizione-2013-trattamento-di-gruppo-per-smettere-di-fumare\\\/\"},\"author\":{\"name\":\"redazione\",\"@id\":\"https:\\\/\\\/www.bellunopress.it\\\/#\\\/schema\\\/person\\\/79bb06722b37ece1c03d3e94beb30d73\"},\"headline\":\"Al via dal mese di aprile l\u2019edizione 2013 \u201cTrattamento di Gruppo per Smettere di Fumare\u201d\",\"datePublished\":\"2013-03-04T11:31:28+00:00\",\"dateModified\":\"2013-03-04T22:33:21+00:00\",\"mainEntityOfPage\":{\"@id\":\"https:\\\/\\\/www.bellunopress.it\\\/2013\\\/03\\\/04\\\/al-via-dal-mese-di-aprile-ledizione-2013-trattamento-di-gruppo-per-smettere-di-fumare\\\/\"},\"wordCount\":308,\"publisher\":{\"@id\":\"https:\\\/\\\/www.bellunopress.it\\\/#organization\"},\"image\":{\"@id\":\"https:\\\/\\\/www.bellunopress.it\\\/2013\\\/03\\\/04\\\/al-via-dal-mese-di-aprile-ledizione-2013-trattamento-di-gruppo-per-smettere-di-fumare\\\/#primaryimage\"},\"thumbnailUrl\":\"http:\\\/\\\/www.bellunopress.it\\\/wp-content\\\/uploads\\\/2011\\\/11\\\/ulss-1.jpg\",\"articleSection\":[\"Prima Pagina\",\"Sanit\u00e0 Medicina\",\"Societ\u00e0, Associazioni, Istituzioni\"],\"inLanguage\":\"fr-FR\"},{\"@type\":\"WebPage\",\"@id\":\"https:\\\/\\\/www.bellunopress.it\\\/2013\\\/03\\\/04\\\/al-via-dal-mese-di-aprile-ledizione-2013-trattamento-di-gruppo-per-smettere-di-fumare\\\/\",\"url\":\"https:\\\/\\\/www.bellunopress.it\\\/2013\\\/03\\\/04\\\/al-via-dal-mese-di-aprile-ledizione-2013-trattamento-di-gruppo-per-smettere-di-fumare\\\/\",\"name\":\"Al via dal mese di aprile l\u2019edizione 2013 \u201cTrattamento di Gruppo per Smettere di Fumare\u201d - Bellunopress - Dolomiti\",\"isPartOf\":{\"@id\":\"https:\\\/\\\/www.bellunopress.it\\\/#website\"},\"primaryImageOfPage\":{\"@id\":\"https:\\\/\\\/www.bellunopress.it\\\/2013\\\/03\\\/04\\\/al-via-dal-mese-di-aprile-ledizione-2013-trattamento-di-gruppo-per-smettere-di-fumare\\\/#primaryimage\"},\"image\":{\"@id\":\"https:\\\/\\\/www.bellunopress.it\\\/2013\\\/03\\\/04\\\/al-via-dal-mese-di-aprile-ledizione-2013-trattamento-di-gruppo-per-smettere-di-fumare\\\/#primaryimage\"},\"thumbnailUrl\":\"http:\\\/\\\/www.bellunopress.it\\\/wp-content\\\/uploads\\\/2011\\\/11\\\/ulss-1.jpg\",\"datePublished\":\"2013-03-04T11:31:28+00:00\",\"dateModified\":\"2013-03-04T22:33:21+00:00\",\"breadcrumb\":{\"@id\":\"https:\\\/\\\/www.bellunopress.it\\\/2013\\\/03\\\/04\\\/al-via-dal-mese-di-aprile-ledizione-2013-trattamento-di-gruppo-per-smettere-di-fumare\\\/#breadcrumb\"},\"inLanguage\":\"fr-FR\",\"potentialAction\":[{\"@type\":\"ReadAction\",\"target\":[\"https:\\\/\\\/www.bellunopress.it\\\/2013\\\/03\\\/04\\\/al-via-dal-mese-di-aprile-ledizione-2013-trattamento-di-gruppo-per-smettere-di-fumare\\\/\"]}]},{\"@type\":\"ImageObject\",\"inLanguage\":\"fr-FR\",\"@id\":\"https:\\\/\\\/www.bellunopress.it\\\/2013\\\/03\\\/04\\\/al-via-dal-mese-di-aprile-ledizione-2013-trattamento-di-gruppo-per-smettere-di-fumare\\\/#primaryimage\",\"url\":\"http:\\\/\\\/www.bellunopress.it\\\/wp-content\\\/uploads\\\/2011\\\/11\\\/ulss-1.jpg\",\"contentUrl\":\"http:\\\/\\\/www.bellunopress.it\\\/wp-content\\\/uploads\\\/2011\\\/11\\\/ulss-1.jpg\"},{\"@type\":\"BreadcrumbList\",\"@id\":\"https:\\\/\\\/www.bellunopress.it\\\/2013\\\/03\\\/04\\\/al-via-dal-mese-di-aprile-ledizione-2013-trattamento-di-gruppo-per-smettere-di-fumare\\\/#breadcrumb\",\"itemListElement\":[{\"@type\":\"ListItem\",\"position\":1,\"name\":\"Home\",\"item\":\"https:\\\/\\\/www.bellunopress.it\\\/\"},{\"@type\":\"ListItem\",\"position\":2,\"name\":\"Al via dal mese di aprile l\u2019edizione 2013 \u201cTrattamento di Gruppo per Smettere di Fumare\u201d\"}]},{\"@type\":\"WebSite\",\"@id\":\"https:\\\/\\\/www.bellunopress.it\\\/#website\",\"url\":\"https:\\\/\\\/www.bellunopress.it\\\/\",\"name\":\"Bellunopress - Dolomiti\",\"description\":\"e-mail: redazione@bellunopress.it\",\"publisher\":{\"@id\":\"https:\\\/\\\/www.bellunopress.it\\\/#organization\"},\"potentialAction\":[{\"@type\":\"SearchAction\",\"target\":{\"@type\":\"EntryPoint\",\"urlTemplate\":\"https:\\\/\\\/www.bellunopress.it\\\/?s={search_term_string}\"},\"query-input\":{\"@type\":\"PropertyValueSpecification\",\"valueRequired\":true,\"valueName\":\"search_term_string\"}}],\"inLanguage\":\"fr-FR\"},{\"@type\":\"Organization\",\"@id\":\"https:\\\/\\\/www.bellunopress.it\\\/#organization\",\"name\":\"Bellunopress\",\"url\":\"https:\\\/\\\/www.bellunopress.it\\\/\",\"logo\":{\"@type\":\"ImageObject\",\"inLanguage\":\"fr-FR\",\"@id\":\"https:\\\/\\\/www.bellunopress.it\\\/#\\\/schema\\\/logo\\\/image\\\/\",\"url\":\"https:\\\/\\\/www.bellunopress.it\\\/wp-content\\\/uploads\\\/2011\\\/05\\\/cropped-logo-bellunopress-.jpg\",\"contentUrl\":\"https:\\\/\\\/www.bellunopress.it\\\/wp-content\\\/uploads\\\/2011\\\/05\\\/cropped-logo-bellunopress-.jpg\",\"width\":512,\"height\":512,\"caption\":\"Bellunopress\"},\"image\":{\"@id\":\"https:\\\/\\\/www.bellunopress.it\\\/#\\\/schema\\\/logo\\\/image\\\/\"},\"sameAs\":[\"https:\\\/\\\/www.facebook.com\\\/profile.php?id=100008943462799\",\"https:\\\/\\\/x.com\\\/bellunopress\",\"https:\\\/\\\/www.linkedin.com\\\/hp\\\/?dnr=JBzUWaJfMUw8vbXJJ2tVW5-I3jZKvC4wsoxE&amp;amp;amp;amp;amp;amp;trk=nav_responsive_tab_home\",\"https:\\\/\\\/www.youtube.com\\\/channel\\\/UCxL0wu1uN0_3_7hGG0306cw\"]},{\"@type\":\"Person\",\"@id\":\"https:\\\/\\\/www.bellunopress.it\\\/#\\\/schema\\\/person\\\/79bb06722b37ece1c03d3e94beb30d73\",\"name\":\"redazione\",\"image\":{\"@type\":\"ImageObject\",\"inLanguage\":\"fr-FR\",\"@id\":\"https:\\\/\\\/secure.gravatar.com\\\/avatar\\\/37d968a2e67a6fd04c169c4bdef102d0bc5d31b2546345219e348575eb80e9a0?s=96&d=mm&r=g\",\"url\":\"https:\\\/\\\/secure.gravatar.com\\\/avatar\\\/37d968a2e67a6fd04c169c4bdef102d0bc5d31b2546345219e348575eb80e9a0?s=96&d=mm&r=g\",\"contentUrl\":\"https:\\\/\\\/secure.gravatar.com\\\/avatar\\\/37d968a2e67a6fd04c169c4bdef102d0bc5d31b2546345219e348575eb80e9a0?s=96&d=mm&r=g\",\"caption\":\"redazione\"},\"sameAs\":[\"http:\\\/\\\/www.bellunopress.it\",\"https:\\\/\\\/x.com\\\/bellunopress\"],\"url\":\"https:\\\/\\\/www.bellunopress.it\\\/fr\\\/author\\\/redazione\\\/\"}]}<\/script>\n<!-- \/ Yoast SEO plugin. -->","yoast_head_json":{"title":"Al via dal mese di aprile l\u2019edizione 2013 \u201cTrattamento di Gruppo per Smettere di Fumare\u201d - Bellunopress - Dolomiti","robots":{"index":"index","follow":"follow","max-snippet":"max-snippet:-1","max-image-preview":"max-image-preview:large","max-video-preview":"max-video-preview:-1"},"canonical":"https:\/\/www.bellunopress.it\/fr\/2013\/03\/04\/al-via-dal-mese-di-aprile-ledizione-2013-trattamento-di-gruppo-per-smettere-di-fumare\/","og_locale":"fr_FR","og_type":"article","og_title":"Al via dal mese di aprile l\u2019edizione 2013 \u201cTrattamento di Gruppo per Smettere di Fumare\u201d - Bellunopress - Dolomiti","og_description":"Il Ser.D. Servizio Dipendenze di Belluno ha organizzato per l\u2019anno in corso il TG Fumo (Trattamento di Gruppo per Smettere di Fumare). Si tratta di un percorso di gruppo, costituito da 9 incontri guidati da un conduttore e da un co-conduttore opportunamente formati, che saranno presenti per l\u2019intero ciclo. Verranno affrontati argomenti quali: la dipendenza [&hellip;]","og_url":"https:\/\/www.bellunopress.it\/fr\/2013\/03\/04\/al-via-dal-mese-di-aprile-ledizione-2013-trattamento-di-gruppo-per-smettere-di-fumare\/","og_site_name":"Bellunopress - Dolomiti","article_publisher":"https:\/\/www.facebook.com\/profile.php?id=100008943462799","article_published_time":"2013-03-04T11:31:28+00:00","article_modified_time":"2013-03-04T22:33:21+00:00","og_image":[{"url":"http:\/\/www.bellunopress.it\/wp-content\/uploads\/2011\/11\/ulss-1.jpg","type":"","width":"","height":""}],"author":"redazione","twitter_card":"summary_large_image","twitter_creator":"@bellunopress","twitter_site":"@bellunopress","twitter_misc":{"Written by":"redazione","Est. reading time":"1 minute"},"schema":{"@context":"https:\/\/schema.org","@graph":[{"@type":"Article","@id":"https:\/\/www.bellunopress.it\/2013\/03\/04\/al-via-dal-mese-di-aprile-ledizione-2013-trattamento-di-gruppo-per-smettere-di-fumare\/#article","isPartOf":{"@id":"https:\/\/www.bellunopress.it\/2013\/03\/04\/al-via-dal-mese-di-aprile-ledizione-2013-trattamento-di-gruppo-per-smettere-di-fumare\/"},"author":{"name":"redazione","@id":"https:\/\/www.bellunopress.it\/#\/schema\/person\/79bb06722b37ece1c03d3e94beb30d73"},"headline":"Al via dal mese di aprile l\u2019edizione 2013 \u201cTrattamento di Gruppo per Smettere di Fumare\u201d","datePublished":"2013-03-04T11:31:28+00:00","dateModified":"2013-03-04T22:33:21+00:00","mainEntityOfPage":{"@id":"https:\/\/www.bellunopress.it\/2013\/03\/04\/al-via-dal-mese-di-aprile-ledizione-2013-trattamento-di-gruppo-per-smettere-di-fumare\/"},"wordCount":308,"publisher":{"@id":"https:\/\/www.bellunopress.it\/#organization"},"image":{"@id":"https:\/\/www.bellunopress.it\/2013\/03\/04\/al-via-dal-mese-di-aprile-ledizione-2013-trattamento-di-gruppo-per-smettere-di-fumare\/#primaryimage"},"thumbnailUrl":"http:\/\/www.bellunopress.it\/wp-content\/uploads\/2011\/11\/ulss-1.jpg","articleSection":["Prima Pagina","Sanit\u00e0 Medicina","Societ\u00e0, Associazioni, Istituzioni"],"inLanguage":"fr-FR"},{"@type":"WebPage","@id":"https:\/\/www.bellunopress.it\/2013\/03\/04\/al-via-dal-mese-di-aprile-ledizione-2013-trattamento-di-gruppo-per-smettere-di-fumare\/","url":"https:\/\/www.bellunopress.it\/2013\/03\/04\/al-via-dal-mese-di-aprile-ledizione-2013-trattamento-di-gruppo-per-smettere-di-fumare\/","name":"Al via dal mese di aprile l\u2019edizione 2013 \u201cTrattamento di Gruppo per Smettere di Fumare\u201d - Bellunopress - Dolomiti","isPartOf":{"@id":"https:\/\/www.bellunopress.it\/#website"},"primaryImageOfPage":{"@id":"https:\/\/www.bellunopress.it\/2013\/03\/04\/al-via-dal-mese-di-aprile-ledizione-2013-trattamento-di-gruppo-per-smettere-di-fumare\/#primaryimage"},"image":{"@id":"https:\/\/www.bellunopress.it\/2013\/03\/04\/al-via-dal-mese-di-aprile-ledizione-2013-trattamento-di-gruppo-per-smettere-di-fumare\/#primaryimage"},"thumbnailUrl":"http:\/\/www.bellunopress.it\/wp-content\/uploads\/2011\/11\/ulss-1.jpg","datePublished":"2013-03-04T11:31:28+00:00","dateModified":"2013-03-04T22:33:21+00:00","breadcrumb":{"@id":"https:\/\/www.bellunopress.it\/2013\/03\/04\/al-via-dal-mese-di-aprile-ledizione-2013-trattamento-di-gruppo-per-smettere-di-fumare\/#breadcrumb"},"inLanguage":"fr-FR","potentialAction":[{"@type":"ReadAction","target":["https:\/\/www.bellunopress.it\/2013\/03\/04\/al-via-dal-mese-di-aprile-ledizione-2013-trattamento-di-gruppo-per-smettere-di-fumare\/"]}]},{"@type":"ImageObject","inLanguage":"fr-FR","@id":"https:\/\/www.bellunopress.it\/2013\/03\/04\/al-via-dal-mese-di-aprile-ledizione-2013-trattamento-di-gruppo-per-smettere-di-fumare\/#primaryimage","url":"http:\/\/www.bellunopress.it\/wp-content\/uploads\/2011\/11\/ulss-1.jpg","contentUrl":"http:\/\/www.bellunopress.it\/wp-content\/uploads\/2011\/11\/ulss-1.jpg"},{"@type":"BreadcrumbList","@id":"https:\/\/www.bellunopress.it\/2013\/03\/04\/al-via-dal-mese-di-aprile-ledizione-2013-trattamento-di-gruppo-per-smettere-di-fumare\/#breadcrumb","itemListElement":[{"@type":"ListItem","position":1,"name":"Home","item":"https:\/\/www.bellunopress.it\/"},{"@type":"ListItem","position":2,"name":"Al via dal mese di aprile l\u2019edizione 2013 \u201cTrattamento di Gruppo per Smettere di Fumare\u201d"}]},{"@type":"WebSite","@id":"https:\/\/www.bellunopress.it\/#website","url":"https:\/\/www.bellunopress.it\/","name":"Bellunopress - Dolomiti","description":"e-mail: redazione@bellunopress.it","publisher":{"@id":"https:\/\/www.bellunopress.it\/#organization"},"potentialAction":[{"@type":"SearchAction","target":{"@type":"EntryPoint","urlTemplate":"https:\/\/www.bellunopress.it\/?s={search_term_string}"},"query-input":{"@type":"PropertyValueSpecification","valueRequired":true,"valueName":"search_term_string"}}],"inLanguage":"fr-FR"},{"@type":"Organization","@id":"https:\/\/www.bellunopress.it\/#organization","name":"Bellunopress","url":"https:\/\/www.bellunopress.it\/","logo":{"@type":"ImageObject","inLanguage":"fr-FR","@id":"https:\/\/www.bellunopress.it\/#\/schema\/logo\/image\/","url":"https:\/\/www.bellunopress.it\/wp-content\/uploads\/2011\/05\/cropped-logo-bellunopress-.jpg","contentUrl":"https:\/\/www.bellunopress.it\/wp-content\/uploads\/2011\/05\/cropped-logo-bellunopress-.jpg","width":512,"height":512,"caption":"Bellunopress"},"image":{"@id":"https:\/\/www.bellunopress.it\/#\/schema\/logo\/image\/"},"sameAs":["https:\/\/www.facebook.com\/profile.php?id=100008943462799","https:\/\/x.com\/bellunopress","https:\/\/www.linkedin.com\/hp\/?dnr=JBzUWaJfMUw8vbXJJ2tVW5-I3jZKvC4wsoxE&amp;amp;amp;amp;amp;amp;trk=nav_responsive_tab_home","https:\/\/www.youtube.com\/channel\/UCxL0wu1uN0_3_7hGG0306cw"]},{"@type":"Person","@id":"https:\/\/www.bellunopress.it\/#\/schema\/person\/79bb06722b37ece1c03d3e94beb30d73","name":"r\u00e9daction","image":{"@type":"ImageObject","inLanguage":"fr-FR","@id":"https:\/\/secure.gravatar.com\/avatar\/37d968a2e67a6fd04c169c4bdef102d0bc5d31b2546345219e348575eb80e9a0?s=96&d=mm&r=g","url":"https:\/\/secure.gravatar.com\/avatar\/37d968a2e67a6fd04c169c4bdef102d0bc5d31b2546345219e348575eb80e9a0?s=96&d=mm&r=g","contentUrl":"https:\/\/secure.gravatar.com\/avatar\/37d968a2e67a6fd04c169c4bdef102d0bc5d31b2546345219e348575eb80e9a0?s=96&d=mm&r=g","caption":"redazione"},"sameAs":["http:\/\/www.bellunopress.it","https:\/\/x.com\/bellunopress"],"url":"https:\/\/www.bellunopress.it\/fr\/author\/redazione\/"}]}},"_links":{"self":[{"href":"https:\/\/www.bellunopress.it\/fr\/wp-json\/wp\/v2\/posts\/47337","targetHints":{"allow":["GET"]}}],"collection":[{"href":"https:\/\/www.bellunopress.it\/fr\/wp-json\/wp\/v2\/posts"}],"about":[{"href":"https:\/\/www.bellunopress.it\/fr\/wp-json\/wp\/v2\/types\/post"}],"author":[{"embeddable":true,"href":"https:\/\/www.bellunopress.it\/fr\/wp-json\/wp\/v2\/users\/2"}],"replies":[{"embeddable":true,"href":"https:\/\/www.bellunopress.it\/fr\/wp-json\/wp\/v2\/comments?post=47337"}],"version-history":[{"count":1,"href":"https:\/\/www.bellunopress.it\/fr\/wp-json\/wp\/v2\/posts\/47337\/revisions"}],"predecessor-version":[{"id":47338,"href":"https:\/\/www.bellunopress.it\/fr\/wp-json\/wp\/v2\/posts\/47337\/revisions\/47338"}],"wp:attachment":[{"href":"https:\/\/www.bellunopress.it\/fr\/wp-json\/wp\/v2\/media?parent=47337"}],"wp:term":[{"taxonomy":"category","embeddable":true,"href":"https:\/\/www.bellunopress.it\/fr\/wp-json\/wp\/v2\/categories?post=47337"},{"taxonomy":"post_tag","embeddable":true,"href":"https:\/\/www.bellunopress.it\/fr\/wp-json\/wp\/v2\/tags?post=47337"}],"curies":[{"name":"wp","href":"https:\/\/api.w.org\/{rel}","templated":true}]}}