{"id":47312,"date":"2013-03-04T12:18:40","date_gmt":"2013-03-04T11:18:40","guid":{"rendered":"http:\/\/www.bellunopress.it\/?p=47312"},"modified":"2013-03-04T20:25:52","modified_gmt":"2013-03-04T19:25:52","slug":"visita-al-museo-dellocchiale-di-pieve-di-cadore-fondazione-cariverona-finanzia-il-trasporto-delle-scolaresche","status":"publish","type":"post","link":"https:\/\/www.bellunopress.it\/fr\/2013\/03\/04\/visita-al-museo-dellocchiale-di-pieve-di-cadore-fondazione-cariverona-finanzia-il-trasporto-delle-scolaresche\/","title":{"rendered":"Visita al Museo dell&#8217;occhiale di Pieve di Cadore: Fondazione Cariverona finanzia il trasporto delle scolaresche"},"content":{"rendered":"<p><a href=\"http:\/\/www.bellunopress.it\/wp-content\/uploads\/2009\/02\/occhiali.jpg\"><img loading=\"lazy\" decoding=\"async\" class=\"alignleft size-full wp-image-997\" alt=\"occhiali\" src=\"http:\/\/www.bellunopress.it\/wp-content\/uploads\/2009\/02\/occhiali.jpg\" width=\"133\" height=\"45\" \/><\/a>Grazie ad un contributo della Fondazione Cariverona, saranno ammortizzati i costi per il trasporto per le scolaresche per le visite al Museo dell&#8217;occhiale di Pieve di Cadore,\u00a0\u00a0in modo di contenere i costi per le famiglie, incentivando allo stesso tempo di la conoscenza di uno dei musei pi\u00f9 importanti del nostro territorio.<\/p>\n<p>I percorsi didattici sono suddivisi in macro-aree riferibili a tematiche svariatissime, ma tutte legate in qualche modo al museo: la storia degli occhiali, l\u2019ottica, l\u2019astronomia, l\u2019evoluzione delle lenti e degli occhiali stessi, la nascita dell\u2019industria cadorina dell\u2019occhialeria a fine Ottocento, l\u2019arte, la fotografia e, per finire, la progettazione e il design.<\/p>\n<p>Per informazioni sui laboratori contattare direttamente il Museo.<\/p>\n<p>Fondazione Museo dell&#8217;Occhiale Onlus<\/p>\n<p>Tel. 0435.32953<\/p>\n<p>Fax.0435.500213<\/p>\n<p>museodellocchiale@alice.it<\/p>\n<p>www.museodellocchiale.it<\/p>\n<p>&nbsp;<\/p>","protected":false},"excerpt":{"rendered":"<p>Grazie ad un contributo della Fondazione Cariverona, saranno ammortizzati i costi per il trasporto per le scolaresche per le visite al Museo dell&#8217;occhiale di Pieve di Cadore,\u00a0\u00a0in modo di contenere i costi per le famiglie, incentivando allo stesso tempo di la conoscenza di uno dei musei pi\u00f9 importanti del nostro territorio. I percorsi didattici sono [&hellip;]<\/p>\n","protected":false},"author":2,"featured_media":0,"comment_status":"closed","ping_status":"open","sticky":false,"template":"","format":"standard","meta":{"footnotes":""},"categories":[3,26,15],"tags":[],"class_list":["post-47312","post","type-post","status-publish","format-standard","category-arte-cultura-spettacoli-scienza-archivi","category-prima-pagina","category-scuola"],"yoast_head":"<!-- This site is optimized with the Yoast SEO plugin v28.4 - https:\/\/yoast.com\/product\/yoast-seo-wordpress\/ -->\n<title>Visita al Museo dell&#039;occhiale di Pieve di Cadore: Fondazione Cariverona finanzia il trasporto delle scolaresche - Bellunopress - Dolomiti<\/title>\n<meta name=\"robots\" content=\"index, follow, max-snippet:-1, max-image-preview:large, max-video-preview:-1\" \/>\n<link rel=\"canonical\" href=\"https:\/\/www.bellunopress.it\/fr\/2013\/03\/04\/visita-al-museo-dellocchiale-di-pieve-di-cadore-fondazione-cariverona-finanzia-il-trasporto-delle-scolaresche\/\" \/>\n<meta property=\"og:locale\" content=\"fr_FR\" \/>\n<meta property=\"og:type\" content=\"article\" \/>\n<meta property=\"og:title\" content=\"Visita al Museo dell&#039;occhiale di Pieve di Cadore: Fondazione Cariverona finanzia il trasporto delle scolaresche - Bellunopress - Dolomiti\" \/>\n<meta property=\"og:description\" content=\"Grazie ad un contributo della Fondazione Cariverona, saranno ammortizzati i costi per il trasporto per le scolaresche per le visite al Museo dell&#8217;occhiale di Pieve di Cadore,\u00a0\u00a0in modo di contenere i costi per le famiglie, incentivando allo stesso tempo di la conoscenza di uno dei musei pi\u00f9 importanti del nostro territorio. I percorsi didattici sono [&hellip;]\" \/>\n<meta property=\"og:url\" content=\"https:\/\/www.bellunopress.it\/fr\/2013\/03\/04\/visita-al-museo-dellocchiale-di-pieve-di-cadore-fondazione-cariverona-finanzia-il-trasporto-delle-scolaresche\/\" \/>\n<meta property=\"og:site_name\" content=\"Bellunopress - Dolomiti\" \/>\n<meta property=\"article:publisher\" content=\"https:\/\/www.facebook.com\/profile.php?id=100008943462799\" \/>\n<meta property=\"article:published_time\" content=\"2013-03-04T11:18:40+00:00\" \/>\n<meta property=\"article:modified_time\" content=\"2013-03-04T19:25:52+00:00\" \/>\n<meta property=\"og:image\" content=\"http:\/\/www.bellunopress.it\/wp-content\/uploads\/2009\/02\/occhiali.jpg\" \/>\n<meta name=\"author\" content=\"redazione\" \/>\n<meta name=\"twitter:card\" content=\"summary_large_image\" \/>\n<meta name=\"twitter:creator\" content=\"@bellunopress\" \/>\n<meta name=\"twitter:site\" content=\"@bellunopress\" \/>\n<meta name=\"twitter:label1\" content=\"\u00c9crit par\" \/>\n\t<meta name=\"twitter:data1\" content=\"redazione\" \/>\n\t<meta name=\"twitter:label2\" content=\"Dur\u00e9e de lecture estim\u00e9e\" \/>\n\t<meta name=\"twitter:data2\" content=\"1 minute\" \/>\n<script type=\"application\/ld+json\" class=\"yoast-schema-graph\">{\"@context\":\"https:\\\/\\\/schema.org\",\"@graph\":[{\"@type\":\"Article\",\"@id\":\"https:\\\/\\\/www.bellunopress.it\\\/2013\\\/03\\\/04\\\/visita-al-museo-dellocchiale-di-pieve-di-cadore-fondazione-cariverona-finanzia-il-trasporto-delle-scolaresche\\\/#article\",\"isPartOf\":{\"@id\":\"https:\\\/\\\/www.bellunopress.it\\\/2013\\\/03\\\/04\\\/visita-al-museo-dellocchiale-di-pieve-di-cadore-fondazione-cariverona-finanzia-il-trasporto-delle-scolaresche\\\/\"},\"author\":{\"name\":\"redazione\",\"@id\":\"https:\\\/\\\/www.bellunopress.it\\\/#\\\/schema\\\/person\\\/79bb06722b37ece1c03d3e94beb30d73\"},\"headline\":\"Visita al Museo dell&#8217;occhiale di Pieve di Cadore: Fondazione Cariverona finanzia il trasporto delle scolaresche\",\"datePublished\":\"2013-03-04T11:18:40+00:00\",\"dateModified\":\"2013-03-04T19:25:52+00:00\",\"mainEntityOfPage\":{\"@id\":\"https:\\\/\\\/www.bellunopress.it\\\/2013\\\/03\\\/04\\\/visita-al-museo-dellocchiale-di-pieve-di-cadore-fondazione-cariverona-finanzia-il-trasporto-delle-scolaresche\\\/\"},\"wordCount\":148,\"publisher\":{\"@id\":\"https:\\\/\\\/www.bellunopress.it\\\/#organization\"},\"image\":{\"@id\":\"https:\\\/\\\/www.bellunopress.it\\\/2013\\\/03\\\/04\\\/visita-al-museo-dellocchiale-di-pieve-di-cadore-fondazione-cariverona-finanzia-il-trasporto-delle-scolaresche\\\/#primaryimage\"},\"thumbnailUrl\":\"http:\\\/\\\/www.bellunopress.it\\\/wp-content\\\/uploads\\\/2009\\\/02\\\/occhiali.jpg\",\"articleSection\":[\"Arte, Cultura, Spettacoli, Scienza\",\"Prima Pagina\",\"Scuola\"],\"inLanguage\":\"fr-FR\"},{\"@type\":\"WebPage\",\"@id\":\"https:\\\/\\\/www.bellunopress.it\\\/2013\\\/03\\\/04\\\/visita-al-museo-dellocchiale-di-pieve-di-cadore-fondazione-cariverona-finanzia-il-trasporto-delle-scolaresche\\\/\",\"url\":\"https:\\\/\\\/www.bellunopress.it\\\/2013\\\/03\\\/04\\\/visita-al-museo-dellocchiale-di-pieve-di-cadore-fondazione-cariverona-finanzia-il-trasporto-delle-scolaresche\\\/\",\"name\":\"Visita al Museo dell'occhiale di Pieve di Cadore: Fondazione Cariverona finanzia il trasporto delle scolaresche - Bellunopress - Dolomiti\",\"isPartOf\":{\"@id\":\"https:\\\/\\\/www.bellunopress.it\\\/#website\"},\"primaryImageOfPage\":{\"@id\":\"https:\\\/\\\/www.bellunopress.it\\\/2013\\\/03\\\/04\\\/visita-al-museo-dellocchiale-di-pieve-di-cadore-fondazione-cariverona-finanzia-il-trasporto-delle-scolaresche\\\/#primaryimage\"},\"image\":{\"@id\":\"https:\\\/\\\/www.bellunopress.it\\\/2013\\\/03\\\/04\\\/visita-al-museo-dellocchiale-di-pieve-di-cadore-fondazione-cariverona-finanzia-il-trasporto-delle-scolaresche\\\/#primaryimage\"},\"thumbnailUrl\":\"http:\\\/\\\/www.bellunopress.it\\\/wp-content\\\/uploads\\\/2009\\\/02\\\/occhiali.jpg\",\"datePublished\":\"2013-03-04T11:18:40+00:00\",\"dateModified\":\"2013-03-04T19:25:52+00:00\",\"breadcrumb\":{\"@id\":\"https:\\\/\\\/www.bellunopress.it\\\/2013\\\/03\\\/04\\\/visita-al-museo-dellocchiale-di-pieve-di-cadore-fondazione-cariverona-finanzia-il-trasporto-delle-scolaresche\\\/#breadcrumb\"},\"inLanguage\":\"fr-FR\",\"potentialAction\":[{\"@type\":\"ReadAction\",\"target\":[\"https:\\\/\\\/www.bellunopress.it\\\/2013\\\/03\\\/04\\\/visita-al-museo-dellocchiale-di-pieve-di-cadore-fondazione-cariverona-finanzia-il-trasporto-delle-scolaresche\\\/\"]}]},{\"@type\":\"ImageObject\",\"inLanguage\":\"fr-FR\",\"@id\":\"https:\\\/\\\/www.bellunopress.it\\\/2013\\\/03\\\/04\\\/visita-al-museo-dellocchiale-di-pieve-di-cadore-fondazione-cariverona-finanzia-il-trasporto-delle-scolaresche\\\/#primaryimage\",\"url\":\"http:\\\/\\\/www.bellunopress.it\\\/wp-content\\\/uploads\\\/2009\\\/02\\\/occhiali.jpg\",\"contentUrl\":\"http:\\\/\\\/www.bellunopress.it\\\/wp-content\\\/uploads\\\/2009\\\/02\\\/occhiali.jpg\"},{\"@type\":\"BreadcrumbList\",\"@id\":\"https:\\\/\\\/www.bellunopress.it\\\/2013\\\/03\\\/04\\\/visita-al-museo-dellocchiale-di-pieve-di-cadore-fondazione-cariverona-finanzia-il-trasporto-delle-scolaresche\\\/#breadcrumb\",\"itemListElement\":[{\"@type\":\"ListItem\",\"position\":1,\"name\":\"Home\",\"item\":\"https:\\\/\\\/www.bellunopress.it\\\/\"},{\"@type\":\"ListItem\",\"position\":2,\"name\":\"Visita al Museo dell&#8217;occhiale di Pieve di Cadore: Fondazione Cariverona finanzia il trasporto delle scolaresche\"}]},{\"@type\":\"WebSite\",\"@id\":\"https:\\\/\\\/www.bellunopress.it\\\/#website\",\"url\":\"https:\\\/\\\/www.bellunopress.it\\\/\",\"name\":\"Bellunopress - Dolomiti\",\"description\":\"e-mail: redazione@bellunopress.it\",\"publisher\":{\"@id\":\"https:\\\/\\\/www.bellunopress.it\\\/#organization\"},\"potentialAction\":[{\"@type\":\"SearchAction\",\"target\":{\"@type\":\"EntryPoint\",\"urlTemplate\":\"https:\\\/\\\/www.bellunopress.it\\\/?s={search_term_string}\"},\"query-input\":{\"@type\":\"PropertyValueSpecification\",\"valueRequired\":true,\"valueName\":\"search_term_string\"}}],\"inLanguage\":\"fr-FR\"},{\"@type\":\"Organization\",\"@id\":\"https:\\\/\\\/www.bellunopress.it\\\/#organization\",\"name\":\"Bellunopress\",\"url\":\"https:\\\/\\\/www.bellunopress.it\\\/\",\"logo\":{\"@type\":\"ImageObject\",\"inLanguage\":\"fr-FR\",\"@id\":\"https:\\\/\\\/www.bellunopress.it\\\/#\\\/schema\\\/logo\\\/image\\\/\",\"url\":\"https:\\\/\\\/www.bellunopress.it\\\/wp-content\\\/uploads\\\/2011\\\/05\\\/cropped-logo-bellunopress-.jpg\",\"contentUrl\":\"https:\\\/\\\/www.bellunopress.it\\\/wp-content\\\/uploads\\\/2011\\\/05\\\/cropped-logo-bellunopress-.jpg\",\"width\":512,\"height\":512,\"caption\":\"Bellunopress\"},\"image\":{\"@id\":\"https:\\\/\\\/www.bellunopress.it\\\/#\\\/schema\\\/logo\\\/image\\\/\"},\"sameAs\":[\"https:\\\/\\\/www.facebook.com\\\/profile.php?id=100008943462799\",\"https:\\\/\\\/x.com\\\/bellunopress\",\"https:\\\/\\\/www.linkedin.com\\\/hp\\\/?dnr=JBzUWaJfMUw8vbXJJ2tVW5-I3jZKvC4wsoxE&amp;amp;amp;amp;amp;amp;trk=nav_responsive_tab_home\",\"https:\\\/\\\/www.youtube.com\\\/channel\\\/UCxL0wu1uN0_3_7hGG0306cw\"]},{\"@type\":\"Person\",\"@id\":\"https:\\\/\\\/www.bellunopress.it\\\/#\\\/schema\\\/person\\\/79bb06722b37ece1c03d3e94beb30d73\",\"name\":\"redazione\",\"image\":{\"@type\":\"ImageObject\",\"inLanguage\":\"fr-FR\",\"@id\":\"https:\\\/\\\/secure.gravatar.com\\\/avatar\\\/37d968a2e67a6fd04c169c4bdef102d0bc5d31b2546345219e348575eb80e9a0?s=96&d=mm&r=g\",\"url\":\"https:\\\/\\\/secure.gravatar.com\\\/avatar\\\/37d968a2e67a6fd04c169c4bdef102d0bc5d31b2546345219e348575eb80e9a0?s=96&d=mm&r=g\",\"contentUrl\":\"https:\\\/\\\/secure.gravatar.com\\\/avatar\\\/37d968a2e67a6fd04c169c4bdef102d0bc5d31b2546345219e348575eb80e9a0?s=96&d=mm&r=g\",\"caption\":\"redazione\"},\"sameAs\":[\"http:\\\/\\\/www.bellunopress.it\",\"https:\\\/\\\/x.com\\\/bellunopress\"],\"url\":\"https:\\\/\\\/www.bellunopress.it\\\/fr\\\/author\\\/redazione\\\/\"}]}<\/script>\n<!-- \/ Yoast SEO plugin. -->","yoast_head_json":{"title":"Visita al Museo dell'occhiale di Pieve di Cadore: Fondazione Cariverona finanzia il trasporto delle scolaresche - Bellunopress - Dolomiti","robots":{"index":"index","follow":"follow","max-snippet":"max-snippet:-1","max-image-preview":"max-image-preview:large","max-video-preview":"max-video-preview:-1"},"canonical":"https:\/\/www.bellunopress.it\/fr\/2013\/03\/04\/visita-al-museo-dellocchiale-di-pieve-di-cadore-fondazione-cariverona-finanzia-il-trasporto-delle-scolaresche\/","og_locale":"fr_FR","og_type":"article","og_title":"Visita al Museo dell'occhiale di Pieve di Cadore: Fondazione Cariverona finanzia il trasporto delle scolaresche - Bellunopress - Dolomiti","og_description":"Grazie ad un contributo della Fondazione Cariverona, saranno ammortizzati i costi per il trasporto per le scolaresche per le visite al Museo dell&#8217;occhiale di Pieve di Cadore,\u00a0\u00a0in modo di contenere i costi per le famiglie, incentivando allo stesso tempo di la conoscenza di uno dei musei pi\u00f9 importanti del nostro territorio. I percorsi didattici sono [&hellip;]","og_url":"https:\/\/www.bellunopress.it\/fr\/2013\/03\/04\/visita-al-museo-dellocchiale-di-pieve-di-cadore-fondazione-cariverona-finanzia-il-trasporto-delle-scolaresche\/","og_site_name":"Bellunopress - Dolomiti","article_publisher":"https:\/\/www.facebook.com\/profile.php?id=100008943462799","article_published_time":"2013-03-04T11:18:40+00:00","article_modified_time":"2013-03-04T19:25:52+00:00","og_image":[{"url":"http:\/\/www.bellunopress.it\/wp-content\/uploads\/2009\/02\/occhiali.jpg","type":"","width":"","height":""}],"author":"redazione","twitter_card":"summary_large_image","twitter_creator":"@bellunopress","twitter_site":"@bellunopress","twitter_misc":{"\u00c9crit par":"redazione","Dur\u00e9e de lecture estim\u00e9e":"1 minute"},"schema":{"@context":"https:\/\/schema.org","@graph":[{"@type":"Article","@id":"https:\/\/www.bellunopress.it\/2013\/03\/04\/visita-al-museo-dellocchiale-di-pieve-di-cadore-fondazione-cariverona-finanzia-il-trasporto-delle-scolaresche\/#article","isPartOf":{"@id":"https:\/\/www.bellunopress.it\/2013\/03\/04\/visita-al-museo-dellocchiale-di-pieve-di-cadore-fondazione-cariverona-finanzia-il-trasporto-delle-scolaresche\/"},"author":{"name":"redazione","@id":"https:\/\/www.bellunopress.it\/#\/schema\/person\/79bb06722b37ece1c03d3e94beb30d73"},"headline":"Visita al Museo dell&#8217;occhiale di Pieve di Cadore: Fondazione Cariverona finanzia il trasporto delle scolaresche","datePublished":"2013-03-04T11:18:40+00:00","dateModified":"2013-03-04T19:25:52+00:00","mainEntityOfPage":{"@id":"https:\/\/www.bellunopress.it\/2013\/03\/04\/visita-al-museo-dellocchiale-di-pieve-di-cadore-fondazione-cariverona-finanzia-il-trasporto-delle-scolaresche\/"},"wordCount":148,"publisher":{"@id":"https:\/\/www.bellunopress.it\/#organization"},"image":{"@id":"https:\/\/www.bellunopress.it\/2013\/03\/04\/visita-al-museo-dellocchiale-di-pieve-di-cadore-fondazione-cariverona-finanzia-il-trasporto-delle-scolaresche\/#primaryimage"},"thumbnailUrl":"http:\/\/www.bellunopress.it\/wp-content\/uploads\/2009\/02\/occhiali.jpg","articleSection":["Arte, Cultura, Spettacoli, Scienza","Prima Pagina","Scuola"],"inLanguage":"fr-FR"},{"@type":"WebPage","@id":"https:\/\/www.bellunopress.it\/2013\/03\/04\/visita-al-museo-dellocchiale-di-pieve-di-cadore-fondazione-cariverona-finanzia-il-trasporto-delle-scolaresche\/","url":"https:\/\/www.bellunopress.it\/2013\/03\/04\/visita-al-museo-dellocchiale-di-pieve-di-cadore-fondazione-cariverona-finanzia-il-trasporto-delle-scolaresche\/","name":"Visita al Museo dell'occhiale di Pieve di Cadore: Fondazione Cariverona finanzia il trasporto delle scolaresche - Bellunopress - Dolomiti","isPartOf":{"@id":"https:\/\/www.bellunopress.it\/#website"},"primaryImageOfPage":{"@id":"https:\/\/www.bellunopress.it\/2013\/03\/04\/visita-al-museo-dellocchiale-di-pieve-di-cadore-fondazione-cariverona-finanzia-il-trasporto-delle-scolaresche\/#primaryimage"},"image":{"@id":"https:\/\/www.bellunopress.it\/2013\/03\/04\/visita-al-museo-dellocchiale-di-pieve-di-cadore-fondazione-cariverona-finanzia-il-trasporto-delle-scolaresche\/#primaryimage"},"thumbnailUrl":"http:\/\/www.bellunopress.it\/wp-content\/uploads\/2009\/02\/occhiali.jpg","datePublished":"2013-03-04T11:18:40+00:00","dateModified":"2013-03-04T19:25:52+00:00","breadcrumb":{"@id":"https:\/\/www.bellunopress.it\/2013\/03\/04\/visita-al-museo-dellocchiale-di-pieve-di-cadore-fondazione-cariverona-finanzia-il-trasporto-delle-scolaresche\/#breadcrumb"},"inLanguage":"fr-FR","potentialAction":[{"@type":"ReadAction","target":["https:\/\/www.bellunopress.it\/2013\/03\/04\/visita-al-museo-dellocchiale-di-pieve-di-cadore-fondazione-cariverona-finanzia-il-trasporto-delle-scolaresche\/"]}]},{"@type":"ImageObject","inLanguage":"fr-FR","@id":"https:\/\/www.bellunopress.it\/2013\/03\/04\/visita-al-museo-dellocchiale-di-pieve-di-cadore-fondazione-cariverona-finanzia-il-trasporto-delle-scolaresche\/#primaryimage","url":"http:\/\/www.bellunopress.it\/wp-content\/uploads\/2009\/02\/occhiali.jpg","contentUrl":"http:\/\/www.bellunopress.it\/wp-content\/uploads\/2009\/02\/occhiali.jpg"},{"@type":"BreadcrumbList","@id":"https:\/\/www.bellunopress.it\/2013\/03\/04\/visita-al-museo-dellocchiale-di-pieve-di-cadore-fondazione-cariverona-finanzia-il-trasporto-delle-scolaresche\/#breadcrumb","itemListElement":[{"@type":"ListItem","position":1,"name":"Home","item":"https:\/\/www.bellunopress.it\/"},{"@type":"ListItem","position":2,"name":"Visita al Museo dell&#8217;occhiale di Pieve di Cadore: Fondazione Cariverona finanzia il trasporto delle scolaresche"}]},{"@type":"WebSite","@id":"https:\/\/www.bellunopress.it\/#website","url":"https:\/\/www.bellunopress.it\/","name":"Bellunopress - Dolomiti","description":"e-mail: redazione@bellunopress.it","publisher":{"@id":"https:\/\/www.bellunopress.it\/#organization"},"potentialAction":[{"@type":"SearchAction","target":{"@type":"EntryPoint","urlTemplate":"https:\/\/www.bellunopress.it\/?s={search_term_string}"},"query-input":{"@type":"PropertyValueSpecification","valueRequired":true,"valueName":"search_term_string"}}],"inLanguage":"fr-FR"},{"@type":"Organization","@id":"https:\/\/www.bellunopress.it\/#organization","name":"Bellunopress","url":"https:\/\/www.bellunopress.it\/","logo":{"@type":"ImageObject","inLanguage":"fr-FR","@id":"https:\/\/www.bellunopress.it\/#\/schema\/logo\/image\/","url":"https:\/\/www.bellunopress.it\/wp-content\/uploads\/2011\/05\/cropped-logo-bellunopress-.jpg","contentUrl":"https:\/\/www.bellunopress.it\/wp-content\/uploads\/2011\/05\/cropped-logo-bellunopress-.jpg","width":512,"height":512,"caption":"Bellunopress"},"image":{"@id":"https:\/\/www.bellunopress.it\/#\/schema\/logo\/image\/"},"sameAs":["https:\/\/www.facebook.com\/profile.php?id=100008943462799","https:\/\/x.com\/bellunopress","https:\/\/www.linkedin.com\/hp\/?dnr=JBzUWaJfMUw8vbXJJ2tVW5-I3jZKvC4wsoxE&amp;amp;amp;amp;amp;amp;trk=nav_responsive_tab_home","https:\/\/www.youtube.com\/channel\/UCxL0wu1uN0_3_7hGG0306cw"]},{"@type":"Person","@id":"https:\/\/www.bellunopress.it\/#\/schema\/person\/79bb06722b37ece1c03d3e94beb30d73","name":"r\u00e9daction","image":{"@type":"ImageObject","inLanguage":"fr-FR","@id":"https:\/\/secure.gravatar.com\/avatar\/37d968a2e67a6fd04c169c4bdef102d0bc5d31b2546345219e348575eb80e9a0?s=96&d=mm&r=g","url":"https:\/\/secure.gravatar.com\/avatar\/37d968a2e67a6fd04c169c4bdef102d0bc5d31b2546345219e348575eb80e9a0?s=96&d=mm&r=g","contentUrl":"https:\/\/secure.gravatar.com\/avatar\/37d968a2e67a6fd04c169c4bdef102d0bc5d31b2546345219e348575eb80e9a0?s=96&d=mm&r=g","caption":"redazione"},"sameAs":["http:\/\/www.bellunopress.it","https:\/\/x.com\/bellunopress"],"url":"https:\/\/www.bellunopress.it\/fr\/author\/redazione\/"}]}},"_links":{"self":[{"href":"https:\/\/www.bellunopress.it\/fr\/wp-json\/wp\/v2\/posts\/47312","targetHints":{"allow":["GET"]}}],"collection":[{"href":"https:\/\/www.bellunopress.it\/fr\/wp-json\/wp\/v2\/posts"}],"about":[{"href":"https:\/\/www.bellunopress.it\/fr\/wp-json\/wp\/v2\/types\/post"}],"author":[{"embeddable":true,"href":"https:\/\/www.bellunopress.it\/fr\/wp-json\/wp\/v2\/users\/2"}],"replies":[{"embeddable":true,"href":"https:\/\/www.bellunopress.it\/fr\/wp-json\/wp\/v2\/comments?post=47312"}],"version-history":[{"count":3,"href":"https:\/\/www.bellunopress.it\/fr\/wp-json\/wp\/v2\/posts\/47312\/revisions"}],"predecessor-version":[{"id":47315,"href":"https:\/\/www.bellunopress.it\/fr\/wp-json\/wp\/v2\/posts\/47312\/revisions\/47315"}],"wp:attachment":[{"href":"https:\/\/www.bellunopress.it\/fr\/wp-json\/wp\/v2\/media?parent=47312"}],"wp:term":[{"taxonomy":"category","embeddable":true,"href":"https:\/\/www.bellunopress.it\/fr\/wp-json\/wp\/v2\/categories?post=47312"},{"taxonomy":"post_tag","embeddable":true,"href":"https:\/\/www.bellunopress.it\/fr\/wp-json\/wp\/v2\/tags?post=47312"}],"curies":[{"name":"wp","href":"https:\/\/api.w.org\/{rel}","templated":true}]}}