{"id":4731,"date":"2009-06-12T11:11:48","date_gmt":"2009-06-12T10:11:48","guid":{"rendered":"http:\/\/www.bellunopress.it\/?p=4731"},"modified":"2009-06-12T11:12:08","modified_gmt":"2009-06-12T10:12:08","slug":"ticket-sui-passi-reolon-%e2%80%9cper-le-dolomiti-non-e-il-momento-di-costruire-barriere%e2%80%9d","status":"publish","type":"post","link":"https:\/\/www.bellunopress.it\/fr\/2009\/06\/12\/ticket-sui-passi-reolon-%e2%80%9cper-le-dolomiti-non-e-il-momento-di-costruire-barriere%e2%80%9d\/","title":{"rendered":"Ticket sui Passi? Reolon: \u201cPer le Dolomiti non \u00e8 il momento di costruire barriere\u201d"},"content":{"rendered":"<p><a href=\"http:\/\/www.bellunopress.it\/wp-content\/uploads\/2009\/06\/dolomiti-leggera1-150x1501.jpg\"><img loading=\"lazy\" decoding=\"async\" class=\"alignleft size-medium wp-image-4732\" title=\"dolomiti-leggera1-150x1501\" src=\"http:\/\/www.bellunopress.it\/wp-content\/uploads\/2009\/06\/dolomiti-leggera1-150x1501.jpg\" alt=\"\" width=\"120\" height=\"97\" \/><\/a>Il pedaggio sui Passi delle Dolomiti non \u00e8 all&#8217;ordine del giorno e non lo sar\u00e0 nemmeno per i prossimi 5 anni, cio\u00e8 fino a quando io sar\u00f2 presidente della Provincia di Belluno\u201d. Sergio Reolon rassicura il Comitato per la salvaguardia dei passi dolomitici, che in un documento denuncia i danni dei paventati ticket proposti dall&#8217;Alto Adige. Prima di fare qualsiasi azione\u201d, spiega Reolon, \u201cBolzano dovr\u00e0 concordarla con noi e con Trento. Con i presidenti di Trento e Bolzano dovremo incontrarci per ragionare su come valorizzare i Passi dal punto di vista turistico, di come migliorare i collegamenti \u2013 anche attraverso il trasporto pubblico, di come coordinare meglio le manifestazioni sportive, soprattutto quelle ciclistiche. Per questo territorio che tra pochi giorni godr\u00e0 dell&#8217;inserimento nella lista del Patrimonio dell&#8217;Umanit\u00e0, non \u00e8 il momento di pensare a costruire delle barriere. Oltre tutto le vallate dolomitiche vivono prevalentemente di turismo e le dinamiche attuali, composte con la difficile crisi economica in atto, indicano la scarsa opportunit\u00e0 di mettere a repentaglio i delicati equilibri di decine di imprese che producono ricchezza e offrono lavoro a centinaia di persone\u201d.<\/p>","protected":false},"excerpt":{"rendered":"<p>Il pedaggio sui Passi delle Dolomiti non \u00e8 all&#8217;ordine del giorno e non lo sar\u00e0 nemmeno per i prossimi 5 anni, cio\u00e8 fino a quando io sar\u00f2 presidente della Provincia di Belluno\u201d. Sergio Reolon rassicura il Comitato per la salvaguardia dei passi dolomitici, che in un documento denuncia i danni dei paventati ticket proposti dall&#8217;Alto [&hellip;]<\/p>\n","protected":false},"author":2,"featured_media":0,"comment_status":"closed","ping_status":"open","sticky":false,"template":"","format":"standard","meta":{"footnotes":""},"categories":[5,26],"tags":[139,63],"class_list":["post-4731","post","type-post","status-publish","format-standard","category-cronaca","category-prima-pagina","tag-belluno","tag-dolomiti"],"yoast_head":"<!-- This site is optimized with the Yoast SEO plugin v28.4 - https:\/\/yoast.com\/product\/yoast-seo-wordpress\/ -->\n<title>Ticket sui Passi? Reolon: \u201cPer le Dolomiti non \u00e8 il momento di costruire barriere\u201d - Bellunopress - Dolomiti<\/title>\n<meta name=\"robots\" content=\"index, follow, max-snippet:-1, max-image-preview:large, max-video-preview:-1\" \/>\n<link rel=\"canonical\" href=\"https:\/\/www.bellunopress.it\/fr\/2009\/06\/12\/ticket-sui-passi-reolon-\u201cper-le-dolomiti-non-e-il-momento-di-costruire-barriere\u201d\/\" \/>\n<meta property=\"og:locale\" content=\"fr_FR\" \/>\n<meta property=\"og:type\" content=\"article\" \/>\n<meta property=\"og:title\" content=\"Ticket sui Passi? Reolon: \u201cPer le Dolomiti non \u00e8 il momento di costruire barriere\u201d - Bellunopress - Dolomiti\" \/>\n<meta property=\"og:description\" content=\"Il pedaggio sui Passi delle Dolomiti non \u00e8 all&#8217;ordine del giorno e non lo sar\u00e0 nemmeno per i prossimi 5 anni, cio\u00e8 fino a quando io sar\u00f2 presidente della Provincia di Belluno\u201d. Sergio Reolon rassicura il Comitato per la salvaguardia dei passi dolomitici, che in un documento denuncia i danni dei paventati ticket proposti dall&#8217;Alto [&hellip;]\" \/>\n<meta property=\"og:url\" content=\"https:\/\/www.bellunopress.it\/fr\/2009\/06\/12\/ticket-sui-passi-reolon-\u201cper-le-dolomiti-non-e-il-momento-di-costruire-barriere\u201d\/\" \/>\n<meta property=\"og:site_name\" content=\"Bellunopress - Dolomiti\" \/>\n<meta property=\"article:publisher\" content=\"https:\/\/www.facebook.com\/profile.php?id=100008943462799\" \/>\n<meta property=\"article:published_time\" content=\"2009-06-12T10:11:48+00:00\" \/>\n<meta property=\"article:modified_time\" content=\"2009-06-12T10:12:08+00:00\" \/>\n<meta property=\"og:image\" content=\"http:\/\/www.bellunopress.it\/wp-content\/uploads\/2009\/06\/dolomiti-leggera1-150x1501.jpg\" \/>\n<meta name=\"author\" content=\"redazione\" \/>\n<meta name=\"twitter:card\" content=\"summary_large_image\" \/>\n<meta name=\"twitter:creator\" content=\"@bellunopress\" \/>\n<meta name=\"twitter:site\" content=\"@bellunopress\" \/>\n<meta name=\"twitter:label1\" content=\"Written by\" \/>\n\t<meta name=\"twitter:data1\" content=\"redazione\" \/>\n\t<meta name=\"twitter:label2\" content=\"Est. reading time\" \/>\n\t<meta name=\"twitter:data2\" content=\"1 minute\" \/>\n<script type=\"application\/ld+json\" class=\"yoast-schema-graph\">{\"@context\":\"https:\\\/\\\/schema.org\",\"@graph\":[{\"@type\":\"Article\",\"@id\":\"https:\\\/\\\/www.bellunopress.it\\\/2009\\\/06\\\/12\\\/ticket-sui-passi-reolon-%e2%80%9cper-le-dolomiti-non-e-il-momento-di-costruire-barriere%e2%80%9d\\\/#article\",\"isPartOf\":{\"@id\":\"https:\\\/\\\/www.bellunopress.it\\\/2009\\\/06\\\/12\\\/ticket-sui-passi-reolon-%e2%80%9cper-le-dolomiti-non-e-il-momento-di-costruire-barriere%e2%80%9d\\\/\"},\"author\":{\"name\":\"redazione\",\"@id\":\"https:\\\/\\\/www.bellunopress.it\\\/#\\\/schema\\\/person\\\/79bb06722b37ece1c03d3e94beb30d73\"},\"headline\":\"Ticket sui Passi? Reolon: \u201cPer le Dolomiti non \u00e8 il momento di costruire barriere\u201d\",\"datePublished\":\"2009-06-12T10:11:48+00:00\",\"dateModified\":\"2009-06-12T10:12:08+00:00\",\"mainEntityOfPage\":{\"@id\":\"https:\\\/\\\/www.bellunopress.it\\\/2009\\\/06\\\/12\\\/ticket-sui-passi-reolon-%e2%80%9cper-le-dolomiti-non-e-il-momento-di-costruire-barriere%e2%80%9d\\\/\"},\"wordCount\":196,\"publisher\":{\"@id\":\"https:\\\/\\\/www.bellunopress.it\\\/#organization\"},\"image\":{\"@id\":\"https:\\\/\\\/www.bellunopress.it\\\/2009\\\/06\\\/12\\\/ticket-sui-passi-reolon-%e2%80%9cper-le-dolomiti-non-e-il-momento-di-costruire-barriere%e2%80%9d\\\/#primaryimage\"},\"thumbnailUrl\":\"http:\\\/\\\/www.bellunopress.it\\\/wp-content\\\/uploads\\\/2009\\\/06\\\/dolomiti-leggera1-150x1501.jpg\",\"keywords\":[\"Belluno\",\"Dolomiti\"],\"articleSection\":[\"Cronaca\\\/Politica\",\"Prima Pagina\"],\"inLanguage\":\"fr-FR\"},{\"@type\":\"WebPage\",\"@id\":\"https:\\\/\\\/www.bellunopress.it\\\/2009\\\/06\\\/12\\\/ticket-sui-passi-reolon-%e2%80%9cper-le-dolomiti-non-e-il-momento-di-costruire-barriere%e2%80%9d\\\/\",\"url\":\"https:\\\/\\\/www.bellunopress.it\\\/2009\\\/06\\\/12\\\/ticket-sui-passi-reolon-%e2%80%9cper-le-dolomiti-non-e-il-momento-di-costruire-barriere%e2%80%9d\\\/\",\"name\":\"Ticket sui Passi? Reolon: \u201cPer le Dolomiti non \u00e8 il momento di costruire barriere\u201d - Bellunopress - Dolomiti\",\"isPartOf\":{\"@id\":\"https:\\\/\\\/www.bellunopress.it\\\/#website\"},\"primaryImageOfPage\":{\"@id\":\"https:\\\/\\\/www.bellunopress.it\\\/2009\\\/06\\\/12\\\/ticket-sui-passi-reolon-%e2%80%9cper-le-dolomiti-non-e-il-momento-di-costruire-barriere%e2%80%9d\\\/#primaryimage\"},\"image\":{\"@id\":\"https:\\\/\\\/www.bellunopress.it\\\/2009\\\/06\\\/12\\\/ticket-sui-passi-reolon-%e2%80%9cper-le-dolomiti-non-e-il-momento-di-costruire-barriere%e2%80%9d\\\/#primaryimage\"},\"thumbnailUrl\":\"http:\\\/\\\/www.bellunopress.it\\\/wp-content\\\/uploads\\\/2009\\\/06\\\/dolomiti-leggera1-150x1501.jpg\",\"datePublished\":\"2009-06-12T10:11:48+00:00\",\"dateModified\":\"2009-06-12T10:12:08+00:00\",\"breadcrumb\":{\"@id\":\"https:\\\/\\\/www.bellunopress.it\\\/2009\\\/06\\\/12\\\/ticket-sui-passi-reolon-%e2%80%9cper-le-dolomiti-non-e-il-momento-di-costruire-barriere%e2%80%9d\\\/#breadcrumb\"},\"inLanguage\":\"fr-FR\",\"potentialAction\":[{\"@type\":\"ReadAction\",\"target\":[\"https:\\\/\\\/www.bellunopress.it\\\/2009\\\/06\\\/12\\\/ticket-sui-passi-reolon-%e2%80%9cper-le-dolomiti-non-e-il-momento-di-costruire-barriere%e2%80%9d\\\/\"]}]},{\"@type\":\"ImageObject\",\"inLanguage\":\"fr-FR\",\"@id\":\"https:\\\/\\\/www.bellunopress.it\\\/2009\\\/06\\\/12\\\/ticket-sui-passi-reolon-%e2%80%9cper-le-dolomiti-non-e-il-momento-di-costruire-barriere%e2%80%9d\\\/#primaryimage\",\"url\":\"http:\\\/\\\/www.bellunopress.it\\\/wp-content\\\/uploads\\\/2009\\\/06\\\/dolomiti-leggera1-150x1501.jpg\",\"contentUrl\":\"http:\\\/\\\/www.bellunopress.it\\\/wp-content\\\/uploads\\\/2009\\\/06\\\/dolomiti-leggera1-150x1501.jpg\"},{\"@type\":\"BreadcrumbList\",\"@id\":\"https:\\\/\\\/www.bellunopress.it\\\/2009\\\/06\\\/12\\\/ticket-sui-passi-reolon-%e2%80%9cper-le-dolomiti-non-e-il-momento-di-costruire-barriere%e2%80%9d\\\/#breadcrumb\",\"itemListElement\":[{\"@type\":\"ListItem\",\"position\":1,\"name\":\"Home\",\"item\":\"https:\\\/\\\/www.bellunopress.it\\\/\"},{\"@type\":\"ListItem\",\"position\":2,\"name\":\"Ticket sui Passi? Reolon: \u201cPer le Dolomiti non \u00e8 il momento di costruire barriere\u201d\"}]},{\"@type\":\"WebSite\",\"@id\":\"https:\\\/\\\/www.bellunopress.it\\\/#website\",\"url\":\"https:\\\/\\\/www.bellunopress.it\\\/\",\"name\":\"Bellunopress - Dolomiti\",\"description\":\"e-mail: redazione@bellunopress.it\",\"publisher\":{\"@id\":\"https:\\\/\\\/www.bellunopress.it\\\/#organization\"},\"potentialAction\":[{\"@type\":\"SearchAction\",\"target\":{\"@type\":\"EntryPoint\",\"urlTemplate\":\"https:\\\/\\\/www.bellunopress.it\\\/?s={search_term_string}\"},\"query-input\":{\"@type\":\"PropertyValueSpecification\",\"valueRequired\":true,\"valueName\":\"search_term_string\"}}],\"inLanguage\":\"fr-FR\"},{\"@type\":\"Organization\",\"@id\":\"https:\\\/\\\/www.bellunopress.it\\\/#organization\",\"name\":\"Bellunopress\",\"url\":\"https:\\\/\\\/www.bellunopress.it\\\/\",\"logo\":{\"@type\":\"ImageObject\",\"inLanguage\":\"fr-FR\",\"@id\":\"https:\\\/\\\/www.bellunopress.it\\\/#\\\/schema\\\/logo\\\/image\\\/\",\"url\":\"https:\\\/\\\/www.bellunopress.it\\\/wp-content\\\/uploads\\\/2011\\\/05\\\/cropped-logo-bellunopress-.jpg\",\"contentUrl\":\"https:\\\/\\\/www.bellunopress.it\\\/wp-content\\\/uploads\\\/2011\\\/05\\\/cropped-logo-bellunopress-.jpg\",\"width\":512,\"height\":512,\"caption\":\"Bellunopress\"},\"image\":{\"@id\":\"https:\\\/\\\/www.bellunopress.it\\\/#\\\/schema\\\/logo\\\/image\\\/\"},\"sameAs\":[\"https:\\\/\\\/www.facebook.com\\\/profile.php?id=100008943462799\",\"https:\\\/\\\/x.com\\\/bellunopress\",\"https:\\\/\\\/www.linkedin.com\\\/hp\\\/?dnr=JBzUWaJfMUw8vbXJJ2tVW5-I3jZKvC4wsoxE&amp;amp;amp;amp;amp;amp;trk=nav_responsive_tab_home\",\"https:\\\/\\\/www.youtube.com\\\/channel\\\/UCxL0wu1uN0_3_7hGG0306cw\"]},{\"@type\":\"Person\",\"@id\":\"https:\\\/\\\/www.bellunopress.it\\\/#\\\/schema\\\/person\\\/79bb06722b37ece1c03d3e94beb30d73\",\"name\":\"redazione\",\"image\":{\"@type\":\"ImageObject\",\"inLanguage\":\"fr-FR\",\"@id\":\"https:\\\/\\\/secure.gravatar.com\\\/avatar\\\/37d968a2e67a6fd04c169c4bdef102d0bc5d31b2546345219e348575eb80e9a0?s=96&d=mm&r=g\",\"url\":\"https:\\\/\\\/secure.gravatar.com\\\/avatar\\\/37d968a2e67a6fd04c169c4bdef102d0bc5d31b2546345219e348575eb80e9a0?s=96&d=mm&r=g\",\"contentUrl\":\"https:\\\/\\\/secure.gravatar.com\\\/avatar\\\/37d968a2e67a6fd04c169c4bdef102d0bc5d31b2546345219e348575eb80e9a0?s=96&d=mm&r=g\",\"caption\":\"redazione\"},\"sameAs\":[\"http:\\\/\\\/www.bellunopress.it\",\"https:\\\/\\\/x.com\\\/bellunopress\"],\"url\":\"https:\\\/\\\/www.bellunopress.it\\\/fr\\\/author\\\/redazione\\\/\"}]}<\/script>\n<!-- \/ Yoast SEO plugin. -->","yoast_head_json":{"title":"Ticket sui Passi? Reolon: \u201cPer le Dolomiti non \u00e8 il momento di costruire barriere\u201d - Bellunopress - Dolomiti","robots":{"index":"index","follow":"follow","max-snippet":"max-snippet:-1","max-image-preview":"max-image-preview:large","max-video-preview":"max-video-preview:-1"},"canonical":"https:\/\/www.bellunopress.it\/fr\/2009\/06\/12\/ticket-sui-passi-reolon-\u201cper-le-dolomiti-non-e-il-momento-di-costruire-barriere\u201d\/","og_locale":"fr_FR","og_type":"article","og_title":"Ticket sui Passi? Reolon: \u201cPer le Dolomiti non \u00e8 il momento di costruire barriere\u201d - Bellunopress - Dolomiti","og_description":"Il pedaggio sui Passi delle Dolomiti non \u00e8 all&#8217;ordine del giorno e non lo sar\u00e0 nemmeno per i prossimi 5 anni, cio\u00e8 fino a quando io sar\u00f2 presidente della Provincia di Belluno\u201d. Sergio Reolon rassicura il Comitato per la salvaguardia dei passi dolomitici, che in un documento denuncia i danni dei paventati ticket proposti dall&#8217;Alto [&hellip;]","og_url":"https:\/\/www.bellunopress.it\/fr\/2009\/06\/12\/ticket-sui-passi-reolon-\u201cper-le-dolomiti-non-e-il-momento-di-costruire-barriere\u201d\/","og_site_name":"Bellunopress - Dolomiti","article_publisher":"https:\/\/www.facebook.com\/profile.php?id=100008943462799","article_published_time":"2009-06-12T10:11:48+00:00","article_modified_time":"2009-06-12T10:12:08+00:00","og_image":[{"url":"http:\/\/www.bellunopress.it\/wp-content\/uploads\/2009\/06\/dolomiti-leggera1-150x1501.jpg","type":"","width":"","height":""}],"author":"redazione","twitter_card":"summary_large_image","twitter_creator":"@bellunopress","twitter_site":"@bellunopress","twitter_misc":{"Written by":"redazione","Est. reading time":"1 minute"},"schema":{"@context":"https:\/\/schema.org","@graph":[{"@type":"Article","@id":"https:\/\/www.bellunopress.it\/2009\/06\/12\/ticket-sui-passi-reolon-%e2%80%9cper-le-dolomiti-non-e-il-momento-di-costruire-barriere%e2%80%9d\/#article","isPartOf":{"@id":"https:\/\/www.bellunopress.it\/2009\/06\/12\/ticket-sui-passi-reolon-%e2%80%9cper-le-dolomiti-non-e-il-momento-di-costruire-barriere%e2%80%9d\/"},"author":{"name":"redazione","@id":"https:\/\/www.bellunopress.it\/#\/schema\/person\/79bb06722b37ece1c03d3e94beb30d73"},"headline":"Ticket sui Passi? Reolon: \u201cPer le Dolomiti non \u00e8 il momento di costruire barriere\u201d","datePublished":"2009-06-12T10:11:48+00:00","dateModified":"2009-06-12T10:12:08+00:00","mainEntityOfPage":{"@id":"https:\/\/www.bellunopress.it\/2009\/06\/12\/ticket-sui-passi-reolon-%e2%80%9cper-le-dolomiti-non-e-il-momento-di-costruire-barriere%e2%80%9d\/"},"wordCount":196,"publisher":{"@id":"https:\/\/www.bellunopress.it\/#organization"},"image":{"@id":"https:\/\/www.bellunopress.it\/2009\/06\/12\/ticket-sui-passi-reolon-%e2%80%9cper-le-dolomiti-non-e-il-momento-di-costruire-barriere%e2%80%9d\/#primaryimage"},"thumbnailUrl":"http:\/\/www.bellunopress.it\/wp-content\/uploads\/2009\/06\/dolomiti-leggera1-150x1501.jpg","keywords":["Belluno","Dolomiti"],"articleSection":["Cronaca\/Politica","Prima Pagina"],"inLanguage":"fr-FR"},{"@type":"WebPage","@id":"https:\/\/www.bellunopress.it\/2009\/06\/12\/ticket-sui-passi-reolon-%e2%80%9cper-le-dolomiti-non-e-il-momento-di-costruire-barriere%e2%80%9d\/","url":"https:\/\/www.bellunopress.it\/2009\/06\/12\/ticket-sui-passi-reolon-%e2%80%9cper-le-dolomiti-non-e-il-momento-di-costruire-barriere%e2%80%9d\/","name":"Ticket sui Passi? Reolon: \u201cPer le Dolomiti non \u00e8 il momento di costruire barriere\u201d - Bellunopress - Dolomiti","isPartOf":{"@id":"https:\/\/www.bellunopress.it\/#website"},"primaryImageOfPage":{"@id":"https:\/\/www.bellunopress.it\/2009\/06\/12\/ticket-sui-passi-reolon-%e2%80%9cper-le-dolomiti-non-e-il-momento-di-costruire-barriere%e2%80%9d\/#primaryimage"},"image":{"@id":"https:\/\/www.bellunopress.it\/2009\/06\/12\/ticket-sui-passi-reolon-%e2%80%9cper-le-dolomiti-non-e-il-momento-di-costruire-barriere%e2%80%9d\/#primaryimage"},"thumbnailUrl":"http:\/\/www.bellunopress.it\/wp-content\/uploads\/2009\/06\/dolomiti-leggera1-150x1501.jpg","datePublished":"2009-06-12T10:11:48+00:00","dateModified":"2009-06-12T10:12:08+00:00","breadcrumb":{"@id":"https:\/\/www.bellunopress.it\/2009\/06\/12\/ticket-sui-passi-reolon-%e2%80%9cper-le-dolomiti-non-e-il-momento-di-costruire-barriere%e2%80%9d\/#breadcrumb"},"inLanguage":"fr-FR","potentialAction":[{"@type":"ReadAction","target":["https:\/\/www.bellunopress.it\/2009\/06\/12\/ticket-sui-passi-reolon-%e2%80%9cper-le-dolomiti-non-e-il-momento-di-costruire-barriere%e2%80%9d\/"]}]},{"@type":"ImageObject","inLanguage":"fr-FR","@id":"https:\/\/www.bellunopress.it\/2009\/06\/12\/ticket-sui-passi-reolon-%e2%80%9cper-le-dolomiti-non-e-il-momento-di-costruire-barriere%e2%80%9d\/#primaryimage","url":"http:\/\/www.bellunopress.it\/wp-content\/uploads\/2009\/06\/dolomiti-leggera1-150x1501.jpg","contentUrl":"http:\/\/www.bellunopress.it\/wp-content\/uploads\/2009\/06\/dolomiti-leggera1-150x1501.jpg"},{"@type":"BreadcrumbList","@id":"https:\/\/www.bellunopress.it\/2009\/06\/12\/ticket-sui-passi-reolon-%e2%80%9cper-le-dolomiti-non-e-il-momento-di-costruire-barriere%e2%80%9d\/#breadcrumb","itemListElement":[{"@type":"ListItem","position":1,"name":"Home","item":"https:\/\/www.bellunopress.it\/"},{"@type":"ListItem","position":2,"name":"Ticket sui Passi? Reolon: \u201cPer le Dolomiti non \u00e8 il momento di costruire barriere\u201d"}]},{"@type":"WebSite","@id":"https:\/\/www.bellunopress.it\/#website","url":"https:\/\/www.bellunopress.it\/","name":"Bellunopress - Dolomiti","description":"e-mail: redazione@bellunopress.it","publisher":{"@id":"https:\/\/www.bellunopress.it\/#organization"},"potentialAction":[{"@type":"SearchAction","target":{"@type":"EntryPoint","urlTemplate":"https:\/\/www.bellunopress.it\/?s={search_term_string}"},"query-input":{"@type":"PropertyValueSpecification","valueRequired":true,"valueName":"search_term_string"}}],"inLanguage":"fr-FR"},{"@type":"Organization","@id":"https:\/\/www.bellunopress.it\/#organization","name":"Bellunopress","url":"https:\/\/www.bellunopress.it\/","logo":{"@type":"ImageObject","inLanguage":"fr-FR","@id":"https:\/\/www.bellunopress.it\/#\/schema\/logo\/image\/","url":"https:\/\/www.bellunopress.it\/wp-content\/uploads\/2011\/05\/cropped-logo-bellunopress-.jpg","contentUrl":"https:\/\/www.bellunopress.it\/wp-content\/uploads\/2011\/05\/cropped-logo-bellunopress-.jpg","width":512,"height":512,"caption":"Bellunopress"},"image":{"@id":"https:\/\/www.bellunopress.it\/#\/schema\/logo\/image\/"},"sameAs":["https:\/\/www.facebook.com\/profile.php?id=100008943462799","https:\/\/x.com\/bellunopress","https:\/\/www.linkedin.com\/hp\/?dnr=JBzUWaJfMUw8vbXJJ2tVW5-I3jZKvC4wsoxE&amp;amp;amp;amp;amp;amp;trk=nav_responsive_tab_home","https:\/\/www.youtube.com\/channel\/UCxL0wu1uN0_3_7hGG0306cw"]},{"@type":"Person","@id":"https:\/\/www.bellunopress.it\/#\/schema\/person\/79bb06722b37ece1c03d3e94beb30d73","name":"r\u00e9daction","image":{"@type":"ImageObject","inLanguage":"fr-FR","@id":"https:\/\/secure.gravatar.com\/avatar\/37d968a2e67a6fd04c169c4bdef102d0bc5d31b2546345219e348575eb80e9a0?s=96&d=mm&r=g","url":"https:\/\/secure.gravatar.com\/avatar\/37d968a2e67a6fd04c169c4bdef102d0bc5d31b2546345219e348575eb80e9a0?s=96&d=mm&r=g","contentUrl":"https:\/\/secure.gravatar.com\/avatar\/37d968a2e67a6fd04c169c4bdef102d0bc5d31b2546345219e348575eb80e9a0?s=96&d=mm&r=g","caption":"redazione"},"sameAs":["http:\/\/www.bellunopress.it","https:\/\/x.com\/bellunopress"],"url":"https:\/\/www.bellunopress.it\/fr\/author\/redazione\/"}]}},"_links":{"self":[{"href":"https:\/\/www.bellunopress.it\/fr\/wp-json\/wp\/v2\/posts\/4731","targetHints":{"allow":["GET"]}}],"collection":[{"href":"https:\/\/www.bellunopress.it\/fr\/wp-json\/wp\/v2\/posts"}],"about":[{"href":"https:\/\/www.bellunopress.it\/fr\/wp-json\/wp\/v2\/types\/post"}],"author":[{"embeddable":true,"href":"https:\/\/www.bellunopress.it\/fr\/wp-json\/wp\/v2\/users\/2"}],"replies":[{"embeddable":true,"href":"https:\/\/www.bellunopress.it\/fr\/wp-json\/wp\/v2\/comments?post=4731"}],"version-history":[{"count":2,"href":"https:\/\/www.bellunopress.it\/fr\/wp-json\/wp\/v2\/posts\/4731\/revisions"}],"predecessor-version":[{"id":4734,"href":"https:\/\/www.bellunopress.it\/fr\/wp-json\/wp\/v2\/posts\/4731\/revisions\/4734"}],"wp:attachment":[{"href":"https:\/\/www.bellunopress.it\/fr\/wp-json\/wp\/v2\/media?parent=4731"}],"wp:term":[{"taxonomy":"category","embeddable":true,"href":"https:\/\/www.bellunopress.it\/fr\/wp-json\/wp\/v2\/categories?post=4731"},{"taxonomy":"post_tag","embeddable":true,"href":"https:\/\/www.bellunopress.it\/fr\/wp-json\/wp\/v2\/tags?post=4731"}],"curies":[{"name":"wp","href":"https:\/\/api.w.org\/{rel}","templated":true}]}}