{"id":47303,"date":"2013-03-04T17:45:01","date_gmt":"2013-03-04T16:45:01","guid":{"rendered":"http:\/\/www.bellunopress.it\/?p=47303"},"modified":"2013-03-04T17:45:01","modified_gmt":"2013-03-04T16:45:01","slug":"i-poliziotti-di-quartiere-arrestano-un-latitante","status":"publish","type":"post","link":"https:\/\/www.bellunopress.it\/fr\/2013\/03\/04\/i-poliziotti-di-quartiere-arrestano-un-latitante\/","title":{"rendered":"I poliziotti di quartiere arrestano un latitante"},"content":{"rendered":"<p><a href=\"http:\/\/www.bellunopress.it\/wp-content\/uploads\/2011\/08\/polizia-150x113.jpg\"><img loading=\"lazy\" decoding=\"async\" class=\"alignleft size-full wp-image-29780\" alt=\"polizia 150x113\" src=\"http:\/\/www.bellunopress.it\/wp-content\/uploads\/2011\/08\/polizia-150x113.jpg\" width=\"150\" height=\"113\" \/><\/a>Nel corso dei rafforzati servizi di controllo del territorio disposti dal Questore Ingrassia, per contrastare il fenomeno dei furti nel capoluogo, i poliziotti di quartiere, nella mattinata di sabato, nel corso di un servizio di perlustrazione notavano un\u2019autovettura Chrysler di colore grigio con vetri oscurati parcheggiata in via Vittorio Veneto. Che alla vista della pattuglia si spostava nel parcheggio di un vicino supermercato. I poliziotti, insospettiti da tale atteggiamento e dal fatto che dalla vettura non scendeva nessuno, bloccavano l\u2019autovettura per effettuare il controllo di conducente e passeggeri, anche con il supporto di una Volante della Questura inviata immediatamente in ausilio.<\/p>\n<p>Dalla verifica dei soggetti, tre uomini e una donna, tutti di nazionalit\u00e0 rumena, emergeva che il conducente aveva precedenti per armi e ricettazione, mentre un passeggero M. A. M. di anni 30, era ricercato avendo a carico un ordine di carcerazione della Procura Generale di Roma, per una condanna a 1 anno e 28 giorni di reclusione per furti connessi nella zona di Roma.<\/p>\n<p>A seguito della perquisizione del mezzo venivano scoperti nel vano del cruscotto alcuni oggetti atti allo scasso, quali un coltello ed un cacciavite, che venivano sottoposti a sequestro. Per tale ragione il conducente D.A.F, di anni 32 cittadino rumeno, veniva denunciato in stato di libert\u00e0 per possesso ingiustificato di armi. Sequestrata anche una radio ricetrasmittente, idonea alla ricezione delle comunicazioni della Forze di Polizia.<\/p>\n<p>Al termine dell\u2019attivit\u00e0 il ricercato veniva associato alla Casa Circondariale di Belluno.<\/p>\n<p>Le quattro persone, ritenute socialmente pericolose e dedite a probabili furti, sono stati fatti oggetto da parte del Questore di foglio di via con divieto di ritorno per anni tre nella provincia di Belluno.<\/p>\n<p>In caso di violazione rischiano una denuncia e una condanna fino a 6 mesi di arresto.<\/p>\n<p>&nbsp;<\/p>","protected":false},"excerpt":{"rendered":"<p>Nel corso dei rafforzati servizi di controllo del territorio disposti dal Questore Ingrassia, per contrastare il fenomeno dei furti nel capoluogo, i poliziotti di quartiere, nella mattinata di sabato, nel corso di un servizio di perlustrazione notavano un\u2019autovettura Chrysler di colore grigio con vetri oscurati parcheggiata in via Vittorio Veneto. Che alla vista della pattuglia [&hellip;]<\/p>\n","protected":false},"author":2,"featured_media":0,"comment_status":"closed","ping_status":"open","sticky":false,"template":"","format":"standard","meta":{"footnotes":""},"categories":[5,26],"tags":[],"class_list":["post-47303","post","type-post","status-publish","format-standard","category-cronaca","category-prima-pagina"],"yoast_head":"<!-- This site is optimized with the Yoast SEO plugin v28.4 - https:\/\/yoast.com\/product\/yoast-seo-wordpress\/ -->\n<title>I poliziotti di quartiere arrestano un latitante - Bellunopress - Dolomiti<\/title>\n<meta name=\"robots\" content=\"index, follow, max-snippet:-1, max-image-preview:large, max-video-preview:-1\" \/>\n<link rel=\"canonical\" href=\"https:\/\/www.bellunopress.it\/fr\/2013\/03\/04\/i-poliziotti-di-quartiere-arrestano-un-latitante\/\" \/>\n<meta property=\"og:locale\" content=\"fr_FR\" \/>\n<meta property=\"og:type\" content=\"article\" \/>\n<meta property=\"og:title\" content=\"I poliziotti di quartiere arrestano un latitante - Bellunopress - Dolomiti\" \/>\n<meta property=\"og:description\" content=\"Nel corso dei rafforzati servizi di controllo del territorio disposti dal Questore Ingrassia, per contrastare il fenomeno dei furti nel capoluogo, i poliziotti di quartiere, nella mattinata di sabato, nel corso di un servizio di perlustrazione notavano un\u2019autovettura Chrysler di colore grigio con vetri oscurati parcheggiata in via Vittorio Veneto. Che alla vista della pattuglia [&hellip;]\" \/>\n<meta property=\"og:url\" content=\"https:\/\/www.bellunopress.it\/fr\/2013\/03\/04\/i-poliziotti-di-quartiere-arrestano-un-latitante\/\" \/>\n<meta property=\"og:site_name\" content=\"Bellunopress - Dolomiti\" \/>\n<meta property=\"article:publisher\" content=\"https:\/\/www.facebook.com\/profile.php?id=100008943462799\" \/>\n<meta property=\"article:published_time\" content=\"2013-03-04T16:45:01+00:00\" \/>\n<meta property=\"og:image\" content=\"http:\/\/www.bellunopress.it\/wp-content\/uploads\/2011\/08\/polizia-150x113.jpg\" \/>\n<meta name=\"author\" content=\"redazione\" \/>\n<meta name=\"twitter:card\" content=\"summary_large_image\" \/>\n<meta name=\"twitter:creator\" content=\"@bellunopress\" \/>\n<meta name=\"twitter:site\" content=\"@bellunopress\" \/>\n<meta name=\"twitter:label1\" content=\"\u00c9crit par\" \/>\n\t<meta name=\"twitter:data1\" content=\"redazione\" \/>\n\t<meta name=\"twitter:label2\" content=\"Dur\u00e9e de lecture estim\u00e9e\" \/>\n\t<meta name=\"twitter:data2\" content=\"1 minute\" \/>\n<script type=\"application\/ld+json\" class=\"yoast-schema-graph\">{\"@context\":\"https:\\\/\\\/schema.org\",\"@graph\":[{\"@type\":\"Article\",\"@id\":\"https:\\\/\\\/www.bellunopress.it\\\/2013\\\/03\\\/04\\\/i-poliziotti-di-quartiere-arrestano-un-latitante\\\/#article\",\"isPartOf\":{\"@id\":\"https:\\\/\\\/www.bellunopress.it\\\/2013\\\/03\\\/04\\\/i-poliziotti-di-quartiere-arrestano-un-latitante\\\/\"},\"author\":{\"name\":\"redazione\",\"@id\":\"https:\\\/\\\/www.bellunopress.it\\\/#\\\/schema\\\/person\\\/79bb06722b37ece1c03d3e94beb30d73\"},\"headline\":\"I poliziotti di quartiere arrestano un latitante\",\"datePublished\":\"2013-03-04T16:45:01+00:00\",\"mainEntityOfPage\":{\"@id\":\"https:\\\/\\\/www.bellunopress.it\\\/2013\\\/03\\\/04\\\/i-poliziotti-di-quartiere-arrestano-un-latitante\\\/\"},\"wordCount\":299,\"publisher\":{\"@id\":\"https:\\\/\\\/www.bellunopress.it\\\/#organization\"},\"image\":{\"@id\":\"https:\\\/\\\/www.bellunopress.it\\\/2013\\\/03\\\/04\\\/i-poliziotti-di-quartiere-arrestano-un-latitante\\\/#primaryimage\"},\"thumbnailUrl\":\"http:\\\/\\\/www.bellunopress.it\\\/wp-content\\\/uploads\\\/2011\\\/08\\\/polizia-150x113.jpg\",\"articleSection\":[\"Cronaca\\\/Politica\",\"Prima Pagina\"],\"inLanguage\":\"fr-FR\"},{\"@type\":\"WebPage\",\"@id\":\"https:\\\/\\\/www.bellunopress.it\\\/2013\\\/03\\\/04\\\/i-poliziotti-di-quartiere-arrestano-un-latitante\\\/\",\"url\":\"https:\\\/\\\/www.bellunopress.it\\\/2013\\\/03\\\/04\\\/i-poliziotti-di-quartiere-arrestano-un-latitante\\\/\",\"name\":\"I poliziotti di quartiere arrestano un latitante - Bellunopress - Dolomiti\",\"isPartOf\":{\"@id\":\"https:\\\/\\\/www.bellunopress.it\\\/#website\"},\"primaryImageOfPage\":{\"@id\":\"https:\\\/\\\/www.bellunopress.it\\\/2013\\\/03\\\/04\\\/i-poliziotti-di-quartiere-arrestano-un-latitante\\\/#primaryimage\"},\"image\":{\"@id\":\"https:\\\/\\\/www.bellunopress.it\\\/2013\\\/03\\\/04\\\/i-poliziotti-di-quartiere-arrestano-un-latitante\\\/#primaryimage\"},\"thumbnailUrl\":\"http:\\\/\\\/www.bellunopress.it\\\/wp-content\\\/uploads\\\/2011\\\/08\\\/polizia-150x113.jpg\",\"datePublished\":\"2013-03-04T16:45:01+00:00\",\"breadcrumb\":{\"@id\":\"https:\\\/\\\/www.bellunopress.it\\\/2013\\\/03\\\/04\\\/i-poliziotti-di-quartiere-arrestano-un-latitante\\\/#breadcrumb\"},\"inLanguage\":\"fr-FR\",\"potentialAction\":[{\"@type\":\"ReadAction\",\"target\":[\"https:\\\/\\\/www.bellunopress.it\\\/2013\\\/03\\\/04\\\/i-poliziotti-di-quartiere-arrestano-un-latitante\\\/\"]}]},{\"@type\":\"ImageObject\",\"inLanguage\":\"fr-FR\",\"@id\":\"https:\\\/\\\/www.bellunopress.it\\\/2013\\\/03\\\/04\\\/i-poliziotti-di-quartiere-arrestano-un-latitante\\\/#primaryimage\",\"url\":\"http:\\\/\\\/www.bellunopress.it\\\/wp-content\\\/uploads\\\/2011\\\/08\\\/polizia-150x113.jpg\",\"contentUrl\":\"http:\\\/\\\/www.bellunopress.it\\\/wp-content\\\/uploads\\\/2011\\\/08\\\/polizia-150x113.jpg\"},{\"@type\":\"BreadcrumbList\",\"@id\":\"https:\\\/\\\/www.bellunopress.it\\\/2013\\\/03\\\/04\\\/i-poliziotti-di-quartiere-arrestano-un-latitante\\\/#breadcrumb\",\"itemListElement\":[{\"@type\":\"ListItem\",\"position\":1,\"name\":\"Home\",\"item\":\"https:\\\/\\\/www.bellunopress.it\\\/\"},{\"@type\":\"ListItem\",\"position\":2,\"name\":\"I poliziotti di quartiere arrestano un latitante\"}]},{\"@type\":\"WebSite\",\"@id\":\"https:\\\/\\\/www.bellunopress.it\\\/#website\",\"url\":\"https:\\\/\\\/www.bellunopress.it\\\/\",\"name\":\"Bellunopress - Dolomiti\",\"description\":\"e-mail: redazione@bellunopress.it\",\"publisher\":{\"@id\":\"https:\\\/\\\/www.bellunopress.it\\\/#organization\"},\"potentialAction\":[{\"@type\":\"SearchAction\",\"target\":{\"@type\":\"EntryPoint\",\"urlTemplate\":\"https:\\\/\\\/www.bellunopress.it\\\/?s={search_term_string}\"},\"query-input\":{\"@type\":\"PropertyValueSpecification\",\"valueRequired\":true,\"valueName\":\"search_term_string\"}}],\"inLanguage\":\"fr-FR\"},{\"@type\":\"Organization\",\"@id\":\"https:\\\/\\\/www.bellunopress.it\\\/#organization\",\"name\":\"Bellunopress\",\"url\":\"https:\\\/\\\/www.bellunopress.it\\\/\",\"logo\":{\"@type\":\"ImageObject\",\"inLanguage\":\"fr-FR\",\"@id\":\"https:\\\/\\\/www.bellunopress.it\\\/#\\\/schema\\\/logo\\\/image\\\/\",\"url\":\"https:\\\/\\\/www.bellunopress.it\\\/wp-content\\\/uploads\\\/2011\\\/05\\\/cropped-logo-bellunopress-.jpg\",\"contentUrl\":\"https:\\\/\\\/www.bellunopress.it\\\/wp-content\\\/uploads\\\/2011\\\/05\\\/cropped-logo-bellunopress-.jpg\",\"width\":512,\"height\":512,\"caption\":\"Bellunopress\"},\"image\":{\"@id\":\"https:\\\/\\\/www.bellunopress.it\\\/#\\\/schema\\\/logo\\\/image\\\/\"},\"sameAs\":[\"https:\\\/\\\/www.facebook.com\\\/profile.php?id=100008943462799\",\"https:\\\/\\\/x.com\\\/bellunopress\",\"https:\\\/\\\/www.linkedin.com\\\/hp\\\/?dnr=JBzUWaJfMUw8vbXJJ2tVW5-I3jZKvC4wsoxE&amp;amp;amp;amp;amp;amp;trk=nav_responsive_tab_home\",\"https:\\\/\\\/www.youtube.com\\\/channel\\\/UCxL0wu1uN0_3_7hGG0306cw\"]},{\"@type\":\"Person\",\"@id\":\"https:\\\/\\\/www.bellunopress.it\\\/#\\\/schema\\\/person\\\/79bb06722b37ece1c03d3e94beb30d73\",\"name\":\"redazione\",\"image\":{\"@type\":\"ImageObject\",\"inLanguage\":\"fr-FR\",\"@id\":\"https:\\\/\\\/secure.gravatar.com\\\/avatar\\\/37d968a2e67a6fd04c169c4bdef102d0bc5d31b2546345219e348575eb80e9a0?s=96&d=mm&r=g\",\"url\":\"https:\\\/\\\/secure.gravatar.com\\\/avatar\\\/37d968a2e67a6fd04c169c4bdef102d0bc5d31b2546345219e348575eb80e9a0?s=96&d=mm&r=g\",\"contentUrl\":\"https:\\\/\\\/secure.gravatar.com\\\/avatar\\\/37d968a2e67a6fd04c169c4bdef102d0bc5d31b2546345219e348575eb80e9a0?s=96&d=mm&r=g\",\"caption\":\"redazione\"},\"sameAs\":[\"http:\\\/\\\/www.bellunopress.it\",\"https:\\\/\\\/x.com\\\/bellunopress\"],\"url\":\"https:\\\/\\\/www.bellunopress.it\\\/fr\\\/author\\\/redazione\\\/\"}]}<\/script>\n<!-- \/ Yoast SEO plugin. -->","yoast_head_json":{"title":"I poliziotti di quartiere arrestano un latitante - Bellunopress - Dolomiti","robots":{"index":"index","follow":"follow","max-snippet":"max-snippet:-1","max-image-preview":"max-image-preview:large","max-video-preview":"max-video-preview:-1"},"canonical":"https:\/\/www.bellunopress.it\/fr\/2013\/03\/04\/i-poliziotti-di-quartiere-arrestano-un-latitante\/","og_locale":"fr_FR","og_type":"article","og_title":"I poliziotti di quartiere arrestano un latitante - Bellunopress - Dolomiti","og_description":"Nel corso dei rafforzati servizi di controllo del territorio disposti dal Questore Ingrassia, per contrastare il fenomeno dei furti nel capoluogo, i poliziotti di quartiere, nella mattinata di sabato, nel corso di un servizio di perlustrazione notavano un\u2019autovettura Chrysler di colore grigio con vetri oscurati parcheggiata in via Vittorio Veneto. Che alla vista della pattuglia [&hellip;]","og_url":"https:\/\/www.bellunopress.it\/fr\/2013\/03\/04\/i-poliziotti-di-quartiere-arrestano-un-latitante\/","og_site_name":"Bellunopress - Dolomiti","article_publisher":"https:\/\/www.facebook.com\/profile.php?id=100008943462799","article_published_time":"2013-03-04T16:45:01+00:00","og_image":[{"url":"http:\/\/www.bellunopress.it\/wp-content\/uploads\/2011\/08\/polizia-150x113.jpg","type":"","width":"","height":""}],"author":"redazione","twitter_card":"summary_large_image","twitter_creator":"@bellunopress","twitter_site":"@bellunopress","twitter_misc":{"\u00c9crit par":"redazione","Dur\u00e9e de lecture estim\u00e9e":"1 minute"},"schema":{"@context":"https:\/\/schema.org","@graph":[{"@type":"Article","@id":"https:\/\/www.bellunopress.it\/2013\/03\/04\/i-poliziotti-di-quartiere-arrestano-un-latitante\/#article","isPartOf":{"@id":"https:\/\/www.bellunopress.it\/2013\/03\/04\/i-poliziotti-di-quartiere-arrestano-un-latitante\/"},"author":{"name":"redazione","@id":"https:\/\/www.bellunopress.it\/#\/schema\/person\/79bb06722b37ece1c03d3e94beb30d73"},"headline":"I poliziotti di quartiere arrestano un latitante","datePublished":"2013-03-04T16:45:01+00:00","mainEntityOfPage":{"@id":"https:\/\/www.bellunopress.it\/2013\/03\/04\/i-poliziotti-di-quartiere-arrestano-un-latitante\/"},"wordCount":299,"publisher":{"@id":"https:\/\/www.bellunopress.it\/#organization"},"image":{"@id":"https:\/\/www.bellunopress.it\/2013\/03\/04\/i-poliziotti-di-quartiere-arrestano-un-latitante\/#primaryimage"},"thumbnailUrl":"http:\/\/www.bellunopress.it\/wp-content\/uploads\/2011\/08\/polizia-150x113.jpg","articleSection":["Cronaca\/Politica","Prima Pagina"],"inLanguage":"fr-FR"},{"@type":"WebPage","@id":"https:\/\/www.bellunopress.it\/2013\/03\/04\/i-poliziotti-di-quartiere-arrestano-un-latitante\/","url":"https:\/\/www.bellunopress.it\/2013\/03\/04\/i-poliziotti-di-quartiere-arrestano-un-latitante\/","name":"I poliziotti di quartiere arrestano un latitante - Bellunopress - Dolomiti","isPartOf":{"@id":"https:\/\/www.bellunopress.it\/#website"},"primaryImageOfPage":{"@id":"https:\/\/www.bellunopress.it\/2013\/03\/04\/i-poliziotti-di-quartiere-arrestano-un-latitante\/#primaryimage"},"image":{"@id":"https:\/\/www.bellunopress.it\/2013\/03\/04\/i-poliziotti-di-quartiere-arrestano-un-latitante\/#primaryimage"},"thumbnailUrl":"http:\/\/www.bellunopress.it\/wp-content\/uploads\/2011\/08\/polizia-150x113.jpg","datePublished":"2013-03-04T16:45:01+00:00","breadcrumb":{"@id":"https:\/\/www.bellunopress.it\/2013\/03\/04\/i-poliziotti-di-quartiere-arrestano-un-latitante\/#breadcrumb"},"inLanguage":"fr-FR","potentialAction":[{"@type":"ReadAction","target":["https:\/\/www.bellunopress.it\/2013\/03\/04\/i-poliziotti-di-quartiere-arrestano-un-latitante\/"]}]},{"@type":"ImageObject","inLanguage":"fr-FR","@id":"https:\/\/www.bellunopress.it\/2013\/03\/04\/i-poliziotti-di-quartiere-arrestano-un-latitante\/#primaryimage","url":"http:\/\/www.bellunopress.it\/wp-content\/uploads\/2011\/08\/polizia-150x113.jpg","contentUrl":"http:\/\/www.bellunopress.it\/wp-content\/uploads\/2011\/08\/polizia-150x113.jpg"},{"@type":"BreadcrumbList","@id":"https:\/\/www.bellunopress.it\/2013\/03\/04\/i-poliziotti-di-quartiere-arrestano-un-latitante\/#breadcrumb","itemListElement":[{"@type":"ListItem","position":1,"name":"Home","item":"https:\/\/www.bellunopress.it\/"},{"@type":"ListItem","position":2,"name":"I poliziotti di quartiere arrestano un latitante"}]},{"@type":"WebSite","@id":"https:\/\/www.bellunopress.it\/#website","url":"https:\/\/www.bellunopress.it\/","name":"Bellunopress - Dolomiti","description":"e-mail: redazione@bellunopress.it","publisher":{"@id":"https:\/\/www.bellunopress.it\/#organization"},"potentialAction":[{"@type":"SearchAction","target":{"@type":"EntryPoint","urlTemplate":"https:\/\/www.bellunopress.it\/?s={search_term_string}"},"query-input":{"@type":"PropertyValueSpecification","valueRequired":true,"valueName":"search_term_string"}}],"inLanguage":"fr-FR"},{"@type":"Organization","@id":"https:\/\/www.bellunopress.it\/#organization","name":"Bellunopress","url":"https:\/\/www.bellunopress.it\/","logo":{"@type":"ImageObject","inLanguage":"fr-FR","@id":"https:\/\/www.bellunopress.it\/#\/schema\/logo\/image\/","url":"https:\/\/www.bellunopress.it\/wp-content\/uploads\/2011\/05\/cropped-logo-bellunopress-.jpg","contentUrl":"https:\/\/www.bellunopress.it\/wp-content\/uploads\/2011\/05\/cropped-logo-bellunopress-.jpg","width":512,"height":512,"caption":"Bellunopress"},"image":{"@id":"https:\/\/www.bellunopress.it\/#\/schema\/logo\/image\/"},"sameAs":["https:\/\/www.facebook.com\/profile.php?id=100008943462799","https:\/\/x.com\/bellunopress","https:\/\/www.linkedin.com\/hp\/?dnr=JBzUWaJfMUw8vbXJJ2tVW5-I3jZKvC4wsoxE&amp;amp;amp;amp;amp;amp;trk=nav_responsive_tab_home","https:\/\/www.youtube.com\/channel\/UCxL0wu1uN0_3_7hGG0306cw"]},{"@type":"Person","@id":"https:\/\/www.bellunopress.it\/#\/schema\/person\/79bb06722b37ece1c03d3e94beb30d73","name":"r\u00e9daction","image":{"@type":"ImageObject","inLanguage":"fr-FR","@id":"https:\/\/secure.gravatar.com\/avatar\/37d968a2e67a6fd04c169c4bdef102d0bc5d31b2546345219e348575eb80e9a0?s=96&d=mm&r=g","url":"https:\/\/secure.gravatar.com\/avatar\/37d968a2e67a6fd04c169c4bdef102d0bc5d31b2546345219e348575eb80e9a0?s=96&d=mm&r=g","contentUrl":"https:\/\/secure.gravatar.com\/avatar\/37d968a2e67a6fd04c169c4bdef102d0bc5d31b2546345219e348575eb80e9a0?s=96&d=mm&r=g","caption":"redazione"},"sameAs":["http:\/\/www.bellunopress.it","https:\/\/x.com\/bellunopress"],"url":"https:\/\/www.bellunopress.it\/fr\/author\/redazione\/"}]}},"_links":{"self":[{"href":"https:\/\/www.bellunopress.it\/fr\/wp-json\/wp\/v2\/posts\/47303","targetHints":{"allow":["GET"]}}],"collection":[{"href":"https:\/\/www.bellunopress.it\/fr\/wp-json\/wp\/v2\/posts"}],"about":[{"href":"https:\/\/www.bellunopress.it\/fr\/wp-json\/wp\/v2\/types\/post"}],"author":[{"embeddable":true,"href":"https:\/\/www.bellunopress.it\/fr\/wp-json\/wp\/v2\/users\/2"}],"replies":[{"embeddable":true,"href":"https:\/\/www.bellunopress.it\/fr\/wp-json\/wp\/v2\/comments?post=47303"}],"version-history":[{"count":1,"href":"https:\/\/www.bellunopress.it\/fr\/wp-json\/wp\/v2\/posts\/47303\/revisions"}],"predecessor-version":[{"id":47304,"href":"https:\/\/www.bellunopress.it\/fr\/wp-json\/wp\/v2\/posts\/47303\/revisions\/47304"}],"wp:attachment":[{"href":"https:\/\/www.bellunopress.it\/fr\/wp-json\/wp\/v2\/media?parent=47303"}],"wp:term":[{"taxonomy":"category","embeddable":true,"href":"https:\/\/www.bellunopress.it\/fr\/wp-json\/wp\/v2\/categories?post=47303"},{"taxonomy":"post_tag","embeddable":true,"href":"https:\/\/www.bellunopress.it\/fr\/wp-json\/wp\/v2\/tags?post=47303"}],"curies":[{"name":"wp","href":"https:\/\/api.w.org\/{rel}","templated":true}]}}