{"id":47287,"date":"2013-03-03T23:00:29","date_gmt":"2013-03-03T22:00:29","guid":{"rendered":"http:\/\/www.bellunopress.it\/?p=47287"},"modified":"2013-03-03T23:00:29","modified_gmt":"2013-03-03T22:00:29","slug":"un-punto-meritato-per-la-c-belluno","status":"publish","type":"post","link":"https:\/\/www.bellunopress.it\/fr\/2013\/03\/03\/un-punto-meritato-per-la-c-belluno\/","title":{"rendered":"Un punto meritato per l&#8217;A.C. Belluno"},"content":{"rendered":"<p><a href=\"http:\/\/www.bellunopress.it\/wp-content\/uploads\/2012\/10\/calcio-belluno.jpg\"><img loading=\"lazy\" decoding=\"async\" class=\"alignleft size-full wp-image-43253\" alt=\"calcio belluno\" src=\"http:\/\/www.bellunopress.it\/wp-content\/uploads\/2012\/10\/calcio-belluno.jpg\" width=\"270\" height=\"257\" \/><\/a>Valdagno, 03\/03\/2013 \u2013 Punto preziosissimo quello conquistato dall\u2019A.C. Belluno 1905 sul difficile campo del Trissino Valdagno. La partita si \u00e8 chiusa sul risultato di 2-2, con la squadra gialloblu sempre in vantaggio e ripresa solamente a dieci minuti dalla fine del match. Durante il riscaldamento mister Raschi \u00e8 costretto a rinunciare subito a due uomini fondamentali. Corbanese \u00e8 colto da un piccolo malore (probabilmente un problema digestivo) e Petdji soffre per un colpo alla caviglia ricevuto venerd\u00ec in allenamento. I due vengono sostituiti da De Filippo e Paganin, all\u2019esordio dal primo minuto in Prima Squadra. Al 27\u2032 Radrezza porta avanti la sua squadra con un grandissimo gol da fuori area dove il portiere ospite non pu\u00f2 nulla. Passano solo due minuti e Trinchieri rimette il risultato in parit\u00e0. Nella ripresa al 57\u2032 ancora Radrezza si procura e trasforma il rigore del vantaggio gialloblu. Al 62\u2032, superato il piccolo malore che lo aveva colpito nel riscaldamento, entra Corbanese. Al 73\u2032 il Trissino trova il pareggio definitivo con Dimitrio. Per il Belluno un pareggio importante, anche se rimane il rammarico per essere stati raggiunti a soli dieci minuti dal termine. Nella prossima partita la squadra gialloblu affronter\u00e0 al Polisportivo il Pordenone.<\/p>\n<p>Roberto Raschi: \u201cSono felice per il punto conquistato oggi, viste anche le assenze che avevamo e i due giocatori a cui ho dovuto rinunciare durante il riscaldamento,\u201d spiega mister Raschi. \u201cAbbiamo sofferto un p\u00f2 la loro fisicit\u00e0 e sulle palle inattive ci hanno messo in difficolt\u00e0. Paganin era all\u2019esordio dal primo minuto ha fatto una grandissima prestazione, cos\u00ec come Brichese, Cresta e Acka. Questo \u00e8 un punto prezioso, conquistato su un campo difficile e contro una formazione di assoluto valore. Nella prossimo turno affronteremo il Pordenone e vogliamo continuare a fare punti.\u201d<\/p>\n<p>&nbsp;<\/p>\n<p>Marcatori: Radrezza 27\u2019pt, Trinchieri 29\u2019pt, Radrezza (R) 57\u2019st, Dimitrio 78\u2019st<\/p>\n<p>Trissino: 1. Vivian, 2. Vallarsa, 3. Fabris (16. Dimitrio 58\u2019st), 4. Pavan, 5. Chessa (13. Severgnini 73\u2019st), 6. Pavesi, 7. Malacarne (18. Cazzola 62\u2019st), 8. Roverato, 9. Trinchieri, 10. Chiarello, 11. Marchetti<\/p>\n<p>A disposizione: 12. Bordignon, 14. Panarotto, 15. Antinori, 17. Cenzato,<\/p>\n<p>Allenatore: Alessandro Renica<\/p>\n<p>A.C. Belluno 1905: 1. D\u2019Antimo, 2. Brichese, 3. Gallonetto, 4. Acka, 5. Cresta (13. Brustolon 82\u2019st), 6. Sommacal, 7. Padovan, 8. De Filippo (16. Corbanese 62\u2019st), 9. Paganin, 10. Radrezza, 11. Duravia<\/p>\n<p>A disposizione: 12. Rossetto, 14. Petdji, 15. Dal Farra, 17. Zandanel, 18. Reato<\/p>\n<p>Allenatore: Roberto Raschi<\/p>\n<p>Arbitro: Gianni Corona<\/p>\n<p>Ammoniti: Pavan, Chessa, Dimitrio, Gallonetto, Acka, Duravia<\/p>\n<p>&nbsp;<\/p>","protected":false},"excerpt":{"rendered":"<p>Valdagno, 03\/03\/2013 \u2013 Punto preziosissimo quello conquistato dall\u2019A.C. Belluno 1905 sul difficile campo del Trissino Valdagno. La partita si \u00e8 chiusa sul risultato di 2-2, con la squadra gialloblu sempre in vantaggio e ripresa solamente a dieci minuti dalla fine del match. Durante il riscaldamento mister Raschi \u00e8 costretto a rinunciare subito a due uomini [&hellip;]<\/p>\n","protected":false},"author":2,"featured_media":0,"comment_status":"closed","ping_status":"open","sticky":false,"template":"","format":"standard","meta":{"footnotes":""},"categories":[26,4],"tags":[],"class_list":["post-47287","post","type-post","status-publish","format-standard","category-prima-pagina","category-sport"],"yoast_head":"<!-- This site is optimized with the Yoast SEO plugin v28.4 - https:\/\/yoast.com\/product\/yoast-seo-wordpress\/ -->\n<title>Un punto meritato per l&#039;A.C. Belluno - Bellunopress - Dolomiti<\/title>\n<meta name=\"robots\" content=\"index, follow, max-snippet:-1, max-image-preview:large, max-video-preview:-1\" \/>\n<link rel=\"canonical\" href=\"https:\/\/www.bellunopress.it\/fr\/2013\/03\/03\/un-punto-meritato-per-la-c-belluno\/\" \/>\n<meta property=\"og:locale\" content=\"fr_FR\" \/>\n<meta property=\"og:type\" content=\"article\" \/>\n<meta property=\"og:title\" content=\"Un punto meritato per l&#039;A.C. Belluno - Bellunopress - Dolomiti\" \/>\n<meta property=\"og:description\" content=\"Valdagno, 03\/03\/2013 \u2013 Punto preziosissimo quello conquistato dall\u2019A.C. Belluno 1905 sul difficile campo del Trissino Valdagno. La partita si \u00e8 chiusa sul risultato di 2-2, con la squadra gialloblu sempre in vantaggio e ripresa solamente a dieci minuti dalla fine del match. Durante il riscaldamento mister Raschi \u00e8 costretto a rinunciare subito a due uomini [&hellip;]\" \/>\n<meta property=\"og:url\" content=\"https:\/\/www.bellunopress.it\/fr\/2013\/03\/03\/un-punto-meritato-per-la-c-belluno\/\" \/>\n<meta property=\"og:site_name\" content=\"Bellunopress - Dolomiti\" \/>\n<meta property=\"article:publisher\" content=\"https:\/\/www.facebook.com\/profile.php?id=100008943462799\" \/>\n<meta property=\"article:published_time\" content=\"2013-03-03T22:00:29+00:00\" \/>\n<meta property=\"og:image\" content=\"http:\/\/www.bellunopress.it\/wp-content\/uploads\/2012\/10\/calcio-belluno.jpg\" \/>\n<meta name=\"author\" content=\"redazione\" \/>\n<meta name=\"twitter:card\" content=\"summary_large_image\" \/>\n<meta name=\"twitter:creator\" content=\"@bellunopress\" \/>\n<meta name=\"twitter:site\" content=\"@bellunopress\" \/>\n<meta name=\"twitter:label1\" content=\"Written by\" \/>\n\t<meta name=\"twitter:data1\" content=\"redazione\" \/>\n\t<meta name=\"twitter:label2\" content=\"Est. reading time\" \/>\n\t<meta name=\"twitter:data2\" content=\"2 minutes\" \/>\n<script type=\"application\/ld+json\" class=\"yoast-schema-graph\">{\"@context\":\"https:\\\/\\\/schema.org\",\"@graph\":[{\"@type\":\"Article\",\"@id\":\"https:\\\/\\\/www.bellunopress.it\\\/2013\\\/03\\\/03\\\/un-punto-meritato-per-la-c-belluno\\\/#article\",\"isPartOf\":{\"@id\":\"https:\\\/\\\/www.bellunopress.it\\\/2013\\\/03\\\/03\\\/un-punto-meritato-per-la-c-belluno\\\/\"},\"author\":{\"name\":\"redazione\",\"@id\":\"https:\\\/\\\/www.bellunopress.it\\\/#\\\/schema\\\/person\\\/79bb06722b37ece1c03d3e94beb30d73\"},\"headline\":\"Un punto meritato per l&#8217;A.C. Belluno\",\"datePublished\":\"2013-03-03T22:00:29+00:00\",\"mainEntityOfPage\":{\"@id\":\"https:\\\/\\\/www.bellunopress.it\\\/2013\\\/03\\\/03\\\/un-punto-meritato-per-la-c-belluno\\\/\"},\"wordCount\":372,\"publisher\":{\"@id\":\"https:\\\/\\\/www.bellunopress.it\\\/#organization\"},\"image\":{\"@id\":\"https:\\\/\\\/www.bellunopress.it\\\/2013\\\/03\\\/03\\\/un-punto-meritato-per-la-c-belluno\\\/#primaryimage\"},\"thumbnailUrl\":\"http:\\\/\\\/www.bellunopress.it\\\/wp-content\\\/uploads\\\/2012\\\/10\\\/calcio-belluno.jpg\",\"articleSection\":[\"Prima Pagina\",\"Sport, tempo libero\"],\"inLanguage\":\"fr-FR\"},{\"@type\":\"WebPage\",\"@id\":\"https:\\\/\\\/www.bellunopress.it\\\/2013\\\/03\\\/03\\\/un-punto-meritato-per-la-c-belluno\\\/\",\"url\":\"https:\\\/\\\/www.bellunopress.it\\\/2013\\\/03\\\/03\\\/un-punto-meritato-per-la-c-belluno\\\/\",\"name\":\"Un punto meritato per l'A.C. Belluno - Bellunopress - Dolomiti\",\"isPartOf\":{\"@id\":\"https:\\\/\\\/www.bellunopress.it\\\/#website\"},\"primaryImageOfPage\":{\"@id\":\"https:\\\/\\\/www.bellunopress.it\\\/2013\\\/03\\\/03\\\/un-punto-meritato-per-la-c-belluno\\\/#primaryimage\"},\"image\":{\"@id\":\"https:\\\/\\\/www.bellunopress.it\\\/2013\\\/03\\\/03\\\/un-punto-meritato-per-la-c-belluno\\\/#primaryimage\"},\"thumbnailUrl\":\"http:\\\/\\\/www.bellunopress.it\\\/wp-content\\\/uploads\\\/2012\\\/10\\\/calcio-belluno.jpg\",\"datePublished\":\"2013-03-03T22:00:29+00:00\",\"breadcrumb\":{\"@id\":\"https:\\\/\\\/www.bellunopress.it\\\/2013\\\/03\\\/03\\\/un-punto-meritato-per-la-c-belluno\\\/#breadcrumb\"},\"inLanguage\":\"fr-FR\",\"potentialAction\":[{\"@type\":\"ReadAction\",\"target\":[\"https:\\\/\\\/www.bellunopress.it\\\/2013\\\/03\\\/03\\\/un-punto-meritato-per-la-c-belluno\\\/\"]}]},{\"@type\":\"ImageObject\",\"inLanguage\":\"fr-FR\",\"@id\":\"https:\\\/\\\/www.bellunopress.it\\\/2013\\\/03\\\/03\\\/un-punto-meritato-per-la-c-belluno\\\/#primaryimage\",\"url\":\"http:\\\/\\\/www.bellunopress.it\\\/wp-content\\\/uploads\\\/2012\\\/10\\\/calcio-belluno.jpg\",\"contentUrl\":\"http:\\\/\\\/www.bellunopress.it\\\/wp-content\\\/uploads\\\/2012\\\/10\\\/calcio-belluno.jpg\"},{\"@type\":\"BreadcrumbList\",\"@id\":\"https:\\\/\\\/www.bellunopress.it\\\/2013\\\/03\\\/03\\\/un-punto-meritato-per-la-c-belluno\\\/#breadcrumb\",\"itemListElement\":[{\"@type\":\"ListItem\",\"position\":1,\"name\":\"Home\",\"item\":\"https:\\\/\\\/www.bellunopress.it\\\/\"},{\"@type\":\"ListItem\",\"position\":2,\"name\":\"Un punto meritato per l&#8217;A.C. Belluno\"}]},{\"@type\":\"WebSite\",\"@id\":\"https:\\\/\\\/www.bellunopress.it\\\/#website\",\"url\":\"https:\\\/\\\/www.bellunopress.it\\\/\",\"name\":\"Bellunopress - Dolomiti\",\"description\":\"e-mail: redazione@bellunopress.it\",\"publisher\":{\"@id\":\"https:\\\/\\\/www.bellunopress.it\\\/#organization\"},\"potentialAction\":[{\"@type\":\"SearchAction\",\"target\":{\"@type\":\"EntryPoint\",\"urlTemplate\":\"https:\\\/\\\/www.bellunopress.it\\\/?s={search_term_string}\"},\"query-input\":{\"@type\":\"PropertyValueSpecification\",\"valueRequired\":true,\"valueName\":\"search_term_string\"}}],\"inLanguage\":\"fr-FR\"},{\"@type\":\"Organization\",\"@id\":\"https:\\\/\\\/www.bellunopress.it\\\/#organization\",\"name\":\"Bellunopress\",\"url\":\"https:\\\/\\\/www.bellunopress.it\\\/\",\"logo\":{\"@type\":\"ImageObject\",\"inLanguage\":\"fr-FR\",\"@id\":\"https:\\\/\\\/www.bellunopress.it\\\/#\\\/schema\\\/logo\\\/image\\\/\",\"url\":\"https:\\\/\\\/www.bellunopress.it\\\/wp-content\\\/uploads\\\/2011\\\/05\\\/cropped-logo-bellunopress-.jpg\",\"contentUrl\":\"https:\\\/\\\/www.bellunopress.it\\\/wp-content\\\/uploads\\\/2011\\\/05\\\/cropped-logo-bellunopress-.jpg\",\"width\":512,\"height\":512,\"caption\":\"Bellunopress\"},\"image\":{\"@id\":\"https:\\\/\\\/www.bellunopress.it\\\/#\\\/schema\\\/logo\\\/image\\\/\"},\"sameAs\":[\"https:\\\/\\\/www.facebook.com\\\/profile.php?id=100008943462799\",\"https:\\\/\\\/x.com\\\/bellunopress\",\"https:\\\/\\\/www.linkedin.com\\\/hp\\\/?dnr=JBzUWaJfMUw8vbXJJ2tVW5-I3jZKvC4wsoxE&amp;amp;amp;amp;amp;amp;trk=nav_responsive_tab_home\",\"https:\\\/\\\/www.youtube.com\\\/channel\\\/UCxL0wu1uN0_3_7hGG0306cw\"]},{\"@type\":\"Person\",\"@id\":\"https:\\\/\\\/www.bellunopress.it\\\/#\\\/schema\\\/person\\\/79bb06722b37ece1c03d3e94beb30d73\",\"name\":\"redazione\",\"image\":{\"@type\":\"ImageObject\",\"inLanguage\":\"fr-FR\",\"@id\":\"https:\\\/\\\/secure.gravatar.com\\\/avatar\\\/37d968a2e67a6fd04c169c4bdef102d0bc5d31b2546345219e348575eb80e9a0?s=96&d=mm&r=g\",\"url\":\"https:\\\/\\\/secure.gravatar.com\\\/avatar\\\/37d968a2e67a6fd04c169c4bdef102d0bc5d31b2546345219e348575eb80e9a0?s=96&d=mm&r=g\",\"contentUrl\":\"https:\\\/\\\/secure.gravatar.com\\\/avatar\\\/37d968a2e67a6fd04c169c4bdef102d0bc5d31b2546345219e348575eb80e9a0?s=96&d=mm&r=g\",\"caption\":\"redazione\"},\"sameAs\":[\"http:\\\/\\\/www.bellunopress.it\",\"https:\\\/\\\/x.com\\\/bellunopress\"],\"url\":\"https:\\\/\\\/www.bellunopress.it\\\/fr\\\/author\\\/redazione\\\/\"}]}<\/script>\n<!-- \/ Yoast SEO plugin. -->","yoast_head_json":{"title":"Un punto meritato per l'A.C. Belluno - Bellunopress - Dolomiti","robots":{"index":"index","follow":"follow","max-snippet":"max-snippet:-1","max-image-preview":"max-image-preview:large","max-video-preview":"max-video-preview:-1"},"canonical":"https:\/\/www.bellunopress.it\/fr\/2013\/03\/03\/un-punto-meritato-per-la-c-belluno\/","og_locale":"fr_FR","og_type":"article","og_title":"Un punto meritato per l'A.C. Belluno - Bellunopress - Dolomiti","og_description":"Valdagno, 03\/03\/2013 \u2013 Punto preziosissimo quello conquistato dall\u2019A.C. Belluno 1905 sul difficile campo del Trissino Valdagno. La partita si \u00e8 chiusa sul risultato di 2-2, con la squadra gialloblu sempre in vantaggio e ripresa solamente a dieci minuti dalla fine del match. Durante il riscaldamento mister Raschi \u00e8 costretto a rinunciare subito a due uomini [&hellip;]","og_url":"https:\/\/www.bellunopress.it\/fr\/2013\/03\/03\/un-punto-meritato-per-la-c-belluno\/","og_site_name":"Bellunopress - Dolomiti","article_publisher":"https:\/\/www.facebook.com\/profile.php?id=100008943462799","article_published_time":"2013-03-03T22:00:29+00:00","og_image":[{"url":"http:\/\/www.bellunopress.it\/wp-content\/uploads\/2012\/10\/calcio-belluno.jpg","type":"","width":"","height":""}],"author":"redazione","twitter_card":"summary_large_image","twitter_creator":"@bellunopress","twitter_site":"@bellunopress","twitter_misc":{"Written by":"redazione","Est. reading time":"2 minutes"},"schema":{"@context":"https:\/\/schema.org","@graph":[{"@type":"Article","@id":"https:\/\/www.bellunopress.it\/2013\/03\/03\/un-punto-meritato-per-la-c-belluno\/#article","isPartOf":{"@id":"https:\/\/www.bellunopress.it\/2013\/03\/03\/un-punto-meritato-per-la-c-belluno\/"},"author":{"name":"redazione","@id":"https:\/\/www.bellunopress.it\/#\/schema\/person\/79bb06722b37ece1c03d3e94beb30d73"},"headline":"Un punto meritato per l&#8217;A.C. Belluno","datePublished":"2013-03-03T22:00:29+00:00","mainEntityOfPage":{"@id":"https:\/\/www.bellunopress.it\/2013\/03\/03\/un-punto-meritato-per-la-c-belluno\/"},"wordCount":372,"publisher":{"@id":"https:\/\/www.bellunopress.it\/#organization"},"image":{"@id":"https:\/\/www.bellunopress.it\/2013\/03\/03\/un-punto-meritato-per-la-c-belluno\/#primaryimage"},"thumbnailUrl":"http:\/\/www.bellunopress.it\/wp-content\/uploads\/2012\/10\/calcio-belluno.jpg","articleSection":["Prima Pagina","Sport, tempo libero"],"inLanguage":"fr-FR"},{"@type":"WebPage","@id":"https:\/\/www.bellunopress.it\/2013\/03\/03\/un-punto-meritato-per-la-c-belluno\/","url":"https:\/\/www.bellunopress.it\/2013\/03\/03\/un-punto-meritato-per-la-c-belluno\/","name":"Un punto meritato per l'A.C. Belluno - Bellunopress - Dolomiti","isPartOf":{"@id":"https:\/\/www.bellunopress.it\/#website"},"primaryImageOfPage":{"@id":"https:\/\/www.bellunopress.it\/2013\/03\/03\/un-punto-meritato-per-la-c-belluno\/#primaryimage"},"image":{"@id":"https:\/\/www.bellunopress.it\/2013\/03\/03\/un-punto-meritato-per-la-c-belluno\/#primaryimage"},"thumbnailUrl":"http:\/\/www.bellunopress.it\/wp-content\/uploads\/2012\/10\/calcio-belluno.jpg","datePublished":"2013-03-03T22:00:29+00:00","breadcrumb":{"@id":"https:\/\/www.bellunopress.it\/2013\/03\/03\/un-punto-meritato-per-la-c-belluno\/#breadcrumb"},"inLanguage":"fr-FR","potentialAction":[{"@type":"ReadAction","target":["https:\/\/www.bellunopress.it\/2013\/03\/03\/un-punto-meritato-per-la-c-belluno\/"]}]},{"@type":"ImageObject","inLanguage":"fr-FR","@id":"https:\/\/www.bellunopress.it\/2013\/03\/03\/un-punto-meritato-per-la-c-belluno\/#primaryimage","url":"http:\/\/www.bellunopress.it\/wp-content\/uploads\/2012\/10\/calcio-belluno.jpg","contentUrl":"http:\/\/www.bellunopress.it\/wp-content\/uploads\/2012\/10\/calcio-belluno.jpg"},{"@type":"BreadcrumbList","@id":"https:\/\/www.bellunopress.it\/2013\/03\/03\/un-punto-meritato-per-la-c-belluno\/#breadcrumb","itemListElement":[{"@type":"ListItem","position":1,"name":"Home","item":"https:\/\/www.bellunopress.it\/"},{"@type":"ListItem","position":2,"name":"Un punto meritato per l&#8217;A.C. Belluno"}]},{"@type":"WebSite","@id":"https:\/\/www.bellunopress.it\/#website","url":"https:\/\/www.bellunopress.it\/","name":"Bellunopress - Dolomiti","description":"e-mail: redazione@bellunopress.it","publisher":{"@id":"https:\/\/www.bellunopress.it\/#organization"},"potentialAction":[{"@type":"SearchAction","target":{"@type":"EntryPoint","urlTemplate":"https:\/\/www.bellunopress.it\/?s={search_term_string}"},"query-input":{"@type":"PropertyValueSpecification","valueRequired":true,"valueName":"search_term_string"}}],"inLanguage":"fr-FR"},{"@type":"Organization","@id":"https:\/\/www.bellunopress.it\/#organization","name":"Bellunopress","url":"https:\/\/www.bellunopress.it\/","logo":{"@type":"ImageObject","inLanguage":"fr-FR","@id":"https:\/\/www.bellunopress.it\/#\/schema\/logo\/image\/","url":"https:\/\/www.bellunopress.it\/wp-content\/uploads\/2011\/05\/cropped-logo-bellunopress-.jpg","contentUrl":"https:\/\/www.bellunopress.it\/wp-content\/uploads\/2011\/05\/cropped-logo-bellunopress-.jpg","width":512,"height":512,"caption":"Bellunopress"},"image":{"@id":"https:\/\/www.bellunopress.it\/#\/schema\/logo\/image\/"},"sameAs":["https:\/\/www.facebook.com\/profile.php?id=100008943462799","https:\/\/x.com\/bellunopress","https:\/\/www.linkedin.com\/hp\/?dnr=JBzUWaJfMUw8vbXJJ2tVW5-I3jZKvC4wsoxE&amp;amp;amp;amp;amp;amp;trk=nav_responsive_tab_home","https:\/\/www.youtube.com\/channel\/UCxL0wu1uN0_3_7hGG0306cw"]},{"@type":"Person","@id":"https:\/\/www.bellunopress.it\/#\/schema\/person\/79bb06722b37ece1c03d3e94beb30d73","name":"r\u00e9daction","image":{"@type":"ImageObject","inLanguage":"fr-FR","@id":"https:\/\/secure.gravatar.com\/avatar\/37d968a2e67a6fd04c169c4bdef102d0bc5d31b2546345219e348575eb80e9a0?s=96&d=mm&r=g","url":"https:\/\/secure.gravatar.com\/avatar\/37d968a2e67a6fd04c169c4bdef102d0bc5d31b2546345219e348575eb80e9a0?s=96&d=mm&r=g","contentUrl":"https:\/\/secure.gravatar.com\/avatar\/37d968a2e67a6fd04c169c4bdef102d0bc5d31b2546345219e348575eb80e9a0?s=96&d=mm&r=g","caption":"redazione"},"sameAs":["http:\/\/www.bellunopress.it","https:\/\/x.com\/bellunopress"],"url":"https:\/\/www.bellunopress.it\/fr\/author\/redazione\/"}]}},"_links":{"self":[{"href":"https:\/\/www.bellunopress.it\/fr\/wp-json\/wp\/v2\/posts\/47287","targetHints":{"allow":["GET"]}}],"collection":[{"href":"https:\/\/www.bellunopress.it\/fr\/wp-json\/wp\/v2\/posts"}],"about":[{"href":"https:\/\/www.bellunopress.it\/fr\/wp-json\/wp\/v2\/types\/post"}],"author":[{"embeddable":true,"href":"https:\/\/www.bellunopress.it\/fr\/wp-json\/wp\/v2\/users\/2"}],"replies":[{"embeddable":true,"href":"https:\/\/www.bellunopress.it\/fr\/wp-json\/wp\/v2\/comments?post=47287"}],"version-history":[{"count":2,"href":"https:\/\/www.bellunopress.it\/fr\/wp-json\/wp\/v2\/posts\/47287\/revisions"}],"predecessor-version":[{"id":47289,"href":"https:\/\/www.bellunopress.it\/fr\/wp-json\/wp\/v2\/posts\/47287\/revisions\/47289"}],"wp:attachment":[{"href":"https:\/\/www.bellunopress.it\/fr\/wp-json\/wp\/v2\/media?parent=47287"}],"wp:term":[{"taxonomy":"category","embeddable":true,"href":"https:\/\/www.bellunopress.it\/fr\/wp-json\/wp\/v2\/categories?post=47287"},{"taxonomy":"post_tag","embeddable":true,"href":"https:\/\/www.bellunopress.it\/fr\/wp-json\/wp\/v2\/tags?post=47287"}],"curies":[{"name":"wp","href":"https:\/\/api.w.org\/{rel}","templated":true}]}}