{"id":47265,"date":"2013-03-03T23:12:12","date_gmt":"2013-03-03T22:12:12","guid":{"rendered":"http:\/\/www.bellunopress.it\/?p=47265"},"modified":"2013-03-02T22:18:34","modified_gmt":"2013-03-02T21:18:34","slug":"francesco-alberoni-giovedi-pomeriggio-al-centro-giovanni-23mo","status":"publish","type":"post","link":"https:\/\/www.bellunopress.it\/fr\/2013\/03\/03\/francesco-alberoni-giovedi-pomeriggio-al-centro-giovanni-23mo\/","title":{"rendered":"Francesco Alberoni gioved\u00ec pomeriggio al Centro Giovanni 23mo"},"content":{"rendered":"<p>Si terr\u00e0 Gioved\u00ec 7 marzo 2013, alle ore 18.00, presso il Centro Congressi Giovanni XXIII di Belluno, la conferenza, ad ingresso libero, del professor Francesco Alberoni dal titolo \u201cIeri, oggi, domani. La donna, la famiglia, la societ\u00e0\u201d.<\/p>\n<p>L&#8217;incontro sar\u00e0 coordinato da Salvo Nugnes, con relatrice Marcella De Pra, responsabile di Spazio Incontro ULSS 1 Belluno.<\/p>\n<p>Il noto sociologo, esperto conoscitore dei movimenti collettivi e dei sentimenti amorosi, nonch\u00e9 autore di numerosi saggi a contenuto pedagogico, in occasione della sua lectio magistralis, analizzer\u00e0 i concetti di donna, famiglia e societ\u00e0 e le loro evoluzioni nel corso degli anni. Dall\u2019emancipazione femminile alla discriminazione sessuale, dall\u2019amore puro alla fine di un rapporto, dalla famiglia patriarcale alle coppie di fatto, al rapporto genitori-figli.<\/p>\n<p>\u201cC\u2019\u00e8 tanta gente che si preoccupa della crisi della famiglia, della crisi del matrimonio, delle conseguenze che esse hanno sui figli, ma ho l\u2019impressione che ci si dimentichi che oggi la famiglia e fondata e tenuta insieme da un solo fattore: l\u2019amore di chi ha liberamente deciso di sposarsi o di convivere\u201d afferma Alberoni e continua \u201cUn tempo no, un tempo ci si doveva sposare, la ragazza che non lo faceva diventava una zitella, il matrimonio era un sacramento inviolabile, sostenuto dalle famiglie, l\u2019adulterio punito dalla legge. I due sposi erano tenuti insieme da questi vincoli istituzionali, da queste ferree proibizioni. Oggi i giovani che decidono di sposarsi o di andare a convivere lo fanno solo perch\u00e9 si amano e pensano che il loro amore durer\u00e0 anche in seguito\u201d.<\/p>","protected":false},"excerpt":{"rendered":"<p>Si terr\u00e0 Gioved\u00ec 7 marzo 2013, alle ore 18.00, presso il Centro Congressi Giovanni XXIII di Belluno, la conferenza, ad ingresso libero, del professor Francesco Alberoni dal titolo \u201cIeri, oggi, domani. La donna, la famiglia, la societ\u00e0\u201d. L&#8217;incontro sar\u00e0 coordinato da Salvo Nugnes, con relatrice Marcella De Pra, responsabile di Spazio Incontro ULSS 1 Belluno. [&hellip;]<\/p>\n","protected":false},"author":2,"featured_media":0,"comment_status":"closed","ping_status":"open","sticky":false,"template":"","format":"standard","meta":{"footnotes":""},"categories":[27,3,25],"tags":[],"class_list":["post-47265","post","type-post","status-publish","format-standard","category-appuntamenti","category-arte-cultura-spettacoli-scienza-archivi","category-pausa-caffe"],"yoast_head":"<!-- This site is optimized with the Yoast SEO plugin v28.4 - https:\/\/yoast.com\/product\/yoast-seo-wordpress\/ -->\n<title>Francesco Alberoni gioved\u00ec pomeriggio al Centro Giovanni 23mo - Bellunopress - Dolomiti<\/title>\n<meta name=\"robots\" content=\"index, follow, max-snippet:-1, max-image-preview:large, max-video-preview:-1\" \/>\n<link rel=\"canonical\" href=\"https:\/\/www.bellunopress.it\/fr\/2013\/03\/03\/francesco-alberoni-giovedi-pomeriggio-al-centro-giovanni-23mo\/\" \/>\n<meta property=\"og:locale\" content=\"fr_FR\" \/>\n<meta property=\"og:type\" content=\"article\" \/>\n<meta property=\"og:title\" content=\"Francesco Alberoni gioved\u00ec pomeriggio al Centro Giovanni 23mo - Bellunopress - Dolomiti\" \/>\n<meta property=\"og:description\" content=\"Si terr\u00e0 Gioved\u00ec 7 marzo 2013, alle ore 18.00, presso il Centro Congressi Giovanni XXIII di Belluno, la conferenza, ad ingresso libero, del professor Francesco Alberoni dal titolo \u201cIeri, oggi, domani. La donna, la famiglia, la societ\u00e0\u201d. L&#8217;incontro sar\u00e0 coordinato da Salvo Nugnes, con relatrice Marcella De Pra, responsabile di Spazio Incontro ULSS 1 Belluno. [&hellip;]\" \/>\n<meta property=\"og:url\" content=\"https:\/\/www.bellunopress.it\/fr\/2013\/03\/03\/francesco-alberoni-giovedi-pomeriggio-al-centro-giovanni-23mo\/\" \/>\n<meta property=\"og:site_name\" content=\"Bellunopress - Dolomiti\" \/>\n<meta property=\"article:publisher\" content=\"https:\/\/www.facebook.com\/profile.php?id=100008943462799\" \/>\n<meta property=\"article:published_time\" content=\"2013-03-03T22:12:12+00:00\" \/>\n<meta property=\"og:image\" content=\"http:\/\/www.bellunopress.it\/wp-content\/uploads\/2012\/07\/logo-bellunopress-250x250-2012.jpg\" \/>\n<meta name=\"author\" content=\"redazione\" \/>\n<meta name=\"twitter:card\" content=\"summary_large_image\" \/>\n<meta name=\"twitter:creator\" content=\"@bellunopress\" \/>\n<meta name=\"twitter:site\" content=\"@bellunopress\" \/>\n<meta name=\"twitter:label1\" content=\"Written by\" \/>\n\t<meta name=\"twitter:data1\" content=\"redazione\" \/>\n\t<meta name=\"twitter:label2\" content=\"Est. reading time\" \/>\n\t<meta name=\"twitter:data2\" content=\"1 minute\" \/>\n<script type=\"application\/ld+json\" class=\"yoast-schema-graph\">{\"@context\":\"https:\\\/\\\/schema.org\",\"@graph\":[{\"@type\":\"Article\",\"@id\":\"https:\\\/\\\/www.bellunopress.it\\\/2013\\\/03\\\/03\\\/francesco-alberoni-giovedi-pomeriggio-al-centro-giovanni-23mo\\\/#article\",\"isPartOf\":{\"@id\":\"https:\\\/\\\/www.bellunopress.it\\\/2013\\\/03\\\/03\\\/francesco-alberoni-giovedi-pomeriggio-al-centro-giovanni-23mo\\\/\"},\"author\":{\"name\":\"redazione\",\"@id\":\"https:\\\/\\\/www.bellunopress.it\\\/#\\\/schema\\\/person\\\/79bb06722b37ece1c03d3e94beb30d73\"},\"headline\":\"Francesco Alberoni gioved\u00ec pomeriggio al Centro Giovanni 23mo\",\"datePublished\":\"2013-03-03T22:12:12+00:00\",\"mainEntityOfPage\":{\"@id\":\"https:\\\/\\\/www.bellunopress.it\\\/2013\\\/03\\\/03\\\/francesco-alberoni-giovedi-pomeriggio-al-centro-giovanni-23mo\\\/\"},\"wordCount\":258,\"publisher\":{\"@id\":\"https:\\\/\\\/www.bellunopress.it\\\/#organization\"},\"articleSection\":[\"Appuntamenti, Eventi\",\"Arte, Cultura, Spettacoli, Scienza\",\"Pausa Caff\u00e8\"],\"inLanguage\":\"fr-FR\"},{\"@type\":\"WebPage\",\"@id\":\"https:\\\/\\\/www.bellunopress.it\\\/2013\\\/03\\\/03\\\/francesco-alberoni-giovedi-pomeriggio-al-centro-giovanni-23mo\\\/\",\"url\":\"https:\\\/\\\/www.bellunopress.it\\\/2013\\\/03\\\/03\\\/francesco-alberoni-giovedi-pomeriggio-al-centro-giovanni-23mo\\\/\",\"name\":\"Francesco Alberoni gioved\u00ec pomeriggio al Centro Giovanni 23mo - Bellunopress - Dolomiti\",\"isPartOf\":{\"@id\":\"https:\\\/\\\/www.bellunopress.it\\\/#website\"},\"datePublished\":\"2013-03-03T22:12:12+00:00\",\"breadcrumb\":{\"@id\":\"https:\\\/\\\/www.bellunopress.it\\\/2013\\\/03\\\/03\\\/francesco-alberoni-giovedi-pomeriggio-al-centro-giovanni-23mo\\\/#breadcrumb\"},\"inLanguage\":\"fr-FR\",\"potentialAction\":[{\"@type\":\"ReadAction\",\"target\":[\"https:\\\/\\\/www.bellunopress.it\\\/2013\\\/03\\\/03\\\/francesco-alberoni-giovedi-pomeriggio-al-centro-giovanni-23mo\\\/\"]}]},{\"@type\":\"BreadcrumbList\",\"@id\":\"https:\\\/\\\/www.bellunopress.it\\\/2013\\\/03\\\/03\\\/francesco-alberoni-giovedi-pomeriggio-al-centro-giovanni-23mo\\\/#breadcrumb\",\"itemListElement\":[{\"@type\":\"ListItem\",\"position\":1,\"name\":\"Home\",\"item\":\"https:\\\/\\\/www.bellunopress.it\\\/\"},{\"@type\":\"ListItem\",\"position\":2,\"name\":\"Francesco Alberoni gioved\u00ec pomeriggio al Centro Giovanni 23mo\"}]},{\"@type\":\"WebSite\",\"@id\":\"https:\\\/\\\/www.bellunopress.it\\\/#website\",\"url\":\"https:\\\/\\\/www.bellunopress.it\\\/\",\"name\":\"Bellunopress - Dolomiti\",\"description\":\"e-mail: redazione@bellunopress.it\",\"publisher\":{\"@id\":\"https:\\\/\\\/www.bellunopress.it\\\/#organization\"},\"potentialAction\":[{\"@type\":\"SearchAction\",\"target\":{\"@type\":\"EntryPoint\",\"urlTemplate\":\"https:\\\/\\\/www.bellunopress.it\\\/?s={search_term_string}\"},\"query-input\":{\"@type\":\"PropertyValueSpecification\",\"valueRequired\":true,\"valueName\":\"search_term_string\"}}],\"inLanguage\":\"fr-FR\"},{\"@type\":\"Organization\",\"@id\":\"https:\\\/\\\/www.bellunopress.it\\\/#organization\",\"name\":\"Bellunopress\",\"url\":\"https:\\\/\\\/www.bellunopress.it\\\/\",\"logo\":{\"@type\":\"ImageObject\",\"inLanguage\":\"fr-FR\",\"@id\":\"https:\\\/\\\/www.bellunopress.it\\\/#\\\/schema\\\/logo\\\/image\\\/\",\"url\":\"https:\\\/\\\/www.bellunopress.it\\\/wp-content\\\/uploads\\\/2011\\\/05\\\/cropped-logo-bellunopress-.jpg\",\"contentUrl\":\"https:\\\/\\\/www.bellunopress.it\\\/wp-content\\\/uploads\\\/2011\\\/05\\\/cropped-logo-bellunopress-.jpg\",\"width\":512,\"height\":512,\"caption\":\"Bellunopress\"},\"image\":{\"@id\":\"https:\\\/\\\/www.bellunopress.it\\\/#\\\/schema\\\/logo\\\/image\\\/\"},\"sameAs\":[\"https:\\\/\\\/www.facebook.com\\\/profile.php?id=100008943462799\",\"https:\\\/\\\/x.com\\\/bellunopress\",\"https:\\\/\\\/www.linkedin.com\\\/hp\\\/?dnr=JBzUWaJfMUw8vbXJJ2tVW5-I3jZKvC4wsoxE&amp;amp;amp;amp;amp;amp;trk=nav_responsive_tab_home\",\"https:\\\/\\\/www.youtube.com\\\/channel\\\/UCxL0wu1uN0_3_7hGG0306cw\"]},{\"@type\":\"Person\",\"@id\":\"https:\\\/\\\/www.bellunopress.it\\\/#\\\/schema\\\/person\\\/79bb06722b37ece1c03d3e94beb30d73\",\"name\":\"redazione\",\"image\":{\"@type\":\"ImageObject\",\"inLanguage\":\"fr-FR\",\"@id\":\"https:\\\/\\\/secure.gravatar.com\\\/avatar\\\/37d968a2e67a6fd04c169c4bdef102d0bc5d31b2546345219e348575eb80e9a0?s=96&d=mm&r=g\",\"url\":\"https:\\\/\\\/secure.gravatar.com\\\/avatar\\\/37d968a2e67a6fd04c169c4bdef102d0bc5d31b2546345219e348575eb80e9a0?s=96&d=mm&r=g\",\"contentUrl\":\"https:\\\/\\\/secure.gravatar.com\\\/avatar\\\/37d968a2e67a6fd04c169c4bdef102d0bc5d31b2546345219e348575eb80e9a0?s=96&d=mm&r=g\",\"caption\":\"redazione\"},\"sameAs\":[\"http:\\\/\\\/www.bellunopress.it\",\"https:\\\/\\\/x.com\\\/bellunopress\"],\"url\":\"https:\\\/\\\/www.bellunopress.it\\\/fr\\\/author\\\/redazione\\\/\"}]}<\/script>\n<!-- \/ Yoast SEO plugin. -->","yoast_head_json":{"title":"Francesco Alberoni gioved\u00ec pomeriggio al Centro Giovanni 23mo - Bellunopress - Dolomiti","robots":{"index":"index","follow":"follow","max-snippet":"max-snippet:-1","max-image-preview":"max-image-preview:large","max-video-preview":"max-video-preview:-1"},"canonical":"https:\/\/www.bellunopress.it\/fr\/2013\/03\/03\/francesco-alberoni-giovedi-pomeriggio-al-centro-giovanni-23mo\/","og_locale":"fr_FR","og_type":"article","og_title":"Francesco Alberoni gioved\u00ec pomeriggio al Centro Giovanni 23mo - Bellunopress - Dolomiti","og_description":"Si terr\u00e0 Gioved\u00ec 7 marzo 2013, alle ore 18.00, presso il Centro Congressi Giovanni XXIII di Belluno, la conferenza, ad ingresso libero, del professor Francesco Alberoni dal titolo \u201cIeri, oggi, domani. La donna, la famiglia, la societ\u00e0\u201d. L&#8217;incontro sar\u00e0 coordinato da Salvo Nugnes, con relatrice Marcella De Pra, responsabile di Spazio Incontro ULSS 1 Belluno. [&hellip;]","og_url":"https:\/\/www.bellunopress.it\/fr\/2013\/03\/03\/francesco-alberoni-giovedi-pomeriggio-al-centro-giovanni-23mo\/","og_site_name":"Bellunopress - Dolomiti","article_publisher":"https:\/\/www.facebook.com\/profile.php?id=100008943462799","article_published_time":"2013-03-03T22:12:12+00:00","og_image":[{"url":"http:\/\/www.bellunopress.it\/wp-content\/uploads\/2012\/07\/logo-bellunopress-250x250-2012.jpg","type":"","width":"","height":""}],"author":"redazione","twitter_card":"summary_large_image","twitter_creator":"@bellunopress","twitter_site":"@bellunopress","twitter_misc":{"Written by":"redazione","Est. reading time":"1 minute"},"schema":{"@context":"https:\/\/schema.org","@graph":[{"@type":"Article","@id":"https:\/\/www.bellunopress.it\/2013\/03\/03\/francesco-alberoni-giovedi-pomeriggio-al-centro-giovanni-23mo\/#article","isPartOf":{"@id":"https:\/\/www.bellunopress.it\/2013\/03\/03\/francesco-alberoni-giovedi-pomeriggio-al-centro-giovanni-23mo\/"},"author":{"name":"redazione","@id":"https:\/\/www.bellunopress.it\/#\/schema\/person\/79bb06722b37ece1c03d3e94beb30d73"},"headline":"Francesco Alberoni gioved\u00ec pomeriggio al Centro Giovanni 23mo","datePublished":"2013-03-03T22:12:12+00:00","mainEntityOfPage":{"@id":"https:\/\/www.bellunopress.it\/2013\/03\/03\/francesco-alberoni-giovedi-pomeriggio-al-centro-giovanni-23mo\/"},"wordCount":258,"publisher":{"@id":"https:\/\/www.bellunopress.it\/#organization"},"articleSection":["Appuntamenti, Eventi","Arte, Cultura, Spettacoli, Scienza","Pausa Caff\u00e8"],"inLanguage":"fr-FR"},{"@type":"WebPage","@id":"https:\/\/www.bellunopress.it\/2013\/03\/03\/francesco-alberoni-giovedi-pomeriggio-al-centro-giovanni-23mo\/","url":"https:\/\/www.bellunopress.it\/2013\/03\/03\/francesco-alberoni-giovedi-pomeriggio-al-centro-giovanni-23mo\/","name":"Francesco Alberoni gioved\u00ec pomeriggio al Centro Giovanni 23mo - Bellunopress - Dolomiti","isPartOf":{"@id":"https:\/\/www.bellunopress.it\/#website"},"datePublished":"2013-03-03T22:12:12+00:00","breadcrumb":{"@id":"https:\/\/www.bellunopress.it\/2013\/03\/03\/francesco-alberoni-giovedi-pomeriggio-al-centro-giovanni-23mo\/#breadcrumb"},"inLanguage":"fr-FR","potentialAction":[{"@type":"ReadAction","target":["https:\/\/www.bellunopress.it\/2013\/03\/03\/francesco-alberoni-giovedi-pomeriggio-al-centro-giovanni-23mo\/"]}]},{"@type":"BreadcrumbList","@id":"https:\/\/www.bellunopress.it\/2013\/03\/03\/francesco-alberoni-giovedi-pomeriggio-al-centro-giovanni-23mo\/#breadcrumb","itemListElement":[{"@type":"ListItem","position":1,"name":"Home","item":"https:\/\/www.bellunopress.it\/"},{"@type":"ListItem","position":2,"name":"Francesco Alberoni gioved\u00ec pomeriggio al Centro Giovanni 23mo"}]},{"@type":"WebSite","@id":"https:\/\/www.bellunopress.it\/#website","url":"https:\/\/www.bellunopress.it\/","name":"Bellunopress - Dolomiti","description":"e-mail: redazione@bellunopress.it","publisher":{"@id":"https:\/\/www.bellunopress.it\/#organization"},"potentialAction":[{"@type":"SearchAction","target":{"@type":"EntryPoint","urlTemplate":"https:\/\/www.bellunopress.it\/?s={search_term_string}"},"query-input":{"@type":"PropertyValueSpecification","valueRequired":true,"valueName":"search_term_string"}}],"inLanguage":"fr-FR"},{"@type":"Organization","@id":"https:\/\/www.bellunopress.it\/#organization","name":"Bellunopress","url":"https:\/\/www.bellunopress.it\/","logo":{"@type":"ImageObject","inLanguage":"fr-FR","@id":"https:\/\/www.bellunopress.it\/#\/schema\/logo\/image\/","url":"https:\/\/www.bellunopress.it\/wp-content\/uploads\/2011\/05\/cropped-logo-bellunopress-.jpg","contentUrl":"https:\/\/www.bellunopress.it\/wp-content\/uploads\/2011\/05\/cropped-logo-bellunopress-.jpg","width":512,"height":512,"caption":"Bellunopress"},"image":{"@id":"https:\/\/www.bellunopress.it\/#\/schema\/logo\/image\/"},"sameAs":["https:\/\/www.facebook.com\/profile.php?id=100008943462799","https:\/\/x.com\/bellunopress","https:\/\/www.linkedin.com\/hp\/?dnr=JBzUWaJfMUw8vbXJJ2tVW5-I3jZKvC4wsoxE&amp;amp;amp;amp;amp;amp;trk=nav_responsive_tab_home","https:\/\/www.youtube.com\/channel\/UCxL0wu1uN0_3_7hGG0306cw"]},{"@type":"Person","@id":"https:\/\/www.bellunopress.it\/#\/schema\/person\/79bb06722b37ece1c03d3e94beb30d73","name":"r\u00e9daction","image":{"@type":"ImageObject","inLanguage":"fr-FR","@id":"https:\/\/secure.gravatar.com\/avatar\/37d968a2e67a6fd04c169c4bdef102d0bc5d31b2546345219e348575eb80e9a0?s=96&d=mm&r=g","url":"https:\/\/secure.gravatar.com\/avatar\/37d968a2e67a6fd04c169c4bdef102d0bc5d31b2546345219e348575eb80e9a0?s=96&d=mm&r=g","contentUrl":"https:\/\/secure.gravatar.com\/avatar\/37d968a2e67a6fd04c169c4bdef102d0bc5d31b2546345219e348575eb80e9a0?s=96&d=mm&r=g","caption":"redazione"},"sameAs":["http:\/\/www.bellunopress.it","https:\/\/x.com\/bellunopress"],"url":"https:\/\/www.bellunopress.it\/fr\/author\/redazione\/"}]}},"_links":{"self":[{"href":"https:\/\/www.bellunopress.it\/fr\/wp-json\/wp\/v2\/posts\/47265","targetHints":{"allow":["GET"]}}],"collection":[{"href":"https:\/\/www.bellunopress.it\/fr\/wp-json\/wp\/v2\/posts"}],"about":[{"href":"https:\/\/www.bellunopress.it\/fr\/wp-json\/wp\/v2\/types\/post"}],"author":[{"embeddable":true,"href":"https:\/\/www.bellunopress.it\/fr\/wp-json\/wp\/v2\/users\/2"}],"replies":[{"embeddable":true,"href":"https:\/\/www.bellunopress.it\/fr\/wp-json\/wp\/v2\/comments?post=47265"}],"version-history":[{"count":1,"href":"https:\/\/www.bellunopress.it\/fr\/wp-json\/wp\/v2\/posts\/47265\/revisions"}],"predecessor-version":[{"id":47266,"href":"https:\/\/www.bellunopress.it\/fr\/wp-json\/wp\/v2\/posts\/47265\/revisions\/47266"}],"wp:attachment":[{"href":"https:\/\/www.bellunopress.it\/fr\/wp-json\/wp\/v2\/media?parent=47265"}],"wp:term":[{"taxonomy":"category","embeddable":true,"href":"https:\/\/www.bellunopress.it\/fr\/wp-json\/wp\/v2\/categories?post=47265"},{"taxonomy":"post_tag","embeddable":true,"href":"https:\/\/www.bellunopress.it\/fr\/wp-json\/wp\/v2\/tags?post=47265"}],"curies":[{"name":"wp","href":"https:\/\/api.w.org\/{rel}","templated":true}]}}