{"id":47263,"date":"2013-03-02T21:49:03","date_gmt":"2013-03-02T20:49:03","guid":{"rendered":"http:\/\/www.bellunopress.it\/?p=47263"},"modified":"2013-03-02T21:49:03","modified_gmt":"2013-03-02T20:49:03","slug":"terremoto-frode-fiscale-in-veneto-zanoni-%c2%93accertare-le-responsabilita-politiche-e-smascherare-il-sistema-marcio-e-corrotto%c2%94","status":"publish","type":"post","link":"https:\/\/www.bellunopress.it\/fr\/2013\/03\/02\/terremoto-frode-fiscale-in-veneto-zanoni-%c2%93accertare-le-responsabilita-politiche-e-smascherare-il-sistema-marcio-e-corrotto%c2%94\/","title":{"rendered":"Terremoto frode fiscale in Veneto.  Zanoni: &#8220;\u0093Accertare le responsabilit\u00e0 politiche e smascherare il sistema marcio e corrotto\u0094&#8221;"},"content":{"rendered":"<figure id=\"attachment_34303\" aria-describedby=\"caption-attachment-34303\" style=\"width: 220px\" class=\"wp-caption alignleft\"><a href=\"http:\/\/www.bellunopress.it\/wp-content\/uploads\/2012\/01\/andrea-zanoni.jpg\"><img loading=\"lazy\" decoding=\"async\" class=\"size-full wp-image-34303\" alt=\"Andrea Zanoni eurodeputato Idv\" src=\"http:\/\/www.bellunopress.it\/wp-content\/uploads\/2012\/01\/andrea-zanoni.jpg\" width=\"220\" height=\"220\" srcset=\"https:\/\/www.bellunopress.it\/wp-content\/uploads\/2012\/01\/andrea-zanoni.jpg 220w, https:\/\/www.bellunopress.it\/wp-content\/uploads\/2012\/01\/andrea-zanoni-150x150.jpg 150w\" sizes=\"auto, (max-width: 220px) 100vw, 220px\" \/><\/a><figcaption id=\"caption-attachment-34303\" class=\"wp-caption-text\">Andrea Zanoni eurodeputato Idv<\/figcaption><\/figure>\n<p>Milioni di fondi neri e arresti illustri. In manette l&#8217;ex segretaria di Galan (quando era Governatore del Veneto). Zanoni: \u0093Zaia spalanchi le porta della Regione per far entrare la luce e gli inquirenti. Accertare fino a che punto arriva questo sistema marcio e corrotto\u0094<\/p>\n<p>\u0093Invito Zaia a spalancare le porte della Regione Veneto agli inquirenti e alla magistratura, e lo invito da subito a rendersi disponibile per far costituire parte civile la Regione Veneto in tutti i processi che ci saranno a carico degli arrestati\u0094.<\/p>\n<p>E&#8217; l&#8217;invito dell&#8217;eurodeputato Andrea Zanoni a seguito del giro di fatture false, fondi neri scoperti e agli arresti che hanno coinvolto anche l&#8217;ex segretaria di Giancarlo Galan. \u0093Vista l&#8217;entit\u00e0 dello scandalo e il fatto che lo stesso Colonnello Nisi della Guardia di Finanza ha ammesso che bisogna percorrere anche la strada della politica, credo che sia necessario fare massima chiarezza e scavare fino in fondo anche all&#8217;interno della Regione Veneto\u0094.<\/p>\n<p>\u0093In Veneto ci sono in ballo opere e infrastrutture come il Mose, e non solo, che valgono miliardi di euro. Per questo va subito fatta massima chiarezza sui presunti fondi neri legati agli appalti \u0096 attacca Zanoni \u0096 Invito anche le associazioni ambientaliste e di tutela del territorio a seguire la vicenda in vista di possibili costituzioni di parte civile. Se esiste un \u0093sistema Veneto\u0094 che si basa davvero su corruzione e fondi neri legati agli appalti, allora questo deve essere smascherato subito\u0094.<\/p>\n<p>Secondo quanto sta emergendo, si tratta di una frode fiscale di circa 10 milioni di euro (20 miliardi di vecchie lire) fatta di fondi neri e tangenti. Arrestati Piergiorgio Baita e Nicol\u00f2 Buson, rispettivamente patron e responsabile amministrativo della Mantovani spa, Claudia Minutillo, ex segretaria di Giancarlo Galan al tempo in cui era Governatore del Veneto, e ora Ad di Adria Infrastrutture spa e William Colombelli, a capo della Bmc Broker srl con sede a San Marino. Sempre secondo le accuse, la Bmc di Colombelli avrebbe fatturato in modo illecito dal 2005 al 2010 consulenze tecniche e scientifiche per 10 milioni di euro contabilizzate alle societ\u00e0 collegate: Adria Infrastrutture, Consorzio Venezia Nuova, Thetis, Palomar, Dolomiti Rocce, Talea, Veneto Strade, Veneto Acque, Passante di Mestre, Autorit\u00e0 portuale di Venezia. La Mantovani \u00e8 l&#8217;artefice di alcuni progetti sui quali Zanoni \u00e8 intervenuto in sede europea per sospette violazioni delle normativa ambientale come la Valdastico Nord A 31, o altri sui quali ha attirato l&#8217;attenzione delle autorit\u00e0 come il disinquinamento di Porto Marghera, il progetto stradale Nogara-mare, la nuova Valsugana e il progetto autostradale Treviso-mare.<\/p>","protected":false},"excerpt":{"rendered":"<p>Milioni di fondi neri e arresti illustri. In manette l&#8217;ex segretaria di Galan (quando era Governatore del Veneto). Zanoni: \u0093Zaia spalanchi le porta della Regione per far entrare la luce e gli inquirenti. Accertare fino a che punto arriva questo sistema marcio e corrotto\u0094 \u0093Invito Zaia a spalancare le porte della Regione Veneto agli inquirenti [&hellip;]<\/p>\n","protected":false},"author":2,"featured_media":0,"comment_status":"closed","ping_status":"open","sticky":false,"template":"","format":"standard","meta":{"footnotes":""},"categories":[5,26],"tags":[],"class_list":["post-47263","post","type-post","status-publish","format-standard","category-cronaca","category-prima-pagina"],"yoast_head":"<!-- This site is optimized with the Yoast SEO plugin v28.4 - https:\/\/yoast.com\/product\/yoast-seo-wordpress\/ -->\n<title>Terremoto frode fiscale in Veneto. Zanoni: &quot;\u0093Accertare le responsabilit\u00e0 politiche e smascherare il sistema marcio e corrotto\u0094&quot; - Bellunopress - Dolomiti<\/title>\n<meta name=\"robots\" content=\"index, follow, max-snippet:-1, max-image-preview:large, max-video-preview:-1\" \/>\n<link rel=\"canonical\" href=\"https:\/\/www.bellunopress.it\/fr\/2013\/03\/02\/terremoto-frode-fiscale-in-veneto-zanoni-\u0093accertare-le-responsabilita-politiche-e-smascherare-il-sistema-marcio-e-corrotto\u0094\/\" \/>\n<meta property=\"og:locale\" content=\"fr_FR\" \/>\n<meta property=\"og:type\" content=\"article\" \/>\n<meta property=\"og:title\" content=\"Terremoto frode fiscale in Veneto. Zanoni: &quot;\u0093Accertare le responsabilit\u00e0 politiche e smascherare il sistema marcio e corrotto\u0094&quot; - Bellunopress - Dolomiti\" \/>\n<meta property=\"og:description\" content=\"Milioni di fondi neri e arresti illustri. In manette l&#8217;ex segretaria di Galan (quando era Governatore del Veneto). Zanoni: \u0093Zaia spalanchi le porta della Regione per far entrare la luce e gli inquirenti. Accertare fino a che punto arriva questo sistema marcio e corrotto\u0094 \u0093Invito Zaia a spalancare le porte della Regione Veneto agli inquirenti [&hellip;]\" \/>\n<meta property=\"og:url\" content=\"https:\/\/www.bellunopress.it\/fr\/2013\/03\/02\/terremoto-frode-fiscale-in-veneto-zanoni-\u0093accertare-le-responsabilita-politiche-e-smascherare-il-sistema-marcio-e-corrotto\u0094\/\" \/>\n<meta property=\"og:site_name\" content=\"Bellunopress - Dolomiti\" \/>\n<meta property=\"article:publisher\" content=\"https:\/\/www.facebook.com\/profile.php?id=100008943462799\" \/>\n<meta property=\"article:published_time\" content=\"2013-03-02T20:49:03+00:00\" \/>\n<meta property=\"og:image\" content=\"http:\/\/www.bellunopress.it\/wp-content\/uploads\/2012\/01\/andrea-zanoni.jpg\" \/>\n<meta name=\"author\" content=\"redazione\" \/>\n<meta name=\"twitter:card\" content=\"summary_large_image\" \/>\n<meta name=\"twitter:creator\" content=\"@bellunopress\" \/>\n<meta name=\"twitter:site\" content=\"@bellunopress\" \/>\n<meta name=\"twitter:label1\" content=\"Written by\" \/>\n\t<meta name=\"twitter:data1\" content=\"redazione\" \/>\n\t<meta name=\"twitter:label2\" content=\"Est. reading time\" \/>\n\t<meta name=\"twitter:data2\" content=\"2 minutes\" \/>\n<script type=\"application\/ld+json\" class=\"yoast-schema-graph\">{\"@context\":\"https:\\\/\\\/schema.org\",\"@graph\":[{\"@type\":\"Article\",\"@id\":\"https:\\\/\\\/www.bellunopress.it\\\/2013\\\/03\\\/02\\\/terremoto-frode-fiscale-in-veneto-zanoni-%c2%93accertare-le-responsabilita-politiche-e-smascherare-il-sistema-marcio-e-corrotto%c2%94\\\/#article\",\"isPartOf\":{\"@id\":\"https:\\\/\\\/www.bellunopress.it\\\/2013\\\/03\\\/02\\\/terremoto-frode-fiscale-in-veneto-zanoni-%c2%93accertare-le-responsabilita-politiche-e-smascherare-il-sistema-marcio-e-corrotto%c2%94\\\/\"},\"author\":{\"name\":\"redazione\",\"@id\":\"https:\\\/\\\/www.bellunopress.it\\\/#\\\/schema\\\/person\\\/79bb06722b37ece1c03d3e94beb30d73\"},\"headline\":\"Terremoto frode fiscale in Veneto. Zanoni: &#8220;\u0093Accertare le responsabilit\u00e0 politiche e smascherare il sistema marcio e corrotto\u0094&#8221;\",\"datePublished\":\"2013-03-02T20:49:03+00:00\",\"mainEntityOfPage\":{\"@id\":\"https:\\\/\\\/www.bellunopress.it\\\/2013\\\/03\\\/02\\\/terremoto-frode-fiscale-in-veneto-zanoni-%c2%93accertare-le-responsabilita-politiche-e-smascherare-il-sistema-marcio-e-corrotto%c2%94\\\/\"},\"wordCount\":446,\"publisher\":{\"@id\":\"https:\\\/\\\/www.bellunopress.it\\\/#organization\"},\"image\":{\"@id\":\"https:\\\/\\\/www.bellunopress.it\\\/2013\\\/03\\\/02\\\/terremoto-frode-fiscale-in-veneto-zanoni-%c2%93accertare-le-responsabilita-politiche-e-smascherare-il-sistema-marcio-e-corrotto%c2%94\\\/#primaryimage\"},\"thumbnailUrl\":\"http:\\\/\\\/www.bellunopress.it\\\/wp-content\\\/uploads\\\/2012\\\/01\\\/andrea-zanoni.jpg\",\"articleSection\":[\"Cronaca\\\/Politica\",\"Prima Pagina\"],\"inLanguage\":\"fr-FR\"},{\"@type\":\"WebPage\",\"@id\":\"https:\\\/\\\/www.bellunopress.it\\\/2013\\\/03\\\/02\\\/terremoto-frode-fiscale-in-veneto-zanoni-%c2%93accertare-le-responsabilita-politiche-e-smascherare-il-sistema-marcio-e-corrotto%c2%94\\\/\",\"url\":\"https:\\\/\\\/www.bellunopress.it\\\/2013\\\/03\\\/02\\\/terremoto-frode-fiscale-in-veneto-zanoni-%c2%93accertare-le-responsabilita-politiche-e-smascherare-il-sistema-marcio-e-corrotto%c2%94\\\/\",\"name\":\"Terremoto frode fiscale in Veneto. Zanoni: \\\"\u0093Accertare le responsabilit\u00e0 politiche e smascherare il sistema marcio e corrotto\u0094\\\" - Bellunopress - Dolomiti\",\"isPartOf\":{\"@id\":\"https:\\\/\\\/www.bellunopress.it\\\/#website\"},\"primaryImageOfPage\":{\"@id\":\"https:\\\/\\\/www.bellunopress.it\\\/2013\\\/03\\\/02\\\/terremoto-frode-fiscale-in-veneto-zanoni-%c2%93accertare-le-responsabilita-politiche-e-smascherare-il-sistema-marcio-e-corrotto%c2%94\\\/#primaryimage\"},\"image\":{\"@id\":\"https:\\\/\\\/www.bellunopress.it\\\/2013\\\/03\\\/02\\\/terremoto-frode-fiscale-in-veneto-zanoni-%c2%93accertare-le-responsabilita-politiche-e-smascherare-il-sistema-marcio-e-corrotto%c2%94\\\/#primaryimage\"},\"thumbnailUrl\":\"http:\\\/\\\/www.bellunopress.it\\\/wp-content\\\/uploads\\\/2012\\\/01\\\/andrea-zanoni.jpg\",\"datePublished\":\"2013-03-02T20:49:03+00:00\",\"breadcrumb\":{\"@id\":\"https:\\\/\\\/www.bellunopress.it\\\/2013\\\/03\\\/02\\\/terremoto-frode-fiscale-in-veneto-zanoni-%c2%93accertare-le-responsabilita-politiche-e-smascherare-il-sistema-marcio-e-corrotto%c2%94\\\/#breadcrumb\"},\"inLanguage\":\"fr-FR\",\"potentialAction\":[{\"@type\":\"ReadAction\",\"target\":[\"https:\\\/\\\/www.bellunopress.it\\\/2013\\\/03\\\/02\\\/terremoto-frode-fiscale-in-veneto-zanoni-%c2%93accertare-le-responsabilita-politiche-e-smascherare-il-sistema-marcio-e-corrotto%c2%94\\\/\"]}]},{\"@type\":\"ImageObject\",\"inLanguage\":\"fr-FR\",\"@id\":\"https:\\\/\\\/www.bellunopress.it\\\/2013\\\/03\\\/02\\\/terremoto-frode-fiscale-in-veneto-zanoni-%c2%93accertare-le-responsabilita-politiche-e-smascherare-il-sistema-marcio-e-corrotto%c2%94\\\/#primaryimage\",\"url\":\"http:\\\/\\\/www.bellunopress.it\\\/wp-content\\\/uploads\\\/2012\\\/01\\\/andrea-zanoni.jpg\",\"contentUrl\":\"http:\\\/\\\/www.bellunopress.it\\\/wp-content\\\/uploads\\\/2012\\\/01\\\/andrea-zanoni.jpg\"},{\"@type\":\"BreadcrumbList\",\"@id\":\"https:\\\/\\\/www.bellunopress.it\\\/2013\\\/03\\\/02\\\/terremoto-frode-fiscale-in-veneto-zanoni-%c2%93accertare-le-responsabilita-politiche-e-smascherare-il-sistema-marcio-e-corrotto%c2%94\\\/#breadcrumb\",\"itemListElement\":[{\"@type\":\"ListItem\",\"position\":1,\"name\":\"Home\",\"item\":\"https:\\\/\\\/www.bellunopress.it\\\/\"},{\"@type\":\"ListItem\",\"position\":2,\"name\":\"Terremoto frode fiscale in Veneto. Zanoni: &#8220;\u0093Accertare le responsabilit\u00e0 politiche e smascherare il sistema marcio e corrotto\u0094&#8221;\"}]},{\"@type\":\"WebSite\",\"@id\":\"https:\\\/\\\/www.bellunopress.it\\\/#website\",\"url\":\"https:\\\/\\\/www.bellunopress.it\\\/\",\"name\":\"Bellunopress - Dolomiti\",\"description\":\"e-mail: redazione@bellunopress.it\",\"publisher\":{\"@id\":\"https:\\\/\\\/www.bellunopress.it\\\/#organization\"},\"potentialAction\":[{\"@type\":\"SearchAction\",\"target\":{\"@type\":\"EntryPoint\",\"urlTemplate\":\"https:\\\/\\\/www.bellunopress.it\\\/?s={search_term_string}\"},\"query-input\":{\"@type\":\"PropertyValueSpecification\",\"valueRequired\":true,\"valueName\":\"search_term_string\"}}],\"inLanguage\":\"fr-FR\"},{\"@type\":\"Organization\",\"@id\":\"https:\\\/\\\/www.bellunopress.it\\\/#organization\",\"name\":\"Bellunopress\",\"url\":\"https:\\\/\\\/www.bellunopress.it\\\/\",\"logo\":{\"@type\":\"ImageObject\",\"inLanguage\":\"fr-FR\",\"@id\":\"https:\\\/\\\/www.bellunopress.it\\\/#\\\/schema\\\/logo\\\/image\\\/\",\"url\":\"https:\\\/\\\/www.bellunopress.it\\\/wp-content\\\/uploads\\\/2011\\\/05\\\/cropped-logo-bellunopress-.jpg\",\"contentUrl\":\"https:\\\/\\\/www.bellunopress.it\\\/wp-content\\\/uploads\\\/2011\\\/05\\\/cropped-logo-bellunopress-.jpg\",\"width\":512,\"height\":512,\"caption\":\"Bellunopress\"},\"image\":{\"@id\":\"https:\\\/\\\/www.bellunopress.it\\\/#\\\/schema\\\/logo\\\/image\\\/\"},\"sameAs\":[\"https:\\\/\\\/www.facebook.com\\\/profile.php?id=100008943462799\",\"https:\\\/\\\/x.com\\\/bellunopress\",\"https:\\\/\\\/www.linkedin.com\\\/hp\\\/?dnr=JBzUWaJfMUw8vbXJJ2tVW5-I3jZKvC4wsoxE&amp;amp;amp;amp;amp;amp;trk=nav_responsive_tab_home\",\"https:\\\/\\\/www.youtube.com\\\/channel\\\/UCxL0wu1uN0_3_7hGG0306cw\"]},{\"@type\":\"Person\",\"@id\":\"https:\\\/\\\/www.bellunopress.it\\\/#\\\/schema\\\/person\\\/79bb06722b37ece1c03d3e94beb30d73\",\"name\":\"redazione\",\"image\":{\"@type\":\"ImageObject\",\"inLanguage\":\"fr-FR\",\"@id\":\"https:\\\/\\\/secure.gravatar.com\\\/avatar\\\/37d968a2e67a6fd04c169c4bdef102d0bc5d31b2546345219e348575eb80e9a0?s=96&d=mm&r=g\",\"url\":\"https:\\\/\\\/secure.gravatar.com\\\/avatar\\\/37d968a2e67a6fd04c169c4bdef102d0bc5d31b2546345219e348575eb80e9a0?s=96&d=mm&r=g\",\"contentUrl\":\"https:\\\/\\\/secure.gravatar.com\\\/avatar\\\/37d968a2e67a6fd04c169c4bdef102d0bc5d31b2546345219e348575eb80e9a0?s=96&d=mm&r=g\",\"caption\":\"redazione\"},\"sameAs\":[\"http:\\\/\\\/www.bellunopress.it\",\"https:\\\/\\\/x.com\\\/bellunopress\"],\"url\":\"https:\\\/\\\/www.bellunopress.it\\\/fr\\\/author\\\/redazione\\\/\"}]}<\/script>\n<!-- \/ Yoast SEO plugin. -->","yoast_head_json":{"title":"Terremoto frode fiscale in Veneto. Zanoni: \"\u0093Accertare le responsabilit\u00e0 politiche e smascherare il sistema marcio e corrotto\u0094\" - Bellunopress - Dolomiti","robots":{"index":"index","follow":"follow","max-snippet":"max-snippet:-1","max-image-preview":"max-image-preview:large","max-video-preview":"max-video-preview:-1"},"canonical":"https:\/\/www.bellunopress.it\/fr\/2013\/03\/02\/terremoto-frode-fiscale-in-veneto-zanoni-\u0093accertare-le-responsabilita-politiche-e-smascherare-il-sistema-marcio-e-corrotto\u0094\/","og_locale":"fr_FR","og_type":"article","og_title":"Terremoto frode fiscale in Veneto. Zanoni: \"\u0093Accertare le responsabilit\u00e0 politiche e smascherare il sistema marcio e corrotto\u0094\" - Bellunopress - Dolomiti","og_description":"Milioni di fondi neri e arresti illustri. In manette l&#8217;ex segretaria di Galan (quando era Governatore del Veneto). Zanoni: \u0093Zaia spalanchi le porta della Regione per far entrare la luce e gli inquirenti. Accertare fino a che punto arriva questo sistema marcio e corrotto\u0094 \u0093Invito Zaia a spalancare le porte della Regione Veneto agli inquirenti [&hellip;]","og_url":"https:\/\/www.bellunopress.it\/fr\/2013\/03\/02\/terremoto-frode-fiscale-in-veneto-zanoni-\u0093accertare-le-responsabilita-politiche-e-smascherare-il-sistema-marcio-e-corrotto\u0094\/","og_site_name":"Bellunopress - Dolomiti","article_publisher":"https:\/\/www.facebook.com\/profile.php?id=100008943462799","article_published_time":"2013-03-02T20:49:03+00:00","og_image":[{"url":"http:\/\/www.bellunopress.it\/wp-content\/uploads\/2012\/01\/andrea-zanoni.jpg","type":"","width":"","height":""}],"author":"redazione","twitter_card":"summary_large_image","twitter_creator":"@bellunopress","twitter_site":"@bellunopress","twitter_misc":{"Written by":"redazione","Est. reading time":"2 minutes"},"schema":{"@context":"https:\/\/schema.org","@graph":[{"@type":"Article","@id":"https:\/\/www.bellunopress.it\/2013\/03\/02\/terremoto-frode-fiscale-in-veneto-zanoni-%c2%93accertare-le-responsabilita-politiche-e-smascherare-il-sistema-marcio-e-corrotto%c2%94\/#article","isPartOf":{"@id":"https:\/\/www.bellunopress.it\/2013\/03\/02\/terremoto-frode-fiscale-in-veneto-zanoni-%c2%93accertare-le-responsabilita-politiche-e-smascherare-il-sistema-marcio-e-corrotto%c2%94\/"},"author":{"name":"redazione","@id":"https:\/\/www.bellunopress.it\/#\/schema\/person\/79bb06722b37ece1c03d3e94beb30d73"},"headline":"Terremoto frode fiscale in Veneto. Zanoni: &#8220;\u0093Accertare le responsabilit\u00e0 politiche e smascherare il sistema marcio e corrotto\u0094&#8221;","datePublished":"2013-03-02T20:49:03+00:00","mainEntityOfPage":{"@id":"https:\/\/www.bellunopress.it\/2013\/03\/02\/terremoto-frode-fiscale-in-veneto-zanoni-%c2%93accertare-le-responsabilita-politiche-e-smascherare-il-sistema-marcio-e-corrotto%c2%94\/"},"wordCount":446,"publisher":{"@id":"https:\/\/www.bellunopress.it\/#organization"},"image":{"@id":"https:\/\/www.bellunopress.it\/2013\/03\/02\/terremoto-frode-fiscale-in-veneto-zanoni-%c2%93accertare-le-responsabilita-politiche-e-smascherare-il-sistema-marcio-e-corrotto%c2%94\/#primaryimage"},"thumbnailUrl":"http:\/\/www.bellunopress.it\/wp-content\/uploads\/2012\/01\/andrea-zanoni.jpg","articleSection":["Cronaca\/Politica","Prima Pagina"],"inLanguage":"fr-FR"},{"@type":"WebPage","@id":"https:\/\/www.bellunopress.it\/2013\/03\/02\/terremoto-frode-fiscale-in-veneto-zanoni-%c2%93accertare-le-responsabilita-politiche-e-smascherare-il-sistema-marcio-e-corrotto%c2%94\/","url":"https:\/\/www.bellunopress.it\/2013\/03\/02\/terremoto-frode-fiscale-in-veneto-zanoni-%c2%93accertare-le-responsabilita-politiche-e-smascherare-il-sistema-marcio-e-corrotto%c2%94\/","name":"Terremoto frode fiscale in Veneto. Zanoni: \"\u0093Accertare le responsabilit\u00e0 politiche e smascherare il sistema marcio e corrotto\u0094\" - Bellunopress - Dolomiti","isPartOf":{"@id":"https:\/\/www.bellunopress.it\/#website"},"primaryImageOfPage":{"@id":"https:\/\/www.bellunopress.it\/2013\/03\/02\/terremoto-frode-fiscale-in-veneto-zanoni-%c2%93accertare-le-responsabilita-politiche-e-smascherare-il-sistema-marcio-e-corrotto%c2%94\/#primaryimage"},"image":{"@id":"https:\/\/www.bellunopress.it\/2013\/03\/02\/terremoto-frode-fiscale-in-veneto-zanoni-%c2%93accertare-le-responsabilita-politiche-e-smascherare-il-sistema-marcio-e-corrotto%c2%94\/#primaryimage"},"thumbnailUrl":"http:\/\/www.bellunopress.it\/wp-content\/uploads\/2012\/01\/andrea-zanoni.jpg","datePublished":"2013-03-02T20:49:03+00:00","breadcrumb":{"@id":"https:\/\/www.bellunopress.it\/2013\/03\/02\/terremoto-frode-fiscale-in-veneto-zanoni-%c2%93accertare-le-responsabilita-politiche-e-smascherare-il-sistema-marcio-e-corrotto%c2%94\/#breadcrumb"},"inLanguage":"fr-FR","potentialAction":[{"@type":"ReadAction","target":["https:\/\/www.bellunopress.it\/2013\/03\/02\/terremoto-frode-fiscale-in-veneto-zanoni-%c2%93accertare-le-responsabilita-politiche-e-smascherare-il-sistema-marcio-e-corrotto%c2%94\/"]}]},{"@type":"ImageObject","inLanguage":"fr-FR","@id":"https:\/\/www.bellunopress.it\/2013\/03\/02\/terremoto-frode-fiscale-in-veneto-zanoni-%c2%93accertare-le-responsabilita-politiche-e-smascherare-il-sistema-marcio-e-corrotto%c2%94\/#primaryimage","url":"http:\/\/www.bellunopress.it\/wp-content\/uploads\/2012\/01\/andrea-zanoni.jpg","contentUrl":"http:\/\/www.bellunopress.it\/wp-content\/uploads\/2012\/01\/andrea-zanoni.jpg"},{"@type":"BreadcrumbList","@id":"https:\/\/www.bellunopress.it\/2013\/03\/02\/terremoto-frode-fiscale-in-veneto-zanoni-%c2%93accertare-le-responsabilita-politiche-e-smascherare-il-sistema-marcio-e-corrotto%c2%94\/#breadcrumb","itemListElement":[{"@type":"ListItem","position":1,"name":"Home","item":"https:\/\/www.bellunopress.it\/"},{"@type":"ListItem","position":2,"name":"Terremoto frode fiscale in Veneto. Zanoni: &#8220;\u0093Accertare le responsabilit\u00e0 politiche e smascherare il sistema marcio e corrotto\u0094&#8221;"}]},{"@type":"WebSite","@id":"https:\/\/www.bellunopress.it\/#website","url":"https:\/\/www.bellunopress.it\/","name":"Bellunopress - Dolomiti","description":"e-mail: redazione@bellunopress.it","publisher":{"@id":"https:\/\/www.bellunopress.it\/#organization"},"potentialAction":[{"@type":"SearchAction","target":{"@type":"EntryPoint","urlTemplate":"https:\/\/www.bellunopress.it\/?s={search_term_string}"},"query-input":{"@type":"PropertyValueSpecification","valueRequired":true,"valueName":"search_term_string"}}],"inLanguage":"fr-FR"},{"@type":"Organization","@id":"https:\/\/www.bellunopress.it\/#organization","name":"Bellunopress","url":"https:\/\/www.bellunopress.it\/","logo":{"@type":"ImageObject","inLanguage":"fr-FR","@id":"https:\/\/www.bellunopress.it\/#\/schema\/logo\/image\/","url":"https:\/\/www.bellunopress.it\/wp-content\/uploads\/2011\/05\/cropped-logo-bellunopress-.jpg","contentUrl":"https:\/\/www.bellunopress.it\/wp-content\/uploads\/2011\/05\/cropped-logo-bellunopress-.jpg","width":512,"height":512,"caption":"Bellunopress"},"image":{"@id":"https:\/\/www.bellunopress.it\/#\/schema\/logo\/image\/"},"sameAs":["https:\/\/www.facebook.com\/profile.php?id=100008943462799","https:\/\/x.com\/bellunopress","https:\/\/www.linkedin.com\/hp\/?dnr=JBzUWaJfMUw8vbXJJ2tVW5-I3jZKvC4wsoxE&amp;amp;amp;amp;amp;amp;trk=nav_responsive_tab_home","https:\/\/www.youtube.com\/channel\/UCxL0wu1uN0_3_7hGG0306cw"]},{"@type":"Person","@id":"https:\/\/www.bellunopress.it\/#\/schema\/person\/79bb06722b37ece1c03d3e94beb30d73","name":"r\u00e9daction","image":{"@type":"ImageObject","inLanguage":"fr-FR","@id":"https:\/\/secure.gravatar.com\/avatar\/37d968a2e67a6fd04c169c4bdef102d0bc5d31b2546345219e348575eb80e9a0?s=96&d=mm&r=g","url":"https:\/\/secure.gravatar.com\/avatar\/37d968a2e67a6fd04c169c4bdef102d0bc5d31b2546345219e348575eb80e9a0?s=96&d=mm&r=g","contentUrl":"https:\/\/secure.gravatar.com\/avatar\/37d968a2e67a6fd04c169c4bdef102d0bc5d31b2546345219e348575eb80e9a0?s=96&d=mm&r=g","caption":"redazione"},"sameAs":["http:\/\/www.bellunopress.it","https:\/\/x.com\/bellunopress"],"url":"https:\/\/www.bellunopress.it\/fr\/author\/redazione\/"}]}},"_links":{"self":[{"href":"https:\/\/www.bellunopress.it\/fr\/wp-json\/wp\/v2\/posts\/47263","targetHints":{"allow":["GET"]}}],"collection":[{"href":"https:\/\/www.bellunopress.it\/fr\/wp-json\/wp\/v2\/posts"}],"about":[{"href":"https:\/\/www.bellunopress.it\/fr\/wp-json\/wp\/v2\/types\/post"}],"author":[{"embeddable":true,"href":"https:\/\/www.bellunopress.it\/fr\/wp-json\/wp\/v2\/users\/2"}],"replies":[{"embeddable":true,"href":"https:\/\/www.bellunopress.it\/fr\/wp-json\/wp\/v2\/comments?post=47263"}],"version-history":[{"count":1,"href":"https:\/\/www.bellunopress.it\/fr\/wp-json\/wp\/v2\/posts\/47263\/revisions"}],"predecessor-version":[{"id":47264,"href":"https:\/\/www.bellunopress.it\/fr\/wp-json\/wp\/v2\/posts\/47263\/revisions\/47264"}],"wp:attachment":[{"href":"https:\/\/www.bellunopress.it\/fr\/wp-json\/wp\/v2\/media?parent=47263"}],"wp:term":[{"taxonomy":"category","embeddable":true,"href":"https:\/\/www.bellunopress.it\/fr\/wp-json\/wp\/v2\/categories?post=47263"},{"taxonomy":"post_tag","embeddable":true,"href":"https:\/\/www.bellunopress.it\/fr\/wp-json\/wp\/v2\/tags?post=47263"}],"curies":[{"name":"wp","href":"https:\/\/api.w.org\/{rel}","templated":true}]}}