{"id":4726,"date":"2009-06-11T14:06:25","date_gmt":"2009-06-11T13:06:25","guid":{"rendered":"http:\/\/www.bellunopress.it\/?p=4726"},"modified":"2009-06-11T14:07:11","modified_gmt":"2009-06-11T13:07:11","slug":"scuola-gabelli-discussione-fino-a-tarda-ora-in-consiglio-comunale","status":"publish","type":"post","link":"https:\/\/www.bellunopress.it\/fr\/2009\/06\/11\/scuola-gabelli-discussione-fino-a-tarda-ora-in-consiglio-comunale\/","title":{"rendered":"Prospettive per la scuola Gabelli: discussione fino a tarda ora in consiglio comunale"},"content":{"rendered":"<p><a href=\"http:\/\/www.bellunopress.it\/wp-content\/uploads\/2009\/03\/palazzo-rosso.jpg\"><img loading=\"lazy\" decoding=\"async\" class=\"alignleft size-medium wp-image-1535\" title=\"palazzo-rosso 150x150\" src=\"http:\/\/www.bellunopress.it\/wp-content\/uploads\/2009\/03\/palazzo-rosso.jpg\" alt=\"\" width=\"181\" height=\"241\" \/><\/a>E\u2019andata avanti oltre le 22 la discussione in consiglio comunale a Belluno riguardante la situazione della scuola elementare Gabelli dopo il crollo di un altro soffitto e la sua definitiva chiusura. Nell\u2019interrogazione rivolta al sindaco Prade il capogruppo del Pd Jacopo Massaro, alla presenza di alcuni genitori degli alunni intervenuti alla riunione consiliare, ha formulato tre richieste. Oltre alla prassi di voler capire perch\u00e9 dopo un crollo se n\u2019\u00e8 verificato un altro nonostante le verifiche fatte a suo tempo, \u00e8 stato chiesto di sapere le prospettive a breve e a lungo termine relative alla ripresa dell\u2019attivit\u00e0 scolastica per gli alunni della Gabelli. \u201cTra le opzioni espresse riteniamo che l\u2019individuare un prefabbricato soprattutto se collocato all\u2019interno dell\u2019ex-caserma Fantuzzi dove esiste uno spazio adatto, come nella disponibilit\u00e0 data dalla Provincia, sia la soluzione pi\u00f9 adatta perch\u00e9 si trova in centro e vicino allo Sperti dove c\u2019\u00e8 il rientro pomeridiano per molti ragazzi\u201d, ha sostenuto Massaro, \u201cin questo modo le classi non si disperderebbero e la palestra ristrutturata della Gabelli sarebbe facilmente raggiungibile di l\u00e0 della strada per dar modo agli alunni di svolgere le lezioni di ginnastica\u201d. Una soluzione che forse potrebbe stare bene alla Giunta comunale, la quale per\u00f2 preferirebbe un immobile gi\u00e0 esistente da destinare a questo scopo. \u201cPurtroppo un immobile cos\u00ec non c\u2019\u00e8 in centro a Belluno\u201d, ha sottolineato Massaro. In subordine al reperimento di una sede unica la Giunta ha deciso invece di adottare un\u2019 eventuale assegnazione delle classi a istituti diversi sparsi per la citt\u00e0. Una soluzione che secondo l\u2019opposizione, ma anche non pochi genitori, presenta per\u00f2 non trascurabili inconvenienti sia per gli insegnanti che sarebbero costretti a peregrinare da una scuola all\u2019altra inseguendo le classi che per i ragazzi che rientrano allo Sperti per i quali si dovrebbe istituire un apposito scuolabus per condurveli a fine lezione. \u201cRisolveremo\u201d, ha risposto Prade concludendo il dialogo con l\u2019opposizione.<br \/>\n<strong>Le verifiche tecniche alle Gabelli spiegate dal sindaco Antonio Prade:<\/strong><br \/>\nDopo quanto accaduto alle Scuole Gabelli molti si sono chiesti \u2013 e giustamente \u2013 quali fossero state le verifiche tecniche eseguite all&#8217;interno dell&#8217;Istituto scolastico dopo il primo\u00a0 sfondellamento (questo, tecnicamente, il termine in uso per descrivere quanto \u00e8 successo). Vale dunque la pena di riassumere brevemente.<br \/>\nAlla fine di novembre 2007, a seguito dello sfondellamento (questo il termine tecnico per identificare quanto accaduto) verificatosi nell&#8217;aula al primo piano sul lato corto delle Gabelli (la parte verso il Tribunale) fu incaricata la ditta 4 EMME di Trento \u2013 ditta tra le pi\u00f9 affermate a livello nazionale nel campo \u2013 per una puntuale verifica tecnica sul corpo dell&#8217;ala corta della scuola. Questo \u00e8 avvenuto monitorando con appositi strumenti, in contemporanea, il comportamento di ogni singolo travetto durante la fase di carico e di scarico. Sulla copertura furono posizionati grandi contenitori di gomma, riempiti d&#8217;acqua fino a raggiungere il peso desiderato, che corrisponde al carico accidentale applicato per un valore conforme alla normativa di riferimento, aumentato del 25%. All&#8217;interno dell&#8217;edificio furono posizionate le sonde necessarie. Le verifiche hanno dato esito favorevole.<br \/>\nContemporaneamente l&#8217;Amministrazione ha provveduto ad una verifica capillare dell&#8217;aula interessata e delle zone limitrofe; ha inoltre eseguito la verifica puntuale di tutto il resto dell&#8217;edificio. Questa operazione \u00e8 avvenuta mediante la rimozione manuale, nei punti interessati dal monitoraggio, dell&#8217;intonaco e della parte in laterizio di copertura dei travetti. Anche questa verifica non ha evidenziato situazioni di possibili fenomeni di cedimento. Sempre alla fine del novembre 2007 l&#8217;Amministrazione ha proceduto a una ulteriore verifica di tutti i soffitti dell&#8217;edificio scolastico, ivi compresa la classe interessata dallo sfondellamento dei giorni scorsi. L&#8217;operazione, che consisteva nella verifica della presenza di eventuali distacchi tra il calcestruzzo e la parte in laterizio, monitorati attraverso un sistema di percussione, ha confermato gli stessi risultati.<\/p>","protected":false},"excerpt":{"rendered":"<p>E\u2019andata avanti oltre le 22 la discussione in consiglio comunale a Belluno riguardante la situazione della scuola elementare Gabelli dopo il crollo di un altro soffitto e la sua definitiva chiusura. Nell\u2019interrogazione rivolta al sindaco Prade il capogruppo del Pd Jacopo Massaro, alla presenza di alcuni genitori degli alunni intervenuti alla riunione consiliare, ha formulato [&hellip;]<\/p>\n","protected":false},"author":2,"featured_media":0,"comment_status":"closed","ping_status":"open","sticky":false,"template":"","format":"standard","meta":{"footnotes":""},"categories":[5,26,15],"tags":[139],"class_list":["post-4726","post","type-post","status-publish","format-standard","category-cronaca","category-prima-pagina","category-scuola","tag-belluno"],"yoast_head":"<!-- This site is optimized with the Yoast SEO plugin v28.4 - https:\/\/yoast.com\/product\/yoast-seo-wordpress\/ -->\n<title>Prospettive per la scuola Gabelli: discussione fino a tarda ora in consiglio comunale - Bellunopress - Dolomiti<\/title>\n<meta name=\"robots\" content=\"index, follow, max-snippet:-1, max-image-preview:large, max-video-preview:-1\" \/>\n<link rel=\"canonical\" href=\"https:\/\/www.bellunopress.it\/fr\/2009\/06\/11\/scuola-gabelli-discussione-fino-a-tarda-ora-in-consiglio-comunale\/\" \/>\n<meta property=\"og:locale\" content=\"fr_FR\" \/>\n<meta property=\"og:type\" content=\"article\" \/>\n<meta property=\"og:title\" content=\"Prospettive per la scuola Gabelli: discussione fino a tarda ora in consiglio comunale - Bellunopress - Dolomiti\" \/>\n<meta property=\"og:description\" content=\"E\u2019andata avanti oltre le 22 la discussione in consiglio comunale a Belluno riguardante la situazione della scuola elementare Gabelli dopo il crollo di un altro soffitto e la sua definitiva chiusura. Nell\u2019interrogazione rivolta al sindaco Prade il capogruppo del Pd Jacopo Massaro, alla presenza di alcuni genitori degli alunni intervenuti alla riunione consiliare, ha formulato [&hellip;]\" \/>\n<meta property=\"og:url\" content=\"https:\/\/www.bellunopress.it\/fr\/2009\/06\/11\/scuola-gabelli-discussione-fino-a-tarda-ora-in-consiglio-comunale\/\" \/>\n<meta property=\"og:site_name\" content=\"Bellunopress - Dolomiti\" \/>\n<meta property=\"article:publisher\" content=\"https:\/\/www.facebook.com\/profile.php?id=100008943462799\" \/>\n<meta property=\"article:published_time\" content=\"2009-06-11T13:06:25+00:00\" \/>\n<meta property=\"article:modified_time\" content=\"2009-06-11T13:07:11+00:00\" \/>\n<meta property=\"og:image\" content=\"http:\/\/www.bellunopress.it\/wp-content\/uploads\/2009\/03\/palazzo-rosso.jpg\" \/>\n<meta name=\"author\" content=\"redazione\" \/>\n<meta name=\"twitter:card\" content=\"summary_large_image\" \/>\n<meta name=\"twitter:creator\" content=\"@bellunopress\" \/>\n<meta name=\"twitter:site\" content=\"@bellunopress\" \/>\n<meta name=\"twitter:label1\" content=\"Written by\" \/>\n\t<meta name=\"twitter:data1\" content=\"redazione\" \/>\n\t<meta name=\"twitter:label2\" content=\"Est. reading time\" \/>\n\t<meta name=\"twitter:data2\" content=\"3 minutes\" \/>\n<script type=\"application\/ld+json\" class=\"yoast-schema-graph\">{\"@context\":\"https:\\\/\\\/schema.org\",\"@graph\":[{\"@type\":\"Article\",\"@id\":\"https:\\\/\\\/www.bellunopress.it\\\/2009\\\/06\\\/11\\\/scuola-gabelli-discussione-fino-a-tarda-ora-in-consiglio-comunale\\\/#article\",\"isPartOf\":{\"@id\":\"https:\\\/\\\/www.bellunopress.it\\\/2009\\\/06\\\/11\\\/scuola-gabelli-discussione-fino-a-tarda-ora-in-consiglio-comunale\\\/\"},\"author\":{\"name\":\"redazione\",\"@id\":\"https:\\\/\\\/www.bellunopress.it\\\/#\\\/schema\\\/person\\\/79bb06722b37ece1c03d3e94beb30d73\"},\"headline\":\"Prospettive per la scuola Gabelli: discussione fino a tarda ora in consiglio comunale\",\"datePublished\":\"2009-06-11T13:06:25+00:00\",\"dateModified\":\"2009-06-11T13:07:11+00:00\",\"mainEntityOfPage\":{\"@id\":\"https:\\\/\\\/www.bellunopress.it\\\/2009\\\/06\\\/11\\\/scuola-gabelli-discussione-fino-a-tarda-ora-in-consiglio-comunale\\\/\"},\"wordCount\":639,\"publisher\":{\"@id\":\"https:\\\/\\\/www.bellunopress.it\\\/#organization\"},\"image\":{\"@id\":\"https:\\\/\\\/www.bellunopress.it\\\/2009\\\/06\\\/11\\\/scuola-gabelli-discussione-fino-a-tarda-ora-in-consiglio-comunale\\\/#primaryimage\"},\"thumbnailUrl\":\"http:\\\/\\\/www.bellunopress.it\\\/wp-content\\\/uploads\\\/2009\\\/03\\\/palazzo-rosso.jpg\",\"keywords\":[\"Belluno\"],\"articleSection\":[\"Cronaca\\\/Politica\",\"Prima Pagina\",\"Scuola\"],\"inLanguage\":\"fr-FR\"},{\"@type\":\"WebPage\",\"@id\":\"https:\\\/\\\/www.bellunopress.it\\\/2009\\\/06\\\/11\\\/scuola-gabelli-discussione-fino-a-tarda-ora-in-consiglio-comunale\\\/\",\"url\":\"https:\\\/\\\/www.bellunopress.it\\\/2009\\\/06\\\/11\\\/scuola-gabelli-discussione-fino-a-tarda-ora-in-consiglio-comunale\\\/\",\"name\":\"Prospettive per la scuola Gabelli: discussione fino a tarda ora in consiglio comunale - Bellunopress - Dolomiti\",\"isPartOf\":{\"@id\":\"https:\\\/\\\/www.bellunopress.it\\\/#website\"},\"primaryImageOfPage\":{\"@id\":\"https:\\\/\\\/www.bellunopress.it\\\/2009\\\/06\\\/11\\\/scuola-gabelli-discussione-fino-a-tarda-ora-in-consiglio-comunale\\\/#primaryimage\"},\"image\":{\"@id\":\"https:\\\/\\\/www.bellunopress.it\\\/2009\\\/06\\\/11\\\/scuola-gabelli-discussione-fino-a-tarda-ora-in-consiglio-comunale\\\/#primaryimage\"},\"thumbnailUrl\":\"http:\\\/\\\/www.bellunopress.it\\\/wp-content\\\/uploads\\\/2009\\\/03\\\/palazzo-rosso.jpg\",\"datePublished\":\"2009-06-11T13:06:25+00:00\",\"dateModified\":\"2009-06-11T13:07:11+00:00\",\"breadcrumb\":{\"@id\":\"https:\\\/\\\/www.bellunopress.it\\\/2009\\\/06\\\/11\\\/scuola-gabelli-discussione-fino-a-tarda-ora-in-consiglio-comunale\\\/#breadcrumb\"},\"inLanguage\":\"fr-FR\",\"potentialAction\":[{\"@type\":\"ReadAction\",\"target\":[\"https:\\\/\\\/www.bellunopress.it\\\/2009\\\/06\\\/11\\\/scuola-gabelli-discussione-fino-a-tarda-ora-in-consiglio-comunale\\\/\"]}]},{\"@type\":\"ImageObject\",\"inLanguage\":\"fr-FR\",\"@id\":\"https:\\\/\\\/www.bellunopress.it\\\/2009\\\/06\\\/11\\\/scuola-gabelli-discussione-fino-a-tarda-ora-in-consiglio-comunale\\\/#primaryimage\",\"url\":\"http:\\\/\\\/www.bellunopress.it\\\/wp-content\\\/uploads\\\/2009\\\/03\\\/palazzo-rosso.jpg\",\"contentUrl\":\"http:\\\/\\\/www.bellunopress.it\\\/wp-content\\\/uploads\\\/2009\\\/03\\\/palazzo-rosso.jpg\"},{\"@type\":\"BreadcrumbList\",\"@id\":\"https:\\\/\\\/www.bellunopress.it\\\/2009\\\/06\\\/11\\\/scuola-gabelli-discussione-fino-a-tarda-ora-in-consiglio-comunale\\\/#breadcrumb\",\"itemListElement\":[{\"@type\":\"ListItem\",\"position\":1,\"name\":\"Home\",\"item\":\"https:\\\/\\\/www.bellunopress.it\\\/\"},{\"@type\":\"ListItem\",\"position\":2,\"name\":\"Prospettive per la scuola Gabelli: discussione fino a tarda ora in consiglio comunale\"}]},{\"@type\":\"WebSite\",\"@id\":\"https:\\\/\\\/www.bellunopress.it\\\/#website\",\"url\":\"https:\\\/\\\/www.bellunopress.it\\\/\",\"name\":\"Bellunopress - Dolomiti\",\"description\":\"e-mail: redazione@bellunopress.it\",\"publisher\":{\"@id\":\"https:\\\/\\\/www.bellunopress.it\\\/#organization\"},\"potentialAction\":[{\"@type\":\"SearchAction\",\"target\":{\"@type\":\"EntryPoint\",\"urlTemplate\":\"https:\\\/\\\/www.bellunopress.it\\\/?s={search_term_string}\"},\"query-input\":{\"@type\":\"PropertyValueSpecification\",\"valueRequired\":true,\"valueName\":\"search_term_string\"}}],\"inLanguage\":\"fr-FR\"},{\"@type\":\"Organization\",\"@id\":\"https:\\\/\\\/www.bellunopress.it\\\/#organization\",\"name\":\"Bellunopress\",\"url\":\"https:\\\/\\\/www.bellunopress.it\\\/\",\"logo\":{\"@type\":\"ImageObject\",\"inLanguage\":\"fr-FR\",\"@id\":\"https:\\\/\\\/www.bellunopress.it\\\/#\\\/schema\\\/logo\\\/image\\\/\",\"url\":\"https:\\\/\\\/www.bellunopress.it\\\/wp-content\\\/uploads\\\/2011\\\/05\\\/cropped-logo-bellunopress-.jpg\",\"contentUrl\":\"https:\\\/\\\/www.bellunopress.it\\\/wp-content\\\/uploads\\\/2011\\\/05\\\/cropped-logo-bellunopress-.jpg\",\"width\":512,\"height\":512,\"caption\":\"Bellunopress\"},\"image\":{\"@id\":\"https:\\\/\\\/www.bellunopress.it\\\/#\\\/schema\\\/logo\\\/image\\\/\"},\"sameAs\":[\"https:\\\/\\\/www.facebook.com\\\/profile.php?id=100008943462799\",\"https:\\\/\\\/x.com\\\/bellunopress\",\"https:\\\/\\\/www.linkedin.com\\\/hp\\\/?dnr=JBzUWaJfMUw8vbXJJ2tVW5-I3jZKvC4wsoxE&amp;amp;amp;amp;amp;amp;trk=nav_responsive_tab_home\",\"https:\\\/\\\/www.youtube.com\\\/channel\\\/UCxL0wu1uN0_3_7hGG0306cw\"]},{\"@type\":\"Person\",\"@id\":\"https:\\\/\\\/www.bellunopress.it\\\/#\\\/schema\\\/person\\\/79bb06722b37ece1c03d3e94beb30d73\",\"name\":\"redazione\",\"image\":{\"@type\":\"ImageObject\",\"inLanguage\":\"fr-FR\",\"@id\":\"https:\\\/\\\/secure.gravatar.com\\\/avatar\\\/37d968a2e67a6fd04c169c4bdef102d0bc5d31b2546345219e348575eb80e9a0?s=96&d=mm&r=g\",\"url\":\"https:\\\/\\\/secure.gravatar.com\\\/avatar\\\/37d968a2e67a6fd04c169c4bdef102d0bc5d31b2546345219e348575eb80e9a0?s=96&d=mm&r=g\",\"contentUrl\":\"https:\\\/\\\/secure.gravatar.com\\\/avatar\\\/37d968a2e67a6fd04c169c4bdef102d0bc5d31b2546345219e348575eb80e9a0?s=96&d=mm&r=g\",\"caption\":\"redazione\"},\"sameAs\":[\"http:\\\/\\\/www.bellunopress.it\",\"https:\\\/\\\/x.com\\\/bellunopress\"],\"url\":\"https:\\\/\\\/www.bellunopress.it\\\/fr\\\/author\\\/redazione\\\/\"}]}<\/script>\n<!-- \/ Yoast SEO plugin. -->","yoast_head_json":{"title":"Prospettive per la scuola Gabelli: discussione fino a tarda ora in consiglio comunale - Bellunopress - Dolomiti","robots":{"index":"index","follow":"follow","max-snippet":"max-snippet:-1","max-image-preview":"max-image-preview:large","max-video-preview":"max-video-preview:-1"},"canonical":"https:\/\/www.bellunopress.it\/fr\/2009\/06\/11\/scuola-gabelli-discussione-fino-a-tarda-ora-in-consiglio-comunale\/","og_locale":"fr_FR","og_type":"article","og_title":"Prospettive per la scuola Gabelli: discussione fino a tarda ora in consiglio comunale - Bellunopress - Dolomiti","og_description":"E\u2019andata avanti oltre le 22 la discussione in consiglio comunale a Belluno riguardante la situazione della scuola elementare Gabelli dopo il crollo di un altro soffitto e la sua definitiva chiusura. Nell\u2019interrogazione rivolta al sindaco Prade il capogruppo del Pd Jacopo Massaro, alla presenza di alcuni genitori degli alunni intervenuti alla riunione consiliare, ha formulato [&hellip;]","og_url":"https:\/\/www.bellunopress.it\/fr\/2009\/06\/11\/scuola-gabelli-discussione-fino-a-tarda-ora-in-consiglio-comunale\/","og_site_name":"Bellunopress - Dolomiti","article_publisher":"https:\/\/www.facebook.com\/profile.php?id=100008943462799","article_published_time":"2009-06-11T13:06:25+00:00","article_modified_time":"2009-06-11T13:07:11+00:00","og_image":[{"url":"http:\/\/www.bellunopress.it\/wp-content\/uploads\/2009\/03\/palazzo-rosso.jpg","type":"","width":"","height":""}],"author":"redazione","twitter_card":"summary_large_image","twitter_creator":"@bellunopress","twitter_site":"@bellunopress","twitter_misc":{"Written by":"redazione","Est. reading time":"3 minutes"},"schema":{"@context":"https:\/\/schema.org","@graph":[{"@type":"Article","@id":"https:\/\/www.bellunopress.it\/2009\/06\/11\/scuola-gabelli-discussione-fino-a-tarda-ora-in-consiglio-comunale\/#article","isPartOf":{"@id":"https:\/\/www.bellunopress.it\/2009\/06\/11\/scuola-gabelli-discussione-fino-a-tarda-ora-in-consiglio-comunale\/"},"author":{"name":"redazione","@id":"https:\/\/www.bellunopress.it\/#\/schema\/person\/79bb06722b37ece1c03d3e94beb30d73"},"headline":"Prospettive per la scuola Gabelli: discussione fino a tarda ora in consiglio comunale","datePublished":"2009-06-11T13:06:25+00:00","dateModified":"2009-06-11T13:07:11+00:00","mainEntityOfPage":{"@id":"https:\/\/www.bellunopress.it\/2009\/06\/11\/scuola-gabelli-discussione-fino-a-tarda-ora-in-consiglio-comunale\/"},"wordCount":639,"publisher":{"@id":"https:\/\/www.bellunopress.it\/#organization"},"image":{"@id":"https:\/\/www.bellunopress.it\/2009\/06\/11\/scuola-gabelli-discussione-fino-a-tarda-ora-in-consiglio-comunale\/#primaryimage"},"thumbnailUrl":"http:\/\/www.bellunopress.it\/wp-content\/uploads\/2009\/03\/palazzo-rosso.jpg","keywords":["Belluno"],"articleSection":["Cronaca\/Politica","Prima Pagina","Scuola"],"inLanguage":"fr-FR"},{"@type":"WebPage","@id":"https:\/\/www.bellunopress.it\/2009\/06\/11\/scuola-gabelli-discussione-fino-a-tarda-ora-in-consiglio-comunale\/","url":"https:\/\/www.bellunopress.it\/2009\/06\/11\/scuola-gabelli-discussione-fino-a-tarda-ora-in-consiglio-comunale\/","name":"Prospettive per la scuola Gabelli: discussione fino a tarda ora in consiglio comunale - Bellunopress - Dolomiti","isPartOf":{"@id":"https:\/\/www.bellunopress.it\/#website"},"primaryImageOfPage":{"@id":"https:\/\/www.bellunopress.it\/2009\/06\/11\/scuola-gabelli-discussione-fino-a-tarda-ora-in-consiglio-comunale\/#primaryimage"},"image":{"@id":"https:\/\/www.bellunopress.it\/2009\/06\/11\/scuola-gabelli-discussione-fino-a-tarda-ora-in-consiglio-comunale\/#primaryimage"},"thumbnailUrl":"http:\/\/www.bellunopress.it\/wp-content\/uploads\/2009\/03\/palazzo-rosso.jpg","datePublished":"2009-06-11T13:06:25+00:00","dateModified":"2009-06-11T13:07:11+00:00","breadcrumb":{"@id":"https:\/\/www.bellunopress.it\/2009\/06\/11\/scuola-gabelli-discussione-fino-a-tarda-ora-in-consiglio-comunale\/#breadcrumb"},"inLanguage":"fr-FR","potentialAction":[{"@type":"ReadAction","target":["https:\/\/www.bellunopress.it\/2009\/06\/11\/scuola-gabelli-discussione-fino-a-tarda-ora-in-consiglio-comunale\/"]}]},{"@type":"ImageObject","inLanguage":"fr-FR","@id":"https:\/\/www.bellunopress.it\/2009\/06\/11\/scuola-gabelli-discussione-fino-a-tarda-ora-in-consiglio-comunale\/#primaryimage","url":"http:\/\/www.bellunopress.it\/wp-content\/uploads\/2009\/03\/palazzo-rosso.jpg","contentUrl":"http:\/\/www.bellunopress.it\/wp-content\/uploads\/2009\/03\/palazzo-rosso.jpg"},{"@type":"BreadcrumbList","@id":"https:\/\/www.bellunopress.it\/2009\/06\/11\/scuola-gabelli-discussione-fino-a-tarda-ora-in-consiglio-comunale\/#breadcrumb","itemListElement":[{"@type":"ListItem","position":1,"name":"Home","item":"https:\/\/www.bellunopress.it\/"},{"@type":"ListItem","position":2,"name":"Prospettive per la scuola Gabelli: discussione fino a tarda ora in consiglio comunale"}]},{"@type":"WebSite","@id":"https:\/\/www.bellunopress.it\/#website","url":"https:\/\/www.bellunopress.it\/","name":"Bellunopress - Dolomiti","description":"e-mail: redazione@bellunopress.it","publisher":{"@id":"https:\/\/www.bellunopress.it\/#organization"},"potentialAction":[{"@type":"SearchAction","target":{"@type":"EntryPoint","urlTemplate":"https:\/\/www.bellunopress.it\/?s={search_term_string}"},"query-input":{"@type":"PropertyValueSpecification","valueRequired":true,"valueName":"search_term_string"}}],"inLanguage":"fr-FR"},{"@type":"Organization","@id":"https:\/\/www.bellunopress.it\/#organization","name":"Bellunopress","url":"https:\/\/www.bellunopress.it\/","logo":{"@type":"ImageObject","inLanguage":"fr-FR","@id":"https:\/\/www.bellunopress.it\/#\/schema\/logo\/image\/","url":"https:\/\/www.bellunopress.it\/wp-content\/uploads\/2011\/05\/cropped-logo-bellunopress-.jpg","contentUrl":"https:\/\/www.bellunopress.it\/wp-content\/uploads\/2011\/05\/cropped-logo-bellunopress-.jpg","width":512,"height":512,"caption":"Bellunopress"},"image":{"@id":"https:\/\/www.bellunopress.it\/#\/schema\/logo\/image\/"},"sameAs":["https:\/\/www.facebook.com\/profile.php?id=100008943462799","https:\/\/x.com\/bellunopress","https:\/\/www.linkedin.com\/hp\/?dnr=JBzUWaJfMUw8vbXJJ2tVW5-I3jZKvC4wsoxE&amp;amp;amp;amp;amp;amp;trk=nav_responsive_tab_home","https:\/\/www.youtube.com\/channel\/UCxL0wu1uN0_3_7hGG0306cw"]},{"@type":"Person","@id":"https:\/\/www.bellunopress.it\/#\/schema\/person\/79bb06722b37ece1c03d3e94beb30d73","name":"r\u00e9daction","image":{"@type":"ImageObject","inLanguage":"fr-FR","@id":"https:\/\/secure.gravatar.com\/avatar\/37d968a2e67a6fd04c169c4bdef102d0bc5d31b2546345219e348575eb80e9a0?s=96&d=mm&r=g","url":"https:\/\/secure.gravatar.com\/avatar\/37d968a2e67a6fd04c169c4bdef102d0bc5d31b2546345219e348575eb80e9a0?s=96&d=mm&r=g","contentUrl":"https:\/\/secure.gravatar.com\/avatar\/37d968a2e67a6fd04c169c4bdef102d0bc5d31b2546345219e348575eb80e9a0?s=96&d=mm&r=g","caption":"redazione"},"sameAs":["http:\/\/www.bellunopress.it","https:\/\/x.com\/bellunopress"],"url":"https:\/\/www.bellunopress.it\/fr\/author\/redazione\/"}]}},"_links":{"self":[{"href":"https:\/\/www.bellunopress.it\/fr\/wp-json\/wp\/v2\/posts\/4726","targetHints":{"allow":["GET"]}}],"collection":[{"href":"https:\/\/www.bellunopress.it\/fr\/wp-json\/wp\/v2\/posts"}],"about":[{"href":"https:\/\/www.bellunopress.it\/fr\/wp-json\/wp\/v2\/types\/post"}],"author":[{"embeddable":true,"href":"https:\/\/www.bellunopress.it\/fr\/wp-json\/wp\/v2\/users\/2"}],"replies":[{"embeddable":true,"href":"https:\/\/www.bellunopress.it\/fr\/wp-json\/wp\/v2\/comments?post=4726"}],"version-history":[{"count":2,"href":"https:\/\/www.bellunopress.it\/fr\/wp-json\/wp\/v2\/posts\/4726\/revisions"}],"predecessor-version":[{"id":4728,"href":"https:\/\/www.bellunopress.it\/fr\/wp-json\/wp\/v2\/posts\/4726\/revisions\/4728"}],"wp:attachment":[{"href":"https:\/\/www.bellunopress.it\/fr\/wp-json\/wp\/v2\/media?parent=4726"}],"wp:term":[{"taxonomy":"category","embeddable":true,"href":"https:\/\/www.bellunopress.it\/fr\/wp-json\/wp\/v2\/categories?post=4726"},{"taxonomy":"post_tag","embeddable":true,"href":"https:\/\/www.bellunopress.it\/fr\/wp-json\/wp\/v2\/tags?post=4726"}],"curies":[{"name":"wp","href":"https:\/\/api.w.org\/{rel}","templated":true}]}}