{"id":47257,"date":"2013-03-02T18:50:50","date_gmt":"2013-03-02T17:50:50","guid":{"rendered":"http:\/\/www.bellunopress.it\/?p=47257"},"modified":"2013-03-02T18:50:50","modified_gmt":"2013-03-02T17:50:50","slug":"allarme-ogm-anche-nel-bellunese","status":"publish","type":"post","link":"https:\/\/www.bellunopress.it\/fr\/2013\/03\/02\/allarme-ogm-anche-nel-bellunese\/","title":{"rendered":"Allarme Ogm anche nel Bellunese"},"content":{"rendered":"<p><a href=\"http:\/\/www.bellunopress.it\/wp-content\/uploads\/2010\/08\/5-stelle-beppe-grillo-130x130.jpg\"><img loading=\"lazy\" decoding=\"async\" class=\"alignleft size-full wp-image-18277\" alt=\"5-stelle-beppe-grillo-130x130\" src=\"http:\/\/www.bellunopress.it\/wp-content\/uploads\/2010\/08\/5-stelle-beppe-grillo-130x130.jpg\" width=\"135\" height=\"132\" \/><\/a>E&#8217; notizia di questi giorni che la Comunit\u00e0 Europea ha liberalizzato la coltivazione di sementi Ogm di alcune colture quali la patata ed il mais. A differenza di altri Stati membri \u2013 che hanno immediatamente adottato misure cautelativa mettendo in atto la cosiddetta \u201cclausola di salvaguardia\u201d \u2013 l\u2019Italia non si \u00e8 pronunciata, autorizzando di fatto e da subito la coltivazione Ogm.<\/p>\n<p>Anche nel bellunese, come nel resto del territorio, siamo preoccupati. La situazione venutasi a creare sta mettendo a repentaglio il futuro della biodiversit\u00e0 e delle colture tradizionali, con la perdita delle sementi esistenti (mais Sponcio, Storo, Cinquantino, Fiorentin, Marano, Bianco perla e molte altre qualit\u00e0 sono in serio pericolo), e di fatto sta permettendo alle multinazionali di condizionare il mercato agroalimentare e di conseguenza la vita dell\u2019essere umano con un regime di monopolio alimentare.<\/p>\n<p>Ci ritroviamo disarmati di fronte ad uno Stato immobile ed insensibile a questi temi: la coltura Ogm, oltre ad arricchire le casse delle multinazionali, \u00e8 una coltura irresponsabile che non guarda alla qualit\u00e0 bens\u00ec alla quantit\u00e0, senza tener conto delle conseguenze e delle responsabilit\u00e0 del domani.<\/p>\n<p>Togliendo la possibilit\u00e0 di riprodurre il seme, la coltura Ogm costringe gli agricoltori ad acquistare le sementi di anno in anno e riesce a creare una \u201csudditanza\u201d, ha bisogno di maggior quantit\u00e0 d&#8217;acqua, mette a rischio estinzione tutte le altre colture tradizionali contaminandole e innescando un processo irreversibile di dipendenza anzich\u00e9 di autosufficienza alimentare.<\/p>\n<p>Se nella coltura della patata l&#8217;interesse \u00e8 minore, dovuto ad un minor guadagno per i produttori di semenze, non lo \u00e8 invece per il mais che, oltre ad arrivare sulle nostre tavole, viene usato anche per la produzione di mangimi per animali e a sua volta ritorna nel ciclo alimentare tramite la vendita della carne.<\/p>\n<p>Tutto questo passa inosservato per mancanza di conoscenza diretta da parte dei cittadini nonch\u00e9 per un\u2019informazione sorda che non rivela appieno la realt\u00e0 attuale, lasciando noi tutti in mano agli speculatori certamente non interessati alla tutela del territorio ed alla salute dei cittadini.<\/p>\n<p>Movimento 5 Stelle Belluno-Feltre-Cadore-Alpago<\/p>","protected":false},"excerpt":{"rendered":"<p>E&#8217; notizia di questi giorni che la Comunit\u00e0 Europea ha liberalizzato la coltivazione di sementi Ogm di alcune colture quali la patata ed il mais. A differenza di altri Stati membri \u2013 che hanno immediatamente adottato misure cautelativa mettendo in atto la cosiddetta \u201cclausola di salvaguardia\u201d \u2013 l\u2019Italia non si \u00e8 pronunciata, autorizzando di fatto [&hellip;]<\/p>\n","protected":false},"author":2,"featured_media":0,"comment_status":"closed","ping_status":"open","sticky":false,"template":"","format":"standard","meta":{"footnotes":""},"categories":[38,26],"tags":[],"class_list":["post-47257","post","type-post","status-publish","format-standard","category-natura-ambiente","category-prima-pagina"],"yoast_head":"<!-- This site is optimized with the Yoast SEO plugin v28.4 - https:\/\/yoast.com\/product\/yoast-seo-wordpress\/ -->\n<title>Allarme Ogm anche nel Bellunese - Bellunopress - Dolomiti<\/title>\n<meta name=\"robots\" content=\"index, follow, max-snippet:-1, max-image-preview:large, max-video-preview:-1\" \/>\n<link rel=\"canonical\" href=\"https:\/\/www.bellunopress.it\/fr\/2013\/03\/02\/allarme-ogm-anche-nel-bellunese\/\" \/>\n<meta property=\"og:locale\" content=\"fr_FR\" \/>\n<meta property=\"og:type\" content=\"article\" \/>\n<meta property=\"og:title\" content=\"Allarme Ogm anche nel Bellunese - Bellunopress - Dolomiti\" \/>\n<meta property=\"og:description\" content=\"E&#8217; notizia di questi giorni che la Comunit\u00e0 Europea ha liberalizzato la coltivazione di sementi Ogm di alcune colture quali la patata ed il mais. A differenza di altri Stati membri \u2013 che hanno immediatamente adottato misure cautelativa mettendo in atto la cosiddetta \u201cclausola di salvaguardia\u201d \u2013 l\u2019Italia non si \u00e8 pronunciata, autorizzando di fatto [&hellip;]\" \/>\n<meta property=\"og:url\" content=\"https:\/\/www.bellunopress.it\/fr\/2013\/03\/02\/allarme-ogm-anche-nel-bellunese\/\" \/>\n<meta property=\"og:site_name\" content=\"Bellunopress - Dolomiti\" \/>\n<meta property=\"article:publisher\" content=\"https:\/\/www.facebook.com\/profile.php?id=100008943462799\" \/>\n<meta property=\"article:published_time\" content=\"2013-03-02T17:50:50+00:00\" \/>\n<meta property=\"og:image\" content=\"http:\/\/www.bellunopress.it\/wp-content\/uploads\/2010\/08\/5-stelle-beppe-grillo-130x130.jpg\" \/>\n<meta name=\"author\" content=\"redazione\" \/>\n<meta name=\"twitter:card\" content=\"summary_large_image\" \/>\n<meta name=\"twitter:creator\" content=\"@bellunopress\" \/>\n<meta name=\"twitter:site\" content=\"@bellunopress\" \/>\n<meta name=\"twitter:label1\" content=\"\u00c9crit par\" \/>\n\t<meta name=\"twitter:data1\" content=\"redazione\" \/>\n\t<meta name=\"twitter:label2\" content=\"Dur\u00e9e de lecture estim\u00e9e\" \/>\n\t<meta name=\"twitter:data2\" content=\"2 minutes\" \/>\n<script type=\"application\/ld+json\" class=\"yoast-schema-graph\">{\"@context\":\"https:\\\/\\\/schema.org\",\"@graph\":[{\"@type\":\"Article\",\"@id\":\"https:\\\/\\\/www.bellunopress.it\\\/2013\\\/03\\\/02\\\/allarme-ogm-anche-nel-bellunese\\\/#article\",\"isPartOf\":{\"@id\":\"https:\\\/\\\/www.bellunopress.it\\\/2013\\\/03\\\/02\\\/allarme-ogm-anche-nel-bellunese\\\/\"},\"author\":{\"name\":\"redazione\",\"@id\":\"https:\\\/\\\/www.bellunopress.it\\\/#\\\/schema\\\/person\\\/79bb06722b37ece1c03d3e94beb30d73\"},\"headline\":\"Allarme Ogm anche nel Bellunese\",\"datePublished\":\"2013-03-02T17:50:50+00:00\",\"mainEntityOfPage\":{\"@id\":\"https:\\\/\\\/www.bellunopress.it\\\/2013\\\/03\\\/02\\\/allarme-ogm-anche-nel-bellunese\\\/\"},\"wordCount\":340,\"publisher\":{\"@id\":\"https:\\\/\\\/www.bellunopress.it\\\/#organization\"},\"image\":{\"@id\":\"https:\\\/\\\/www.bellunopress.it\\\/2013\\\/03\\\/02\\\/allarme-ogm-anche-nel-bellunese\\\/#primaryimage\"},\"thumbnailUrl\":\"http:\\\/\\\/www.bellunopress.it\\\/wp-content\\\/uploads\\\/2010\\\/08\\\/5-stelle-beppe-grillo-130x130.jpg\",\"articleSection\":[\"Meteo, natura, ambiente, animali\",\"Prima Pagina\"],\"inLanguage\":\"fr-FR\"},{\"@type\":\"WebPage\",\"@id\":\"https:\\\/\\\/www.bellunopress.it\\\/2013\\\/03\\\/02\\\/allarme-ogm-anche-nel-bellunese\\\/\",\"url\":\"https:\\\/\\\/www.bellunopress.it\\\/2013\\\/03\\\/02\\\/allarme-ogm-anche-nel-bellunese\\\/\",\"name\":\"Allarme Ogm anche nel Bellunese - Bellunopress - Dolomiti\",\"isPartOf\":{\"@id\":\"https:\\\/\\\/www.bellunopress.it\\\/#website\"},\"primaryImageOfPage\":{\"@id\":\"https:\\\/\\\/www.bellunopress.it\\\/2013\\\/03\\\/02\\\/allarme-ogm-anche-nel-bellunese\\\/#primaryimage\"},\"image\":{\"@id\":\"https:\\\/\\\/www.bellunopress.it\\\/2013\\\/03\\\/02\\\/allarme-ogm-anche-nel-bellunese\\\/#primaryimage\"},\"thumbnailUrl\":\"http:\\\/\\\/www.bellunopress.it\\\/wp-content\\\/uploads\\\/2010\\\/08\\\/5-stelle-beppe-grillo-130x130.jpg\",\"datePublished\":\"2013-03-02T17:50:50+00:00\",\"breadcrumb\":{\"@id\":\"https:\\\/\\\/www.bellunopress.it\\\/2013\\\/03\\\/02\\\/allarme-ogm-anche-nel-bellunese\\\/#breadcrumb\"},\"inLanguage\":\"fr-FR\",\"potentialAction\":[{\"@type\":\"ReadAction\",\"target\":[\"https:\\\/\\\/www.bellunopress.it\\\/2013\\\/03\\\/02\\\/allarme-ogm-anche-nel-bellunese\\\/\"]}]},{\"@type\":\"ImageObject\",\"inLanguage\":\"fr-FR\",\"@id\":\"https:\\\/\\\/www.bellunopress.it\\\/2013\\\/03\\\/02\\\/allarme-ogm-anche-nel-bellunese\\\/#primaryimage\",\"url\":\"http:\\\/\\\/www.bellunopress.it\\\/wp-content\\\/uploads\\\/2010\\\/08\\\/5-stelle-beppe-grillo-130x130.jpg\",\"contentUrl\":\"http:\\\/\\\/www.bellunopress.it\\\/wp-content\\\/uploads\\\/2010\\\/08\\\/5-stelle-beppe-grillo-130x130.jpg\"},{\"@type\":\"BreadcrumbList\",\"@id\":\"https:\\\/\\\/www.bellunopress.it\\\/2013\\\/03\\\/02\\\/allarme-ogm-anche-nel-bellunese\\\/#breadcrumb\",\"itemListElement\":[{\"@type\":\"ListItem\",\"position\":1,\"name\":\"Home\",\"item\":\"https:\\\/\\\/www.bellunopress.it\\\/\"},{\"@type\":\"ListItem\",\"position\":2,\"name\":\"Allarme Ogm anche nel Bellunese\"}]},{\"@type\":\"WebSite\",\"@id\":\"https:\\\/\\\/www.bellunopress.it\\\/#website\",\"url\":\"https:\\\/\\\/www.bellunopress.it\\\/\",\"name\":\"Bellunopress - Dolomiti\",\"description\":\"e-mail: redazione@bellunopress.it\",\"publisher\":{\"@id\":\"https:\\\/\\\/www.bellunopress.it\\\/#organization\"},\"potentialAction\":[{\"@type\":\"SearchAction\",\"target\":{\"@type\":\"EntryPoint\",\"urlTemplate\":\"https:\\\/\\\/www.bellunopress.it\\\/?s={search_term_string}\"},\"query-input\":{\"@type\":\"PropertyValueSpecification\",\"valueRequired\":true,\"valueName\":\"search_term_string\"}}],\"inLanguage\":\"fr-FR\"},{\"@type\":\"Organization\",\"@id\":\"https:\\\/\\\/www.bellunopress.it\\\/#organization\",\"name\":\"Bellunopress\",\"url\":\"https:\\\/\\\/www.bellunopress.it\\\/\",\"logo\":{\"@type\":\"ImageObject\",\"inLanguage\":\"fr-FR\",\"@id\":\"https:\\\/\\\/www.bellunopress.it\\\/#\\\/schema\\\/logo\\\/image\\\/\",\"url\":\"https:\\\/\\\/www.bellunopress.it\\\/wp-content\\\/uploads\\\/2011\\\/05\\\/cropped-logo-bellunopress-.jpg\",\"contentUrl\":\"https:\\\/\\\/www.bellunopress.it\\\/wp-content\\\/uploads\\\/2011\\\/05\\\/cropped-logo-bellunopress-.jpg\",\"width\":512,\"height\":512,\"caption\":\"Bellunopress\"},\"image\":{\"@id\":\"https:\\\/\\\/www.bellunopress.it\\\/#\\\/schema\\\/logo\\\/image\\\/\"},\"sameAs\":[\"https:\\\/\\\/www.facebook.com\\\/profile.php?id=100008943462799\",\"https:\\\/\\\/x.com\\\/bellunopress\",\"https:\\\/\\\/www.linkedin.com\\\/hp\\\/?dnr=JBzUWaJfMUw8vbXJJ2tVW5-I3jZKvC4wsoxE&amp;amp;amp;amp;amp;amp;trk=nav_responsive_tab_home\",\"https:\\\/\\\/www.youtube.com\\\/channel\\\/UCxL0wu1uN0_3_7hGG0306cw\"]},{\"@type\":\"Person\",\"@id\":\"https:\\\/\\\/www.bellunopress.it\\\/#\\\/schema\\\/person\\\/79bb06722b37ece1c03d3e94beb30d73\",\"name\":\"redazione\",\"image\":{\"@type\":\"ImageObject\",\"inLanguage\":\"fr-FR\",\"@id\":\"https:\\\/\\\/secure.gravatar.com\\\/avatar\\\/37d968a2e67a6fd04c169c4bdef102d0bc5d31b2546345219e348575eb80e9a0?s=96&d=mm&r=g\",\"url\":\"https:\\\/\\\/secure.gravatar.com\\\/avatar\\\/37d968a2e67a6fd04c169c4bdef102d0bc5d31b2546345219e348575eb80e9a0?s=96&d=mm&r=g\",\"contentUrl\":\"https:\\\/\\\/secure.gravatar.com\\\/avatar\\\/37d968a2e67a6fd04c169c4bdef102d0bc5d31b2546345219e348575eb80e9a0?s=96&d=mm&r=g\",\"caption\":\"redazione\"},\"sameAs\":[\"http:\\\/\\\/www.bellunopress.it\",\"https:\\\/\\\/x.com\\\/bellunopress\"],\"url\":\"https:\\\/\\\/www.bellunopress.it\\\/fr\\\/author\\\/redazione\\\/\"}]}<\/script>\n<!-- \/ Yoast SEO plugin. -->","yoast_head_json":{"title":"Allarme Ogm anche nel Bellunese - Bellunopress - Dolomiti","robots":{"index":"index","follow":"follow","max-snippet":"max-snippet:-1","max-image-preview":"max-image-preview:large","max-video-preview":"max-video-preview:-1"},"canonical":"https:\/\/www.bellunopress.it\/fr\/2013\/03\/02\/allarme-ogm-anche-nel-bellunese\/","og_locale":"fr_FR","og_type":"article","og_title":"Allarme Ogm anche nel Bellunese - Bellunopress - Dolomiti","og_description":"E&#8217; notizia di questi giorni che la Comunit\u00e0 Europea ha liberalizzato la coltivazione di sementi Ogm di alcune colture quali la patata ed il mais. A differenza di altri Stati membri \u2013 che hanno immediatamente adottato misure cautelativa mettendo in atto la cosiddetta \u201cclausola di salvaguardia\u201d \u2013 l\u2019Italia non si \u00e8 pronunciata, autorizzando di fatto [&hellip;]","og_url":"https:\/\/www.bellunopress.it\/fr\/2013\/03\/02\/allarme-ogm-anche-nel-bellunese\/","og_site_name":"Bellunopress - Dolomiti","article_publisher":"https:\/\/www.facebook.com\/profile.php?id=100008943462799","article_published_time":"2013-03-02T17:50:50+00:00","og_image":[{"url":"http:\/\/www.bellunopress.it\/wp-content\/uploads\/2010\/08\/5-stelle-beppe-grillo-130x130.jpg","type":"","width":"","height":""}],"author":"redazione","twitter_card":"summary_large_image","twitter_creator":"@bellunopress","twitter_site":"@bellunopress","twitter_misc":{"\u00c9crit par":"redazione","Dur\u00e9e de lecture estim\u00e9e":"2 minutes"},"schema":{"@context":"https:\/\/schema.org","@graph":[{"@type":"Article","@id":"https:\/\/www.bellunopress.it\/2013\/03\/02\/allarme-ogm-anche-nel-bellunese\/#article","isPartOf":{"@id":"https:\/\/www.bellunopress.it\/2013\/03\/02\/allarme-ogm-anche-nel-bellunese\/"},"author":{"name":"redazione","@id":"https:\/\/www.bellunopress.it\/#\/schema\/person\/79bb06722b37ece1c03d3e94beb30d73"},"headline":"Allarme Ogm anche nel Bellunese","datePublished":"2013-03-02T17:50:50+00:00","mainEntityOfPage":{"@id":"https:\/\/www.bellunopress.it\/2013\/03\/02\/allarme-ogm-anche-nel-bellunese\/"},"wordCount":340,"publisher":{"@id":"https:\/\/www.bellunopress.it\/#organization"},"image":{"@id":"https:\/\/www.bellunopress.it\/2013\/03\/02\/allarme-ogm-anche-nel-bellunese\/#primaryimage"},"thumbnailUrl":"http:\/\/www.bellunopress.it\/wp-content\/uploads\/2010\/08\/5-stelle-beppe-grillo-130x130.jpg","articleSection":["Meteo, natura, ambiente, animali","Prima Pagina"],"inLanguage":"fr-FR"},{"@type":"WebPage","@id":"https:\/\/www.bellunopress.it\/2013\/03\/02\/allarme-ogm-anche-nel-bellunese\/","url":"https:\/\/www.bellunopress.it\/2013\/03\/02\/allarme-ogm-anche-nel-bellunese\/","name":"Allarme Ogm anche nel Bellunese - Bellunopress - Dolomiti","isPartOf":{"@id":"https:\/\/www.bellunopress.it\/#website"},"primaryImageOfPage":{"@id":"https:\/\/www.bellunopress.it\/2013\/03\/02\/allarme-ogm-anche-nel-bellunese\/#primaryimage"},"image":{"@id":"https:\/\/www.bellunopress.it\/2013\/03\/02\/allarme-ogm-anche-nel-bellunese\/#primaryimage"},"thumbnailUrl":"http:\/\/www.bellunopress.it\/wp-content\/uploads\/2010\/08\/5-stelle-beppe-grillo-130x130.jpg","datePublished":"2013-03-02T17:50:50+00:00","breadcrumb":{"@id":"https:\/\/www.bellunopress.it\/2013\/03\/02\/allarme-ogm-anche-nel-bellunese\/#breadcrumb"},"inLanguage":"fr-FR","potentialAction":[{"@type":"ReadAction","target":["https:\/\/www.bellunopress.it\/2013\/03\/02\/allarme-ogm-anche-nel-bellunese\/"]}]},{"@type":"ImageObject","inLanguage":"fr-FR","@id":"https:\/\/www.bellunopress.it\/2013\/03\/02\/allarme-ogm-anche-nel-bellunese\/#primaryimage","url":"http:\/\/www.bellunopress.it\/wp-content\/uploads\/2010\/08\/5-stelle-beppe-grillo-130x130.jpg","contentUrl":"http:\/\/www.bellunopress.it\/wp-content\/uploads\/2010\/08\/5-stelle-beppe-grillo-130x130.jpg"},{"@type":"BreadcrumbList","@id":"https:\/\/www.bellunopress.it\/2013\/03\/02\/allarme-ogm-anche-nel-bellunese\/#breadcrumb","itemListElement":[{"@type":"ListItem","position":1,"name":"Home","item":"https:\/\/www.bellunopress.it\/"},{"@type":"ListItem","position":2,"name":"Allarme Ogm anche nel Bellunese"}]},{"@type":"WebSite","@id":"https:\/\/www.bellunopress.it\/#website","url":"https:\/\/www.bellunopress.it\/","name":"Bellunopress - Dolomiti","description":"e-mail: redazione@bellunopress.it","publisher":{"@id":"https:\/\/www.bellunopress.it\/#organization"},"potentialAction":[{"@type":"SearchAction","target":{"@type":"EntryPoint","urlTemplate":"https:\/\/www.bellunopress.it\/?s={search_term_string}"},"query-input":{"@type":"PropertyValueSpecification","valueRequired":true,"valueName":"search_term_string"}}],"inLanguage":"fr-FR"},{"@type":"Organization","@id":"https:\/\/www.bellunopress.it\/#organization","name":"Bellunopress","url":"https:\/\/www.bellunopress.it\/","logo":{"@type":"ImageObject","inLanguage":"fr-FR","@id":"https:\/\/www.bellunopress.it\/#\/schema\/logo\/image\/","url":"https:\/\/www.bellunopress.it\/wp-content\/uploads\/2011\/05\/cropped-logo-bellunopress-.jpg","contentUrl":"https:\/\/www.bellunopress.it\/wp-content\/uploads\/2011\/05\/cropped-logo-bellunopress-.jpg","width":512,"height":512,"caption":"Bellunopress"},"image":{"@id":"https:\/\/www.bellunopress.it\/#\/schema\/logo\/image\/"},"sameAs":["https:\/\/www.facebook.com\/profile.php?id=100008943462799","https:\/\/x.com\/bellunopress","https:\/\/www.linkedin.com\/hp\/?dnr=JBzUWaJfMUw8vbXJJ2tVW5-I3jZKvC4wsoxE&amp;amp;amp;amp;amp;amp;trk=nav_responsive_tab_home","https:\/\/www.youtube.com\/channel\/UCxL0wu1uN0_3_7hGG0306cw"]},{"@type":"Person","@id":"https:\/\/www.bellunopress.it\/#\/schema\/person\/79bb06722b37ece1c03d3e94beb30d73","name":"r\u00e9daction","image":{"@type":"ImageObject","inLanguage":"fr-FR","@id":"https:\/\/secure.gravatar.com\/avatar\/37d968a2e67a6fd04c169c4bdef102d0bc5d31b2546345219e348575eb80e9a0?s=96&d=mm&r=g","url":"https:\/\/secure.gravatar.com\/avatar\/37d968a2e67a6fd04c169c4bdef102d0bc5d31b2546345219e348575eb80e9a0?s=96&d=mm&r=g","contentUrl":"https:\/\/secure.gravatar.com\/avatar\/37d968a2e67a6fd04c169c4bdef102d0bc5d31b2546345219e348575eb80e9a0?s=96&d=mm&r=g","caption":"redazione"},"sameAs":["http:\/\/www.bellunopress.it","https:\/\/x.com\/bellunopress"],"url":"https:\/\/www.bellunopress.it\/fr\/author\/redazione\/"}]}},"_links":{"self":[{"href":"https:\/\/www.bellunopress.it\/fr\/wp-json\/wp\/v2\/posts\/47257","targetHints":{"allow":["GET"]}}],"collection":[{"href":"https:\/\/www.bellunopress.it\/fr\/wp-json\/wp\/v2\/posts"}],"about":[{"href":"https:\/\/www.bellunopress.it\/fr\/wp-json\/wp\/v2\/types\/post"}],"author":[{"embeddable":true,"href":"https:\/\/www.bellunopress.it\/fr\/wp-json\/wp\/v2\/users\/2"}],"replies":[{"embeddable":true,"href":"https:\/\/www.bellunopress.it\/fr\/wp-json\/wp\/v2\/comments?post=47257"}],"version-history":[{"count":2,"href":"https:\/\/www.bellunopress.it\/fr\/wp-json\/wp\/v2\/posts\/47257\/revisions"}],"predecessor-version":[{"id":47259,"href":"https:\/\/www.bellunopress.it\/fr\/wp-json\/wp\/v2\/posts\/47257\/revisions\/47259"}],"wp:attachment":[{"href":"https:\/\/www.bellunopress.it\/fr\/wp-json\/wp\/v2\/media?parent=47257"}],"wp:term":[{"taxonomy":"category","embeddable":true,"href":"https:\/\/www.bellunopress.it\/fr\/wp-json\/wp\/v2\/categories?post=47257"},{"taxonomy":"post_tag","embeddable":true,"href":"https:\/\/www.bellunopress.it\/fr\/wp-json\/wp\/v2\/tags?post=47257"}],"curies":[{"name":"wp","href":"https:\/\/api.w.org\/{rel}","templated":true}]}}