{"id":47253,"date":"2013-03-02T16:18:18","date_gmt":"2013-03-02T15:18:18","guid":{"rendered":"http:\/\/www.bellunopress.it\/?p=47253"},"modified":"2013-03-02T16:18:18","modified_gmt":"2013-03-02T15:18:18","slug":"toh-chi-si-rivede-la-metropolitana-di-superficie","status":"publish","type":"post","link":"https:\/\/www.bellunopress.it\/fr\/2013\/03\/02\/toh-chi-si-rivede-la-metropolitana-di-superficie\/","title":{"rendered":"Toh, chi si rivede, la metropolitana di superficie"},"content":{"rendered":"<p>Leggiamo che a Palazzo Rosso si discute di Metropolitana di Superficie, idea antica, della fine del secolo scorso se non ricordiamo male, e di provenienza non\/politica, ma ambientalista.<\/p>\n<p>Poco ci interessa sottolineare qualche (ovvio) diritto d&#8217;autore, perch\u00e9 in effetti ci\u00f2 che conta \u00e8 la realizzazione pratica. D&#8217;altro canto comunque o un progetto \u00e8 se stesso oppure \u00e8 qualcosa d&#8217;altro. Un primo pensiero quindi lo rivolgiamo al periodo di tempo trascorso, riappare un&#8217;idea dimenticata nei cassetti per circa 15 anni e volutamente ignorata da qualsiasi entit\u00e0 politica. Ma fin qui, forse, \u00e8 solo &#8220;innovazione&#8221; un po&#8217; datata e &#8220;ricerca&#8221; ad andamento lento\/lento, cose che capitano.<\/p>\n<p>Pi\u00f9 importante, invece, ci pare discutere di un progetto che privato di tutte le analisi che lo sostanziavano diventa il solito misero spot da CEP (comitato elettorale permanente). C&#8217;era una volta un progetto di metr\u00f2 di superficie che parlava di flussi di traffico e pendolarismo, di ragazzi a scuola con il treno, di interazione con la bicicletta ed intermodalit\u00e0, di un&#8217;idea diversa di turismo, di piccole stazioni intermedie nelle zone commerciali o produttive, di inquinamento e di valenze ambientali. Il tutto a costi estremamente ridotti. Ora invece, nuova versione di inizio millennio, la storia \u00e8 cambiata.<\/p>\n<p>Dell&#8217;idea iniziale \u00e8 rimasto solo il nome, qualsiasi analisi reale \u00e8 stata messa da parte per costruire un&#8217;idea di &#8220;emergenza trasporti&#8221; che non riguarda pi\u00f9 persone e territorio, ma quell&#8217;area di mercato politico ed elettorale che utilizza il trasporto pubblico locale e le sue discutibili dinamiche nell&#8217;ambito delle solite &#8220;politiche dello scambio&#8221;. Eppure una seria discussione potrebbe sempre essere riaperta. Potrebbe partire parlando di emergenze reali e non azionarie, in cui societ\u00e0, economia e soggetti politici aprissero un vero tavolo di discussione su quel sistema ferroviario locale che \u00e8 una delle grandi e quotidiane esigenze di questo territorio.<\/p>\n<p>Barbieri Moreno, Fiabane Max, Sommavilla Luca<\/p>\n<p>&nbsp;<\/p>\n<p>&nbsp;<\/p>\n<p>&nbsp;<\/p>\n<p>&nbsp;<\/p>\n<p>&nbsp;<\/p>\n<p>&nbsp;<\/p>\n<p>&nbsp;<\/p>","protected":false},"excerpt":{"rendered":"<p>Leggiamo che a Palazzo Rosso si discute di Metropolitana di Superficie, idea antica, della fine del secolo scorso se non ricordiamo male, e di provenienza non\/politica, ma ambientalista. Poco ci interessa sottolineare qualche (ovvio) diritto d&#8217;autore, perch\u00e9 in effetti ci\u00f2 che conta \u00e8 la realizzazione pratica. D&#8217;altro canto comunque o un progetto \u00e8 se stesso [&hellip;]<\/p>\n","protected":false},"author":2,"featured_media":0,"comment_status":"closed","ping_status":"open","sticky":false,"template":"","format":"standard","meta":{"footnotes":""},"categories":[1,26],"tags":[],"class_list":["post-47253","post","type-post","status-publish","format-standard","category-leo","category-prima-pagina"],"yoast_head":"<!-- This site is optimized with the Yoast SEO plugin v28.4 - https:\/\/yoast.com\/product\/yoast-seo-wordpress\/ -->\n<title>Toh, chi si rivede, la metropolitana di superficie - Bellunopress - Dolomiti<\/title>\n<meta name=\"robots\" content=\"index, follow, max-snippet:-1, max-image-preview:large, max-video-preview:-1\" \/>\n<link rel=\"canonical\" href=\"https:\/\/www.bellunopress.it\/fr\/2013\/03\/02\/toh-chi-si-rivede-la-metropolitana-di-superficie\/\" \/>\n<meta property=\"og:locale\" content=\"fr_FR\" \/>\n<meta property=\"og:type\" content=\"article\" \/>\n<meta property=\"og:title\" content=\"Toh, chi si rivede, la metropolitana di superficie - Bellunopress - Dolomiti\" \/>\n<meta property=\"og:description\" content=\"Leggiamo che a Palazzo Rosso si discute di Metropolitana di Superficie, idea antica, della fine del secolo scorso se non ricordiamo male, e di provenienza non\/politica, ma ambientalista. Poco ci interessa sottolineare qualche (ovvio) diritto d&#8217;autore, perch\u00e9 in effetti ci\u00f2 che conta \u00e8 la realizzazione pratica. D&#8217;altro canto comunque o un progetto \u00e8 se stesso [&hellip;]\" \/>\n<meta property=\"og:url\" content=\"https:\/\/www.bellunopress.it\/fr\/2013\/03\/02\/toh-chi-si-rivede-la-metropolitana-di-superficie\/\" \/>\n<meta property=\"og:site_name\" content=\"Bellunopress - Dolomiti\" \/>\n<meta property=\"article:publisher\" content=\"https:\/\/www.facebook.com\/profile.php?id=100008943462799\" \/>\n<meta property=\"article:published_time\" content=\"2013-03-02T15:18:18+00:00\" \/>\n<meta property=\"og:image\" content=\"http:\/\/www.bellunopress.it\/wp-content\/uploads\/2012\/07\/logo-bellunopress-250x250-2012.jpg\" \/>\n<meta name=\"author\" content=\"redazione\" \/>\n<meta name=\"twitter:card\" content=\"summary_large_image\" \/>\n<meta name=\"twitter:creator\" content=\"@bellunopress\" \/>\n<meta name=\"twitter:site\" content=\"@bellunopress\" \/>\n<meta name=\"twitter:label1\" content=\"\u00c9crit par\" \/>\n\t<meta name=\"twitter:data1\" content=\"redazione\" \/>\n\t<meta name=\"twitter:label2\" content=\"Dur\u00e9e de lecture estim\u00e9e\" \/>\n\t<meta name=\"twitter:data2\" content=\"2 minutes\" \/>\n<script type=\"application\/ld+json\" class=\"yoast-schema-graph\">{\"@context\":\"https:\\\/\\\/schema.org\",\"@graph\":[{\"@type\":\"Article\",\"@id\":\"https:\\\/\\\/www.bellunopress.it\\\/2013\\\/03\\\/02\\\/toh-chi-si-rivede-la-metropolitana-di-superficie\\\/#article\",\"isPartOf\":{\"@id\":\"https:\\\/\\\/www.bellunopress.it\\\/2013\\\/03\\\/02\\\/toh-chi-si-rivede-la-metropolitana-di-superficie\\\/\"},\"author\":{\"name\":\"redazione\",\"@id\":\"https:\\\/\\\/www.bellunopress.it\\\/#\\\/schema\\\/person\\\/79bb06722b37ece1c03d3e94beb30d73\"},\"headline\":\"Toh, chi si rivede, la metropolitana di superficie\",\"datePublished\":\"2013-03-02T15:18:18+00:00\",\"mainEntityOfPage\":{\"@id\":\"https:\\\/\\\/www.bellunopress.it\\\/2013\\\/03\\\/02\\\/toh-chi-si-rivede-la-metropolitana-di-superficie\\\/\"},\"wordCount\":322,\"publisher\":{\"@id\":\"https:\\\/\\\/www.bellunopress.it\\\/#organization\"},\"articleSection\":[\"Lettere Opinioni\",\"Prima Pagina\"],\"inLanguage\":\"fr-FR\"},{\"@type\":\"WebPage\",\"@id\":\"https:\\\/\\\/www.bellunopress.it\\\/2013\\\/03\\\/02\\\/toh-chi-si-rivede-la-metropolitana-di-superficie\\\/\",\"url\":\"https:\\\/\\\/www.bellunopress.it\\\/2013\\\/03\\\/02\\\/toh-chi-si-rivede-la-metropolitana-di-superficie\\\/\",\"name\":\"Toh, chi si rivede, la metropolitana di superficie - Bellunopress - Dolomiti\",\"isPartOf\":{\"@id\":\"https:\\\/\\\/www.bellunopress.it\\\/#website\"},\"datePublished\":\"2013-03-02T15:18:18+00:00\",\"breadcrumb\":{\"@id\":\"https:\\\/\\\/www.bellunopress.it\\\/2013\\\/03\\\/02\\\/toh-chi-si-rivede-la-metropolitana-di-superficie\\\/#breadcrumb\"},\"inLanguage\":\"fr-FR\",\"potentialAction\":[{\"@type\":\"ReadAction\",\"target\":[\"https:\\\/\\\/www.bellunopress.it\\\/2013\\\/03\\\/02\\\/toh-chi-si-rivede-la-metropolitana-di-superficie\\\/\"]}]},{\"@type\":\"BreadcrumbList\",\"@id\":\"https:\\\/\\\/www.bellunopress.it\\\/2013\\\/03\\\/02\\\/toh-chi-si-rivede-la-metropolitana-di-superficie\\\/#breadcrumb\",\"itemListElement\":[{\"@type\":\"ListItem\",\"position\":1,\"name\":\"Home\",\"item\":\"https:\\\/\\\/www.bellunopress.it\\\/\"},{\"@type\":\"ListItem\",\"position\":2,\"name\":\"Toh, chi si rivede, la metropolitana di superficie\"}]},{\"@type\":\"WebSite\",\"@id\":\"https:\\\/\\\/www.bellunopress.it\\\/#website\",\"url\":\"https:\\\/\\\/www.bellunopress.it\\\/\",\"name\":\"Bellunopress - Dolomiti\",\"description\":\"e-mail: redazione@bellunopress.it\",\"publisher\":{\"@id\":\"https:\\\/\\\/www.bellunopress.it\\\/#organization\"},\"potentialAction\":[{\"@type\":\"SearchAction\",\"target\":{\"@type\":\"EntryPoint\",\"urlTemplate\":\"https:\\\/\\\/www.bellunopress.it\\\/?s={search_term_string}\"},\"query-input\":{\"@type\":\"PropertyValueSpecification\",\"valueRequired\":true,\"valueName\":\"search_term_string\"}}],\"inLanguage\":\"fr-FR\"},{\"@type\":\"Organization\",\"@id\":\"https:\\\/\\\/www.bellunopress.it\\\/#organization\",\"name\":\"Bellunopress\",\"url\":\"https:\\\/\\\/www.bellunopress.it\\\/\",\"logo\":{\"@type\":\"ImageObject\",\"inLanguage\":\"fr-FR\",\"@id\":\"https:\\\/\\\/www.bellunopress.it\\\/#\\\/schema\\\/logo\\\/image\\\/\",\"url\":\"https:\\\/\\\/www.bellunopress.it\\\/wp-content\\\/uploads\\\/2011\\\/05\\\/cropped-logo-bellunopress-.jpg\",\"contentUrl\":\"https:\\\/\\\/www.bellunopress.it\\\/wp-content\\\/uploads\\\/2011\\\/05\\\/cropped-logo-bellunopress-.jpg\",\"width\":512,\"height\":512,\"caption\":\"Bellunopress\"},\"image\":{\"@id\":\"https:\\\/\\\/www.bellunopress.it\\\/#\\\/schema\\\/logo\\\/image\\\/\"},\"sameAs\":[\"https:\\\/\\\/www.facebook.com\\\/profile.php?id=100008943462799\",\"https:\\\/\\\/x.com\\\/bellunopress\",\"https:\\\/\\\/www.linkedin.com\\\/hp\\\/?dnr=JBzUWaJfMUw8vbXJJ2tVW5-I3jZKvC4wsoxE&amp;amp;amp;amp;amp;amp;trk=nav_responsive_tab_home\",\"https:\\\/\\\/www.youtube.com\\\/channel\\\/UCxL0wu1uN0_3_7hGG0306cw\"]},{\"@type\":\"Person\",\"@id\":\"https:\\\/\\\/www.bellunopress.it\\\/#\\\/schema\\\/person\\\/79bb06722b37ece1c03d3e94beb30d73\",\"name\":\"redazione\",\"image\":{\"@type\":\"ImageObject\",\"inLanguage\":\"fr-FR\",\"@id\":\"https:\\\/\\\/secure.gravatar.com\\\/avatar\\\/37d968a2e67a6fd04c169c4bdef102d0bc5d31b2546345219e348575eb80e9a0?s=96&d=mm&r=g\",\"url\":\"https:\\\/\\\/secure.gravatar.com\\\/avatar\\\/37d968a2e67a6fd04c169c4bdef102d0bc5d31b2546345219e348575eb80e9a0?s=96&d=mm&r=g\",\"contentUrl\":\"https:\\\/\\\/secure.gravatar.com\\\/avatar\\\/37d968a2e67a6fd04c169c4bdef102d0bc5d31b2546345219e348575eb80e9a0?s=96&d=mm&r=g\",\"caption\":\"redazione\"},\"sameAs\":[\"http:\\\/\\\/www.bellunopress.it\",\"https:\\\/\\\/x.com\\\/bellunopress\"],\"url\":\"https:\\\/\\\/www.bellunopress.it\\\/fr\\\/author\\\/redazione\\\/\"}]}<\/script>\n<!-- \/ Yoast SEO plugin. -->","yoast_head_json":{"title":"Toh, chi si rivede, la metropolitana di superficie - Bellunopress - Dolomiti","robots":{"index":"index","follow":"follow","max-snippet":"max-snippet:-1","max-image-preview":"max-image-preview:large","max-video-preview":"max-video-preview:-1"},"canonical":"https:\/\/www.bellunopress.it\/fr\/2013\/03\/02\/toh-chi-si-rivede-la-metropolitana-di-superficie\/","og_locale":"fr_FR","og_type":"article","og_title":"Toh, chi si rivede, la metropolitana di superficie - Bellunopress - Dolomiti","og_description":"Leggiamo che a Palazzo Rosso si discute di Metropolitana di Superficie, idea antica, della fine del secolo scorso se non ricordiamo male, e di provenienza non\/politica, ma ambientalista. Poco ci interessa sottolineare qualche (ovvio) diritto d&#8217;autore, perch\u00e9 in effetti ci\u00f2 che conta \u00e8 la realizzazione pratica. D&#8217;altro canto comunque o un progetto \u00e8 se stesso [&hellip;]","og_url":"https:\/\/www.bellunopress.it\/fr\/2013\/03\/02\/toh-chi-si-rivede-la-metropolitana-di-superficie\/","og_site_name":"Bellunopress - Dolomiti","article_publisher":"https:\/\/www.facebook.com\/profile.php?id=100008943462799","article_published_time":"2013-03-02T15:18:18+00:00","og_image":[{"url":"http:\/\/www.bellunopress.it\/wp-content\/uploads\/2012\/07\/logo-bellunopress-250x250-2012.jpg","type":"","width":"","height":""}],"author":"redazione","twitter_card":"summary_large_image","twitter_creator":"@bellunopress","twitter_site":"@bellunopress","twitter_misc":{"\u00c9crit par":"redazione","Dur\u00e9e de lecture estim\u00e9e":"2 minutes"},"schema":{"@context":"https:\/\/schema.org","@graph":[{"@type":"Article","@id":"https:\/\/www.bellunopress.it\/2013\/03\/02\/toh-chi-si-rivede-la-metropolitana-di-superficie\/#article","isPartOf":{"@id":"https:\/\/www.bellunopress.it\/2013\/03\/02\/toh-chi-si-rivede-la-metropolitana-di-superficie\/"},"author":{"name":"redazione","@id":"https:\/\/www.bellunopress.it\/#\/schema\/person\/79bb06722b37ece1c03d3e94beb30d73"},"headline":"Toh, chi si rivede, la metropolitana di superficie","datePublished":"2013-03-02T15:18:18+00:00","mainEntityOfPage":{"@id":"https:\/\/www.bellunopress.it\/2013\/03\/02\/toh-chi-si-rivede-la-metropolitana-di-superficie\/"},"wordCount":322,"publisher":{"@id":"https:\/\/www.bellunopress.it\/#organization"},"articleSection":["Lettere Opinioni","Prima Pagina"],"inLanguage":"fr-FR"},{"@type":"WebPage","@id":"https:\/\/www.bellunopress.it\/2013\/03\/02\/toh-chi-si-rivede-la-metropolitana-di-superficie\/","url":"https:\/\/www.bellunopress.it\/2013\/03\/02\/toh-chi-si-rivede-la-metropolitana-di-superficie\/","name":"Toh, chi si rivede, la metropolitana di superficie - Bellunopress - Dolomiti","isPartOf":{"@id":"https:\/\/www.bellunopress.it\/#website"},"datePublished":"2013-03-02T15:18:18+00:00","breadcrumb":{"@id":"https:\/\/www.bellunopress.it\/2013\/03\/02\/toh-chi-si-rivede-la-metropolitana-di-superficie\/#breadcrumb"},"inLanguage":"fr-FR","potentialAction":[{"@type":"ReadAction","target":["https:\/\/www.bellunopress.it\/2013\/03\/02\/toh-chi-si-rivede-la-metropolitana-di-superficie\/"]}]},{"@type":"BreadcrumbList","@id":"https:\/\/www.bellunopress.it\/2013\/03\/02\/toh-chi-si-rivede-la-metropolitana-di-superficie\/#breadcrumb","itemListElement":[{"@type":"ListItem","position":1,"name":"Home","item":"https:\/\/www.bellunopress.it\/"},{"@type":"ListItem","position":2,"name":"Toh, chi si rivede, la metropolitana di superficie"}]},{"@type":"WebSite","@id":"https:\/\/www.bellunopress.it\/#website","url":"https:\/\/www.bellunopress.it\/","name":"Bellunopress - Dolomiti","description":"e-mail: redazione@bellunopress.it","publisher":{"@id":"https:\/\/www.bellunopress.it\/#organization"},"potentialAction":[{"@type":"SearchAction","target":{"@type":"EntryPoint","urlTemplate":"https:\/\/www.bellunopress.it\/?s={search_term_string}"},"query-input":{"@type":"PropertyValueSpecification","valueRequired":true,"valueName":"search_term_string"}}],"inLanguage":"fr-FR"},{"@type":"Organization","@id":"https:\/\/www.bellunopress.it\/#organization","name":"Bellunopress","url":"https:\/\/www.bellunopress.it\/","logo":{"@type":"ImageObject","inLanguage":"fr-FR","@id":"https:\/\/www.bellunopress.it\/#\/schema\/logo\/image\/","url":"https:\/\/www.bellunopress.it\/wp-content\/uploads\/2011\/05\/cropped-logo-bellunopress-.jpg","contentUrl":"https:\/\/www.bellunopress.it\/wp-content\/uploads\/2011\/05\/cropped-logo-bellunopress-.jpg","width":512,"height":512,"caption":"Bellunopress"},"image":{"@id":"https:\/\/www.bellunopress.it\/#\/schema\/logo\/image\/"},"sameAs":["https:\/\/www.facebook.com\/profile.php?id=100008943462799","https:\/\/x.com\/bellunopress","https:\/\/www.linkedin.com\/hp\/?dnr=JBzUWaJfMUw8vbXJJ2tVW5-I3jZKvC4wsoxE&amp;amp;amp;amp;amp;amp;trk=nav_responsive_tab_home","https:\/\/www.youtube.com\/channel\/UCxL0wu1uN0_3_7hGG0306cw"]},{"@type":"Person","@id":"https:\/\/www.bellunopress.it\/#\/schema\/person\/79bb06722b37ece1c03d3e94beb30d73","name":"r\u00e9daction","image":{"@type":"ImageObject","inLanguage":"fr-FR","@id":"https:\/\/secure.gravatar.com\/avatar\/37d968a2e67a6fd04c169c4bdef102d0bc5d31b2546345219e348575eb80e9a0?s=96&d=mm&r=g","url":"https:\/\/secure.gravatar.com\/avatar\/37d968a2e67a6fd04c169c4bdef102d0bc5d31b2546345219e348575eb80e9a0?s=96&d=mm&r=g","contentUrl":"https:\/\/secure.gravatar.com\/avatar\/37d968a2e67a6fd04c169c4bdef102d0bc5d31b2546345219e348575eb80e9a0?s=96&d=mm&r=g","caption":"redazione"},"sameAs":["http:\/\/www.bellunopress.it","https:\/\/x.com\/bellunopress"],"url":"https:\/\/www.bellunopress.it\/fr\/author\/redazione\/"}]}},"_links":{"self":[{"href":"https:\/\/www.bellunopress.it\/fr\/wp-json\/wp\/v2\/posts\/47253","targetHints":{"allow":["GET"]}}],"collection":[{"href":"https:\/\/www.bellunopress.it\/fr\/wp-json\/wp\/v2\/posts"}],"about":[{"href":"https:\/\/www.bellunopress.it\/fr\/wp-json\/wp\/v2\/types\/post"}],"author":[{"embeddable":true,"href":"https:\/\/www.bellunopress.it\/fr\/wp-json\/wp\/v2\/users\/2"}],"replies":[{"embeddable":true,"href":"https:\/\/www.bellunopress.it\/fr\/wp-json\/wp\/v2\/comments?post=47253"}],"version-history":[{"count":1,"href":"https:\/\/www.bellunopress.it\/fr\/wp-json\/wp\/v2\/posts\/47253\/revisions"}],"predecessor-version":[{"id":47254,"href":"https:\/\/www.bellunopress.it\/fr\/wp-json\/wp\/v2\/posts\/47253\/revisions\/47254"}],"wp:attachment":[{"href":"https:\/\/www.bellunopress.it\/fr\/wp-json\/wp\/v2\/media?parent=47253"}],"wp:term":[{"taxonomy":"category","embeddable":true,"href":"https:\/\/www.bellunopress.it\/fr\/wp-json\/wp\/v2\/categories?post=47253"},{"taxonomy":"post_tag","embeddable":true,"href":"https:\/\/www.bellunopress.it\/fr\/wp-json\/wp\/v2\/tags?post=47253"}],"curies":[{"name":"wp","href":"https:\/\/api.w.org\/{rel}","templated":true}]}}