{"id":47251,"date":"2013-03-02T16:11:39","date_gmt":"2013-03-02T15:11:39","guid":{"rendered":"http:\/\/www.bellunopress.it\/?p=47251"},"modified":"2013-03-02T16:11:39","modified_gmt":"2013-03-02T15:11:39","slug":"ancora-nessuna-traccia-di-elisa-de-carli-la-donna-scomparsa-a-sappada","status":"publish","type":"post","link":"https:\/\/www.bellunopress.it\/fr\/2013\/03\/02\/ancora-nessuna-traccia-di-elisa-de-carli-la-donna-scomparsa-a-sappada\/","title":{"rendered":"Ancora nessuna traccia di Elisa De Carli, la donna scomparsa a Sappada"},"content":{"rendered":"<p>Sappada (BL), 02-03-13\u00a0Anche questa mattina le squadre del Soccorso alpino di Sappada hanno perlustrato una zona sopra l&#8217;abitato di Cima Sappada alla ricerca di Elisa De Carli, la trentanovenne residente a Verzegnis (UD), la presenza della cui jeep, abbandonata nel piazzale degli impianti di risalita del Monte Siera dal 16 febbraio, \u00e8 stata segnalata ai carabinieri nei giorni scorsi.<\/p>\n<p><a href=\"http:\/\/www.bellunopress.it\/wp-content\/uploads\/2011\/03\/soccorso-alpino-cnsas.png\"><img loading=\"lazy\" decoding=\"async\" class=\"alignleft size-full wp-image-24711\" alt=\"soccorso alpino cnsas\" src=\"http:\/\/www.bellunopress.it\/wp-content\/uploads\/2011\/03\/soccorso-alpino-cnsas.png\" width=\"122\" height=\"122\" \/><\/a>I soccorritori, assieme a 2 finanzieri, hanno percorso i sentieri di Colle Bellavista senza poter far luce ancora sulla sparizione della donna. Nessun aiuto su eventuali luoghi frequentati di recente a Sappada \u00e8 arrivato dalle immagini della macchina fotografica ritrovata nella jeep, tutte sono infatti scattate in altri luoghi, e purtroppo sembra che il suo gatto, con il quale si spostava nei lunghi viaggi, sia stato visto camminare da solo vicino alla pista di fondo nei giorni successivi al 16 febbraio.<\/p>","protected":false},"excerpt":{"rendered":"<p>Sappada (BL), 02-03-13\u00a0Anche questa mattina le squadre del Soccorso alpino di Sappada hanno perlustrato una zona sopra l&#8217;abitato di Cima Sappada alla ricerca di Elisa De Carli, la trentanovenne residente a Verzegnis (UD), la presenza della cui jeep, abbandonata nel piazzale degli impianti di risalita del Monte Siera dal 16 febbraio, \u00e8 stata segnalata ai [&hellip;]<\/p>\n","protected":false},"author":2,"featured_media":0,"comment_status":"closed","ping_status":"open","sticky":false,"template":"","format":"standard","meta":{"footnotes":""},"categories":[5,26],"tags":[],"class_list":["post-47251","post","type-post","status-publish","format-standard","category-cronaca","category-prima-pagina"],"yoast_head":"<!-- This site is optimized with the Yoast SEO plugin v28.4 - https:\/\/yoast.com\/product\/yoast-seo-wordpress\/ -->\n<title>Ancora nessuna traccia di Elisa De Carli, la donna scomparsa a Sappada - Bellunopress - Dolomiti<\/title>\n<meta name=\"robots\" content=\"index, follow, max-snippet:-1, max-image-preview:large, max-video-preview:-1\" \/>\n<link rel=\"canonical\" href=\"https:\/\/www.bellunopress.it\/fr\/2013\/03\/02\/ancora-nessuna-traccia-di-elisa-de-carli-la-donna-scomparsa-a-sappada\/\" \/>\n<meta property=\"og:locale\" content=\"fr_FR\" \/>\n<meta property=\"og:type\" content=\"article\" \/>\n<meta property=\"og:title\" content=\"Ancora nessuna traccia di Elisa De Carli, la donna scomparsa a Sappada - Bellunopress - Dolomiti\" \/>\n<meta property=\"og:description\" content=\"Sappada (BL), 02-03-13\u00a0Anche questa mattina le squadre del Soccorso alpino di Sappada hanno perlustrato una zona sopra l&#8217;abitato di Cima Sappada alla ricerca di Elisa De Carli, la trentanovenne residente a Verzegnis (UD), la presenza della cui jeep, abbandonata nel piazzale degli impianti di risalita del Monte Siera dal 16 febbraio, \u00e8 stata segnalata ai [&hellip;]\" \/>\n<meta property=\"og:url\" content=\"https:\/\/www.bellunopress.it\/fr\/2013\/03\/02\/ancora-nessuna-traccia-di-elisa-de-carli-la-donna-scomparsa-a-sappada\/\" \/>\n<meta property=\"og:site_name\" content=\"Bellunopress - Dolomiti\" \/>\n<meta property=\"article:publisher\" content=\"https:\/\/www.facebook.com\/profile.php?id=100008943462799\" \/>\n<meta property=\"article:published_time\" content=\"2013-03-02T15:11:39+00:00\" \/>\n<meta property=\"og:image\" content=\"http:\/\/www.bellunopress.it\/wp-content\/uploads\/2011\/03\/soccorso-alpino-cnsas.png\" \/>\n<meta name=\"author\" content=\"redazione\" \/>\n<meta name=\"twitter:card\" content=\"summary_large_image\" \/>\n<meta name=\"twitter:creator\" content=\"@bellunopress\" \/>\n<meta name=\"twitter:site\" content=\"@bellunopress\" \/>\n<meta name=\"twitter:label1\" content=\"\u00c9crit par\" \/>\n\t<meta name=\"twitter:data1\" content=\"redazione\" \/>\n\t<meta name=\"twitter:label2\" content=\"Dur\u00e9e de lecture estim\u00e9e\" \/>\n\t<meta name=\"twitter:data2\" content=\"1 minute\" \/>\n<script type=\"application\/ld+json\" class=\"yoast-schema-graph\">{\"@context\":\"https:\\\/\\\/schema.org\",\"@graph\":[{\"@type\":\"Article\",\"@id\":\"https:\\\/\\\/www.bellunopress.it\\\/2013\\\/03\\\/02\\\/ancora-nessuna-traccia-di-elisa-de-carli-la-donna-scomparsa-a-sappada\\\/#article\",\"isPartOf\":{\"@id\":\"https:\\\/\\\/www.bellunopress.it\\\/2013\\\/03\\\/02\\\/ancora-nessuna-traccia-di-elisa-de-carli-la-donna-scomparsa-a-sappada\\\/\"},\"author\":{\"name\":\"redazione\",\"@id\":\"https:\\\/\\\/www.bellunopress.it\\\/#\\\/schema\\\/person\\\/79bb06722b37ece1c03d3e94beb30d73\"},\"headline\":\"Ancora nessuna traccia di Elisa De Carli, la donna scomparsa a Sappada\",\"datePublished\":\"2013-03-02T15:11:39+00:00\",\"mainEntityOfPage\":{\"@id\":\"https:\\\/\\\/www.bellunopress.it\\\/2013\\\/03\\\/02\\\/ancora-nessuna-traccia-di-elisa-de-carli-la-donna-scomparsa-a-sappada\\\/\"},\"wordCount\":150,\"publisher\":{\"@id\":\"https:\\\/\\\/www.bellunopress.it\\\/#organization\"},\"image\":{\"@id\":\"https:\\\/\\\/www.bellunopress.it\\\/2013\\\/03\\\/02\\\/ancora-nessuna-traccia-di-elisa-de-carli-la-donna-scomparsa-a-sappada\\\/#primaryimage\"},\"thumbnailUrl\":\"http:\\\/\\\/www.bellunopress.it\\\/wp-content\\\/uploads\\\/2011\\\/03\\\/soccorso-alpino-cnsas.png\",\"articleSection\":[\"Cronaca\\\/Politica\",\"Prima Pagina\"],\"inLanguage\":\"fr-FR\"},{\"@type\":\"WebPage\",\"@id\":\"https:\\\/\\\/www.bellunopress.it\\\/2013\\\/03\\\/02\\\/ancora-nessuna-traccia-di-elisa-de-carli-la-donna-scomparsa-a-sappada\\\/\",\"url\":\"https:\\\/\\\/www.bellunopress.it\\\/2013\\\/03\\\/02\\\/ancora-nessuna-traccia-di-elisa-de-carli-la-donna-scomparsa-a-sappada\\\/\",\"name\":\"Ancora nessuna traccia di Elisa De Carli, la donna scomparsa a Sappada - Bellunopress - Dolomiti\",\"isPartOf\":{\"@id\":\"https:\\\/\\\/www.bellunopress.it\\\/#website\"},\"primaryImageOfPage\":{\"@id\":\"https:\\\/\\\/www.bellunopress.it\\\/2013\\\/03\\\/02\\\/ancora-nessuna-traccia-di-elisa-de-carli-la-donna-scomparsa-a-sappada\\\/#primaryimage\"},\"image\":{\"@id\":\"https:\\\/\\\/www.bellunopress.it\\\/2013\\\/03\\\/02\\\/ancora-nessuna-traccia-di-elisa-de-carli-la-donna-scomparsa-a-sappada\\\/#primaryimage\"},\"thumbnailUrl\":\"http:\\\/\\\/www.bellunopress.it\\\/wp-content\\\/uploads\\\/2011\\\/03\\\/soccorso-alpino-cnsas.png\",\"datePublished\":\"2013-03-02T15:11:39+00:00\",\"breadcrumb\":{\"@id\":\"https:\\\/\\\/www.bellunopress.it\\\/2013\\\/03\\\/02\\\/ancora-nessuna-traccia-di-elisa-de-carli-la-donna-scomparsa-a-sappada\\\/#breadcrumb\"},\"inLanguage\":\"fr-FR\",\"potentialAction\":[{\"@type\":\"ReadAction\",\"target\":[\"https:\\\/\\\/www.bellunopress.it\\\/2013\\\/03\\\/02\\\/ancora-nessuna-traccia-di-elisa-de-carli-la-donna-scomparsa-a-sappada\\\/\"]}]},{\"@type\":\"ImageObject\",\"inLanguage\":\"fr-FR\",\"@id\":\"https:\\\/\\\/www.bellunopress.it\\\/2013\\\/03\\\/02\\\/ancora-nessuna-traccia-di-elisa-de-carli-la-donna-scomparsa-a-sappada\\\/#primaryimage\",\"url\":\"http:\\\/\\\/www.bellunopress.it\\\/wp-content\\\/uploads\\\/2011\\\/03\\\/soccorso-alpino-cnsas.png\",\"contentUrl\":\"http:\\\/\\\/www.bellunopress.it\\\/wp-content\\\/uploads\\\/2011\\\/03\\\/soccorso-alpino-cnsas.png\"},{\"@type\":\"BreadcrumbList\",\"@id\":\"https:\\\/\\\/www.bellunopress.it\\\/2013\\\/03\\\/02\\\/ancora-nessuna-traccia-di-elisa-de-carli-la-donna-scomparsa-a-sappada\\\/#breadcrumb\",\"itemListElement\":[{\"@type\":\"ListItem\",\"position\":1,\"name\":\"Home\",\"item\":\"https:\\\/\\\/www.bellunopress.it\\\/\"},{\"@type\":\"ListItem\",\"position\":2,\"name\":\"Ancora nessuna traccia di Elisa De Carli, la donna scomparsa a Sappada\"}]},{\"@type\":\"WebSite\",\"@id\":\"https:\\\/\\\/www.bellunopress.it\\\/#website\",\"url\":\"https:\\\/\\\/www.bellunopress.it\\\/\",\"name\":\"Bellunopress - Dolomiti\",\"description\":\"e-mail: redazione@bellunopress.it\",\"publisher\":{\"@id\":\"https:\\\/\\\/www.bellunopress.it\\\/#organization\"},\"potentialAction\":[{\"@type\":\"SearchAction\",\"target\":{\"@type\":\"EntryPoint\",\"urlTemplate\":\"https:\\\/\\\/www.bellunopress.it\\\/?s={search_term_string}\"},\"query-input\":{\"@type\":\"PropertyValueSpecification\",\"valueRequired\":true,\"valueName\":\"search_term_string\"}}],\"inLanguage\":\"fr-FR\"},{\"@type\":\"Organization\",\"@id\":\"https:\\\/\\\/www.bellunopress.it\\\/#organization\",\"name\":\"Bellunopress\",\"url\":\"https:\\\/\\\/www.bellunopress.it\\\/\",\"logo\":{\"@type\":\"ImageObject\",\"inLanguage\":\"fr-FR\",\"@id\":\"https:\\\/\\\/www.bellunopress.it\\\/#\\\/schema\\\/logo\\\/image\\\/\",\"url\":\"https:\\\/\\\/www.bellunopress.it\\\/wp-content\\\/uploads\\\/2011\\\/05\\\/cropped-logo-bellunopress-.jpg\",\"contentUrl\":\"https:\\\/\\\/www.bellunopress.it\\\/wp-content\\\/uploads\\\/2011\\\/05\\\/cropped-logo-bellunopress-.jpg\",\"width\":512,\"height\":512,\"caption\":\"Bellunopress\"},\"image\":{\"@id\":\"https:\\\/\\\/www.bellunopress.it\\\/#\\\/schema\\\/logo\\\/image\\\/\"},\"sameAs\":[\"https:\\\/\\\/www.facebook.com\\\/profile.php?id=100008943462799\",\"https:\\\/\\\/x.com\\\/bellunopress\",\"https:\\\/\\\/www.linkedin.com\\\/hp\\\/?dnr=JBzUWaJfMUw8vbXJJ2tVW5-I3jZKvC4wsoxE&amp;amp;amp;amp;amp;amp;trk=nav_responsive_tab_home\",\"https:\\\/\\\/www.youtube.com\\\/channel\\\/UCxL0wu1uN0_3_7hGG0306cw\"]},{\"@type\":\"Person\",\"@id\":\"https:\\\/\\\/www.bellunopress.it\\\/#\\\/schema\\\/person\\\/79bb06722b37ece1c03d3e94beb30d73\",\"name\":\"redazione\",\"image\":{\"@type\":\"ImageObject\",\"inLanguage\":\"fr-FR\",\"@id\":\"https:\\\/\\\/secure.gravatar.com\\\/avatar\\\/37d968a2e67a6fd04c169c4bdef102d0bc5d31b2546345219e348575eb80e9a0?s=96&d=mm&r=g\",\"url\":\"https:\\\/\\\/secure.gravatar.com\\\/avatar\\\/37d968a2e67a6fd04c169c4bdef102d0bc5d31b2546345219e348575eb80e9a0?s=96&d=mm&r=g\",\"contentUrl\":\"https:\\\/\\\/secure.gravatar.com\\\/avatar\\\/37d968a2e67a6fd04c169c4bdef102d0bc5d31b2546345219e348575eb80e9a0?s=96&d=mm&r=g\",\"caption\":\"redazione\"},\"sameAs\":[\"http:\\\/\\\/www.bellunopress.it\",\"https:\\\/\\\/x.com\\\/bellunopress\"],\"url\":\"https:\\\/\\\/www.bellunopress.it\\\/fr\\\/author\\\/redazione\\\/\"}]}<\/script>\n<!-- \/ Yoast SEO plugin. -->","yoast_head_json":{"title":"Ancora nessuna traccia di Elisa De Carli, la donna scomparsa a Sappada - Bellunopress - Dolomiti","robots":{"index":"index","follow":"follow","max-snippet":"max-snippet:-1","max-image-preview":"max-image-preview:large","max-video-preview":"max-video-preview:-1"},"canonical":"https:\/\/www.bellunopress.it\/fr\/2013\/03\/02\/ancora-nessuna-traccia-di-elisa-de-carli-la-donna-scomparsa-a-sappada\/","og_locale":"fr_FR","og_type":"article","og_title":"Ancora nessuna traccia di Elisa De Carli, la donna scomparsa a Sappada - Bellunopress - Dolomiti","og_description":"Sappada (BL), 02-03-13\u00a0Anche questa mattina le squadre del Soccorso alpino di Sappada hanno perlustrato una zona sopra l&#8217;abitato di Cima Sappada alla ricerca di Elisa De Carli, la trentanovenne residente a Verzegnis (UD), la presenza della cui jeep, abbandonata nel piazzale degli impianti di risalita del Monte Siera dal 16 febbraio, \u00e8 stata segnalata ai [&hellip;]","og_url":"https:\/\/www.bellunopress.it\/fr\/2013\/03\/02\/ancora-nessuna-traccia-di-elisa-de-carli-la-donna-scomparsa-a-sappada\/","og_site_name":"Bellunopress - Dolomiti","article_publisher":"https:\/\/www.facebook.com\/profile.php?id=100008943462799","article_published_time":"2013-03-02T15:11:39+00:00","og_image":[{"url":"http:\/\/www.bellunopress.it\/wp-content\/uploads\/2011\/03\/soccorso-alpino-cnsas.png","type":"","width":"","height":""}],"author":"redazione","twitter_card":"summary_large_image","twitter_creator":"@bellunopress","twitter_site":"@bellunopress","twitter_misc":{"\u00c9crit par":"redazione","Dur\u00e9e de lecture estim\u00e9e":"1 minute"},"schema":{"@context":"https:\/\/schema.org","@graph":[{"@type":"Article","@id":"https:\/\/www.bellunopress.it\/2013\/03\/02\/ancora-nessuna-traccia-di-elisa-de-carli-la-donna-scomparsa-a-sappada\/#article","isPartOf":{"@id":"https:\/\/www.bellunopress.it\/2013\/03\/02\/ancora-nessuna-traccia-di-elisa-de-carli-la-donna-scomparsa-a-sappada\/"},"author":{"name":"redazione","@id":"https:\/\/www.bellunopress.it\/#\/schema\/person\/79bb06722b37ece1c03d3e94beb30d73"},"headline":"Ancora nessuna traccia di Elisa De Carli, la donna scomparsa a Sappada","datePublished":"2013-03-02T15:11:39+00:00","mainEntityOfPage":{"@id":"https:\/\/www.bellunopress.it\/2013\/03\/02\/ancora-nessuna-traccia-di-elisa-de-carli-la-donna-scomparsa-a-sappada\/"},"wordCount":150,"publisher":{"@id":"https:\/\/www.bellunopress.it\/#organization"},"image":{"@id":"https:\/\/www.bellunopress.it\/2013\/03\/02\/ancora-nessuna-traccia-di-elisa-de-carli-la-donna-scomparsa-a-sappada\/#primaryimage"},"thumbnailUrl":"http:\/\/www.bellunopress.it\/wp-content\/uploads\/2011\/03\/soccorso-alpino-cnsas.png","articleSection":["Cronaca\/Politica","Prima Pagina"],"inLanguage":"fr-FR"},{"@type":"WebPage","@id":"https:\/\/www.bellunopress.it\/2013\/03\/02\/ancora-nessuna-traccia-di-elisa-de-carli-la-donna-scomparsa-a-sappada\/","url":"https:\/\/www.bellunopress.it\/2013\/03\/02\/ancora-nessuna-traccia-di-elisa-de-carli-la-donna-scomparsa-a-sappada\/","name":"Ancora nessuna traccia di Elisa De Carli, la donna scomparsa a Sappada - Bellunopress - Dolomiti","isPartOf":{"@id":"https:\/\/www.bellunopress.it\/#website"},"primaryImageOfPage":{"@id":"https:\/\/www.bellunopress.it\/2013\/03\/02\/ancora-nessuna-traccia-di-elisa-de-carli-la-donna-scomparsa-a-sappada\/#primaryimage"},"image":{"@id":"https:\/\/www.bellunopress.it\/2013\/03\/02\/ancora-nessuna-traccia-di-elisa-de-carli-la-donna-scomparsa-a-sappada\/#primaryimage"},"thumbnailUrl":"http:\/\/www.bellunopress.it\/wp-content\/uploads\/2011\/03\/soccorso-alpino-cnsas.png","datePublished":"2013-03-02T15:11:39+00:00","breadcrumb":{"@id":"https:\/\/www.bellunopress.it\/2013\/03\/02\/ancora-nessuna-traccia-di-elisa-de-carli-la-donna-scomparsa-a-sappada\/#breadcrumb"},"inLanguage":"fr-FR","potentialAction":[{"@type":"ReadAction","target":["https:\/\/www.bellunopress.it\/2013\/03\/02\/ancora-nessuna-traccia-di-elisa-de-carli-la-donna-scomparsa-a-sappada\/"]}]},{"@type":"ImageObject","inLanguage":"fr-FR","@id":"https:\/\/www.bellunopress.it\/2013\/03\/02\/ancora-nessuna-traccia-di-elisa-de-carli-la-donna-scomparsa-a-sappada\/#primaryimage","url":"http:\/\/www.bellunopress.it\/wp-content\/uploads\/2011\/03\/soccorso-alpino-cnsas.png","contentUrl":"http:\/\/www.bellunopress.it\/wp-content\/uploads\/2011\/03\/soccorso-alpino-cnsas.png"},{"@type":"BreadcrumbList","@id":"https:\/\/www.bellunopress.it\/2013\/03\/02\/ancora-nessuna-traccia-di-elisa-de-carli-la-donna-scomparsa-a-sappada\/#breadcrumb","itemListElement":[{"@type":"ListItem","position":1,"name":"Home","item":"https:\/\/www.bellunopress.it\/"},{"@type":"ListItem","position":2,"name":"Ancora nessuna traccia di Elisa De Carli, la donna scomparsa a Sappada"}]},{"@type":"WebSite","@id":"https:\/\/www.bellunopress.it\/#website","url":"https:\/\/www.bellunopress.it\/","name":"Bellunopress - Dolomiti","description":"e-mail: redazione@bellunopress.it","publisher":{"@id":"https:\/\/www.bellunopress.it\/#organization"},"potentialAction":[{"@type":"SearchAction","target":{"@type":"EntryPoint","urlTemplate":"https:\/\/www.bellunopress.it\/?s={search_term_string}"},"query-input":{"@type":"PropertyValueSpecification","valueRequired":true,"valueName":"search_term_string"}}],"inLanguage":"fr-FR"},{"@type":"Organization","@id":"https:\/\/www.bellunopress.it\/#organization","name":"Bellunopress","url":"https:\/\/www.bellunopress.it\/","logo":{"@type":"ImageObject","inLanguage":"fr-FR","@id":"https:\/\/www.bellunopress.it\/#\/schema\/logo\/image\/","url":"https:\/\/www.bellunopress.it\/wp-content\/uploads\/2011\/05\/cropped-logo-bellunopress-.jpg","contentUrl":"https:\/\/www.bellunopress.it\/wp-content\/uploads\/2011\/05\/cropped-logo-bellunopress-.jpg","width":512,"height":512,"caption":"Bellunopress"},"image":{"@id":"https:\/\/www.bellunopress.it\/#\/schema\/logo\/image\/"},"sameAs":["https:\/\/www.facebook.com\/profile.php?id=100008943462799","https:\/\/x.com\/bellunopress","https:\/\/www.linkedin.com\/hp\/?dnr=JBzUWaJfMUw8vbXJJ2tVW5-I3jZKvC4wsoxE&amp;amp;amp;amp;amp;amp;trk=nav_responsive_tab_home","https:\/\/www.youtube.com\/channel\/UCxL0wu1uN0_3_7hGG0306cw"]},{"@type":"Person","@id":"https:\/\/www.bellunopress.it\/#\/schema\/person\/79bb06722b37ece1c03d3e94beb30d73","name":"r\u00e9daction","image":{"@type":"ImageObject","inLanguage":"fr-FR","@id":"https:\/\/secure.gravatar.com\/avatar\/37d968a2e67a6fd04c169c4bdef102d0bc5d31b2546345219e348575eb80e9a0?s=96&d=mm&r=g","url":"https:\/\/secure.gravatar.com\/avatar\/37d968a2e67a6fd04c169c4bdef102d0bc5d31b2546345219e348575eb80e9a0?s=96&d=mm&r=g","contentUrl":"https:\/\/secure.gravatar.com\/avatar\/37d968a2e67a6fd04c169c4bdef102d0bc5d31b2546345219e348575eb80e9a0?s=96&d=mm&r=g","caption":"redazione"},"sameAs":["http:\/\/www.bellunopress.it","https:\/\/x.com\/bellunopress"],"url":"https:\/\/www.bellunopress.it\/fr\/author\/redazione\/"}]}},"_links":{"self":[{"href":"https:\/\/www.bellunopress.it\/fr\/wp-json\/wp\/v2\/posts\/47251","targetHints":{"allow":["GET"]}}],"collection":[{"href":"https:\/\/www.bellunopress.it\/fr\/wp-json\/wp\/v2\/posts"}],"about":[{"href":"https:\/\/www.bellunopress.it\/fr\/wp-json\/wp\/v2\/types\/post"}],"author":[{"embeddable":true,"href":"https:\/\/www.bellunopress.it\/fr\/wp-json\/wp\/v2\/users\/2"}],"replies":[{"embeddable":true,"href":"https:\/\/www.bellunopress.it\/fr\/wp-json\/wp\/v2\/comments?post=47251"}],"version-history":[{"count":1,"href":"https:\/\/www.bellunopress.it\/fr\/wp-json\/wp\/v2\/posts\/47251\/revisions"}],"predecessor-version":[{"id":47252,"href":"https:\/\/www.bellunopress.it\/fr\/wp-json\/wp\/v2\/posts\/47251\/revisions\/47252"}],"wp:attachment":[{"href":"https:\/\/www.bellunopress.it\/fr\/wp-json\/wp\/v2\/media?parent=47251"}],"wp:term":[{"taxonomy":"category","embeddable":true,"href":"https:\/\/www.bellunopress.it\/fr\/wp-json\/wp\/v2\/categories?post=47251"},{"taxonomy":"post_tag","embeddable":true,"href":"https:\/\/www.bellunopress.it\/fr\/wp-json\/wp\/v2\/tags?post=47251"}],"curies":[{"name":"wp","href":"https:\/\/api.w.org\/{rel}","templated":true}]}}