{"id":47232,"date":"2013-03-01T22:33:24","date_gmt":"2013-03-01T21:33:24","guid":{"rendered":"http:\/\/www.bellunopress.it\/?p=47232"},"modified":"2013-03-01T22:33:24","modified_gmt":"2013-03-01T21:33:24","slug":"il-segreto-nello-sguardo-di-valentina-casarotto-domenica-al-museo-civico-di-feltre","status":"publish","type":"post","link":"https:\/\/www.bellunopress.it\/fr\/2013\/03\/01\/il-segreto-nello-sguardo-di-valentina-casarotto-domenica-al-museo-civico-di-feltre\/","title":{"rendered":"Il segreto nello sguardo di Valentina Casarotto, domenica al Museo civico di Feltre"},"content":{"rendered":"<p>Domenica 3 marzo 2013, alle 10.30, presso il Museo civico di Feltre, in vista della festa della donna, sar\u00e0 presentato dall&#8217;autrice, Valentina Casarotto, il libro Il segreto nello sguardo. Memorie di Rosalba Carriera prima pittrice d&#8217;Europa. Il volume si \u00e8 aggiudicato il primo premio per la narrativa al concorso Mario Soldati 2012.<\/p>\n<p><a href=\"http:\/\/www.bellunopress.it\/wp-content\/uploads\/2010\/12\/museo-civico-feltre-290x220.jpg\"><img loading=\"lazy\" decoding=\"async\" class=\"alignleft size-full wp-image-21930\" alt=\"museo-civico-feltre-290x220\" src=\"http:\/\/www.bellunopress.it\/wp-content\/uploads\/2010\/12\/museo-civico-feltre-290x220.jpg\" width=\"221\" height=\"290\" \/><\/a>L&#8217;iniziativa \u00e8 organizzata in collaborazione con la Commissione Pari Opportunit\u00e0 del Comune di Feltre, con l&#8217;Associazione Fenice arte cultura e turismo e con l&#8217;Associazione Concetto Armonico di Rottanova di Cavarzere. All&#8217;incontro porter\u00e0 il suo saluto l&#8217;Assessore alle Pari Opportunit\u00e0 Sabrina Bellumat. La presentazione costituisce il primo appuntamento del nutrito calendario di incontri e conversazioni previsti nella primavera 2013 nei Musei civici e sar\u00e0 arricchita da letture di Silvana Vignaga e Flavio Viale. Per ragioni organizzative l&#8217;ingresso sar\u00e0 limitato a 50 persone.<\/p>\n<p>Rosalba Carriera \u00e8 sicuramente la pi\u00f9 celebre ritrattista di tutti i tempi. Dotata di uno straordinario talento artistico e di una personalit\u00e0 volitiva, os\u00f2 sfidare le convenzioni di un secolo, il Settecento, che ancora relegava la donna al ruolo di moglie e di madre, o di cortigiana. Mossa da una determinazione incrollabile e risoluta a primeggiare nel mondo dell&#8217;arte attraverso i generi considerati fino a quel momento minori (il ritratto privato e la miniatura) e una tecnica &#8220;effimera&#8221; come il pastello, Rosalba Carriera divenne ricercatissima da committenti illustri di tutta Europa, contesa dalla corte di Parigi e osannata dagli inglesi. A questa straordinaria figura femminile Valentina Casarotto, docente, storica dell&#8217;arte e brillante ricercatrice, ha dedicato un romanzo storico articolato come narrazione in prima persona. Il racconto parte dall&#8217;aprile 1747 quando Rosalba Carriera anziana e quasi cieca \u00e8 seduta allo scrittoio, determinata a completare le sue memorie, prima che sia troppo tardi e che il buio avvolga completamente i suoi occhi e la sua mente. Attraverso flashback vengono colti momenti e tappe dell&#8217;affascinante vita della pittrice, dalle prime avvisaglie del talento artistico nella fanciullezza, al praticantato presso affermati pittori, fino alla fama raggiunta dapprima a Venezia e poi a livello internazionale, grazie al soggiorno parigino. Il lettore viene trasportato d&#8217;incanto nel mondo della pittrice e davanti a lui sfilano i protagonisti della storia e della societ\u00e0 del Settecento in un caleidoscopico affresco: Luigi XV di Francia, Federico IV di Danimarca, i banchieri Crozat e Law, i pittori Canaletto, Antoine Watteau, Marco e Sebastiano Ricci, il caricaturista Anton Maria Zanetti, il console Smith mercante e collezionista, la letterata Luisa Bergalli. Le ragioni del grande successo vanno ricercate nella capacit\u00e0 di far emergere gli aspetti pi\u00f9 reconditi della personalit\u00e0 dei personaggi ritratti, inducendoli a mettere a nudo la propria anima raccontandosi nelle sedute di posa e accendendo l&#8217;emozione riportata, grazie alla versatilit\u00e0 del pastello, nella luce dei loro occhi. Il segreto nello sguardo, appunto.<\/p>\n<p>Informazioni: Ufficio Musei (tel. 0439\/885242, museo@comune.feltre.bl.it), www.comune.feltre.bl.it<\/p>\n<p>&nbsp;<\/p>","protected":false},"excerpt":{"rendered":"<p>Domenica 3 marzo 2013, alle 10.30, presso il Museo civico di Feltre, in vista della festa della donna, sar\u00e0 presentato dall&#8217;autrice, Valentina Casarotto, il libro Il segreto nello sguardo. Memorie di Rosalba Carriera prima pittrice d&#8217;Europa. Il volume si \u00e8 aggiudicato il primo premio per la narrativa al concorso Mario Soldati 2012. L&#8217;iniziativa \u00e8 organizzata [&hellip;]<\/p>\n","protected":false},"author":2,"featured_media":0,"comment_status":"closed","ping_status":"open","sticky":false,"template":"","format":"standard","meta":{"footnotes":""},"categories":[27,3,25],"tags":[],"class_list":["post-47232","post","type-post","status-publish","format-standard","category-appuntamenti","category-arte-cultura-spettacoli-scienza-archivi","category-pausa-caffe"],"yoast_head":"<!-- This site is optimized with the Yoast SEO plugin v28.4 - https:\/\/yoast.com\/product\/yoast-seo-wordpress\/ -->\n<title>Il segreto nello sguardo di Valentina Casarotto, domenica al Museo civico di Feltre - Bellunopress - Dolomiti<\/title>\n<meta name=\"robots\" content=\"index, follow, max-snippet:-1, max-image-preview:large, max-video-preview:-1\" \/>\n<link rel=\"canonical\" href=\"https:\/\/www.bellunopress.it\/fr\/2013\/03\/01\/il-segreto-nello-sguardo-di-valentina-casarotto-domenica-al-museo-civico-di-feltre\/\" \/>\n<meta property=\"og:locale\" content=\"fr_FR\" \/>\n<meta property=\"og:type\" content=\"article\" \/>\n<meta property=\"og:title\" content=\"Il segreto nello sguardo di Valentina Casarotto, domenica al Museo civico di Feltre - Bellunopress - Dolomiti\" \/>\n<meta property=\"og:description\" content=\"Domenica 3 marzo 2013, alle 10.30, presso il Museo civico di Feltre, in vista della festa della donna, sar\u00e0 presentato dall&#8217;autrice, Valentina Casarotto, il libro Il segreto nello sguardo. Memorie di Rosalba Carriera prima pittrice d&#8217;Europa. Il volume si \u00e8 aggiudicato il primo premio per la narrativa al concorso Mario Soldati 2012. L&#8217;iniziativa \u00e8 organizzata [&hellip;]\" \/>\n<meta property=\"og:url\" content=\"https:\/\/www.bellunopress.it\/fr\/2013\/03\/01\/il-segreto-nello-sguardo-di-valentina-casarotto-domenica-al-museo-civico-di-feltre\/\" \/>\n<meta property=\"og:site_name\" content=\"Bellunopress - Dolomiti\" \/>\n<meta property=\"article:publisher\" content=\"https:\/\/www.facebook.com\/profile.php?id=100008943462799\" \/>\n<meta property=\"article:published_time\" content=\"2013-03-01T21:33:24+00:00\" \/>\n<meta property=\"og:image\" content=\"http:\/\/www.bellunopress.it\/wp-content\/uploads\/2010\/12\/museo-civico-feltre-290x220.jpg\" \/>\n<meta name=\"author\" content=\"redazione\" \/>\n<meta name=\"twitter:card\" content=\"summary_large_image\" \/>\n<meta name=\"twitter:creator\" content=\"@bellunopress\" \/>\n<meta name=\"twitter:site\" content=\"@bellunopress\" \/>\n<meta name=\"twitter:label1\" content=\"Written by\" \/>\n\t<meta name=\"twitter:data1\" content=\"redazione\" \/>\n\t<meta name=\"twitter:label2\" content=\"Est. reading time\" \/>\n\t<meta name=\"twitter:data2\" content=\"2 minutes\" \/>\n<script type=\"application\/ld+json\" class=\"yoast-schema-graph\">{\"@context\":\"https:\\\/\\\/schema.org\",\"@graph\":[{\"@type\":\"Article\",\"@id\":\"https:\\\/\\\/www.bellunopress.it\\\/2013\\\/03\\\/01\\\/il-segreto-nello-sguardo-di-valentina-casarotto-domenica-al-museo-civico-di-feltre\\\/#article\",\"isPartOf\":{\"@id\":\"https:\\\/\\\/www.bellunopress.it\\\/2013\\\/03\\\/01\\\/il-segreto-nello-sguardo-di-valentina-casarotto-domenica-al-museo-civico-di-feltre\\\/\"},\"author\":{\"name\":\"redazione\",\"@id\":\"https:\\\/\\\/www.bellunopress.it\\\/#\\\/schema\\\/person\\\/79bb06722b37ece1c03d3e94beb30d73\"},\"headline\":\"Il segreto nello sguardo di Valentina Casarotto, domenica al Museo civico di Feltre\",\"datePublished\":\"2013-03-01T21:33:24+00:00\",\"mainEntityOfPage\":{\"@id\":\"https:\\\/\\\/www.bellunopress.it\\\/2013\\\/03\\\/01\\\/il-segreto-nello-sguardo-di-valentina-casarotto-domenica-al-museo-civico-di-feltre\\\/\"},\"wordCount\":485,\"publisher\":{\"@id\":\"https:\\\/\\\/www.bellunopress.it\\\/#organization\"},\"image\":{\"@id\":\"https:\\\/\\\/www.bellunopress.it\\\/2013\\\/03\\\/01\\\/il-segreto-nello-sguardo-di-valentina-casarotto-domenica-al-museo-civico-di-feltre\\\/#primaryimage\"},\"thumbnailUrl\":\"http:\\\/\\\/www.bellunopress.it\\\/wp-content\\\/uploads\\\/2010\\\/12\\\/museo-civico-feltre-290x220.jpg\",\"articleSection\":[\"Appuntamenti, Eventi\",\"Arte, Cultura, Spettacoli, Scienza\",\"Pausa Caff\u00e8\"],\"inLanguage\":\"fr-FR\"},{\"@type\":\"WebPage\",\"@id\":\"https:\\\/\\\/www.bellunopress.it\\\/2013\\\/03\\\/01\\\/il-segreto-nello-sguardo-di-valentina-casarotto-domenica-al-museo-civico-di-feltre\\\/\",\"url\":\"https:\\\/\\\/www.bellunopress.it\\\/2013\\\/03\\\/01\\\/il-segreto-nello-sguardo-di-valentina-casarotto-domenica-al-museo-civico-di-feltre\\\/\",\"name\":\"Il segreto nello sguardo di Valentina Casarotto, domenica al Museo civico di Feltre - Bellunopress - Dolomiti\",\"isPartOf\":{\"@id\":\"https:\\\/\\\/www.bellunopress.it\\\/#website\"},\"primaryImageOfPage\":{\"@id\":\"https:\\\/\\\/www.bellunopress.it\\\/2013\\\/03\\\/01\\\/il-segreto-nello-sguardo-di-valentina-casarotto-domenica-al-museo-civico-di-feltre\\\/#primaryimage\"},\"image\":{\"@id\":\"https:\\\/\\\/www.bellunopress.it\\\/2013\\\/03\\\/01\\\/il-segreto-nello-sguardo-di-valentina-casarotto-domenica-al-museo-civico-di-feltre\\\/#primaryimage\"},\"thumbnailUrl\":\"http:\\\/\\\/www.bellunopress.it\\\/wp-content\\\/uploads\\\/2010\\\/12\\\/museo-civico-feltre-290x220.jpg\",\"datePublished\":\"2013-03-01T21:33:24+00:00\",\"breadcrumb\":{\"@id\":\"https:\\\/\\\/www.bellunopress.it\\\/2013\\\/03\\\/01\\\/il-segreto-nello-sguardo-di-valentina-casarotto-domenica-al-museo-civico-di-feltre\\\/#breadcrumb\"},\"inLanguage\":\"fr-FR\",\"potentialAction\":[{\"@type\":\"ReadAction\",\"target\":[\"https:\\\/\\\/www.bellunopress.it\\\/2013\\\/03\\\/01\\\/il-segreto-nello-sguardo-di-valentina-casarotto-domenica-al-museo-civico-di-feltre\\\/\"]}]},{\"@type\":\"ImageObject\",\"inLanguage\":\"fr-FR\",\"@id\":\"https:\\\/\\\/www.bellunopress.it\\\/2013\\\/03\\\/01\\\/il-segreto-nello-sguardo-di-valentina-casarotto-domenica-al-museo-civico-di-feltre\\\/#primaryimage\",\"url\":\"http:\\\/\\\/www.bellunopress.it\\\/wp-content\\\/uploads\\\/2010\\\/12\\\/museo-civico-feltre-290x220.jpg\",\"contentUrl\":\"http:\\\/\\\/www.bellunopress.it\\\/wp-content\\\/uploads\\\/2010\\\/12\\\/museo-civico-feltre-290x220.jpg\"},{\"@type\":\"BreadcrumbList\",\"@id\":\"https:\\\/\\\/www.bellunopress.it\\\/2013\\\/03\\\/01\\\/il-segreto-nello-sguardo-di-valentina-casarotto-domenica-al-museo-civico-di-feltre\\\/#breadcrumb\",\"itemListElement\":[{\"@type\":\"ListItem\",\"position\":1,\"name\":\"Home\",\"item\":\"https:\\\/\\\/www.bellunopress.it\\\/\"},{\"@type\":\"ListItem\",\"position\":2,\"name\":\"Il segreto nello sguardo di Valentina Casarotto, domenica al Museo civico di Feltre\"}]},{\"@type\":\"WebSite\",\"@id\":\"https:\\\/\\\/www.bellunopress.it\\\/#website\",\"url\":\"https:\\\/\\\/www.bellunopress.it\\\/\",\"name\":\"Bellunopress - Dolomiti\",\"description\":\"e-mail: redazione@bellunopress.it\",\"publisher\":{\"@id\":\"https:\\\/\\\/www.bellunopress.it\\\/#organization\"},\"potentialAction\":[{\"@type\":\"SearchAction\",\"target\":{\"@type\":\"EntryPoint\",\"urlTemplate\":\"https:\\\/\\\/www.bellunopress.it\\\/?s={search_term_string}\"},\"query-input\":{\"@type\":\"PropertyValueSpecification\",\"valueRequired\":true,\"valueName\":\"search_term_string\"}}],\"inLanguage\":\"fr-FR\"},{\"@type\":\"Organization\",\"@id\":\"https:\\\/\\\/www.bellunopress.it\\\/#organization\",\"name\":\"Bellunopress\",\"url\":\"https:\\\/\\\/www.bellunopress.it\\\/\",\"logo\":{\"@type\":\"ImageObject\",\"inLanguage\":\"fr-FR\",\"@id\":\"https:\\\/\\\/www.bellunopress.it\\\/#\\\/schema\\\/logo\\\/image\\\/\",\"url\":\"https:\\\/\\\/www.bellunopress.it\\\/wp-content\\\/uploads\\\/2011\\\/05\\\/cropped-logo-bellunopress-.jpg\",\"contentUrl\":\"https:\\\/\\\/www.bellunopress.it\\\/wp-content\\\/uploads\\\/2011\\\/05\\\/cropped-logo-bellunopress-.jpg\",\"width\":512,\"height\":512,\"caption\":\"Bellunopress\"},\"image\":{\"@id\":\"https:\\\/\\\/www.bellunopress.it\\\/#\\\/schema\\\/logo\\\/image\\\/\"},\"sameAs\":[\"https:\\\/\\\/www.facebook.com\\\/profile.php?id=100008943462799\",\"https:\\\/\\\/x.com\\\/bellunopress\",\"https:\\\/\\\/www.linkedin.com\\\/hp\\\/?dnr=JBzUWaJfMUw8vbXJJ2tVW5-I3jZKvC4wsoxE&amp;amp;amp;amp;amp;amp;trk=nav_responsive_tab_home\",\"https:\\\/\\\/www.youtube.com\\\/channel\\\/UCxL0wu1uN0_3_7hGG0306cw\"]},{\"@type\":\"Person\",\"@id\":\"https:\\\/\\\/www.bellunopress.it\\\/#\\\/schema\\\/person\\\/79bb06722b37ece1c03d3e94beb30d73\",\"name\":\"redazione\",\"image\":{\"@type\":\"ImageObject\",\"inLanguage\":\"fr-FR\",\"@id\":\"https:\\\/\\\/secure.gravatar.com\\\/avatar\\\/37d968a2e67a6fd04c169c4bdef102d0bc5d31b2546345219e348575eb80e9a0?s=96&d=mm&r=g\",\"url\":\"https:\\\/\\\/secure.gravatar.com\\\/avatar\\\/37d968a2e67a6fd04c169c4bdef102d0bc5d31b2546345219e348575eb80e9a0?s=96&d=mm&r=g\",\"contentUrl\":\"https:\\\/\\\/secure.gravatar.com\\\/avatar\\\/37d968a2e67a6fd04c169c4bdef102d0bc5d31b2546345219e348575eb80e9a0?s=96&d=mm&r=g\",\"caption\":\"redazione\"},\"sameAs\":[\"http:\\\/\\\/www.bellunopress.it\",\"https:\\\/\\\/x.com\\\/bellunopress\"],\"url\":\"https:\\\/\\\/www.bellunopress.it\\\/fr\\\/author\\\/redazione\\\/\"}]}<\/script>\n<!-- \/ Yoast SEO plugin. -->","yoast_head_json":{"title":"Il segreto nello sguardo di Valentina Casarotto, domenica al Museo civico di Feltre - Bellunopress - Dolomiti","robots":{"index":"index","follow":"follow","max-snippet":"max-snippet:-1","max-image-preview":"max-image-preview:large","max-video-preview":"max-video-preview:-1"},"canonical":"https:\/\/www.bellunopress.it\/fr\/2013\/03\/01\/il-segreto-nello-sguardo-di-valentina-casarotto-domenica-al-museo-civico-di-feltre\/","og_locale":"fr_FR","og_type":"article","og_title":"Il segreto nello sguardo di Valentina Casarotto, domenica al Museo civico di Feltre - Bellunopress - Dolomiti","og_description":"Domenica 3 marzo 2013, alle 10.30, presso il Museo civico di Feltre, in vista della festa della donna, sar\u00e0 presentato dall&#8217;autrice, Valentina Casarotto, il libro Il segreto nello sguardo. Memorie di Rosalba Carriera prima pittrice d&#8217;Europa. Il volume si \u00e8 aggiudicato il primo premio per la narrativa al concorso Mario Soldati 2012. L&#8217;iniziativa \u00e8 organizzata [&hellip;]","og_url":"https:\/\/www.bellunopress.it\/fr\/2013\/03\/01\/il-segreto-nello-sguardo-di-valentina-casarotto-domenica-al-museo-civico-di-feltre\/","og_site_name":"Bellunopress - Dolomiti","article_publisher":"https:\/\/www.facebook.com\/profile.php?id=100008943462799","article_published_time":"2013-03-01T21:33:24+00:00","og_image":[{"url":"http:\/\/www.bellunopress.it\/wp-content\/uploads\/2010\/12\/museo-civico-feltre-290x220.jpg","type":"","width":"","height":""}],"author":"redazione","twitter_card":"summary_large_image","twitter_creator":"@bellunopress","twitter_site":"@bellunopress","twitter_misc":{"Written by":"redazione","Est. reading time":"2 minutes"},"schema":{"@context":"https:\/\/schema.org","@graph":[{"@type":"Article","@id":"https:\/\/www.bellunopress.it\/2013\/03\/01\/il-segreto-nello-sguardo-di-valentina-casarotto-domenica-al-museo-civico-di-feltre\/#article","isPartOf":{"@id":"https:\/\/www.bellunopress.it\/2013\/03\/01\/il-segreto-nello-sguardo-di-valentina-casarotto-domenica-al-museo-civico-di-feltre\/"},"author":{"name":"redazione","@id":"https:\/\/www.bellunopress.it\/#\/schema\/person\/79bb06722b37ece1c03d3e94beb30d73"},"headline":"Il segreto nello sguardo di Valentina Casarotto, domenica al Museo civico di Feltre","datePublished":"2013-03-01T21:33:24+00:00","mainEntityOfPage":{"@id":"https:\/\/www.bellunopress.it\/2013\/03\/01\/il-segreto-nello-sguardo-di-valentina-casarotto-domenica-al-museo-civico-di-feltre\/"},"wordCount":485,"publisher":{"@id":"https:\/\/www.bellunopress.it\/#organization"},"image":{"@id":"https:\/\/www.bellunopress.it\/2013\/03\/01\/il-segreto-nello-sguardo-di-valentina-casarotto-domenica-al-museo-civico-di-feltre\/#primaryimage"},"thumbnailUrl":"http:\/\/www.bellunopress.it\/wp-content\/uploads\/2010\/12\/museo-civico-feltre-290x220.jpg","articleSection":["Appuntamenti, Eventi","Arte, Cultura, Spettacoli, Scienza","Pausa Caff\u00e8"],"inLanguage":"fr-FR"},{"@type":"WebPage","@id":"https:\/\/www.bellunopress.it\/2013\/03\/01\/il-segreto-nello-sguardo-di-valentina-casarotto-domenica-al-museo-civico-di-feltre\/","url":"https:\/\/www.bellunopress.it\/2013\/03\/01\/il-segreto-nello-sguardo-di-valentina-casarotto-domenica-al-museo-civico-di-feltre\/","name":"Il segreto nello sguardo di Valentina Casarotto, domenica al Museo civico di Feltre - Bellunopress - Dolomiti","isPartOf":{"@id":"https:\/\/www.bellunopress.it\/#website"},"primaryImageOfPage":{"@id":"https:\/\/www.bellunopress.it\/2013\/03\/01\/il-segreto-nello-sguardo-di-valentina-casarotto-domenica-al-museo-civico-di-feltre\/#primaryimage"},"image":{"@id":"https:\/\/www.bellunopress.it\/2013\/03\/01\/il-segreto-nello-sguardo-di-valentina-casarotto-domenica-al-museo-civico-di-feltre\/#primaryimage"},"thumbnailUrl":"http:\/\/www.bellunopress.it\/wp-content\/uploads\/2010\/12\/museo-civico-feltre-290x220.jpg","datePublished":"2013-03-01T21:33:24+00:00","breadcrumb":{"@id":"https:\/\/www.bellunopress.it\/2013\/03\/01\/il-segreto-nello-sguardo-di-valentina-casarotto-domenica-al-museo-civico-di-feltre\/#breadcrumb"},"inLanguage":"fr-FR","potentialAction":[{"@type":"ReadAction","target":["https:\/\/www.bellunopress.it\/2013\/03\/01\/il-segreto-nello-sguardo-di-valentina-casarotto-domenica-al-museo-civico-di-feltre\/"]}]},{"@type":"ImageObject","inLanguage":"fr-FR","@id":"https:\/\/www.bellunopress.it\/2013\/03\/01\/il-segreto-nello-sguardo-di-valentina-casarotto-domenica-al-museo-civico-di-feltre\/#primaryimage","url":"http:\/\/www.bellunopress.it\/wp-content\/uploads\/2010\/12\/museo-civico-feltre-290x220.jpg","contentUrl":"http:\/\/www.bellunopress.it\/wp-content\/uploads\/2010\/12\/museo-civico-feltre-290x220.jpg"},{"@type":"BreadcrumbList","@id":"https:\/\/www.bellunopress.it\/2013\/03\/01\/il-segreto-nello-sguardo-di-valentina-casarotto-domenica-al-museo-civico-di-feltre\/#breadcrumb","itemListElement":[{"@type":"ListItem","position":1,"name":"Home","item":"https:\/\/www.bellunopress.it\/"},{"@type":"ListItem","position":2,"name":"Il segreto nello sguardo di Valentina Casarotto, domenica al Museo civico di Feltre"}]},{"@type":"WebSite","@id":"https:\/\/www.bellunopress.it\/#website","url":"https:\/\/www.bellunopress.it\/","name":"Bellunopress - Dolomiti","description":"e-mail: redazione@bellunopress.it","publisher":{"@id":"https:\/\/www.bellunopress.it\/#organization"},"potentialAction":[{"@type":"SearchAction","target":{"@type":"EntryPoint","urlTemplate":"https:\/\/www.bellunopress.it\/?s={search_term_string}"},"query-input":{"@type":"PropertyValueSpecification","valueRequired":true,"valueName":"search_term_string"}}],"inLanguage":"fr-FR"},{"@type":"Organization","@id":"https:\/\/www.bellunopress.it\/#organization","name":"Bellunopress","url":"https:\/\/www.bellunopress.it\/","logo":{"@type":"ImageObject","inLanguage":"fr-FR","@id":"https:\/\/www.bellunopress.it\/#\/schema\/logo\/image\/","url":"https:\/\/www.bellunopress.it\/wp-content\/uploads\/2011\/05\/cropped-logo-bellunopress-.jpg","contentUrl":"https:\/\/www.bellunopress.it\/wp-content\/uploads\/2011\/05\/cropped-logo-bellunopress-.jpg","width":512,"height":512,"caption":"Bellunopress"},"image":{"@id":"https:\/\/www.bellunopress.it\/#\/schema\/logo\/image\/"},"sameAs":["https:\/\/www.facebook.com\/profile.php?id=100008943462799","https:\/\/x.com\/bellunopress","https:\/\/www.linkedin.com\/hp\/?dnr=JBzUWaJfMUw8vbXJJ2tVW5-I3jZKvC4wsoxE&amp;amp;amp;amp;amp;amp;trk=nav_responsive_tab_home","https:\/\/www.youtube.com\/channel\/UCxL0wu1uN0_3_7hGG0306cw"]},{"@type":"Person","@id":"https:\/\/www.bellunopress.it\/#\/schema\/person\/79bb06722b37ece1c03d3e94beb30d73","name":"r\u00e9daction","image":{"@type":"ImageObject","inLanguage":"fr-FR","@id":"https:\/\/secure.gravatar.com\/avatar\/37d968a2e67a6fd04c169c4bdef102d0bc5d31b2546345219e348575eb80e9a0?s=96&d=mm&r=g","url":"https:\/\/secure.gravatar.com\/avatar\/37d968a2e67a6fd04c169c4bdef102d0bc5d31b2546345219e348575eb80e9a0?s=96&d=mm&r=g","contentUrl":"https:\/\/secure.gravatar.com\/avatar\/37d968a2e67a6fd04c169c4bdef102d0bc5d31b2546345219e348575eb80e9a0?s=96&d=mm&r=g","caption":"redazione"},"sameAs":["http:\/\/www.bellunopress.it","https:\/\/x.com\/bellunopress"],"url":"https:\/\/www.bellunopress.it\/fr\/author\/redazione\/"}]}},"_links":{"self":[{"href":"https:\/\/www.bellunopress.it\/fr\/wp-json\/wp\/v2\/posts\/47232","targetHints":{"allow":["GET"]}}],"collection":[{"href":"https:\/\/www.bellunopress.it\/fr\/wp-json\/wp\/v2\/posts"}],"about":[{"href":"https:\/\/www.bellunopress.it\/fr\/wp-json\/wp\/v2\/types\/post"}],"author":[{"embeddable":true,"href":"https:\/\/www.bellunopress.it\/fr\/wp-json\/wp\/v2\/users\/2"}],"replies":[{"embeddable":true,"href":"https:\/\/www.bellunopress.it\/fr\/wp-json\/wp\/v2\/comments?post=47232"}],"version-history":[{"count":2,"href":"https:\/\/www.bellunopress.it\/fr\/wp-json\/wp\/v2\/posts\/47232\/revisions"}],"predecessor-version":[{"id":47234,"href":"https:\/\/www.bellunopress.it\/fr\/wp-json\/wp\/v2\/posts\/47232\/revisions\/47234"}],"wp:attachment":[{"href":"https:\/\/www.bellunopress.it\/fr\/wp-json\/wp\/v2\/media?parent=47232"}],"wp:term":[{"taxonomy":"category","embeddable":true,"href":"https:\/\/www.bellunopress.it\/fr\/wp-json\/wp\/v2\/categories?post=47232"},{"taxonomy":"post_tag","embeddable":true,"href":"https:\/\/www.bellunopress.it\/fr\/wp-json\/wp\/v2\/tags?post=47232"}],"curies":[{"name":"wp","href":"https:\/\/api.w.org\/{rel}","templated":true}]}}