{"id":4722,"date":"2009-06-11T11:56:50","date_gmt":"2009-06-11T10:56:50","guid":{"rendered":"http:\/\/www.bellunopress.it\/?p=4722"},"modified":"2009-06-11T11:56:50","modified_gmt":"2009-06-11T10:56:50","slug":"confcommercio-provinciale-e-sindacati-un-accordo-anti-crisi","status":"publish","type":"post","link":"https:\/\/www.bellunopress.it\/fr\/2009\/06\/11\/confcommercio-provinciale-e-sindacati-un-accordo-anti-crisi\/","title":{"rendered":"Confcommercio provinciale e sindacati, un accordo anti-crisi"},"content":{"rendered":"<p><a href=\"http:\/\/www.bellunopress.it\/wp-content\/uploads\/2009\/06\/firma-accordo-ascom-leggera.jpg\"><img decoding=\"async\" class=\"alignleft size-medium wp-image-4724\" title=\"firma-accordo-ascom-leggera\" src=\"http:\/\/www.bellunopress.it\/wp-content\/uploads\/2009\/06\/firma-accordo-ascom-leggera.jpg\" alt=\"tavolo dell'accordo\" \/><\/a>La firma apposta luned\u00ec scorso 8 giugno tra Ascom, Associazione Albergatori di Cortina e Organizzazioni Sindacali di Categoria (in specie Filcams CIGL, Fisascat Cisl e UilTucs Uil) \u00e8 un nuovo, significativo e concreto passo avanti nella determinazione di strumenti per fronteggiare una situazione economica che, purtroppo, sembra non aver ancora raggiunto il punto di svolta, almeno per il settore terziario. L\u2019Ente Bilaterale del Commercio del Turismo e dei Servizi della Provincia di Belluno \u00e8 stato il \u201claboratorio\u201d nel quale le parti hanno saputo confrontarsi con spirito di responsabilit\u00e0 e dare concretezza al disposto normativo per cui i lavoratori possono\u00a0 ottenere la possibilit\u00e0 della sospensione del rapporto di lavoro per un periodo non superiore ai 90 giorni in caso di specifiche e determinate situazioni di crisi aziendale. Esaurito tale periodo, le aziende aventi diritto potranno richiedere l\u2019applicazione della CIGS in deroga. Si \u00e8 dato pertanto corpo alla determinazione di evitare, per quanto possibile, l\u2019immediata espulsione di personale anche dalle piccole imprese del terziario nell\u2019ipotesi di poter in futuro ripristinare adeguati livelli di sostenibilit\u00e0 economica ed occupazionale. Solitamente accordi di questo genere vengono definiti \u201cdi comune soddisfazione\u201d, ma forse in questo caso pi\u00f9 che mai l\u2019espressione pu\u00f2 dirsi adeguata. Se da un lato si comprende la possibilit\u00e0 aperta dall\u2019accordo di far conseguire ai lavoratori una protezione, per quanto temporanea e parziale, rispetto ai rovesci economici che affliggono il mercato odierno, dall\u2019altro le imprese sono soddisfatte di aver tenuto fede all\u2019accordo provinciale che le impegnava a ricercare soluzioni alternative alla pura e semplice riduzione di personale pur a fronte di pesanti prospettive economiche e congiunturali. Ulteriore motivo di soddisfazione per le parti \u00e8 stata la verifica dell\u2019efficacia e la puntualit\u00e0 dell\u2019intervento dell\u2019Ente Bilaterale che, tramite l\u2019integrazione al contributo nei termini anche superiori ai minimi richiesta dalla legge, ha dato nuova testimonianza di operare in modo trasparente e direttamente a supporto delle componenti che lo costituiscono e che al suo interno operano in modo sinergico.<\/p>","protected":false},"excerpt":{"rendered":"<p>La firma apposta luned\u00ec scorso 8 giugno tra Ascom, Associazione Albergatori di Cortina e Organizzazioni Sindacali di Categoria (in specie Filcams CIGL, Fisascat Cisl e UilTucs Uil) \u00e8 un nuovo, significativo e concreto passo avanti nella determinazione di strumenti per fronteggiare una situazione economica che, purtroppo, sembra non aver ancora raggiunto il punto di svolta, [&hellip;]<\/p>\n","protected":false},"author":2,"featured_media":0,"comment_status":"closed","ping_status":"open","sticky":false,"template":"","format":"standard","meta":{"footnotes":""},"categories":[5,36,26],"tags":[139],"class_list":["post-4722","post","type-post","status-publish","format-standard","category-cronaca","category-lavoro-economia","category-prima-pagina","tag-belluno"],"yoast_head":"<!-- This site is optimized with the Yoast SEO plugin v28.4 - https:\/\/yoast.com\/product\/yoast-seo-wordpress\/ -->\n<title>Confcommercio provinciale e sindacati, un accordo anti-crisi - Bellunopress - Dolomiti<\/title>\n<meta name=\"robots\" content=\"index, follow, max-snippet:-1, max-image-preview:large, max-video-preview:-1\" \/>\n<link rel=\"canonical\" href=\"https:\/\/www.bellunopress.it\/fr\/2009\/06\/11\/confcommercio-provinciale-e-sindacati-un-accordo-anti-crisi\/\" \/>\n<meta property=\"og:locale\" content=\"fr_FR\" \/>\n<meta property=\"og:type\" content=\"article\" \/>\n<meta property=\"og:title\" content=\"Confcommercio provinciale e sindacati, un accordo anti-crisi - Bellunopress - Dolomiti\" \/>\n<meta property=\"og:description\" content=\"La firma apposta luned\u00ec scorso 8 giugno tra Ascom, Associazione Albergatori di Cortina e Organizzazioni Sindacali di Categoria (in specie Filcams CIGL, Fisascat Cisl e UilTucs Uil) \u00e8 un nuovo, significativo e concreto passo avanti nella determinazione di strumenti per fronteggiare una situazione economica che, purtroppo, sembra non aver ancora raggiunto il punto di svolta, [&hellip;]\" \/>\n<meta property=\"og:url\" content=\"https:\/\/www.bellunopress.it\/fr\/2009\/06\/11\/confcommercio-provinciale-e-sindacati-un-accordo-anti-crisi\/\" \/>\n<meta property=\"og:site_name\" content=\"Bellunopress - Dolomiti\" \/>\n<meta property=\"article:publisher\" content=\"https:\/\/www.facebook.com\/profile.php?id=100008943462799\" \/>\n<meta property=\"article:published_time\" content=\"2009-06-11T10:56:50+00:00\" \/>\n<meta property=\"og:image\" content=\"http:\/\/www.bellunopress.it\/wp-content\/uploads\/2009\/06\/firma-accordo-ascom-leggera.jpg\" \/>\n<meta name=\"author\" content=\"redazione\" \/>\n<meta name=\"twitter:card\" content=\"summary_large_image\" \/>\n<meta name=\"twitter:creator\" content=\"@bellunopress\" \/>\n<meta name=\"twitter:site\" content=\"@bellunopress\" \/>\n<meta name=\"twitter:label1\" content=\"\u00c9crit par\" \/>\n\t<meta name=\"twitter:data1\" content=\"redazione\" \/>\n\t<meta name=\"twitter:label2\" content=\"Dur\u00e9e de lecture estim\u00e9e\" \/>\n\t<meta name=\"twitter:data2\" content=\"2 minutes\" \/>\n<script type=\"application\/ld+json\" class=\"yoast-schema-graph\">{\"@context\":\"https:\\\/\\\/schema.org\",\"@graph\":[{\"@type\":\"Article\",\"@id\":\"https:\\\/\\\/www.bellunopress.it\\\/2009\\\/06\\\/11\\\/confcommercio-provinciale-e-sindacati-un-accordo-anti-crisi\\\/#article\",\"isPartOf\":{\"@id\":\"https:\\\/\\\/www.bellunopress.it\\\/2009\\\/06\\\/11\\\/confcommercio-provinciale-e-sindacati-un-accordo-anti-crisi\\\/\"},\"author\":{\"name\":\"redazione\",\"@id\":\"https:\\\/\\\/www.bellunopress.it\\\/#\\\/schema\\\/person\\\/79bb06722b37ece1c03d3e94beb30d73\"},\"headline\":\"Confcommercio provinciale e sindacati, un accordo anti-crisi\",\"datePublished\":\"2009-06-11T10:56:50+00:00\",\"mainEntityOfPage\":{\"@id\":\"https:\\\/\\\/www.bellunopress.it\\\/2009\\\/06\\\/11\\\/confcommercio-provinciale-e-sindacati-un-accordo-anti-crisi\\\/\"},\"wordCount\":334,\"publisher\":{\"@id\":\"https:\\\/\\\/www.bellunopress.it\\\/#organization\"},\"image\":{\"@id\":\"https:\\\/\\\/www.bellunopress.it\\\/2009\\\/06\\\/11\\\/confcommercio-provinciale-e-sindacati-un-accordo-anti-crisi\\\/#primaryimage\"},\"thumbnailUrl\":\"http:\\\/\\\/www.bellunopress.it\\\/wp-content\\\/uploads\\\/2009\\\/06\\\/firma-accordo-ascom-leggera.jpg\",\"keywords\":[\"Belluno\"],\"articleSection\":[\"Cronaca\\\/Politica\",\"Lavoro, Economia, Turismo\",\"Prima Pagina\"],\"inLanguage\":\"fr-FR\"},{\"@type\":\"WebPage\",\"@id\":\"https:\\\/\\\/www.bellunopress.it\\\/2009\\\/06\\\/11\\\/confcommercio-provinciale-e-sindacati-un-accordo-anti-crisi\\\/\",\"url\":\"https:\\\/\\\/www.bellunopress.it\\\/2009\\\/06\\\/11\\\/confcommercio-provinciale-e-sindacati-un-accordo-anti-crisi\\\/\",\"name\":\"Confcommercio provinciale e sindacati, un accordo anti-crisi - Bellunopress - Dolomiti\",\"isPartOf\":{\"@id\":\"https:\\\/\\\/www.bellunopress.it\\\/#website\"},\"primaryImageOfPage\":{\"@id\":\"https:\\\/\\\/www.bellunopress.it\\\/2009\\\/06\\\/11\\\/confcommercio-provinciale-e-sindacati-un-accordo-anti-crisi\\\/#primaryimage\"},\"image\":{\"@id\":\"https:\\\/\\\/www.bellunopress.it\\\/2009\\\/06\\\/11\\\/confcommercio-provinciale-e-sindacati-un-accordo-anti-crisi\\\/#primaryimage\"},\"thumbnailUrl\":\"http:\\\/\\\/www.bellunopress.it\\\/wp-content\\\/uploads\\\/2009\\\/06\\\/firma-accordo-ascom-leggera.jpg\",\"datePublished\":\"2009-06-11T10:56:50+00:00\",\"breadcrumb\":{\"@id\":\"https:\\\/\\\/www.bellunopress.it\\\/2009\\\/06\\\/11\\\/confcommercio-provinciale-e-sindacati-un-accordo-anti-crisi\\\/#breadcrumb\"},\"inLanguage\":\"fr-FR\",\"potentialAction\":[{\"@type\":\"ReadAction\",\"target\":[\"https:\\\/\\\/www.bellunopress.it\\\/2009\\\/06\\\/11\\\/confcommercio-provinciale-e-sindacati-un-accordo-anti-crisi\\\/\"]}]},{\"@type\":\"ImageObject\",\"inLanguage\":\"fr-FR\",\"@id\":\"https:\\\/\\\/www.bellunopress.it\\\/2009\\\/06\\\/11\\\/confcommercio-provinciale-e-sindacati-un-accordo-anti-crisi\\\/#primaryimage\",\"url\":\"http:\\\/\\\/www.bellunopress.it\\\/wp-content\\\/uploads\\\/2009\\\/06\\\/firma-accordo-ascom-leggera.jpg\",\"contentUrl\":\"http:\\\/\\\/www.bellunopress.it\\\/wp-content\\\/uploads\\\/2009\\\/06\\\/firma-accordo-ascom-leggera.jpg\"},{\"@type\":\"BreadcrumbList\",\"@id\":\"https:\\\/\\\/www.bellunopress.it\\\/2009\\\/06\\\/11\\\/confcommercio-provinciale-e-sindacati-un-accordo-anti-crisi\\\/#breadcrumb\",\"itemListElement\":[{\"@type\":\"ListItem\",\"position\":1,\"name\":\"Home\",\"item\":\"https:\\\/\\\/www.bellunopress.it\\\/\"},{\"@type\":\"ListItem\",\"position\":2,\"name\":\"Confcommercio provinciale e sindacati, un accordo anti-crisi\"}]},{\"@type\":\"WebSite\",\"@id\":\"https:\\\/\\\/www.bellunopress.it\\\/#website\",\"url\":\"https:\\\/\\\/www.bellunopress.it\\\/\",\"name\":\"Bellunopress - Dolomiti\",\"description\":\"e-mail: redazione@bellunopress.it\",\"publisher\":{\"@id\":\"https:\\\/\\\/www.bellunopress.it\\\/#organization\"},\"potentialAction\":[{\"@type\":\"SearchAction\",\"target\":{\"@type\":\"EntryPoint\",\"urlTemplate\":\"https:\\\/\\\/www.bellunopress.it\\\/?s={search_term_string}\"},\"query-input\":{\"@type\":\"PropertyValueSpecification\",\"valueRequired\":true,\"valueName\":\"search_term_string\"}}],\"inLanguage\":\"fr-FR\"},{\"@type\":\"Organization\",\"@id\":\"https:\\\/\\\/www.bellunopress.it\\\/#organization\",\"name\":\"Bellunopress\",\"url\":\"https:\\\/\\\/www.bellunopress.it\\\/\",\"logo\":{\"@type\":\"ImageObject\",\"inLanguage\":\"fr-FR\",\"@id\":\"https:\\\/\\\/www.bellunopress.it\\\/#\\\/schema\\\/logo\\\/image\\\/\",\"url\":\"https:\\\/\\\/www.bellunopress.it\\\/wp-content\\\/uploads\\\/2011\\\/05\\\/cropped-logo-bellunopress-.jpg\",\"contentUrl\":\"https:\\\/\\\/www.bellunopress.it\\\/wp-content\\\/uploads\\\/2011\\\/05\\\/cropped-logo-bellunopress-.jpg\",\"width\":512,\"height\":512,\"caption\":\"Bellunopress\"},\"image\":{\"@id\":\"https:\\\/\\\/www.bellunopress.it\\\/#\\\/schema\\\/logo\\\/image\\\/\"},\"sameAs\":[\"https:\\\/\\\/www.facebook.com\\\/profile.php?id=100008943462799\",\"https:\\\/\\\/x.com\\\/bellunopress\",\"https:\\\/\\\/www.linkedin.com\\\/hp\\\/?dnr=JBzUWaJfMUw8vbXJJ2tVW5-I3jZKvC4wsoxE&amp;amp;amp;amp;amp;amp;trk=nav_responsive_tab_home\",\"https:\\\/\\\/www.youtube.com\\\/channel\\\/UCxL0wu1uN0_3_7hGG0306cw\"]},{\"@type\":\"Person\",\"@id\":\"https:\\\/\\\/www.bellunopress.it\\\/#\\\/schema\\\/person\\\/79bb06722b37ece1c03d3e94beb30d73\",\"name\":\"redazione\",\"image\":{\"@type\":\"ImageObject\",\"inLanguage\":\"fr-FR\",\"@id\":\"https:\\\/\\\/secure.gravatar.com\\\/avatar\\\/37d968a2e67a6fd04c169c4bdef102d0bc5d31b2546345219e348575eb80e9a0?s=96&d=mm&r=g\",\"url\":\"https:\\\/\\\/secure.gravatar.com\\\/avatar\\\/37d968a2e67a6fd04c169c4bdef102d0bc5d31b2546345219e348575eb80e9a0?s=96&d=mm&r=g\",\"contentUrl\":\"https:\\\/\\\/secure.gravatar.com\\\/avatar\\\/37d968a2e67a6fd04c169c4bdef102d0bc5d31b2546345219e348575eb80e9a0?s=96&d=mm&r=g\",\"caption\":\"redazione\"},\"sameAs\":[\"http:\\\/\\\/www.bellunopress.it\",\"https:\\\/\\\/x.com\\\/bellunopress\"],\"url\":\"https:\\\/\\\/www.bellunopress.it\\\/fr\\\/author\\\/redazione\\\/\"}]}<\/script>\n<!-- \/ Yoast SEO plugin. -->","yoast_head_json":{"title":"Confcommercio provinciale e sindacati, un accordo anti-crisi - Bellunopress - Dolomiti","robots":{"index":"index","follow":"follow","max-snippet":"max-snippet:-1","max-image-preview":"max-image-preview:large","max-video-preview":"max-video-preview:-1"},"canonical":"https:\/\/www.bellunopress.it\/fr\/2009\/06\/11\/confcommercio-provinciale-e-sindacati-un-accordo-anti-crisi\/","og_locale":"fr_FR","og_type":"article","og_title":"Confcommercio provinciale e sindacati, un accordo anti-crisi - Bellunopress - Dolomiti","og_description":"La firma apposta luned\u00ec scorso 8 giugno tra Ascom, Associazione Albergatori di Cortina e Organizzazioni Sindacali di Categoria (in specie Filcams CIGL, Fisascat Cisl e UilTucs Uil) \u00e8 un nuovo, significativo e concreto passo avanti nella determinazione di strumenti per fronteggiare una situazione economica che, purtroppo, sembra non aver ancora raggiunto il punto di svolta, [&hellip;]","og_url":"https:\/\/www.bellunopress.it\/fr\/2009\/06\/11\/confcommercio-provinciale-e-sindacati-un-accordo-anti-crisi\/","og_site_name":"Bellunopress - Dolomiti","article_publisher":"https:\/\/www.facebook.com\/profile.php?id=100008943462799","article_published_time":"2009-06-11T10:56:50+00:00","og_image":[{"url":"http:\/\/www.bellunopress.it\/wp-content\/uploads\/2009\/06\/firma-accordo-ascom-leggera.jpg","type":"","width":"","height":""}],"author":"redazione","twitter_card":"summary_large_image","twitter_creator":"@bellunopress","twitter_site":"@bellunopress","twitter_misc":{"\u00c9crit par":"redazione","Dur\u00e9e de lecture estim\u00e9e":"2 minutes"},"schema":{"@context":"https:\/\/schema.org","@graph":[{"@type":"Article","@id":"https:\/\/www.bellunopress.it\/2009\/06\/11\/confcommercio-provinciale-e-sindacati-un-accordo-anti-crisi\/#article","isPartOf":{"@id":"https:\/\/www.bellunopress.it\/2009\/06\/11\/confcommercio-provinciale-e-sindacati-un-accordo-anti-crisi\/"},"author":{"name":"redazione","@id":"https:\/\/www.bellunopress.it\/#\/schema\/person\/79bb06722b37ece1c03d3e94beb30d73"},"headline":"Confcommercio provinciale e sindacati, un accordo anti-crisi","datePublished":"2009-06-11T10:56:50+00:00","mainEntityOfPage":{"@id":"https:\/\/www.bellunopress.it\/2009\/06\/11\/confcommercio-provinciale-e-sindacati-un-accordo-anti-crisi\/"},"wordCount":334,"publisher":{"@id":"https:\/\/www.bellunopress.it\/#organization"},"image":{"@id":"https:\/\/www.bellunopress.it\/2009\/06\/11\/confcommercio-provinciale-e-sindacati-un-accordo-anti-crisi\/#primaryimage"},"thumbnailUrl":"http:\/\/www.bellunopress.it\/wp-content\/uploads\/2009\/06\/firma-accordo-ascom-leggera.jpg","keywords":["Belluno"],"articleSection":["Cronaca\/Politica","Lavoro, Economia, Turismo","Prima Pagina"],"inLanguage":"fr-FR"},{"@type":"WebPage","@id":"https:\/\/www.bellunopress.it\/2009\/06\/11\/confcommercio-provinciale-e-sindacati-un-accordo-anti-crisi\/","url":"https:\/\/www.bellunopress.it\/2009\/06\/11\/confcommercio-provinciale-e-sindacati-un-accordo-anti-crisi\/","name":"Confcommercio provinciale e sindacati, un accordo anti-crisi - Bellunopress - Dolomiti","isPartOf":{"@id":"https:\/\/www.bellunopress.it\/#website"},"primaryImageOfPage":{"@id":"https:\/\/www.bellunopress.it\/2009\/06\/11\/confcommercio-provinciale-e-sindacati-un-accordo-anti-crisi\/#primaryimage"},"image":{"@id":"https:\/\/www.bellunopress.it\/2009\/06\/11\/confcommercio-provinciale-e-sindacati-un-accordo-anti-crisi\/#primaryimage"},"thumbnailUrl":"http:\/\/www.bellunopress.it\/wp-content\/uploads\/2009\/06\/firma-accordo-ascom-leggera.jpg","datePublished":"2009-06-11T10:56:50+00:00","breadcrumb":{"@id":"https:\/\/www.bellunopress.it\/2009\/06\/11\/confcommercio-provinciale-e-sindacati-un-accordo-anti-crisi\/#breadcrumb"},"inLanguage":"fr-FR","potentialAction":[{"@type":"ReadAction","target":["https:\/\/www.bellunopress.it\/2009\/06\/11\/confcommercio-provinciale-e-sindacati-un-accordo-anti-crisi\/"]}]},{"@type":"ImageObject","inLanguage":"fr-FR","@id":"https:\/\/www.bellunopress.it\/2009\/06\/11\/confcommercio-provinciale-e-sindacati-un-accordo-anti-crisi\/#primaryimage","url":"http:\/\/www.bellunopress.it\/wp-content\/uploads\/2009\/06\/firma-accordo-ascom-leggera.jpg","contentUrl":"http:\/\/www.bellunopress.it\/wp-content\/uploads\/2009\/06\/firma-accordo-ascom-leggera.jpg"},{"@type":"BreadcrumbList","@id":"https:\/\/www.bellunopress.it\/2009\/06\/11\/confcommercio-provinciale-e-sindacati-un-accordo-anti-crisi\/#breadcrumb","itemListElement":[{"@type":"ListItem","position":1,"name":"Home","item":"https:\/\/www.bellunopress.it\/"},{"@type":"ListItem","position":2,"name":"Confcommercio provinciale e sindacati, un accordo anti-crisi"}]},{"@type":"WebSite","@id":"https:\/\/www.bellunopress.it\/#website","url":"https:\/\/www.bellunopress.it\/","name":"Bellunopress - Dolomiti","description":"e-mail: redazione@bellunopress.it","publisher":{"@id":"https:\/\/www.bellunopress.it\/#organization"},"potentialAction":[{"@type":"SearchAction","target":{"@type":"EntryPoint","urlTemplate":"https:\/\/www.bellunopress.it\/?s={search_term_string}"},"query-input":{"@type":"PropertyValueSpecification","valueRequired":true,"valueName":"search_term_string"}}],"inLanguage":"fr-FR"},{"@type":"Organization","@id":"https:\/\/www.bellunopress.it\/#organization","name":"Bellunopress","url":"https:\/\/www.bellunopress.it\/","logo":{"@type":"ImageObject","inLanguage":"fr-FR","@id":"https:\/\/www.bellunopress.it\/#\/schema\/logo\/image\/","url":"https:\/\/www.bellunopress.it\/wp-content\/uploads\/2011\/05\/cropped-logo-bellunopress-.jpg","contentUrl":"https:\/\/www.bellunopress.it\/wp-content\/uploads\/2011\/05\/cropped-logo-bellunopress-.jpg","width":512,"height":512,"caption":"Bellunopress"},"image":{"@id":"https:\/\/www.bellunopress.it\/#\/schema\/logo\/image\/"},"sameAs":["https:\/\/www.facebook.com\/profile.php?id=100008943462799","https:\/\/x.com\/bellunopress","https:\/\/www.linkedin.com\/hp\/?dnr=JBzUWaJfMUw8vbXJJ2tVW5-I3jZKvC4wsoxE&amp;amp;amp;amp;amp;amp;trk=nav_responsive_tab_home","https:\/\/www.youtube.com\/channel\/UCxL0wu1uN0_3_7hGG0306cw"]},{"@type":"Person","@id":"https:\/\/www.bellunopress.it\/#\/schema\/person\/79bb06722b37ece1c03d3e94beb30d73","name":"r\u00e9daction","image":{"@type":"ImageObject","inLanguage":"fr-FR","@id":"https:\/\/secure.gravatar.com\/avatar\/37d968a2e67a6fd04c169c4bdef102d0bc5d31b2546345219e348575eb80e9a0?s=96&d=mm&r=g","url":"https:\/\/secure.gravatar.com\/avatar\/37d968a2e67a6fd04c169c4bdef102d0bc5d31b2546345219e348575eb80e9a0?s=96&d=mm&r=g","contentUrl":"https:\/\/secure.gravatar.com\/avatar\/37d968a2e67a6fd04c169c4bdef102d0bc5d31b2546345219e348575eb80e9a0?s=96&d=mm&r=g","caption":"redazione"},"sameAs":["http:\/\/www.bellunopress.it","https:\/\/x.com\/bellunopress"],"url":"https:\/\/www.bellunopress.it\/fr\/author\/redazione\/"}]}},"_links":{"self":[{"href":"https:\/\/www.bellunopress.it\/fr\/wp-json\/wp\/v2\/posts\/4722","targetHints":{"allow":["GET"]}}],"collection":[{"href":"https:\/\/www.bellunopress.it\/fr\/wp-json\/wp\/v2\/posts"}],"about":[{"href":"https:\/\/www.bellunopress.it\/fr\/wp-json\/wp\/v2\/types\/post"}],"author":[{"embeddable":true,"href":"https:\/\/www.bellunopress.it\/fr\/wp-json\/wp\/v2\/users\/2"}],"replies":[{"embeddable":true,"href":"https:\/\/www.bellunopress.it\/fr\/wp-json\/wp\/v2\/comments?post=4722"}],"version-history":[{"count":1,"href":"https:\/\/www.bellunopress.it\/fr\/wp-json\/wp\/v2\/posts\/4722\/revisions"}],"predecessor-version":[{"id":4725,"href":"https:\/\/www.bellunopress.it\/fr\/wp-json\/wp\/v2\/posts\/4722\/revisions\/4725"}],"wp:attachment":[{"href":"https:\/\/www.bellunopress.it\/fr\/wp-json\/wp\/v2\/media?parent=4722"}],"wp:term":[{"taxonomy":"category","embeddable":true,"href":"https:\/\/www.bellunopress.it\/fr\/wp-json\/wp\/v2\/categories?post=4722"},{"taxonomy":"post_tag","embeddable":true,"href":"https:\/\/www.bellunopress.it\/fr\/wp-json\/wp\/v2\/tags?post=4722"}],"curies":[{"name":"wp","href":"https:\/\/api.w.org\/{rel}","templated":true}]}}