{"id":47218,"date":"2013-03-01T21:41:49","date_gmt":"2013-03-01T20:41:49","guid":{"rendered":"http:\/\/www.bellunopress.it\/?p=47218"},"modified":"2013-03-01T21:41:49","modified_gmt":"2013-03-01T20:41:49","slug":"la-brigata-alpina-julia-in-partenza-per-lafghanistan","status":"publish","type":"post","link":"https:\/\/www.bellunopress.it\/fr\/2013\/03\/01\/la-brigata-alpina-julia-in-partenza-per-lafghanistan\/","title":{"rendered":"La Brigata alpina Julia in partenza per l\u2019Afghanistan"},"content":{"rendered":"<p><a href=\"http:\/\/www.bellunopress.it\/wp-content\/uploads\/2013\/03\/alpini-julia.jpg\"><img loading=\"lazy\" decoding=\"async\" class=\"alignleft size-full wp-image-47219\" alt=\"alpini julia\" src=\"http:\/\/www.bellunopress.it\/wp-content\/uploads\/2013\/03\/alpini-julia.jpg\" width=\"150\" height=\"150\" \/><\/a>Udine, 1 marzo 2013 &#8211; Il Capo di Stato Maggiore dell&#8217;Esercito, Generale di Corpo d&#8217;Armata Claudio Graziano, ha oggi salutato, presso la caserma \u201cPio Spaccamela\u201d di Udine, il personale della Brigata alpina \u201cJulia\u201d, di prossimo impiego in Afghanistan, nell\u2019ambito della missione ISAF (International Security Assistance Force).<\/p>\n<p>La cerimonia, cui hanno partecipato, tra gli altri, il Sindaco di Udine, Professor Furio Honsell, e il prefetto di Udine, Dott. Ivo Salemme, ha suggellato il forte legame tra le Istituzioni e l&#8217;Esercito e, in particolare, tra le autorit\u00e0 locali e la Brigata alpina Julia.<\/p>\n<p><a href=\"http:\/\/www.bellunopress.it\/wp-content\/uploads\/2010\/10\/afghanistan-280x186.jpg\"><img loading=\"lazy\" decoding=\"async\" class=\"alignleft size-full wp-image-19979\" alt=\"afghanistan-280x186\" src=\"http:\/\/www.bellunopress.it\/wp-content\/uploads\/2010\/10\/afghanistan-280x186.jpg\" width=\"280\" height=\"186\" \/><\/a>Dopo aver ricordato i caduti e augurato ai feriti in operazione, un pronto rientro nei ranghi dell&#8217;Esercito, il Generale Graziano ha voluto ringraziare familiari ed amici dei soldati che si apprestano a partire per l&#8217;Afghanistan \u201cperch\u00e9 so quanto sia difficile il distacco, seppur temporaneo dai propri cari\u201d. Rivolgendosi agli alpini della Brigata Julia, il Generale Graziano ha sottolineato come: \u201cvoi sarete impegnati in una missione complessa, in una situazione ancora fortemente instabile, in condizioni ambientali difficili, in una fase delicata e sensibile, il momento della transizione. La transizione \u00e8 la fase pi\u00f9 delicata di ogni missione, non \u00e8 il momento di abbassare la guardia, la massa della popolazione afghana vuole la transizione ma, indubbiamente, esiste una componente che combatte la stabilit\u00e0 e combatte ISAF. Il nostro compito \u00e8 garantire la prosecuzione di questo processo\u201d.<\/p>\n<p><a href=\"http:\/\/www.bellunopress.it\/wp-content\/uploads\/2010\/07\/7-alpini-afghanistan.jpg\"><img loading=\"lazy\" decoding=\"async\" class=\"alignleft size-full wp-image-17539\" alt=\"7-alpini-afghanistan\" src=\"http:\/\/www.bellunopress.it\/wp-content\/uploads\/2010\/07\/7-alpini-afghanistan.jpg\" width=\"270\" height=\"202\" \/><\/a>\u201cLa vostra \u00e8 una missione complessa\u201d, ha poi proseguito il Generale Graziano, \u201cdiplomatica, militare, umanitaria, di assistenza; in cui ogni singolo militare rappresenta il Paese e in cui un errore commesso da voi si riverbera su tutto il Teatro Afghano. Questa missione avviene in un momento particolare in cui la Forza Armata sta attraversando un periodo di ristrutturazione per contribuire ai sacrifici che l&#8217;Italia sta facendo e per ricambiare la fiducia e la stima che il Paese continua a tributarci\u201d.<\/p>\n<p>Rivolgendosi poi al Comandante dell\u2019unit\u00e0 alpina, il Capo di Stato Maggiore dell&#8217;Esercito ha evidenziato di aver: \u201c piena fiducia nel Generale Gamba che venti anni fa era mio comandante di compagnia in Mozambico, impegnato nell&#8217;operazione \u201cONUMOZ\u201d. Oggi lo vedo partire con serenit\u00e0, consapevole del suo ruolo e con la decisione e la determinazione di un comandante coraggioso\u201d.<\/p>\n<p>\u201cAlpini della Julia \u2013 prosegue il Gen. Graziano &#8211; partite consapevoli che l&#8217;Esercito e la nazione sono e saranno orgogliosamente al vostro fianco\u201d.<\/p>\n<p>Durante la cerimonia \u00e8 stata conferita la Croce d&#8217;argento al Merito dell&#8217;Esercito ed i gradi di primo maresciallo a Luca Barisonzi, ferito in un agguato terroristico in Afghanistan il 18 gennaio 2011 a Bala Murghab.<\/p>\n<p>La Brigata alpina Julia assumer\u00e0 la guida del Regional Command West, il Comando NATO a leadership italiana con base a HERAT, responsabile della regione occidentale dell\u2019Afghanistan, da cui dipenderanno circa 5500 militari di 10 diverse nazioni; di questi, oltre 3.000 sono i militari italiani appartenenti all\u2019Esercito e ad altre Forze Armate e Corpi dello Stato.<\/p>\n<p>Per il Comando Brigata alpina Julia, una delle Unit\u00e0 di punta dell\u2019Esercito Italiano, si tratta della sesta missione fuori area, la terza in Afghanistan.<\/p>\n<p>Vent\u2019anni di missione per gli alpini, quest\u2019anno infatti ricorre il ventennale della partecipazione alla missione \u201cONUMOZ\u201d, in Mozambico dove, nell\u2019ottobre del 1993, la Brigata Julia assunse la responsabilit\u00e0 del Contingente italiano avvicendando i \u201cgemelli\u201d della Brigata Taurinense. Anche in quest\u2019occasione, in Afghanistan, le due brigate si passeranno vicendevolmente il testimone.<\/p>\n<p>&nbsp;<\/p>","protected":false},"excerpt":{"rendered":"<p>Udine, 1 marzo 2013 &#8211; Il Capo di Stato Maggiore dell&#8217;Esercito, Generale di Corpo d&#8217;Armata Claudio Graziano, ha oggi salutato, presso la caserma \u201cPio Spaccamela\u201d di Udine, il personale della Brigata alpina \u201cJulia\u201d, di prossimo impiego in Afghanistan, nell\u2019ambito della missione ISAF (International Security Assistance Force). La cerimonia, cui hanno partecipato, tra gli altri, il [&hellip;]<\/p>\n","protected":false},"author":2,"featured_media":0,"comment_status":"closed","ping_status":"open","sticky":false,"template":"","format":"standard","meta":{"footnotes":""},"categories":[5,26],"tags":[],"class_list":["post-47218","post","type-post","status-publish","format-standard","category-cronaca","category-prima-pagina"],"yoast_head":"<!-- This site is optimized with the Yoast SEO plugin v28.4 - https:\/\/yoast.com\/product\/yoast-seo-wordpress\/ -->\n<title>La Brigata alpina Julia in partenza per l\u2019Afghanistan - Bellunopress - Dolomiti<\/title>\n<meta name=\"robots\" content=\"index, follow, max-snippet:-1, max-image-preview:large, max-video-preview:-1\" \/>\n<link rel=\"canonical\" href=\"https:\/\/www.bellunopress.it\/fr\/2013\/03\/01\/la-brigata-alpina-julia-in-partenza-per-lafghanistan\/\" \/>\n<meta property=\"og:locale\" content=\"fr_FR\" \/>\n<meta property=\"og:type\" content=\"article\" \/>\n<meta property=\"og:title\" content=\"La Brigata alpina Julia in partenza per l\u2019Afghanistan - Bellunopress - Dolomiti\" \/>\n<meta property=\"og:description\" content=\"Udine, 1 marzo 2013 &#8211; Il Capo di Stato Maggiore dell&#8217;Esercito, Generale di Corpo d&#8217;Armata Claudio Graziano, ha oggi salutato, presso la caserma \u201cPio Spaccamela\u201d di Udine, il personale della Brigata alpina \u201cJulia\u201d, di prossimo impiego in Afghanistan, nell\u2019ambito della missione ISAF (International Security Assistance Force). La cerimonia, cui hanno partecipato, tra gli altri, il [&hellip;]\" \/>\n<meta property=\"og:url\" content=\"https:\/\/www.bellunopress.it\/fr\/2013\/03\/01\/la-brigata-alpina-julia-in-partenza-per-lafghanistan\/\" \/>\n<meta property=\"og:site_name\" content=\"Bellunopress - Dolomiti\" \/>\n<meta property=\"article:publisher\" content=\"https:\/\/www.facebook.com\/profile.php?id=100008943462799\" \/>\n<meta property=\"article:published_time\" content=\"2013-03-01T20:41:49+00:00\" \/>\n<meta property=\"og:image\" content=\"http:\/\/www.bellunopress.it\/wp-content\/uploads\/2013\/03\/alpini-julia.jpg\" \/>\n<meta name=\"author\" content=\"redazione\" \/>\n<meta name=\"twitter:card\" content=\"summary_large_image\" \/>\n<meta name=\"twitter:creator\" content=\"@bellunopress\" \/>\n<meta name=\"twitter:site\" content=\"@bellunopress\" \/>\n<meta name=\"twitter:label1\" content=\"Written by\" \/>\n\t<meta name=\"twitter:data1\" content=\"redazione\" \/>\n\t<meta name=\"twitter:label2\" content=\"Est. reading time\" \/>\n\t<meta name=\"twitter:data2\" content=\"3 minutes\" \/>\n<script type=\"application\/ld+json\" class=\"yoast-schema-graph\">{\"@context\":\"https:\\\/\\\/schema.org\",\"@graph\":[{\"@type\":\"Article\",\"@id\":\"https:\\\/\\\/www.bellunopress.it\\\/2013\\\/03\\\/01\\\/la-brigata-alpina-julia-in-partenza-per-lafghanistan\\\/#article\",\"isPartOf\":{\"@id\":\"https:\\\/\\\/www.bellunopress.it\\\/2013\\\/03\\\/01\\\/la-brigata-alpina-julia-in-partenza-per-lafghanistan\\\/\"},\"author\":{\"name\":\"redazione\",\"@id\":\"https:\\\/\\\/www.bellunopress.it\\\/#\\\/schema\\\/person\\\/79bb06722b37ece1c03d3e94beb30d73\"},\"headline\":\"La Brigata alpina Julia in partenza per l\u2019Afghanistan\",\"datePublished\":\"2013-03-01T20:41:49+00:00\",\"mainEntityOfPage\":{\"@id\":\"https:\\\/\\\/www.bellunopress.it\\\/2013\\\/03\\\/01\\\/la-brigata-alpina-julia-in-partenza-per-lafghanistan\\\/\"},\"wordCount\":564,\"publisher\":{\"@id\":\"https:\\\/\\\/www.bellunopress.it\\\/#organization\"},\"image\":{\"@id\":\"https:\\\/\\\/www.bellunopress.it\\\/2013\\\/03\\\/01\\\/la-brigata-alpina-julia-in-partenza-per-lafghanistan\\\/#primaryimage\"},\"thumbnailUrl\":\"http:\\\/\\\/www.bellunopress.it\\\/wp-content\\\/uploads\\\/2013\\\/03\\\/alpini-julia.jpg\",\"articleSection\":[\"Cronaca\\\/Politica\",\"Prima Pagina\"],\"inLanguage\":\"fr-FR\"},{\"@type\":\"WebPage\",\"@id\":\"https:\\\/\\\/www.bellunopress.it\\\/2013\\\/03\\\/01\\\/la-brigata-alpina-julia-in-partenza-per-lafghanistan\\\/\",\"url\":\"https:\\\/\\\/www.bellunopress.it\\\/2013\\\/03\\\/01\\\/la-brigata-alpina-julia-in-partenza-per-lafghanistan\\\/\",\"name\":\"La Brigata alpina Julia in partenza per l\u2019Afghanistan - Bellunopress - Dolomiti\",\"isPartOf\":{\"@id\":\"https:\\\/\\\/www.bellunopress.it\\\/#website\"},\"primaryImageOfPage\":{\"@id\":\"https:\\\/\\\/www.bellunopress.it\\\/2013\\\/03\\\/01\\\/la-brigata-alpina-julia-in-partenza-per-lafghanistan\\\/#primaryimage\"},\"image\":{\"@id\":\"https:\\\/\\\/www.bellunopress.it\\\/2013\\\/03\\\/01\\\/la-brigata-alpina-julia-in-partenza-per-lafghanistan\\\/#primaryimage\"},\"thumbnailUrl\":\"http:\\\/\\\/www.bellunopress.it\\\/wp-content\\\/uploads\\\/2013\\\/03\\\/alpini-julia.jpg\",\"datePublished\":\"2013-03-01T20:41:49+00:00\",\"breadcrumb\":{\"@id\":\"https:\\\/\\\/www.bellunopress.it\\\/2013\\\/03\\\/01\\\/la-brigata-alpina-julia-in-partenza-per-lafghanistan\\\/#breadcrumb\"},\"inLanguage\":\"fr-FR\",\"potentialAction\":[{\"@type\":\"ReadAction\",\"target\":[\"https:\\\/\\\/www.bellunopress.it\\\/2013\\\/03\\\/01\\\/la-brigata-alpina-julia-in-partenza-per-lafghanistan\\\/\"]}]},{\"@type\":\"ImageObject\",\"inLanguage\":\"fr-FR\",\"@id\":\"https:\\\/\\\/www.bellunopress.it\\\/2013\\\/03\\\/01\\\/la-brigata-alpina-julia-in-partenza-per-lafghanistan\\\/#primaryimage\",\"url\":\"http:\\\/\\\/www.bellunopress.it\\\/wp-content\\\/uploads\\\/2013\\\/03\\\/alpini-julia.jpg\",\"contentUrl\":\"http:\\\/\\\/www.bellunopress.it\\\/wp-content\\\/uploads\\\/2013\\\/03\\\/alpini-julia.jpg\"},{\"@type\":\"BreadcrumbList\",\"@id\":\"https:\\\/\\\/www.bellunopress.it\\\/2013\\\/03\\\/01\\\/la-brigata-alpina-julia-in-partenza-per-lafghanistan\\\/#breadcrumb\",\"itemListElement\":[{\"@type\":\"ListItem\",\"position\":1,\"name\":\"Home\",\"item\":\"https:\\\/\\\/www.bellunopress.it\\\/\"},{\"@type\":\"ListItem\",\"position\":2,\"name\":\"La Brigata alpina Julia in partenza per l\u2019Afghanistan\"}]},{\"@type\":\"WebSite\",\"@id\":\"https:\\\/\\\/www.bellunopress.it\\\/#website\",\"url\":\"https:\\\/\\\/www.bellunopress.it\\\/\",\"name\":\"Bellunopress - Dolomiti\",\"description\":\"e-mail: redazione@bellunopress.it\",\"publisher\":{\"@id\":\"https:\\\/\\\/www.bellunopress.it\\\/#organization\"},\"potentialAction\":[{\"@type\":\"SearchAction\",\"target\":{\"@type\":\"EntryPoint\",\"urlTemplate\":\"https:\\\/\\\/www.bellunopress.it\\\/?s={search_term_string}\"},\"query-input\":{\"@type\":\"PropertyValueSpecification\",\"valueRequired\":true,\"valueName\":\"search_term_string\"}}],\"inLanguage\":\"fr-FR\"},{\"@type\":\"Organization\",\"@id\":\"https:\\\/\\\/www.bellunopress.it\\\/#organization\",\"name\":\"Bellunopress\",\"url\":\"https:\\\/\\\/www.bellunopress.it\\\/\",\"logo\":{\"@type\":\"ImageObject\",\"inLanguage\":\"fr-FR\",\"@id\":\"https:\\\/\\\/www.bellunopress.it\\\/#\\\/schema\\\/logo\\\/image\\\/\",\"url\":\"https:\\\/\\\/www.bellunopress.it\\\/wp-content\\\/uploads\\\/2011\\\/05\\\/cropped-logo-bellunopress-.jpg\",\"contentUrl\":\"https:\\\/\\\/www.bellunopress.it\\\/wp-content\\\/uploads\\\/2011\\\/05\\\/cropped-logo-bellunopress-.jpg\",\"width\":512,\"height\":512,\"caption\":\"Bellunopress\"},\"image\":{\"@id\":\"https:\\\/\\\/www.bellunopress.it\\\/#\\\/schema\\\/logo\\\/image\\\/\"},\"sameAs\":[\"https:\\\/\\\/www.facebook.com\\\/profile.php?id=100008943462799\",\"https:\\\/\\\/x.com\\\/bellunopress\",\"https:\\\/\\\/www.linkedin.com\\\/hp\\\/?dnr=JBzUWaJfMUw8vbXJJ2tVW5-I3jZKvC4wsoxE&amp;amp;amp;amp;amp;amp;trk=nav_responsive_tab_home\",\"https:\\\/\\\/www.youtube.com\\\/channel\\\/UCxL0wu1uN0_3_7hGG0306cw\"]},{\"@type\":\"Person\",\"@id\":\"https:\\\/\\\/www.bellunopress.it\\\/#\\\/schema\\\/person\\\/79bb06722b37ece1c03d3e94beb30d73\",\"name\":\"redazione\",\"image\":{\"@type\":\"ImageObject\",\"inLanguage\":\"fr-FR\",\"@id\":\"https:\\\/\\\/secure.gravatar.com\\\/avatar\\\/37d968a2e67a6fd04c169c4bdef102d0bc5d31b2546345219e348575eb80e9a0?s=96&d=mm&r=g\",\"url\":\"https:\\\/\\\/secure.gravatar.com\\\/avatar\\\/37d968a2e67a6fd04c169c4bdef102d0bc5d31b2546345219e348575eb80e9a0?s=96&d=mm&r=g\",\"contentUrl\":\"https:\\\/\\\/secure.gravatar.com\\\/avatar\\\/37d968a2e67a6fd04c169c4bdef102d0bc5d31b2546345219e348575eb80e9a0?s=96&d=mm&r=g\",\"caption\":\"redazione\"},\"sameAs\":[\"http:\\\/\\\/www.bellunopress.it\",\"https:\\\/\\\/x.com\\\/bellunopress\"],\"url\":\"https:\\\/\\\/www.bellunopress.it\\\/fr\\\/author\\\/redazione\\\/\"}]}<\/script>\n<!-- \/ Yoast SEO plugin. -->","yoast_head_json":{"title":"La Brigata alpina Julia in partenza per l\u2019Afghanistan - Bellunopress - Dolomiti","robots":{"index":"index","follow":"follow","max-snippet":"max-snippet:-1","max-image-preview":"max-image-preview:large","max-video-preview":"max-video-preview:-1"},"canonical":"https:\/\/www.bellunopress.it\/fr\/2013\/03\/01\/la-brigata-alpina-julia-in-partenza-per-lafghanistan\/","og_locale":"fr_FR","og_type":"article","og_title":"La Brigata alpina Julia in partenza per l\u2019Afghanistan - Bellunopress - Dolomiti","og_description":"Udine, 1 marzo 2013 &#8211; Il Capo di Stato Maggiore dell&#8217;Esercito, Generale di Corpo d&#8217;Armata Claudio Graziano, ha oggi salutato, presso la caserma \u201cPio Spaccamela\u201d di Udine, il personale della Brigata alpina \u201cJulia\u201d, di prossimo impiego in Afghanistan, nell\u2019ambito della missione ISAF (International Security Assistance Force). La cerimonia, cui hanno partecipato, tra gli altri, il [&hellip;]","og_url":"https:\/\/www.bellunopress.it\/fr\/2013\/03\/01\/la-brigata-alpina-julia-in-partenza-per-lafghanistan\/","og_site_name":"Bellunopress - Dolomiti","article_publisher":"https:\/\/www.facebook.com\/profile.php?id=100008943462799","article_published_time":"2013-03-01T20:41:49+00:00","og_image":[{"url":"http:\/\/www.bellunopress.it\/wp-content\/uploads\/2013\/03\/alpini-julia.jpg","type":"","width":"","height":""}],"author":"redazione","twitter_card":"summary_large_image","twitter_creator":"@bellunopress","twitter_site":"@bellunopress","twitter_misc":{"Written by":"redazione","Est. reading time":"3 minutes"},"schema":{"@context":"https:\/\/schema.org","@graph":[{"@type":"Article","@id":"https:\/\/www.bellunopress.it\/2013\/03\/01\/la-brigata-alpina-julia-in-partenza-per-lafghanistan\/#article","isPartOf":{"@id":"https:\/\/www.bellunopress.it\/2013\/03\/01\/la-brigata-alpina-julia-in-partenza-per-lafghanistan\/"},"author":{"name":"redazione","@id":"https:\/\/www.bellunopress.it\/#\/schema\/person\/79bb06722b37ece1c03d3e94beb30d73"},"headline":"La Brigata alpina Julia in partenza per l\u2019Afghanistan","datePublished":"2013-03-01T20:41:49+00:00","mainEntityOfPage":{"@id":"https:\/\/www.bellunopress.it\/2013\/03\/01\/la-brigata-alpina-julia-in-partenza-per-lafghanistan\/"},"wordCount":564,"publisher":{"@id":"https:\/\/www.bellunopress.it\/#organization"},"image":{"@id":"https:\/\/www.bellunopress.it\/2013\/03\/01\/la-brigata-alpina-julia-in-partenza-per-lafghanistan\/#primaryimage"},"thumbnailUrl":"http:\/\/www.bellunopress.it\/wp-content\/uploads\/2013\/03\/alpini-julia.jpg","articleSection":["Cronaca\/Politica","Prima Pagina"],"inLanguage":"fr-FR"},{"@type":"WebPage","@id":"https:\/\/www.bellunopress.it\/2013\/03\/01\/la-brigata-alpina-julia-in-partenza-per-lafghanistan\/","url":"https:\/\/www.bellunopress.it\/2013\/03\/01\/la-brigata-alpina-julia-in-partenza-per-lafghanistan\/","name":"La Brigata alpina Julia in partenza per l\u2019Afghanistan - Bellunopress - Dolomiti","isPartOf":{"@id":"https:\/\/www.bellunopress.it\/#website"},"primaryImageOfPage":{"@id":"https:\/\/www.bellunopress.it\/2013\/03\/01\/la-brigata-alpina-julia-in-partenza-per-lafghanistan\/#primaryimage"},"image":{"@id":"https:\/\/www.bellunopress.it\/2013\/03\/01\/la-brigata-alpina-julia-in-partenza-per-lafghanistan\/#primaryimage"},"thumbnailUrl":"http:\/\/www.bellunopress.it\/wp-content\/uploads\/2013\/03\/alpini-julia.jpg","datePublished":"2013-03-01T20:41:49+00:00","breadcrumb":{"@id":"https:\/\/www.bellunopress.it\/2013\/03\/01\/la-brigata-alpina-julia-in-partenza-per-lafghanistan\/#breadcrumb"},"inLanguage":"fr-FR","potentialAction":[{"@type":"ReadAction","target":["https:\/\/www.bellunopress.it\/2013\/03\/01\/la-brigata-alpina-julia-in-partenza-per-lafghanistan\/"]}]},{"@type":"ImageObject","inLanguage":"fr-FR","@id":"https:\/\/www.bellunopress.it\/2013\/03\/01\/la-brigata-alpina-julia-in-partenza-per-lafghanistan\/#primaryimage","url":"http:\/\/www.bellunopress.it\/wp-content\/uploads\/2013\/03\/alpini-julia.jpg","contentUrl":"http:\/\/www.bellunopress.it\/wp-content\/uploads\/2013\/03\/alpini-julia.jpg"},{"@type":"BreadcrumbList","@id":"https:\/\/www.bellunopress.it\/2013\/03\/01\/la-brigata-alpina-julia-in-partenza-per-lafghanistan\/#breadcrumb","itemListElement":[{"@type":"ListItem","position":1,"name":"Home","item":"https:\/\/www.bellunopress.it\/"},{"@type":"ListItem","position":2,"name":"La Brigata alpina Julia in partenza per l\u2019Afghanistan"}]},{"@type":"WebSite","@id":"https:\/\/www.bellunopress.it\/#website","url":"https:\/\/www.bellunopress.it\/","name":"Bellunopress - Dolomiti","description":"e-mail: redazione@bellunopress.it","publisher":{"@id":"https:\/\/www.bellunopress.it\/#organization"},"potentialAction":[{"@type":"SearchAction","target":{"@type":"EntryPoint","urlTemplate":"https:\/\/www.bellunopress.it\/?s={search_term_string}"},"query-input":{"@type":"PropertyValueSpecification","valueRequired":true,"valueName":"search_term_string"}}],"inLanguage":"fr-FR"},{"@type":"Organization","@id":"https:\/\/www.bellunopress.it\/#organization","name":"Bellunopress","url":"https:\/\/www.bellunopress.it\/","logo":{"@type":"ImageObject","inLanguage":"fr-FR","@id":"https:\/\/www.bellunopress.it\/#\/schema\/logo\/image\/","url":"https:\/\/www.bellunopress.it\/wp-content\/uploads\/2011\/05\/cropped-logo-bellunopress-.jpg","contentUrl":"https:\/\/www.bellunopress.it\/wp-content\/uploads\/2011\/05\/cropped-logo-bellunopress-.jpg","width":512,"height":512,"caption":"Bellunopress"},"image":{"@id":"https:\/\/www.bellunopress.it\/#\/schema\/logo\/image\/"},"sameAs":["https:\/\/www.facebook.com\/profile.php?id=100008943462799","https:\/\/x.com\/bellunopress","https:\/\/www.linkedin.com\/hp\/?dnr=JBzUWaJfMUw8vbXJJ2tVW5-I3jZKvC4wsoxE&amp;amp;amp;amp;amp;amp;trk=nav_responsive_tab_home","https:\/\/www.youtube.com\/channel\/UCxL0wu1uN0_3_7hGG0306cw"]},{"@type":"Person","@id":"https:\/\/www.bellunopress.it\/#\/schema\/person\/79bb06722b37ece1c03d3e94beb30d73","name":"r\u00e9daction","image":{"@type":"ImageObject","inLanguage":"fr-FR","@id":"https:\/\/secure.gravatar.com\/avatar\/37d968a2e67a6fd04c169c4bdef102d0bc5d31b2546345219e348575eb80e9a0?s=96&d=mm&r=g","url":"https:\/\/secure.gravatar.com\/avatar\/37d968a2e67a6fd04c169c4bdef102d0bc5d31b2546345219e348575eb80e9a0?s=96&d=mm&r=g","contentUrl":"https:\/\/secure.gravatar.com\/avatar\/37d968a2e67a6fd04c169c4bdef102d0bc5d31b2546345219e348575eb80e9a0?s=96&d=mm&r=g","caption":"redazione"},"sameAs":["http:\/\/www.bellunopress.it","https:\/\/x.com\/bellunopress"],"url":"https:\/\/www.bellunopress.it\/fr\/author\/redazione\/"}]}},"_links":{"self":[{"href":"https:\/\/www.bellunopress.it\/fr\/wp-json\/wp\/v2\/posts\/47218","targetHints":{"allow":["GET"]}}],"collection":[{"href":"https:\/\/www.bellunopress.it\/fr\/wp-json\/wp\/v2\/posts"}],"about":[{"href":"https:\/\/www.bellunopress.it\/fr\/wp-json\/wp\/v2\/types\/post"}],"author":[{"embeddable":true,"href":"https:\/\/www.bellunopress.it\/fr\/wp-json\/wp\/v2\/users\/2"}],"replies":[{"embeddable":true,"href":"https:\/\/www.bellunopress.it\/fr\/wp-json\/wp\/v2\/comments?post=47218"}],"version-history":[{"count":1,"href":"https:\/\/www.bellunopress.it\/fr\/wp-json\/wp\/v2\/posts\/47218\/revisions"}],"predecessor-version":[{"id":47220,"href":"https:\/\/www.bellunopress.it\/fr\/wp-json\/wp\/v2\/posts\/47218\/revisions\/47220"}],"wp:attachment":[{"href":"https:\/\/www.bellunopress.it\/fr\/wp-json\/wp\/v2\/media?parent=47218"}],"wp:term":[{"taxonomy":"category","embeddable":true,"href":"https:\/\/www.bellunopress.it\/fr\/wp-json\/wp\/v2\/categories?post=47218"},{"taxonomy":"post_tag","embeddable":true,"href":"https:\/\/www.bellunopress.it\/fr\/wp-json\/wp\/v2\/tags?post=47218"}],"curies":[{"name":"wp","href":"https:\/\/api.w.org\/{rel}","templated":true}]}}