{"id":47214,"date":"2013-03-01T21:11:07","date_gmt":"2013-03-01T20:11:07","guid":{"rendered":"http:\/\/www.bellunopress.it\/?p=47214"},"modified":"2013-03-01T21:11:07","modified_gmt":"2013-03-01T20:11:07","slug":"50-sotto-il-segno-della-sobrieta-e-della-forza-del-messaggio-gia-avviate-le-iniziative-dei-comuni-del-vajont","status":"publish","type":"post","link":"https:\/\/www.bellunopress.it\/fr\/2013\/03\/01\/50-sotto-il-segno-della-sobrieta-e-della-forza-del-messaggio-gia-avviate-le-iniziative-dei-comuni-del-vajont\/","title":{"rendered":"50\u00b0 sotto il segno della sobriet\u00e0 e della forza del messaggio. Gi\u00e0 avviate le iniziative dei Comuni del Vajont"},"content":{"rendered":"<p><a href=\"http:\/\/www.bellunopress.it\/wp-content\/uploads\/2013\/03\/vajont.jpg\"><img loading=\"lazy\" decoding=\"async\" class=\"alignleft size-full wp-image-47215\" alt=\"vajont\" src=\"http:\/\/www.bellunopress.it\/wp-content\/uploads\/2013\/03\/vajont.jpg\" width=\"70\" height=\"180\" \/><\/a>\u201cSgombriamo il campo da fantasie e demagogici atteggiamenti che possono inquinare l\u2019impegno delle nostre comunit\u00e0 a lasciare un segno profondo, sotto l\u2019egida del Vajont, nella memoria delle nuove generazioni . Le nostre amministrazioni privilegeranno la sostanza e la profondit\u00e0 del messaggio, rispetto al valore estetico, nell\u2019approvare le iniziative che da ogni dove arrivano sui nostri tavoli caratterizzate da tanta sensibilit\u00e0 da parte di quanti propongono iniziative e idee da sviluppare per celebrare i cinquant\u2019anni dal 1963\u201d<\/p>\n<p>Lo affermano\u00a0Roberto Padrin Presidente Fondazione Vajont e Sindaco di Longarone,\u00a0Franco Roccon Sindaco di Castellavazzo,\u00a0Luciano Pezzin Sindaco di Erto e Casso e Felice Manarin Sindaco di Vajont, nel rispondere\u00a0a quanti temono che la ricorrenza possa rappresentare una fonte di spesa eccessiva in un momento congiunturale particolarmente difficile.<\/p>\n<p>\u201cAl di l\u00e0 che la spesa degli enti locali \u00e8 gi\u00e0 oggi fortemente vincolata dai limiti del cosiddetto patto di stabilit\u00e0 desideriamo rassicurare i nostri cittadini che le spese per le celebrazioni saranno improntate su trasparenza e sobriet\u00e0 e per questo, in nostro aiuto, arrivano molte proposte sostenute dagli stessi propositori o sostenibili a costi limitati e rappresenteranno elemento di selezione fondamentale gli aspetti di merito rispetto alla coerenza e alla forza del messaggio, del monito da perorare e trasmettere\u201d a detta di Roberto Padrin, Franco Roccon, Luciano Pezzin e Felice Manarin, i sindaci dei Comuni del Vajont.<\/p>\n<p>Sono infatti un centinaio, oltre a quelle programmate specificatamente dalle amministrazioni locali, che rappresenteranno la struttura del calendario celebrativo, le iniziative proposte per le celebrazioni del cinquantesimo e il programma di lavoro che i Sindaci e le Commissioni individuate si sono dati \u00e8 impostato su criteri alternativi rispetto a precedenti occasioni e situazioni analoghe. In questo caso non sono i Comuni a proporre, ma bens\u00ec a selezionare sulla base di elementi di valore e di merito, perch\u00e9 essendo tanti non pare possibile accoglierli tutti, per ragioni non solo finanziarie ma anche di tempi e logistica.<\/p>\n<p>Cos\u00ec sono state individuate quattro linee di indirizzo entro le quali collocare le iniziative, che prevedono un metodo di lavoro veramente alternativo e innovativo rispetto ad altre occasioni. Infatti i Comuni non avranno necessit\u00e0 di stilare un programma, ma fare regia delle proposte giunte sui loro tavoli, cos\u00ec da collocarli organicamente nel programma celebrativo. Questo ha comportato una selezione difficile perch\u00e9 ne consegue l\u2019esclusione di molte iniziative e talune veramente meritevoli, ma non essendo possibile accoglierle tutte verr\u00e0 proposto lo svolgimento in altro periodo, magari in occasione delle prossime ricorrenze.<\/p>\n<p>Queste le linee di indirizzo della programmazione: rievocativa, culturale, ringraziamento e di prospettiva.<\/p>\n<p>\u201cAttraverso questi segmenti l\u2019intento delle amministrazioni locali \u00e8 quello di segnare la \u201cmemoria\u201d con il ricorso alla rilettura della storia per non dimenticare, con eventi culturali e sportivi di significato umano interiore e capaci di permeare le nuove generazioni, con il ringraziamento verso la solidariet\u00e0 espressa e con progetti mirati a collocare nel futuro, le nostre comunit\u00e0, fuori pericolo da aggressioni sociali, ambientali e soprattutto da iniziative speculative dell\u2019uomo\u201d concludono i Sindaci.<\/p>\n<p>&nbsp;<\/p>\n<p>&nbsp;<\/p>\n<p>&nbsp;<\/p>","protected":false},"excerpt":{"rendered":"<p>\u201cSgombriamo il campo da fantasie e demagogici atteggiamenti che possono inquinare l\u2019impegno delle nostre comunit\u00e0 a lasciare un segno profondo, sotto l\u2019egida del Vajont, nella memoria delle nuove generazioni . Le nostre amministrazioni privilegeranno la sostanza e la profondit\u00e0 del messaggio, rispetto al valore estetico, nell\u2019approvare le iniziative che da ogni dove arrivano sui nostri [&hellip;]<\/p>\n","protected":false},"author":2,"featured_media":0,"comment_status":"closed","ping_status":"open","sticky":false,"template":"","format":"standard","meta":{"footnotes":""},"categories":[5,26],"tags":[],"class_list":["post-47214","post","type-post","status-publish","format-standard","category-cronaca","category-prima-pagina"],"yoast_head":"<!-- This site is optimized with the Yoast SEO plugin v28.4 - https:\/\/yoast.com\/product\/yoast-seo-wordpress\/ -->\n<title>50\u00b0 sotto il segno della sobriet\u00e0 e della forza del messaggio. Gi\u00e0 avviate le iniziative dei Comuni del Vajont   - Bellunopress - Dolomiti<\/title>\n<meta name=\"robots\" content=\"index, follow, max-snippet:-1, max-image-preview:large, max-video-preview:-1\" \/>\n<link rel=\"canonical\" href=\"https:\/\/www.bellunopress.it\/fr\/2013\/03\/01\/50-sotto-il-segno-della-sobrieta-e-della-forza-del-messaggio-gia-avviate-le-iniziative-dei-comuni-del-vajont\/\" \/>\n<meta property=\"og:locale\" content=\"fr_FR\" \/>\n<meta property=\"og:type\" content=\"article\" \/>\n<meta property=\"og:title\" content=\"50\u00b0 sotto il segno della sobriet\u00e0 e della forza del messaggio. Gi\u00e0 avviate le iniziative dei Comuni del Vajont   - Bellunopress - Dolomiti\" \/>\n<meta property=\"og:description\" content=\"\u201cSgombriamo il campo da fantasie e demagogici atteggiamenti che possono inquinare l\u2019impegno delle nostre comunit\u00e0 a lasciare un segno profondo, sotto l\u2019egida del Vajont, nella memoria delle nuove generazioni . Le nostre amministrazioni privilegeranno la sostanza e la profondit\u00e0 del messaggio, rispetto al valore estetico, nell\u2019approvare le iniziative che da ogni dove arrivano sui nostri [&hellip;]\" \/>\n<meta property=\"og:url\" content=\"https:\/\/www.bellunopress.it\/fr\/2013\/03\/01\/50-sotto-il-segno-della-sobrieta-e-della-forza-del-messaggio-gia-avviate-le-iniziative-dei-comuni-del-vajont\/\" \/>\n<meta property=\"og:site_name\" content=\"Bellunopress - Dolomiti\" \/>\n<meta property=\"article:publisher\" content=\"https:\/\/www.facebook.com\/profile.php?id=100008943462799\" \/>\n<meta property=\"article:published_time\" content=\"2013-03-01T20:11:07+00:00\" \/>\n<meta property=\"og:image\" content=\"http:\/\/www.bellunopress.it\/wp-content\/uploads\/2013\/03\/vajont.jpg\" \/>\n<meta name=\"author\" content=\"redazione\" \/>\n<meta name=\"twitter:card\" content=\"summary_large_image\" \/>\n<meta name=\"twitter:creator\" content=\"@bellunopress\" \/>\n<meta name=\"twitter:site\" content=\"@bellunopress\" \/>\n<meta name=\"twitter:label1\" content=\"\u00c9crit par\" \/>\n\t<meta name=\"twitter:data1\" content=\"redazione\" \/>\n\t<meta name=\"twitter:label2\" content=\"Dur\u00e9e de lecture estim\u00e9e\" \/>\n\t<meta name=\"twitter:data2\" content=\"2 minutes\" \/>\n<script type=\"application\/ld+json\" class=\"yoast-schema-graph\">{\"@context\":\"https:\\\/\\\/schema.org\",\"@graph\":[{\"@type\":\"Article\",\"@id\":\"https:\\\/\\\/www.bellunopress.it\\\/2013\\\/03\\\/01\\\/50-sotto-il-segno-della-sobrieta-e-della-forza-del-messaggio-gia-avviate-le-iniziative-dei-comuni-del-vajont\\\/#article\",\"isPartOf\":{\"@id\":\"https:\\\/\\\/www.bellunopress.it\\\/2013\\\/03\\\/01\\\/50-sotto-il-segno-della-sobrieta-e-della-forza-del-messaggio-gia-avviate-le-iniziative-dei-comuni-del-vajont\\\/\"},\"author\":{\"name\":\"redazione\",\"@id\":\"https:\\\/\\\/www.bellunopress.it\\\/#\\\/schema\\\/person\\\/79bb06722b37ece1c03d3e94beb30d73\"},\"headline\":\"50\u00b0 sotto il segno della sobriet\u00e0 e della forza del messaggio. Gi\u00e0 avviate le iniziative dei Comuni del Vajont\",\"datePublished\":\"2013-03-01T20:11:07+00:00\",\"mainEntityOfPage\":{\"@id\":\"https:\\\/\\\/www.bellunopress.it\\\/2013\\\/03\\\/01\\\/50-sotto-il-segno-della-sobrieta-e-della-forza-del-messaggio-gia-avviate-le-iniziative-dei-comuni-del-vajont\\\/\"},\"wordCount\":517,\"publisher\":{\"@id\":\"https:\\\/\\\/www.bellunopress.it\\\/#organization\"},\"image\":{\"@id\":\"https:\\\/\\\/www.bellunopress.it\\\/2013\\\/03\\\/01\\\/50-sotto-il-segno-della-sobrieta-e-della-forza-del-messaggio-gia-avviate-le-iniziative-dei-comuni-del-vajont\\\/#primaryimage\"},\"thumbnailUrl\":\"http:\\\/\\\/www.bellunopress.it\\\/wp-content\\\/uploads\\\/2013\\\/03\\\/vajont.jpg\",\"articleSection\":[\"Cronaca\\\/Politica\",\"Prima Pagina\"],\"inLanguage\":\"fr-FR\"},{\"@type\":\"WebPage\",\"@id\":\"https:\\\/\\\/www.bellunopress.it\\\/2013\\\/03\\\/01\\\/50-sotto-il-segno-della-sobrieta-e-della-forza-del-messaggio-gia-avviate-le-iniziative-dei-comuni-del-vajont\\\/\",\"url\":\"https:\\\/\\\/www.bellunopress.it\\\/2013\\\/03\\\/01\\\/50-sotto-il-segno-della-sobrieta-e-della-forza-del-messaggio-gia-avviate-le-iniziative-dei-comuni-del-vajont\\\/\",\"name\":\"50\u00b0 sotto il segno della sobriet\u00e0 e della forza del messaggio. Gi\u00e0 avviate le iniziative dei Comuni del Vajont - Bellunopress - Dolomiti\",\"isPartOf\":{\"@id\":\"https:\\\/\\\/www.bellunopress.it\\\/#website\"},\"primaryImageOfPage\":{\"@id\":\"https:\\\/\\\/www.bellunopress.it\\\/2013\\\/03\\\/01\\\/50-sotto-il-segno-della-sobrieta-e-della-forza-del-messaggio-gia-avviate-le-iniziative-dei-comuni-del-vajont\\\/#primaryimage\"},\"image\":{\"@id\":\"https:\\\/\\\/www.bellunopress.it\\\/2013\\\/03\\\/01\\\/50-sotto-il-segno-della-sobrieta-e-della-forza-del-messaggio-gia-avviate-le-iniziative-dei-comuni-del-vajont\\\/#primaryimage\"},\"thumbnailUrl\":\"http:\\\/\\\/www.bellunopress.it\\\/wp-content\\\/uploads\\\/2013\\\/03\\\/vajont.jpg\",\"datePublished\":\"2013-03-01T20:11:07+00:00\",\"breadcrumb\":{\"@id\":\"https:\\\/\\\/www.bellunopress.it\\\/2013\\\/03\\\/01\\\/50-sotto-il-segno-della-sobrieta-e-della-forza-del-messaggio-gia-avviate-le-iniziative-dei-comuni-del-vajont\\\/#breadcrumb\"},\"inLanguage\":\"fr-FR\",\"potentialAction\":[{\"@type\":\"ReadAction\",\"target\":[\"https:\\\/\\\/www.bellunopress.it\\\/2013\\\/03\\\/01\\\/50-sotto-il-segno-della-sobrieta-e-della-forza-del-messaggio-gia-avviate-le-iniziative-dei-comuni-del-vajont\\\/\"]}]},{\"@type\":\"ImageObject\",\"inLanguage\":\"fr-FR\",\"@id\":\"https:\\\/\\\/www.bellunopress.it\\\/2013\\\/03\\\/01\\\/50-sotto-il-segno-della-sobrieta-e-della-forza-del-messaggio-gia-avviate-le-iniziative-dei-comuni-del-vajont\\\/#primaryimage\",\"url\":\"http:\\\/\\\/www.bellunopress.it\\\/wp-content\\\/uploads\\\/2013\\\/03\\\/vajont.jpg\",\"contentUrl\":\"http:\\\/\\\/www.bellunopress.it\\\/wp-content\\\/uploads\\\/2013\\\/03\\\/vajont.jpg\"},{\"@type\":\"BreadcrumbList\",\"@id\":\"https:\\\/\\\/www.bellunopress.it\\\/2013\\\/03\\\/01\\\/50-sotto-il-segno-della-sobrieta-e-della-forza-del-messaggio-gia-avviate-le-iniziative-dei-comuni-del-vajont\\\/#breadcrumb\",\"itemListElement\":[{\"@type\":\"ListItem\",\"position\":1,\"name\":\"Home\",\"item\":\"https:\\\/\\\/www.bellunopress.it\\\/\"},{\"@type\":\"ListItem\",\"position\":2,\"name\":\"50\u00b0 sotto il segno della sobriet\u00e0 e della forza del messaggio. Gi\u00e0 avviate le iniziative dei Comuni del Vajont\"}]},{\"@type\":\"WebSite\",\"@id\":\"https:\\\/\\\/www.bellunopress.it\\\/#website\",\"url\":\"https:\\\/\\\/www.bellunopress.it\\\/\",\"name\":\"Bellunopress - Dolomiti\",\"description\":\"e-mail: redazione@bellunopress.it\",\"publisher\":{\"@id\":\"https:\\\/\\\/www.bellunopress.it\\\/#organization\"},\"potentialAction\":[{\"@type\":\"SearchAction\",\"target\":{\"@type\":\"EntryPoint\",\"urlTemplate\":\"https:\\\/\\\/www.bellunopress.it\\\/?s={search_term_string}\"},\"query-input\":{\"@type\":\"PropertyValueSpecification\",\"valueRequired\":true,\"valueName\":\"search_term_string\"}}],\"inLanguage\":\"fr-FR\"},{\"@type\":\"Organization\",\"@id\":\"https:\\\/\\\/www.bellunopress.it\\\/#organization\",\"name\":\"Bellunopress\",\"url\":\"https:\\\/\\\/www.bellunopress.it\\\/\",\"logo\":{\"@type\":\"ImageObject\",\"inLanguage\":\"fr-FR\",\"@id\":\"https:\\\/\\\/www.bellunopress.it\\\/#\\\/schema\\\/logo\\\/image\\\/\",\"url\":\"https:\\\/\\\/www.bellunopress.it\\\/wp-content\\\/uploads\\\/2011\\\/05\\\/cropped-logo-bellunopress-.jpg\",\"contentUrl\":\"https:\\\/\\\/www.bellunopress.it\\\/wp-content\\\/uploads\\\/2011\\\/05\\\/cropped-logo-bellunopress-.jpg\",\"width\":512,\"height\":512,\"caption\":\"Bellunopress\"},\"image\":{\"@id\":\"https:\\\/\\\/www.bellunopress.it\\\/#\\\/schema\\\/logo\\\/image\\\/\"},\"sameAs\":[\"https:\\\/\\\/www.facebook.com\\\/profile.php?id=100008943462799\",\"https:\\\/\\\/x.com\\\/bellunopress\",\"https:\\\/\\\/www.linkedin.com\\\/hp\\\/?dnr=JBzUWaJfMUw8vbXJJ2tVW5-I3jZKvC4wsoxE&amp;amp;amp;amp;amp;amp;trk=nav_responsive_tab_home\",\"https:\\\/\\\/www.youtube.com\\\/channel\\\/UCxL0wu1uN0_3_7hGG0306cw\"]},{\"@type\":\"Person\",\"@id\":\"https:\\\/\\\/www.bellunopress.it\\\/#\\\/schema\\\/person\\\/79bb06722b37ece1c03d3e94beb30d73\",\"name\":\"redazione\",\"image\":{\"@type\":\"ImageObject\",\"inLanguage\":\"fr-FR\",\"@id\":\"https:\\\/\\\/secure.gravatar.com\\\/avatar\\\/37d968a2e67a6fd04c169c4bdef102d0bc5d31b2546345219e348575eb80e9a0?s=96&d=mm&r=g\",\"url\":\"https:\\\/\\\/secure.gravatar.com\\\/avatar\\\/37d968a2e67a6fd04c169c4bdef102d0bc5d31b2546345219e348575eb80e9a0?s=96&d=mm&r=g\",\"contentUrl\":\"https:\\\/\\\/secure.gravatar.com\\\/avatar\\\/37d968a2e67a6fd04c169c4bdef102d0bc5d31b2546345219e348575eb80e9a0?s=96&d=mm&r=g\",\"caption\":\"redazione\"},\"sameAs\":[\"http:\\\/\\\/www.bellunopress.it\",\"https:\\\/\\\/x.com\\\/bellunopress\"],\"url\":\"https:\\\/\\\/www.bellunopress.it\\\/fr\\\/author\\\/redazione\\\/\"}]}<\/script>\n<!-- \/ Yoast SEO plugin. -->","yoast_head_json":{"title":"50\u00b0 sotto il segno della sobriet\u00e0 e della forza del messaggio. Gi\u00e0 avviate le iniziative dei Comuni del Vajont   - Bellunopress - Dolomiti","robots":{"index":"index","follow":"follow","max-snippet":"max-snippet:-1","max-image-preview":"max-image-preview:large","max-video-preview":"max-video-preview:-1"},"canonical":"https:\/\/www.bellunopress.it\/fr\/2013\/03\/01\/50-sotto-il-segno-della-sobrieta-e-della-forza-del-messaggio-gia-avviate-le-iniziative-dei-comuni-del-vajont\/","og_locale":"fr_FR","og_type":"article","og_title":"50\u00b0 sotto il segno della sobriet\u00e0 e della forza del messaggio. Gi\u00e0 avviate le iniziative dei Comuni del Vajont   - Bellunopress - Dolomiti","og_description":"\u201cSgombriamo il campo da fantasie e demagogici atteggiamenti che possono inquinare l\u2019impegno delle nostre comunit\u00e0 a lasciare un segno profondo, sotto l\u2019egida del Vajont, nella memoria delle nuove generazioni . Le nostre amministrazioni privilegeranno la sostanza e la profondit\u00e0 del messaggio, rispetto al valore estetico, nell\u2019approvare le iniziative che da ogni dove arrivano sui nostri [&hellip;]","og_url":"https:\/\/www.bellunopress.it\/fr\/2013\/03\/01\/50-sotto-il-segno-della-sobrieta-e-della-forza-del-messaggio-gia-avviate-le-iniziative-dei-comuni-del-vajont\/","og_site_name":"Bellunopress - Dolomiti","article_publisher":"https:\/\/www.facebook.com\/profile.php?id=100008943462799","article_published_time":"2013-03-01T20:11:07+00:00","og_image":[{"url":"http:\/\/www.bellunopress.it\/wp-content\/uploads\/2013\/03\/vajont.jpg","type":"","width":"","height":""}],"author":"redazione","twitter_card":"summary_large_image","twitter_creator":"@bellunopress","twitter_site":"@bellunopress","twitter_misc":{"\u00c9crit par":"redazione","Dur\u00e9e de lecture estim\u00e9e":"2 minutes"},"schema":{"@context":"https:\/\/schema.org","@graph":[{"@type":"Article","@id":"https:\/\/www.bellunopress.it\/2013\/03\/01\/50-sotto-il-segno-della-sobrieta-e-della-forza-del-messaggio-gia-avviate-le-iniziative-dei-comuni-del-vajont\/#article","isPartOf":{"@id":"https:\/\/www.bellunopress.it\/2013\/03\/01\/50-sotto-il-segno-della-sobrieta-e-della-forza-del-messaggio-gia-avviate-le-iniziative-dei-comuni-del-vajont\/"},"author":{"name":"redazione","@id":"https:\/\/www.bellunopress.it\/#\/schema\/person\/79bb06722b37ece1c03d3e94beb30d73"},"headline":"50\u00b0 sotto il segno della sobriet\u00e0 e della forza del messaggio. Gi\u00e0 avviate le iniziative dei Comuni del Vajont","datePublished":"2013-03-01T20:11:07+00:00","mainEntityOfPage":{"@id":"https:\/\/www.bellunopress.it\/2013\/03\/01\/50-sotto-il-segno-della-sobrieta-e-della-forza-del-messaggio-gia-avviate-le-iniziative-dei-comuni-del-vajont\/"},"wordCount":517,"publisher":{"@id":"https:\/\/www.bellunopress.it\/#organization"},"image":{"@id":"https:\/\/www.bellunopress.it\/2013\/03\/01\/50-sotto-il-segno-della-sobrieta-e-della-forza-del-messaggio-gia-avviate-le-iniziative-dei-comuni-del-vajont\/#primaryimage"},"thumbnailUrl":"http:\/\/www.bellunopress.it\/wp-content\/uploads\/2013\/03\/vajont.jpg","articleSection":["Cronaca\/Politica","Prima Pagina"],"inLanguage":"fr-FR"},{"@type":"WebPage","@id":"https:\/\/www.bellunopress.it\/2013\/03\/01\/50-sotto-il-segno-della-sobrieta-e-della-forza-del-messaggio-gia-avviate-le-iniziative-dei-comuni-del-vajont\/","url":"https:\/\/www.bellunopress.it\/2013\/03\/01\/50-sotto-il-segno-della-sobrieta-e-della-forza-del-messaggio-gia-avviate-le-iniziative-dei-comuni-del-vajont\/","name":"50\u00b0 sotto il segno della sobriet\u00e0 e della forza del messaggio. Gi\u00e0 avviate le iniziative dei Comuni del Vajont - Bellunopress - Dolomiti","isPartOf":{"@id":"https:\/\/www.bellunopress.it\/#website"},"primaryImageOfPage":{"@id":"https:\/\/www.bellunopress.it\/2013\/03\/01\/50-sotto-il-segno-della-sobrieta-e-della-forza-del-messaggio-gia-avviate-le-iniziative-dei-comuni-del-vajont\/#primaryimage"},"image":{"@id":"https:\/\/www.bellunopress.it\/2013\/03\/01\/50-sotto-il-segno-della-sobrieta-e-della-forza-del-messaggio-gia-avviate-le-iniziative-dei-comuni-del-vajont\/#primaryimage"},"thumbnailUrl":"http:\/\/www.bellunopress.it\/wp-content\/uploads\/2013\/03\/vajont.jpg","datePublished":"2013-03-01T20:11:07+00:00","breadcrumb":{"@id":"https:\/\/www.bellunopress.it\/2013\/03\/01\/50-sotto-il-segno-della-sobrieta-e-della-forza-del-messaggio-gia-avviate-le-iniziative-dei-comuni-del-vajont\/#breadcrumb"},"inLanguage":"fr-FR","potentialAction":[{"@type":"ReadAction","target":["https:\/\/www.bellunopress.it\/2013\/03\/01\/50-sotto-il-segno-della-sobrieta-e-della-forza-del-messaggio-gia-avviate-le-iniziative-dei-comuni-del-vajont\/"]}]},{"@type":"ImageObject","inLanguage":"fr-FR","@id":"https:\/\/www.bellunopress.it\/2013\/03\/01\/50-sotto-il-segno-della-sobrieta-e-della-forza-del-messaggio-gia-avviate-le-iniziative-dei-comuni-del-vajont\/#primaryimage","url":"http:\/\/www.bellunopress.it\/wp-content\/uploads\/2013\/03\/vajont.jpg","contentUrl":"http:\/\/www.bellunopress.it\/wp-content\/uploads\/2013\/03\/vajont.jpg"},{"@type":"BreadcrumbList","@id":"https:\/\/www.bellunopress.it\/2013\/03\/01\/50-sotto-il-segno-della-sobrieta-e-della-forza-del-messaggio-gia-avviate-le-iniziative-dei-comuni-del-vajont\/#breadcrumb","itemListElement":[{"@type":"ListItem","position":1,"name":"Home","item":"https:\/\/www.bellunopress.it\/"},{"@type":"ListItem","position":2,"name":"50\u00b0 sotto il segno della sobriet\u00e0 e della forza del messaggio. Gi\u00e0 avviate le iniziative dei Comuni del Vajont"}]},{"@type":"WebSite","@id":"https:\/\/www.bellunopress.it\/#website","url":"https:\/\/www.bellunopress.it\/","name":"Bellunopress - Dolomiti","description":"e-mail: redazione@bellunopress.it","publisher":{"@id":"https:\/\/www.bellunopress.it\/#organization"},"potentialAction":[{"@type":"SearchAction","target":{"@type":"EntryPoint","urlTemplate":"https:\/\/www.bellunopress.it\/?s={search_term_string}"},"query-input":{"@type":"PropertyValueSpecification","valueRequired":true,"valueName":"search_term_string"}}],"inLanguage":"fr-FR"},{"@type":"Organization","@id":"https:\/\/www.bellunopress.it\/#organization","name":"Bellunopress","url":"https:\/\/www.bellunopress.it\/","logo":{"@type":"ImageObject","inLanguage":"fr-FR","@id":"https:\/\/www.bellunopress.it\/#\/schema\/logo\/image\/","url":"https:\/\/www.bellunopress.it\/wp-content\/uploads\/2011\/05\/cropped-logo-bellunopress-.jpg","contentUrl":"https:\/\/www.bellunopress.it\/wp-content\/uploads\/2011\/05\/cropped-logo-bellunopress-.jpg","width":512,"height":512,"caption":"Bellunopress"},"image":{"@id":"https:\/\/www.bellunopress.it\/#\/schema\/logo\/image\/"},"sameAs":["https:\/\/www.facebook.com\/profile.php?id=100008943462799","https:\/\/x.com\/bellunopress","https:\/\/www.linkedin.com\/hp\/?dnr=JBzUWaJfMUw8vbXJJ2tVW5-I3jZKvC4wsoxE&amp;amp;amp;amp;amp;amp;trk=nav_responsive_tab_home","https:\/\/www.youtube.com\/channel\/UCxL0wu1uN0_3_7hGG0306cw"]},{"@type":"Person","@id":"https:\/\/www.bellunopress.it\/#\/schema\/person\/79bb06722b37ece1c03d3e94beb30d73","name":"r\u00e9daction","image":{"@type":"ImageObject","inLanguage":"fr-FR","@id":"https:\/\/secure.gravatar.com\/avatar\/37d968a2e67a6fd04c169c4bdef102d0bc5d31b2546345219e348575eb80e9a0?s=96&d=mm&r=g","url":"https:\/\/secure.gravatar.com\/avatar\/37d968a2e67a6fd04c169c4bdef102d0bc5d31b2546345219e348575eb80e9a0?s=96&d=mm&r=g","contentUrl":"https:\/\/secure.gravatar.com\/avatar\/37d968a2e67a6fd04c169c4bdef102d0bc5d31b2546345219e348575eb80e9a0?s=96&d=mm&r=g","caption":"redazione"},"sameAs":["http:\/\/www.bellunopress.it","https:\/\/x.com\/bellunopress"],"url":"https:\/\/www.bellunopress.it\/fr\/author\/redazione\/"}]}},"_links":{"self":[{"href":"https:\/\/www.bellunopress.it\/fr\/wp-json\/wp\/v2\/posts\/47214","targetHints":{"allow":["GET"]}}],"collection":[{"href":"https:\/\/www.bellunopress.it\/fr\/wp-json\/wp\/v2\/posts"}],"about":[{"href":"https:\/\/www.bellunopress.it\/fr\/wp-json\/wp\/v2\/types\/post"}],"author":[{"embeddable":true,"href":"https:\/\/www.bellunopress.it\/fr\/wp-json\/wp\/v2\/users\/2"}],"replies":[{"embeddable":true,"href":"https:\/\/www.bellunopress.it\/fr\/wp-json\/wp\/v2\/comments?post=47214"}],"version-history":[{"count":2,"href":"https:\/\/www.bellunopress.it\/fr\/wp-json\/wp\/v2\/posts\/47214\/revisions"}],"predecessor-version":[{"id":47217,"href":"https:\/\/www.bellunopress.it\/fr\/wp-json\/wp\/v2\/posts\/47214\/revisions\/47217"}],"wp:attachment":[{"href":"https:\/\/www.bellunopress.it\/fr\/wp-json\/wp\/v2\/media?parent=47214"}],"wp:term":[{"taxonomy":"category","embeddable":true,"href":"https:\/\/www.bellunopress.it\/fr\/wp-json\/wp\/v2\/categories?post=47214"},{"taxonomy":"post_tag","embeddable":true,"href":"https:\/\/www.bellunopress.it\/fr\/wp-json\/wp\/v2\/tags?post=47214"}],"curies":[{"name":"wp","href":"https:\/\/api.w.org\/{rel}","templated":true}]}}