{"id":47210,"date":"2013-03-03T22:36:25","date_gmt":"2013-03-03T21:36:25","guid":{"rendered":"http:\/\/www.bellunopress.it\/?p=47210"},"modified":"2013-03-02T21:10:02","modified_gmt":"2013-03-02T20:10:02","slug":"la-fine-del-confinethe-end-of-the-border-the-start-martedi-la-performance-dellartista-stefano-cagol-sulla-diga-del-vajont","status":"publish","type":"post","link":"https:\/\/www.bellunopress.it\/fr\/2013\/03\/03\/la-fine-del-confinethe-end-of-the-border-the-start-martedi-la-performance-dellartista-stefano-cagol-sulla-diga-del-vajont\/","title":{"rendered":"La Fine del Confine\/The End of The Border: the Start. Marted\u00ec la performance dell&#8217;artista Stefano Cagol sulla Diga del Vajont"},"content":{"rendered":"<p><a href=\"http:\/\/www.bellunopress.it\/wp-content\/uploads\/2013\/03\/diga-vajont-stefano-cagol.jpg\"><img loading=\"lazy\" decoding=\"async\" class=\"alignleft size-full wp-image-47211\" alt=\"diga vajont stefano cagol\" src=\"http:\/\/www.bellunopress.it\/wp-content\/uploads\/2013\/03\/diga-vajont-stefano-cagol.jpg\" width=\"193\" height=\"290\" \/><\/a>Il prossimo 5 marzo 2013, presso il Nuovo Spazio espositivo di Casso, Dolomiti Contemporanee presenta La Fine del Confine\/The End of The Border, un progetto di Stefano Cagol.<\/p>\n<p>Un potente fascio luminoso, lungo 15 chilometri, verr\u00e0 proiettato sopra alla Diga del Vajont, nell&#8217;anno del Cinquantesimo anniversario della Tragedia.<\/p>\n<p>L&#8217;arte produrr\u00e0 una nuova immagine in\/di\/per questi luoghi, ancora tanto segnati dall&#8217;evento che li colp\u00ec mezzo secolo fa (1963), illuminando il cemento, nel crepuscolo.<\/p>\n<p>L&#8217;arte consente di s-confinare lo sguardo (e la mente), attraverso un ponte di luce, al tempo stesso reale e metaforico.<\/p>\n<p>L&#8217;arte si oppone ad una concezione statica degli orizzonti. La luce, muovendo, connette e supera. Sfiora i luoghi, e vi transita, in brillanza.<\/p>\n<p>Il giorno successivo, mercoled\u00ec 6 marzo, un secondo raggio sar\u00e0 proiettato a Cortina d&#8217;Ampezzo. Esso colpir\u00e0 la Parete Sud della Tofana di Rozes, uno dei bastioni dolomitici pi\u00f9 impressionanti e rappresentativi, Patrimonio dell&#8217;Umanit\u00e0, da una distanza di alcuni chilometri.<\/p>\n<p>Con questi primi due raggi si inaugura il lungo viaggio che, attraversando l&#8217;Europa, condurr\u00e0 l&#8217;artista alla Triennale di Barents, Kirkenes, Circolo Polare Artico, 5.000 chilometri pi\u00f9 a nord.<\/p>\n<p>Altri raggi verranno, per la via, a travalicare altri confini.<\/p>\n<p>www.dolomiticontemporanee.net<\/p>\n<p>www.endofborder.com<\/p>\n<p>www.stefanocagol.com<\/p>\n<p>&nbsp;<\/p>\n<p>&nbsp;<\/p>\n<p>Artista: Stefano Cagol<\/p>\n<p>A cura di: Dolomiti Contemporanee<\/p>\n<p>Luogo: Diga del Vajont\/Nuovo Spazio di Casso (Casso, Pn); Tofana di Rozes (Cortina d&#8217;Ampezzo, Bl).<\/p>\n<p>Data: 5 e 6 marzo 2013, ore 18.30<\/p>\n<p>Ingresso: gratuito<\/p>\n<p>Info: info@dolomiticontemporanee.net &#8211; press@dolomiticontemporanee.net<\/p>\n<p>Tel. 0437.30685 &#8211; 0427 666068<\/p>\n<p>&nbsp;<\/p>\n<p>Enti sostenitori: Fondazione Dolomiti Unesco, Regione del Veneto, Provincia di Pordenone, Comune Di Erto e Casso, Comune di Claut, Comune di Cimolais, Comune di Vajont, Comune di Castellavazzo, Comune di Longarone, Fondazione Vajont, Comune di Cortina d&#8217;Ampezzo, Parco Naturale Dolomiti Friulane, Parco Naturale Dolomiti d&#8217;Ampezzo, Regole d&#8217;Ampezzo, Turismo FVG, Cortina Turismo.<\/p>\n<p>Partner culturali: Museo Mario Rimoldi di Cortina d&#8217;Ampezzo.<\/p>\n<p>Sponsor: Salewa, Gruppo Sina spa, CMI Sedico, Eolo NGI, Conte d&#8217;Attimis-Maniago.<\/p>\n<p>&nbsp;<\/p>\n<p>La grande Diga del Vajont \u00e8 un muto monumento grigio, che da mezzo secolo rappresenta la Tragedia. Diga \u00e8 sbarramento invalicabile, chiusura. Gli eventi terribili, essi stessi, erigono dighe, paratie: muro e rifiuto, a protezione. Procedere oltre questo luogo, questa storia, questi segni, \u00e8 difficile. Migliaia di persone vengono qui, ogni anno, in queste terre alte, a vedere. Vedere il simbolo dell&#8217;evento incommensurabile. Tutti guardano gi\u00f9. Pochi provano ad immaginare un segno nuovo, sopra alla diga. E la diga rimane, ancora e sempre si erge, greve, e ogni cosa \u00e8 sotto alla diga.<\/p>\n<p>L&#8217;opera di Stefano Cagol \u00e8 estremamente semplice, diretta. La fisica stessa della performance \u00e8 semplice e diretta, allo stesso modo del suo rimando metaforico. Una linea di luce sopra alla diga, chiara, leggera, potente, scardina la logica di quell&#8217;eterno immobile coronamento. La linea \u00e8 tersa, e tesa, come una corda, veloce e mobile, come un quanto d&#8217;idea, onda concentrata. Quell&#8217;immagine pulsante \u00e8 un vettore, porta via lo sguardo, verso l&#8217;alto, il cielo, verso e oltre le vallate strette. Nessuno pu\u00f2 fuggire la memoria. E nessun uomo pu\u00f2 accettare una morte perenne. L&#8217;uomo vive. La luce deve venire. La luce illumina il confine, e lo supera. E&#8217; uno slancio vitale, lo sguardo dell&#8217;uomo oltre la diga, oltre la cima, che espande lo spazio. L&#8217;attivazione \u00e8, sempre, uno sconfinamento.<\/p>\n<p>Il raggio \u00e8 un sistema di puntamento. Il fascio, un elemento connettore (fisico, poetico, mentale): concentrandosi su un elemento, ne evidenzia, ne estrae, lo spirito raddensato.<\/p>\n<p>La scia di luce consente di focalizzare l&#8217;oggetto, che viene (torna) cos\u00ec ad essere il cuore di s\u00e8 stesso.<\/p>\n<p>Gli oggetti si ostinano ad esistere, forse, a prescindere dallo sguardo di chi li osserva.<\/p>\n<p>Sicuramente, essi esistono di pi\u00f9, e si accendono, nel momento in cui si decide di applicarvi una lente, puntandoli, con-centrando su di essi un&#8217;attenzione nevralgica (decisiva).<\/p>\n<p>Nevralgica, perch\u00e9 certi sguardi invece vagano dimentichi, trascurati. E con ci\u00f2, questi sguardi riescono a disgregare persino la solidit\u00e0 della roccia, disperdendone la materia e il senso (che \u00e8 materia) in un&#8217;evanescenza scura, opaca.<\/p>\n<p>La luce \u00e8 attenzione, concentrata, e volont\u00e0: non volont\u00e0 di contemplazione, ma di azione: focalizzare \u00e8 l&#8217;azione di fare il fuoco.<\/p>\n<p>Gianluca D&#8217;Inc\u00e0 Levis<\/p>\n<p>&nbsp;<\/p>\n<p>&nbsp;<\/p>","protected":false},"excerpt":{"rendered":"<p>Il prossimo 5 marzo 2013, presso il Nuovo Spazio espositivo di Casso, Dolomiti Contemporanee presenta La Fine del Confine\/The End of The Border, un progetto di Stefano Cagol. Un potente fascio luminoso, lungo 15 chilometri, verr\u00e0 proiettato sopra alla Diga del Vajont, nell&#8217;anno del Cinquantesimo anniversario della Tragedia. L&#8217;arte produrr\u00e0 una nuova immagine in\/di\/per questi [&hellip;]<\/p>\n","protected":false},"author":2,"featured_media":0,"comment_status":"closed","ping_status":"open","sticky":false,"template":"","format":"standard","meta":{"footnotes":""},"categories":[27,3],"tags":[],"class_list":["post-47210","post","type-post","status-publish","format-standard","category-appuntamenti","category-arte-cultura-spettacoli-scienza-archivi"],"yoast_head":"<!-- This site is optimized with the Yoast SEO plugin v28.4 - https:\/\/yoast.com\/product\/yoast-seo-wordpress\/ -->\n<title>La Fine del Confine\/The End of The Border: the Start. Marted\u00ec la performance dell&#039;artista Stefano Cagol sulla Diga del Vajont - Bellunopress - Dolomiti<\/title>\n<meta name=\"robots\" content=\"index, follow, max-snippet:-1, max-image-preview:large, max-video-preview:-1\" \/>\n<link rel=\"canonical\" href=\"https:\/\/www.bellunopress.it\/fr\/2013\/03\/03\/la-fine-del-confinethe-end-of-the-border-the-start-martedi-la-performance-dellartista-stefano-cagol-sulla-diga-del-vajont\/\" \/>\n<meta property=\"og:locale\" content=\"fr_FR\" \/>\n<meta property=\"og:type\" content=\"article\" \/>\n<meta property=\"og:title\" content=\"La Fine del Confine\/The End of The Border: the Start. Marted\u00ec la performance dell&#039;artista Stefano Cagol sulla Diga del Vajont - Bellunopress - Dolomiti\" \/>\n<meta property=\"og:description\" content=\"Il prossimo 5 marzo 2013, presso il Nuovo Spazio espositivo di Casso, Dolomiti Contemporanee presenta La Fine del Confine\/The End of The Border, un progetto di Stefano Cagol. Un potente fascio luminoso, lungo 15 chilometri, verr\u00e0 proiettato sopra alla Diga del Vajont, nell&#8217;anno del Cinquantesimo anniversario della Tragedia. L&#8217;arte produrr\u00e0 una nuova immagine in\/di\/per questi [&hellip;]\" \/>\n<meta property=\"og:url\" content=\"https:\/\/www.bellunopress.it\/fr\/2013\/03\/03\/la-fine-del-confinethe-end-of-the-border-the-start-martedi-la-performance-dellartista-stefano-cagol-sulla-diga-del-vajont\/\" \/>\n<meta property=\"og:site_name\" content=\"Bellunopress - Dolomiti\" \/>\n<meta property=\"article:publisher\" content=\"https:\/\/www.facebook.com\/profile.php?id=100008943462799\" \/>\n<meta property=\"article:published_time\" content=\"2013-03-03T21:36:25+00:00\" \/>\n<meta property=\"og:image\" content=\"http:\/\/www.bellunopress.it\/wp-content\/uploads\/2013\/03\/diga-vajont-stefano-cagol.jpg\" \/>\n<meta name=\"author\" content=\"redazione\" \/>\n<meta name=\"twitter:card\" content=\"summary_large_image\" \/>\n<meta name=\"twitter:creator\" content=\"@bellunopress\" \/>\n<meta name=\"twitter:site\" content=\"@bellunopress\" \/>\n<meta name=\"twitter:label1\" content=\"Written by\" \/>\n\t<meta name=\"twitter:data1\" content=\"redazione\" \/>\n\t<meta name=\"twitter:label2\" content=\"Est. reading time\" \/>\n\t<meta name=\"twitter:data2\" content=\"3 minutes\" \/>\n<script type=\"application\/ld+json\" class=\"yoast-schema-graph\">{\"@context\":\"https:\\\/\\\/schema.org\",\"@graph\":[{\"@type\":\"Article\",\"@id\":\"https:\\\/\\\/www.bellunopress.it\\\/2013\\\/03\\\/03\\\/la-fine-del-confinethe-end-of-the-border-the-start-martedi-la-performance-dellartista-stefano-cagol-sulla-diga-del-vajont\\\/#article\",\"isPartOf\":{\"@id\":\"https:\\\/\\\/www.bellunopress.it\\\/2013\\\/03\\\/03\\\/la-fine-del-confinethe-end-of-the-border-the-start-martedi-la-performance-dellartista-stefano-cagol-sulla-diga-del-vajont\\\/\"},\"author\":{\"name\":\"redazione\",\"@id\":\"https:\\\/\\\/www.bellunopress.it\\\/#\\\/schema\\\/person\\\/79bb06722b37ece1c03d3e94beb30d73\"},\"headline\":\"La Fine del Confine\\\/The End of The Border: the Start. Marted\u00ec la performance dell&#8217;artista Stefano Cagol sulla Diga del Vajont\",\"datePublished\":\"2013-03-03T21:36:25+00:00\",\"mainEntityOfPage\":{\"@id\":\"https:\\\/\\\/www.bellunopress.it\\\/2013\\\/03\\\/03\\\/la-fine-del-confinethe-end-of-the-border-the-start-martedi-la-performance-dellartista-stefano-cagol-sulla-diga-del-vajont\\\/\"},\"wordCount\":716,\"publisher\":{\"@id\":\"https:\\\/\\\/www.bellunopress.it\\\/#organization\"},\"image\":{\"@id\":\"https:\\\/\\\/www.bellunopress.it\\\/2013\\\/03\\\/03\\\/la-fine-del-confinethe-end-of-the-border-the-start-martedi-la-performance-dellartista-stefano-cagol-sulla-diga-del-vajont\\\/#primaryimage\"},\"thumbnailUrl\":\"http:\\\/\\\/www.bellunopress.it\\\/wp-content\\\/uploads\\\/2013\\\/03\\\/diga-vajont-stefano-cagol.jpg\",\"articleSection\":[\"Appuntamenti, Eventi\",\"Arte, Cultura, Spettacoli, Scienza\"],\"inLanguage\":\"fr-FR\"},{\"@type\":\"WebPage\",\"@id\":\"https:\\\/\\\/www.bellunopress.it\\\/2013\\\/03\\\/03\\\/la-fine-del-confinethe-end-of-the-border-the-start-martedi-la-performance-dellartista-stefano-cagol-sulla-diga-del-vajont\\\/\",\"url\":\"https:\\\/\\\/www.bellunopress.it\\\/2013\\\/03\\\/03\\\/la-fine-del-confinethe-end-of-the-border-the-start-martedi-la-performance-dellartista-stefano-cagol-sulla-diga-del-vajont\\\/\",\"name\":\"La Fine del Confine\\\/The End of The Border: the Start. Marted\u00ec la performance dell'artista Stefano Cagol sulla Diga del Vajont - Bellunopress - Dolomiti\",\"isPartOf\":{\"@id\":\"https:\\\/\\\/www.bellunopress.it\\\/#website\"},\"primaryImageOfPage\":{\"@id\":\"https:\\\/\\\/www.bellunopress.it\\\/2013\\\/03\\\/03\\\/la-fine-del-confinethe-end-of-the-border-the-start-martedi-la-performance-dellartista-stefano-cagol-sulla-diga-del-vajont\\\/#primaryimage\"},\"image\":{\"@id\":\"https:\\\/\\\/www.bellunopress.it\\\/2013\\\/03\\\/03\\\/la-fine-del-confinethe-end-of-the-border-the-start-martedi-la-performance-dellartista-stefano-cagol-sulla-diga-del-vajont\\\/#primaryimage\"},\"thumbnailUrl\":\"http:\\\/\\\/www.bellunopress.it\\\/wp-content\\\/uploads\\\/2013\\\/03\\\/diga-vajont-stefano-cagol.jpg\",\"datePublished\":\"2013-03-03T21:36:25+00:00\",\"breadcrumb\":{\"@id\":\"https:\\\/\\\/www.bellunopress.it\\\/2013\\\/03\\\/03\\\/la-fine-del-confinethe-end-of-the-border-the-start-martedi-la-performance-dellartista-stefano-cagol-sulla-diga-del-vajont\\\/#breadcrumb\"},\"inLanguage\":\"fr-FR\",\"potentialAction\":[{\"@type\":\"ReadAction\",\"target\":[\"https:\\\/\\\/www.bellunopress.it\\\/2013\\\/03\\\/03\\\/la-fine-del-confinethe-end-of-the-border-the-start-martedi-la-performance-dellartista-stefano-cagol-sulla-diga-del-vajont\\\/\"]}]},{\"@type\":\"ImageObject\",\"inLanguage\":\"fr-FR\",\"@id\":\"https:\\\/\\\/www.bellunopress.it\\\/2013\\\/03\\\/03\\\/la-fine-del-confinethe-end-of-the-border-the-start-martedi-la-performance-dellartista-stefano-cagol-sulla-diga-del-vajont\\\/#primaryimage\",\"url\":\"http:\\\/\\\/www.bellunopress.it\\\/wp-content\\\/uploads\\\/2013\\\/03\\\/diga-vajont-stefano-cagol.jpg\",\"contentUrl\":\"http:\\\/\\\/www.bellunopress.it\\\/wp-content\\\/uploads\\\/2013\\\/03\\\/diga-vajont-stefano-cagol.jpg\"},{\"@type\":\"BreadcrumbList\",\"@id\":\"https:\\\/\\\/www.bellunopress.it\\\/2013\\\/03\\\/03\\\/la-fine-del-confinethe-end-of-the-border-the-start-martedi-la-performance-dellartista-stefano-cagol-sulla-diga-del-vajont\\\/#breadcrumb\",\"itemListElement\":[{\"@type\":\"ListItem\",\"position\":1,\"name\":\"Home\",\"item\":\"https:\\\/\\\/www.bellunopress.it\\\/\"},{\"@type\":\"ListItem\",\"position\":2,\"name\":\"La Fine del Confine\\\/The End of The Border: the Start. Marted\u00ec la performance dell&#8217;artista Stefano Cagol sulla Diga del Vajont\"}]},{\"@type\":\"WebSite\",\"@id\":\"https:\\\/\\\/www.bellunopress.it\\\/#website\",\"url\":\"https:\\\/\\\/www.bellunopress.it\\\/\",\"name\":\"Bellunopress - Dolomiti\",\"description\":\"e-mail: redazione@bellunopress.it\",\"publisher\":{\"@id\":\"https:\\\/\\\/www.bellunopress.it\\\/#organization\"},\"potentialAction\":[{\"@type\":\"SearchAction\",\"target\":{\"@type\":\"EntryPoint\",\"urlTemplate\":\"https:\\\/\\\/www.bellunopress.it\\\/?s={search_term_string}\"},\"query-input\":{\"@type\":\"PropertyValueSpecification\",\"valueRequired\":true,\"valueName\":\"search_term_string\"}}],\"inLanguage\":\"fr-FR\"},{\"@type\":\"Organization\",\"@id\":\"https:\\\/\\\/www.bellunopress.it\\\/#organization\",\"name\":\"Bellunopress\",\"url\":\"https:\\\/\\\/www.bellunopress.it\\\/\",\"logo\":{\"@type\":\"ImageObject\",\"inLanguage\":\"fr-FR\",\"@id\":\"https:\\\/\\\/www.bellunopress.it\\\/#\\\/schema\\\/logo\\\/image\\\/\",\"url\":\"https:\\\/\\\/www.bellunopress.it\\\/wp-content\\\/uploads\\\/2011\\\/05\\\/cropped-logo-bellunopress-.jpg\",\"contentUrl\":\"https:\\\/\\\/www.bellunopress.it\\\/wp-content\\\/uploads\\\/2011\\\/05\\\/cropped-logo-bellunopress-.jpg\",\"width\":512,\"height\":512,\"caption\":\"Bellunopress\"},\"image\":{\"@id\":\"https:\\\/\\\/www.bellunopress.it\\\/#\\\/schema\\\/logo\\\/image\\\/\"},\"sameAs\":[\"https:\\\/\\\/www.facebook.com\\\/profile.php?id=100008943462799\",\"https:\\\/\\\/x.com\\\/bellunopress\",\"https:\\\/\\\/www.linkedin.com\\\/hp\\\/?dnr=JBzUWaJfMUw8vbXJJ2tVW5-I3jZKvC4wsoxE&amp;amp;amp;amp;amp;amp;trk=nav_responsive_tab_home\",\"https:\\\/\\\/www.youtube.com\\\/channel\\\/UCxL0wu1uN0_3_7hGG0306cw\"]},{\"@type\":\"Person\",\"@id\":\"https:\\\/\\\/www.bellunopress.it\\\/#\\\/schema\\\/person\\\/79bb06722b37ece1c03d3e94beb30d73\",\"name\":\"redazione\",\"image\":{\"@type\":\"ImageObject\",\"inLanguage\":\"fr-FR\",\"@id\":\"https:\\\/\\\/secure.gravatar.com\\\/avatar\\\/37d968a2e67a6fd04c169c4bdef102d0bc5d31b2546345219e348575eb80e9a0?s=96&d=mm&r=g\",\"url\":\"https:\\\/\\\/secure.gravatar.com\\\/avatar\\\/37d968a2e67a6fd04c169c4bdef102d0bc5d31b2546345219e348575eb80e9a0?s=96&d=mm&r=g\",\"contentUrl\":\"https:\\\/\\\/secure.gravatar.com\\\/avatar\\\/37d968a2e67a6fd04c169c4bdef102d0bc5d31b2546345219e348575eb80e9a0?s=96&d=mm&r=g\",\"caption\":\"redazione\"},\"sameAs\":[\"http:\\\/\\\/www.bellunopress.it\",\"https:\\\/\\\/x.com\\\/bellunopress\"],\"url\":\"https:\\\/\\\/www.bellunopress.it\\\/fr\\\/author\\\/redazione\\\/\"}]}<\/script>\n<!-- \/ Yoast SEO plugin. -->","yoast_head_json":{"title":"La Fine del Confine\/The End of The Border: the Start. Marted\u00ec la performance dell'artista Stefano Cagol sulla Diga del Vajont - Bellunopress - Dolomiti","robots":{"index":"index","follow":"follow","max-snippet":"max-snippet:-1","max-image-preview":"max-image-preview:large","max-video-preview":"max-video-preview:-1"},"canonical":"https:\/\/www.bellunopress.it\/fr\/2013\/03\/03\/la-fine-del-confinethe-end-of-the-border-the-start-martedi-la-performance-dellartista-stefano-cagol-sulla-diga-del-vajont\/","og_locale":"fr_FR","og_type":"article","og_title":"La Fine del Confine\/The End of The Border: the Start. Marted\u00ec la performance dell'artista Stefano Cagol sulla Diga del Vajont - Bellunopress - Dolomiti","og_description":"Il prossimo 5 marzo 2013, presso il Nuovo Spazio espositivo di Casso, Dolomiti Contemporanee presenta La Fine del Confine\/The End of The Border, un progetto di Stefano Cagol. Un potente fascio luminoso, lungo 15 chilometri, verr\u00e0 proiettato sopra alla Diga del Vajont, nell&#8217;anno del Cinquantesimo anniversario della Tragedia. L&#8217;arte produrr\u00e0 una nuova immagine in\/di\/per questi [&hellip;]","og_url":"https:\/\/www.bellunopress.it\/fr\/2013\/03\/03\/la-fine-del-confinethe-end-of-the-border-the-start-martedi-la-performance-dellartista-stefano-cagol-sulla-diga-del-vajont\/","og_site_name":"Bellunopress - Dolomiti","article_publisher":"https:\/\/www.facebook.com\/profile.php?id=100008943462799","article_published_time":"2013-03-03T21:36:25+00:00","og_image":[{"url":"http:\/\/www.bellunopress.it\/wp-content\/uploads\/2013\/03\/diga-vajont-stefano-cagol.jpg","type":"","width":"","height":""}],"author":"redazione","twitter_card":"summary_large_image","twitter_creator":"@bellunopress","twitter_site":"@bellunopress","twitter_misc":{"Written by":"redazione","Est. reading time":"3 minutes"},"schema":{"@context":"https:\/\/schema.org","@graph":[{"@type":"Article","@id":"https:\/\/www.bellunopress.it\/2013\/03\/03\/la-fine-del-confinethe-end-of-the-border-the-start-martedi-la-performance-dellartista-stefano-cagol-sulla-diga-del-vajont\/#article","isPartOf":{"@id":"https:\/\/www.bellunopress.it\/2013\/03\/03\/la-fine-del-confinethe-end-of-the-border-the-start-martedi-la-performance-dellartista-stefano-cagol-sulla-diga-del-vajont\/"},"author":{"name":"redazione","@id":"https:\/\/www.bellunopress.it\/#\/schema\/person\/79bb06722b37ece1c03d3e94beb30d73"},"headline":"La Fine del Confine\/The End of The Border: the Start. Marted\u00ec la performance dell&#8217;artista Stefano Cagol sulla Diga del Vajont","datePublished":"2013-03-03T21:36:25+00:00","mainEntityOfPage":{"@id":"https:\/\/www.bellunopress.it\/2013\/03\/03\/la-fine-del-confinethe-end-of-the-border-the-start-martedi-la-performance-dellartista-stefano-cagol-sulla-diga-del-vajont\/"},"wordCount":716,"publisher":{"@id":"https:\/\/www.bellunopress.it\/#organization"},"image":{"@id":"https:\/\/www.bellunopress.it\/2013\/03\/03\/la-fine-del-confinethe-end-of-the-border-the-start-martedi-la-performance-dellartista-stefano-cagol-sulla-diga-del-vajont\/#primaryimage"},"thumbnailUrl":"http:\/\/www.bellunopress.it\/wp-content\/uploads\/2013\/03\/diga-vajont-stefano-cagol.jpg","articleSection":["Appuntamenti, Eventi","Arte, Cultura, Spettacoli, Scienza"],"inLanguage":"fr-FR"},{"@type":"WebPage","@id":"https:\/\/www.bellunopress.it\/2013\/03\/03\/la-fine-del-confinethe-end-of-the-border-the-start-martedi-la-performance-dellartista-stefano-cagol-sulla-diga-del-vajont\/","url":"https:\/\/www.bellunopress.it\/2013\/03\/03\/la-fine-del-confinethe-end-of-the-border-the-start-martedi-la-performance-dellartista-stefano-cagol-sulla-diga-del-vajont\/","name":"La Fine del Confine\/The End of The Border: the Start. Marted\u00ec la performance dell'artista Stefano Cagol sulla Diga del Vajont - Bellunopress - Dolomiti","isPartOf":{"@id":"https:\/\/www.bellunopress.it\/#website"},"primaryImageOfPage":{"@id":"https:\/\/www.bellunopress.it\/2013\/03\/03\/la-fine-del-confinethe-end-of-the-border-the-start-martedi-la-performance-dellartista-stefano-cagol-sulla-diga-del-vajont\/#primaryimage"},"image":{"@id":"https:\/\/www.bellunopress.it\/2013\/03\/03\/la-fine-del-confinethe-end-of-the-border-the-start-martedi-la-performance-dellartista-stefano-cagol-sulla-diga-del-vajont\/#primaryimage"},"thumbnailUrl":"http:\/\/www.bellunopress.it\/wp-content\/uploads\/2013\/03\/diga-vajont-stefano-cagol.jpg","datePublished":"2013-03-03T21:36:25+00:00","breadcrumb":{"@id":"https:\/\/www.bellunopress.it\/2013\/03\/03\/la-fine-del-confinethe-end-of-the-border-the-start-martedi-la-performance-dellartista-stefano-cagol-sulla-diga-del-vajont\/#breadcrumb"},"inLanguage":"fr-FR","potentialAction":[{"@type":"ReadAction","target":["https:\/\/www.bellunopress.it\/2013\/03\/03\/la-fine-del-confinethe-end-of-the-border-the-start-martedi-la-performance-dellartista-stefano-cagol-sulla-diga-del-vajont\/"]}]},{"@type":"ImageObject","inLanguage":"fr-FR","@id":"https:\/\/www.bellunopress.it\/2013\/03\/03\/la-fine-del-confinethe-end-of-the-border-the-start-martedi-la-performance-dellartista-stefano-cagol-sulla-diga-del-vajont\/#primaryimage","url":"http:\/\/www.bellunopress.it\/wp-content\/uploads\/2013\/03\/diga-vajont-stefano-cagol.jpg","contentUrl":"http:\/\/www.bellunopress.it\/wp-content\/uploads\/2013\/03\/diga-vajont-stefano-cagol.jpg"},{"@type":"BreadcrumbList","@id":"https:\/\/www.bellunopress.it\/2013\/03\/03\/la-fine-del-confinethe-end-of-the-border-the-start-martedi-la-performance-dellartista-stefano-cagol-sulla-diga-del-vajont\/#breadcrumb","itemListElement":[{"@type":"ListItem","position":1,"name":"Home","item":"https:\/\/www.bellunopress.it\/"},{"@type":"ListItem","position":2,"name":"La Fine del Confine\/The End of The Border: the Start. Marted\u00ec la performance dell&#8217;artista Stefano Cagol sulla Diga del Vajont"}]},{"@type":"WebSite","@id":"https:\/\/www.bellunopress.it\/#website","url":"https:\/\/www.bellunopress.it\/","name":"Bellunopress - Dolomiti","description":"e-mail: redazione@bellunopress.it","publisher":{"@id":"https:\/\/www.bellunopress.it\/#organization"},"potentialAction":[{"@type":"SearchAction","target":{"@type":"EntryPoint","urlTemplate":"https:\/\/www.bellunopress.it\/?s={search_term_string}"},"query-input":{"@type":"PropertyValueSpecification","valueRequired":true,"valueName":"search_term_string"}}],"inLanguage":"fr-FR"},{"@type":"Organization","@id":"https:\/\/www.bellunopress.it\/#organization","name":"Bellunopress","url":"https:\/\/www.bellunopress.it\/","logo":{"@type":"ImageObject","inLanguage":"fr-FR","@id":"https:\/\/www.bellunopress.it\/#\/schema\/logo\/image\/","url":"https:\/\/www.bellunopress.it\/wp-content\/uploads\/2011\/05\/cropped-logo-bellunopress-.jpg","contentUrl":"https:\/\/www.bellunopress.it\/wp-content\/uploads\/2011\/05\/cropped-logo-bellunopress-.jpg","width":512,"height":512,"caption":"Bellunopress"},"image":{"@id":"https:\/\/www.bellunopress.it\/#\/schema\/logo\/image\/"},"sameAs":["https:\/\/www.facebook.com\/profile.php?id=100008943462799","https:\/\/x.com\/bellunopress","https:\/\/www.linkedin.com\/hp\/?dnr=JBzUWaJfMUw8vbXJJ2tVW5-I3jZKvC4wsoxE&amp;amp;amp;amp;amp;amp;trk=nav_responsive_tab_home","https:\/\/www.youtube.com\/channel\/UCxL0wu1uN0_3_7hGG0306cw"]},{"@type":"Person","@id":"https:\/\/www.bellunopress.it\/#\/schema\/person\/79bb06722b37ece1c03d3e94beb30d73","name":"r\u00e9daction","image":{"@type":"ImageObject","inLanguage":"fr-FR","@id":"https:\/\/secure.gravatar.com\/avatar\/37d968a2e67a6fd04c169c4bdef102d0bc5d31b2546345219e348575eb80e9a0?s=96&d=mm&r=g","url":"https:\/\/secure.gravatar.com\/avatar\/37d968a2e67a6fd04c169c4bdef102d0bc5d31b2546345219e348575eb80e9a0?s=96&d=mm&r=g","contentUrl":"https:\/\/secure.gravatar.com\/avatar\/37d968a2e67a6fd04c169c4bdef102d0bc5d31b2546345219e348575eb80e9a0?s=96&d=mm&r=g","caption":"redazione"},"sameAs":["http:\/\/www.bellunopress.it","https:\/\/x.com\/bellunopress"],"url":"https:\/\/www.bellunopress.it\/fr\/author\/redazione\/"}]}},"_links":{"self":[{"href":"https:\/\/www.bellunopress.it\/fr\/wp-json\/wp\/v2\/posts\/47210","targetHints":{"allow":["GET"]}}],"collection":[{"href":"https:\/\/www.bellunopress.it\/fr\/wp-json\/wp\/v2\/posts"}],"about":[{"href":"https:\/\/www.bellunopress.it\/fr\/wp-json\/wp\/v2\/types\/post"}],"author":[{"embeddable":true,"href":"https:\/\/www.bellunopress.it\/fr\/wp-json\/wp\/v2\/users\/2"}],"replies":[{"embeddable":true,"href":"https:\/\/www.bellunopress.it\/fr\/wp-json\/wp\/v2\/comments?post=47210"}],"version-history":[{"count":3,"href":"https:\/\/www.bellunopress.it\/fr\/wp-json\/wp\/v2\/posts\/47210\/revisions"}],"predecessor-version":[{"id":47213,"href":"https:\/\/www.bellunopress.it\/fr\/wp-json\/wp\/v2\/posts\/47210\/revisions\/47213"}],"wp:attachment":[{"href":"https:\/\/www.bellunopress.it\/fr\/wp-json\/wp\/v2\/media?parent=47210"}],"wp:term":[{"taxonomy":"category","embeddable":true,"href":"https:\/\/www.bellunopress.it\/fr\/wp-json\/wp\/v2\/categories?post=47210"},{"taxonomy":"post_tag","embeddable":true,"href":"https:\/\/www.bellunopress.it\/fr\/wp-json\/wp\/v2\/tags?post=47210"}],"curies":[{"name":"wp","href":"https:\/\/api.w.org\/{rel}","templated":true}]}}