{"id":47208,"date":"2013-03-01T18:12:34","date_gmt":"2013-03-01T17:12:34","guid":{"rendered":"http:\/\/www.bellunopress.it\/?p=47208"},"modified":"2013-03-01T18:12:34","modified_gmt":"2013-03-01T17:12:34","slug":"5-stelle-sabato-in-piazza-martiri-con-il-gazebo","status":"publish","type":"post","link":"https:\/\/www.bellunopress.it\/fr\/2013\/03\/01\/5-stelle-sabato-in-piazza-martiri-con-il-gazebo\/","title":{"rendered":"5 Stelle sabato in piazza Martiri con il gazebo"},"content":{"rendered":"<p><a href=\"http:\/\/www.bellunopress.it\/wp-content\/uploads\/2010\/08\/5-stelle-beppe-grillo-130x130.jpg\"><img loading=\"lazy\" decoding=\"async\" class=\"alignleft size-full wp-image-18277\" alt=\"5-stelle-beppe-grillo-130x130\" src=\"http:\/\/www.bellunopress.it\/wp-content\/uploads\/2010\/08\/5-stelle-beppe-grillo-130x130.jpg\" width=\"135\" height=\"132\" \/><\/a>Da pochi giorni si sono concluse le elezioni politiche 2013.\u00a0Quello che sta succedendo adesso in Italia non \u00e8 mai successo prima nella storia delle democrazie moderne. \u00c8\u2019 una rivoluzione che parte dal basso, democratica, che in modo pacifico sradica i poteri.<\/p>\n<p>Lo afferma una nota del Movimento 5 Stelle di Belluno<\/p>\n<p>Il cittadino ha deciso che il tempo di delegare \u00a0era ormai concluso &#8211; prosegue la nota &#8211; e cos\u00ec ha preso in mano il suo futuro e ha deciso di partecipare. Il senso di appartenenza ad una comunit\u00e0, la solidariet\u00e0, la responsabilit\u00e0 civile, l\u2019onest\u00e0, le idee e le intelligenze a disposizione della collettivit\u00e0 non sono pi\u00f9 soltanto parole, ma sono divenute partecipazione reale. Il cittadino si \u00e8 fatto Stato e sta per entrare in Parlamento.<\/p>\n<p>Sabato 2 marzo 2013, il Movimento 5 Stelle sar\u00e0 presente con un gazebo nel comune di Belluno in Piazza dei Martiri, dalle 9 alle 13 per continuare il percorso iniziato 3 anni fa, per essere ancora tra la gente e per la gente.<\/p>\n<p>Il Movimento 5 Stelle non \u00e8 fatto solo dai Cittadini che tra qualche giorno prenderanno servizio a Roma e che inizieranno cos\u00ec il loro impegno alle Camere. Il Movimento 5 Stelle \u00e8 fatto di tutti i cittadini che hanno capito che esiste una strada verso il Futuro e che stiamo camminando insieme.<\/p>\n<p>C\u2019\u00e8 una nuova Italia che ci aspetta &#8211; conclude la nota di 5 Stelle &#8211; \u00a0. Sar\u00e0 bellissimo farne parte. E\u2019 arrivata finalmente la Primavera!<\/p>\n<p>&nbsp;<\/p>","protected":false},"excerpt":{"rendered":"<p>Da pochi giorni si sono concluse le elezioni politiche 2013.\u00a0Quello che sta succedendo adesso in Italia non \u00e8 mai successo prima nella storia delle democrazie moderne. \u00c8\u2019 una rivoluzione che parte dal basso, democratica, che in modo pacifico sradica i poteri. Lo afferma una nota del Movimento 5 Stelle di Belluno Il cittadino ha deciso [&hellip;]<\/p>\n","protected":false},"author":2,"featured_media":0,"comment_status":"closed","ping_status":"open","sticky":false,"template":"","format":"standard","meta":{"footnotes":""},"categories":[27,5,26],"tags":[],"class_list":["post-47208","post","type-post","status-publish","format-standard","category-appuntamenti","category-cronaca","category-prima-pagina"],"yoast_head":"<!-- This site is optimized with the Yoast SEO plugin v28.4 - https:\/\/yoast.com\/product\/yoast-seo-wordpress\/ -->\n<title>5 Stelle sabato in piazza Martiri con il gazebo - Bellunopress - Dolomiti<\/title>\n<meta name=\"robots\" content=\"index, follow, max-snippet:-1, max-image-preview:large, max-video-preview:-1\" \/>\n<link rel=\"canonical\" href=\"https:\/\/www.bellunopress.it\/fr\/2013\/03\/01\/5-stelle-sabato-in-piazza-martiri-con-il-gazebo\/\" \/>\n<meta property=\"og:locale\" content=\"fr_FR\" \/>\n<meta property=\"og:type\" content=\"article\" \/>\n<meta property=\"og:title\" content=\"5 Stelle sabato in piazza Martiri con il gazebo - Bellunopress - Dolomiti\" \/>\n<meta property=\"og:description\" content=\"Da pochi giorni si sono concluse le elezioni politiche 2013.\u00a0Quello che sta succedendo adesso in Italia non \u00e8 mai successo prima nella storia delle democrazie moderne. \u00c8\u2019 una rivoluzione che parte dal basso, democratica, che in modo pacifico sradica i poteri. Lo afferma una nota del Movimento 5 Stelle di Belluno Il cittadino ha deciso [&hellip;]\" \/>\n<meta property=\"og:url\" content=\"https:\/\/www.bellunopress.it\/fr\/2013\/03\/01\/5-stelle-sabato-in-piazza-martiri-con-il-gazebo\/\" \/>\n<meta property=\"og:site_name\" content=\"Bellunopress - Dolomiti\" \/>\n<meta property=\"article:publisher\" content=\"https:\/\/www.facebook.com\/profile.php?id=100008943462799\" \/>\n<meta property=\"article:published_time\" content=\"2013-03-01T17:12:34+00:00\" \/>\n<meta property=\"og:image\" content=\"http:\/\/www.bellunopress.it\/wp-content\/uploads\/2010\/08\/5-stelle-beppe-grillo-130x130.jpg\" \/>\n<meta name=\"author\" content=\"redazione\" \/>\n<meta name=\"twitter:card\" content=\"summary_large_image\" \/>\n<meta name=\"twitter:creator\" content=\"@bellunopress\" \/>\n<meta name=\"twitter:site\" content=\"@bellunopress\" \/>\n<meta name=\"twitter:label1\" content=\"Written by\" \/>\n\t<meta name=\"twitter:data1\" content=\"redazione\" \/>\n\t<meta name=\"twitter:label2\" content=\"Est. reading time\" \/>\n\t<meta name=\"twitter:data2\" content=\"1 minute\" \/>\n<script type=\"application\/ld+json\" class=\"yoast-schema-graph\">{\"@context\":\"https:\\\/\\\/schema.org\",\"@graph\":[{\"@type\":\"Article\",\"@id\":\"https:\\\/\\\/www.bellunopress.it\\\/2013\\\/03\\\/01\\\/5-stelle-sabato-in-piazza-martiri-con-il-gazebo\\\/#article\",\"isPartOf\":{\"@id\":\"https:\\\/\\\/www.bellunopress.it\\\/2013\\\/03\\\/01\\\/5-stelle-sabato-in-piazza-martiri-con-il-gazebo\\\/\"},\"author\":{\"name\":\"redazione\",\"@id\":\"https:\\\/\\\/www.bellunopress.it\\\/#\\\/schema\\\/person\\\/79bb06722b37ece1c03d3e94beb30d73\"},\"headline\":\"5 Stelle sabato in piazza Martiri con il gazebo\",\"datePublished\":\"2013-03-01T17:12:34+00:00\",\"mainEntityOfPage\":{\"@id\":\"https:\\\/\\\/www.bellunopress.it\\\/2013\\\/03\\\/01\\\/5-stelle-sabato-in-piazza-martiri-con-il-gazebo\\\/\"},\"wordCount\":240,\"publisher\":{\"@id\":\"https:\\\/\\\/www.bellunopress.it\\\/#organization\"},\"image\":{\"@id\":\"https:\\\/\\\/www.bellunopress.it\\\/2013\\\/03\\\/01\\\/5-stelle-sabato-in-piazza-martiri-con-il-gazebo\\\/#primaryimage\"},\"thumbnailUrl\":\"http:\\\/\\\/www.bellunopress.it\\\/wp-content\\\/uploads\\\/2010\\\/08\\\/5-stelle-beppe-grillo-130x130.jpg\",\"articleSection\":[\"Appuntamenti, Eventi\",\"Cronaca\\\/Politica\",\"Prima Pagina\"],\"inLanguage\":\"fr-FR\"},{\"@type\":\"WebPage\",\"@id\":\"https:\\\/\\\/www.bellunopress.it\\\/2013\\\/03\\\/01\\\/5-stelle-sabato-in-piazza-martiri-con-il-gazebo\\\/\",\"url\":\"https:\\\/\\\/www.bellunopress.it\\\/2013\\\/03\\\/01\\\/5-stelle-sabato-in-piazza-martiri-con-il-gazebo\\\/\",\"name\":\"5 Stelle sabato in piazza Martiri con il gazebo - Bellunopress - Dolomiti\",\"isPartOf\":{\"@id\":\"https:\\\/\\\/www.bellunopress.it\\\/#website\"},\"primaryImageOfPage\":{\"@id\":\"https:\\\/\\\/www.bellunopress.it\\\/2013\\\/03\\\/01\\\/5-stelle-sabato-in-piazza-martiri-con-il-gazebo\\\/#primaryimage\"},\"image\":{\"@id\":\"https:\\\/\\\/www.bellunopress.it\\\/2013\\\/03\\\/01\\\/5-stelle-sabato-in-piazza-martiri-con-il-gazebo\\\/#primaryimage\"},\"thumbnailUrl\":\"http:\\\/\\\/www.bellunopress.it\\\/wp-content\\\/uploads\\\/2010\\\/08\\\/5-stelle-beppe-grillo-130x130.jpg\",\"datePublished\":\"2013-03-01T17:12:34+00:00\",\"breadcrumb\":{\"@id\":\"https:\\\/\\\/www.bellunopress.it\\\/2013\\\/03\\\/01\\\/5-stelle-sabato-in-piazza-martiri-con-il-gazebo\\\/#breadcrumb\"},\"inLanguage\":\"fr-FR\",\"potentialAction\":[{\"@type\":\"ReadAction\",\"target\":[\"https:\\\/\\\/www.bellunopress.it\\\/2013\\\/03\\\/01\\\/5-stelle-sabato-in-piazza-martiri-con-il-gazebo\\\/\"]}]},{\"@type\":\"ImageObject\",\"inLanguage\":\"fr-FR\",\"@id\":\"https:\\\/\\\/www.bellunopress.it\\\/2013\\\/03\\\/01\\\/5-stelle-sabato-in-piazza-martiri-con-il-gazebo\\\/#primaryimage\",\"url\":\"http:\\\/\\\/www.bellunopress.it\\\/wp-content\\\/uploads\\\/2010\\\/08\\\/5-stelle-beppe-grillo-130x130.jpg\",\"contentUrl\":\"http:\\\/\\\/www.bellunopress.it\\\/wp-content\\\/uploads\\\/2010\\\/08\\\/5-stelle-beppe-grillo-130x130.jpg\"},{\"@type\":\"BreadcrumbList\",\"@id\":\"https:\\\/\\\/www.bellunopress.it\\\/2013\\\/03\\\/01\\\/5-stelle-sabato-in-piazza-martiri-con-il-gazebo\\\/#breadcrumb\",\"itemListElement\":[{\"@type\":\"ListItem\",\"position\":1,\"name\":\"Home\",\"item\":\"https:\\\/\\\/www.bellunopress.it\\\/\"},{\"@type\":\"ListItem\",\"position\":2,\"name\":\"5 Stelle sabato in piazza Martiri con il gazebo\"}]},{\"@type\":\"WebSite\",\"@id\":\"https:\\\/\\\/www.bellunopress.it\\\/#website\",\"url\":\"https:\\\/\\\/www.bellunopress.it\\\/\",\"name\":\"Bellunopress - Dolomiti\",\"description\":\"e-mail: redazione@bellunopress.it\",\"publisher\":{\"@id\":\"https:\\\/\\\/www.bellunopress.it\\\/#organization\"},\"potentialAction\":[{\"@type\":\"SearchAction\",\"target\":{\"@type\":\"EntryPoint\",\"urlTemplate\":\"https:\\\/\\\/www.bellunopress.it\\\/?s={search_term_string}\"},\"query-input\":{\"@type\":\"PropertyValueSpecification\",\"valueRequired\":true,\"valueName\":\"search_term_string\"}}],\"inLanguage\":\"fr-FR\"},{\"@type\":\"Organization\",\"@id\":\"https:\\\/\\\/www.bellunopress.it\\\/#organization\",\"name\":\"Bellunopress\",\"url\":\"https:\\\/\\\/www.bellunopress.it\\\/\",\"logo\":{\"@type\":\"ImageObject\",\"inLanguage\":\"fr-FR\",\"@id\":\"https:\\\/\\\/www.bellunopress.it\\\/#\\\/schema\\\/logo\\\/image\\\/\",\"url\":\"https:\\\/\\\/www.bellunopress.it\\\/wp-content\\\/uploads\\\/2011\\\/05\\\/cropped-logo-bellunopress-.jpg\",\"contentUrl\":\"https:\\\/\\\/www.bellunopress.it\\\/wp-content\\\/uploads\\\/2011\\\/05\\\/cropped-logo-bellunopress-.jpg\",\"width\":512,\"height\":512,\"caption\":\"Bellunopress\"},\"image\":{\"@id\":\"https:\\\/\\\/www.bellunopress.it\\\/#\\\/schema\\\/logo\\\/image\\\/\"},\"sameAs\":[\"https:\\\/\\\/www.facebook.com\\\/profile.php?id=100008943462799\",\"https:\\\/\\\/x.com\\\/bellunopress\",\"https:\\\/\\\/www.linkedin.com\\\/hp\\\/?dnr=JBzUWaJfMUw8vbXJJ2tVW5-I3jZKvC4wsoxE&amp;amp;amp;amp;amp;amp;trk=nav_responsive_tab_home\",\"https:\\\/\\\/www.youtube.com\\\/channel\\\/UCxL0wu1uN0_3_7hGG0306cw\"]},{\"@type\":\"Person\",\"@id\":\"https:\\\/\\\/www.bellunopress.it\\\/#\\\/schema\\\/person\\\/79bb06722b37ece1c03d3e94beb30d73\",\"name\":\"redazione\",\"image\":{\"@type\":\"ImageObject\",\"inLanguage\":\"fr-FR\",\"@id\":\"https:\\\/\\\/secure.gravatar.com\\\/avatar\\\/37d968a2e67a6fd04c169c4bdef102d0bc5d31b2546345219e348575eb80e9a0?s=96&d=mm&r=g\",\"url\":\"https:\\\/\\\/secure.gravatar.com\\\/avatar\\\/37d968a2e67a6fd04c169c4bdef102d0bc5d31b2546345219e348575eb80e9a0?s=96&d=mm&r=g\",\"contentUrl\":\"https:\\\/\\\/secure.gravatar.com\\\/avatar\\\/37d968a2e67a6fd04c169c4bdef102d0bc5d31b2546345219e348575eb80e9a0?s=96&d=mm&r=g\",\"caption\":\"redazione\"},\"sameAs\":[\"http:\\\/\\\/www.bellunopress.it\",\"https:\\\/\\\/x.com\\\/bellunopress\"],\"url\":\"https:\\\/\\\/www.bellunopress.it\\\/fr\\\/author\\\/redazione\\\/\"}]}<\/script>\n<!-- \/ Yoast SEO plugin. -->","yoast_head_json":{"title":"5 Stelle sabato in piazza Martiri con il gazebo - Bellunopress - Dolomiti","robots":{"index":"index","follow":"follow","max-snippet":"max-snippet:-1","max-image-preview":"max-image-preview:large","max-video-preview":"max-video-preview:-1"},"canonical":"https:\/\/www.bellunopress.it\/fr\/2013\/03\/01\/5-stelle-sabato-in-piazza-martiri-con-il-gazebo\/","og_locale":"fr_FR","og_type":"article","og_title":"5 Stelle sabato in piazza Martiri con il gazebo - Bellunopress - Dolomiti","og_description":"Da pochi giorni si sono concluse le elezioni politiche 2013.\u00a0Quello che sta succedendo adesso in Italia non \u00e8 mai successo prima nella storia delle democrazie moderne. \u00c8\u2019 una rivoluzione che parte dal basso, democratica, che in modo pacifico sradica i poteri. Lo afferma una nota del Movimento 5 Stelle di Belluno Il cittadino ha deciso [&hellip;]","og_url":"https:\/\/www.bellunopress.it\/fr\/2013\/03\/01\/5-stelle-sabato-in-piazza-martiri-con-il-gazebo\/","og_site_name":"Bellunopress - Dolomiti","article_publisher":"https:\/\/www.facebook.com\/profile.php?id=100008943462799","article_published_time":"2013-03-01T17:12:34+00:00","og_image":[{"url":"http:\/\/www.bellunopress.it\/wp-content\/uploads\/2010\/08\/5-stelle-beppe-grillo-130x130.jpg","type":"","width":"","height":""}],"author":"redazione","twitter_card":"summary_large_image","twitter_creator":"@bellunopress","twitter_site":"@bellunopress","twitter_misc":{"Written by":"redazione","Est. reading time":"1 minute"},"schema":{"@context":"https:\/\/schema.org","@graph":[{"@type":"Article","@id":"https:\/\/www.bellunopress.it\/2013\/03\/01\/5-stelle-sabato-in-piazza-martiri-con-il-gazebo\/#article","isPartOf":{"@id":"https:\/\/www.bellunopress.it\/2013\/03\/01\/5-stelle-sabato-in-piazza-martiri-con-il-gazebo\/"},"author":{"name":"redazione","@id":"https:\/\/www.bellunopress.it\/#\/schema\/person\/79bb06722b37ece1c03d3e94beb30d73"},"headline":"5 Stelle sabato in piazza Martiri con il gazebo","datePublished":"2013-03-01T17:12:34+00:00","mainEntityOfPage":{"@id":"https:\/\/www.bellunopress.it\/2013\/03\/01\/5-stelle-sabato-in-piazza-martiri-con-il-gazebo\/"},"wordCount":240,"publisher":{"@id":"https:\/\/www.bellunopress.it\/#organization"},"image":{"@id":"https:\/\/www.bellunopress.it\/2013\/03\/01\/5-stelle-sabato-in-piazza-martiri-con-il-gazebo\/#primaryimage"},"thumbnailUrl":"http:\/\/www.bellunopress.it\/wp-content\/uploads\/2010\/08\/5-stelle-beppe-grillo-130x130.jpg","articleSection":["Appuntamenti, Eventi","Cronaca\/Politica","Prima Pagina"],"inLanguage":"fr-FR"},{"@type":"WebPage","@id":"https:\/\/www.bellunopress.it\/2013\/03\/01\/5-stelle-sabato-in-piazza-martiri-con-il-gazebo\/","url":"https:\/\/www.bellunopress.it\/2013\/03\/01\/5-stelle-sabato-in-piazza-martiri-con-il-gazebo\/","name":"5 Stelle sabato in piazza Martiri con il gazebo - Bellunopress - Dolomiti","isPartOf":{"@id":"https:\/\/www.bellunopress.it\/#website"},"primaryImageOfPage":{"@id":"https:\/\/www.bellunopress.it\/2013\/03\/01\/5-stelle-sabato-in-piazza-martiri-con-il-gazebo\/#primaryimage"},"image":{"@id":"https:\/\/www.bellunopress.it\/2013\/03\/01\/5-stelle-sabato-in-piazza-martiri-con-il-gazebo\/#primaryimage"},"thumbnailUrl":"http:\/\/www.bellunopress.it\/wp-content\/uploads\/2010\/08\/5-stelle-beppe-grillo-130x130.jpg","datePublished":"2013-03-01T17:12:34+00:00","breadcrumb":{"@id":"https:\/\/www.bellunopress.it\/2013\/03\/01\/5-stelle-sabato-in-piazza-martiri-con-il-gazebo\/#breadcrumb"},"inLanguage":"fr-FR","potentialAction":[{"@type":"ReadAction","target":["https:\/\/www.bellunopress.it\/2013\/03\/01\/5-stelle-sabato-in-piazza-martiri-con-il-gazebo\/"]}]},{"@type":"ImageObject","inLanguage":"fr-FR","@id":"https:\/\/www.bellunopress.it\/2013\/03\/01\/5-stelle-sabato-in-piazza-martiri-con-il-gazebo\/#primaryimage","url":"http:\/\/www.bellunopress.it\/wp-content\/uploads\/2010\/08\/5-stelle-beppe-grillo-130x130.jpg","contentUrl":"http:\/\/www.bellunopress.it\/wp-content\/uploads\/2010\/08\/5-stelle-beppe-grillo-130x130.jpg"},{"@type":"BreadcrumbList","@id":"https:\/\/www.bellunopress.it\/2013\/03\/01\/5-stelle-sabato-in-piazza-martiri-con-il-gazebo\/#breadcrumb","itemListElement":[{"@type":"ListItem","position":1,"name":"Home","item":"https:\/\/www.bellunopress.it\/"},{"@type":"ListItem","position":2,"name":"5 Stelle sabato in piazza Martiri con il gazebo"}]},{"@type":"WebSite","@id":"https:\/\/www.bellunopress.it\/#website","url":"https:\/\/www.bellunopress.it\/","name":"Bellunopress - Dolomiti","description":"e-mail: redazione@bellunopress.it","publisher":{"@id":"https:\/\/www.bellunopress.it\/#organization"},"potentialAction":[{"@type":"SearchAction","target":{"@type":"EntryPoint","urlTemplate":"https:\/\/www.bellunopress.it\/?s={search_term_string}"},"query-input":{"@type":"PropertyValueSpecification","valueRequired":true,"valueName":"search_term_string"}}],"inLanguage":"fr-FR"},{"@type":"Organization","@id":"https:\/\/www.bellunopress.it\/#organization","name":"Bellunopress","url":"https:\/\/www.bellunopress.it\/","logo":{"@type":"ImageObject","inLanguage":"fr-FR","@id":"https:\/\/www.bellunopress.it\/#\/schema\/logo\/image\/","url":"https:\/\/www.bellunopress.it\/wp-content\/uploads\/2011\/05\/cropped-logo-bellunopress-.jpg","contentUrl":"https:\/\/www.bellunopress.it\/wp-content\/uploads\/2011\/05\/cropped-logo-bellunopress-.jpg","width":512,"height":512,"caption":"Bellunopress"},"image":{"@id":"https:\/\/www.bellunopress.it\/#\/schema\/logo\/image\/"},"sameAs":["https:\/\/www.facebook.com\/profile.php?id=100008943462799","https:\/\/x.com\/bellunopress","https:\/\/www.linkedin.com\/hp\/?dnr=JBzUWaJfMUw8vbXJJ2tVW5-I3jZKvC4wsoxE&amp;amp;amp;amp;amp;amp;trk=nav_responsive_tab_home","https:\/\/www.youtube.com\/channel\/UCxL0wu1uN0_3_7hGG0306cw"]},{"@type":"Person","@id":"https:\/\/www.bellunopress.it\/#\/schema\/person\/79bb06722b37ece1c03d3e94beb30d73","name":"r\u00e9daction","image":{"@type":"ImageObject","inLanguage":"fr-FR","@id":"https:\/\/secure.gravatar.com\/avatar\/37d968a2e67a6fd04c169c4bdef102d0bc5d31b2546345219e348575eb80e9a0?s=96&d=mm&r=g","url":"https:\/\/secure.gravatar.com\/avatar\/37d968a2e67a6fd04c169c4bdef102d0bc5d31b2546345219e348575eb80e9a0?s=96&d=mm&r=g","contentUrl":"https:\/\/secure.gravatar.com\/avatar\/37d968a2e67a6fd04c169c4bdef102d0bc5d31b2546345219e348575eb80e9a0?s=96&d=mm&r=g","caption":"redazione"},"sameAs":["http:\/\/www.bellunopress.it","https:\/\/x.com\/bellunopress"],"url":"https:\/\/www.bellunopress.it\/fr\/author\/redazione\/"}]}},"_links":{"self":[{"href":"https:\/\/www.bellunopress.it\/fr\/wp-json\/wp\/v2\/posts\/47208","targetHints":{"allow":["GET"]}}],"collection":[{"href":"https:\/\/www.bellunopress.it\/fr\/wp-json\/wp\/v2\/posts"}],"about":[{"href":"https:\/\/www.bellunopress.it\/fr\/wp-json\/wp\/v2\/types\/post"}],"author":[{"embeddable":true,"href":"https:\/\/www.bellunopress.it\/fr\/wp-json\/wp\/v2\/users\/2"}],"replies":[{"embeddable":true,"href":"https:\/\/www.bellunopress.it\/fr\/wp-json\/wp\/v2\/comments?post=47208"}],"version-history":[{"count":1,"href":"https:\/\/www.bellunopress.it\/fr\/wp-json\/wp\/v2\/posts\/47208\/revisions"}],"predecessor-version":[{"id":47209,"href":"https:\/\/www.bellunopress.it\/fr\/wp-json\/wp\/v2\/posts\/47208\/revisions\/47209"}],"wp:attachment":[{"href":"https:\/\/www.bellunopress.it\/fr\/wp-json\/wp\/v2\/media?parent=47208"}],"wp:term":[{"taxonomy":"category","embeddable":true,"href":"https:\/\/www.bellunopress.it\/fr\/wp-json\/wp\/v2\/categories?post=47208"},{"taxonomy":"post_tag","embeddable":true,"href":"https:\/\/www.bellunopress.it\/fr\/wp-json\/wp\/v2\/tags?post=47208"}],"curies":[{"name":"wp","href":"https:\/\/api.w.org\/{rel}","templated":true}]}}