{"id":47180,"date":"2013-02-28T18:43:15","date_gmt":"2013-02-28T17:43:15","guid":{"rendered":"http:\/\/www.bellunopress.it\/?p=47180"},"modified":"2013-02-28T18:43:15","modified_gmt":"2013-02-28T17:43:15","slug":"cordoglio-nel-mondo-del-volontariato-per-la-scomparsa-dellarchitetto-franco-rui","status":"publish","type":"post","link":"https:\/\/www.bellunopress.it\/fr\/2013\/02\/28\/cordoglio-nel-mondo-del-volontariato-per-la-scomparsa-dellarchitetto-franco-rui\/","title":{"rendered":"Cordoglio nel mondo del volontariato per la scomparsa dell&#8217;architetto Franco Rui"},"content":{"rendered":"<p><a href=\"http:\/\/www.bellunopress.it\/wp-content\/uploads\/2011\/10\/lutto.jpg\"><img loading=\"lazy\" decoding=\"async\" class=\"alignleft size-full wp-image-31571\" alt=\"lutto\" src=\"http:\/\/www.bellunopress.it\/wp-content\/uploads\/2011\/10\/lutto.jpg\" width=\"140\" height=\"140\" \/><\/a>Il Presidente del Comitato d\u2019Intesa e del CSV di Belluno Giorgio Zampieri esprime cordoglio e partecipazione per la scomparsa dell\u2019architetto Franco Rui a nome di tutto il volontariato bellunese.<\/p>\n<p>&#8220;E\u2019 stato un precursore dell\u2019attenzione alle persone con disabilit\u00e0, quando ancora non esistevano strutture e leggi a tutela delle famiglie e dei ragazzi adoperandosi con e per loro &#8211; ha detto Zampieri &#8211; . Con lui abbiamo condiviso i problemi sociali e del mondo del volontariato del nostro territorio. Nella veste di Presidente della Cooperativa Societ\u00e0 Nuova si \u00e8 dedicato con intelligenza, disponibilit\u00e0, senso vero della solidariet\u00e0 e con una intensa carica di umanit\u00e0 verso gli altri. La sua forza e determinazione nel voler raggiungere obiettivi a tutela dei diritti delle persone con disabilit\u00e0 \u00e8 testimoniata dai risultati raggiunti. Sar\u00e0 da tutti ricordato con gratitudine, come persona sensibile ed attenta ai problemi sociali, ma in modo particolare dalle famiglie e dai \u201csuoi ragazzi\u201d a cui ha dedicato il suo impegno e dedizione.\u201d<\/p>\n<p>&nbsp;<\/p>","protected":false},"excerpt":{"rendered":"<p>Il Presidente del Comitato d\u2019Intesa e del CSV di Belluno Giorgio Zampieri esprime cordoglio e partecipazione per la scomparsa dell\u2019architetto Franco Rui a nome di tutto il volontariato bellunese. &#8220;E\u2019 stato un precursore dell\u2019attenzione alle persone con disabilit\u00e0, quando ancora non esistevano strutture e leggi a tutela delle famiglie e dei ragazzi adoperandosi con e [&hellip;]<\/p>\n","protected":false},"author":2,"featured_media":0,"comment_status":"closed","ping_status":"open","sticky":false,"template":"","format":"standard","meta":{"footnotes":""},"categories":[5,26],"tags":[],"class_list":["post-47180","post","type-post","status-publish","format-standard","category-cronaca","category-prima-pagina"],"yoast_head":"<!-- This site is optimized with the Yoast SEO plugin v28.4 - https:\/\/yoast.com\/product\/yoast-seo-wordpress\/ -->\n<title>Cordoglio nel mondo del volontariato per la scomparsa dell&#039;architetto Franco Rui - Bellunopress - Dolomiti<\/title>\n<meta name=\"robots\" content=\"index, follow, max-snippet:-1, max-image-preview:large, max-video-preview:-1\" \/>\n<link rel=\"canonical\" href=\"https:\/\/www.bellunopress.it\/fr\/2013\/02\/28\/cordoglio-nel-mondo-del-volontariato-per-la-scomparsa-dellarchitetto-franco-rui\/\" \/>\n<meta property=\"og:locale\" content=\"fr_FR\" \/>\n<meta property=\"og:type\" content=\"article\" \/>\n<meta property=\"og:title\" content=\"Cordoglio nel mondo del volontariato per la scomparsa dell&#039;architetto Franco Rui - Bellunopress - Dolomiti\" \/>\n<meta property=\"og:description\" content=\"Il Presidente del Comitato d\u2019Intesa e del CSV di Belluno Giorgio Zampieri esprime cordoglio e partecipazione per la scomparsa dell\u2019architetto Franco Rui a nome di tutto il volontariato bellunese. &#8220;E\u2019 stato un precursore dell\u2019attenzione alle persone con disabilit\u00e0, quando ancora non esistevano strutture e leggi a tutela delle famiglie e dei ragazzi adoperandosi con e [&hellip;]\" \/>\n<meta property=\"og:url\" content=\"https:\/\/www.bellunopress.it\/fr\/2013\/02\/28\/cordoglio-nel-mondo-del-volontariato-per-la-scomparsa-dellarchitetto-franco-rui\/\" \/>\n<meta property=\"og:site_name\" content=\"Bellunopress - Dolomiti\" \/>\n<meta property=\"article:publisher\" content=\"https:\/\/www.facebook.com\/profile.php?id=100008943462799\" \/>\n<meta property=\"article:published_time\" content=\"2013-02-28T17:43:15+00:00\" \/>\n<meta property=\"og:image\" content=\"http:\/\/www.bellunopress.it\/wp-content\/uploads\/2011\/10\/lutto.jpg\" \/>\n<meta name=\"author\" content=\"redazione\" \/>\n<meta name=\"twitter:card\" content=\"summary_large_image\" \/>\n<meta name=\"twitter:creator\" content=\"@bellunopress\" \/>\n<meta name=\"twitter:site\" content=\"@bellunopress\" \/>\n<meta name=\"twitter:label1\" content=\"\u00c9crit par\" \/>\n\t<meta name=\"twitter:data1\" content=\"redazione\" \/>\n\t<meta name=\"twitter:label2\" content=\"Dur\u00e9e de lecture estim\u00e9e\" \/>\n\t<meta name=\"twitter:data2\" content=\"1 minute\" \/>\n<script type=\"application\/ld+json\" class=\"yoast-schema-graph\">{\"@context\":\"https:\\\/\\\/schema.org\",\"@graph\":[{\"@type\":\"Article\",\"@id\":\"https:\\\/\\\/www.bellunopress.it\\\/2013\\\/02\\\/28\\\/cordoglio-nel-mondo-del-volontariato-per-la-scomparsa-dellarchitetto-franco-rui\\\/#article\",\"isPartOf\":{\"@id\":\"https:\\\/\\\/www.bellunopress.it\\\/2013\\\/02\\\/28\\\/cordoglio-nel-mondo-del-volontariato-per-la-scomparsa-dellarchitetto-franco-rui\\\/\"},\"author\":{\"name\":\"redazione\",\"@id\":\"https:\\\/\\\/www.bellunopress.it\\\/#\\\/schema\\\/person\\\/79bb06722b37ece1c03d3e94beb30d73\"},\"headline\":\"Cordoglio nel mondo del volontariato per la scomparsa dell&#8217;architetto Franco Rui\",\"datePublished\":\"2013-02-28T17:43:15+00:00\",\"mainEntityOfPage\":{\"@id\":\"https:\\\/\\\/www.bellunopress.it\\\/2013\\\/02\\\/28\\\/cordoglio-nel-mondo-del-volontariato-per-la-scomparsa-dellarchitetto-franco-rui\\\/\"},\"wordCount\":174,\"publisher\":{\"@id\":\"https:\\\/\\\/www.bellunopress.it\\\/#organization\"},\"image\":{\"@id\":\"https:\\\/\\\/www.bellunopress.it\\\/2013\\\/02\\\/28\\\/cordoglio-nel-mondo-del-volontariato-per-la-scomparsa-dellarchitetto-franco-rui\\\/#primaryimage\"},\"thumbnailUrl\":\"http:\\\/\\\/www.bellunopress.it\\\/wp-content\\\/uploads\\\/2011\\\/10\\\/lutto.jpg\",\"articleSection\":[\"Cronaca\\\/Politica\",\"Prima Pagina\"],\"inLanguage\":\"fr-FR\"},{\"@type\":\"WebPage\",\"@id\":\"https:\\\/\\\/www.bellunopress.it\\\/2013\\\/02\\\/28\\\/cordoglio-nel-mondo-del-volontariato-per-la-scomparsa-dellarchitetto-franco-rui\\\/\",\"url\":\"https:\\\/\\\/www.bellunopress.it\\\/2013\\\/02\\\/28\\\/cordoglio-nel-mondo-del-volontariato-per-la-scomparsa-dellarchitetto-franco-rui\\\/\",\"name\":\"Cordoglio nel mondo del volontariato per la scomparsa dell'architetto Franco Rui - Bellunopress - Dolomiti\",\"isPartOf\":{\"@id\":\"https:\\\/\\\/www.bellunopress.it\\\/#website\"},\"primaryImageOfPage\":{\"@id\":\"https:\\\/\\\/www.bellunopress.it\\\/2013\\\/02\\\/28\\\/cordoglio-nel-mondo-del-volontariato-per-la-scomparsa-dellarchitetto-franco-rui\\\/#primaryimage\"},\"image\":{\"@id\":\"https:\\\/\\\/www.bellunopress.it\\\/2013\\\/02\\\/28\\\/cordoglio-nel-mondo-del-volontariato-per-la-scomparsa-dellarchitetto-franco-rui\\\/#primaryimage\"},\"thumbnailUrl\":\"http:\\\/\\\/www.bellunopress.it\\\/wp-content\\\/uploads\\\/2011\\\/10\\\/lutto.jpg\",\"datePublished\":\"2013-02-28T17:43:15+00:00\",\"breadcrumb\":{\"@id\":\"https:\\\/\\\/www.bellunopress.it\\\/2013\\\/02\\\/28\\\/cordoglio-nel-mondo-del-volontariato-per-la-scomparsa-dellarchitetto-franco-rui\\\/#breadcrumb\"},\"inLanguage\":\"fr-FR\",\"potentialAction\":[{\"@type\":\"ReadAction\",\"target\":[\"https:\\\/\\\/www.bellunopress.it\\\/2013\\\/02\\\/28\\\/cordoglio-nel-mondo-del-volontariato-per-la-scomparsa-dellarchitetto-franco-rui\\\/\"]}]},{\"@type\":\"ImageObject\",\"inLanguage\":\"fr-FR\",\"@id\":\"https:\\\/\\\/www.bellunopress.it\\\/2013\\\/02\\\/28\\\/cordoglio-nel-mondo-del-volontariato-per-la-scomparsa-dellarchitetto-franco-rui\\\/#primaryimage\",\"url\":\"http:\\\/\\\/www.bellunopress.it\\\/wp-content\\\/uploads\\\/2011\\\/10\\\/lutto.jpg\",\"contentUrl\":\"http:\\\/\\\/www.bellunopress.it\\\/wp-content\\\/uploads\\\/2011\\\/10\\\/lutto.jpg\"},{\"@type\":\"BreadcrumbList\",\"@id\":\"https:\\\/\\\/www.bellunopress.it\\\/2013\\\/02\\\/28\\\/cordoglio-nel-mondo-del-volontariato-per-la-scomparsa-dellarchitetto-franco-rui\\\/#breadcrumb\",\"itemListElement\":[{\"@type\":\"ListItem\",\"position\":1,\"name\":\"Home\",\"item\":\"https:\\\/\\\/www.bellunopress.it\\\/\"},{\"@type\":\"ListItem\",\"position\":2,\"name\":\"Cordoglio nel mondo del volontariato per la scomparsa dell&#8217;architetto Franco Rui\"}]},{\"@type\":\"WebSite\",\"@id\":\"https:\\\/\\\/www.bellunopress.it\\\/#website\",\"url\":\"https:\\\/\\\/www.bellunopress.it\\\/\",\"name\":\"Bellunopress - Dolomiti\",\"description\":\"e-mail: redazione@bellunopress.it\",\"publisher\":{\"@id\":\"https:\\\/\\\/www.bellunopress.it\\\/#organization\"},\"potentialAction\":[{\"@type\":\"SearchAction\",\"target\":{\"@type\":\"EntryPoint\",\"urlTemplate\":\"https:\\\/\\\/www.bellunopress.it\\\/?s={search_term_string}\"},\"query-input\":{\"@type\":\"PropertyValueSpecification\",\"valueRequired\":true,\"valueName\":\"search_term_string\"}}],\"inLanguage\":\"fr-FR\"},{\"@type\":\"Organization\",\"@id\":\"https:\\\/\\\/www.bellunopress.it\\\/#organization\",\"name\":\"Bellunopress\",\"url\":\"https:\\\/\\\/www.bellunopress.it\\\/\",\"logo\":{\"@type\":\"ImageObject\",\"inLanguage\":\"fr-FR\",\"@id\":\"https:\\\/\\\/www.bellunopress.it\\\/#\\\/schema\\\/logo\\\/image\\\/\",\"url\":\"https:\\\/\\\/www.bellunopress.it\\\/wp-content\\\/uploads\\\/2011\\\/05\\\/cropped-logo-bellunopress-.jpg\",\"contentUrl\":\"https:\\\/\\\/www.bellunopress.it\\\/wp-content\\\/uploads\\\/2011\\\/05\\\/cropped-logo-bellunopress-.jpg\",\"width\":512,\"height\":512,\"caption\":\"Bellunopress\"},\"image\":{\"@id\":\"https:\\\/\\\/www.bellunopress.it\\\/#\\\/schema\\\/logo\\\/image\\\/\"},\"sameAs\":[\"https:\\\/\\\/www.facebook.com\\\/profile.php?id=100008943462799\",\"https:\\\/\\\/x.com\\\/bellunopress\",\"https:\\\/\\\/www.linkedin.com\\\/hp\\\/?dnr=JBzUWaJfMUw8vbXJJ2tVW5-I3jZKvC4wsoxE&amp;amp;amp;amp;amp;amp;trk=nav_responsive_tab_home\",\"https:\\\/\\\/www.youtube.com\\\/channel\\\/UCxL0wu1uN0_3_7hGG0306cw\"]},{\"@type\":\"Person\",\"@id\":\"https:\\\/\\\/www.bellunopress.it\\\/#\\\/schema\\\/person\\\/79bb06722b37ece1c03d3e94beb30d73\",\"name\":\"redazione\",\"image\":{\"@type\":\"ImageObject\",\"inLanguage\":\"fr-FR\",\"@id\":\"https:\\\/\\\/secure.gravatar.com\\\/avatar\\\/37d968a2e67a6fd04c169c4bdef102d0bc5d31b2546345219e348575eb80e9a0?s=96&d=mm&r=g\",\"url\":\"https:\\\/\\\/secure.gravatar.com\\\/avatar\\\/37d968a2e67a6fd04c169c4bdef102d0bc5d31b2546345219e348575eb80e9a0?s=96&d=mm&r=g\",\"contentUrl\":\"https:\\\/\\\/secure.gravatar.com\\\/avatar\\\/37d968a2e67a6fd04c169c4bdef102d0bc5d31b2546345219e348575eb80e9a0?s=96&d=mm&r=g\",\"caption\":\"redazione\"},\"sameAs\":[\"http:\\\/\\\/www.bellunopress.it\",\"https:\\\/\\\/x.com\\\/bellunopress\"],\"url\":\"https:\\\/\\\/www.bellunopress.it\\\/fr\\\/author\\\/redazione\\\/\"}]}<\/script>\n<!-- \/ Yoast SEO plugin. -->","yoast_head_json":{"title":"Cordoglio nel mondo del volontariato per la scomparsa dell'architetto Franco Rui - Bellunopress - Dolomiti","robots":{"index":"index","follow":"follow","max-snippet":"max-snippet:-1","max-image-preview":"max-image-preview:large","max-video-preview":"max-video-preview:-1"},"canonical":"https:\/\/www.bellunopress.it\/fr\/2013\/02\/28\/cordoglio-nel-mondo-del-volontariato-per-la-scomparsa-dellarchitetto-franco-rui\/","og_locale":"fr_FR","og_type":"article","og_title":"Cordoglio nel mondo del volontariato per la scomparsa dell'architetto Franco Rui - Bellunopress - Dolomiti","og_description":"Il Presidente del Comitato d\u2019Intesa e del CSV di Belluno Giorgio Zampieri esprime cordoglio e partecipazione per la scomparsa dell\u2019architetto Franco Rui a nome di tutto il volontariato bellunese. &#8220;E\u2019 stato un precursore dell\u2019attenzione alle persone con disabilit\u00e0, quando ancora non esistevano strutture e leggi a tutela delle famiglie e dei ragazzi adoperandosi con e [&hellip;]","og_url":"https:\/\/www.bellunopress.it\/fr\/2013\/02\/28\/cordoglio-nel-mondo-del-volontariato-per-la-scomparsa-dellarchitetto-franco-rui\/","og_site_name":"Bellunopress - Dolomiti","article_publisher":"https:\/\/www.facebook.com\/profile.php?id=100008943462799","article_published_time":"2013-02-28T17:43:15+00:00","og_image":[{"url":"http:\/\/www.bellunopress.it\/wp-content\/uploads\/2011\/10\/lutto.jpg","type":"","width":"","height":""}],"author":"redazione","twitter_card":"summary_large_image","twitter_creator":"@bellunopress","twitter_site":"@bellunopress","twitter_misc":{"\u00c9crit par":"redazione","Dur\u00e9e de lecture estim\u00e9e":"1 minute"},"schema":{"@context":"https:\/\/schema.org","@graph":[{"@type":"Article","@id":"https:\/\/www.bellunopress.it\/2013\/02\/28\/cordoglio-nel-mondo-del-volontariato-per-la-scomparsa-dellarchitetto-franco-rui\/#article","isPartOf":{"@id":"https:\/\/www.bellunopress.it\/2013\/02\/28\/cordoglio-nel-mondo-del-volontariato-per-la-scomparsa-dellarchitetto-franco-rui\/"},"author":{"name":"redazione","@id":"https:\/\/www.bellunopress.it\/#\/schema\/person\/79bb06722b37ece1c03d3e94beb30d73"},"headline":"Cordoglio nel mondo del volontariato per la scomparsa dell&#8217;architetto Franco Rui","datePublished":"2013-02-28T17:43:15+00:00","mainEntityOfPage":{"@id":"https:\/\/www.bellunopress.it\/2013\/02\/28\/cordoglio-nel-mondo-del-volontariato-per-la-scomparsa-dellarchitetto-franco-rui\/"},"wordCount":174,"publisher":{"@id":"https:\/\/www.bellunopress.it\/#organization"},"image":{"@id":"https:\/\/www.bellunopress.it\/2013\/02\/28\/cordoglio-nel-mondo-del-volontariato-per-la-scomparsa-dellarchitetto-franco-rui\/#primaryimage"},"thumbnailUrl":"http:\/\/www.bellunopress.it\/wp-content\/uploads\/2011\/10\/lutto.jpg","articleSection":["Cronaca\/Politica","Prima Pagina"],"inLanguage":"fr-FR"},{"@type":"WebPage","@id":"https:\/\/www.bellunopress.it\/2013\/02\/28\/cordoglio-nel-mondo-del-volontariato-per-la-scomparsa-dellarchitetto-franco-rui\/","url":"https:\/\/www.bellunopress.it\/2013\/02\/28\/cordoglio-nel-mondo-del-volontariato-per-la-scomparsa-dellarchitetto-franco-rui\/","name":"Cordoglio nel mondo del volontariato per la scomparsa dell'architetto Franco Rui - Bellunopress - Dolomiti","isPartOf":{"@id":"https:\/\/www.bellunopress.it\/#website"},"primaryImageOfPage":{"@id":"https:\/\/www.bellunopress.it\/2013\/02\/28\/cordoglio-nel-mondo-del-volontariato-per-la-scomparsa-dellarchitetto-franco-rui\/#primaryimage"},"image":{"@id":"https:\/\/www.bellunopress.it\/2013\/02\/28\/cordoglio-nel-mondo-del-volontariato-per-la-scomparsa-dellarchitetto-franco-rui\/#primaryimage"},"thumbnailUrl":"http:\/\/www.bellunopress.it\/wp-content\/uploads\/2011\/10\/lutto.jpg","datePublished":"2013-02-28T17:43:15+00:00","breadcrumb":{"@id":"https:\/\/www.bellunopress.it\/2013\/02\/28\/cordoglio-nel-mondo-del-volontariato-per-la-scomparsa-dellarchitetto-franco-rui\/#breadcrumb"},"inLanguage":"fr-FR","potentialAction":[{"@type":"ReadAction","target":["https:\/\/www.bellunopress.it\/2013\/02\/28\/cordoglio-nel-mondo-del-volontariato-per-la-scomparsa-dellarchitetto-franco-rui\/"]}]},{"@type":"ImageObject","inLanguage":"fr-FR","@id":"https:\/\/www.bellunopress.it\/2013\/02\/28\/cordoglio-nel-mondo-del-volontariato-per-la-scomparsa-dellarchitetto-franco-rui\/#primaryimage","url":"http:\/\/www.bellunopress.it\/wp-content\/uploads\/2011\/10\/lutto.jpg","contentUrl":"http:\/\/www.bellunopress.it\/wp-content\/uploads\/2011\/10\/lutto.jpg"},{"@type":"BreadcrumbList","@id":"https:\/\/www.bellunopress.it\/2013\/02\/28\/cordoglio-nel-mondo-del-volontariato-per-la-scomparsa-dellarchitetto-franco-rui\/#breadcrumb","itemListElement":[{"@type":"ListItem","position":1,"name":"Home","item":"https:\/\/www.bellunopress.it\/"},{"@type":"ListItem","position":2,"name":"Cordoglio nel mondo del volontariato per la scomparsa dell&#8217;architetto Franco Rui"}]},{"@type":"WebSite","@id":"https:\/\/www.bellunopress.it\/#website","url":"https:\/\/www.bellunopress.it\/","name":"Bellunopress - Dolomiti","description":"e-mail: redazione@bellunopress.it","publisher":{"@id":"https:\/\/www.bellunopress.it\/#organization"},"potentialAction":[{"@type":"SearchAction","target":{"@type":"EntryPoint","urlTemplate":"https:\/\/www.bellunopress.it\/?s={search_term_string}"},"query-input":{"@type":"PropertyValueSpecification","valueRequired":true,"valueName":"search_term_string"}}],"inLanguage":"fr-FR"},{"@type":"Organization","@id":"https:\/\/www.bellunopress.it\/#organization","name":"Bellunopress","url":"https:\/\/www.bellunopress.it\/","logo":{"@type":"ImageObject","inLanguage":"fr-FR","@id":"https:\/\/www.bellunopress.it\/#\/schema\/logo\/image\/","url":"https:\/\/www.bellunopress.it\/wp-content\/uploads\/2011\/05\/cropped-logo-bellunopress-.jpg","contentUrl":"https:\/\/www.bellunopress.it\/wp-content\/uploads\/2011\/05\/cropped-logo-bellunopress-.jpg","width":512,"height":512,"caption":"Bellunopress"},"image":{"@id":"https:\/\/www.bellunopress.it\/#\/schema\/logo\/image\/"},"sameAs":["https:\/\/www.facebook.com\/profile.php?id=100008943462799","https:\/\/x.com\/bellunopress","https:\/\/www.linkedin.com\/hp\/?dnr=JBzUWaJfMUw8vbXJJ2tVW5-I3jZKvC4wsoxE&amp;amp;amp;amp;amp;amp;trk=nav_responsive_tab_home","https:\/\/www.youtube.com\/channel\/UCxL0wu1uN0_3_7hGG0306cw"]},{"@type":"Person","@id":"https:\/\/www.bellunopress.it\/#\/schema\/person\/79bb06722b37ece1c03d3e94beb30d73","name":"r\u00e9daction","image":{"@type":"ImageObject","inLanguage":"fr-FR","@id":"https:\/\/secure.gravatar.com\/avatar\/37d968a2e67a6fd04c169c4bdef102d0bc5d31b2546345219e348575eb80e9a0?s=96&d=mm&r=g","url":"https:\/\/secure.gravatar.com\/avatar\/37d968a2e67a6fd04c169c4bdef102d0bc5d31b2546345219e348575eb80e9a0?s=96&d=mm&r=g","contentUrl":"https:\/\/secure.gravatar.com\/avatar\/37d968a2e67a6fd04c169c4bdef102d0bc5d31b2546345219e348575eb80e9a0?s=96&d=mm&r=g","caption":"redazione"},"sameAs":["http:\/\/www.bellunopress.it","https:\/\/x.com\/bellunopress"],"url":"https:\/\/www.bellunopress.it\/fr\/author\/redazione\/"}]}},"_links":{"self":[{"href":"https:\/\/www.bellunopress.it\/fr\/wp-json\/wp\/v2\/posts\/47180","targetHints":{"allow":["GET"]}}],"collection":[{"href":"https:\/\/www.bellunopress.it\/fr\/wp-json\/wp\/v2\/posts"}],"about":[{"href":"https:\/\/www.bellunopress.it\/fr\/wp-json\/wp\/v2\/types\/post"}],"author":[{"embeddable":true,"href":"https:\/\/www.bellunopress.it\/fr\/wp-json\/wp\/v2\/users\/2"}],"replies":[{"embeddable":true,"href":"https:\/\/www.bellunopress.it\/fr\/wp-json\/wp\/v2\/comments?post=47180"}],"version-history":[{"count":1,"href":"https:\/\/www.bellunopress.it\/fr\/wp-json\/wp\/v2\/posts\/47180\/revisions"}],"predecessor-version":[{"id":47181,"href":"https:\/\/www.bellunopress.it\/fr\/wp-json\/wp\/v2\/posts\/47180\/revisions\/47181"}],"wp:attachment":[{"href":"https:\/\/www.bellunopress.it\/fr\/wp-json\/wp\/v2\/media?parent=47180"}],"wp:term":[{"taxonomy":"category","embeddable":true,"href":"https:\/\/www.bellunopress.it\/fr\/wp-json\/wp\/v2\/categories?post=47180"},{"taxonomy":"post_tag","embeddable":true,"href":"https:\/\/www.bellunopress.it\/fr\/wp-json\/wp\/v2\/tags?post=47180"}],"curies":[{"name":"wp","href":"https:\/\/api.w.org\/{rel}","templated":true}]}}