{"id":47175,"date":"2013-02-28T15:11:23","date_gmt":"2013-02-28T14:11:23","guid":{"rendered":"http:\/\/www.bellunopress.it\/?p=47175"},"modified":"2013-02-28T18:22:21","modified_gmt":"2013-02-28T17:22:21","slug":"miss-italia-giusy-buscemi-e-miss-deborah-milano-lucrezia-massari-oggi-alla-profumeria-maraga","status":"publish","type":"post","link":"https:\/\/www.bellunopress.it\/fr\/2013\/02\/28\/miss-italia-giusy-buscemi-e-miss-deborah-milano-lucrezia-massari-oggi-alla-profumeria-maraga\/","title":{"rendered":"Miss Italia Giusy Buscemi e Miss Deborah Milano Lucrezia Massari oggi alla Profumeria Maraga"},"content":{"rendered":"<p><a href=\"http:\/\/www.bellunopress.it\/wp-content\/uploads\/2013\/02\/miss-profumeria-maraga.jpg\"><img loading=\"lazy\" decoding=\"async\" class=\"alignleft size-full wp-image-47176\" alt=\"miss profumeria maraga\" src=\"http:\/\/www.bellunopress.it\/wp-content\/uploads\/2013\/02\/miss-profumeria-maraga.jpg\" width=\"270\" height=\"219\" \/><\/a>Giornata all&#8217;insegna della bellezza e del make up, con i suggerimenti per il trucco personalizzato e brindisi di benvenuto oggi alla Profumeria Maraga in Via Caffi 28 a Belluno.<\/p>\n<p>Ospiti dell&#8217;evento Giusy Buscemi, Miss Italia 2012, 19enne nata a Mazara del Vallo (TP) e residente a Menfi. Capelli biondi, occhi verdi, altezza 1 metro e 75. E Lucrezia Massari, Miss Deborah Milano 2012, 18enne nata e residente a Carrara (MS). Capelli castani, 1 metro e 80 ed occhi verdi.<\/p>\n<p>Le due affascinanti miss erano testimonial del marchio Deborah Milano, sponsor di Miss Italia dal 1997, il pi\u00f9 prestigioso concorso di bellezza italiano che si avvale della storica azienda Deborah Group fondata nel 1903, simbolo dell&#8217;estetica made in Italy.<\/p>","protected":false},"excerpt":{"rendered":"<p>Giornata all&#8217;insegna della bellezza e del make up, con i suggerimenti per il trucco personalizzato e brindisi di benvenuto oggi alla Profumeria Maraga in Via Caffi 28 a Belluno. Ospiti dell&#8217;evento Giusy Buscemi, Miss Italia 2012, 19enne nata a Mazara del Vallo (TP) e residente a Menfi. Capelli biondi, occhi verdi, altezza 1 metro e [&hellip;]<\/p>\n","protected":false},"author":2,"featured_media":0,"comment_status":"closed","ping_status":"open","sticky":false,"template":"","format":"standard","meta":{"footnotes":""},"categories":[26,8],"tags":[],"class_list":["post-47175","post","type-post","status-publish","format-standard","category-prima-pagina","category-societa-istituzioni"],"yoast_head":"<!-- This site is optimized with the Yoast SEO plugin v28.4 - https:\/\/yoast.com\/product\/yoast-seo-wordpress\/ -->\n<title>Miss Italia Giusy Buscemi e Miss Deborah Milano Lucrezia Massari oggi alla Profumeria Maraga - Bellunopress - Dolomiti<\/title>\n<meta name=\"robots\" content=\"index, follow, max-snippet:-1, max-image-preview:large, max-video-preview:-1\" \/>\n<link rel=\"canonical\" href=\"https:\/\/www.bellunopress.it\/fr\/2013\/02\/28\/miss-italia-giusy-buscemi-e-miss-deborah-milano-lucrezia-massari-oggi-alla-profumeria-maraga\/\" \/>\n<meta property=\"og:locale\" content=\"fr_FR\" \/>\n<meta property=\"og:type\" content=\"article\" \/>\n<meta property=\"og:title\" content=\"Miss Italia Giusy Buscemi e Miss Deborah Milano Lucrezia Massari oggi alla Profumeria Maraga - Bellunopress - Dolomiti\" \/>\n<meta property=\"og:description\" content=\"Giornata all&#8217;insegna della bellezza e del make up, con i suggerimenti per il trucco personalizzato e brindisi di benvenuto oggi alla Profumeria Maraga in Via Caffi 28 a Belluno. Ospiti dell&#8217;evento Giusy Buscemi, Miss Italia 2012, 19enne nata a Mazara del Vallo (TP) e residente a Menfi. Capelli biondi, occhi verdi, altezza 1 metro e [&hellip;]\" \/>\n<meta property=\"og:url\" content=\"https:\/\/www.bellunopress.it\/fr\/2013\/02\/28\/miss-italia-giusy-buscemi-e-miss-deborah-milano-lucrezia-massari-oggi-alla-profumeria-maraga\/\" \/>\n<meta property=\"og:site_name\" content=\"Bellunopress - Dolomiti\" \/>\n<meta property=\"article:publisher\" content=\"https:\/\/www.facebook.com\/profile.php?id=100008943462799\" \/>\n<meta property=\"article:published_time\" content=\"2013-02-28T14:11:23+00:00\" \/>\n<meta property=\"article:modified_time\" content=\"2013-02-28T17:22:21+00:00\" \/>\n<meta property=\"og:image\" content=\"http:\/\/www.bellunopress.it\/wp-content\/uploads\/2013\/02\/miss-profumeria-maraga.jpg\" \/>\n<meta name=\"author\" content=\"redazione\" \/>\n<meta name=\"twitter:card\" content=\"summary_large_image\" \/>\n<meta name=\"twitter:creator\" content=\"@bellunopress\" \/>\n<meta name=\"twitter:site\" content=\"@bellunopress\" \/>\n<meta name=\"twitter:label1\" content=\"\u00c9crit par\" \/>\n\t<meta name=\"twitter:data1\" content=\"redazione\" \/>\n\t<meta name=\"twitter:label2\" content=\"Dur\u00e9e de lecture estim\u00e9e\" \/>\n\t<meta name=\"twitter:data2\" content=\"1 minute\" \/>\n<script type=\"application\/ld+json\" class=\"yoast-schema-graph\">{\"@context\":\"https:\\\/\\\/schema.org\",\"@graph\":[{\"@type\":\"Article\",\"@id\":\"https:\\\/\\\/www.bellunopress.it\\\/2013\\\/02\\\/28\\\/miss-italia-giusy-buscemi-e-miss-deborah-milano-lucrezia-massari-oggi-alla-profumeria-maraga\\\/#article\",\"isPartOf\":{\"@id\":\"https:\\\/\\\/www.bellunopress.it\\\/2013\\\/02\\\/28\\\/miss-italia-giusy-buscemi-e-miss-deborah-milano-lucrezia-massari-oggi-alla-profumeria-maraga\\\/\"},\"author\":{\"name\":\"redazione\",\"@id\":\"https:\\\/\\\/www.bellunopress.it\\\/#\\\/schema\\\/person\\\/79bb06722b37ece1c03d3e94beb30d73\"},\"headline\":\"Miss Italia Giusy Buscemi e Miss Deborah Milano Lucrezia Massari oggi alla Profumeria Maraga\",\"datePublished\":\"2013-02-28T14:11:23+00:00\",\"dateModified\":\"2013-02-28T17:22:21+00:00\",\"mainEntityOfPage\":{\"@id\":\"https:\\\/\\\/www.bellunopress.it\\\/2013\\\/02\\\/28\\\/miss-italia-giusy-buscemi-e-miss-deborah-milano-lucrezia-massari-oggi-alla-profumeria-maraga\\\/\"},\"wordCount\":126,\"publisher\":{\"@id\":\"https:\\\/\\\/www.bellunopress.it\\\/#organization\"},\"image\":{\"@id\":\"https:\\\/\\\/www.bellunopress.it\\\/2013\\\/02\\\/28\\\/miss-italia-giusy-buscemi-e-miss-deborah-milano-lucrezia-massari-oggi-alla-profumeria-maraga\\\/#primaryimage\"},\"thumbnailUrl\":\"http:\\\/\\\/www.bellunopress.it\\\/wp-content\\\/uploads\\\/2013\\\/02\\\/miss-profumeria-maraga.jpg\",\"articleSection\":[\"Prima Pagina\",\"Societ\u00e0, Associazioni, Istituzioni\"],\"inLanguage\":\"fr-FR\"},{\"@type\":\"WebPage\",\"@id\":\"https:\\\/\\\/www.bellunopress.it\\\/2013\\\/02\\\/28\\\/miss-italia-giusy-buscemi-e-miss-deborah-milano-lucrezia-massari-oggi-alla-profumeria-maraga\\\/\",\"url\":\"https:\\\/\\\/www.bellunopress.it\\\/2013\\\/02\\\/28\\\/miss-italia-giusy-buscemi-e-miss-deborah-milano-lucrezia-massari-oggi-alla-profumeria-maraga\\\/\",\"name\":\"Miss Italia Giusy Buscemi e Miss Deborah Milano Lucrezia Massari oggi alla Profumeria Maraga - Bellunopress - Dolomiti\",\"isPartOf\":{\"@id\":\"https:\\\/\\\/www.bellunopress.it\\\/#website\"},\"primaryImageOfPage\":{\"@id\":\"https:\\\/\\\/www.bellunopress.it\\\/2013\\\/02\\\/28\\\/miss-italia-giusy-buscemi-e-miss-deborah-milano-lucrezia-massari-oggi-alla-profumeria-maraga\\\/#primaryimage\"},\"image\":{\"@id\":\"https:\\\/\\\/www.bellunopress.it\\\/2013\\\/02\\\/28\\\/miss-italia-giusy-buscemi-e-miss-deborah-milano-lucrezia-massari-oggi-alla-profumeria-maraga\\\/#primaryimage\"},\"thumbnailUrl\":\"http:\\\/\\\/www.bellunopress.it\\\/wp-content\\\/uploads\\\/2013\\\/02\\\/miss-profumeria-maraga.jpg\",\"datePublished\":\"2013-02-28T14:11:23+00:00\",\"dateModified\":\"2013-02-28T17:22:21+00:00\",\"breadcrumb\":{\"@id\":\"https:\\\/\\\/www.bellunopress.it\\\/2013\\\/02\\\/28\\\/miss-italia-giusy-buscemi-e-miss-deborah-milano-lucrezia-massari-oggi-alla-profumeria-maraga\\\/#breadcrumb\"},\"inLanguage\":\"fr-FR\",\"potentialAction\":[{\"@type\":\"ReadAction\",\"target\":[\"https:\\\/\\\/www.bellunopress.it\\\/2013\\\/02\\\/28\\\/miss-italia-giusy-buscemi-e-miss-deborah-milano-lucrezia-massari-oggi-alla-profumeria-maraga\\\/\"]}]},{\"@type\":\"ImageObject\",\"inLanguage\":\"fr-FR\",\"@id\":\"https:\\\/\\\/www.bellunopress.it\\\/2013\\\/02\\\/28\\\/miss-italia-giusy-buscemi-e-miss-deborah-milano-lucrezia-massari-oggi-alla-profumeria-maraga\\\/#primaryimage\",\"url\":\"http:\\\/\\\/www.bellunopress.it\\\/wp-content\\\/uploads\\\/2013\\\/02\\\/miss-profumeria-maraga.jpg\",\"contentUrl\":\"http:\\\/\\\/www.bellunopress.it\\\/wp-content\\\/uploads\\\/2013\\\/02\\\/miss-profumeria-maraga.jpg\"},{\"@type\":\"BreadcrumbList\",\"@id\":\"https:\\\/\\\/www.bellunopress.it\\\/2013\\\/02\\\/28\\\/miss-italia-giusy-buscemi-e-miss-deborah-milano-lucrezia-massari-oggi-alla-profumeria-maraga\\\/#breadcrumb\",\"itemListElement\":[{\"@type\":\"ListItem\",\"position\":1,\"name\":\"Home\",\"item\":\"https:\\\/\\\/www.bellunopress.it\\\/\"},{\"@type\":\"ListItem\",\"position\":2,\"name\":\"Miss Italia Giusy Buscemi e Miss Deborah Milano Lucrezia Massari oggi alla Profumeria Maraga\"}]},{\"@type\":\"WebSite\",\"@id\":\"https:\\\/\\\/www.bellunopress.it\\\/#website\",\"url\":\"https:\\\/\\\/www.bellunopress.it\\\/\",\"name\":\"Bellunopress - Dolomiti\",\"description\":\"e-mail: redazione@bellunopress.it\",\"publisher\":{\"@id\":\"https:\\\/\\\/www.bellunopress.it\\\/#organization\"},\"potentialAction\":[{\"@type\":\"SearchAction\",\"target\":{\"@type\":\"EntryPoint\",\"urlTemplate\":\"https:\\\/\\\/www.bellunopress.it\\\/?s={search_term_string}\"},\"query-input\":{\"@type\":\"PropertyValueSpecification\",\"valueRequired\":true,\"valueName\":\"search_term_string\"}}],\"inLanguage\":\"fr-FR\"},{\"@type\":\"Organization\",\"@id\":\"https:\\\/\\\/www.bellunopress.it\\\/#organization\",\"name\":\"Bellunopress\",\"url\":\"https:\\\/\\\/www.bellunopress.it\\\/\",\"logo\":{\"@type\":\"ImageObject\",\"inLanguage\":\"fr-FR\",\"@id\":\"https:\\\/\\\/www.bellunopress.it\\\/#\\\/schema\\\/logo\\\/image\\\/\",\"url\":\"https:\\\/\\\/www.bellunopress.it\\\/wp-content\\\/uploads\\\/2011\\\/05\\\/cropped-logo-bellunopress-.jpg\",\"contentUrl\":\"https:\\\/\\\/www.bellunopress.it\\\/wp-content\\\/uploads\\\/2011\\\/05\\\/cropped-logo-bellunopress-.jpg\",\"width\":512,\"height\":512,\"caption\":\"Bellunopress\"},\"image\":{\"@id\":\"https:\\\/\\\/www.bellunopress.it\\\/#\\\/schema\\\/logo\\\/image\\\/\"},\"sameAs\":[\"https:\\\/\\\/www.facebook.com\\\/profile.php?id=100008943462799\",\"https:\\\/\\\/x.com\\\/bellunopress\",\"https:\\\/\\\/www.linkedin.com\\\/hp\\\/?dnr=JBzUWaJfMUw8vbXJJ2tVW5-I3jZKvC4wsoxE&amp;amp;amp;amp;amp;amp;trk=nav_responsive_tab_home\",\"https:\\\/\\\/www.youtube.com\\\/channel\\\/UCxL0wu1uN0_3_7hGG0306cw\"]},{\"@type\":\"Person\",\"@id\":\"https:\\\/\\\/www.bellunopress.it\\\/#\\\/schema\\\/person\\\/79bb06722b37ece1c03d3e94beb30d73\",\"name\":\"redazione\",\"image\":{\"@type\":\"ImageObject\",\"inLanguage\":\"fr-FR\",\"@id\":\"https:\\\/\\\/secure.gravatar.com\\\/avatar\\\/37d968a2e67a6fd04c169c4bdef102d0bc5d31b2546345219e348575eb80e9a0?s=96&d=mm&r=g\",\"url\":\"https:\\\/\\\/secure.gravatar.com\\\/avatar\\\/37d968a2e67a6fd04c169c4bdef102d0bc5d31b2546345219e348575eb80e9a0?s=96&d=mm&r=g\",\"contentUrl\":\"https:\\\/\\\/secure.gravatar.com\\\/avatar\\\/37d968a2e67a6fd04c169c4bdef102d0bc5d31b2546345219e348575eb80e9a0?s=96&d=mm&r=g\",\"caption\":\"redazione\"},\"sameAs\":[\"http:\\\/\\\/www.bellunopress.it\",\"https:\\\/\\\/x.com\\\/bellunopress\"],\"url\":\"https:\\\/\\\/www.bellunopress.it\\\/fr\\\/author\\\/redazione\\\/\"}]}<\/script>\n<!-- \/ Yoast SEO plugin. -->","yoast_head_json":{"title":"Miss Italia Giusy Buscemi e Miss Deborah Milano Lucrezia Massari oggi alla Profumeria Maraga - Bellunopress - Dolomiti","robots":{"index":"index","follow":"follow","max-snippet":"max-snippet:-1","max-image-preview":"max-image-preview:large","max-video-preview":"max-video-preview:-1"},"canonical":"https:\/\/www.bellunopress.it\/fr\/2013\/02\/28\/miss-italia-giusy-buscemi-e-miss-deborah-milano-lucrezia-massari-oggi-alla-profumeria-maraga\/","og_locale":"fr_FR","og_type":"article","og_title":"Miss Italia Giusy Buscemi e Miss Deborah Milano Lucrezia Massari oggi alla Profumeria Maraga - Bellunopress - Dolomiti","og_description":"Giornata all&#8217;insegna della bellezza e del make up, con i suggerimenti per il trucco personalizzato e brindisi di benvenuto oggi alla Profumeria Maraga in Via Caffi 28 a Belluno. Ospiti dell&#8217;evento Giusy Buscemi, Miss Italia 2012, 19enne nata a Mazara del Vallo (TP) e residente a Menfi. Capelli biondi, occhi verdi, altezza 1 metro e [&hellip;]","og_url":"https:\/\/www.bellunopress.it\/fr\/2013\/02\/28\/miss-italia-giusy-buscemi-e-miss-deborah-milano-lucrezia-massari-oggi-alla-profumeria-maraga\/","og_site_name":"Bellunopress - Dolomiti","article_publisher":"https:\/\/www.facebook.com\/profile.php?id=100008943462799","article_published_time":"2013-02-28T14:11:23+00:00","article_modified_time":"2013-02-28T17:22:21+00:00","og_image":[{"url":"http:\/\/www.bellunopress.it\/wp-content\/uploads\/2013\/02\/miss-profumeria-maraga.jpg","type":"","width":"","height":""}],"author":"redazione","twitter_card":"summary_large_image","twitter_creator":"@bellunopress","twitter_site":"@bellunopress","twitter_misc":{"\u00c9crit par":"redazione","Dur\u00e9e de lecture estim\u00e9e":"1 minute"},"schema":{"@context":"https:\/\/schema.org","@graph":[{"@type":"Article","@id":"https:\/\/www.bellunopress.it\/2013\/02\/28\/miss-italia-giusy-buscemi-e-miss-deborah-milano-lucrezia-massari-oggi-alla-profumeria-maraga\/#article","isPartOf":{"@id":"https:\/\/www.bellunopress.it\/2013\/02\/28\/miss-italia-giusy-buscemi-e-miss-deborah-milano-lucrezia-massari-oggi-alla-profumeria-maraga\/"},"author":{"name":"redazione","@id":"https:\/\/www.bellunopress.it\/#\/schema\/person\/79bb06722b37ece1c03d3e94beb30d73"},"headline":"Miss Italia Giusy Buscemi e Miss Deborah Milano Lucrezia Massari oggi alla Profumeria Maraga","datePublished":"2013-02-28T14:11:23+00:00","dateModified":"2013-02-28T17:22:21+00:00","mainEntityOfPage":{"@id":"https:\/\/www.bellunopress.it\/2013\/02\/28\/miss-italia-giusy-buscemi-e-miss-deborah-milano-lucrezia-massari-oggi-alla-profumeria-maraga\/"},"wordCount":126,"publisher":{"@id":"https:\/\/www.bellunopress.it\/#organization"},"image":{"@id":"https:\/\/www.bellunopress.it\/2013\/02\/28\/miss-italia-giusy-buscemi-e-miss-deborah-milano-lucrezia-massari-oggi-alla-profumeria-maraga\/#primaryimage"},"thumbnailUrl":"http:\/\/www.bellunopress.it\/wp-content\/uploads\/2013\/02\/miss-profumeria-maraga.jpg","articleSection":["Prima Pagina","Societ\u00e0, Associazioni, Istituzioni"],"inLanguage":"fr-FR"},{"@type":"WebPage","@id":"https:\/\/www.bellunopress.it\/2013\/02\/28\/miss-italia-giusy-buscemi-e-miss-deborah-milano-lucrezia-massari-oggi-alla-profumeria-maraga\/","url":"https:\/\/www.bellunopress.it\/2013\/02\/28\/miss-italia-giusy-buscemi-e-miss-deborah-milano-lucrezia-massari-oggi-alla-profumeria-maraga\/","name":"Miss Italia Giusy Buscemi e Miss Deborah Milano Lucrezia Massari oggi alla Profumeria Maraga - Bellunopress - Dolomiti","isPartOf":{"@id":"https:\/\/www.bellunopress.it\/#website"},"primaryImageOfPage":{"@id":"https:\/\/www.bellunopress.it\/2013\/02\/28\/miss-italia-giusy-buscemi-e-miss-deborah-milano-lucrezia-massari-oggi-alla-profumeria-maraga\/#primaryimage"},"image":{"@id":"https:\/\/www.bellunopress.it\/2013\/02\/28\/miss-italia-giusy-buscemi-e-miss-deborah-milano-lucrezia-massari-oggi-alla-profumeria-maraga\/#primaryimage"},"thumbnailUrl":"http:\/\/www.bellunopress.it\/wp-content\/uploads\/2013\/02\/miss-profumeria-maraga.jpg","datePublished":"2013-02-28T14:11:23+00:00","dateModified":"2013-02-28T17:22:21+00:00","breadcrumb":{"@id":"https:\/\/www.bellunopress.it\/2013\/02\/28\/miss-italia-giusy-buscemi-e-miss-deborah-milano-lucrezia-massari-oggi-alla-profumeria-maraga\/#breadcrumb"},"inLanguage":"fr-FR","potentialAction":[{"@type":"ReadAction","target":["https:\/\/www.bellunopress.it\/2013\/02\/28\/miss-italia-giusy-buscemi-e-miss-deborah-milano-lucrezia-massari-oggi-alla-profumeria-maraga\/"]}]},{"@type":"ImageObject","inLanguage":"fr-FR","@id":"https:\/\/www.bellunopress.it\/2013\/02\/28\/miss-italia-giusy-buscemi-e-miss-deborah-milano-lucrezia-massari-oggi-alla-profumeria-maraga\/#primaryimage","url":"http:\/\/www.bellunopress.it\/wp-content\/uploads\/2013\/02\/miss-profumeria-maraga.jpg","contentUrl":"http:\/\/www.bellunopress.it\/wp-content\/uploads\/2013\/02\/miss-profumeria-maraga.jpg"},{"@type":"BreadcrumbList","@id":"https:\/\/www.bellunopress.it\/2013\/02\/28\/miss-italia-giusy-buscemi-e-miss-deborah-milano-lucrezia-massari-oggi-alla-profumeria-maraga\/#breadcrumb","itemListElement":[{"@type":"ListItem","position":1,"name":"Home","item":"https:\/\/www.bellunopress.it\/"},{"@type":"ListItem","position":2,"name":"Miss Italia Giusy Buscemi e Miss Deborah Milano Lucrezia Massari oggi alla Profumeria Maraga"}]},{"@type":"WebSite","@id":"https:\/\/www.bellunopress.it\/#website","url":"https:\/\/www.bellunopress.it\/","name":"Bellunopress - Dolomiti","description":"e-mail: redazione@bellunopress.it","publisher":{"@id":"https:\/\/www.bellunopress.it\/#organization"},"potentialAction":[{"@type":"SearchAction","target":{"@type":"EntryPoint","urlTemplate":"https:\/\/www.bellunopress.it\/?s={search_term_string}"},"query-input":{"@type":"PropertyValueSpecification","valueRequired":true,"valueName":"search_term_string"}}],"inLanguage":"fr-FR"},{"@type":"Organization","@id":"https:\/\/www.bellunopress.it\/#organization","name":"Bellunopress","url":"https:\/\/www.bellunopress.it\/","logo":{"@type":"ImageObject","inLanguage":"fr-FR","@id":"https:\/\/www.bellunopress.it\/#\/schema\/logo\/image\/","url":"https:\/\/www.bellunopress.it\/wp-content\/uploads\/2011\/05\/cropped-logo-bellunopress-.jpg","contentUrl":"https:\/\/www.bellunopress.it\/wp-content\/uploads\/2011\/05\/cropped-logo-bellunopress-.jpg","width":512,"height":512,"caption":"Bellunopress"},"image":{"@id":"https:\/\/www.bellunopress.it\/#\/schema\/logo\/image\/"},"sameAs":["https:\/\/www.facebook.com\/profile.php?id=100008943462799","https:\/\/x.com\/bellunopress","https:\/\/www.linkedin.com\/hp\/?dnr=JBzUWaJfMUw8vbXJJ2tVW5-I3jZKvC4wsoxE&amp;amp;amp;amp;amp;amp;trk=nav_responsive_tab_home","https:\/\/www.youtube.com\/channel\/UCxL0wu1uN0_3_7hGG0306cw"]},{"@type":"Person","@id":"https:\/\/www.bellunopress.it\/#\/schema\/person\/79bb06722b37ece1c03d3e94beb30d73","name":"r\u00e9daction","image":{"@type":"ImageObject","inLanguage":"fr-FR","@id":"https:\/\/secure.gravatar.com\/avatar\/37d968a2e67a6fd04c169c4bdef102d0bc5d31b2546345219e348575eb80e9a0?s=96&d=mm&r=g","url":"https:\/\/secure.gravatar.com\/avatar\/37d968a2e67a6fd04c169c4bdef102d0bc5d31b2546345219e348575eb80e9a0?s=96&d=mm&r=g","contentUrl":"https:\/\/secure.gravatar.com\/avatar\/37d968a2e67a6fd04c169c4bdef102d0bc5d31b2546345219e348575eb80e9a0?s=96&d=mm&r=g","caption":"redazione"},"sameAs":["http:\/\/www.bellunopress.it","https:\/\/x.com\/bellunopress"],"url":"https:\/\/www.bellunopress.it\/fr\/author\/redazione\/"}]}},"_links":{"self":[{"href":"https:\/\/www.bellunopress.it\/fr\/wp-json\/wp\/v2\/posts\/47175","targetHints":{"allow":["GET"]}}],"collection":[{"href":"https:\/\/www.bellunopress.it\/fr\/wp-json\/wp\/v2\/posts"}],"about":[{"href":"https:\/\/www.bellunopress.it\/fr\/wp-json\/wp\/v2\/types\/post"}],"author":[{"embeddable":true,"href":"https:\/\/www.bellunopress.it\/fr\/wp-json\/wp\/v2\/users\/2"}],"replies":[{"embeddable":true,"href":"https:\/\/www.bellunopress.it\/fr\/wp-json\/wp\/v2\/comments?post=47175"}],"version-history":[{"count":2,"href":"https:\/\/www.bellunopress.it\/fr\/wp-json\/wp\/v2\/posts\/47175\/revisions"}],"predecessor-version":[{"id":47179,"href":"https:\/\/www.bellunopress.it\/fr\/wp-json\/wp\/v2\/posts\/47175\/revisions\/47179"}],"wp:attachment":[{"href":"https:\/\/www.bellunopress.it\/fr\/wp-json\/wp\/v2\/media?parent=47175"}],"wp:term":[{"taxonomy":"category","embeddable":true,"href":"https:\/\/www.bellunopress.it\/fr\/wp-json\/wp\/v2\/categories?post=47175"},{"taxonomy":"post_tag","embeddable":true,"href":"https:\/\/www.bellunopress.it\/fr\/wp-json\/wp\/v2\/tags?post=47175"}],"curies":[{"name":"wp","href":"https:\/\/api.w.org\/{rel}","templated":true}]}}