{"id":47171,"date":"2013-02-28T16:34:59","date_gmt":"2013-02-28T15:34:59","guid":{"rendered":"http:\/\/www.bellunopress.it\/?p=47171"},"modified":"2013-02-28T16:34:59","modified_gmt":"2013-02-28T15:34:59","slug":"perquisizione-della-guardia-di-finanza-alla-sede-di-veneto-strade-zaia-come-sempre-massima-fiducia-nelloperato-della-magistratura-e-assoluta-collaborazione","status":"publish","type":"post","link":"https:\/\/www.bellunopress.it\/fr\/2013\/02\/28\/perquisizione-della-guardia-di-finanza-alla-sede-di-veneto-strade-zaia-come-sempre-massima-fiducia-nelloperato-della-magistratura-e-assoluta-collaborazione\/","title":{"rendered":"Perquisizione della Guardia di Finanza alla sede di Veneto Strade. Zaia: &#8220;Come sempre massima fiducia nell&#8217;operato della magistratura e assoluta collaborazione&#8221;"},"content":{"rendered":"<p>Interpellato dai giornalisti sull\u2019inchiesta avviata dai magistrati veneziani che vede coinvolta anche la societ\u00e0 regionale Veneto Strade, la cui sede \u00e8 stata oggi oggetto di perquisizione da parte della Guardia di Finanza, il presidente della Regione del Veneto, Luca Zaia, ha sottolineato di avere \u201cla pi\u00f9 assoluta fiducia nell\u2019operato della Magistratura\u201d e ha confermato la \u201cmassima disponibilit\u00e0 dell\u2019amministrazione regionale a collaborare con gli inquirenti, mettendo a loro disposizione tutti gli atti e le informazioni necessari nelle indagini\u201d.<\/p>\n<p><img decoding=\"async\" alt=\"\" src=\"http:\/\/www.bellunopress.it\/wp-content\/uploads\/2010\/06\/zaia-leggeriss.jpg\" \/><\/p>\n<p>\u201cIl nostro principale interesse \u2013 ha aggiunto Zaia \u2013 \u00e8 che sia fatta massima chiarezza nel pi\u00f9 breve tempo possibile e, per quanto mi riguarda, ci\u00f2 che pi\u00f9 conta \u00e8 la totale trasparenza\u201d.<\/p>","protected":false},"excerpt":{"rendered":"<p>Interpellato dai giornalisti sull\u2019inchiesta avviata dai magistrati veneziani che vede coinvolta anche la societ\u00e0 regionale Veneto Strade, la cui sede \u00e8 stata oggi oggetto di perquisizione da parte della Guardia di Finanza, il presidente della Regione del Veneto, Luca Zaia, ha sottolineato di avere \u201cla pi\u00f9 assoluta fiducia nell\u2019operato della Magistratura\u201d e ha confermato la [&hellip;]<\/p>\n","protected":false},"author":2,"featured_media":0,"comment_status":"closed","ping_status":"open","sticky":false,"template":"","format":"standard","meta":{"footnotes":""},"categories":[5,26],"tags":[],"class_list":["post-47171","post","type-post","status-publish","format-standard","category-cronaca","category-prima-pagina"],"yoast_head":"<!-- This site is optimized with the Yoast SEO plugin v28.4 - https:\/\/yoast.com\/product\/yoast-seo-wordpress\/ -->\n<title>Perquisizione della Guardia di Finanza alla sede di Veneto Strade. Zaia: &quot;Come sempre massima fiducia nell&#039;operato della magistratura e assoluta collaborazione&quot; - Bellunopress - Dolomiti<\/title>\n<meta name=\"robots\" content=\"index, follow, max-snippet:-1, max-image-preview:large, max-video-preview:-1\" \/>\n<link rel=\"canonical\" href=\"https:\/\/www.bellunopress.it\/fr\/2013\/02\/28\/perquisizione-della-guardia-di-finanza-alla-sede-di-veneto-strade-zaia-come-sempre-massima-fiducia-nelloperato-della-magistratura-e-assoluta-collaborazione\/\" \/>\n<meta property=\"og:locale\" content=\"fr_FR\" \/>\n<meta property=\"og:type\" content=\"article\" \/>\n<meta property=\"og:title\" content=\"Perquisizione della Guardia di Finanza alla sede di Veneto Strade. Zaia: &quot;Come sempre massima fiducia nell&#039;operato della magistratura e assoluta collaborazione&quot; - Bellunopress - Dolomiti\" \/>\n<meta property=\"og:description\" content=\"Interpellato dai giornalisti sull\u2019inchiesta avviata dai magistrati veneziani che vede coinvolta anche la societ\u00e0 regionale Veneto Strade, la cui sede \u00e8 stata oggi oggetto di perquisizione da parte della Guardia di Finanza, il presidente della Regione del Veneto, Luca Zaia, ha sottolineato di avere \u201cla pi\u00f9 assoluta fiducia nell\u2019operato della Magistratura\u201d e ha confermato la [&hellip;]\" \/>\n<meta property=\"og:url\" content=\"https:\/\/www.bellunopress.it\/fr\/2013\/02\/28\/perquisizione-della-guardia-di-finanza-alla-sede-di-veneto-strade-zaia-come-sempre-massima-fiducia-nelloperato-della-magistratura-e-assoluta-collaborazione\/\" \/>\n<meta property=\"og:site_name\" content=\"Bellunopress - Dolomiti\" \/>\n<meta property=\"article:publisher\" content=\"https:\/\/www.facebook.com\/profile.php?id=100008943462799\" \/>\n<meta property=\"article:published_time\" content=\"2013-02-28T15:34:59+00:00\" \/>\n<meta property=\"og:image\" content=\"http:\/\/www.bellunopress.it\/wp-content\/uploads\/2010\/06\/zaia-leggeriss.jpg\" \/>\n<meta name=\"author\" content=\"redazione\" \/>\n<meta name=\"twitter:card\" content=\"summary_large_image\" \/>\n<meta name=\"twitter:creator\" content=\"@bellunopress\" \/>\n<meta name=\"twitter:site\" content=\"@bellunopress\" \/>\n<meta name=\"twitter:label1\" content=\"\u00c9crit par\" \/>\n\t<meta name=\"twitter:data1\" content=\"redazione\" \/>\n\t<meta name=\"twitter:label2\" content=\"Dur\u00e9e de lecture estim\u00e9e\" \/>\n\t<meta name=\"twitter:data2\" content=\"1 minute\" \/>\n<script type=\"application\/ld+json\" class=\"yoast-schema-graph\">{\"@context\":\"https:\\\/\\\/schema.org\",\"@graph\":[{\"@type\":\"Article\",\"@id\":\"https:\\\/\\\/www.bellunopress.it\\\/2013\\\/02\\\/28\\\/perquisizione-della-guardia-di-finanza-alla-sede-di-veneto-strade-zaia-come-sempre-massima-fiducia-nelloperato-della-magistratura-e-assoluta-collaborazione\\\/#article\",\"isPartOf\":{\"@id\":\"https:\\\/\\\/www.bellunopress.it\\\/2013\\\/02\\\/28\\\/perquisizione-della-guardia-di-finanza-alla-sede-di-veneto-strade-zaia-come-sempre-massima-fiducia-nelloperato-della-magistratura-e-assoluta-collaborazione\\\/\"},\"author\":{\"name\":\"redazione\",\"@id\":\"https:\\\/\\\/www.bellunopress.it\\\/#\\\/schema\\\/person\\\/79bb06722b37ece1c03d3e94beb30d73\"},\"headline\":\"Perquisizione della Guardia di Finanza alla sede di Veneto Strade. Zaia: &#8220;Come sempre massima fiducia nell&#8217;operato della magistratura e assoluta collaborazione&#8221;\",\"datePublished\":\"2013-02-28T15:34:59+00:00\",\"mainEntityOfPage\":{\"@id\":\"https:\\\/\\\/www.bellunopress.it\\\/2013\\\/02\\\/28\\\/perquisizione-della-guardia-di-finanza-alla-sede-di-veneto-strade-zaia-come-sempre-massima-fiducia-nelloperato-della-magistratura-e-assoluta-collaborazione\\\/\"},\"wordCount\":130,\"publisher\":{\"@id\":\"https:\\\/\\\/www.bellunopress.it\\\/#organization\"},\"image\":{\"@id\":\"https:\\\/\\\/www.bellunopress.it\\\/2013\\\/02\\\/28\\\/perquisizione-della-guardia-di-finanza-alla-sede-di-veneto-strade-zaia-come-sempre-massima-fiducia-nelloperato-della-magistratura-e-assoluta-collaborazione\\\/#primaryimage\"},\"thumbnailUrl\":\"http:\\\/\\\/www.bellunopress.it\\\/wp-content\\\/uploads\\\/2010\\\/06\\\/zaia-leggeriss.jpg\",\"articleSection\":[\"Cronaca\\\/Politica\",\"Prima Pagina\"],\"inLanguage\":\"fr-FR\"},{\"@type\":\"WebPage\",\"@id\":\"https:\\\/\\\/www.bellunopress.it\\\/2013\\\/02\\\/28\\\/perquisizione-della-guardia-di-finanza-alla-sede-di-veneto-strade-zaia-come-sempre-massima-fiducia-nelloperato-della-magistratura-e-assoluta-collaborazione\\\/\",\"url\":\"https:\\\/\\\/www.bellunopress.it\\\/2013\\\/02\\\/28\\\/perquisizione-della-guardia-di-finanza-alla-sede-di-veneto-strade-zaia-come-sempre-massima-fiducia-nelloperato-della-magistratura-e-assoluta-collaborazione\\\/\",\"name\":\"Perquisizione della Guardia di Finanza alla sede di Veneto Strade. Zaia: \\\"Come sempre massima fiducia nell'operato della magistratura e assoluta collaborazione\\\" - Bellunopress - Dolomiti\",\"isPartOf\":{\"@id\":\"https:\\\/\\\/www.bellunopress.it\\\/#website\"},\"primaryImageOfPage\":{\"@id\":\"https:\\\/\\\/www.bellunopress.it\\\/2013\\\/02\\\/28\\\/perquisizione-della-guardia-di-finanza-alla-sede-di-veneto-strade-zaia-come-sempre-massima-fiducia-nelloperato-della-magistratura-e-assoluta-collaborazione\\\/#primaryimage\"},\"image\":{\"@id\":\"https:\\\/\\\/www.bellunopress.it\\\/2013\\\/02\\\/28\\\/perquisizione-della-guardia-di-finanza-alla-sede-di-veneto-strade-zaia-come-sempre-massima-fiducia-nelloperato-della-magistratura-e-assoluta-collaborazione\\\/#primaryimage\"},\"thumbnailUrl\":\"http:\\\/\\\/www.bellunopress.it\\\/wp-content\\\/uploads\\\/2010\\\/06\\\/zaia-leggeriss.jpg\",\"datePublished\":\"2013-02-28T15:34:59+00:00\",\"breadcrumb\":{\"@id\":\"https:\\\/\\\/www.bellunopress.it\\\/2013\\\/02\\\/28\\\/perquisizione-della-guardia-di-finanza-alla-sede-di-veneto-strade-zaia-come-sempre-massima-fiducia-nelloperato-della-magistratura-e-assoluta-collaborazione\\\/#breadcrumb\"},\"inLanguage\":\"fr-FR\",\"potentialAction\":[{\"@type\":\"ReadAction\",\"target\":[\"https:\\\/\\\/www.bellunopress.it\\\/2013\\\/02\\\/28\\\/perquisizione-della-guardia-di-finanza-alla-sede-di-veneto-strade-zaia-come-sempre-massima-fiducia-nelloperato-della-magistratura-e-assoluta-collaborazione\\\/\"]}]},{\"@type\":\"ImageObject\",\"inLanguage\":\"fr-FR\",\"@id\":\"https:\\\/\\\/www.bellunopress.it\\\/2013\\\/02\\\/28\\\/perquisizione-della-guardia-di-finanza-alla-sede-di-veneto-strade-zaia-come-sempre-massima-fiducia-nelloperato-della-magistratura-e-assoluta-collaborazione\\\/#primaryimage\",\"url\":\"http:\\\/\\\/www.bellunopress.it\\\/wp-content\\\/uploads\\\/2010\\\/06\\\/zaia-leggeriss.jpg\",\"contentUrl\":\"http:\\\/\\\/www.bellunopress.it\\\/wp-content\\\/uploads\\\/2010\\\/06\\\/zaia-leggeriss.jpg\"},{\"@type\":\"BreadcrumbList\",\"@id\":\"https:\\\/\\\/www.bellunopress.it\\\/2013\\\/02\\\/28\\\/perquisizione-della-guardia-di-finanza-alla-sede-di-veneto-strade-zaia-come-sempre-massima-fiducia-nelloperato-della-magistratura-e-assoluta-collaborazione\\\/#breadcrumb\",\"itemListElement\":[{\"@type\":\"ListItem\",\"position\":1,\"name\":\"Home\",\"item\":\"https:\\\/\\\/www.bellunopress.it\\\/\"},{\"@type\":\"ListItem\",\"position\":2,\"name\":\"Perquisizione della Guardia di Finanza alla sede di Veneto Strade. Zaia: &#8220;Come sempre massima fiducia nell&#8217;operato della magistratura e assoluta collaborazione&#8221;\"}]},{\"@type\":\"WebSite\",\"@id\":\"https:\\\/\\\/www.bellunopress.it\\\/#website\",\"url\":\"https:\\\/\\\/www.bellunopress.it\\\/\",\"name\":\"Bellunopress - Dolomiti\",\"description\":\"e-mail: redazione@bellunopress.it\",\"publisher\":{\"@id\":\"https:\\\/\\\/www.bellunopress.it\\\/#organization\"},\"potentialAction\":[{\"@type\":\"SearchAction\",\"target\":{\"@type\":\"EntryPoint\",\"urlTemplate\":\"https:\\\/\\\/www.bellunopress.it\\\/?s={search_term_string}\"},\"query-input\":{\"@type\":\"PropertyValueSpecification\",\"valueRequired\":true,\"valueName\":\"search_term_string\"}}],\"inLanguage\":\"fr-FR\"},{\"@type\":\"Organization\",\"@id\":\"https:\\\/\\\/www.bellunopress.it\\\/#organization\",\"name\":\"Bellunopress\",\"url\":\"https:\\\/\\\/www.bellunopress.it\\\/\",\"logo\":{\"@type\":\"ImageObject\",\"inLanguage\":\"fr-FR\",\"@id\":\"https:\\\/\\\/www.bellunopress.it\\\/#\\\/schema\\\/logo\\\/image\\\/\",\"url\":\"https:\\\/\\\/www.bellunopress.it\\\/wp-content\\\/uploads\\\/2011\\\/05\\\/cropped-logo-bellunopress-.jpg\",\"contentUrl\":\"https:\\\/\\\/www.bellunopress.it\\\/wp-content\\\/uploads\\\/2011\\\/05\\\/cropped-logo-bellunopress-.jpg\",\"width\":512,\"height\":512,\"caption\":\"Bellunopress\"},\"image\":{\"@id\":\"https:\\\/\\\/www.bellunopress.it\\\/#\\\/schema\\\/logo\\\/image\\\/\"},\"sameAs\":[\"https:\\\/\\\/www.facebook.com\\\/profile.php?id=100008943462799\",\"https:\\\/\\\/x.com\\\/bellunopress\",\"https:\\\/\\\/www.linkedin.com\\\/hp\\\/?dnr=JBzUWaJfMUw8vbXJJ2tVW5-I3jZKvC4wsoxE&amp;amp;amp;amp;amp;amp;trk=nav_responsive_tab_home\",\"https:\\\/\\\/www.youtube.com\\\/channel\\\/UCxL0wu1uN0_3_7hGG0306cw\"]},{\"@type\":\"Person\",\"@id\":\"https:\\\/\\\/www.bellunopress.it\\\/#\\\/schema\\\/person\\\/79bb06722b37ece1c03d3e94beb30d73\",\"name\":\"redazione\",\"image\":{\"@type\":\"ImageObject\",\"inLanguage\":\"fr-FR\",\"@id\":\"https:\\\/\\\/secure.gravatar.com\\\/avatar\\\/37d968a2e67a6fd04c169c4bdef102d0bc5d31b2546345219e348575eb80e9a0?s=96&d=mm&r=g\",\"url\":\"https:\\\/\\\/secure.gravatar.com\\\/avatar\\\/37d968a2e67a6fd04c169c4bdef102d0bc5d31b2546345219e348575eb80e9a0?s=96&d=mm&r=g\",\"contentUrl\":\"https:\\\/\\\/secure.gravatar.com\\\/avatar\\\/37d968a2e67a6fd04c169c4bdef102d0bc5d31b2546345219e348575eb80e9a0?s=96&d=mm&r=g\",\"caption\":\"redazione\"},\"sameAs\":[\"http:\\\/\\\/www.bellunopress.it\",\"https:\\\/\\\/x.com\\\/bellunopress\"],\"url\":\"https:\\\/\\\/www.bellunopress.it\\\/fr\\\/author\\\/redazione\\\/\"}]}<\/script>\n<!-- \/ Yoast SEO plugin. -->","yoast_head_json":{"title":"Perquisizione della Guardia di Finanza alla sede di Veneto Strade. Zaia: \"Come sempre massima fiducia nell'operato della magistratura e assoluta collaborazione\" - Bellunopress - Dolomiti","robots":{"index":"index","follow":"follow","max-snippet":"max-snippet:-1","max-image-preview":"max-image-preview:large","max-video-preview":"max-video-preview:-1"},"canonical":"https:\/\/www.bellunopress.it\/fr\/2013\/02\/28\/perquisizione-della-guardia-di-finanza-alla-sede-di-veneto-strade-zaia-come-sempre-massima-fiducia-nelloperato-della-magistratura-e-assoluta-collaborazione\/","og_locale":"fr_FR","og_type":"article","og_title":"Perquisizione della Guardia di Finanza alla sede di Veneto Strade. Zaia: \"Come sempre massima fiducia nell'operato della magistratura e assoluta collaborazione\" - Bellunopress - Dolomiti","og_description":"Interpellato dai giornalisti sull\u2019inchiesta avviata dai magistrati veneziani che vede coinvolta anche la societ\u00e0 regionale Veneto Strade, la cui sede \u00e8 stata oggi oggetto di perquisizione da parte della Guardia di Finanza, il presidente della Regione del Veneto, Luca Zaia, ha sottolineato di avere \u201cla pi\u00f9 assoluta fiducia nell\u2019operato della Magistratura\u201d e ha confermato la [&hellip;]","og_url":"https:\/\/www.bellunopress.it\/fr\/2013\/02\/28\/perquisizione-della-guardia-di-finanza-alla-sede-di-veneto-strade-zaia-come-sempre-massima-fiducia-nelloperato-della-magistratura-e-assoluta-collaborazione\/","og_site_name":"Bellunopress - Dolomiti","article_publisher":"https:\/\/www.facebook.com\/profile.php?id=100008943462799","article_published_time":"2013-02-28T15:34:59+00:00","og_image":[{"url":"http:\/\/www.bellunopress.it\/wp-content\/uploads\/2010\/06\/zaia-leggeriss.jpg","type":"","width":"","height":""}],"author":"redazione","twitter_card":"summary_large_image","twitter_creator":"@bellunopress","twitter_site":"@bellunopress","twitter_misc":{"\u00c9crit par":"redazione","Dur\u00e9e de lecture estim\u00e9e":"1 minute"},"schema":{"@context":"https:\/\/schema.org","@graph":[{"@type":"Article","@id":"https:\/\/www.bellunopress.it\/2013\/02\/28\/perquisizione-della-guardia-di-finanza-alla-sede-di-veneto-strade-zaia-come-sempre-massima-fiducia-nelloperato-della-magistratura-e-assoluta-collaborazione\/#article","isPartOf":{"@id":"https:\/\/www.bellunopress.it\/2013\/02\/28\/perquisizione-della-guardia-di-finanza-alla-sede-di-veneto-strade-zaia-come-sempre-massima-fiducia-nelloperato-della-magistratura-e-assoluta-collaborazione\/"},"author":{"name":"redazione","@id":"https:\/\/www.bellunopress.it\/#\/schema\/person\/79bb06722b37ece1c03d3e94beb30d73"},"headline":"Perquisizione della Guardia di Finanza alla sede di Veneto Strade. Zaia: &#8220;Come sempre massima fiducia nell&#8217;operato della magistratura e assoluta collaborazione&#8221;","datePublished":"2013-02-28T15:34:59+00:00","mainEntityOfPage":{"@id":"https:\/\/www.bellunopress.it\/2013\/02\/28\/perquisizione-della-guardia-di-finanza-alla-sede-di-veneto-strade-zaia-come-sempre-massima-fiducia-nelloperato-della-magistratura-e-assoluta-collaborazione\/"},"wordCount":130,"publisher":{"@id":"https:\/\/www.bellunopress.it\/#organization"},"image":{"@id":"https:\/\/www.bellunopress.it\/2013\/02\/28\/perquisizione-della-guardia-di-finanza-alla-sede-di-veneto-strade-zaia-come-sempre-massima-fiducia-nelloperato-della-magistratura-e-assoluta-collaborazione\/#primaryimage"},"thumbnailUrl":"http:\/\/www.bellunopress.it\/wp-content\/uploads\/2010\/06\/zaia-leggeriss.jpg","articleSection":["Cronaca\/Politica","Prima Pagina"],"inLanguage":"fr-FR"},{"@type":"WebPage","@id":"https:\/\/www.bellunopress.it\/2013\/02\/28\/perquisizione-della-guardia-di-finanza-alla-sede-di-veneto-strade-zaia-come-sempre-massima-fiducia-nelloperato-della-magistratura-e-assoluta-collaborazione\/","url":"https:\/\/www.bellunopress.it\/2013\/02\/28\/perquisizione-della-guardia-di-finanza-alla-sede-di-veneto-strade-zaia-come-sempre-massima-fiducia-nelloperato-della-magistratura-e-assoluta-collaborazione\/","name":"Perquisizione della Guardia di Finanza alla sede di Veneto Strade. Zaia: \"Come sempre massima fiducia nell'operato della magistratura e assoluta collaborazione\" - Bellunopress - Dolomiti","isPartOf":{"@id":"https:\/\/www.bellunopress.it\/#website"},"primaryImageOfPage":{"@id":"https:\/\/www.bellunopress.it\/2013\/02\/28\/perquisizione-della-guardia-di-finanza-alla-sede-di-veneto-strade-zaia-come-sempre-massima-fiducia-nelloperato-della-magistratura-e-assoluta-collaborazione\/#primaryimage"},"image":{"@id":"https:\/\/www.bellunopress.it\/2013\/02\/28\/perquisizione-della-guardia-di-finanza-alla-sede-di-veneto-strade-zaia-come-sempre-massima-fiducia-nelloperato-della-magistratura-e-assoluta-collaborazione\/#primaryimage"},"thumbnailUrl":"http:\/\/www.bellunopress.it\/wp-content\/uploads\/2010\/06\/zaia-leggeriss.jpg","datePublished":"2013-02-28T15:34:59+00:00","breadcrumb":{"@id":"https:\/\/www.bellunopress.it\/2013\/02\/28\/perquisizione-della-guardia-di-finanza-alla-sede-di-veneto-strade-zaia-come-sempre-massima-fiducia-nelloperato-della-magistratura-e-assoluta-collaborazione\/#breadcrumb"},"inLanguage":"fr-FR","potentialAction":[{"@type":"ReadAction","target":["https:\/\/www.bellunopress.it\/2013\/02\/28\/perquisizione-della-guardia-di-finanza-alla-sede-di-veneto-strade-zaia-come-sempre-massima-fiducia-nelloperato-della-magistratura-e-assoluta-collaborazione\/"]}]},{"@type":"ImageObject","inLanguage":"fr-FR","@id":"https:\/\/www.bellunopress.it\/2013\/02\/28\/perquisizione-della-guardia-di-finanza-alla-sede-di-veneto-strade-zaia-come-sempre-massima-fiducia-nelloperato-della-magistratura-e-assoluta-collaborazione\/#primaryimage","url":"http:\/\/www.bellunopress.it\/wp-content\/uploads\/2010\/06\/zaia-leggeriss.jpg","contentUrl":"http:\/\/www.bellunopress.it\/wp-content\/uploads\/2010\/06\/zaia-leggeriss.jpg"},{"@type":"BreadcrumbList","@id":"https:\/\/www.bellunopress.it\/2013\/02\/28\/perquisizione-della-guardia-di-finanza-alla-sede-di-veneto-strade-zaia-come-sempre-massima-fiducia-nelloperato-della-magistratura-e-assoluta-collaborazione\/#breadcrumb","itemListElement":[{"@type":"ListItem","position":1,"name":"Home","item":"https:\/\/www.bellunopress.it\/"},{"@type":"ListItem","position":2,"name":"Perquisizione della Guardia di Finanza alla sede di Veneto Strade. Zaia: &#8220;Come sempre massima fiducia nell&#8217;operato della magistratura e assoluta collaborazione&#8221;"}]},{"@type":"WebSite","@id":"https:\/\/www.bellunopress.it\/#website","url":"https:\/\/www.bellunopress.it\/","name":"Bellunopress - Dolomiti","description":"e-mail: redazione@bellunopress.it","publisher":{"@id":"https:\/\/www.bellunopress.it\/#organization"},"potentialAction":[{"@type":"SearchAction","target":{"@type":"EntryPoint","urlTemplate":"https:\/\/www.bellunopress.it\/?s={search_term_string}"},"query-input":{"@type":"PropertyValueSpecification","valueRequired":true,"valueName":"search_term_string"}}],"inLanguage":"fr-FR"},{"@type":"Organization","@id":"https:\/\/www.bellunopress.it\/#organization","name":"Bellunopress","url":"https:\/\/www.bellunopress.it\/","logo":{"@type":"ImageObject","inLanguage":"fr-FR","@id":"https:\/\/www.bellunopress.it\/#\/schema\/logo\/image\/","url":"https:\/\/www.bellunopress.it\/wp-content\/uploads\/2011\/05\/cropped-logo-bellunopress-.jpg","contentUrl":"https:\/\/www.bellunopress.it\/wp-content\/uploads\/2011\/05\/cropped-logo-bellunopress-.jpg","width":512,"height":512,"caption":"Bellunopress"},"image":{"@id":"https:\/\/www.bellunopress.it\/#\/schema\/logo\/image\/"},"sameAs":["https:\/\/www.facebook.com\/profile.php?id=100008943462799","https:\/\/x.com\/bellunopress","https:\/\/www.linkedin.com\/hp\/?dnr=JBzUWaJfMUw8vbXJJ2tVW5-I3jZKvC4wsoxE&amp;amp;amp;amp;amp;amp;trk=nav_responsive_tab_home","https:\/\/www.youtube.com\/channel\/UCxL0wu1uN0_3_7hGG0306cw"]},{"@type":"Person","@id":"https:\/\/www.bellunopress.it\/#\/schema\/person\/79bb06722b37ece1c03d3e94beb30d73","name":"r\u00e9daction","image":{"@type":"ImageObject","inLanguage":"fr-FR","@id":"https:\/\/secure.gravatar.com\/avatar\/37d968a2e67a6fd04c169c4bdef102d0bc5d31b2546345219e348575eb80e9a0?s=96&d=mm&r=g","url":"https:\/\/secure.gravatar.com\/avatar\/37d968a2e67a6fd04c169c4bdef102d0bc5d31b2546345219e348575eb80e9a0?s=96&d=mm&r=g","contentUrl":"https:\/\/secure.gravatar.com\/avatar\/37d968a2e67a6fd04c169c4bdef102d0bc5d31b2546345219e348575eb80e9a0?s=96&d=mm&r=g","caption":"redazione"},"sameAs":["http:\/\/www.bellunopress.it","https:\/\/x.com\/bellunopress"],"url":"https:\/\/www.bellunopress.it\/fr\/author\/redazione\/"}]}},"_links":{"self":[{"href":"https:\/\/www.bellunopress.it\/fr\/wp-json\/wp\/v2\/posts\/47171","targetHints":{"allow":["GET"]}}],"collection":[{"href":"https:\/\/www.bellunopress.it\/fr\/wp-json\/wp\/v2\/posts"}],"about":[{"href":"https:\/\/www.bellunopress.it\/fr\/wp-json\/wp\/v2\/types\/post"}],"author":[{"embeddable":true,"href":"https:\/\/www.bellunopress.it\/fr\/wp-json\/wp\/v2\/users\/2"}],"replies":[{"embeddable":true,"href":"https:\/\/www.bellunopress.it\/fr\/wp-json\/wp\/v2\/comments?post=47171"}],"version-history":[{"count":1,"href":"https:\/\/www.bellunopress.it\/fr\/wp-json\/wp\/v2\/posts\/47171\/revisions"}],"predecessor-version":[{"id":47172,"href":"https:\/\/www.bellunopress.it\/fr\/wp-json\/wp\/v2\/posts\/47171\/revisions\/47172"}],"wp:attachment":[{"href":"https:\/\/www.bellunopress.it\/fr\/wp-json\/wp\/v2\/media?parent=47171"}],"wp:term":[{"taxonomy":"category","embeddable":true,"href":"https:\/\/www.bellunopress.it\/fr\/wp-json\/wp\/v2\/categories?post=47171"},{"taxonomy":"post_tag","embeddable":true,"href":"https:\/\/www.bellunopress.it\/fr\/wp-json\/wp\/v2\/tags?post=47171"}],"curies":[{"name":"wp","href":"https:\/\/api.w.org\/{rel}","templated":true}]}}