{"id":47165,"date":"2013-02-28T15:54:51","date_gmt":"2013-02-28T14:54:51","guid":{"rendered":"http:\/\/www.bellunopress.it\/?p=47165"},"modified":"2014-06-21T09:06:50","modified_gmt":"2014-06-21T08:06:50","slug":"47165","status":"publish","type":"post","link":"https:\/\/www.bellunopress.it\/fr\/2013\/02\/28\/47165\/","title":{"rendered":"Turismo in Germania: dal 6 al 10 marzo a Berlino si presentano le novit\u00e0 per quest&#8217;anno"},"content":{"rendered":"<p>Tra qualche giorno a Berlino aprir\u00e0 i battenti la ITB , la borsa turistica pi\u00f9 grande del mondo in calendario dal 6 al 10 marzo. Per la Germania \u00e8 naturalmente un motivo d&#8217;orgoglio accogliere operatori provenienti da ogni angolo del pianeta. Qualche cifra? Saranno presenti in fiera nella capitale tedesca circa 11.000 espositori di 180 Paesi che si confronteranno con 170.000 visitatori, di cui circa 113.000 rappresentanti del settore. Come destinazione turistica di primo piano (secondo i dati OMT \u00e8 la terza a livello mondiale dopo Stati Uniti e Spagna), la Germania occuper\u00e0 diversi dei 46 padiglioni della fiera per presentare la sua ricca offerta. Ecco un assaggio. Info: e-mail: office-italy@germany.travel\/web: www.germany.travel<br \/>\n<strong>Buongustai sull&#8217;isola di Usedom<\/strong><br \/>\nAffacciata sul Baltico ai confini con la Polonia, l`isola di Usedom affascina con le sue ampie spiagge e gli stabilimenti balneari su palafitte d&#8217;epoca imperiale. Gi\u00e0 negli anni 1920 era ricercata per il clima molto salubre e la variet\u00e0 del paesaggio; Usedom \u00e8 una lunga fascia di terra addossata alla costa e cela al suo interno un mosaico di laghi e boschi. Oggi le principali stazioni balneari Ahlbeck, Heringsdorf e Bansin offrono splendidi resort con Spa e rinomati ristoranti. L&#8217;11 maggio prossimo i loro chef saranno protagonisti di una camminata gastronomica sulla spiaggia chiamata Grand Schlemm . A ogni tappa in coincidenza di un albergo, i partecipanti muniti del gourmet ticket potranno gustare un raffinato piatto in riva al mare: 10 portate in tutto, da consumare tra le 14 e le 17, al prezzo di 139 euro (bevande incluse).<br \/>\n<strong>Riapre il museo Lenbachhaus di Monaco rifatto da Norman Foster<\/strong><br \/>\nA Monaco di Baviera sta per concludersi la ristrutturazione della Lenbachhaus , conosciuta finora come St\u00e4dtische Galerie im Lenbachhaus. Dal prossimo 8 maggio, nel museo rinnovato e ampliato dall&#8217;architetto britannico Sir Norman Foster i visitatori potranno nuovamente ammirare la collezione di opere del movimento artistico Der Blaue Reiter (Il Cavaliere Azzurro) di Vasilij Kandinskij, August Macke, Paul Klee, Alexei Jawlenskij, Franz Marc e Gabriele M\u00fcnter, oltre a opere di artisti contemporanei come Beuys, Kiefer e Warhol. Affiancata da un moderno padiglione dorato, la dimora ottocentesca del pittore e nobiluomo Franz von Lenbach \u00e8 stata dotata di un avveniristico sistema di illuminazione e di un ristorante.<\/p>","protected":false},"excerpt":{"rendered":"<p>Tra qualche giorno a Berlino aprir\u00e0 i battenti la ITB , la borsa turistica pi\u00f9 grande del mondo in calendario dal 6 al 10 marzo. Per la Germania \u00e8 naturalmente un motivo d&#8217;orgoglio accogliere operatori provenienti da ogni angolo del pianeta. Qualche cifra? Saranno presenti in fiera nella capitale tedesca circa 11.000 espositori di 180 [&hellip;]<\/p>\n","protected":false},"author":2,"featured_media":0,"comment_status":"closed","ping_status":"open","sticky":false,"template":"","format":"standard","meta":{"footnotes":""},"categories":[27,25,50],"tags":[],"class_list":["post-47165","post","type-post","status-publish","format-standard","category-appuntamenti","category-pausa-caffe","category-pubbliredazionali"],"yoast_head":"<!-- This site is optimized with the Yoast SEO plugin v28.4 - https:\/\/yoast.com\/product\/yoast-seo-wordpress\/ -->\n<title>Turismo in Germania: dal 6 al 10 marzo a Berlino si presentano le novit\u00e0 per quest&#039;anno - Bellunopress - Dolomiti<\/title>\n<meta name=\"robots\" content=\"index, follow, max-snippet:-1, max-image-preview:large, max-video-preview:-1\" \/>\n<link rel=\"canonical\" href=\"https:\/\/www.bellunopress.it\/fr\/2013\/02\/28\/47165\/\" \/>\n<meta property=\"og:locale\" content=\"fr_FR\" \/>\n<meta property=\"og:type\" content=\"article\" \/>\n<meta property=\"og:title\" content=\"Turismo in Germania: dal 6 al 10 marzo a Berlino si presentano le novit\u00e0 per quest&#039;anno - Bellunopress - Dolomiti\" \/>\n<meta property=\"og:description\" content=\"Tra qualche giorno a Berlino aprir\u00e0 i battenti la ITB , la borsa turistica pi\u00f9 grande del mondo in calendario dal 6 al 10 marzo. Per la Germania \u00e8 naturalmente un motivo d&#8217;orgoglio accogliere operatori provenienti da ogni angolo del pianeta. Qualche cifra? Saranno presenti in fiera nella capitale tedesca circa 11.000 espositori di 180 [&hellip;]\" \/>\n<meta property=\"og:url\" content=\"https:\/\/www.bellunopress.it\/fr\/2013\/02\/28\/47165\/\" \/>\n<meta property=\"og:site_name\" content=\"Bellunopress - Dolomiti\" \/>\n<meta property=\"article:publisher\" content=\"https:\/\/www.facebook.com\/profile.php?id=100008943462799\" \/>\n<meta property=\"article:published_time\" content=\"2013-02-28T14:54:51+00:00\" \/>\n<meta property=\"article:modified_time\" content=\"2014-06-21T08:06:50+00:00\" \/>\n<meta property=\"og:image\" content=\"http:\/\/www.bellunopress.it\/wp-content\/uploads\/2012\/07\/logo-bellunopress-250x250-2012.jpg\" \/>\n<meta name=\"author\" content=\"redazione\" \/>\n<meta name=\"twitter:card\" content=\"summary_large_image\" \/>\n<meta name=\"twitter:creator\" content=\"@bellunopress\" \/>\n<meta name=\"twitter:site\" content=\"@bellunopress\" \/>\n<meta name=\"twitter:label1\" content=\"Written by\" \/>\n\t<meta name=\"twitter:data1\" content=\"redazione\" \/>\n\t<meta name=\"twitter:label2\" content=\"Est. reading time\" \/>\n\t<meta name=\"twitter:data2\" content=\"2 minutes\" \/>\n<script type=\"application\/ld+json\" class=\"yoast-schema-graph\">{\"@context\":\"https:\\\/\\\/schema.org\",\"@graph\":[{\"@type\":\"Article\",\"@id\":\"https:\\\/\\\/www.bellunopress.it\\\/2013\\\/02\\\/28\\\/47165\\\/#article\",\"isPartOf\":{\"@id\":\"https:\\\/\\\/www.bellunopress.it\\\/2013\\\/02\\\/28\\\/47165\\\/\"},\"author\":{\"name\":\"redazione\",\"@id\":\"https:\\\/\\\/www.bellunopress.it\\\/#\\\/schema\\\/person\\\/79bb06722b37ece1c03d3e94beb30d73\"},\"headline\":\"Turismo in Germania: dal 6 al 10 marzo a Berlino si presentano le novit\u00e0 per quest&#8217;anno\",\"datePublished\":\"2013-02-28T14:54:51+00:00\",\"dateModified\":\"2014-06-21T08:06:50+00:00\",\"mainEntityOfPage\":{\"@id\":\"https:\\\/\\\/www.bellunopress.it\\\/2013\\\/02\\\/28\\\/47165\\\/\"},\"wordCount\":377,\"publisher\":{\"@id\":\"https:\\\/\\\/www.bellunopress.it\\\/#organization\"},\"articleSection\":[\"Appuntamenti, Eventi\",\"Pausa Caff\u00e8\",\"Pubbliredazionali\"],\"inLanguage\":\"fr-FR\"},{\"@type\":\"WebPage\",\"@id\":\"https:\\\/\\\/www.bellunopress.it\\\/2013\\\/02\\\/28\\\/47165\\\/\",\"url\":\"https:\\\/\\\/www.bellunopress.it\\\/2013\\\/02\\\/28\\\/47165\\\/\",\"name\":\"Turismo in Germania: dal 6 al 10 marzo a Berlino si presentano le novit\u00e0 per quest'anno - Bellunopress - Dolomiti\",\"isPartOf\":{\"@id\":\"https:\\\/\\\/www.bellunopress.it\\\/#website\"},\"datePublished\":\"2013-02-28T14:54:51+00:00\",\"dateModified\":\"2014-06-21T08:06:50+00:00\",\"breadcrumb\":{\"@id\":\"https:\\\/\\\/www.bellunopress.it\\\/2013\\\/02\\\/28\\\/47165\\\/#breadcrumb\"},\"inLanguage\":\"fr-FR\",\"potentialAction\":[{\"@type\":\"ReadAction\",\"target\":[\"https:\\\/\\\/www.bellunopress.it\\\/2013\\\/02\\\/28\\\/47165\\\/\"]}]},{\"@type\":\"BreadcrumbList\",\"@id\":\"https:\\\/\\\/www.bellunopress.it\\\/2013\\\/02\\\/28\\\/47165\\\/#breadcrumb\",\"itemListElement\":[{\"@type\":\"ListItem\",\"position\":1,\"name\":\"Home\",\"item\":\"https:\\\/\\\/www.bellunopress.it\\\/\"},{\"@type\":\"ListItem\",\"position\":2,\"name\":\"Turismo in Germania: dal 6 al 10 marzo a Berlino si presentano le novit\u00e0 per quest&#8217;anno\"}]},{\"@type\":\"WebSite\",\"@id\":\"https:\\\/\\\/www.bellunopress.it\\\/#website\",\"url\":\"https:\\\/\\\/www.bellunopress.it\\\/\",\"name\":\"Bellunopress - Dolomiti\",\"description\":\"e-mail: redazione@bellunopress.it\",\"publisher\":{\"@id\":\"https:\\\/\\\/www.bellunopress.it\\\/#organization\"},\"potentialAction\":[{\"@type\":\"SearchAction\",\"target\":{\"@type\":\"EntryPoint\",\"urlTemplate\":\"https:\\\/\\\/www.bellunopress.it\\\/?s={search_term_string}\"},\"query-input\":{\"@type\":\"PropertyValueSpecification\",\"valueRequired\":true,\"valueName\":\"search_term_string\"}}],\"inLanguage\":\"fr-FR\"},{\"@type\":\"Organization\",\"@id\":\"https:\\\/\\\/www.bellunopress.it\\\/#organization\",\"name\":\"Bellunopress\",\"url\":\"https:\\\/\\\/www.bellunopress.it\\\/\",\"logo\":{\"@type\":\"ImageObject\",\"inLanguage\":\"fr-FR\",\"@id\":\"https:\\\/\\\/www.bellunopress.it\\\/#\\\/schema\\\/logo\\\/image\\\/\",\"url\":\"https:\\\/\\\/www.bellunopress.it\\\/wp-content\\\/uploads\\\/2011\\\/05\\\/cropped-logo-bellunopress-.jpg\",\"contentUrl\":\"https:\\\/\\\/www.bellunopress.it\\\/wp-content\\\/uploads\\\/2011\\\/05\\\/cropped-logo-bellunopress-.jpg\",\"width\":512,\"height\":512,\"caption\":\"Bellunopress\"},\"image\":{\"@id\":\"https:\\\/\\\/www.bellunopress.it\\\/#\\\/schema\\\/logo\\\/image\\\/\"},\"sameAs\":[\"https:\\\/\\\/www.facebook.com\\\/profile.php?id=100008943462799\",\"https:\\\/\\\/x.com\\\/bellunopress\",\"https:\\\/\\\/www.linkedin.com\\\/hp\\\/?dnr=JBzUWaJfMUw8vbXJJ2tVW5-I3jZKvC4wsoxE&amp;amp;amp;amp;amp;amp;trk=nav_responsive_tab_home\",\"https:\\\/\\\/www.youtube.com\\\/channel\\\/UCxL0wu1uN0_3_7hGG0306cw\"]},{\"@type\":\"Person\",\"@id\":\"https:\\\/\\\/www.bellunopress.it\\\/#\\\/schema\\\/person\\\/79bb06722b37ece1c03d3e94beb30d73\",\"name\":\"redazione\",\"image\":{\"@type\":\"ImageObject\",\"inLanguage\":\"fr-FR\",\"@id\":\"https:\\\/\\\/secure.gravatar.com\\\/avatar\\\/37d968a2e67a6fd04c169c4bdef102d0bc5d31b2546345219e348575eb80e9a0?s=96&d=mm&r=g\",\"url\":\"https:\\\/\\\/secure.gravatar.com\\\/avatar\\\/37d968a2e67a6fd04c169c4bdef102d0bc5d31b2546345219e348575eb80e9a0?s=96&d=mm&r=g\",\"contentUrl\":\"https:\\\/\\\/secure.gravatar.com\\\/avatar\\\/37d968a2e67a6fd04c169c4bdef102d0bc5d31b2546345219e348575eb80e9a0?s=96&d=mm&r=g\",\"caption\":\"redazione\"},\"sameAs\":[\"http:\\\/\\\/www.bellunopress.it\",\"https:\\\/\\\/x.com\\\/bellunopress\"],\"url\":\"https:\\\/\\\/www.bellunopress.it\\\/fr\\\/author\\\/redazione\\\/\"}]}<\/script>\n<!-- \/ Yoast SEO plugin. -->","yoast_head_json":{"title":"Turismo in Germania: dal 6 al 10 marzo a Berlino si presentano le novit\u00e0 per quest'anno - Bellunopress - Dolomiti","robots":{"index":"index","follow":"follow","max-snippet":"max-snippet:-1","max-image-preview":"max-image-preview:large","max-video-preview":"max-video-preview:-1"},"canonical":"https:\/\/www.bellunopress.it\/fr\/2013\/02\/28\/47165\/","og_locale":"fr_FR","og_type":"article","og_title":"Turismo in Germania: dal 6 al 10 marzo a Berlino si presentano le novit\u00e0 per quest'anno - Bellunopress - Dolomiti","og_description":"Tra qualche giorno a Berlino aprir\u00e0 i battenti la ITB , la borsa turistica pi\u00f9 grande del mondo in calendario dal 6 al 10 marzo. Per la Germania \u00e8 naturalmente un motivo d&#8217;orgoglio accogliere operatori provenienti da ogni angolo del pianeta. Qualche cifra? Saranno presenti in fiera nella capitale tedesca circa 11.000 espositori di 180 [&hellip;]","og_url":"https:\/\/www.bellunopress.it\/fr\/2013\/02\/28\/47165\/","og_site_name":"Bellunopress - Dolomiti","article_publisher":"https:\/\/www.facebook.com\/profile.php?id=100008943462799","article_published_time":"2013-02-28T14:54:51+00:00","article_modified_time":"2014-06-21T08:06:50+00:00","og_image":[{"url":"http:\/\/www.bellunopress.it\/wp-content\/uploads\/2012\/07\/logo-bellunopress-250x250-2012.jpg","type":"","width":"","height":""}],"author":"redazione","twitter_card":"summary_large_image","twitter_creator":"@bellunopress","twitter_site":"@bellunopress","twitter_misc":{"Written by":"redazione","Est. reading time":"2 minutes"},"schema":{"@context":"https:\/\/schema.org","@graph":[{"@type":"Article","@id":"https:\/\/www.bellunopress.it\/2013\/02\/28\/47165\/#article","isPartOf":{"@id":"https:\/\/www.bellunopress.it\/2013\/02\/28\/47165\/"},"author":{"name":"redazione","@id":"https:\/\/www.bellunopress.it\/#\/schema\/person\/79bb06722b37ece1c03d3e94beb30d73"},"headline":"Turismo in Germania: dal 6 al 10 marzo a Berlino si presentano le novit\u00e0 per quest&#8217;anno","datePublished":"2013-02-28T14:54:51+00:00","dateModified":"2014-06-21T08:06:50+00:00","mainEntityOfPage":{"@id":"https:\/\/www.bellunopress.it\/2013\/02\/28\/47165\/"},"wordCount":377,"publisher":{"@id":"https:\/\/www.bellunopress.it\/#organization"},"articleSection":["Appuntamenti, Eventi","Pausa Caff\u00e8","Pubbliredazionali"],"inLanguage":"fr-FR"},{"@type":"WebPage","@id":"https:\/\/www.bellunopress.it\/2013\/02\/28\/47165\/","url":"https:\/\/www.bellunopress.it\/2013\/02\/28\/47165\/","name":"Turismo in Germania: dal 6 al 10 marzo a Berlino si presentano le novit\u00e0 per quest'anno - Bellunopress - Dolomiti","isPartOf":{"@id":"https:\/\/www.bellunopress.it\/#website"},"datePublished":"2013-02-28T14:54:51+00:00","dateModified":"2014-06-21T08:06:50+00:00","breadcrumb":{"@id":"https:\/\/www.bellunopress.it\/2013\/02\/28\/47165\/#breadcrumb"},"inLanguage":"fr-FR","potentialAction":[{"@type":"ReadAction","target":["https:\/\/www.bellunopress.it\/2013\/02\/28\/47165\/"]}]},{"@type":"BreadcrumbList","@id":"https:\/\/www.bellunopress.it\/2013\/02\/28\/47165\/#breadcrumb","itemListElement":[{"@type":"ListItem","position":1,"name":"Home","item":"https:\/\/www.bellunopress.it\/"},{"@type":"ListItem","position":2,"name":"Turismo in Germania: dal 6 al 10 marzo a Berlino si presentano le novit\u00e0 per quest&#8217;anno"}]},{"@type":"WebSite","@id":"https:\/\/www.bellunopress.it\/#website","url":"https:\/\/www.bellunopress.it\/","name":"Bellunopress - Dolomiti","description":"e-mail: redazione@bellunopress.it","publisher":{"@id":"https:\/\/www.bellunopress.it\/#organization"},"potentialAction":[{"@type":"SearchAction","target":{"@type":"EntryPoint","urlTemplate":"https:\/\/www.bellunopress.it\/?s={search_term_string}"},"query-input":{"@type":"PropertyValueSpecification","valueRequired":true,"valueName":"search_term_string"}}],"inLanguage":"fr-FR"},{"@type":"Organization","@id":"https:\/\/www.bellunopress.it\/#organization","name":"Bellunopress","url":"https:\/\/www.bellunopress.it\/","logo":{"@type":"ImageObject","inLanguage":"fr-FR","@id":"https:\/\/www.bellunopress.it\/#\/schema\/logo\/image\/","url":"https:\/\/www.bellunopress.it\/wp-content\/uploads\/2011\/05\/cropped-logo-bellunopress-.jpg","contentUrl":"https:\/\/www.bellunopress.it\/wp-content\/uploads\/2011\/05\/cropped-logo-bellunopress-.jpg","width":512,"height":512,"caption":"Bellunopress"},"image":{"@id":"https:\/\/www.bellunopress.it\/#\/schema\/logo\/image\/"},"sameAs":["https:\/\/www.facebook.com\/profile.php?id=100008943462799","https:\/\/x.com\/bellunopress","https:\/\/www.linkedin.com\/hp\/?dnr=JBzUWaJfMUw8vbXJJ2tVW5-I3jZKvC4wsoxE&amp;amp;amp;amp;amp;amp;trk=nav_responsive_tab_home","https:\/\/www.youtube.com\/channel\/UCxL0wu1uN0_3_7hGG0306cw"]},{"@type":"Person","@id":"https:\/\/www.bellunopress.it\/#\/schema\/person\/79bb06722b37ece1c03d3e94beb30d73","name":"r\u00e9daction","image":{"@type":"ImageObject","inLanguage":"fr-FR","@id":"https:\/\/secure.gravatar.com\/avatar\/37d968a2e67a6fd04c169c4bdef102d0bc5d31b2546345219e348575eb80e9a0?s=96&d=mm&r=g","url":"https:\/\/secure.gravatar.com\/avatar\/37d968a2e67a6fd04c169c4bdef102d0bc5d31b2546345219e348575eb80e9a0?s=96&d=mm&r=g","contentUrl":"https:\/\/secure.gravatar.com\/avatar\/37d968a2e67a6fd04c169c4bdef102d0bc5d31b2546345219e348575eb80e9a0?s=96&d=mm&r=g","caption":"redazione"},"sameAs":["http:\/\/www.bellunopress.it","https:\/\/x.com\/bellunopress"],"url":"https:\/\/www.bellunopress.it\/fr\/author\/redazione\/"}]}},"_links":{"self":[{"href":"https:\/\/www.bellunopress.it\/fr\/wp-json\/wp\/v2\/posts\/47165","targetHints":{"allow":["GET"]}}],"collection":[{"href":"https:\/\/www.bellunopress.it\/fr\/wp-json\/wp\/v2\/posts"}],"about":[{"href":"https:\/\/www.bellunopress.it\/fr\/wp-json\/wp\/v2\/types\/post"}],"author":[{"embeddable":true,"href":"https:\/\/www.bellunopress.it\/fr\/wp-json\/wp\/v2\/users\/2"}],"replies":[{"embeddable":true,"href":"https:\/\/www.bellunopress.it\/fr\/wp-json\/wp\/v2\/comments?post=47165"}],"version-history":[{"count":4,"href":"https:\/\/www.bellunopress.it\/fr\/wp-json\/wp\/v2\/posts\/47165\/revisions"}],"predecessor-version":[{"id":47167,"href":"https:\/\/www.bellunopress.it\/fr\/wp-json\/wp\/v2\/posts\/47165\/revisions\/47167"}],"wp:attachment":[{"href":"https:\/\/www.bellunopress.it\/fr\/wp-json\/wp\/v2\/media?parent=47165"}],"wp:term":[{"taxonomy":"category","embeddable":true,"href":"https:\/\/www.bellunopress.it\/fr\/wp-json\/wp\/v2\/categories?post=47165"},{"taxonomy":"post_tag","embeddable":true,"href":"https:\/\/www.bellunopress.it\/fr\/wp-json\/wp\/v2\/tags?post=47165"}],"curies":[{"name":"wp","href":"https:\/\/api.w.org\/{rel}","templated":true}]}}